{"id":36881,"date":"2026-01-17T01:43:26","date_gmt":"2026-01-17T01:43:26","guid":{"rendered":"https:\/\/tabernaculoprensadedios.com\/web\/?p=36881"},"modified":"2026-01-17T01:43:26","modified_gmt":"2026-01-17T01:43:26","slug":"todavia-estamos-a-tiempo-un-llamado-a-despertar-espiritual","status":"publish","type":"post","link":"https:\/\/tabernaculoprensadedios.com\/web\/todavia-estamos-a-tiempo-un-llamado-a-despertar-espiritual\/","title":{"rendered":"Todav\u00eda estamos a tiempo. Un Llamado a Despertar Espiritual"},"content":{"rendered":"<p><strong>Apocalipsis 3:18\u201319<\/strong> forma parte de la carta del Se\u00f1or a la iglesia de Laodicea, una congregaci\u00f3n que fue confrontada por su condici\u00f3n espiritual tibia y conformista. No era una iglesia perseguida ni carente de recursos, sino una iglesia acomodada, autosuficiente en lo natural, pero pobre en lo espiritual.<\/p>\n<p>En medio de esa exhortaci\u00f3n, el Se\u00f1or presenta tres consejos llenos de gracia, que revelan el camino hacia la restauraci\u00f3n:<\/p>\n<blockquote><p><em>\u201cYo te aconsejo que de m\u00ed compres oro refinado en fuego, para que seas rico; y vestiduras blancas para vestirte, y que no se descubra la verg\u00fcenza de tu desnudez; y unge tus ojos con colirio, para que veas.\u201d<\/em>\u00a0(Ap. 3:18)<\/p><\/blockquote>\n<p><strong>El oro refinado en fuego<\/strong>\u00a0representa una fe genuina, purificada por medio de las pruebas. Es una fe que no se apoya en la comodidad ni en lo visible, sino que ha sido fortalecida en el proceso, eliminando las impurezas del orgullo, la autosuficiencia y la indiferencia espiritual.<\/p>\n<p><strong>Las vestiduras blancas<\/strong>\u00a0simbolizan la justicia y la pureza que solo provienen de Cristo. No se trata de una justicia propia, sino de la obra redentora del Se\u00f1or que cubre nuestra desnudez espiritual y nos restaura delante de Dios.<\/p>\n<p><strong>El colirio para los ojos<\/strong>\u00a0se\u00f1ala la necesidad urgente de una visi\u00f3n espiritual clara. Es un llamado a pedir discernimiento, a ver como Dios ve, a despertar del enga\u00f1o espiritual y reconocer nuestra verdadera condici\u00f3n delante de \u00c9l.<\/p>\n<p>Luego, en el vers\u00edculo 19, el Se\u00f1or revela el coraz\u00f3n detr\u00e1s de la correcci\u00f3n:<\/p>\n<blockquote><p><em>\u201cYo reprendo y castigo a todos los que amo; s\u00e9, pues, celoso, y arrepi\u00e9ntete.\u201d<\/em><\/p><\/blockquote>\n<p>Aqu\u00ed no hay rechazo, hay amor. La disciplina divina no es se\u00f1al de abandono, sino de pertenencia. Es una invitaci\u00f3n urgente al arrepentimiento, a retomar la pasi\u00f3n, el celo y la intimidad con Dios.<\/p>\n<p>La apat\u00eda espiritual es uno de los mayores peligros para la Iglesia, porque adormece la fe y apaga la sensibilidad espiritual. Este pasaje nos recuerda que a\u00fan tenemos una elecci\u00f3n: responder voluntariamente al llamado del Se\u00f1or o enfrentar Su correcci\u00f3n amorosa.<\/p>\n<p><strong>Iglesia, todav\u00eda estamos a tiempo.<\/strong><br \/>\nEs tiempo de despertar, de volver al fuego, de buscar al Se\u00f1or con un coraz\u00f3n rendido y sensible.<\/p>\n\n\t\t<div class=\"clearfix\"><\/div>\n\t\t<div class=\"about-author about-author-box container-wrapper\">\n\t\t\t<div class=\"author-avatar\">\n\t\t\t\t<img loading=\"lazy\" decoding=\"async\" src=\"https:\/\/tabernaculoprensadedios.com\/web\/wp-content\/uploads\/2023\/06\/country-3880741_1280.jpg\" alt=\"Margarita Garc\u00eda\" class=\"author-avatar-img\" width=\"111\" height=\"111\" \/>\n\t\t\t<\/div>\n\t\t\t<div class=\"author-info\">\n\t\t\t\t<h4>Margarita Garc\u00eda<\/h4>Directora del Tabern\u00e1culo Prensa de Dios\n\t\t\t<\/div>\n\t\t<\/div>\n\t\n","protected":false},"excerpt":{"rendered":"<p>Apocalipsis 3:18\u201319 forma parte de la carta del Se\u00f1or a la iglesia de Laodicea, una congregaci\u00f3n que fue confrontada por su condici\u00f3n espiritual tibia y conformista. No era una iglesia perseguida ni carente de recursos, sino una iglesia acomodada, autosuficiente en lo natural, pero pobre en lo espiritual. En medio de esa exhortaci\u00f3n, el Se\u00f1or &hellip;<\/p>\n","protected":false},"author":1,"featured_media":28361,"comment_status":"open","ping_status":"open","sticky":false,"template":"","format":"standard","meta":{"footnotes":""},"categories":[790],"tags":[],"class_list":["post-36881","post","type-post","status-publish","format-standard","has-post-thumbnail","hentry","category-voz-del-tabernaculo"],"yoast_head":"<!-- This site is optimized with the Yoast SEO Premium plugin v24.2 (Yoast SEO v27.1.1) - https:\/\/yoast.com\/product\/yoast-seo-premium-wordpress\/ -->\n<title>Todav\u00eda estamos a tiempo. Un Llamado a Despertar Espiritual - Tabernaculo Prensa de Dios<\/title>\n<meta name=\"robots\" content=\"index, follow, max-snippet:-1, max-image-preview:large, max-video-preview:-1\" \/>\n<link rel=\"canonical\" href=\"https:\/\/tabernaculoprensadedios.com\/web\/todavia-estamos-a-tiempo-un-llamado-a-despertar-espiritual\/\" class=\"yoast-seo-meta-tag\" \/>\n<meta property=\"og:locale\" content=\"es_ES\" class=\"yoast-seo-meta-tag\" \/>\n<meta property=\"og:type\" content=\"article\" class=\"yoast-seo-meta-tag\" \/>\n<meta property=\"og:title\" content=\"Todav\u00eda estamos a tiempo. Un Llamado a Despertar Espiritual\" class=\"yoast-seo-meta-tag\" \/>\n<meta property=\"og:description\" content=\"Apocalipsis 3:18\u201319 forma parte de la carta del Se\u00f1or a la iglesia de Laodicea, una congregaci\u00f3n que fue confrontada por su condici\u00f3n espiritual tibia y conformista. No era una iglesia perseguida ni carente de recursos, sino una iglesia acomodada, autosuficiente en lo natural, pero pobre en lo espiritual. En medio de esa exhortaci\u00f3n, el Se\u00f1or &hellip;\" class=\"yoast-seo-meta-tag\" \/>\n<meta property=\"og:url\" content=\"https:\/\/tabernaculoprensadedios.com\/web\/todavia-estamos-a-tiempo-un-llamado-a-despertar-espiritual\/\" class=\"yoast-seo-meta-tag\" \/>\n<meta property=\"og:site_name\" content=\"Tabernaculo Prensa de Dios\" class=\"yoast-seo-meta-tag\" \/>\n<meta property=\"article:published_time\" content=\"2026-01-17T01:43:26+00:00\" class=\"yoast-seo-meta-tag\" \/>\n<meta property=\"og:image\" content=\"https:\/\/tabernaculoprensadedios.com\/web\/wp-content\/uploads\/2023\/06\/country-3880741_1280.jpg\" class=\"yoast-seo-meta-tag\" \/>\n\t<meta property=\"og:image:width\" content=\"1280\" class=\"yoast-seo-meta-tag\" \/>\n\t<meta property=\"og:image:height\" content=\"853\" class=\"yoast-seo-meta-tag\" \/>\n\t<meta property=\"og:image:type\" content=\"image\/jpeg\" class=\"yoast-seo-meta-tag\" \/>\n<meta name=\"author\" content=\"tabernaculo\" class=\"yoast-seo-meta-tag\" \/>\n<meta name=\"twitter:card\" content=\"summary_large_image\" class=\"yoast-seo-meta-tag\" \/>\n<meta name=\"twitter:creator\" content=\"@PrensadeDios\" class=\"yoast-seo-meta-tag\" \/>\n<meta name=\"twitter:site\" content=\"@PrensadeDios\" class=\"yoast-seo-meta-tag\" \/>\n<meta name=\"twitter:label1\" content=\"Escrito por\" class=\"yoast-seo-meta-tag\" \/>\n\t<meta name=\"twitter:data1\" content=\"tabernaculo\" class=\"yoast-seo-meta-tag\" \/>\n\t<meta name=\"twitter:label2\" content=\"Tiempo de lectura\" class=\"yoast-seo-meta-tag\" \/>\n\t<meta name=\"twitter:data2\" content=\"2 minutos\" class=\"yoast-seo-meta-tag\" \/>\n<script type=\"application\/ld+json\" class=\"yoast-schema-graph\">{\"@context\":\"https:\/\/schema.org\",\"@graph\":[{\"@type\":\"Article\",\"@id\":\"https:\/\/tabernaculoprensadedios.com\/web\/todavia-estamos-a-tiempo-un-llamado-a-despertar-espiritual\/#article\",\"isPartOf\":{\"@id\":\"https:\/\/tabernaculoprensadedios.com\/web\/todavia-estamos-a-tiempo-un-llamado-a-despertar-espiritual\/\"},\"author\":{\"name\":\"tabernaculo\",\"@id\":\"https:\/\/tabernaculoprensadedios.com\/web\/#\/schema\/person\/bc0e069fef56b38e177db6f098ae0b6e\"},\"headline\":\"Todav\u00eda estamos a tiempo. Un Llamado a Despertar Espiritual\",\"datePublished\":\"2026-01-17T01:43:26+00:00\",\"mainEntityOfPage\":{\"@id\":\"https:\/\/tabernaculoprensadedios.com\/web\/todavia-estamos-a-tiempo-un-llamado-a-despertar-espiritual\/\"},\"wordCount\":418,\"commentCount\":0,\"publisher\":{\"@id\":\"https:\/\/tabernaculoprensadedios.com\/web\/#\/schema\/person\/bc0e069fef56b38e177db6f098ae0b6e\"},\"image\":{\"@id\":\"https:\/\/tabernaculoprensadedios.com\/web\/todavia-estamos-a-tiempo-un-llamado-a-despertar-espiritual\/#primaryimage\"},\"thumbnailUrl\":\"https:\/\/tabernaculoprensadedios.com\/web\/wp-content\/uploads\/2023\/06\/country-3880741_1280.jpg\",\"articleSection\":[\"Voz del Tabern\u00e1culo\"],\"inLanguage\":\"es\",\"potentialAction\":[{\"@type\":\"CommentAction\",\"name\":\"Comment\",\"target\":[\"https:\/\/tabernaculoprensadedios.com\/web\/todavia-estamos-a-tiempo-un-llamado-a-despertar-espiritual\/#respond\"]}]},{\"@type\":\"WebPage\",\"@id\":\"https:\/\/tabernaculoprensadedios.com\/web\/todavia-estamos-a-tiempo-un-llamado-a-despertar-espiritual\/\",\"url\":\"https:\/\/tabernaculoprensadedios.com\/web\/todavia-estamos-a-tiempo-un-llamado-a-despertar-espiritual\/\",\"name\":\"Todav\u00eda estamos a tiempo. Un Llamado a Despertar Espiritual - Tabernaculo Prensa de Dios\",\"isPartOf\":{\"@id\":\"https:\/\/tabernaculoprensadedios.com\/web\/#website\"},\"primaryImageOfPage\":{\"@id\":\"https:\/\/tabernaculoprensadedios.com\/web\/todavia-estamos-a-tiempo-un-llamado-a-despertar-espiritual\/#primaryimage\"},\"image\":{\"@id\":\"https:\/\/tabernaculoprensadedios.com\/web\/todavia-estamos-a-tiempo-un-llamado-a-despertar-espiritual\/#primaryimage\"},\"thumbnailUrl\":\"https:\/\/tabernaculoprensadedios.com\/web\/wp-content\/uploads\/2023\/06\/country-3880741_1280.jpg\",\"datePublished\":\"2026-01-17T01:43:26+00:00\",\"breadcrumb\":{\"@id\":\"https:\/\/tabernaculoprensadedios.com\/web\/todavia-estamos-a-tiempo-un-llamado-a-despertar-espiritual\/#breadcrumb\"},\"inLanguage\":\"es\",\"potentialAction\":[{\"@type\":\"ReadAction\",\"target\":[\"https:\/\/tabernaculoprensadedios.com\/web\/todavia-estamos-a-tiempo-un-llamado-a-despertar-espiritual\/\"]}]},{\"@type\":\"ImageObject\",\"inLanguage\":\"es\",\"@id\":\"https:\/\/tabernaculoprensadedios.com\/web\/todavia-estamos-a-tiempo-un-llamado-a-despertar-espiritual\/#primaryimage\",\"url\":\"https:\/\/tabernaculoprensadedios.com\/web\/wp-content\/uploads\/2023\/06\/country-3880741_1280.jpg\",\"contentUrl\":\"https:\/\/tabernaculoprensadedios.com\/web\/wp-content\/uploads\/2023\/06\/country-3880741_1280.jpg\",\"width\":1280,\"height\":853},{\"@type\":\"BreadcrumbList\",\"@id\":\"https:\/\/tabernaculoprensadedios.com\/web\/todavia-estamos-a-tiempo-un-llamado-a-despertar-espiritual\/#breadcrumb\",\"itemListElement\":[{\"@type\":\"ListItem\",\"position\":1,\"name\":\"Portada\",\"item\":\"https:\/\/tabernaculoprensadedios.com\/web\/\"},{\"@type\":\"ListItem\",\"position\":2,\"name\":\"Todav\u00eda estamos a tiempo. Un Llamado a Despertar Espiritual\"}]},{\"@type\":\"WebSite\",\"@id\":\"https:\/\/tabernaculoprensadedios.com\/web\/#website\",\"url\":\"https:\/\/tabernaculoprensadedios.com\/web\/\",\"name\":\"Tabernaculo Prensa de Dios\",\"description\":\"Un medio a la manera de Dios\",\"publisher\":{\"@id\":\"https:\/\/tabernaculoprensadedios.com\/web\/#\/schema\/person\/bc0e069fef56b38e177db6f098ae0b6e\"},\"potentialAction\":[{\"@type\":\"SearchAction\",\"target\":{\"@type\":\"EntryPoint\",\"urlTemplate\":\"https:\/\/tabernaculoprensadedios.com\/web\/?s={search_term_string}\"},\"query-input\":{\"@type\":\"PropertyValueSpecification\",\"valueRequired\":true,\"valueName\":\"search_term_string\"}}],\"inLanguage\":\"es\"},{\"@type\":[\"Person\",\"Organization\"],\"@id\":\"https:\/\/tabernaculoprensadedios.com\/web\/#\/schema\/person\/bc0e069fef56b38e177db6f098ae0b6e\",\"name\":\"tabernaculo\",\"image\":{\"@type\":\"ImageObject\",\"inLanguage\":\"es\",\"@id\":\"https:\/\/tabernaculoprensadedios.com\/web\/#\/schema\/person\/image\/\",\"url\":\"https:\/\/tabernaculoprensadedios.com\/web\/wp-content\/uploads\/2015\/06\/login-logo1.png\",\"contentUrl\":\"https:\/\/tabernaculoprensadedios.com\/web\/wp-content\/uploads\/2015\/06\/login-logo1.png\",\"width\":300,\"height\":118,\"caption\":\"tabernaculo\"},\"logo\":{\"@id\":\"https:\/\/tabernaculoprensadedios.com\/web\/#\/schema\/person\/image\/\"},\"url\":\"https:\/\/tabernaculoprensadedios.com\/web\/author\/tabernaculo\/\"}]}<\/script>\n<!-- \/ Yoast SEO Premium plugin. -->","yoast_head_json":{"title":"Todav\u00eda estamos a tiempo. Un Llamado a Despertar Espiritual - Tabernaculo Prensa de Dios","robots":{"index":"index","follow":"follow","max-snippet":"max-snippet:-1","max-image-preview":"max-image-preview:large","max-video-preview":"max-video-preview:-1"},"canonical":"https:\/\/tabernaculoprensadedios.com\/web\/todavia-estamos-a-tiempo-un-llamado-a-despertar-espiritual\/","og_locale":"es_ES","og_type":"article","og_title":"Todav\u00eda estamos a tiempo. Un Llamado a Despertar Espiritual","og_description":"Apocalipsis 3:18\u201319 forma parte de la carta del Se\u00f1or a la iglesia de Laodicea, una congregaci\u00f3n que fue confrontada por su condici\u00f3n espiritual tibia y conformista. No era una iglesia perseguida ni carente de recursos, sino una iglesia acomodada, autosuficiente en lo natural, pero pobre en lo espiritual. En medio de esa exhortaci\u00f3n, el Se\u00f1or &hellip;","og_url":"https:\/\/tabernaculoprensadedios.com\/web\/todavia-estamos-a-tiempo-un-llamado-a-despertar-espiritual\/","og_site_name":"Tabernaculo Prensa de Dios","article_published_time":"2026-01-17T01:43:26+00:00","og_image":[{"width":1280,"height":853,"url":"https:\/\/tabernaculoprensadedios.com\/web\/wp-content\/uploads\/2023\/06\/country-3880741_1280.jpg","type":"image\/jpeg"}],"author":"tabernaculo","twitter_card":"summary_large_image","twitter_creator":"@PrensadeDios","twitter_site":"@PrensadeDios","twitter_misc":{"Escrito por":"tabernaculo","Tiempo de lectura":"2 minutos"},"schema":{"@context":"https:\/\/schema.org","@graph":[{"@type":"Article","@id":"https:\/\/tabernaculoprensadedios.com\/web\/todavia-estamos-a-tiempo-un-llamado-a-despertar-espiritual\/#article","isPartOf":{"@id":"https:\/\/tabernaculoprensadedios.com\/web\/todavia-estamos-a-tiempo-un-llamado-a-despertar-espiritual\/"},"author":{"name":"tabernaculo","@id":"https:\/\/tabernaculoprensadedios.com\/web\/#\/schema\/person\/bc0e069fef56b38e177db6f098ae0b6e"},"headline":"Todav\u00eda estamos a tiempo. Un Llamado a Despertar Espiritual","datePublished":"2026-01-17T01:43:26+00:00","mainEntityOfPage":{"@id":"https:\/\/tabernaculoprensadedios.com\/web\/todavia-estamos-a-tiempo-un-llamado-a-despertar-espiritual\/"},"wordCount":418,"commentCount":0,"publisher":{"@id":"https:\/\/tabernaculoprensadedios.com\/web\/#\/schema\/person\/bc0e069fef56b38e177db6f098ae0b6e"},"image":{"@id":"https:\/\/tabernaculoprensadedios.com\/web\/todavia-estamos-a-tiempo-un-llamado-a-despertar-espiritual\/#primaryimage"},"thumbnailUrl":"https:\/\/tabernaculoprensadedios.com\/web\/wp-content\/uploads\/2023\/06\/country-3880741_1280.jpg","articleSection":["Voz del Tabern\u00e1culo"],"inLanguage":"es","potentialAction":[{"@type":"CommentAction","name":"Comment","target":["https:\/\/tabernaculoprensadedios.com\/web\/todavia-estamos-a-tiempo-un-llamado-a-despertar-espiritual\/#respond"]}]},{"@type":"WebPage","@id":"https:\/\/tabernaculoprensadedios.com\/web\/todavia-estamos-a-tiempo-un-llamado-a-despertar-espiritual\/","url":"https:\/\/tabernaculoprensadedios.com\/web\/todavia-estamos-a-tiempo-un-llamado-a-despertar-espiritual\/","name":"Todav\u00eda estamos a tiempo. Un Llamado a Despertar Espiritual - Tabernaculo Prensa de Dios","isPartOf":{"@id":"https:\/\/tabernaculoprensadedios.com\/web\/#website"},"primaryImageOfPage":{"@id":"https:\/\/tabernaculoprensadedios.com\/web\/todavia-estamos-a-tiempo-un-llamado-a-despertar-espiritual\/#primaryimage"},"image":{"@id":"https:\/\/tabernaculoprensadedios.com\/web\/todavia-estamos-a-tiempo-un-llamado-a-despertar-espiritual\/#primaryimage"},"thumbnailUrl":"https:\/\/tabernaculoprensadedios.com\/web\/wp-content\/uploads\/2023\/06\/country-3880741_1280.jpg","datePublished":"2026-01-17T01:43:26+00:00","breadcrumb":{"@id":"https:\/\/tabernaculoprensadedios.com\/web\/todavia-estamos-a-tiempo-un-llamado-a-despertar-espiritual\/#breadcrumb"},"inLanguage":"es","potentialAction":[{"@type":"ReadAction","target":["https:\/\/tabernaculoprensadedios.com\/web\/todavia-estamos-a-tiempo-un-llamado-a-despertar-espiritual\/"]}]},{"@type":"ImageObject","inLanguage":"es","@id":"https:\/\/tabernaculoprensadedios.com\/web\/todavia-estamos-a-tiempo-un-llamado-a-despertar-espiritual\/#primaryimage","url":"https:\/\/tabernaculoprensadedios.com\/web\/wp-content\/uploads\/2023\/06\/country-3880741_1280.jpg","contentUrl":"https:\/\/tabernaculoprensadedios.com\/web\/wp-content\/uploads\/2023\/06\/country-3880741_1280.jpg","width":1280,"height":853},{"@type":"BreadcrumbList","@id":"https:\/\/tabernaculoprensadedios.com\/web\/todavia-estamos-a-tiempo-un-llamado-a-despertar-espiritual\/#breadcrumb","itemListElement":[{"@type":"ListItem","position":1,"name":"Portada","item":"https:\/\/tabernaculoprensadedios.com\/web\/"},{"@type":"ListItem","position":2,"name":"Todav\u00eda estamos a tiempo. Un Llamado a Despertar Espiritual"}]},{"@type":"WebSite","@id":"https:\/\/tabernaculoprensadedios.com\/web\/#website","url":"https:\/\/tabernaculoprensadedios.com\/web\/","name":"Tabernaculo Prensa de Dios","description":"Un medio a la manera de Dios","publisher":{"@id":"https:\/\/tabernaculoprensadedios.com\/web\/#\/schema\/person\/bc0e069fef56b38e177db6f098ae0b6e"},"potentialAction":[{"@type":"SearchAction","target":{"@type":"EntryPoint","urlTemplate":"https:\/\/tabernaculoprensadedios.com\/web\/?s={search_term_string}"},"query-input":{"@type":"PropertyValueSpecification","valueRequired":true,"valueName":"search_term_string"}}],"inLanguage":"es"},{"@type":["Person","Organization"],"@id":"https:\/\/tabernaculoprensadedios.com\/web\/#\/schema\/person\/bc0e069fef56b38e177db6f098ae0b6e","name":"tabernaculo","image":{"@type":"ImageObject","inLanguage":"es","@id":"https:\/\/tabernaculoprensadedios.com\/web\/#\/schema\/person\/image\/","url":"https:\/\/tabernaculoprensadedios.com\/web\/wp-content\/uploads\/2015\/06\/login-logo1.png","contentUrl":"https:\/\/tabernaculoprensadedios.com\/web\/wp-content\/uploads\/2015\/06\/login-logo1.png","width":300,"height":118,"caption":"tabernaculo"},"logo":{"@id":"https:\/\/tabernaculoprensadedios.com\/web\/#\/schema\/person\/image\/"},"url":"https:\/\/tabernaculoprensadedios.com\/web\/author\/tabernaculo\/"}]}},"_links":{"self":[{"href":"https:\/\/tabernaculoprensadedios.com\/web\/wp-json\/wp\/v2\/posts\/36881","targetHints":{"allow":["GET"]}}],"collection":[{"href":"https:\/\/tabernaculoprensadedios.com\/web\/wp-json\/wp\/v2\/posts"}],"about":[{"href":"https:\/\/tabernaculoprensadedios.com\/web\/wp-json\/wp\/v2\/types\/post"}],"author":[{"embeddable":true,"href":"https:\/\/tabernaculoprensadedios.com\/web\/wp-json\/wp\/v2\/users\/1"}],"replies":[{"embeddable":true,"href":"https:\/\/tabernaculoprensadedios.com\/web\/wp-json\/wp\/v2\/comments?post=36881"}],"version-history":[{"count":1,"href":"https:\/\/tabernaculoprensadedios.com\/web\/wp-json\/wp\/v2\/posts\/36881\/revisions"}],"predecessor-version":[{"id":36882,"href":"https:\/\/tabernaculoprensadedios.com\/web\/wp-json\/wp\/v2\/posts\/36881\/revisions\/36882"}],"wp:featuredmedia":[{"embeddable":true,"href":"https:\/\/tabernaculoprensadedios.com\/web\/wp-json\/wp\/v2\/media\/28361"}],"wp:attachment":[{"href":"https:\/\/tabernaculoprensadedios.com\/web\/wp-json\/wp\/v2\/media?parent=36881"}],"wp:term":[{"taxonomy":"category","embeddable":true,"href":"https:\/\/tabernaculoprensadedios.com\/web\/wp-json\/wp\/v2\/categories?post=36881"},{"taxonomy":"post_tag","embeddable":true,"href":"https:\/\/tabernaculoprensadedios.com\/web\/wp-json\/wp\/v2\/tags?post=36881"}],"curies":[{"name":"wp","href":"https:\/\/api.w.org\/{rel}","templated":true}]}}