{"id":36866,"date":"2026-01-15T16:54:51","date_gmt":"2026-01-15T16:54:51","guid":{"rendered":"https:\/\/tabernaculoprensadedios.com\/web\/?p=36866"},"modified":"2026-01-15T16:54:51","modified_gmt":"2026-01-15T16:54:51","slug":"ojo-maligno-cuando-la-mirada-apaga-la-luz","status":"publish","type":"post","link":"https:\/\/tabernaculoprensadedios.com\/web\/ojo-maligno-cuando-la-mirada-apaga-la-luz\/","title":{"rendered":"Ojo Maligno: Cuando la Mirada Apaga la Luz"},"content":{"rendered":"<div>\n<div dir=\"auto\"><strong>\u201cPero si tu ojo es maligno, todo tu cuerpo estar\u00e1 en tinieblas. As\u00ed que, si la luz que en ti hay es tinieblas, \u00bfcu\u00e1ntas no ser\u00e1n las mismas tinieblas?\u201d <\/strong><strong>Mateo 6:23<\/strong><\/div>\n<div dir=\"auto\"><\/div>\n<\/div>\n<div>\n<div dir=\"auto\">\n<p>En este tiempo, el Esp\u00edritu Santo nos llama a\u00a0<strong>examinar la condici\u00f3n de nuestra mirada espiritual<\/strong>. No todo lo que se ve con los ojos naturales se discierne correctamente con el coraz\u00f3n. Hay miradas que parecen luz, pero est\u00e1n contaminadas por comparaci\u00f3n, juicio y envidia; y cuando el ojo se enferma, todo el ser entra en oscuridad.<\/p>\n<p>La envidia es una de las tinieblas m\u00e1s sutiles que opera en el alma. Nace cuando observamos el favor de Dios sobre otros y permitimos que el coraz\u00f3n se llene de inconformidad. Lo que no se rinde al Se\u00f1or se convierte en amargura, y la amargura, si no se sana, termina afectando relaciones, ministerios y destinos.<\/p>\n<p>La Escritura nos advierte que este esp\u00edritu no es nuevo.\u00a0<strong>\u201cY sus hermanos le ten\u00edan envidia\u201d<\/strong>\u00a0<em>(G\u00e9nesis 37:11)<\/em>. Jos\u00e9 no hizo nada para merecer el odio; simplemente caminaba bajo un prop\u00f3sito que otros no pod\u00edan comprender. As\u00ed sucede a\u00fan hoy: cuando no sanamos nuestra mirada, terminamos resistiendo la obra de Dios en los dem\u00e1s.<\/p>\n<p>Hoy el Se\u00f1or nos llama a\u00a0<strong>romper con toda envidia y soltar toda amargura<\/strong>, a limpiar el ojo espiritual para volver a ver con gratitud, con amor y con discernimiento. Dios est\u00e1 levantando un pueblo con mirada sana, capaz de celebrar la gracia ajena sin resentimiento y de custodiar el favor recibido con humildad.<\/p>\n<p>Que el Esp\u00edritu Santo sane nuestra visi\u00f3n interior, para que la luz de Cristo vuelva a brillar en nosotros y de nuestro coraz\u00f3n brote amor, paz y unidad, conforme a Su voluntad.<\/p>\n<blockquote><p><strong>\u201cUn coraz\u00f3n alineado con Dios ve con luz; un coraz\u00f3n herido distorsiona la visi\u00f3n<\/strong><\/p><\/blockquote>\n<\/div>\n<\/div>\n","protected":false},"excerpt":{"rendered":"<p>\u201cPero si tu ojo es maligno, todo tu cuerpo estar\u00e1 en tinieblas. As\u00ed que, si la luz que en ti hay es tinieblas, \u00bfcu\u00e1ntas no ser\u00e1n las mismas tinieblas?\u201d Mateo 6:23 En este tiempo, el Esp\u00edritu Santo nos llama a\u00a0examinar la condici\u00f3n de nuestra mirada espiritual. No todo lo que se ve con los ojos &hellip;<\/p>\n","protected":false},"author":1,"featured_media":36867,"comment_status":"open","ping_status":"open","sticky":false,"template":"","format":"standard","meta":{"footnotes":""},"categories":[34],"tags":[],"class_list":["post-36866","post","type-post","status-publish","format-standard","has-post-thumbnail","hentry","category-articulos"],"yoast_head":"<!-- This site is optimized with the Yoast SEO Premium plugin v24.2 (Yoast SEO v27.1.1) - https:\/\/yoast.com\/product\/yoast-seo-premium-wordpress\/ -->\n<title>Ojo Maligno: Cuando la Mirada Apaga la Luz - Tabernaculo Prensa de Dios<\/title>\n<meta name=\"robots\" content=\"index, follow, max-snippet:-1, max-image-preview:large, max-video-preview:-1\" \/>\n<link rel=\"canonical\" href=\"https:\/\/tabernaculoprensadedios.com\/web\/ojo-maligno-cuando-la-mirada-apaga-la-luz\/\" class=\"yoast-seo-meta-tag\" \/>\n<meta property=\"og:locale\" content=\"es_ES\" class=\"yoast-seo-meta-tag\" \/>\n<meta property=\"og:type\" content=\"article\" class=\"yoast-seo-meta-tag\" \/>\n<meta property=\"og:title\" content=\"Ojo Maligno: Cuando la Mirada Apaga la Luz\" class=\"yoast-seo-meta-tag\" \/>\n<meta property=\"og:description\" content=\"\u201cPero si tu ojo es maligno, todo tu cuerpo estar\u00e1 en tinieblas. As\u00ed que, si la luz que en ti hay es tinieblas, \u00bfcu\u00e1ntas no ser\u00e1n las mismas tinieblas?\u201d Mateo 6:23 En este tiempo, el Esp\u00edritu Santo nos llama a\u00a0examinar la condici\u00f3n de nuestra mirada espiritual. No todo lo que se ve con los ojos &hellip;\" class=\"yoast-seo-meta-tag\" \/>\n<meta property=\"og:url\" content=\"https:\/\/tabernaculoprensadedios.com\/web\/ojo-maligno-cuando-la-mirada-apaga-la-luz\/\" class=\"yoast-seo-meta-tag\" \/>\n<meta property=\"og:site_name\" content=\"Tabernaculo Prensa de Dios\" class=\"yoast-seo-meta-tag\" \/>\n<meta property=\"article:published_time\" content=\"2026-01-15T16:54:51+00:00\" class=\"yoast-seo-meta-tag\" \/>\n<meta property=\"og:image\" content=\"https:\/\/tabernaculoprensadedios.com\/web\/wp-content\/uploads\/2026\/01\/p8v91uzkze.avif\" class=\"yoast-seo-meta-tag\" \/>\n\t<meta property=\"og:image:width\" content=\"1600\" class=\"yoast-seo-meta-tag\" \/>\n\t<meta property=\"og:image:height\" content=\"1067\" class=\"yoast-seo-meta-tag\" \/>\n\t<meta property=\"og:image:type\" content=\"image\/jpeg\" class=\"yoast-seo-meta-tag\" \/>\n<meta name=\"author\" content=\"tabernaculo\" class=\"yoast-seo-meta-tag\" \/>\n<meta name=\"twitter:card\" content=\"summary_large_image\" class=\"yoast-seo-meta-tag\" \/>\n<meta name=\"twitter:creator\" content=\"@PrensadeDios\" class=\"yoast-seo-meta-tag\" \/>\n<meta name=\"twitter:site\" content=\"@PrensadeDios\" class=\"yoast-seo-meta-tag\" \/>\n<meta name=\"twitter:label1\" content=\"Escrito por\" class=\"yoast-seo-meta-tag\" \/>\n\t<meta name=\"twitter:data1\" content=\"tabernaculo\" class=\"yoast-seo-meta-tag\" \/>\n\t<meta name=\"twitter:label2\" content=\"Tiempo de lectura\" class=\"yoast-seo-meta-tag\" \/>\n\t<meta name=\"twitter:data2\" content=\"2 minutos\" class=\"yoast-seo-meta-tag\" \/>\n<script type=\"application\/ld+json\" class=\"yoast-schema-graph\">{\"@context\":\"https:\/\/schema.org\",\"@graph\":[{\"@type\":\"Article\",\"@id\":\"https:\/\/tabernaculoprensadedios.com\/web\/ojo-maligno-cuando-la-mirada-apaga-la-luz\/#article\",\"isPartOf\":{\"@id\":\"https:\/\/tabernaculoprensadedios.com\/web\/ojo-maligno-cuando-la-mirada-apaga-la-luz\/\"},\"author\":{\"name\":\"tabernaculo\",\"@id\":\"https:\/\/tabernaculoprensadedios.com\/web\/#\/schema\/person\/bc0e069fef56b38e177db6f098ae0b6e\"},\"headline\":\"Ojo Maligno: Cuando la Mirada Apaga la Luz\",\"datePublished\":\"2026-01-15T16:54:51+00:00\",\"mainEntityOfPage\":{\"@id\":\"https:\/\/tabernaculoprensadedios.com\/web\/ojo-maligno-cuando-la-mirada-apaga-la-luz\/\"},\"wordCount\":328,\"commentCount\":0,\"publisher\":{\"@id\":\"https:\/\/tabernaculoprensadedios.com\/web\/#\/schema\/person\/bc0e069fef56b38e177db6f098ae0b6e\"},\"image\":{\"@id\":\"https:\/\/tabernaculoprensadedios.com\/web\/ojo-maligno-cuando-la-mirada-apaga-la-luz\/#primaryimage\"},\"thumbnailUrl\":\"https:\/\/tabernaculoprensadedios.com\/web\/wp-content\/uploads\/2026\/01\/p8v91uzkze.avif\",\"articleSection\":[\"Articulos\"],\"inLanguage\":\"es\",\"potentialAction\":[{\"@type\":\"CommentAction\",\"name\":\"Comment\",\"target\":[\"https:\/\/tabernaculoprensadedios.com\/web\/ojo-maligno-cuando-la-mirada-apaga-la-luz\/#respond\"]}]},{\"@type\":\"WebPage\",\"@id\":\"https:\/\/tabernaculoprensadedios.com\/web\/ojo-maligno-cuando-la-mirada-apaga-la-luz\/\",\"url\":\"https:\/\/tabernaculoprensadedios.com\/web\/ojo-maligno-cuando-la-mirada-apaga-la-luz\/\",\"name\":\"Ojo Maligno: Cuando la Mirada Apaga la Luz - Tabernaculo Prensa de Dios\",\"isPartOf\":{\"@id\":\"https:\/\/tabernaculoprensadedios.com\/web\/#website\"},\"primaryImageOfPage\":{\"@id\":\"https:\/\/tabernaculoprensadedios.com\/web\/ojo-maligno-cuando-la-mirada-apaga-la-luz\/#primaryimage\"},\"image\":{\"@id\":\"https:\/\/tabernaculoprensadedios.com\/web\/ojo-maligno-cuando-la-mirada-apaga-la-luz\/#primaryimage\"},\"thumbnailUrl\":\"https:\/\/tabernaculoprensadedios.com\/web\/wp-content\/uploads\/2026\/01\/p8v91uzkze.avif\",\"datePublished\":\"2026-01-15T16:54:51+00:00\",\"breadcrumb\":{\"@id\":\"https:\/\/tabernaculoprensadedios.com\/web\/ojo-maligno-cuando-la-mirada-apaga-la-luz\/#breadcrumb\"},\"inLanguage\":\"es\",\"potentialAction\":[{\"@type\":\"ReadAction\",\"target\":[\"https:\/\/tabernaculoprensadedios.com\/web\/ojo-maligno-cuando-la-mirada-apaga-la-luz\/\"]}]},{\"@type\":\"ImageObject\",\"inLanguage\":\"es\",\"@id\":\"https:\/\/tabernaculoprensadedios.com\/web\/ojo-maligno-cuando-la-mirada-apaga-la-luz\/#primaryimage\",\"url\":\"https:\/\/tabernaculoprensadedios.com\/web\/wp-content\/uploads\/2026\/01\/p8v91uzkze.avif\",\"contentUrl\":\"https:\/\/tabernaculoprensadedios.com\/web\/wp-content\/uploads\/2026\/01\/p8v91uzkze.avif\",\"width\":1600,\"height\":1067,\"caption\":\"City street at night with blurred car and people.\"},{\"@type\":\"BreadcrumbList\",\"@id\":\"https:\/\/tabernaculoprensadedios.com\/web\/ojo-maligno-cuando-la-mirada-apaga-la-luz\/#breadcrumb\",\"itemListElement\":[{\"@type\":\"ListItem\",\"position\":1,\"name\":\"Portada\",\"item\":\"https:\/\/tabernaculoprensadedios.com\/web\/\"},{\"@type\":\"ListItem\",\"position\":2,\"name\":\"Ojo Maligno: Cuando la Mirada Apaga la Luz\"}]},{\"@type\":\"WebSite\",\"@id\":\"https:\/\/tabernaculoprensadedios.com\/web\/#website\",\"url\":\"https:\/\/tabernaculoprensadedios.com\/web\/\",\"name\":\"Tabernaculo Prensa de Dios\",\"description\":\"Un medio a la manera de Dios\",\"publisher\":{\"@id\":\"https:\/\/tabernaculoprensadedios.com\/web\/#\/schema\/person\/bc0e069fef56b38e177db6f098ae0b6e\"},\"potentialAction\":[{\"@type\":\"SearchAction\",\"target\":{\"@type\":\"EntryPoint\",\"urlTemplate\":\"https:\/\/tabernaculoprensadedios.com\/web\/?s={search_term_string}\"},\"query-input\":{\"@type\":\"PropertyValueSpecification\",\"valueRequired\":true,\"valueName\":\"search_term_string\"}}],\"inLanguage\":\"es\"},{\"@type\":[\"Person\",\"Organization\"],\"@id\":\"https:\/\/tabernaculoprensadedios.com\/web\/#\/schema\/person\/bc0e069fef56b38e177db6f098ae0b6e\",\"name\":\"tabernaculo\",\"image\":{\"@type\":\"ImageObject\",\"inLanguage\":\"es\",\"@id\":\"https:\/\/tabernaculoprensadedios.com\/web\/#\/schema\/person\/image\/\",\"url\":\"https:\/\/tabernaculoprensadedios.com\/web\/wp-content\/uploads\/2015\/06\/login-logo1.png\",\"contentUrl\":\"https:\/\/tabernaculoprensadedios.com\/web\/wp-content\/uploads\/2015\/06\/login-logo1.png\",\"width\":300,\"height\":118,\"caption\":\"tabernaculo\"},\"logo\":{\"@id\":\"https:\/\/tabernaculoprensadedios.com\/web\/#\/schema\/person\/image\/\"},\"url\":\"https:\/\/tabernaculoprensadedios.com\/web\/author\/tabernaculo\/\"}]}<\/script>\n<!-- \/ Yoast SEO Premium plugin. -->","yoast_head_json":{"title":"Ojo Maligno: Cuando la Mirada Apaga la Luz - Tabernaculo Prensa de Dios","robots":{"index":"index","follow":"follow","max-snippet":"max-snippet:-1","max-image-preview":"max-image-preview:large","max-video-preview":"max-video-preview:-1"},"canonical":"https:\/\/tabernaculoprensadedios.com\/web\/ojo-maligno-cuando-la-mirada-apaga-la-luz\/","og_locale":"es_ES","og_type":"article","og_title":"Ojo Maligno: Cuando la Mirada Apaga la Luz","og_description":"\u201cPero si tu ojo es maligno, todo tu cuerpo estar\u00e1 en tinieblas. As\u00ed que, si la luz que en ti hay es tinieblas, \u00bfcu\u00e1ntas no ser\u00e1n las mismas tinieblas?\u201d Mateo 6:23 En este tiempo, el Esp\u00edritu Santo nos llama a\u00a0examinar la condici\u00f3n de nuestra mirada espiritual. No todo lo que se ve con los ojos &hellip;","og_url":"https:\/\/tabernaculoprensadedios.com\/web\/ojo-maligno-cuando-la-mirada-apaga-la-luz\/","og_site_name":"Tabernaculo Prensa de Dios","article_published_time":"2026-01-15T16:54:51+00:00","og_image":[{"width":1600,"height":1067,"url":"https:\/\/tabernaculoprensadedios.com\/web\/wp-content\/uploads\/2026\/01\/p8v91uzkze.avif","type":"image\/jpeg"}],"author":"tabernaculo","twitter_card":"summary_large_image","twitter_creator":"@PrensadeDios","twitter_site":"@PrensadeDios","twitter_misc":{"Escrito por":"tabernaculo","Tiempo de lectura":"2 minutos"},"schema":{"@context":"https:\/\/schema.org","@graph":[{"@type":"Article","@id":"https:\/\/tabernaculoprensadedios.com\/web\/ojo-maligno-cuando-la-mirada-apaga-la-luz\/#article","isPartOf":{"@id":"https:\/\/tabernaculoprensadedios.com\/web\/ojo-maligno-cuando-la-mirada-apaga-la-luz\/"},"author":{"name":"tabernaculo","@id":"https:\/\/tabernaculoprensadedios.com\/web\/#\/schema\/person\/bc0e069fef56b38e177db6f098ae0b6e"},"headline":"Ojo Maligno: Cuando la Mirada Apaga la Luz","datePublished":"2026-01-15T16:54:51+00:00","mainEntityOfPage":{"@id":"https:\/\/tabernaculoprensadedios.com\/web\/ojo-maligno-cuando-la-mirada-apaga-la-luz\/"},"wordCount":328,"commentCount":0,"publisher":{"@id":"https:\/\/tabernaculoprensadedios.com\/web\/#\/schema\/person\/bc0e069fef56b38e177db6f098ae0b6e"},"image":{"@id":"https:\/\/tabernaculoprensadedios.com\/web\/ojo-maligno-cuando-la-mirada-apaga-la-luz\/#primaryimage"},"thumbnailUrl":"https:\/\/tabernaculoprensadedios.com\/web\/wp-content\/uploads\/2026\/01\/p8v91uzkze.avif","articleSection":["Articulos"],"inLanguage":"es","potentialAction":[{"@type":"CommentAction","name":"Comment","target":["https:\/\/tabernaculoprensadedios.com\/web\/ojo-maligno-cuando-la-mirada-apaga-la-luz\/#respond"]}]},{"@type":"WebPage","@id":"https:\/\/tabernaculoprensadedios.com\/web\/ojo-maligno-cuando-la-mirada-apaga-la-luz\/","url":"https:\/\/tabernaculoprensadedios.com\/web\/ojo-maligno-cuando-la-mirada-apaga-la-luz\/","name":"Ojo Maligno: Cuando la Mirada Apaga la Luz - Tabernaculo Prensa de Dios","isPartOf":{"@id":"https:\/\/tabernaculoprensadedios.com\/web\/#website"},"primaryImageOfPage":{"@id":"https:\/\/tabernaculoprensadedios.com\/web\/ojo-maligno-cuando-la-mirada-apaga-la-luz\/#primaryimage"},"image":{"@id":"https:\/\/tabernaculoprensadedios.com\/web\/ojo-maligno-cuando-la-mirada-apaga-la-luz\/#primaryimage"},"thumbnailUrl":"https:\/\/tabernaculoprensadedios.com\/web\/wp-content\/uploads\/2026\/01\/p8v91uzkze.avif","datePublished":"2026-01-15T16:54:51+00:00","breadcrumb":{"@id":"https:\/\/tabernaculoprensadedios.com\/web\/ojo-maligno-cuando-la-mirada-apaga-la-luz\/#breadcrumb"},"inLanguage":"es","potentialAction":[{"@type":"ReadAction","target":["https:\/\/tabernaculoprensadedios.com\/web\/ojo-maligno-cuando-la-mirada-apaga-la-luz\/"]}]},{"@type":"ImageObject","inLanguage":"es","@id":"https:\/\/tabernaculoprensadedios.com\/web\/ojo-maligno-cuando-la-mirada-apaga-la-luz\/#primaryimage","url":"https:\/\/tabernaculoprensadedios.com\/web\/wp-content\/uploads\/2026\/01\/p8v91uzkze.avif","contentUrl":"https:\/\/tabernaculoprensadedios.com\/web\/wp-content\/uploads\/2026\/01\/p8v91uzkze.avif","width":1600,"height":1067,"caption":"City street at night with blurred car and people."},{"@type":"BreadcrumbList","@id":"https:\/\/tabernaculoprensadedios.com\/web\/ojo-maligno-cuando-la-mirada-apaga-la-luz\/#breadcrumb","itemListElement":[{"@type":"ListItem","position":1,"name":"Portada","item":"https:\/\/tabernaculoprensadedios.com\/web\/"},{"@type":"ListItem","position":2,"name":"Ojo Maligno: Cuando la Mirada Apaga la Luz"}]},{"@type":"WebSite","@id":"https:\/\/tabernaculoprensadedios.com\/web\/#website","url":"https:\/\/tabernaculoprensadedios.com\/web\/","name":"Tabernaculo Prensa de Dios","description":"Un medio a la manera de Dios","publisher":{"@id":"https:\/\/tabernaculoprensadedios.com\/web\/#\/schema\/person\/bc0e069fef56b38e177db6f098ae0b6e"},"potentialAction":[{"@type":"SearchAction","target":{"@type":"EntryPoint","urlTemplate":"https:\/\/tabernaculoprensadedios.com\/web\/?s={search_term_string}"},"query-input":{"@type":"PropertyValueSpecification","valueRequired":true,"valueName":"search_term_string"}}],"inLanguage":"es"},{"@type":["Person","Organization"],"@id":"https:\/\/tabernaculoprensadedios.com\/web\/#\/schema\/person\/bc0e069fef56b38e177db6f098ae0b6e","name":"tabernaculo","image":{"@type":"ImageObject","inLanguage":"es","@id":"https:\/\/tabernaculoprensadedios.com\/web\/#\/schema\/person\/image\/","url":"https:\/\/tabernaculoprensadedios.com\/web\/wp-content\/uploads\/2015\/06\/login-logo1.png","contentUrl":"https:\/\/tabernaculoprensadedios.com\/web\/wp-content\/uploads\/2015\/06\/login-logo1.png","width":300,"height":118,"caption":"tabernaculo"},"logo":{"@id":"https:\/\/tabernaculoprensadedios.com\/web\/#\/schema\/person\/image\/"},"url":"https:\/\/tabernaculoprensadedios.com\/web\/author\/tabernaculo\/"}]}},"_links":{"self":[{"href":"https:\/\/tabernaculoprensadedios.com\/web\/wp-json\/wp\/v2\/posts\/36866","targetHints":{"allow":["GET"]}}],"collection":[{"href":"https:\/\/tabernaculoprensadedios.com\/web\/wp-json\/wp\/v2\/posts"}],"about":[{"href":"https:\/\/tabernaculoprensadedios.com\/web\/wp-json\/wp\/v2\/types\/post"}],"author":[{"embeddable":true,"href":"https:\/\/tabernaculoprensadedios.com\/web\/wp-json\/wp\/v2\/users\/1"}],"replies":[{"embeddable":true,"href":"https:\/\/tabernaculoprensadedios.com\/web\/wp-json\/wp\/v2\/comments?post=36866"}],"version-history":[{"count":1,"href":"https:\/\/tabernaculoprensadedios.com\/web\/wp-json\/wp\/v2\/posts\/36866\/revisions"}],"predecessor-version":[{"id":36868,"href":"https:\/\/tabernaculoprensadedios.com\/web\/wp-json\/wp\/v2\/posts\/36866\/revisions\/36868"}],"wp:featuredmedia":[{"embeddable":true,"href":"https:\/\/tabernaculoprensadedios.com\/web\/wp-json\/wp\/v2\/media\/36867"}],"wp:attachment":[{"href":"https:\/\/tabernaculoprensadedios.com\/web\/wp-json\/wp\/v2\/media?parent=36866"}],"wp:term":[{"taxonomy":"category","embeddable":true,"href":"https:\/\/tabernaculoprensadedios.com\/web\/wp-json\/wp\/v2\/categories?post=36866"},{"taxonomy":"post_tag","embeddable":true,"href":"https:\/\/tabernaculoprensadedios.com\/web\/wp-json\/wp\/v2\/tags?post=36866"}],"curies":[{"name":"wp","href":"https:\/\/api.w.org\/{rel}","templated":true}]}}