{"id":36863,"date":"2026-01-15T16:51:24","date_gmt":"2026-01-15T16:51:24","guid":{"rendered":"https:\/\/tabernaculoprensadedios.com\/web\/?p=36863"},"modified":"2026-01-15T16:51:24","modified_gmt":"2026-01-15T16:51:24","slug":"cuidado-con-los-ojos-altivos-en-la-familia","status":"publish","type":"post","link":"https:\/\/tabernaculoprensadedios.com\/web\/cuidado-con-los-ojos-altivos-en-la-familia\/","title":{"rendered":"Cuidado con los Ojos Altivos en la Familia"},"content":{"rendered":"<p><strong><em>TEXTO: (PROVERBIOS 30:13) Hay generaci\u00f3n cuyos ojos son altivos y cuyos p\u00e1rpados est\u00e1n levantados en alto.<\/em><\/strong><\/p>\n<p>Al hablar de ojos altivos parecer\u00eda a simple vista que no es algo que pueda causar tanto da\u00f1o a la familia, que no es algo que satan\u00e1s pudiera utilizar para da\u00f1ar o dividir a nuestra familia.<\/p>\n<p>Pero la palabra de Dios nos dice claramente que los ojos altivos es algo que no debemos permitir en nuestra vida:<\/p>\n<p>Porque los ojos altivos es algo que Dios aborrece (Proverbios 6:16-17) Seis cosas aborrece Jehov\u00e1, Y aun siete abomina su alma: 17 Los ojos altivos, la lengua mentirosa, Las manos derramadoras de sangre inocente,<\/p>\n<p>Porque los ojos altivos es una actitud pecaminosa delante de Dios (Proverbios 21:4) Altivez de ojos, y orgullo de coraz\u00f3n, Y pensamiento de imp\u00edos, son pecado.<\/p>\n<p>Pero \u00bfQU\u00c9 SIGNIFICA OJOS ALTIVOS? Es mirar con menosprecio, es sentirse superior a los dem\u00e1s, es ver de menos a las personas,<\/p>\n<p>En la palabra de Dios podemos ver que los ojos altivos se manifiestan de muchas formas en la familia: VEAMOS ALGUNAS DE ELLAS:<\/p>\n<p><strong>I) HIJOS QUE MENOSPRECIAN A SUS PADRES CUANDO ENVEJECEN<\/strong><br \/>\n(PROVERBIOS 23:22) Oye a tu padre, a aquel que te engendr\u00f3; Y cuando tu madre envejeciere, no la menosprecies.<\/p>\n<p>Ignorar o menospreciar sus consejos porque estan \u201cDesfazados\u201dy menospreciamos la sabidur\u00eda que da la experiencia de la vejez (Filipenses 4:11.12) No lo digo porque tenga escasez, pues he aprendido a contentarme, cualquiera que sea mi situaci\u00f3n. 12 S\u00e9 vivir humildemente, y s\u00e9 tener abundancia; en todo y por todo estoy ense\u00f1ado, as\u00ed para estar saciado como para tener hambre, as\u00ed para tener abundancia como para padecer necesidad. Tu como hijo \u00bfPodr\u00edas decir estas mismas palabras? \u00bfYa tienes esa experiencia para menospreciar un consejo?<\/p>\n<p>Ignorar su voz y su opini\u00f3n : Tomar decisiones importantes sin consultarlos, como si ya no tuvieran nada valioso que aportar<\/p>\n<p>Impacientarse con su lentitud o limitaciones: Molestarse por su ritmo, repetir respuestas con enojo o ridiculizar las debilidades propias de la edad.<\/p>\n<p>Hacerlos sentir que son solamente una carga en nuestra vida: Ver su cuidado como una obligaci\u00f3n pesada en vez de una responsabilidad motivada por el amor y el agradecimiento (1 Timoteo 5:4) Pero si alguna viuda tiene hijos, o nietos, aprendan estos primero a ser piadosos para con su propia familia, y a recompensar a sus padres; porque esto es lo bueno y agradable delante de Dios.<\/p>\n<p>Aislarlos emocionalmente; No visitarlos, no escucharlos, no involucrarlos en la vida familiar o espiritual.<\/p>\n<p><strong>II) HIJOS QUE MENOSPRECIAN A SUS PADRES POR LOS ERRORES QUE COMETIERON EN SUS VIDAS<\/strong><br \/>\n(EFESIOS 6:1-3) Hijos, obedeced en el Se\u00f1or a vuestros padres, porque esto es justo. 2 Honra a tu padre y a tu madre, que es el primer mandamiento con promesa; 3 para que te vaya bien, y seas de larga vida sobre la tierra.<\/p>\n<p>Lastimosamente en muchas familias hay hijos e hijas con ojos altivos que USAN LOS ERRORES DEL PASADO DE SUS PADRES COMO EXCUSA PARA NO HONRARLOS EN EL PRESENTE.<\/p>\n<p>Tenemos que comprender una verdad: ning\u00fan padre y ninguna madre son perfectos. Todos cometieron errores, tomaron malas decisiones o fallaron en alguna etapa de la vida.<\/p>\n<p>Pero LA BIBLIA NUNCA CONDICIONA LA HONRA A LA PERFECCI\u00d3N DE LOS PADRES, Es decir que la honra no se basa en lo que hicieron bien o mal, sino en lo que representan delante de Dios (Romanos 13:1) Som\u00e9tase toda persona a las autoridades superiores; porque no hay autoridad sino de parte de Dios, y las que hay, por Dios han sido establecidas.<\/p>\n<p>Muchos hijos dicen o piensan:<\/p>\n<p>\u201cNo los respeto porque me fallaron\u201d<\/p>\n<p>\u201cNo tienen autoridad para hablarme\u201d<\/p>\n<p>\u201cNo voy a honrar a alguien que me abandon\u00f3\u201d<\/p>\n<p>Pero seguramente estas mismas personas oran por bendici\u00f3n, piden puertas abiertas, buscan prosperidad y paz pero mantienen un coraz\u00f3n lleno de resentimiento, desprecio o dureza hacia sus padres.<\/p>\n<p>Es por eso importante comprender que: HONRAR A LOS PADRES SANA M\u00c1S A LOS HIJOS QUE A LOS PADRES.<\/p>\n<p>Cuando un hijo decide ser humilde y decide perdonar y honrar a sus padres se libera a s\u00ed mismo<\/p>\n<p>La honra no borra los errores del pasado, pero s\u00ed ROMPE EL PODER QUE ESE PASADO TIENE SOBRE NUESTRA VIDA.<\/p>\n<p><strong>III) PERSONAS QUE MENOSPRECIAN A SU FAMILIA CUANDO HAN PROSPERADO O SE HAN SUPERADO EN LA VIDA<\/strong><br \/>\n(FILIPENSES 2:3) Nada hag\u00e1is por contienda o por vanagloria; antes bien con humildad, estimando cada uno a los dem\u00e1s como superiores a \u00e9l mismo;<\/p>\n<p>Es necesario comprender que uno de los peligros m\u00e1s sutiles de la prosperidad y del progreso personal es que, SI NO HAY HUMILDAD, EL CORAZ\u00d3N SE ELEVA Y LOS OJOS SE VUELVEN ALTIVOS, incluso dentro de la familia.<\/p>\n<p>Muchas personas comenzaron su camino, siendo ayudados y sostenidos por su familia, pero lastimosamente cuando prosperan, se superan acad\u00e9mica, econ\u00f3mica o socialmente, olvidan de d\u00f3nde Dios los sac\u00f3, SE OLVIDAN DE LAS PERSONAS QUE LE AYUDARON, y comienzan a mirar con menosprecio a su familia.<\/p>\n<p>Y tristemente comienzan a pensar que: POR MI NIVEL \u201cYA NO ENCAJO EN MI FAMILIA\u201d<\/p>\n<p><strong>FRASE:<\/strong> La prosperidad no revela qui\u00e9n eres; REVELA LO QUE HAY EN TU CORAZ\u00d3N.<\/p>\n<p>Cada uno de nosotros debemos comprender que LA PROSPERIDAD QUE VIENE DE DIOS NO NOS SEPARA DE LA FAMILIA, NOS CAPACITA PARA BENDECIRLA, es decir, el Se\u00f1or nos permite ser un canal de bendici\u00f3n para nuestra familia.<\/p>\n<p>Esto significa que Dios no nos prospera para elevarnos sobre los dem\u00e1s, sino para servir, honrar y reflejar a Cristo con nuestra vida (1 Juan 3:16-18) En esto hemos conocido el amor, en que \u00e9l puso su vida por nosotros; tambi\u00e9n nosotros debemos poner nuestras vidas por los hermanos. 17 Pero el que tiene bienes de este mundo y ve a su hermano tener necesidad, y cierra contra \u00e9l su coraz\u00f3n, \u00bfc\u00f3mo mora el amor de Dios en \u00e9l? 18 Hijitos m\u00edos, no amemos de palabra ni de lengua, sino de hecho y en verdad.<\/p>\n<p><strong>CONCLUSI\u00d3N:<\/strong> Dios se encargara de bajar los ojos altivos (Isaias 2:11) La altivez de los ojos del hombre ser\u00e1 abatida, y la soberbia de los hombres ser\u00e1 humillada; y Jehov\u00e1 solo ser\u00e1 exaltado en aquel d\u00eda.<\/p>\n","protected":false},"excerpt":{"rendered":"<p>TEXTO: (PROVERBIOS 30:13) Hay generaci\u00f3n cuyos ojos son altivos y cuyos p\u00e1rpados est\u00e1n levantados en alto. Al hablar de ojos altivos parecer\u00eda a simple vista que no es algo que pueda causar tanto da\u00f1o a la familia, que no es algo que satan\u00e1s pudiera utilizar para da\u00f1ar o dividir a nuestra familia. Pero la palabra &hellip;<\/p>\n","protected":false},"author":1,"featured_media":36864,"comment_status":"open","ping_status":"open","sticky":false,"template":"","format":"standard","meta":{"footnotes":""},"categories":[38],"tags":[],"class_list":["post-36863","post","type-post","status-publish","format-standard","has-post-thumbnail","hentry","category-principal"],"yoast_head":"<!-- This site is optimized with the Yoast SEO Premium plugin v24.2 (Yoast SEO v27.1.1) - https:\/\/yoast.com\/product\/yoast-seo-premium-wordpress\/ -->\n<title>Cuidado con los Ojos Altivos en la Familia - Tabernaculo Prensa de Dios<\/title>\n<meta name=\"robots\" content=\"index, follow, max-snippet:-1, max-image-preview:large, max-video-preview:-1\" \/>\n<link rel=\"canonical\" href=\"https:\/\/tabernaculoprensadedios.com\/web\/cuidado-con-los-ojos-altivos-en-la-familia\/\" class=\"yoast-seo-meta-tag\" \/>\n<meta property=\"og:locale\" content=\"es_ES\" class=\"yoast-seo-meta-tag\" \/>\n<meta property=\"og:type\" content=\"article\" class=\"yoast-seo-meta-tag\" \/>\n<meta property=\"og:title\" content=\"Cuidado con los Ojos Altivos en la Familia\" class=\"yoast-seo-meta-tag\" \/>\n<meta property=\"og:description\" content=\"TEXTO: (PROVERBIOS 30:13) Hay generaci\u00f3n cuyos ojos son altivos y cuyos p\u00e1rpados est\u00e1n levantados en alto. Al hablar de ojos altivos parecer\u00eda a simple vista que no es algo que pueda causar tanto da\u00f1o a la familia, que no es algo que satan\u00e1s pudiera utilizar para da\u00f1ar o dividir a nuestra familia. Pero la palabra &hellip;\" class=\"yoast-seo-meta-tag\" \/>\n<meta property=\"og:url\" content=\"https:\/\/tabernaculoprensadedios.com\/web\/cuidado-con-los-ojos-altivos-en-la-familia\/\" class=\"yoast-seo-meta-tag\" \/>\n<meta property=\"og:site_name\" content=\"Tabernaculo Prensa de Dios\" class=\"yoast-seo-meta-tag\" \/>\n<meta property=\"article:published_time\" content=\"2026-01-15T16:51:24+00:00\" class=\"yoast-seo-meta-tag\" \/>\n<meta property=\"og:image\" content=\"https:\/\/tabernaculoprensadedios.com\/web\/wp-content\/uploads\/2026\/01\/Altivos.avif\" class=\"yoast-seo-meta-tag\" \/>\n\t<meta property=\"og:image:width\" content=\"1920\" class=\"yoast-seo-meta-tag\" \/>\n\t<meta property=\"og:image:height\" content=\"1280\" class=\"yoast-seo-meta-tag\" \/>\n\t<meta property=\"og:image:type\" content=\"image\/jpeg\" class=\"yoast-seo-meta-tag\" \/>\n<meta name=\"author\" content=\"tabernaculo\" class=\"yoast-seo-meta-tag\" \/>\n<meta name=\"twitter:card\" content=\"summary_large_image\" class=\"yoast-seo-meta-tag\" \/>\n<meta name=\"twitter:creator\" content=\"@PrensadeDios\" class=\"yoast-seo-meta-tag\" \/>\n<meta name=\"twitter:site\" content=\"@PrensadeDios\" class=\"yoast-seo-meta-tag\" \/>\n<meta name=\"twitter:label1\" content=\"Escrito por\" class=\"yoast-seo-meta-tag\" \/>\n\t<meta name=\"twitter:data1\" content=\"tabernaculo\" class=\"yoast-seo-meta-tag\" \/>\n\t<meta name=\"twitter:label2\" content=\"Tiempo de lectura\" class=\"yoast-seo-meta-tag\" \/>\n\t<meta name=\"twitter:data2\" content=\"5 minutos\" class=\"yoast-seo-meta-tag\" \/>\n<script type=\"application\/ld+json\" class=\"yoast-schema-graph\">{\"@context\":\"https:\/\/schema.org\",\"@graph\":[{\"@type\":\"Article\",\"@id\":\"https:\/\/tabernaculoprensadedios.com\/web\/cuidado-con-los-ojos-altivos-en-la-familia\/#article\",\"isPartOf\":{\"@id\":\"https:\/\/tabernaculoprensadedios.com\/web\/cuidado-con-los-ojos-altivos-en-la-familia\/\"},\"author\":{\"name\":\"tabernaculo\",\"@id\":\"https:\/\/tabernaculoprensadedios.com\/web\/#\/schema\/person\/bc0e069fef56b38e177db6f098ae0b6e\"},\"headline\":\"Cuidado con los Ojos Altivos en la Familia\",\"datePublished\":\"2026-01-15T16:51:24+00:00\",\"mainEntityOfPage\":{\"@id\":\"https:\/\/tabernaculoprensadedios.com\/web\/cuidado-con-los-ojos-altivos-en-la-familia\/\"},\"wordCount\":1054,\"commentCount\":0,\"publisher\":{\"@id\":\"https:\/\/tabernaculoprensadedios.com\/web\/#\/schema\/person\/bc0e069fef56b38e177db6f098ae0b6e\"},\"image\":{\"@id\":\"https:\/\/tabernaculoprensadedios.com\/web\/cuidado-con-los-ojos-altivos-en-la-familia\/#primaryimage\"},\"thumbnailUrl\":\"https:\/\/tabernaculoprensadedios.com\/web\/wp-content\/uploads\/2026\/01\/Altivos.avif\",\"articleSection\":[\"Principal\"],\"inLanguage\":\"es\",\"potentialAction\":[{\"@type\":\"CommentAction\",\"name\":\"Comment\",\"target\":[\"https:\/\/tabernaculoprensadedios.com\/web\/cuidado-con-los-ojos-altivos-en-la-familia\/#respond\"]}]},{\"@type\":\"WebPage\",\"@id\":\"https:\/\/tabernaculoprensadedios.com\/web\/cuidado-con-los-ojos-altivos-en-la-familia\/\",\"url\":\"https:\/\/tabernaculoprensadedios.com\/web\/cuidado-con-los-ojos-altivos-en-la-familia\/\",\"name\":\"Cuidado con los Ojos Altivos en la Familia - Tabernaculo Prensa de Dios\",\"isPartOf\":{\"@id\":\"https:\/\/tabernaculoprensadedios.com\/web\/#website\"},\"primaryImageOfPage\":{\"@id\":\"https:\/\/tabernaculoprensadedios.com\/web\/cuidado-con-los-ojos-altivos-en-la-familia\/#primaryimage\"},\"image\":{\"@id\":\"https:\/\/tabernaculoprensadedios.com\/web\/cuidado-con-los-ojos-altivos-en-la-familia\/#primaryimage\"},\"thumbnailUrl\":\"https:\/\/tabernaculoprensadedios.com\/web\/wp-content\/uploads\/2026\/01\/Altivos.avif\",\"datePublished\":\"2026-01-15T16:51:24+00:00\",\"breadcrumb\":{\"@id\":\"https:\/\/tabernaculoprensadedios.com\/web\/cuidado-con-los-ojos-altivos-en-la-familia\/#breadcrumb\"},\"inLanguage\":\"es\",\"potentialAction\":[{\"@type\":\"ReadAction\",\"target\":[\"https:\/\/tabernaculoprensadedios.com\/web\/cuidado-con-los-ojos-altivos-en-la-familia\/\"]}]},{\"@type\":\"ImageObject\",\"inLanguage\":\"es\",\"@id\":\"https:\/\/tabernaculoprensadedios.com\/web\/cuidado-con-los-ojos-altivos-en-la-familia\/#primaryimage\",\"url\":\"https:\/\/tabernaculoprensadedios.com\/web\/wp-content\/uploads\/2026\/01\/Altivos.avif\",\"contentUrl\":\"https:\/\/tabernaculoprensadedios.com\/web\/wp-content\/uploads\/2026\/01\/Altivos.avif\",\"width\":1920,\"height\":1280},{\"@type\":\"BreadcrumbList\",\"@id\":\"https:\/\/tabernaculoprensadedios.com\/web\/cuidado-con-los-ojos-altivos-en-la-familia\/#breadcrumb\",\"itemListElement\":[{\"@type\":\"ListItem\",\"position\":1,\"name\":\"Portada\",\"item\":\"https:\/\/tabernaculoprensadedios.com\/web\/\"},{\"@type\":\"ListItem\",\"position\":2,\"name\":\"Cuidado con los Ojos Altivos en la Familia\"}]},{\"@type\":\"WebSite\",\"@id\":\"https:\/\/tabernaculoprensadedios.com\/web\/#website\",\"url\":\"https:\/\/tabernaculoprensadedios.com\/web\/\",\"name\":\"Tabernaculo Prensa de Dios\",\"description\":\"Un medio a la manera de Dios\",\"publisher\":{\"@id\":\"https:\/\/tabernaculoprensadedios.com\/web\/#\/schema\/person\/bc0e069fef56b38e177db6f098ae0b6e\"},\"potentialAction\":[{\"@type\":\"SearchAction\",\"target\":{\"@type\":\"EntryPoint\",\"urlTemplate\":\"https:\/\/tabernaculoprensadedios.com\/web\/?s={search_term_string}\"},\"query-input\":{\"@type\":\"PropertyValueSpecification\",\"valueRequired\":true,\"valueName\":\"search_term_string\"}}],\"inLanguage\":\"es\"},{\"@type\":[\"Person\",\"Organization\"],\"@id\":\"https:\/\/tabernaculoprensadedios.com\/web\/#\/schema\/person\/bc0e069fef56b38e177db6f098ae0b6e\",\"name\":\"tabernaculo\",\"image\":{\"@type\":\"ImageObject\",\"inLanguage\":\"es\",\"@id\":\"https:\/\/tabernaculoprensadedios.com\/web\/#\/schema\/person\/image\/\",\"url\":\"https:\/\/tabernaculoprensadedios.com\/web\/wp-content\/uploads\/2015\/06\/login-logo1.png\",\"contentUrl\":\"https:\/\/tabernaculoprensadedios.com\/web\/wp-content\/uploads\/2015\/06\/login-logo1.png\",\"width\":300,\"height\":118,\"caption\":\"tabernaculo\"},\"logo\":{\"@id\":\"https:\/\/tabernaculoprensadedios.com\/web\/#\/schema\/person\/image\/\"},\"url\":\"https:\/\/tabernaculoprensadedios.com\/web\/author\/tabernaculo\/\"}]}<\/script>\n<!-- \/ Yoast SEO Premium plugin. -->","yoast_head_json":{"title":"Cuidado con los Ojos Altivos en la Familia - Tabernaculo Prensa de Dios","robots":{"index":"index","follow":"follow","max-snippet":"max-snippet:-1","max-image-preview":"max-image-preview:large","max-video-preview":"max-video-preview:-1"},"canonical":"https:\/\/tabernaculoprensadedios.com\/web\/cuidado-con-los-ojos-altivos-en-la-familia\/","og_locale":"es_ES","og_type":"article","og_title":"Cuidado con los Ojos Altivos en la Familia","og_description":"TEXTO: (PROVERBIOS 30:13) Hay generaci\u00f3n cuyos ojos son altivos y cuyos p\u00e1rpados est\u00e1n levantados en alto. Al hablar de ojos altivos parecer\u00eda a simple vista que no es algo que pueda causar tanto da\u00f1o a la familia, que no es algo que satan\u00e1s pudiera utilizar para da\u00f1ar o dividir a nuestra familia. Pero la palabra &hellip;","og_url":"https:\/\/tabernaculoprensadedios.com\/web\/cuidado-con-los-ojos-altivos-en-la-familia\/","og_site_name":"Tabernaculo Prensa de Dios","article_published_time":"2026-01-15T16:51:24+00:00","og_image":[{"width":1920,"height":1280,"url":"https:\/\/tabernaculoprensadedios.com\/web\/wp-content\/uploads\/2026\/01\/Altivos.avif","type":"image\/jpeg"}],"author":"tabernaculo","twitter_card":"summary_large_image","twitter_creator":"@PrensadeDios","twitter_site":"@PrensadeDios","twitter_misc":{"Escrito por":"tabernaculo","Tiempo de lectura":"5 minutos"},"schema":{"@context":"https:\/\/schema.org","@graph":[{"@type":"Article","@id":"https:\/\/tabernaculoprensadedios.com\/web\/cuidado-con-los-ojos-altivos-en-la-familia\/#article","isPartOf":{"@id":"https:\/\/tabernaculoprensadedios.com\/web\/cuidado-con-los-ojos-altivos-en-la-familia\/"},"author":{"name":"tabernaculo","@id":"https:\/\/tabernaculoprensadedios.com\/web\/#\/schema\/person\/bc0e069fef56b38e177db6f098ae0b6e"},"headline":"Cuidado con los Ojos Altivos en la Familia","datePublished":"2026-01-15T16:51:24+00:00","mainEntityOfPage":{"@id":"https:\/\/tabernaculoprensadedios.com\/web\/cuidado-con-los-ojos-altivos-en-la-familia\/"},"wordCount":1054,"commentCount":0,"publisher":{"@id":"https:\/\/tabernaculoprensadedios.com\/web\/#\/schema\/person\/bc0e069fef56b38e177db6f098ae0b6e"},"image":{"@id":"https:\/\/tabernaculoprensadedios.com\/web\/cuidado-con-los-ojos-altivos-en-la-familia\/#primaryimage"},"thumbnailUrl":"https:\/\/tabernaculoprensadedios.com\/web\/wp-content\/uploads\/2026\/01\/Altivos.avif","articleSection":["Principal"],"inLanguage":"es","potentialAction":[{"@type":"CommentAction","name":"Comment","target":["https:\/\/tabernaculoprensadedios.com\/web\/cuidado-con-los-ojos-altivos-en-la-familia\/#respond"]}]},{"@type":"WebPage","@id":"https:\/\/tabernaculoprensadedios.com\/web\/cuidado-con-los-ojos-altivos-en-la-familia\/","url":"https:\/\/tabernaculoprensadedios.com\/web\/cuidado-con-los-ojos-altivos-en-la-familia\/","name":"Cuidado con los Ojos Altivos en la Familia - Tabernaculo Prensa de Dios","isPartOf":{"@id":"https:\/\/tabernaculoprensadedios.com\/web\/#website"},"primaryImageOfPage":{"@id":"https:\/\/tabernaculoprensadedios.com\/web\/cuidado-con-los-ojos-altivos-en-la-familia\/#primaryimage"},"image":{"@id":"https:\/\/tabernaculoprensadedios.com\/web\/cuidado-con-los-ojos-altivos-en-la-familia\/#primaryimage"},"thumbnailUrl":"https:\/\/tabernaculoprensadedios.com\/web\/wp-content\/uploads\/2026\/01\/Altivos.avif","datePublished":"2026-01-15T16:51:24+00:00","breadcrumb":{"@id":"https:\/\/tabernaculoprensadedios.com\/web\/cuidado-con-los-ojos-altivos-en-la-familia\/#breadcrumb"},"inLanguage":"es","potentialAction":[{"@type":"ReadAction","target":["https:\/\/tabernaculoprensadedios.com\/web\/cuidado-con-los-ojos-altivos-en-la-familia\/"]}]},{"@type":"ImageObject","inLanguage":"es","@id":"https:\/\/tabernaculoprensadedios.com\/web\/cuidado-con-los-ojos-altivos-en-la-familia\/#primaryimage","url":"https:\/\/tabernaculoprensadedios.com\/web\/wp-content\/uploads\/2026\/01\/Altivos.avif","contentUrl":"https:\/\/tabernaculoprensadedios.com\/web\/wp-content\/uploads\/2026\/01\/Altivos.avif","width":1920,"height":1280},{"@type":"BreadcrumbList","@id":"https:\/\/tabernaculoprensadedios.com\/web\/cuidado-con-los-ojos-altivos-en-la-familia\/#breadcrumb","itemListElement":[{"@type":"ListItem","position":1,"name":"Portada","item":"https:\/\/tabernaculoprensadedios.com\/web\/"},{"@type":"ListItem","position":2,"name":"Cuidado con los Ojos Altivos en la Familia"}]},{"@type":"WebSite","@id":"https:\/\/tabernaculoprensadedios.com\/web\/#website","url":"https:\/\/tabernaculoprensadedios.com\/web\/","name":"Tabernaculo Prensa de Dios","description":"Un medio a la manera de Dios","publisher":{"@id":"https:\/\/tabernaculoprensadedios.com\/web\/#\/schema\/person\/bc0e069fef56b38e177db6f098ae0b6e"},"potentialAction":[{"@type":"SearchAction","target":{"@type":"EntryPoint","urlTemplate":"https:\/\/tabernaculoprensadedios.com\/web\/?s={search_term_string}"},"query-input":{"@type":"PropertyValueSpecification","valueRequired":true,"valueName":"search_term_string"}}],"inLanguage":"es"},{"@type":["Person","Organization"],"@id":"https:\/\/tabernaculoprensadedios.com\/web\/#\/schema\/person\/bc0e069fef56b38e177db6f098ae0b6e","name":"tabernaculo","image":{"@type":"ImageObject","inLanguage":"es","@id":"https:\/\/tabernaculoprensadedios.com\/web\/#\/schema\/person\/image\/","url":"https:\/\/tabernaculoprensadedios.com\/web\/wp-content\/uploads\/2015\/06\/login-logo1.png","contentUrl":"https:\/\/tabernaculoprensadedios.com\/web\/wp-content\/uploads\/2015\/06\/login-logo1.png","width":300,"height":118,"caption":"tabernaculo"},"logo":{"@id":"https:\/\/tabernaculoprensadedios.com\/web\/#\/schema\/person\/image\/"},"url":"https:\/\/tabernaculoprensadedios.com\/web\/author\/tabernaculo\/"}]}},"_links":{"self":[{"href":"https:\/\/tabernaculoprensadedios.com\/web\/wp-json\/wp\/v2\/posts\/36863","targetHints":{"allow":["GET"]}}],"collection":[{"href":"https:\/\/tabernaculoprensadedios.com\/web\/wp-json\/wp\/v2\/posts"}],"about":[{"href":"https:\/\/tabernaculoprensadedios.com\/web\/wp-json\/wp\/v2\/types\/post"}],"author":[{"embeddable":true,"href":"https:\/\/tabernaculoprensadedios.com\/web\/wp-json\/wp\/v2\/users\/1"}],"replies":[{"embeddable":true,"href":"https:\/\/tabernaculoprensadedios.com\/web\/wp-json\/wp\/v2\/comments?post=36863"}],"version-history":[{"count":1,"href":"https:\/\/tabernaculoprensadedios.com\/web\/wp-json\/wp\/v2\/posts\/36863\/revisions"}],"predecessor-version":[{"id":36865,"href":"https:\/\/tabernaculoprensadedios.com\/web\/wp-json\/wp\/v2\/posts\/36863\/revisions\/36865"}],"wp:featuredmedia":[{"embeddable":true,"href":"https:\/\/tabernaculoprensadedios.com\/web\/wp-json\/wp\/v2\/media\/36864"}],"wp:attachment":[{"href":"https:\/\/tabernaculoprensadedios.com\/web\/wp-json\/wp\/v2\/media?parent=36863"}],"wp:term":[{"taxonomy":"category","embeddable":true,"href":"https:\/\/tabernaculoprensadedios.com\/web\/wp-json\/wp\/v2\/categories?post=36863"},{"taxonomy":"post_tag","embeddable":true,"href":"https:\/\/tabernaculoprensadedios.com\/web\/wp-json\/wp\/v2\/tags?post=36863"}],"curies":[{"name":"wp","href":"https:\/\/api.w.org\/{rel}","templated":true}]}}