{"id":36604,"date":"2025-12-13T01:32:35","date_gmt":"2025-12-13T01:32:35","guid":{"rendered":"https:\/\/tabernaculoprensadedios.com\/web\/?p=36604"},"modified":"2025-12-13T01:32:35","modified_gmt":"2025-12-13T01:32:35","slug":"la-voz-que-llama-al-despertar","status":"publish","type":"post","link":"https:\/\/tabernaculoprensadedios.com\/web\/la-voz-que-llama-al-despertar\/","title":{"rendered":"La Voz que Llama al Despertar"},"content":{"rendered":"<p>El Amado nos llama con ternura:\u00a0<em>\u201cLev\u00e1ntate\u2026 ya pas\u00f3 el invierno\u201d<\/em>. Sus palabras siguen resonando hoy, invit\u00e1ndonos a dejar atr\u00e1s todo lo que enfri\u00f3 nuestro esp\u00edritu: la indiferencia, el cansancio, las batallas internas y los silencios que apagaron la fe.\u00a0<strong>Cantares 2-10-13<\/strong><\/p>\n<p>Jesucristo se acerca como el Amado de nuestras almas, record\u00e1ndonos que la vida espiritual no es una rutina, sino una relaci\u00f3n viva y apasionada. \u00c9l nos convoca a un renuevo: a un tiempo donde las flores vuelven a brotar, donde la vid da su fragancia y donde el alma recupera el color que hab\u00eda perdido.<\/p>\n<p>Su voz tambi\u00e9n nos despierta a la realidad de Su pronto regreso. No es tiempo de dormir ni de descuidar el coraz\u00f3n. Es tiempo de escuchar, de responder y de caminar en obediencia. Cada palabra que \u00c9l pronuncia es una invitaci\u00f3n a levantarnos y entrar en la estaci\u00f3n que prepar\u00f3 para nosotros.<\/p>\n<p>Hoy, el Esp\u00edritu Santo nos llama a dejar atr\u00e1s lo viejo, a abrazar lo nuevo y a permitir que Su presencia perfume nuestra vida con gracia fresca. Este es un d\u00eda para despertar a una fe m\u00e1s viva, una esperanza m\u00e1s firme y un amor m\u00e1s profundo.<\/p>\n<p>Que esta nueva temporada espiritual sea marcada por\u00a0<strong>Fe, Esperanza y Amor<\/strong>.<br \/>\n<strong>Gracia y Paz.<\/strong><\/p>\n\n\t\t<div class=\"clearfix\"><\/div>\n\t\t<div class=\"about-author about-author-box container-wrapper\">\n\t\t\t<div class=\"author-avatar\">\n\t\t\t\t<img loading=\"lazy\" decoding=\"async\" src=\"https:\/\/tabernaculoprensadedios.com\/web\/wp-content\/uploads\/2023\/06\/country-3880741_1280.jpg\" alt=\"Margarita Garc\u00eda\" class=\"author-avatar-img\" width=\"111\" height=\"111\" \/>\n\t\t\t<\/div>\n\t\t\t<div class=\"author-info\">\n\t\t\t\t<h4>Margarita Garc\u00eda<\/h4>Directora del Tabern\u00e1culo Prensa de Dios\n\t\t\t<\/div>\n\t\t<\/div>\n\t\n","protected":false},"excerpt":{"rendered":"<p>El Amado nos llama con ternura:\u00a0\u201cLev\u00e1ntate\u2026 ya pas\u00f3 el invierno\u201d. Sus palabras siguen resonando hoy, invit\u00e1ndonos a dejar atr\u00e1s todo lo que enfri\u00f3 nuestro esp\u00edritu: la indiferencia, el cansancio, las batallas internas y los silencios que apagaron la fe.\u00a0Cantares 2-10-13 Jesucristo se acerca como el Amado de nuestras almas, record\u00e1ndonos que la vida espiritual no &hellip;<\/p>\n","protected":false},"author":1,"featured_media":28361,"comment_status":"open","ping_status":"open","sticky":false,"template":"","format":"standard","meta":{"footnotes":""},"categories":[790],"tags":[],"class_list":["post-36604","post","type-post","status-publish","format-standard","has-post-thumbnail","hentry","category-voz-del-tabernaculo"],"yoast_head":"<!-- This site is optimized with the Yoast SEO Premium plugin v24.2 (Yoast SEO v27.1.1) - https:\/\/yoast.com\/product\/yoast-seo-premium-wordpress\/ -->\n<title>La Voz que Llama al Despertar - Tabernaculo Prensa de Dios<\/title>\n<meta name=\"robots\" content=\"index, follow, max-snippet:-1, max-image-preview:large, max-video-preview:-1\" \/>\n<link rel=\"canonical\" href=\"https:\/\/tabernaculoprensadedios.com\/web\/la-voz-que-llama-al-despertar\/\" class=\"yoast-seo-meta-tag\" \/>\n<meta property=\"og:locale\" content=\"es_ES\" class=\"yoast-seo-meta-tag\" \/>\n<meta property=\"og:type\" content=\"article\" class=\"yoast-seo-meta-tag\" \/>\n<meta property=\"og:title\" content=\"La Voz que Llama al Despertar\" class=\"yoast-seo-meta-tag\" \/>\n<meta property=\"og:description\" content=\"El Amado nos llama con ternura:\u00a0\u201cLev\u00e1ntate\u2026 ya pas\u00f3 el invierno\u201d. Sus palabras siguen resonando hoy, invit\u00e1ndonos a dejar atr\u00e1s todo lo que enfri\u00f3 nuestro esp\u00edritu: la indiferencia, el cansancio, las batallas internas y los silencios que apagaron la fe.\u00a0Cantares 2-10-13 Jesucristo se acerca como el Amado de nuestras almas, record\u00e1ndonos que la vida espiritual no &hellip;\" class=\"yoast-seo-meta-tag\" \/>\n<meta property=\"og:url\" content=\"https:\/\/tabernaculoprensadedios.com\/web\/la-voz-que-llama-al-despertar\/\" class=\"yoast-seo-meta-tag\" \/>\n<meta property=\"og:site_name\" content=\"Tabernaculo Prensa de Dios\" class=\"yoast-seo-meta-tag\" \/>\n<meta property=\"article:published_time\" content=\"2025-12-13T01:32:35+00:00\" class=\"yoast-seo-meta-tag\" \/>\n<meta property=\"og:image\" content=\"https:\/\/tabernaculoprensadedios.com\/web\/wp-content\/uploads\/2023\/06\/country-3880741_1280.jpg\" class=\"yoast-seo-meta-tag\" \/>\n\t<meta property=\"og:image:width\" content=\"1280\" class=\"yoast-seo-meta-tag\" \/>\n\t<meta property=\"og:image:height\" content=\"853\" class=\"yoast-seo-meta-tag\" \/>\n\t<meta property=\"og:image:type\" content=\"image\/jpeg\" class=\"yoast-seo-meta-tag\" \/>\n<meta name=\"author\" content=\"tabernaculo\" class=\"yoast-seo-meta-tag\" \/>\n<meta name=\"twitter:card\" content=\"summary_large_image\" class=\"yoast-seo-meta-tag\" \/>\n<meta name=\"twitter:creator\" content=\"@PrensadeDios\" class=\"yoast-seo-meta-tag\" \/>\n<meta name=\"twitter:site\" content=\"@PrensadeDios\" class=\"yoast-seo-meta-tag\" \/>\n<meta name=\"twitter:label1\" content=\"Escrito por\" class=\"yoast-seo-meta-tag\" \/>\n\t<meta name=\"twitter:data1\" content=\"tabernaculo\" class=\"yoast-seo-meta-tag\" \/>\n\t<meta name=\"twitter:label2\" content=\"Tiempo de lectura\" class=\"yoast-seo-meta-tag\" \/>\n\t<meta name=\"twitter:data2\" content=\"2 minutos\" class=\"yoast-seo-meta-tag\" \/>\n<script type=\"application\/ld+json\" class=\"yoast-schema-graph\">{\"@context\":\"https:\/\/schema.org\",\"@graph\":[{\"@type\":\"Article\",\"@id\":\"https:\/\/tabernaculoprensadedios.com\/web\/la-voz-que-llama-al-despertar\/#article\",\"isPartOf\":{\"@id\":\"https:\/\/tabernaculoprensadedios.com\/web\/la-voz-que-llama-al-despertar\/\"},\"author\":{\"name\":\"tabernaculo\",\"@id\":\"https:\/\/tabernaculoprensadedios.com\/web\/#\/schema\/person\/bc0e069fef56b38e177db6f098ae0b6e\"},\"headline\":\"La Voz que Llama al Despertar\",\"datePublished\":\"2025-12-13T01:32:35+00:00\",\"mainEntityOfPage\":{\"@id\":\"https:\/\/tabernaculoprensadedios.com\/web\/la-voz-que-llama-al-despertar\/\"},\"wordCount\":257,\"commentCount\":0,\"publisher\":{\"@id\":\"https:\/\/tabernaculoprensadedios.com\/web\/#\/schema\/person\/bc0e069fef56b38e177db6f098ae0b6e\"},\"image\":{\"@id\":\"https:\/\/tabernaculoprensadedios.com\/web\/la-voz-que-llama-al-despertar\/#primaryimage\"},\"thumbnailUrl\":\"https:\/\/tabernaculoprensadedios.com\/web\/wp-content\/uploads\/2023\/06\/country-3880741_1280.jpg\",\"articleSection\":[\"Voz del Tabern\u00e1culo\"],\"inLanguage\":\"es\",\"potentialAction\":[{\"@type\":\"CommentAction\",\"name\":\"Comment\",\"target\":[\"https:\/\/tabernaculoprensadedios.com\/web\/la-voz-que-llama-al-despertar\/#respond\"]}]},{\"@type\":\"WebPage\",\"@id\":\"https:\/\/tabernaculoprensadedios.com\/web\/la-voz-que-llama-al-despertar\/\",\"url\":\"https:\/\/tabernaculoprensadedios.com\/web\/la-voz-que-llama-al-despertar\/\",\"name\":\"La Voz que Llama al Despertar - Tabernaculo Prensa de Dios\",\"isPartOf\":{\"@id\":\"https:\/\/tabernaculoprensadedios.com\/web\/#website\"},\"primaryImageOfPage\":{\"@id\":\"https:\/\/tabernaculoprensadedios.com\/web\/la-voz-que-llama-al-despertar\/#primaryimage\"},\"image\":{\"@id\":\"https:\/\/tabernaculoprensadedios.com\/web\/la-voz-que-llama-al-despertar\/#primaryimage\"},\"thumbnailUrl\":\"https:\/\/tabernaculoprensadedios.com\/web\/wp-content\/uploads\/2023\/06\/country-3880741_1280.jpg\",\"datePublished\":\"2025-12-13T01:32:35+00:00\",\"breadcrumb\":{\"@id\":\"https:\/\/tabernaculoprensadedios.com\/web\/la-voz-que-llama-al-despertar\/#breadcrumb\"},\"inLanguage\":\"es\",\"potentialAction\":[{\"@type\":\"ReadAction\",\"target\":[\"https:\/\/tabernaculoprensadedios.com\/web\/la-voz-que-llama-al-despertar\/\"]}]},{\"@type\":\"ImageObject\",\"inLanguage\":\"es\",\"@id\":\"https:\/\/tabernaculoprensadedios.com\/web\/la-voz-que-llama-al-despertar\/#primaryimage\",\"url\":\"https:\/\/tabernaculoprensadedios.com\/web\/wp-content\/uploads\/2023\/06\/country-3880741_1280.jpg\",\"contentUrl\":\"https:\/\/tabernaculoprensadedios.com\/web\/wp-content\/uploads\/2023\/06\/country-3880741_1280.jpg\",\"width\":1280,\"height\":853},{\"@type\":\"BreadcrumbList\",\"@id\":\"https:\/\/tabernaculoprensadedios.com\/web\/la-voz-que-llama-al-despertar\/#breadcrumb\",\"itemListElement\":[{\"@type\":\"ListItem\",\"position\":1,\"name\":\"Portada\",\"item\":\"https:\/\/tabernaculoprensadedios.com\/web\/\"},{\"@type\":\"ListItem\",\"position\":2,\"name\":\"La Voz que Llama al Despertar\"}]},{\"@type\":\"WebSite\",\"@id\":\"https:\/\/tabernaculoprensadedios.com\/web\/#website\",\"url\":\"https:\/\/tabernaculoprensadedios.com\/web\/\",\"name\":\"Tabernaculo Prensa de Dios\",\"description\":\"Un medio a la manera de Dios\",\"publisher\":{\"@id\":\"https:\/\/tabernaculoprensadedios.com\/web\/#\/schema\/person\/bc0e069fef56b38e177db6f098ae0b6e\"},\"potentialAction\":[{\"@type\":\"SearchAction\",\"target\":{\"@type\":\"EntryPoint\",\"urlTemplate\":\"https:\/\/tabernaculoprensadedios.com\/web\/?s={search_term_string}\"},\"query-input\":{\"@type\":\"PropertyValueSpecification\",\"valueRequired\":true,\"valueName\":\"search_term_string\"}}],\"inLanguage\":\"es\"},{\"@type\":[\"Person\",\"Organization\"],\"@id\":\"https:\/\/tabernaculoprensadedios.com\/web\/#\/schema\/person\/bc0e069fef56b38e177db6f098ae0b6e\",\"name\":\"tabernaculo\",\"image\":{\"@type\":\"ImageObject\",\"inLanguage\":\"es\",\"@id\":\"https:\/\/tabernaculoprensadedios.com\/web\/#\/schema\/person\/image\/\",\"url\":\"https:\/\/tabernaculoprensadedios.com\/web\/wp-content\/uploads\/2015\/06\/login-logo1.png\",\"contentUrl\":\"https:\/\/tabernaculoprensadedios.com\/web\/wp-content\/uploads\/2015\/06\/login-logo1.png\",\"width\":300,\"height\":118,\"caption\":\"tabernaculo\"},\"logo\":{\"@id\":\"https:\/\/tabernaculoprensadedios.com\/web\/#\/schema\/person\/image\/\"},\"url\":\"https:\/\/tabernaculoprensadedios.com\/web\/author\/tabernaculo\/\"}]}<\/script>\n<!-- \/ Yoast SEO Premium plugin. -->","yoast_head_json":{"title":"La Voz que Llama al Despertar - Tabernaculo Prensa de Dios","robots":{"index":"index","follow":"follow","max-snippet":"max-snippet:-1","max-image-preview":"max-image-preview:large","max-video-preview":"max-video-preview:-1"},"canonical":"https:\/\/tabernaculoprensadedios.com\/web\/la-voz-que-llama-al-despertar\/","og_locale":"es_ES","og_type":"article","og_title":"La Voz que Llama al Despertar","og_description":"El Amado nos llama con ternura:\u00a0\u201cLev\u00e1ntate\u2026 ya pas\u00f3 el invierno\u201d. Sus palabras siguen resonando hoy, invit\u00e1ndonos a dejar atr\u00e1s todo lo que enfri\u00f3 nuestro esp\u00edritu: la indiferencia, el cansancio, las batallas internas y los silencios que apagaron la fe.\u00a0Cantares 2-10-13 Jesucristo se acerca como el Amado de nuestras almas, record\u00e1ndonos que la vida espiritual no &hellip;","og_url":"https:\/\/tabernaculoprensadedios.com\/web\/la-voz-que-llama-al-despertar\/","og_site_name":"Tabernaculo Prensa de Dios","article_published_time":"2025-12-13T01:32:35+00:00","og_image":[{"width":1280,"height":853,"url":"https:\/\/tabernaculoprensadedios.com\/web\/wp-content\/uploads\/2023\/06\/country-3880741_1280.jpg","type":"image\/jpeg"}],"author":"tabernaculo","twitter_card":"summary_large_image","twitter_creator":"@PrensadeDios","twitter_site":"@PrensadeDios","twitter_misc":{"Escrito por":"tabernaculo","Tiempo de lectura":"2 minutos"},"schema":{"@context":"https:\/\/schema.org","@graph":[{"@type":"Article","@id":"https:\/\/tabernaculoprensadedios.com\/web\/la-voz-que-llama-al-despertar\/#article","isPartOf":{"@id":"https:\/\/tabernaculoprensadedios.com\/web\/la-voz-que-llama-al-despertar\/"},"author":{"name":"tabernaculo","@id":"https:\/\/tabernaculoprensadedios.com\/web\/#\/schema\/person\/bc0e069fef56b38e177db6f098ae0b6e"},"headline":"La Voz que Llama al Despertar","datePublished":"2025-12-13T01:32:35+00:00","mainEntityOfPage":{"@id":"https:\/\/tabernaculoprensadedios.com\/web\/la-voz-que-llama-al-despertar\/"},"wordCount":257,"commentCount":0,"publisher":{"@id":"https:\/\/tabernaculoprensadedios.com\/web\/#\/schema\/person\/bc0e069fef56b38e177db6f098ae0b6e"},"image":{"@id":"https:\/\/tabernaculoprensadedios.com\/web\/la-voz-que-llama-al-despertar\/#primaryimage"},"thumbnailUrl":"https:\/\/tabernaculoprensadedios.com\/web\/wp-content\/uploads\/2023\/06\/country-3880741_1280.jpg","articleSection":["Voz del Tabern\u00e1culo"],"inLanguage":"es","potentialAction":[{"@type":"CommentAction","name":"Comment","target":["https:\/\/tabernaculoprensadedios.com\/web\/la-voz-que-llama-al-despertar\/#respond"]}]},{"@type":"WebPage","@id":"https:\/\/tabernaculoprensadedios.com\/web\/la-voz-que-llama-al-despertar\/","url":"https:\/\/tabernaculoprensadedios.com\/web\/la-voz-que-llama-al-despertar\/","name":"La Voz que Llama al Despertar - Tabernaculo Prensa de Dios","isPartOf":{"@id":"https:\/\/tabernaculoprensadedios.com\/web\/#website"},"primaryImageOfPage":{"@id":"https:\/\/tabernaculoprensadedios.com\/web\/la-voz-que-llama-al-despertar\/#primaryimage"},"image":{"@id":"https:\/\/tabernaculoprensadedios.com\/web\/la-voz-que-llama-al-despertar\/#primaryimage"},"thumbnailUrl":"https:\/\/tabernaculoprensadedios.com\/web\/wp-content\/uploads\/2023\/06\/country-3880741_1280.jpg","datePublished":"2025-12-13T01:32:35+00:00","breadcrumb":{"@id":"https:\/\/tabernaculoprensadedios.com\/web\/la-voz-que-llama-al-despertar\/#breadcrumb"},"inLanguage":"es","potentialAction":[{"@type":"ReadAction","target":["https:\/\/tabernaculoprensadedios.com\/web\/la-voz-que-llama-al-despertar\/"]}]},{"@type":"ImageObject","inLanguage":"es","@id":"https:\/\/tabernaculoprensadedios.com\/web\/la-voz-que-llama-al-despertar\/#primaryimage","url":"https:\/\/tabernaculoprensadedios.com\/web\/wp-content\/uploads\/2023\/06\/country-3880741_1280.jpg","contentUrl":"https:\/\/tabernaculoprensadedios.com\/web\/wp-content\/uploads\/2023\/06\/country-3880741_1280.jpg","width":1280,"height":853},{"@type":"BreadcrumbList","@id":"https:\/\/tabernaculoprensadedios.com\/web\/la-voz-que-llama-al-despertar\/#breadcrumb","itemListElement":[{"@type":"ListItem","position":1,"name":"Portada","item":"https:\/\/tabernaculoprensadedios.com\/web\/"},{"@type":"ListItem","position":2,"name":"La Voz que Llama al Despertar"}]},{"@type":"WebSite","@id":"https:\/\/tabernaculoprensadedios.com\/web\/#website","url":"https:\/\/tabernaculoprensadedios.com\/web\/","name":"Tabernaculo Prensa de Dios","description":"Un medio a la manera de Dios","publisher":{"@id":"https:\/\/tabernaculoprensadedios.com\/web\/#\/schema\/person\/bc0e069fef56b38e177db6f098ae0b6e"},"potentialAction":[{"@type":"SearchAction","target":{"@type":"EntryPoint","urlTemplate":"https:\/\/tabernaculoprensadedios.com\/web\/?s={search_term_string}"},"query-input":{"@type":"PropertyValueSpecification","valueRequired":true,"valueName":"search_term_string"}}],"inLanguage":"es"},{"@type":["Person","Organization"],"@id":"https:\/\/tabernaculoprensadedios.com\/web\/#\/schema\/person\/bc0e069fef56b38e177db6f098ae0b6e","name":"tabernaculo","image":{"@type":"ImageObject","inLanguage":"es","@id":"https:\/\/tabernaculoprensadedios.com\/web\/#\/schema\/person\/image\/","url":"https:\/\/tabernaculoprensadedios.com\/web\/wp-content\/uploads\/2015\/06\/login-logo1.png","contentUrl":"https:\/\/tabernaculoprensadedios.com\/web\/wp-content\/uploads\/2015\/06\/login-logo1.png","width":300,"height":118,"caption":"tabernaculo"},"logo":{"@id":"https:\/\/tabernaculoprensadedios.com\/web\/#\/schema\/person\/image\/"},"url":"https:\/\/tabernaculoprensadedios.com\/web\/author\/tabernaculo\/"}]}},"_links":{"self":[{"href":"https:\/\/tabernaculoprensadedios.com\/web\/wp-json\/wp\/v2\/posts\/36604","targetHints":{"allow":["GET"]}}],"collection":[{"href":"https:\/\/tabernaculoprensadedios.com\/web\/wp-json\/wp\/v2\/posts"}],"about":[{"href":"https:\/\/tabernaculoprensadedios.com\/web\/wp-json\/wp\/v2\/types\/post"}],"author":[{"embeddable":true,"href":"https:\/\/tabernaculoprensadedios.com\/web\/wp-json\/wp\/v2\/users\/1"}],"replies":[{"embeddable":true,"href":"https:\/\/tabernaculoprensadedios.com\/web\/wp-json\/wp\/v2\/comments?post=36604"}],"version-history":[{"count":1,"href":"https:\/\/tabernaculoprensadedios.com\/web\/wp-json\/wp\/v2\/posts\/36604\/revisions"}],"predecessor-version":[{"id":36605,"href":"https:\/\/tabernaculoprensadedios.com\/web\/wp-json\/wp\/v2\/posts\/36604\/revisions\/36605"}],"wp:featuredmedia":[{"embeddable":true,"href":"https:\/\/tabernaculoprensadedios.com\/web\/wp-json\/wp\/v2\/media\/28361"}],"wp:attachment":[{"href":"https:\/\/tabernaculoprensadedios.com\/web\/wp-json\/wp\/v2\/media?parent=36604"}],"wp:term":[{"taxonomy":"category","embeddable":true,"href":"https:\/\/tabernaculoprensadedios.com\/web\/wp-json\/wp\/v2\/categories?post=36604"},{"taxonomy":"post_tag","embeddable":true,"href":"https:\/\/tabernaculoprensadedios.com\/web\/wp-json\/wp\/v2\/tags?post=36604"}],"curies":[{"name":"wp","href":"https:\/\/api.w.org\/{rel}","templated":true}]}}