{"id":36600,"date":"2025-12-13T01:29:18","date_gmt":"2025-12-13T01:29:18","guid":{"rendered":"https:\/\/tabernaculoprensadedios.com\/web\/?p=36600"},"modified":"2025-12-13T01:29:18","modified_gmt":"2025-12-13T01:29:18","slug":"fin-de-ano-una-invitacion-del-cielo-para-el-alma-sedienta","status":"publish","type":"post","link":"https:\/\/tabernaculoprensadedios.com\/web\/fin-de-ano-una-invitacion-del-cielo-para-el-alma-sedienta\/","title":{"rendered":"Fin de A\u00f1o. Una Invitaci\u00f3n del Cielo para el Alma Sedienta"},"content":{"rendered":"<p><strong><em>ISA\u00cdAS 55:1-3 A todos los sedientos: Venid a las aguas; y los que no tienen dinero, venid, comprad y comed. Venid, comprad sin dinero y sin precio, vino y leche. 2 \u00bfPor qu\u00e9 gast\u00e1is el dinero en lo que no es pan, y vuestro trabajo en lo que no sacia? O\u00eddme atentamente, y comed del bien, y se deleitar\u00e1 vuestra alma con grosura. 3 Inclinad vuestro o\u00eddo, y venid a m\u00ed; o\u00edd, y vivir\u00e1 vuestra alma; y har\u00e9 con vosotros pacto eterno, las misericordias firmes a David.<\/em><\/strong><\/p>\n<p>Estamos cerrando el a\u00f1o, es una \u00e9poca de celebraci\u00f3n, de alegr\u00eda y de momentos para compartir con la familia y los amigos.<\/p>\n<p>En esta \u00e9poca se pueden recibir muchas invitaciones, pero NINGUNA INVITACI\u00d3N PUEDE SUPERAR LA INVITACI\u00d3N QUE NOS HACE EL SE\u00d1OR por medio de su palabra:<\/p>\n<p>REFLEXIONEMOS EN LA PALABRA DE DIOS EN QU\u00c9 CONSISTE LA INVITACI\u00d3N QUE NOS HACE EL SE\u00d1OR A CADA UNO DE NOSOTROS:<\/p>\n<p><strong>I) ES UNA INVITACI\u00d3N A TODOS LOS SEDIENTOS<\/strong><br \/>\n(ISA\u00cdAS 55:1A) \u201cA todos los sedientos: Venid a las aguas;&#8230;\u201d.<\/p>\n<p>Cuando alguien est\u00e1 cediendo lo \u00fanico que necesita es AGUA, La sed no es solo una sensaci\u00f3n: es una se\u00f1al de alarma del cuerpo que necesita agua porque est\u00e1 DESHIDRATADO.<\/p>\n<p>Cuando el cuerpo pierde agua el cerebro detecta ese descenso y env\u00eda LA SE\u00d1AL DE SED. Ning\u00fan otro l\u00edquido satisface completamente esa necesidad biol\u00f3gica m\u00e1s que el agua.<\/p>\n<p>Cuando tenemos sed podemos tomar otros l\u00edquidos que nos pueden refrescar, pero solamente pueden dar una sensaci\u00f3n moment\u00e1nea de alivio.<\/p>\n<p>Esto nos demuestra que el agua es la \u00fanica bebida que el cuerpo reconoce como \u201csuficiente\u201d, es por eso que solamente con agua la sed se apaga de verdad.<\/p>\n<p>Este llamado de Dios es para LOS QUE YA PROBARON TODO EN LA VIDA PERO NADA LES SATISFACE VERDADERAMENTE, nada les quita la sed de su coraz\u00f3n.<\/p>\n<p>Es un llamado para todos aquellos que YA LUCHARON EN SUS PROPIAS FUERZAS para alcanzarlo todo en la vida PERO A\u00daN SE SIENTEN VAC\u00cdOS (Hageo 1:6) Sembr\u00e1is mucho, y recog\u00e9is poco; com\u00e9is, y no os saci\u00e1is; beb\u00e9is, y no qued\u00e1is satisfechos; os vest\u00eds, y no os calent\u00e1is; y el que trabaja a jornal recibe su jornal en saco roto.<\/p>\n<p>EL SE\u00d1OR NOS DICE HOY: VENID A LAS AGUAS, Esta es la misma invitaci\u00f3n que nos hace nuestro Se\u00f1or Jesucristo (Juan 7:37-38) En el \u00faltimo y gran d\u00eda de la fiesta, Jes\u00fas se puso en pie y alz\u00f3 la voz, diciendo: Si alguno tiene sed, venga a m\u00ed y beba. 38 El que cree en m\u00ed, como dice la Escritura, de su interior correr\u00e1n r\u00edos de agua viva.<\/p>\n<p><strong>II) ES UNA INVITACI\u00d3N TAMBI\u00c9N PARA LOS QUE NO TIENEN DINERO<\/strong><br \/>\n(ISA\u00cdAS 55:1B) \u201c&#8230;y los que no tienen dinero, venid, comprad y comed. Venid, comprad sin dinero y sin precio, vino y leche..\u201d.<\/p>\n<p>Muchas personas piensan que por no tener suficiente dinero, un buen salario o un buen empleo, no tienen acceso a las mejores cosas de la vida, y POR ESO SE SIENTEN FRUSTRADOS E INSATISFECHOS.<\/p>\n<p>Son aquellas personas que han cre\u00eddo que solamente si pueden comprar una casa, un veh\u00edculo, joyas, ropa de marca, vacaciones, etc pueden ser verdaderamente felices y sentirse completamente satisfechos con su vida.<\/p>\n<p>Es por eso que el Se\u00f1or nos hace un llamado para que podamos EXPERIMENTAR SU GRACIA. Comprar sin dinero y sin precio significa que por medio de nuestro Se\u00f1or Jesucristo podemos obtener lo verdaderamente valioso para nuestra vida DE GRATIS: Perd\u00f3n, Salvaci\u00f3n, Vida eterna, Gozo, Paz, Esperanza y Restauraci\u00f3n, (Efesios 2:8-9) Porque por gracia sois salvos por medio de la fe; y esto no de vosotros, pues es don de Dios; 9 no por obras, para que nadie se glor\u00ede.<\/p>\n<p><strong>III) ES UN LLAMADO A RECONOCER QUE NADA DE LO QUE SE COMPRA PUEDE SACIAR VERDADERAMENTE NUESTRA VIDA<\/strong><br \/>\n(ISA\u00cdAS 55:1-2) \u00bfPor qu\u00e9 gast\u00e1is el dinero en lo que no es pan, y vuestro trabajo en lo que no sacia? O\u00eddme atentamente, y comed del bien, y se deleitar\u00e1 vuestra alma con grosura.<\/p>\n<p>Verdaderamente el pan puede saciar nuestro est\u00f3mago, pero tenemos que comprender que nada de lo que compramos puede saciar nuestro coraz\u00f3n, nada de eso puede satisfacer nuestra alma en nuestro interior.<\/p>\n<p>La palabra de Dios nos lo declara: NADA DE LO QUE COMPRAMOS PUEDE LLENAR NUESTRO CORAZ\u00d3N (Eclesiast\u00e9s 6:7) Todo el trabajo del hombre es para su boca, y con todo eso su deseo no se sacia.<\/p>\n<p>Es necesario comprender que no es la comida, no es la ropa, no son los t\u00edtulos acad\u00e9micos, no son las posesiones materiales, no es nuestro sueldo, lo que puede llenar y el vac\u00edo de nuestro coraz\u00f3n y hacernos sentir satisfechos, ES LA PRESENCIA DE DIOS EN NUESTRA VIDA LO QUE LE DA VERDADERA SATISFACCI\u00d3N A NUESTRO CORAZ\u00d3N (Juan 4:14) mas el que bebiere del agua que yo le dar\u00e9, no tendr\u00e1 sed jam\u00e1s; sino que el agua que yo le dar\u00e9 ser\u00e1 en \u00e9l una fuente de agua que salte para vida eterna.<\/p>\n<p><strong>IV) SOLAMENTE HAY UNA CONDICI\u00d3N PARA ACEPTAR LA INVITACI\u00d3N DEL SE\u00d1OR: HUMILDAD<\/strong><br \/>\n(ISA\u00cdAS 55:3) Inclinad vuestro o\u00eddo, y venid a m\u00ed; o\u00edd, y vivir\u00e1 vuestra alma; y har\u00e9 con vosotros pacto eterno, las misericordias firmes a David.<\/p>\n<p>El Se\u00f1or nos dice INCLINAD VUESTRO O\u00cdDO Y VENID A M\u00cd y para poder hacer eso necesitamos tener un coraz\u00f3n humilde, que reconozca verdaderamente su necesidad, que reconozca que solamente el Se\u00f1or puede llenar el vac\u00edo de nuestro coraz\u00f3n.<\/p>\n<p>Podemos decir entonces que el \u00daNICO OBST\u00c1CULO PARA PODER EXPERIMENTAR LA GRACIA DE DIOS Y SUS BENDICIONES PARA NUESTRA VIDA ES LA SOBERBIA DE UN CORAZ\u00d3N AUTOSUFICIENTE Y NECIO (Malaqu\u00edas 3:7) Desde los d\u00edas de vuestros padres os hab\u00e9is apartado de mis leyes, y no las guardasteis. Volveos a m\u00ed, y yo me volver\u00e9 a vosotros, ha dicho Jehov\u00e1 de los ej\u00e9rcitos. Mas dijisteis: \u00bfEn qu\u00e9 hemos de volvernos?.<\/p>\n<p>SEAMOS SABIOS Y HUMILDES para aceptar LA MEJOR INVITACI\u00d3N DE FIN DE A\u00d1O Y DE TODA NUESTRA VIDA ya no caminemos con sed, dejemos que la presencia del Se\u00f1or llene por completo nuestra vida.<\/p>\n<p><strong>CONCLUSI\u00d3N:<\/strong> No importa cu\u00e1nto hayamos trabajado, cu\u00e1nto hayamos intentado llenar nuestro coraz\u00f3n con cosas materiales, o cu\u00e1nto hayamos buscado satisfacci\u00f3n en nuestras propias fuerzas. Nada puede llenar el alma excepto la presencia del Se\u00f1or. Que este fin de a\u00f1o no solo sea un cierre, sino un nuevo comienzo tomando la decisi\u00f3n m\u00e1s importante de todas: aceptar la invitaci\u00f3n del Se\u00f1or y permitir que \u00c9l sea nuestra fuente, nuestra satisfacci\u00f3n y nuestra vida.<\/p>\n","protected":false},"excerpt":{"rendered":"<p>ISA\u00cdAS 55:1-3 A todos los sedientos: Venid a las aguas; y los que no tienen dinero, venid, comprad y comed. Venid, comprad sin dinero y sin precio, vino y leche. 2 \u00bfPor qu\u00e9 gast\u00e1is el dinero en lo que no es pan, y vuestro trabajo en lo que no sacia? O\u00eddme atentamente, y comed del &hellip;<\/p>\n","protected":false},"author":1,"featured_media":36602,"comment_status":"open","ping_status":"open","sticky":false,"template":"","format":"standard","meta":{"footnotes":""},"categories":[38],"tags":[],"class_list":["post-36600","post","type-post","status-publish","format-standard","has-post-thumbnail","hentry","category-principal"],"yoast_head":"<!-- This site is optimized with the Yoast SEO Premium plugin v24.2 (Yoast SEO v27.1.1) - https:\/\/yoast.com\/product\/yoast-seo-premium-wordpress\/ -->\n<title>Fin de A\u00f1o. Una Invitaci\u00f3n del Cielo para el Alma Sedienta - Tabernaculo Prensa de Dios<\/title>\n<meta name=\"robots\" content=\"index, follow, max-snippet:-1, max-image-preview:large, max-video-preview:-1\" \/>\n<link rel=\"canonical\" href=\"https:\/\/tabernaculoprensadedios.com\/web\/fin-de-ano-una-invitacion-del-cielo-para-el-alma-sedienta\/\" class=\"yoast-seo-meta-tag\" \/>\n<meta property=\"og:locale\" content=\"es_ES\" class=\"yoast-seo-meta-tag\" \/>\n<meta property=\"og:type\" content=\"article\" class=\"yoast-seo-meta-tag\" \/>\n<meta property=\"og:title\" content=\"Fin de A\u00f1o. Una Invitaci\u00f3n del Cielo para el Alma Sedienta\" class=\"yoast-seo-meta-tag\" \/>\n<meta property=\"og:description\" content=\"ISA\u00cdAS 55:1-3 A todos los sedientos: Venid a las aguas; y los que no tienen dinero, venid, comprad y comed. Venid, comprad sin dinero y sin precio, vino y leche. 2 \u00bfPor qu\u00e9 gast\u00e1is el dinero en lo que no es pan, y vuestro trabajo en lo que no sacia? O\u00eddme atentamente, y comed del &hellip;\" class=\"yoast-seo-meta-tag\" \/>\n<meta property=\"og:url\" content=\"https:\/\/tabernaculoprensadedios.com\/web\/fin-de-ano-una-invitacion-del-cielo-para-el-alma-sedienta\/\" class=\"yoast-seo-meta-tag\" \/>\n<meta property=\"og:site_name\" content=\"Tabernaculo Prensa de Dios\" class=\"yoast-seo-meta-tag\" \/>\n<meta property=\"article:published_time\" content=\"2025-12-13T01:29:18+00:00\" class=\"yoast-seo-meta-tag\" \/>\n<meta property=\"og:image\" content=\"https:\/\/tabernaculoprensadedios.com\/web\/wp-content\/uploads\/2025\/12\/Alma-Sedienta.avif\" class=\"yoast-seo-meta-tag\" \/>\n\t<meta property=\"og:image:width\" content=\"1920\" class=\"yoast-seo-meta-tag\" \/>\n\t<meta property=\"og:image:height\" content=\"1073\" class=\"yoast-seo-meta-tag\" \/>\n\t<meta property=\"og:image:type\" content=\"image\/jpeg\" class=\"yoast-seo-meta-tag\" \/>\n<meta name=\"author\" content=\"tabernaculo\" class=\"yoast-seo-meta-tag\" \/>\n<meta name=\"twitter:card\" content=\"summary_large_image\" class=\"yoast-seo-meta-tag\" \/>\n<meta name=\"twitter:creator\" content=\"@PrensadeDios\" class=\"yoast-seo-meta-tag\" \/>\n<meta name=\"twitter:site\" content=\"@PrensadeDios\" class=\"yoast-seo-meta-tag\" \/>\n<meta name=\"twitter:label1\" content=\"Escrito por\" class=\"yoast-seo-meta-tag\" \/>\n\t<meta name=\"twitter:data1\" content=\"tabernaculo\" class=\"yoast-seo-meta-tag\" \/>\n\t<meta name=\"twitter:label2\" content=\"Tiempo de lectura\" class=\"yoast-seo-meta-tag\" \/>\n\t<meta name=\"twitter:data2\" content=\"6 minutos\" class=\"yoast-seo-meta-tag\" \/>\n<script type=\"application\/ld+json\" class=\"yoast-schema-graph\">{\"@context\":\"https:\/\/schema.org\",\"@graph\":[{\"@type\":\"Article\",\"@id\":\"https:\/\/tabernaculoprensadedios.com\/web\/fin-de-ano-una-invitacion-del-cielo-para-el-alma-sedienta\/#article\",\"isPartOf\":{\"@id\":\"https:\/\/tabernaculoprensadedios.com\/web\/fin-de-ano-una-invitacion-del-cielo-para-el-alma-sedienta\/\"},\"author\":{\"name\":\"tabernaculo\",\"@id\":\"https:\/\/tabernaculoprensadedios.com\/web\/#\/schema\/person\/bc0e069fef56b38e177db6f098ae0b6e\"},\"headline\":\"Fin de A\u00f1o. Una Invitaci\u00f3n del Cielo para el Alma Sedienta\",\"datePublished\":\"2025-12-13T01:29:18+00:00\",\"mainEntityOfPage\":{\"@id\":\"https:\/\/tabernaculoprensadedios.com\/web\/fin-de-ano-una-invitacion-del-cielo-para-el-alma-sedienta\/\"},\"wordCount\":1183,\"commentCount\":0,\"publisher\":{\"@id\":\"https:\/\/tabernaculoprensadedios.com\/web\/#\/schema\/person\/bc0e069fef56b38e177db6f098ae0b6e\"},\"image\":{\"@id\":\"https:\/\/tabernaculoprensadedios.com\/web\/fin-de-ano-una-invitacion-del-cielo-para-el-alma-sedienta\/#primaryimage\"},\"thumbnailUrl\":\"https:\/\/tabernaculoprensadedios.com\/web\/wp-content\/uploads\/2025\/12\/Alma-Sedienta.avif\",\"articleSection\":[\"Principal\"],\"inLanguage\":\"es\",\"potentialAction\":[{\"@type\":\"CommentAction\",\"name\":\"Comment\",\"target\":[\"https:\/\/tabernaculoprensadedios.com\/web\/fin-de-ano-una-invitacion-del-cielo-para-el-alma-sedienta\/#respond\"]}]},{\"@type\":\"WebPage\",\"@id\":\"https:\/\/tabernaculoprensadedios.com\/web\/fin-de-ano-una-invitacion-del-cielo-para-el-alma-sedienta\/\",\"url\":\"https:\/\/tabernaculoprensadedios.com\/web\/fin-de-ano-una-invitacion-del-cielo-para-el-alma-sedienta\/\",\"name\":\"Fin de A\u00f1o. Una Invitaci\u00f3n del Cielo para el Alma Sedienta - Tabernaculo Prensa de Dios\",\"isPartOf\":{\"@id\":\"https:\/\/tabernaculoprensadedios.com\/web\/#website\"},\"primaryImageOfPage\":{\"@id\":\"https:\/\/tabernaculoprensadedios.com\/web\/fin-de-ano-una-invitacion-del-cielo-para-el-alma-sedienta\/#primaryimage\"},\"image\":{\"@id\":\"https:\/\/tabernaculoprensadedios.com\/web\/fin-de-ano-una-invitacion-del-cielo-para-el-alma-sedienta\/#primaryimage\"},\"thumbnailUrl\":\"https:\/\/tabernaculoprensadedios.com\/web\/wp-content\/uploads\/2025\/12\/Alma-Sedienta.avif\",\"datePublished\":\"2025-12-13T01:29:18+00:00\",\"breadcrumb\":{\"@id\":\"https:\/\/tabernaculoprensadedios.com\/web\/fin-de-ano-una-invitacion-del-cielo-para-el-alma-sedienta\/#breadcrumb\"},\"inLanguage\":\"es\",\"potentialAction\":[{\"@type\":\"ReadAction\",\"target\":[\"https:\/\/tabernaculoprensadedios.com\/web\/fin-de-ano-una-invitacion-del-cielo-para-el-alma-sedienta\/\"]}]},{\"@type\":\"ImageObject\",\"inLanguage\":\"es\",\"@id\":\"https:\/\/tabernaculoprensadedios.com\/web\/fin-de-ano-una-invitacion-del-cielo-para-el-alma-sedienta\/#primaryimage\",\"url\":\"https:\/\/tabernaculoprensadedios.com\/web\/wp-content\/uploads\/2025\/12\/Alma-Sedienta.avif\",\"contentUrl\":\"https:\/\/tabernaculoprensadedios.com\/web\/wp-content\/uploads\/2025\/12\/Alma-Sedienta.avif\",\"width\":1920,\"height\":1073},{\"@type\":\"BreadcrumbList\",\"@id\":\"https:\/\/tabernaculoprensadedios.com\/web\/fin-de-ano-una-invitacion-del-cielo-para-el-alma-sedienta\/#breadcrumb\",\"itemListElement\":[{\"@type\":\"ListItem\",\"position\":1,\"name\":\"Portada\",\"item\":\"https:\/\/tabernaculoprensadedios.com\/web\/\"},{\"@type\":\"ListItem\",\"position\":2,\"name\":\"Fin de A\u00f1o. Una Invitaci\u00f3n del Cielo para el Alma Sedienta\"}]},{\"@type\":\"WebSite\",\"@id\":\"https:\/\/tabernaculoprensadedios.com\/web\/#website\",\"url\":\"https:\/\/tabernaculoprensadedios.com\/web\/\",\"name\":\"Tabernaculo Prensa de Dios\",\"description\":\"Un medio a la manera de Dios\",\"publisher\":{\"@id\":\"https:\/\/tabernaculoprensadedios.com\/web\/#\/schema\/person\/bc0e069fef56b38e177db6f098ae0b6e\"},\"potentialAction\":[{\"@type\":\"SearchAction\",\"target\":{\"@type\":\"EntryPoint\",\"urlTemplate\":\"https:\/\/tabernaculoprensadedios.com\/web\/?s={search_term_string}\"},\"query-input\":{\"@type\":\"PropertyValueSpecification\",\"valueRequired\":true,\"valueName\":\"search_term_string\"}}],\"inLanguage\":\"es\"},{\"@type\":[\"Person\",\"Organization\"],\"@id\":\"https:\/\/tabernaculoprensadedios.com\/web\/#\/schema\/person\/bc0e069fef56b38e177db6f098ae0b6e\",\"name\":\"tabernaculo\",\"image\":{\"@type\":\"ImageObject\",\"inLanguage\":\"es\",\"@id\":\"https:\/\/tabernaculoprensadedios.com\/web\/#\/schema\/person\/image\/\",\"url\":\"https:\/\/tabernaculoprensadedios.com\/web\/wp-content\/uploads\/2015\/06\/login-logo1.png\",\"contentUrl\":\"https:\/\/tabernaculoprensadedios.com\/web\/wp-content\/uploads\/2015\/06\/login-logo1.png\",\"width\":300,\"height\":118,\"caption\":\"tabernaculo\"},\"logo\":{\"@id\":\"https:\/\/tabernaculoprensadedios.com\/web\/#\/schema\/person\/image\/\"},\"url\":\"https:\/\/tabernaculoprensadedios.com\/web\/author\/tabernaculo\/\"}]}<\/script>\n<!-- \/ Yoast SEO Premium plugin. -->","yoast_head_json":{"title":"Fin de A\u00f1o. Una Invitaci\u00f3n del Cielo para el Alma Sedienta - Tabernaculo Prensa de Dios","robots":{"index":"index","follow":"follow","max-snippet":"max-snippet:-1","max-image-preview":"max-image-preview:large","max-video-preview":"max-video-preview:-1"},"canonical":"https:\/\/tabernaculoprensadedios.com\/web\/fin-de-ano-una-invitacion-del-cielo-para-el-alma-sedienta\/","og_locale":"es_ES","og_type":"article","og_title":"Fin de A\u00f1o. Una Invitaci\u00f3n del Cielo para el Alma Sedienta","og_description":"ISA\u00cdAS 55:1-3 A todos los sedientos: Venid a las aguas; y los que no tienen dinero, venid, comprad y comed. Venid, comprad sin dinero y sin precio, vino y leche. 2 \u00bfPor qu\u00e9 gast\u00e1is el dinero en lo que no es pan, y vuestro trabajo en lo que no sacia? O\u00eddme atentamente, y comed del &hellip;","og_url":"https:\/\/tabernaculoprensadedios.com\/web\/fin-de-ano-una-invitacion-del-cielo-para-el-alma-sedienta\/","og_site_name":"Tabernaculo Prensa de Dios","article_published_time":"2025-12-13T01:29:18+00:00","og_image":[{"width":1920,"height":1073,"url":"https:\/\/tabernaculoprensadedios.com\/web\/wp-content\/uploads\/2025\/12\/Alma-Sedienta.avif","type":"image\/jpeg"}],"author":"tabernaculo","twitter_card":"summary_large_image","twitter_creator":"@PrensadeDios","twitter_site":"@PrensadeDios","twitter_misc":{"Escrito por":"tabernaculo","Tiempo de lectura":"6 minutos"},"schema":{"@context":"https:\/\/schema.org","@graph":[{"@type":"Article","@id":"https:\/\/tabernaculoprensadedios.com\/web\/fin-de-ano-una-invitacion-del-cielo-para-el-alma-sedienta\/#article","isPartOf":{"@id":"https:\/\/tabernaculoprensadedios.com\/web\/fin-de-ano-una-invitacion-del-cielo-para-el-alma-sedienta\/"},"author":{"name":"tabernaculo","@id":"https:\/\/tabernaculoprensadedios.com\/web\/#\/schema\/person\/bc0e069fef56b38e177db6f098ae0b6e"},"headline":"Fin de A\u00f1o. Una Invitaci\u00f3n del Cielo para el Alma Sedienta","datePublished":"2025-12-13T01:29:18+00:00","mainEntityOfPage":{"@id":"https:\/\/tabernaculoprensadedios.com\/web\/fin-de-ano-una-invitacion-del-cielo-para-el-alma-sedienta\/"},"wordCount":1183,"commentCount":0,"publisher":{"@id":"https:\/\/tabernaculoprensadedios.com\/web\/#\/schema\/person\/bc0e069fef56b38e177db6f098ae0b6e"},"image":{"@id":"https:\/\/tabernaculoprensadedios.com\/web\/fin-de-ano-una-invitacion-del-cielo-para-el-alma-sedienta\/#primaryimage"},"thumbnailUrl":"https:\/\/tabernaculoprensadedios.com\/web\/wp-content\/uploads\/2025\/12\/Alma-Sedienta.avif","articleSection":["Principal"],"inLanguage":"es","potentialAction":[{"@type":"CommentAction","name":"Comment","target":["https:\/\/tabernaculoprensadedios.com\/web\/fin-de-ano-una-invitacion-del-cielo-para-el-alma-sedienta\/#respond"]}]},{"@type":"WebPage","@id":"https:\/\/tabernaculoprensadedios.com\/web\/fin-de-ano-una-invitacion-del-cielo-para-el-alma-sedienta\/","url":"https:\/\/tabernaculoprensadedios.com\/web\/fin-de-ano-una-invitacion-del-cielo-para-el-alma-sedienta\/","name":"Fin de A\u00f1o. Una Invitaci\u00f3n del Cielo para el Alma Sedienta - Tabernaculo Prensa de Dios","isPartOf":{"@id":"https:\/\/tabernaculoprensadedios.com\/web\/#website"},"primaryImageOfPage":{"@id":"https:\/\/tabernaculoprensadedios.com\/web\/fin-de-ano-una-invitacion-del-cielo-para-el-alma-sedienta\/#primaryimage"},"image":{"@id":"https:\/\/tabernaculoprensadedios.com\/web\/fin-de-ano-una-invitacion-del-cielo-para-el-alma-sedienta\/#primaryimage"},"thumbnailUrl":"https:\/\/tabernaculoprensadedios.com\/web\/wp-content\/uploads\/2025\/12\/Alma-Sedienta.avif","datePublished":"2025-12-13T01:29:18+00:00","breadcrumb":{"@id":"https:\/\/tabernaculoprensadedios.com\/web\/fin-de-ano-una-invitacion-del-cielo-para-el-alma-sedienta\/#breadcrumb"},"inLanguage":"es","potentialAction":[{"@type":"ReadAction","target":["https:\/\/tabernaculoprensadedios.com\/web\/fin-de-ano-una-invitacion-del-cielo-para-el-alma-sedienta\/"]}]},{"@type":"ImageObject","inLanguage":"es","@id":"https:\/\/tabernaculoprensadedios.com\/web\/fin-de-ano-una-invitacion-del-cielo-para-el-alma-sedienta\/#primaryimage","url":"https:\/\/tabernaculoprensadedios.com\/web\/wp-content\/uploads\/2025\/12\/Alma-Sedienta.avif","contentUrl":"https:\/\/tabernaculoprensadedios.com\/web\/wp-content\/uploads\/2025\/12\/Alma-Sedienta.avif","width":1920,"height":1073},{"@type":"BreadcrumbList","@id":"https:\/\/tabernaculoprensadedios.com\/web\/fin-de-ano-una-invitacion-del-cielo-para-el-alma-sedienta\/#breadcrumb","itemListElement":[{"@type":"ListItem","position":1,"name":"Portada","item":"https:\/\/tabernaculoprensadedios.com\/web\/"},{"@type":"ListItem","position":2,"name":"Fin de A\u00f1o. Una Invitaci\u00f3n del Cielo para el Alma Sedienta"}]},{"@type":"WebSite","@id":"https:\/\/tabernaculoprensadedios.com\/web\/#website","url":"https:\/\/tabernaculoprensadedios.com\/web\/","name":"Tabernaculo Prensa de Dios","description":"Un medio a la manera de Dios","publisher":{"@id":"https:\/\/tabernaculoprensadedios.com\/web\/#\/schema\/person\/bc0e069fef56b38e177db6f098ae0b6e"},"potentialAction":[{"@type":"SearchAction","target":{"@type":"EntryPoint","urlTemplate":"https:\/\/tabernaculoprensadedios.com\/web\/?s={search_term_string}"},"query-input":{"@type":"PropertyValueSpecification","valueRequired":true,"valueName":"search_term_string"}}],"inLanguage":"es"},{"@type":["Person","Organization"],"@id":"https:\/\/tabernaculoprensadedios.com\/web\/#\/schema\/person\/bc0e069fef56b38e177db6f098ae0b6e","name":"tabernaculo","image":{"@type":"ImageObject","inLanguage":"es","@id":"https:\/\/tabernaculoprensadedios.com\/web\/#\/schema\/person\/image\/","url":"https:\/\/tabernaculoprensadedios.com\/web\/wp-content\/uploads\/2015\/06\/login-logo1.png","contentUrl":"https:\/\/tabernaculoprensadedios.com\/web\/wp-content\/uploads\/2015\/06\/login-logo1.png","width":300,"height":118,"caption":"tabernaculo"},"logo":{"@id":"https:\/\/tabernaculoprensadedios.com\/web\/#\/schema\/person\/image\/"},"url":"https:\/\/tabernaculoprensadedios.com\/web\/author\/tabernaculo\/"}]}},"_links":{"self":[{"href":"https:\/\/tabernaculoprensadedios.com\/web\/wp-json\/wp\/v2\/posts\/36600","targetHints":{"allow":["GET"]}}],"collection":[{"href":"https:\/\/tabernaculoprensadedios.com\/web\/wp-json\/wp\/v2\/posts"}],"about":[{"href":"https:\/\/tabernaculoprensadedios.com\/web\/wp-json\/wp\/v2\/types\/post"}],"author":[{"embeddable":true,"href":"https:\/\/tabernaculoprensadedios.com\/web\/wp-json\/wp\/v2\/users\/1"}],"replies":[{"embeddable":true,"href":"https:\/\/tabernaculoprensadedios.com\/web\/wp-json\/wp\/v2\/comments?post=36600"}],"version-history":[{"count":1,"href":"https:\/\/tabernaculoprensadedios.com\/web\/wp-json\/wp\/v2\/posts\/36600\/revisions"}],"predecessor-version":[{"id":36603,"href":"https:\/\/tabernaculoprensadedios.com\/web\/wp-json\/wp\/v2\/posts\/36600\/revisions\/36603"}],"wp:featuredmedia":[{"embeddable":true,"href":"https:\/\/tabernaculoprensadedios.com\/web\/wp-json\/wp\/v2\/media\/36602"}],"wp:attachment":[{"href":"https:\/\/tabernaculoprensadedios.com\/web\/wp-json\/wp\/v2\/media?parent=36600"}],"wp:term":[{"taxonomy":"category","embeddable":true,"href":"https:\/\/tabernaculoprensadedios.com\/web\/wp-json\/wp\/v2\/categories?post=36600"},{"taxonomy":"post_tag","embeddable":true,"href":"https:\/\/tabernaculoprensadedios.com\/web\/wp-json\/wp\/v2\/tags?post=36600"}],"curies":[{"name":"wp","href":"https:\/\/api.w.org\/{rel}","templated":true}]}}