{"id":36598,"date":"2025-12-11T02:48:28","date_gmt":"2025-12-11T02:48:28","guid":{"rendered":"https:\/\/tabernaculoprensadedios.com\/web\/?p=36598"},"modified":"2025-12-11T02:48:28","modified_gmt":"2025-12-11T02:48:28","slug":"un-ultimo-llamado-del-espiritu-en-el-2025","status":"publish","type":"post","link":"https:\/\/tabernaculoprensadedios.com\/web\/un-ultimo-llamado-del-espiritu-en-el-2025\/","title":{"rendered":"Un \u00faltimo llamado del esp\u00edritu en el 2025"},"content":{"rendered":"<div class=\"gs\">\n<div class=\"\">\n<div id=\":on\" class=\"ii gt\">\n<div id=\":pu\" class=\"a3s aiL\">\n<div id=\"avWBGd-148\">\n<div dir=\"ltr\">\n<p>Hay momentos en la historia espiritual de un pueblo donde el Esp\u00edritu Santo alza Su voz con fuerza, no para asustar, sino para\u00a0<strong>despertar<\/strong>.<\/p>\n<p>Y mientras el 2025 se acerca a su final, siento que este es uno de esos momentos:<br \/>\nun\u00a0<strong>\u00faltimo llamado<\/strong>, una invitaci\u00f3n divina que no debemos ignorar.<\/p>\n<p>Este no es un llamado al ruido, sino al\u00a0<strong>silencio que discierne<\/strong>.<br \/>\nNo es un llamado a las emociones, sino a la\u00a0<strong>obediencia<\/strong>.<br \/>\nNo es un llamado a hacer m\u00e1s, sino a\u00a0<strong>estar donde Dios quiere que estemos<\/strong>, con un coraz\u00f3n limpio y sensible a Su direcci\u00f3n.<\/p>\n<h3><strong>El Esp\u00edritu hace un \u00faltimo llamado. a volver.<\/strong><\/h3>\n<p>A volver a la oraci\u00f3n que dejamos.<br \/>\nA volver a la comuni\u00f3n que descuidamos.<br \/>\nA volver a la santidad que se nos ha ido diluyendo con el cansancio del a\u00f1o.<br \/>\nA volver a escuchar Su voz por encima del ruido de la prisa, de la ansiedad, del mundo y hasta de nuestras propias opiniones.<\/p>\n<h3><strong>El Esp\u00edritu hace un \u00faltimo llamado. a soltar.<\/strong><\/h3>\n<p>Soltar aquello que no podemos llevar al 2026.<br \/>\nSoltar culpas, rencores, temores y cargas que solo ocupan el espacio que deber\u00eda pertenecer a la presencia de Dios.<br \/>\nSoltar lo que nos drena, lo que nos distrae, lo que nos desv\u00eda.<br \/>\nPorque entrar a un a\u00f1o nuevo con cadenas viejas es cerrar la puerta a lo que Dios quiere hacer.<\/p>\n<h3><strong>El Esp\u00edritu hace un \u00faltimo llamado. a alinearnos.<\/strong><\/h3>\n<p>Alinearnos con Su voluntad, no con nuestro deseo.<br \/>\nAlinearnos con Su prop\u00f3sito, no con lo que parece m\u00e1s c\u00f3modo.<br \/>\nAlinearnos con Su Palabra, no con la opini\u00f3n del momento.<\/p>\n<p>Hay decisiones que Dios quiere corregir antes de que el a\u00f1o termine.<br \/>\nHay caminos que deben enderezarse.<br \/>\nHay corazones que deben rendirse.<\/p>\n<h3><strong>Este es un llamado urgente, pero lleno de amor.<\/strong><\/h3>\n<p>No es la voz del juicio, es la voz del\u00a0<strong>Padre<\/strong>\u00a0buscando a sus hijos.<br \/>\nEs la voz de Jes\u00fas diciendo: \u201cVenid a m\u00ed.\u201d<br \/>\nEs la voz del Esp\u00edritu diciendo: Escucha. Vuelve. Rinde. Obedece.<\/p>\n<p>El 2025 termina, pero\u00a0<strong>Su misericordia no termina<\/strong>.<br \/>\nY antes de que cerremos este ciclo, el Esp\u00edritu nos llama a algo m\u00e1s grande que un cambio de fecha:<br \/>\n<strong>a un cambio de coraz\u00f3n.<\/strong><\/p>\n<p>Que este \u00faltimo llamado despierte en nosotros una b\u00fasqueda nueva, una adoraci\u00f3n m\u00e1s profunda y un compromiso renovado con Aquel que jam\u00e1s deja de hablarnos. Gracia y Paz.<\/p>\n<\/div>\n\n\t\t<div class=\"clearfix\"><\/div>\n\t\t<div class=\"about-author about-author-box container-wrapper\">\n\t\t\t<div class=\"author-avatar\">\n\t\t\t\t<img loading=\"lazy\" decoding=\"async\" src=\"https:\/\/tabernaculoprensadedios.com\/web\/wp-content\/uploads\/2023\/06\/country-3880741_1280.jpg\" alt=\"Margarita Garc\u00eda\" class=\"author-avatar-img\" width=\"111\" height=\"111\" \/>\n\t\t\t<\/div>\n\t\t\t<div class=\"author-info\">\n\t\t\t\t<h4>Margarita Garc\u00eda<\/h4>Directora del Tabern\u00e1culo Prensa de Dios\n\t\t\t<\/div>\n\t\t<\/div>\n\t\n<\/div>\n<\/div>\n<\/div>\n<div id=\"avWBGd-149\" class=\"WhmR8e\" data-hash=\"0\"><\/div>\n<\/div>\n<\/div>\n","protected":false},"excerpt":{"rendered":"<p>Hay momentos en la historia espiritual de un pueblo donde el Esp\u00edritu Santo alza Su voz con fuerza, no para asustar, sino para\u00a0despertar. Y mientras el 2025 se acerca a su final, siento que este es uno de esos momentos: un\u00a0\u00faltimo llamado, una invitaci\u00f3n divina que no debemos ignorar. Este no es un llamado al &hellip;<\/p>\n","protected":false},"author":1,"featured_media":28361,"comment_status":"open","ping_status":"open","sticky":false,"template":"","format":"standard","meta":{"footnotes":""},"categories":[790],"tags":[],"class_list":["post-36598","post","type-post","status-publish","format-standard","has-post-thumbnail","hentry","category-voz-del-tabernaculo"],"yoast_head":"<!-- This site is optimized with the Yoast SEO Premium plugin v24.2 (Yoast SEO v27.1.1) - https:\/\/yoast.com\/product\/yoast-seo-premium-wordpress\/ -->\n<title>Un \u00faltimo llamado del esp\u00edritu en el 2025 - Tabernaculo Prensa de Dios<\/title>\n<meta name=\"robots\" content=\"index, follow, max-snippet:-1, max-image-preview:large, max-video-preview:-1\" \/>\n<link rel=\"canonical\" href=\"https:\/\/tabernaculoprensadedios.com\/web\/un-ultimo-llamado-del-espiritu-en-el-2025\/\" class=\"yoast-seo-meta-tag\" \/>\n<meta property=\"og:locale\" content=\"es_ES\" class=\"yoast-seo-meta-tag\" \/>\n<meta property=\"og:type\" content=\"article\" class=\"yoast-seo-meta-tag\" \/>\n<meta property=\"og:title\" content=\"Un \u00faltimo llamado del esp\u00edritu en el 2025\" class=\"yoast-seo-meta-tag\" \/>\n<meta property=\"og:description\" content=\"Hay momentos en la historia espiritual de un pueblo donde el Esp\u00edritu Santo alza Su voz con fuerza, no para asustar, sino para\u00a0despertar. Y mientras el 2025 se acerca a su final, siento que este es uno de esos momentos: un\u00a0\u00faltimo llamado, una invitaci\u00f3n divina que no debemos ignorar. Este no es un llamado al &hellip;\" class=\"yoast-seo-meta-tag\" \/>\n<meta property=\"og:url\" content=\"https:\/\/tabernaculoprensadedios.com\/web\/un-ultimo-llamado-del-espiritu-en-el-2025\/\" class=\"yoast-seo-meta-tag\" \/>\n<meta property=\"og:site_name\" content=\"Tabernaculo Prensa de Dios\" class=\"yoast-seo-meta-tag\" \/>\n<meta property=\"article:published_time\" content=\"2025-12-11T02:48:28+00:00\" class=\"yoast-seo-meta-tag\" \/>\n<meta property=\"og:image\" content=\"https:\/\/tabernaculoprensadedios.com\/web\/wp-content\/uploads\/2023\/06\/country-3880741_1280.jpg\" class=\"yoast-seo-meta-tag\" \/>\n\t<meta property=\"og:image:width\" content=\"1280\" class=\"yoast-seo-meta-tag\" \/>\n\t<meta property=\"og:image:height\" content=\"853\" class=\"yoast-seo-meta-tag\" \/>\n\t<meta property=\"og:image:type\" content=\"image\/jpeg\" class=\"yoast-seo-meta-tag\" \/>\n<meta name=\"author\" content=\"tabernaculo\" class=\"yoast-seo-meta-tag\" \/>\n<meta name=\"twitter:card\" content=\"summary_large_image\" class=\"yoast-seo-meta-tag\" \/>\n<meta name=\"twitter:creator\" content=\"@PrensadeDios\" class=\"yoast-seo-meta-tag\" \/>\n<meta name=\"twitter:site\" content=\"@PrensadeDios\" class=\"yoast-seo-meta-tag\" \/>\n<meta name=\"twitter:label1\" content=\"Escrito por\" class=\"yoast-seo-meta-tag\" \/>\n\t<meta name=\"twitter:data1\" content=\"tabernaculo\" class=\"yoast-seo-meta-tag\" \/>\n\t<meta name=\"twitter:label2\" content=\"Tiempo de lectura\" class=\"yoast-seo-meta-tag\" \/>\n\t<meta name=\"twitter:data2\" content=\"3 minutos\" class=\"yoast-seo-meta-tag\" \/>\n<script type=\"application\/ld+json\" class=\"yoast-schema-graph\">{\"@context\":\"https:\/\/schema.org\",\"@graph\":[{\"@type\":\"Article\",\"@id\":\"https:\/\/tabernaculoprensadedios.com\/web\/un-ultimo-llamado-del-espiritu-en-el-2025\/#article\",\"isPartOf\":{\"@id\":\"https:\/\/tabernaculoprensadedios.com\/web\/un-ultimo-llamado-del-espiritu-en-el-2025\/\"},\"author\":{\"name\":\"tabernaculo\",\"@id\":\"https:\/\/tabernaculoprensadedios.com\/web\/#\/schema\/person\/bc0e069fef56b38e177db6f098ae0b6e\"},\"headline\":\"Un \u00faltimo llamado del esp\u00edritu en el 2025\",\"datePublished\":\"2025-12-11T02:48:28+00:00\",\"mainEntityOfPage\":{\"@id\":\"https:\/\/tabernaculoprensadedios.com\/web\/un-ultimo-llamado-del-espiritu-en-el-2025\/\"},\"wordCount\":445,\"commentCount\":0,\"publisher\":{\"@id\":\"https:\/\/tabernaculoprensadedios.com\/web\/#\/schema\/person\/bc0e069fef56b38e177db6f098ae0b6e\"},\"image\":{\"@id\":\"https:\/\/tabernaculoprensadedios.com\/web\/un-ultimo-llamado-del-espiritu-en-el-2025\/#primaryimage\"},\"thumbnailUrl\":\"https:\/\/tabernaculoprensadedios.com\/web\/wp-content\/uploads\/2023\/06\/country-3880741_1280.jpg\",\"articleSection\":[\"Voz del Tabern\u00e1culo\"],\"inLanguage\":\"es\",\"potentialAction\":[{\"@type\":\"CommentAction\",\"name\":\"Comment\",\"target\":[\"https:\/\/tabernaculoprensadedios.com\/web\/un-ultimo-llamado-del-espiritu-en-el-2025\/#respond\"]}]},{\"@type\":\"WebPage\",\"@id\":\"https:\/\/tabernaculoprensadedios.com\/web\/un-ultimo-llamado-del-espiritu-en-el-2025\/\",\"url\":\"https:\/\/tabernaculoprensadedios.com\/web\/un-ultimo-llamado-del-espiritu-en-el-2025\/\",\"name\":\"Un \u00faltimo llamado del esp\u00edritu en el 2025 - Tabernaculo Prensa de Dios\",\"isPartOf\":{\"@id\":\"https:\/\/tabernaculoprensadedios.com\/web\/#website\"},\"primaryImageOfPage\":{\"@id\":\"https:\/\/tabernaculoprensadedios.com\/web\/un-ultimo-llamado-del-espiritu-en-el-2025\/#primaryimage\"},\"image\":{\"@id\":\"https:\/\/tabernaculoprensadedios.com\/web\/un-ultimo-llamado-del-espiritu-en-el-2025\/#primaryimage\"},\"thumbnailUrl\":\"https:\/\/tabernaculoprensadedios.com\/web\/wp-content\/uploads\/2023\/06\/country-3880741_1280.jpg\",\"datePublished\":\"2025-12-11T02:48:28+00:00\",\"breadcrumb\":{\"@id\":\"https:\/\/tabernaculoprensadedios.com\/web\/un-ultimo-llamado-del-espiritu-en-el-2025\/#breadcrumb\"},\"inLanguage\":\"es\",\"potentialAction\":[{\"@type\":\"ReadAction\",\"target\":[\"https:\/\/tabernaculoprensadedios.com\/web\/un-ultimo-llamado-del-espiritu-en-el-2025\/\"]}]},{\"@type\":\"ImageObject\",\"inLanguage\":\"es\",\"@id\":\"https:\/\/tabernaculoprensadedios.com\/web\/un-ultimo-llamado-del-espiritu-en-el-2025\/#primaryimage\",\"url\":\"https:\/\/tabernaculoprensadedios.com\/web\/wp-content\/uploads\/2023\/06\/country-3880741_1280.jpg\",\"contentUrl\":\"https:\/\/tabernaculoprensadedios.com\/web\/wp-content\/uploads\/2023\/06\/country-3880741_1280.jpg\",\"width\":1280,\"height\":853},{\"@type\":\"BreadcrumbList\",\"@id\":\"https:\/\/tabernaculoprensadedios.com\/web\/un-ultimo-llamado-del-espiritu-en-el-2025\/#breadcrumb\",\"itemListElement\":[{\"@type\":\"ListItem\",\"position\":1,\"name\":\"Portada\",\"item\":\"https:\/\/tabernaculoprensadedios.com\/web\/\"},{\"@type\":\"ListItem\",\"position\":2,\"name\":\"Un \u00faltimo llamado del esp\u00edritu en el 2025\"}]},{\"@type\":\"WebSite\",\"@id\":\"https:\/\/tabernaculoprensadedios.com\/web\/#website\",\"url\":\"https:\/\/tabernaculoprensadedios.com\/web\/\",\"name\":\"Tabernaculo Prensa de Dios\",\"description\":\"Un medio a la manera de Dios\",\"publisher\":{\"@id\":\"https:\/\/tabernaculoprensadedios.com\/web\/#\/schema\/person\/bc0e069fef56b38e177db6f098ae0b6e\"},\"potentialAction\":[{\"@type\":\"SearchAction\",\"target\":{\"@type\":\"EntryPoint\",\"urlTemplate\":\"https:\/\/tabernaculoprensadedios.com\/web\/?s={search_term_string}\"},\"query-input\":{\"@type\":\"PropertyValueSpecification\",\"valueRequired\":true,\"valueName\":\"search_term_string\"}}],\"inLanguage\":\"es\"},{\"@type\":[\"Person\",\"Organization\"],\"@id\":\"https:\/\/tabernaculoprensadedios.com\/web\/#\/schema\/person\/bc0e069fef56b38e177db6f098ae0b6e\",\"name\":\"tabernaculo\",\"image\":{\"@type\":\"ImageObject\",\"inLanguage\":\"es\",\"@id\":\"https:\/\/tabernaculoprensadedios.com\/web\/#\/schema\/person\/image\/\",\"url\":\"https:\/\/tabernaculoprensadedios.com\/web\/wp-content\/uploads\/2015\/06\/login-logo1.png\",\"contentUrl\":\"https:\/\/tabernaculoprensadedios.com\/web\/wp-content\/uploads\/2015\/06\/login-logo1.png\",\"width\":300,\"height\":118,\"caption\":\"tabernaculo\"},\"logo\":{\"@id\":\"https:\/\/tabernaculoprensadedios.com\/web\/#\/schema\/person\/image\/\"},\"url\":\"https:\/\/tabernaculoprensadedios.com\/web\/author\/tabernaculo\/\"}]}<\/script>\n<!-- \/ Yoast SEO Premium plugin. -->","yoast_head_json":{"title":"Un \u00faltimo llamado del esp\u00edritu en el 2025 - Tabernaculo Prensa de Dios","robots":{"index":"index","follow":"follow","max-snippet":"max-snippet:-1","max-image-preview":"max-image-preview:large","max-video-preview":"max-video-preview:-1"},"canonical":"https:\/\/tabernaculoprensadedios.com\/web\/un-ultimo-llamado-del-espiritu-en-el-2025\/","og_locale":"es_ES","og_type":"article","og_title":"Un \u00faltimo llamado del esp\u00edritu en el 2025","og_description":"Hay momentos en la historia espiritual de un pueblo donde el Esp\u00edritu Santo alza Su voz con fuerza, no para asustar, sino para\u00a0despertar. Y mientras el 2025 se acerca a su final, siento que este es uno de esos momentos: un\u00a0\u00faltimo llamado, una invitaci\u00f3n divina que no debemos ignorar. Este no es un llamado al &hellip;","og_url":"https:\/\/tabernaculoprensadedios.com\/web\/un-ultimo-llamado-del-espiritu-en-el-2025\/","og_site_name":"Tabernaculo Prensa de Dios","article_published_time":"2025-12-11T02:48:28+00:00","og_image":[{"width":1280,"height":853,"url":"https:\/\/tabernaculoprensadedios.com\/web\/wp-content\/uploads\/2023\/06\/country-3880741_1280.jpg","type":"image\/jpeg"}],"author":"tabernaculo","twitter_card":"summary_large_image","twitter_creator":"@PrensadeDios","twitter_site":"@PrensadeDios","twitter_misc":{"Escrito por":"tabernaculo","Tiempo de lectura":"3 minutos"},"schema":{"@context":"https:\/\/schema.org","@graph":[{"@type":"Article","@id":"https:\/\/tabernaculoprensadedios.com\/web\/un-ultimo-llamado-del-espiritu-en-el-2025\/#article","isPartOf":{"@id":"https:\/\/tabernaculoprensadedios.com\/web\/un-ultimo-llamado-del-espiritu-en-el-2025\/"},"author":{"name":"tabernaculo","@id":"https:\/\/tabernaculoprensadedios.com\/web\/#\/schema\/person\/bc0e069fef56b38e177db6f098ae0b6e"},"headline":"Un \u00faltimo llamado del esp\u00edritu en el 2025","datePublished":"2025-12-11T02:48:28+00:00","mainEntityOfPage":{"@id":"https:\/\/tabernaculoprensadedios.com\/web\/un-ultimo-llamado-del-espiritu-en-el-2025\/"},"wordCount":445,"commentCount":0,"publisher":{"@id":"https:\/\/tabernaculoprensadedios.com\/web\/#\/schema\/person\/bc0e069fef56b38e177db6f098ae0b6e"},"image":{"@id":"https:\/\/tabernaculoprensadedios.com\/web\/un-ultimo-llamado-del-espiritu-en-el-2025\/#primaryimage"},"thumbnailUrl":"https:\/\/tabernaculoprensadedios.com\/web\/wp-content\/uploads\/2023\/06\/country-3880741_1280.jpg","articleSection":["Voz del Tabern\u00e1culo"],"inLanguage":"es","potentialAction":[{"@type":"CommentAction","name":"Comment","target":["https:\/\/tabernaculoprensadedios.com\/web\/un-ultimo-llamado-del-espiritu-en-el-2025\/#respond"]}]},{"@type":"WebPage","@id":"https:\/\/tabernaculoprensadedios.com\/web\/un-ultimo-llamado-del-espiritu-en-el-2025\/","url":"https:\/\/tabernaculoprensadedios.com\/web\/un-ultimo-llamado-del-espiritu-en-el-2025\/","name":"Un \u00faltimo llamado del esp\u00edritu en el 2025 - Tabernaculo Prensa de Dios","isPartOf":{"@id":"https:\/\/tabernaculoprensadedios.com\/web\/#website"},"primaryImageOfPage":{"@id":"https:\/\/tabernaculoprensadedios.com\/web\/un-ultimo-llamado-del-espiritu-en-el-2025\/#primaryimage"},"image":{"@id":"https:\/\/tabernaculoprensadedios.com\/web\/un-ultimo-llamado-del-espiritu-en-el-2025\/#primaryimage"},"thumbnailUrl":"https:\/\/tabernaculoprensadedios.com\/web\/wp-content\/uploads\/2023\/06\/country-3880741_1280.jpg","datePublished":"2025-12-11T02:48:28+00:00","breadcrumb":{"@id":"https:\/\/tabernaculoprensadedios.com\/web\/un-ultimo-llamado-del-espiritu-en-el-2025\/#breadcrumb"},"inLanguage":"es","potentialAction":[{"@type":"ReadAction","target":["https:\/\/tabernaculoprensadedios.com\/web\/un-ultimo-llamado-del-espiritu-en-el-2025\/"]}]},{"@type":"ImageObject","inLanguage":"es","@id":"https:\/\/tabernaculoprensadedios.com\/web\/un-ultimo-llamado-del-espiritu-en-el-2025\/#primaryimage","url":"https:\/\/tabernaculoprensadedios.com\/web\/wp-content\/uploads\/2023\/06\/country-3880741_1280.jpg","contentUrl":"https:\/\/tabernaculoprensadedios.com\/web\/wp-content\/uploads\/2023\/06\/country-3880741_1280.jpg","width":1280,"height":853},{"@type":"BreadcrumbList","@id":"https:\/\/tabernaculoprensadedios.com\/web\/un-ultimo-llamado-del-espiritu-en-el-2025\/#breadcrumb","itemListElement":[{"@type":"ListItem","position":1,"name":"Portada","item":"https:\/\/tabernaculoprensadedios.com\/web\/"},{"@type":"ListItem","position":2,"name":"Un \u00faltimo llamado del esp\u00edritu en el 2025"}]},{"@type":"WebSite","@id":"https:\/\/tabernaculoprensadedios.com\/web\/#website","url":"https:\/\/tabernaculoprensadedios.com\/web\/","name":"Tabernaculo Prensa de Dios","description":"Un medio a la manera de Dios","publisher":{"@id":"https:\/\/tabernaculoprensadedios.com\/web\/#\/schema\/person\/bc0e069fef56b38e177db6f098ae0b6e"},"potentialAction":[{"@type":"SearchAction","target":{"@type":"EntryPoint","urlTemplate":"https:\/\/tabernaculoprensadedios.com\/web\/?s={search_term_string}"},"query-input":{"@type":"PropertyValueSpecification","valueRequired":true,"valueName":"search_term_string"}}],"inLanguage":"es"},{"@type":["Person","Organization"],"@id":"https:\/\/tabernaculoprensadedios.com\/web\/#\/schema\/person\/bc0e069fef56b38e177db6f098ae0b6e","name":"tabernaculo","image":{"@type":"ImageObject","inLanguage":"es","@id":"https:\/\/tabernaculoprensadedios.com\/web\/#\/schema\/person\/image\/","url":"https:\/\/tabernaculoprensadedios.com\/web\/wp-content\/uploads\/2015\/06\/login-logo1.png","contentUrl":"https:\/\/tabernaculoprensadedios.com\/web\/wp-content\/uploads\/2015\/06\/login-logo1.png","width":300,"height":118,"caption":"tabernaculo"},"logo":{"@id":"https:\/\/tabernaculoprensadedios.com\/web\/#\/schema\/person\/image\/"},"url":"https:\/\/tabernaculoprensadedios.com\/web\/author\/tabernaculo\/"}]}},"_links":{"self":[{"href":"https:\/\/tabernaculoprensadedios.com\/web\/wp-json\/wp\/v2\/posts\/36598","targetHints":{"allow":["GET"]}}],"collection":[{"href":"https:\/\/tabernaculoprensadedios.com\/web\/wp-json\/wp\/v2\/posts"}],"about":[{"href":"https:\/\/tabernaculoprensadedios.com\/web\/wp-json\/wp\/v2\/types\/post"}],"author":[{"embeddable":true,"href":"https:\/\/tabernaculoprensadedios.com\/web\/wp-json\/wp\/v2\/users\/1"}],"replies":[{"embeddable":true,"href":"https:\/\/tabernaculoprensadedios.com\/web\/wp-json\/wp\/v2\/comments?post=36598"}],"version-history":[{"count":1,"href":"https:\/\/tabernaculoprensadedios.com\/web\/wp-json\/wp\/v2\/posts\/36598\/revisions"}],"predecessor-version":[{"id":36599,"href":"https:\/\/tabernaculoprensadedios.com\/web\/wp-json\/wp\/v2\/posts\/36598\/revisions\/36599"}],"wp:featuredmedia":[{"embeddable":true,"href":"https:\/\/tabernaculoprensadedios.com\/web\/wp-json\/wp\/v2\/media\/28361"}],"wp:attachment":[{"href":"https:\/\/tabernaculoprensadedios.com\/web\/wp-json\/wp\/v2\/media?parent=36598"}],"wp:term":[{"taxonomy":"category","embeddable":true,"href":"https:\/\/tabernaculoprensadedios.com\/web\/wp-json\/wp\/v2\/categories?post=36598"},{"taxonomy":"post_tag","embeddable":true,"href":"https:\/\/tabernaculoprensadedios.com\/web\/wp-json\/wp\/v2\/tags?post=36598"}],"curies":[{"name":"wp","href":"https:\/\/api.w.org\/{rel}","templated":true}]}}