{"id":36592,"date":"2025-12-11T02:27:05","date_gmt":"2025-12-11T02:27:05","guid":{"rendered":"https:\/\/tabernaculoprensadedios.com\/web\/?p=36592"},"modified":"2025-12-11T02:27:05","modified_gmt":"2025-12-11T02:27:05","slug":"el-poder-de-la-palabra-profetica","status":"publish","type":"post","link":"https:\/\/tabernaculoprensadedios.com\/web\/el-poder-de-la-palabra-profetica\/","title":{"rendered":"El poder de la Palabra prof\u00e9tica"},"content":{"rendered":"<p>Hemos visto dos cosas interesantes en esa nueva etapa de unci\u00f3n en la vida de David. N\u00famero uno: cuando Dios se est\u00e1 moviendo en tu vida vas a experimentar las cr\u00edticas y las malas interpretaciones de parte de aqu\u00e9llos que no tienen la unci\u00f3n de Dios en su vida.<\/p>\n<p>N\u00famero dos: cuando Dios se est\u00e1 moviendo en tu vida no establezcas yugos desiguales pensando y analizando las cosas desde una perspectiva meramente racional o cultural, o de conveniencia, sino aseg\u00farate que sean las armas de Dios, la metodolog\u00eda de Dios, la forma escandalosa en que a veces Dios se mueve para moverse en la vida de Sus siervos que t\u00fa estes usando para llevar a cabo los prop\u00f3sitos de Dios en tu vida.<\/p>\n<p>Quiero mencionar ahora una tercera cosa importante que debemos tener en cuenta. Se trata del uso de la Palabra prof\u00e9tica y de la confesi\u00f3n positiva cuando estamos movi\u00e9ndonos en el Poder del Esp\u00edritu Santo. Hay un momento en que se nos presenta ya a David frente a Goliat y vemos la acusaci\u00f3n, y la burla de parte de este gran gigante y guerrero que al ver las armas d\u00e9biles y rid\u00edculas que David est\u00e1 empleando le dice: \u00ab\u00bfSer\u00e9 yo alg\u00fan perro para que t\u00fa vengas ante m\u00ed con piedras?\u00bb<\/p>\n<p>Y vemos aqu\u00ed algo interesante, y es la forma en que David reacciona ante esta palabra intimidante de esta presencia demon\u00edaca que es Goliat. Primero de Samuel cap\u00edtulo 17 en el vers\u00edculo 45 dice: \u00abT\u00fa vienes a m\u00ed con espada, lanza y jabalina, mas yo vengo a ti en el Nombre de Jehov\u00e1 de los Ej\u00e9rcitos, el Dios de los escuadrones de Israel a quien t\u00fa has provocado. Jehov\u00e1 te entregar\u00e1 hoy en mi mano.\u00bb<\/p>\n<p>Quiero que miremos estas declaraciones de parte de David que son declaraciones afirmativas y como que predicen lo que va a suceder en ese momento: \u00abJehov\u00e1 te entregar\u00e1 hoy en mi mano, y yo te vencer\u00e9, y te cortar\u00e9 la cabeza, y dar\u00e9 hoy los cuerpos de los filisteos a las aves del cielo y a las bestias de la tierra, y toda la tierra sabr\u00e1 que hay Dios en Israel, y sabr\u00e1 toda esta Congregaci\u00f3n que Jehov\u00e1 no salva con espada y con lanza, porque de Jehov\u00e1 es la batalla y \u00e9l os entregar\u00e1 en mis manos.\u00bb David est\u00e1 profetizando aqu\u00ed. Por medio de su Palabra est\u00e1 activando el Poder de Dios y hay por lo menos siete resultados que \u00e9l mencione que habr\u00edan de darse por medio de ese encuentro de \u00e9l y el gigante.<\/p>\n<p>Uno podr\u00eda ver esto y simplemente pasarlo por alto como una mera observaci\u00f3n que hace David o comentarios as\u00ed, en respuesta al insulto de Goliat, pero yo creo que algo m\u00e1s profundo est\u00e1 pasando ac\u00e1. Cuando uno aprende a discernir las formas en que el Esp\u00edritu Santo se mueve, la econom\u00eda del mover pentecostal en la vida de los creyentes uno aprende que hay algo aqu\u00ed muy espec\u00edfico que nosotros podemos usar para aprender c\u00f3mo mover ese Poder de Dios en nuestras propias vidas.<\/p>\n<p>David est\u00e1 usando el poder de la Palabra prof\u00e9tica. Cuando un hombre, una mujer est\u00e1 lleno del Esp\u00edritu Santo su boca adquiere una unci\u00f3n y un poder muy especial. Las cosas que nosotros confesamos con nuestra boca se convierten en llaves que operan en el territorio de Esp\u00edritu y que hacen posibles ciertas cosas. Dios usa nuestra boca para abrir y cerrar, para atar y desatar, para derribar y edificar.<\/p>\n<p>El mover de Dios en la vida de Sus hijos activa el poder de la boca. Los hijos de Dios como Dios mismo, creamos por medio de la palabra y la Palabra prof\u00e9tica es una de las cosas m\u00e1s poderosas. Cuando nosotros estamos discerniendo bien el mover de Dios debemos usar bien nuestra boca para abrir y cerrar, para declarar cosas en el Nombre del Se\u00f1or.<\/p>\n<p>Esto es lo que hace David ac\u00e1. \u00c9l est\u00e1 declarando por fe porque \u00e9l todav\u00eda no ha visto nada de eso desarrollarse, pero \u00e9l por fe est\u00e1 diciendo: yo le voy a cortar la cabeza a este gigante, \u00e9l va a caer delante de m\u00ed y voy a entregar su carne y la carne de sus dem\u00e1s guerreros, y a\u00fan Israel conocer\u00e1 que Jehov\u00e1 es el Dios Todopoderoso, y habr\u00e1 un gran avivamiento en toda la tierra de Israel. Dios estaba usando a David para declarar todas estas cosas.<\/p>\n<p>Cuando Dios tiene un prop\u00f3sito en la vida de Su Iglesia \u00c9l necesita alguien en la Tierra que declare lo que \u00c9l quiere hacer. Por eso dice el conocido Padre Nuestro: \u00abH\u00e1gase en la Tierra como se hace en el cielo.\u00bb Lo que nosotros declaramos en la Tierra por medio del Esp\u00edritu Santo y en alineamiento con la Palabra de Dios, Dios lo declara tambi\u00e9n con Su boca creativa y lo desata sobre el tiempo y el espacio.<\/p>\n<p>La Palabra de Dios es bien clara, dice que si nosotros desatamos o atamos algo en la Tierra Dios lo atar\u00e1 o lo desatar\u00e1 en el cielo, y nosotros hacemos eso por medio de las palabras que salen de nuestra boca. Nosotros podemos atar o desatar la bendici\u00f3n de Dios o los malos prop\u00f3sitos del hombre. Una Iglesia que conoce el poder que tiene por medio de la declaraci\u00f3n prof\u00e9tica puede ser un gran instrumento en las Manos de Dios para desatar el mover de Dios en una ciudad o en una naci\u00f3n, o a\u00fan en la historia.<\/p>\n<p>David, inspirado por el Esp\u00edritu Santo, recibi\u00f3 esta impartici\u00f3n de Dios y entonces la verbaliz\u00f3, y esa verbalizaci\u00f3n prof\u00e9tica permiti\u00f3 que la Gracia de Dios corriera en \u00e9l y que todo lo que \u00e9l hab\u00eda profetizado se hiciera real en su vida. Una gran lecci\u00f3n que nosotros podemos aprender.<\/p>\n<p>Usa tu boca para declarar lo que Dios ha de hacer en tu vida, por fe. Muchas veces te estar\u00e1s moviendo en algo que t\u00fa mismo no entiendes pero que Dios estar\u00e1 quiz\u00e1s usando para soltar en el \u00e1mbito del tiempo y el espacio Sus maravillosos prop\u00f3sitos. Usa tu boca para hablar cosas buenas, para declarar que cosas buenas vienen para tu vida. Haz de tu boca un instrumento de guerra. Profetiza siempre la bendici\u00f3n de Dios sobre otros. Pronuncia palabras de bendici\u00f3n y de buenas expectativas sobre tus hijos, sobre tu esposo o esposa, sobre tu Iglesia, sobre el ministerio que t\u00fa diriges si eres un laico que est\u00e1s activo en la vida de tu Congregaci\u00f3n.<\/p>\n<p>La Palabra de los hijos de Dios ungida por el Esp\u00edritu Santo es una tremenda y poderosa arma de guerra, la declaraci\u00f3n prof\u00e9tica en fe Dios la usa para cosas extraordinarias. Dios te bendiga y hasta nuestro pr\u00f3ximo mensaje.<\/p>\n","protected":false},"excerpt":{"rendered":"<p>Hemos visto dos cosas interesantes en esa nueva etapa de unci\u00f3n en la vida de David. N\u00famero uno: cuando Dios se est\u00e1 moviendo en tu vida vas a experimentar las cr\u00edticas y las malas interpretaciones de parte de aqu\u00e9llos que no tienen la unci\u00f3n de Dios en su vida. N\u00famero dos: cuando Dios se est\u00e1 &hellip;<\/p>\n","protected":false},"author":1,"featured_media":36593,"comment_status":"open","ping_status":"open","sticky":false,"template":"","format":"standard","meta":{"footnotes":""},"categories":[34],"tags":[],"class_list":["post-36592","post","type-post","status-publish","format-standard","has-post-thumbnail","hentry","category-articulos"],"yoast_head":"<!-- This site is optimized with the Yoast SEO Premium plugin v24.2 (Yoast SEO v27.1.1) - https:\/\/yoast.com\/product\/yoast-seo-premium-wordpress\/ -->\n<title>El poder de la Palabra prof\u00e9tica - Tabernaculo Prensa de Dios<\/title>\n<meta name=\"robots\" content=\"index, follow, max-snippet:-1, max-image-preview:large, max-video-preview:-1\" \/>\n<link rel=\"canonical\" href=\"https:\/\/tabernaculoprensadedios.com\/web\/el-poder-de-la-palabra-profetica\/\" class=\"yoast-seo-meta-tag\" \/>\n<meta property=\"og:locale\" content=\"es_ES\" class=\"yoast-seo-meta-tag\" \/>\n<meta property=\"og:type\" content=\"article\" class=\"yoast-seo-meta-tag\" \/>\n<meta property=\"og:title\" content=\"El poder de la Palabra prof\u00e9tica\" class=\"yoast-seo-meta-tag\" \/>\n<meta property=\"og:description\" content=\"Hemos visto dos cosas interesantes en esa nueva etapa de unci\u00f3n en la vida de David. N\u00famero uno: cuando Dios se est\u00e1 moviendo en tu vida vas a experimentar las cr\u00edticas y las malas interpretaciones de parte de aqu\u00e9llos que no tienen la unci\u00f3n de Dios en su vida. N\u00famero dos: cuando Dios se est\u00e1 &hellip;\" class=\"yoast-seo-meta-tag\" \/>\n<meta property=\"og:url\" content=\"https:\/\/tabernaculoprensadedios.com\/web\/el-poder-de-la-palabra-profetica\/\" class=\"yoast-seo-meta-tag\" \/>\n<meta property=\"og:site_name\" content=\"Tabernaculo Prensa de Dios\" class=\"yoast-seo-meta-tag\" \/>\n<meta property=\"article:published_time\" content=\"2025-12-11T02:27:05+00:00\" class=\"yoast-seo-meta-tag\" \/>\n<meta property=\"og:image\" content=\"https:\/\/tabernaculoprensadedios.com\/web\/wp-content\/uploads\/2025\/12\/Palabra-profetica.avif\" class=\"yoast-seo-meta-tag\" \/>\n\t<meta property=\"og:image:width\" content=\"1920\" class=\"yoast-seo-meta-tag\" \/>\n\t<meta property=\"og:image:height\" content=\"1920\" class=\"yoast-seo-meta-tag\" \/>\n\t<meta property=\"og:image:type\" content=\"image\/jpeg\" class=\"yoast-seo-meta-tag\" \/>\n<meta name=\"author\" content=\"tabernaculo\" class=\"yoast-seo-meta-tag\" \/>\n<meta name=\"twitter:card\" content=\"summary_large_image\" class=\"yoast-seo-meta-tag\" \/>\n<meta name=\"twitter:creator\" content=\"@PrensadeDios\" class=\"yoast-seo-meta-tag\" \/>\n<meta name=\"twitter:site\" content=\"@PrensadeDios\" class=\"yoast-seo-meta-tag\" \/>\n<meta name=\"twitter:label1\" content=\"Escrito por\" class=\"yoast-seo-meta-tag\" \/>\n\t<meta name=\"twitter:data1\" content=\"tabernaculo\" class=\"yoast-seo-meta-tag\" \/>\n\t<meta name=\"twitter:label2\" content=\"Tiempo de lectura\" class=\"yoast-seo-meta-tag\" \/>\n\t<meta name=\"twitter:data2\" content=\"6 minutos\" class=\"yoast-seo-meta-tag\" \/>\n<script type=\"application\/ld+json\" class=\"yoast-schema-graph\">{\"@context\":\"https:\/\/schema.org\",\"@graph\":[{\"@type\":\"Article\",\"@id\":\"https:\/\/tabernaculoprensadedios.com\/web\/el-poder-de-la-palabra-profetica\/#article\",\"isPartOf\":{\"@id\":\"https:\/\/tabernaculoprensadedios.com\/web\/el-poder-de-la-palabra-profetica\/\"},\"author\":{\"name\":\"tabernaculo\",\"@id\":\"https:\/\/tabernaculoprensadedios.com\/web\/#\/schema\/person\/bc0e069fef56b38e177db6f098ae0b6e\"},\"headline\":\"El poder de la Palabra prof\u00e9tica\",\"datePublished\":\"2025-12-11T02:27:05+00:00\",\"mainEntityOfPage\":{\"@id\":\"https:\/\/tabernaculoprensadedios.com\/web\/el-poder-de-la-palabra-profetica\/\"},\"wordCount\":1186,\"commentCount\":0,\"publisher\":{\"@id\":\"https:\/\/tabernaculoprensadedios.com\/web\/#\/schema\/person\/bc0e069fef56b38e177db6f098ae0b6e\"},\"image\":{\"@id\":\"https:\/\/tabernaculoprensadedios.com\/web\/el-poder-de-la-palabra-profetica\/#primaryimage\"},\"thumbnailUrl\":\"https:\/\/tabernaculoprensadedios.com\/web\/wp-content\/uploads\/2025\/12\/Palabra-profetica.avif\",\"articleSection\":[\"Articulos\"],\"inLanguage\":\"es\",\"potentialAction\":[{\"@type\":\"CommentAction\",\"name\":\"Comment\",\"target\":[\"https:\/\/tabernaculoprensadedios.com\/web\/el-poder-de-la-palabra-profetica\/#respond\"]}]},{\"@type\":\"WebPage\",\"@id\":\"https:\/\/tabernaculoprensadedios.com\/web\/el-poder-de-la-palabra-profetica\/\",\"url\":\"https:\/\/tabernaculoprensadedios.com\/web\/el-poder-de-la-palabra-profetica\/\",\"name\":\"El poder de la Palabra prof\u00e9tica - Tabernaculo Prensa de Dios\",\"isPartOf\":{\"@id\":\"https:\/\/tabernaculoprensadedios.com\/web\/#website\"},\"primaryImageOfPage\":{\"@id\":\"https:\/\/tabernaculoprensadedios.com\/web\/el-poder-de-la-palabra-profetica\/#primaryimage\"},\"image\":{\"@id\":\"https:\/\/tabernaculoprensadedios.com\/web\/el-poder-de-la-palabra-profetica\/#primaryimage\"},\"thumbnailUrl\":\"https:\/\/tabernaculoprensadedios.com\/web\/wp-content\/uploads\/2025\/12\/Palabra-profetica.avif\",\"datePublished\":\"2025-12-11T02:27:05+00:00\",\"breadcrumb\":{\"@id\":\"https:\/\/tabernaculoprensadedios.com\/web\/el-poder-de-la-palabra-profetica\/#breadcrumb\"},\"inLanguage\":\"es\",\"potentialAction\":[{\"@type\":\"ReadAction\",\"target\":[\"https:\/\/tabernaculoprensadedios.com\/web\/el-poder-de-la-palabra-profetica\/\"]}]},{\"@type\":\"ImageObject\",\"inLanguage\":\"es\",\"@id\":\"https:\/\/tabernaculoprensadedios.com\/web\/el-poder-de-la-palabra-profetica\/#primaryimage\",\"url\":\"https:\/\/tabernaculoprensadedios.com\/web\/wp-content\/uploads\/2025\/12\/Palabra-profetica.avif\",\"contentUrl\":\"https:\/\/tabernaculoprensadedios.com\/web\/wp-content\/uploads\/2025\/12\/Palabra-profetica.avif\",\"width\":1920,\"height\":1920},{\"@type\":\"BreadcrumbList\",\"@id\":\"https:\/\/tabernaculoprensadedios.com\/web\/el-poder-de-la-palabra-profetica\/#breadcrumb\",\"itemListElement\":[{\"@type\":\"ListItem\",\"position\":1,\"name\":\"Portada\",\"item\":\"https:\/\/tabernaculoprensadedios.com\/web\/\"},{\"@type\":\"ListItem\",\"position\":2,\"name\":\"El poder de la Palabra prof\u00e9tica\"}]},{\"@type\":\"WebSite\",\"@id\":\"https:\/\/tabernaculoprensadedios.com\/web\/#website\",\"url\":\"https:\/\/tabernaculoprensadedios.com\/web\/\",\"name\":\"Tabernaculo Prensa de Dios\",\"description\":\"Un medio a la manera de Dios\",\"publisher\":{\"@id\":\"https:\/\/tabernaculoprensadedios.com\/web\/#\/schema\/person\/bc0e069fef56b38e177db6f098ae0b6e\"},\"potentialAction\":[{\"@type\":\"SearchAction\",\"target\":{\"@type\":\"EntryPoint\",\"urlTemplate\":\"https:\/\/tabernaculoprensadedios.com\/web\/?s={search_term_string}\"},\"query-input\":{\"@type\":\"PropertyValueSpecification\",\"valueRequired\":true,\"valueName\":\"search_term_string\"}}],\"inLanguage\":\"es\"},{\"@type\":[\"Person\",\"Organization\"],\"@id\":\"https:\/\/tabernaculoprensadedios.com\/web\/#\/schema\/person\/bc0e069fef56b38e177db6f098ae0b6e\",\"name\":\"tabernaculo\",\"image\":{\"@type\":\"ImageObject\",\"inLanguage\":\"es\",\"@id\":\"https:\/\/tabernaculoprensadedios.com\/web\/#\/schema\/person\/image\/\",\"url\":\"https:\/\/tabernaculoprensadedios.com\/web\/wp-content\/uploads\/2015\/06\/login-logo1.png\",\"contentUrl\":\"https:\/\/tabernaculoprensadedios.com\/web\/wp-content\/uploads\/2015\/06\/login-logo1.png\",\"width\":300,\"height\":118,\"caption\":\"tabernaculo\"},\"logo\":{\"@id\":\"https:\/\/tabernaculoprensadedios.com\/web\/#\/schema\/person\/image\/\"},\"url\":\"https:\/\/tabernaculoprensadedios.com\/web\/author\/tabernaculo\/\"}]}<\/script>\n<!-- \/ Yoast SEO Premium plugin. -->","yoast_head_json":{"title":"El poder de la Palabra prof\u00e9tica - Tabernaculo Prensa de Dios","robots":{"index":"index","follow":"follow","max-snippet":"max-snippet:-1","max-image-preview":"max-image-preview:large","max-video-preview":"max-video-preview:-1"},"canonical":"https:\/\/tabernaculoprensadedios.com\/web\/el-poder-de-la-palabra-profetica\/","og_locale":"es_ES","og_type":"article","og_title":"El poder de la Palabra prof\u00e9tica","og_description":"Hemos visto dos cosas interesantes en esa nueva etapa de unci\u00f3n en la vida de David. N\u00famero uno: cuando Dios se est\u00e1 moviendo en tu vida vas a experimentar las cr\u00edticas y las malas interpretaciones de parte de aqu\u00e9llos que no tienen la unci\u00f3n de Dios en su vida. N\u00famero dos: cuando Dios se est\u00e1 &hellip;","og_url":"https:\/\/tabernaculoprensadedios.com\/web\/el-poder-de-la-palabra-profetica\/","og_site_name":"Tabernaculo Prensa de Dios","article_published_time":"2025-12-11T02:27:05+00:00","og_image":[{"width":1920,"height":1920,"url":"https:\/\/tabernaculoprensadedios.com\/web\/wp-content\/uploads\/2025\/12\/Palabra-profetica.avif","type":"image\/jpeg"}],"author":"tabernaculo","twitter_card":"summary_large_image","twitter_creator":"@PrensadeDios","twitter_site":"@PrensadeDios","twitter_misc":{"Escrito por":"tabernaculo","Tiempo de lectura":"6 minutos"},"schema":{"@context":"https:\/\/schema.org","@graph":[{"@type":"Article","@id":"https:\/\/tabernaculoprensadedios.com\/web\/el-poder-de-la-palabra-profetica\/#article","isPartOf":{"@id":"https:\/\/tabernaculoprensadedios.com\/web\/el-poder-de-la-palabra-profetica\/"},"author":{"name":"tabernaculo","@id":"https:\/\/tabernaculoprensadedios.com\/web\/#\/schema\/person\/bc0e069fef56b38e177db6f098ae0b6e"},"headline":"El poder de la Palabra prof\u00e9tica","datePublished":"2025-12-11T02:27:05+00:00","mainEntityOfPage":{"@id":"https:\/\/tabernaculoprensadedios.com\/web\/el-poder-de-la-palabra-profetica\/"},"wordCount":1186,"commentCount":0,"publisher":{"@id":"https:\/\/tabernaculoprensadedios.com\/web\/#\/schema\/person\/bc0e069fef56b38e177db6f098ae0b6e"},"image":{"@id":"https:\/\/tabernaculoprensadedios.com\/web\/el-poder-de-la-palabra-profetica\/#primaryimage"},"thumbnailUrl":"https:\/\/tabernaculoprensadedios.com\/web\/wp-content\/uploads\/2025\/12\/Palabra-profetica.avif","articleSection":["Articulos"],"inLanguage":"es","potentialAction":[{"@type":"CommentAction","name":"Comment","target":["https:\/\/tabernaculoprensadedios.com\/web\/el-poder-de-la-palabra-profetica\/#respond"]}]},{"@type":"WebPage","@id":"https:\/\/tabernaculoprensadedios.com\/web\/el-poder-de-la-palabra-profetica\/","url":"https:\/\/tabernaculoprensadedios.com\/web\/el-poder-de-la-palabra-profetica\/","name":"El poder de la Palabra prof\u00e9tica - Tabernaculo Prensa de Dios","isPartOf":{"@id":"https:\/\/tabernaculoprensadedios.com\/web\/#website"},"primaryImageOfPage":{"@id":"https:\/\/tabernaculoprensadedios.com\/web\/el-poder-de-la-palabra-profetica\/#primaryimage"},"image":{"@id":"https:\/\/tabernaculoprensadedios.com\/web\/el-poder-de-la-palabra-profetica\/#primaryimage"},"thumbnailUrl":"https:\/\/tabernaculoprensadedios.com\/web\/wp-content\/uploads\/2025\/12\/Palabra-profetica.avif","datePublished":"2025-12-11T02:27:05+00:00","breadcrumb":{"@id":"https:\/\/tabernaculoprensadedios.com\/web\/el-poder-de-la-palabra-profetica\/#breadcrumb"},"inLanguage":"es","potentialAction":[{"@type":"ReadAction","target":["https:\/\/tabernaculoprensadedios.com\/web\/el-poder-de-la-palabra-profetica\/"]}]},{"@type":"ImageObject","inLanguage":"es","@id":"https:\/\/tabernaculoprensadedios.com\/web\/el-poder-de-la-palabra-profetica\/#primaryimage","url":"https:\/\/tabernaculoprensadedios.com\/web\/wp-content\/uploads\/2025\/12\/Palabra-profetica.avif","contentUrl":"https:\/\/tabernaculoprensadedios.com\/web\/wp-content\/uploads\/2025\/12\/Palabra-profetica.avif","width":1920,"height":1920},{"@type":"BreadcrumbList","@id":"https:\/\/tabernaculoprensadedios.com\/web\/el-poder-de-la-palabra-profetica\/#breadcrumb","itemListElement":[{"@type":"ListItem","position":1,"name":"Portada","item":"https:\/\/tabernaculoprensadedios.com\/web\/"},{"@type":"ListItem","position":2,"name":"El poder de la Palabra prof\u00e9tica"}]},{"@type":"WebSite","@id":"https:\/\/tabernaculoprensadedios.com\/web\/#website","url":"https:\/\/tabernaculoprensadedios.com\/web\/","name":"Tabernaculo Prensa de Dios","description":"Un medio a la manera de Dios","publisher":{"@id":"https:\/\/tabernaculoprensadedios.com\/web\/#\/schema\/person\/bc0e069fef56b38e177db6f098ae0b6e"},"potentialAction":[{"@type":"SearchAction","target":{"@type":"EntryPoint","urlTemplate":"https:\/\/tabernaculoprensadedios.com\/web\/?s={search_term_string}"},"query-input":{"@type":"PropertyValueSpecification","valueRequired":true,"valueName":"search_term_string"}}],"inLanguage":"es"},{"@type":["Person","Organization"],"@id":"https:\/\/tabernaculoprensadedios.com\/web\/#\/schema\/person\/bc0e069fef56b38e177db6f098ae0b6e","name":"tabernaculo","image":{"@type":"ImageObject","inLanguage":"es","@id":"https:\/\/tabernaculoprensadedios.com\/web\/#\/schema\/person\/image\/","url":"https:\/\/tabernaculoprensadedios.com\/web\/wp-content\/uploads\/2015\/06\/login-logo1.png","contentUrl":"https:\/\/tabernaculoprensadedios.com\/web\/wp-content\/uploads\/2015\/06\/login-logo1.png","width":300,"height":118,"caption":"tabernaculo"},"logo":{"@id":"https:\/\/tabernaculoprensadedios.com\/web\/#\/schema\/person\/image\/"},"url":"https:\/\/tabernaculoprensadedios.com\/web\/author\/tabernaculo\/"}]}},"_links":{"self":[{"href":"https:\/\/tabernaculoprensadedios.com\/web\/wp-json\/wp\/v2\/posts\/36592","targetHints":{"allow":["GET"]}}],"collection":[{"href":"https:\/\/tabernaculoprensadedios.com\/web\/wp-json\/wp\/v2\/posts"}],"about":[{"href":"https:\/\/tabernaculoprensadedios.com\/web\/wp-json\/wp\/v2\/types\/post"}],"author":[{"embeddable":true,"href":"https:\/\/tabernaculoprensadedios.com\/web\/wp-json\/wp\/v2\/users\/1"}],"replies":[{"embeddable":true,"href":"https:\/\/tabernaculoprensadedios.com\/web\/wp-json\/wp\/v2\/comments?post=36592"}],"version-history":[{"count":1,"href":"https:\/\/tabernaculoprensadedios.com\/web\/wp-json\/wp\/v2\/posts\/36592\/revisions"}],"predecessor-version":[{"id":36594,"href":"https:\/\/tabernaculoprensadedios.com\/web\/wp-json\/wp\/v2\/posts\/36592\/revisions\/36594"}],"wp:featuredmedia":[{"embeddable":true,"href":"https:\/\/tabernaculoprensadedios.com\/web\/wp-json\/wp\/v2\/media\/36593"}],"wp:attachment":[{"href":"https:\/\/tabernaculoprensadedios.com\/web\/wp-json\/wp\/v2\/media?parent=36592"}],"wp:term":[{"taxonomy":"category","embeddable":true,"href":"https:\/\/tabernaculoprensadedios.com\/web\/wp-json\/wp\/v2\/categories?post=36592"},{"taxonomy":"post_tag","embeddable":true,"href":"https:\/\/tabernaculoprensadedios.com\/web\/wp-json\/wp\/v2\/tags?post=36592"}],"curies":[{"name":"wp","href":"https:\/\/api.w.org\/{rel}","templated":true}]}}