{"id":36568,"date":"2025-12-08T17:44:57","date_gmt":"2025-12-08T17:44:57","guid":{"rendered":"https:\/\/tabernaculoprensadedios.com\/web\/?p=36568"},"modified":"2025-12-08T17:44:57","modified_gmt":"2025-12-08T17:44:57","slug":"ya-sabes-lo-que-paso-en-belen","status":"publish","type":"post","link":"https:\/\/tabernaculoprensadedios.com\/web\/ya-sabes-lo-que-paso-en-belen\/","title":{"rendered":"\u00bfYa sabes lo que pas\u00f3 en Bel\u00e9n?"},"content":{"rendered":"<p><strong><em>TEXTO: LUCAS 2:10-15 Pero el \u00e1ngel les dijo: No tem\u00e1is; porque he aqu\u00ed os doy nuevas de gran gozo, que ser\u00e1 para todo el pueblo: 11 que os ha nacido hoy, en la ciudad de David, un Salvador, que es CRISTO el Se\u00f1or. 12 Esto os servir\u00e1 de se\u00f1al: Hallar\u00e9is al ni\u00f1o envuelto en pa\u00f1ales, acostado en un pesebre. 13 Y repentinamente apareci\u00f3 con el \u00e1ngel una multitud de las huestes celestiales, que alababan a Dios, y dec\u00edan: 14 \u00a1Gloria a Dios en las alturas, Y en la tierra paz, buena voluntad para con los hombres! 15 Sucedi\u00f3 que cuando los \u00e1ngeles se fueron de ellos al cielo, los pastores se dijeron unos a otros: Pasemos, pues, hasta Bel\u00e9n, y veamos esto que ha sucedido, y que el Se\u00f1or nos ha manifestado.<\/em><\/strong><\/p>\n<p>Hemos llegado a este momento tan esperado del a\u00f1o en el cual celebramos la navidad, es decir, CELEBRAMOS EL NACIMIENTO DEL HIJO DE DIOS en este mundo.<\/p>\n<p>En el texto que hemos le\u00eddo encontramos el momento en el cual el \u00e1ngel les dio un anuncio maravilloso a los pastores de aquella regi\u00f3n: HA NACIDO HOY UN SALVADOR, QUE ES CRISTO EL SE\u00d1OR.<\/p>\n<p>Al recibir el anuncio los pastores dijeron: \u00a1PASEMOS A BEL\u00c9N Y VEAMOS ESTO QUE HA SUCEDIO! Ellos quer\u00edan conocer verdaderamente lo que hab\u00eda pasado en Bel\u00e9n.<\/p>\n<p>En la actualidad muchas personas celebran la navidad, pero lastimosamente la celebran simplemente como una \u00e9poca, como un tiempo de alegr\u00eda para cerrar cada a\u00f1o, SIN SABER O SIN COMPRENDER LO QUE VERDADERAMENTE PAS\u00d3 EN BEL\u00c9N.<\/p>\n<p>\u00bfQUIERES SABER LO QUE PAS\u00d3 EN BEL\u00c9N? VEAMOS LO QUE NOS ENSE\u00d1A LA PALABRA DE DIOS<\/p>\n<p><strong>I) EN BEL\u00c9N, LA CASA DEL PAN, NACI\u00d3 EL PAN DE VIDA QUE FUE ENVIADO A ESTE MUNDO<br \/>\n<\/strong>(JUAN 6:30-35) Le dijeron entonces: \u00bfQu\u00e9 se\u00f1al, pues, haces t\u00fa, para que veamos, y te creamos? \u00bfQu\u00e9 obra haces? 31 Nuestros padres comieron el man\u00e1 en el desierto, como est\u00e1 escrito: Pan del cielo les dio a comer. 32 Y Jes\u00fas les dijo: De cierto, de cierto os digo: No os dio Mois\u00e9s el pan del cielo, mas mi Padre os da el verdadero pan del cielo. 33 Porque el pan de Dios es aquel que descendi\u00f3 del cielo y dio vida al mundo. 34 Le dijeron: Se\u00f1or, danos siempre este pan. 35 Jes\u00fas les dijo: Yo soy el pan de vida; el que a m\u00ed viene, nunca tendr\u00e1 hambre; y el que en m\u00ed cree, no tendr\u00e1 sed jam\u00e1s.<\/p>\n<p>El nacimiento de nuestro Se\u00f1or Jesucristo est\u00e1 lleno de muchos detalles que son mensajes muy importantes para nuestra vida.<\/p>\n<p>Tenemos que comprender que no es casualidad que nuestro Se\u00f1or Jesucristo haya nacido en Bel\u00e9n, ya que el significado del nombre Bel\u00e9n es \u201cCASA DE PAN\u201d.<\/p>\n<p>En la casa de Pan naci\u00f3 nuestro Se\u00f1or Jesucristo que es el Pan de Vida del cual todos debemos comer para poder ser salvos (Juan 6:47-51) De cierto, de cierto os digo: El que cree en m\u00ed, tiene vida eterna. 48 Yo soy el pan de vida. 49 Vuestros padres comieron el man\u00e1 en el desierto, y murieron. 50 Este es el pan que desciende del cielo, para que el que de \u00e9l come, no muera. 51 Yo soy el pan vivo que descendi\u00f3 del cielo; si alguno comiere de este pan, vivir\u00e1 para siempre; y el pan que yo dar\u00e9 es mi carne, la cual yo dar\u00e9 por la vida del mundo.<\/p>\n<p>El pan nos alimenta, nos provee de vitaminas, de glucosa, de prote\u00ednas, minerales, etc que nos ayudan para vivir, pero para poder recibir todo esto en nuestro cuerpo TENEMOS QUE COMER EL PAN, de la misma manera, nuestro Se\u00f1or Jesucristo nos da salvaci\u00f3n, vida eterna, perd\u00f3n de pecados, vida abundante, gozo y paz, pero para poder experimentar todas esas bendiciones tenemos que COMER ESE PAN DE VIDA, es decir, TENEMOS QUE RECIBIR A JES\u00daS COMO SE\u00d1OR Y SALVADOR DE NUESTRA VIDA.<\/p>\n<p><strong>II) EN BEL\u00c9N EN UN PESEBRE NACI\u00d3 EL CORDERO DE DIOS<br \/>\n<\/strong>(JUAN 1:29) El siguiente d\u00eda vio Juan a Jes\u00fas que ven\u00eda a \u00e9l, y dijo: He aqu\u00ed el Cordero de Dios, que quita el pecado del mundo.<\/p>\n<p>Muchos estudiosos se\u00f1alan que las ovejas criadas cerca de Bel\u00e9n eran usadas para sacrificios en el templo, debido a que estaba muy cerca, a unos 8 kil\u00f3metros de Jerusal\u00e9n.<\/p>\n<p>Los corderos que nac\u00edan en Bel\u00e9n, naian para ser ofrecidos en sacrificio por los pecados del pueblo, eran corderos destinados a morir en lugar del pecador UNA VEZ CADA A\u00d1O.<\/p>\n<p>Es por eso que en Bel\u00e9n naci\u00f3 EL CORDERO DE DIOS QUE QUITA EL PECADO DEL MUNDO, Jes\u00fas es el cordero que el Padre Celestial envi\u00f3 para morir en lugar del pecador y cargar en \u00e9l TODOS LOS PECADOS DE LA HUMANIDAD (Isa\u00edas 53:5-7) Mas \u00e9l herido fue por nuestras rebeliones, molido por nuestros pecados; el castigo de nuestra paz fue sobre \u00e9l, y por su llaga fuimos nosotros curados.<\/p>\n<p>6 Todos nosotros nos descarriamos como ovejas, cada cual se apart\u00f3 por su camino; mas Jehov\u00e1 carg\u00f3 en \u00e9l el pecado de todos nosotros. 7 Angustiado \u00e9l, y afligido, no abri\u00f3 su boca; como cordero fue llevado al matadero; y como oveja delante de sus trasquiladores, enmudeci\u00f3, y no abri\u00f3 su boca.<\/p>\n<p>La misi\u00f3n de Jes\u00fas en este mundo estaba declarada desde su cuna: UN PESEBRE PARA EL CORDERO DE DIOS.<\/p>\n<p><strong>III) EN BEL\u00c9N, TIERRA DE PASTORES, NACI\u00d3 EL BUEN PASTOR<br \/>\n<\/strong>(Juan 10:11) Yo soy el buen pastor; el buen pastor su vida da por las ovejas.<\/p>\n<p>Tenemos que saber que Bel\u00e9n y sus alrededores eran zonas rurales, con terrenos ideales para la cr\u00eda de ovejas.<\/p>\n<p>Es por eso que Bel\u00e9n era una regi\u00f3n pastoril, Los campos de Bel\u00e9n eran amplios, abiertos y perfectos para el pastoreo, por eso es normal que los primeros en escuchar el anuncio del nacimiento de Jes\u00fas fueran pastores (Lucas 2:8) Hab\u00eda pastores en la misma regi\u00f3n, que velaban y guardaban las vigilias de la noche sobre su reba\u00f1o.<\/p>\n<p>En la Biblia podemos ver que David, antes de ser rey, fue pastor de ovejas en Bel\u00e9n, su ciudad natal (1 Samuel 17:15) Pero David hab\u00eda ido y vuelto, dejando a Sa\u00fal, para apacentar las ovejas de su padre en Bel\u00e9n.<\/p>\n<p>Es por eso que en esa ciudad de pastores, en Bel\u00e9n, naci\u00f3 en este mundo EL BUEN PASTOR, el pastor que no solamente cuida las ovejas, que no solamente las busca, que no solamente las gu\u00eda, sino que D\u00c1 SU VIDA POR ELLAS, ese buen pastor es NUESTRO SE\u00d1OR JESUCRISTO.<\/p>\n<p>Jes\u00fas es EL PASTOR QUE TODOS NECESITAMOS EN NUESTRA VIDA, pero solamente podemos ser ovejas de su reba\u00f1o si creemos en \u00e9l y lo confesamos como Se\u00f1or y salvador de nuestra vida (Juan 10:26-28) pero vosotros no cre\u00e9is, porque no sois de mis ovejas, como os he dicho. 27 Mis ovejas oyen mi voz, y yo las conozco, y me siguen, 28 y yo les doy vida eterna; y no perecer\u00e1n jam\u00e1s, ni nadie las arrebatar\u00e1 de mi mano.<\/p>\n<p><strong>CONCLUSI\u00d3N:<\/strong> En Bel\u00e9n no ocurri\u00f3 simplemente un hecho hist\u00f3rico, sino un acontecimiento eterno que cambi\u00f3 el destino de la humanidad. En Bel\u00e9n naci\u00f3 el Pan de Vida que sacia para siempre, naci\u00f3 el Cordero de Dios que quita el pecado del mundo, y naci\u00f3 el Buen Pastor que gu\u00eda, cuida y da su vida por sus ovejas. \u00bfNos quedaremos solo con la historia, o iremos a Bel\u00e9n espiritualmente para ver y recibir al Salvador?<\/p>\n","protected":false},"excerpt":{"rendered":"<p>TEXTO: LUCAS 2:10-15 Pero el \u00e1ngel les dijo: No tem\u00e1is; porque he aqu\u00ed os doy nuevas de gran gozo, que ser\u00e1 para todo el pueblo: 11 que os ha nacido hoy, en la ciudad de David, un Salvador, que es CRISTO el Se\u00f1or. 12 Esto os servir\u00e1 de se\u00f1al: Hallar\u00e9is al ni\u00f1o envuelto en pa\u00f1ales, &hellip;<\/p>\n","protected":false},"author":1,"featured_media":36569,"comment_status":"open","ping_status":"open","sticky":false,"template":"","format":"standard","meta":{"footnotes":""},"categories":[34],"tags":[],"class_list":["post-36568","post","type-post","status-publish","format-standard","has-post-thumbnail","hentry","category-articulos"],"yoast_head":"<!-- This site is optimized with the Yoast SEO Premium plugin v24.2 (Yoast SEO v27.1.1) - https:\/\/yoast.com\/product\/yoast-seo-premium-wordpress\/ -->\n<title>\u00bfYa sabes lo que pas\u00f3 en Bel\u00e9n? - Tabernaculo Prensa de Dios<\/title>\n<meta name=\"robots\" content=\"index, follow, max-snippet:-1, max-image-preview:large, max-video-preview:-1\" \/>\n<link rel=\"canonical\" href=\"https:\/\/tabernaculoprensadedios.com\/web\/ya-sabes-lo-que-paso-en-belen\/\" class=\"yoast-seo-meta-tag\" \/>\n<meta property=\"og:locale\" content=\"es_ES\" class=\"yoast-seo-meta-tag\" \/>\n<meta property=\"og:type\" content=\"article\" class=\"yoast-seo-meta-tag\" \/>\n<meta property=\"og:title\" content=\"\u00bfYa sabes lo que pas\u00f3 en Bel\u00e9n?\" class=\"yoast-seo-meta-tag\" \/>\n<meta property=\"og:description\" content=\"TEXTO: LUCAS 2:10-15 Pero el \u00e1ngel les dijo: No tem\u00e1is; porque he aqu\u00ed os doy nuevas de gran gozo, que ser\u00e1 para todo el pueblo: 11 que os ha nacido hoy, en la ciudad de David, un Salvador, que es CRISTO el Se\u00f1or. 12 Esto os servir\u00e1 de se\u00f1al: Hallar\u00e9is al ni\u00f1o envuelto en pa\u00f1ales, &hellip;\" class=\"yoast-seo-meta-tag\" \/>\n<meta property=\"og:url\" content=\"https:\/\/tabernaculoprensadedios.com\/web\/ya-sabes-lo-que-paso-en-belen\/\" class=\"yoast-seo-meta-tag\" \/>\n<meta property=\"og:site_name\" content=\"Tabernaculo Prensa de Dios\" class=\"yoast-seo-meta-tag\" \/>\n<meta property=\"article:published_time\" content=\"2025-12-08T17:44:57+00:00\" class=\"yoast-seo-meta-tag\" \/>\n<meta property=\"og:image\" content=\"https:\/\/tabernaculoprensadedios.com\/web\/wp-content\/uploads\/2025\/12\/916b5141-282e-4edb-bbbf-80e42c3fcbb5.avif\" class=\"yoast-seo-meta-tag\" \/>\n\t<meta property=\"og:image:width\" content=\"1024\" class=\"yoast-seo-meta-tag\" \/>\n\t<meta property=\"og:image:height\" content=\"683\" class=\"yoast-seo-meta-tag\" \/>\n\t<meta property=\"og:image:type\" content=\"image\/jpeg\" class=\"yoast-seo-meta-tag\" \/>\n<meta name=\"author\" content=\"tabernaculo\" class=\"yoast-seo-meta-tag\" \/>\n<meta name=\"twitter:card\" content=\"summary_large_image\" class=\"yoast-seo-meta-tag\" \/>\n<meta name=\"twitter:creator\" content=\"@PrensadeDios\" class=\"yoast-seo-meta-tag\" \/>\n<meta name=\"twitter:site\" content=\"@PrensadeDios\" class=\"yoast-seo-meta-tag\" \/>\n<meta name=\"twitter:label1\" content=\"Escrito por\" class=\"yoast-seo-meta-tag\" \/>\n\t<meta name=\"twitter:data1\" content=\"tabernaculo\" class=\"yoast-seo-meta-tag\" \/>\n\t<meta name=\"twitter:label2\" content=\"Tiempo de lectura\" class=\"yoast-seo-meta-tag\" \/>\n\t<meta name=\"twitter:data2\" content=\"6 minutos\" class=\"yoast-seo-meta-tag\" \/>\n<script type=\"application\/ld+json\" class=\"yoast-schema-graph\">{\"@context\":\"https:\/\/schema.org\",\"@graph\":[{\"@type\":\"Article\",\"@id\":\"https:\/\/tabernaculoprensadedios.com\/web\/ya-sabes-lo-que-paso-en-belen\/#article\",\"isPartOf\":{\"@id\":\"https:\/\/tabernaculoprensadedios.com\/web\/ya-sabes-lo-que-paso-en-belen\/\"},\"author\":{\"name\":\"tabernaculo\",\"@id\":\"https:\/\/tabernaculoprensadedios.com\/web\/#\/schema\/person\/bc0e069fef56b38e177db6f098ae0b6e\"},\"headline\":\"\u00bfYa sabes lo que pas\u00f3 en Bel\u00e9n?\",\"datePublished\":\"2025-12-08T17:44:57+00:00\",\"mainEntityOfPage\":{\"@id\":\"https:\/\/tabernaculoprensadedios.com\/web\/ya-sabes-lo-que-paso-en-belen\/\"},\"wordCount\":1303,\"commentCount\":0,\"publisher\":{\"@id\":\"https:\/\/tabernaculoprensadedios.com\/web\/#\/schema\/person\/bc0e069fef56b38e177db6f098ae0b6e\"},\"image\":{\"@id\":\"https:\/\/tabernaculoprensadedios.com\/web\/ya-sabes-lo-que-paso-en-belen\/#primaryimage\"},\"thumbnailUrl\":\"https:\/\/tabernaculoprensadedios.com\/web\/wp-content\/uploads\/2025\/12\/916b5141-282e-4edb-bbbf-80e42c3fcbb5.avif\",\"articleSection\":[\"Articulos\"],\"inLanguage\":\"es\",\"potentialAction\":[{\"@type\":\"CommentAction\",\"name\":\"Comment\",\"target\":[\"https:\/\/tabernaculoprensadedios.com\/web\/ya-sabes-lo-que-paso-en-belen\/#respond\"]}]},{\"@type\":\"WebPage\",\"@id\":\"https:\/\/tabernaculoprensadedios.com\/web\/ya-sabes-lo-que-paso-en-belen\/\",\"url\":\"https:\/\/tabernaculoprensadedios.com\/web\/ya-sabes-lo-que-paso-en-belen\/\",\"name\":\"\u00bfYa sabes lo que pas\u00f3 en Bel\u00e9n? - Tabernaculo Prensa de Dios\",\"isPartOf\":{\"@id\":\"https:\/\/tabernaculoprensadedios.com\/web\/#website\"},\"primaryImageOfPage\":{\"@id\":\"https:\/\/tabernaculoprensadedios.com\/web\/ya-sabes-lo-que-paso-en-belen\/#primaryimage\"},\"image\":{\"@id\":\"https:\/\/tabernaculoprensadedios.com\/web\/ya-sabes-lo-que-paso-en-belen\/#primaryimage\"},\"thumbnailUrl\":\"https:\/\/tabernaculoprensadedios.com\/web\/wp-content\/uploads\/2025\/12\/916b5141-282e-4edb-bbbf-80e42c3fcbb5.avif\",\"datePublished\":\"2025-12-08T17:44:57+00:00\",\"breadcrumb\":{\"@id\":\"https:\/\/tabernaculoprensadedios.com\/web\/ya-sabes-lo-que-paso-en-belen\/#breadcrumb\"},\"inLanguage\":\"es\",\"potentialAction\":[{\"@type\":\"ReadAction\",\"target\":[\"https:\/\/tabernaculoprensadedios.com\/web\/ya-sabes-lo-que-paso-en-belen\/\"]}]},{\"@type\":\"ImageObject\",\"inLanguage\":\"es\",\"@id\":\"https:\/\/tabernaculoprensadedios.com\/web\/ya-sabes-lo-que-paso-en-belen\/#primaryimage\",\"url\":\"https:\/\/tabernaculoprensadedios.com\/web\/wp-content\/uploads\/2025\/12\/916b5141-282e-4edb-bbbf-80e42c3fcbb5.avif\",\"contentUrl\":\"https:\/\/tabernaculoprensadedios.com\/web\/wp-content\/uploads\/2025\/12\/916b5141-282e-4edb-bbbf-80e42c3fcbb5.avif\",\"width\":1024,\"height\":683},{\"@type\":\"BreadcrumbList\",\"@id\":\"https:\/\/tabernaculoprensadedios.com\/web\/ya-sabes-lo-que-paso-en-belen\/#breadcrumb\",\"itemListElement\":[{\"@type\":\"ListItem\",\"position\":1,\"name\":\"Portada\",\"item\":\"https:\/\/tabernaculoprensadedios.com\/web\/\"},{\"@type\":\"ListItem\",\"position\":2,\"name\":\"\u00bfYa sabes lo que pas\u00f3 en Bel\u00e9n?\"}]},{\"@type\":\"WebSite\",\"@id\":\"https:\/\/tabernaculoprensadedios.com\/web\/#website\",\"url\":\"https:\/\/tabernaculoprensadedios.com\/web\/\",\"name\":\"Tabernaculo Prensa de Dios\",\"description\":\"Un medio a la manera de Dios\",\"publisher\":{\"@id\":\"https:\/\/tabernaculoprensadedios.com\/web\/#\/schema\/person\/bc0e069fef56b38e177db6f098ae0b6e\"},\"potentialAction\":[{\"@type\":\"SearchAction\",\"target\":{\"@type\":\"EntryPoint\",\"urlTemplate\":\"https:\/\/tabernaculoprensadedios.com\/web\/?s={search_term_string}\"},\"query-input\":{\"@type\":\"PropertyValueSpecification\",\"valueRequired\":true,\"valueName\":\"search_term_string\"}}],\"inLanguage\":\"es\"},{\"@type\":[\"Person\",\"Organization\"],\"@id\":\"https:\/\/tabernaculoprensadedios.com\/web\/#\/schema\/person\/bc0e069fef56b38e177db6f098ae0b6e\",\"name\":\"tabernaculo\",\"image\":{\"@type\":\"ImageObject\",\"inLanguage\":\"es\",\"@id\":\"https:\/\/tabernaculoprensadedios.com\/web\/#\/schema\/person\/image\/\",\"url\":\"https:\/\/tabernaculoprensadedios.com\/web\/wp-content\/uploads\/2015\/06\/login-logo1.png\",\"contentUrl\":\"https:\/\/tabernaculoprensadedios.com\/web\/wp-content\/uploads\/2015\/06\/login-logo1.png\",\"width\":300,\"height\":118,\"caption\":\"tabernaculo\"},\"logo\":{\"@id\":\"https:\/\/tabernaculoprensadedios.com\/web\/#\/schema\/person\/image\/\"},\"url\":\"https:\/\/tabernaculoprensadedios.com\/web\/author\/tabernaculo\/\"}]}<\/script>\n<!-- \/ Yoast SEO Premium plugin. -->","yoast_head_json":{"title":"\u00bfYa sabes lo que pas\u00f3 en Bel\u00e9n? - Tabernaculo Prensa de Dios","robots":{"index":"index","follow":"follow","max-snippet":"max-snippet:-1","max-image-preview":"max-image-preview:large","max-video-preview":"max-video-preview:-1"},"canonical":"https:\/\/tabernaculoprensadedios.com\/web\/ya-sabes-lo-que-paso-en-belen\/","og_locale":"es_ES","og_type":"article","og_title":"\u00bfYa sabes lo que pas\u00f3 en Bel\u00e9n?","og_description":"TEXTO: LUCAS 2:10-15 Pero el \u00e1ngel les dijo: No tem\u00e1is; porque he aqu\u00ed os doy nuevas de gran gozo, que ser\u00e1 para todo el pueblo: 11 que os ha nacido hoy, en la ciudad de David, un Salvador, que es CRISTO el Se\u00f1or. 12 Esto os servir\u00e1 de se\u00f1al: Hallar\u00e9is al ni\u00f1o envuelto en pa\u00f1ales, &hellip;","og_url":"https:\/\/tabernaculoprensadedios.com\/web\/ya-sabes-lo-que-paso-en-belen\/","og_site_name":"Tabernaculo Prensa de Dios","article_published_time":"2025-12-08T17:44:57+00:00","og_image":[{"width":1024,"height":683,"url":"https:\/\/tabernaculoprensadedios.com\/web\/wp-content\/uploads\/2025\/12\/916b5141-282e-4edb-bbbf-80e42c3fcbb5.avif","type":"image\/jpeg"}],"author":"tabernaculo","twitter_card":"summary_large_image","twitter_creator":"@PrensadeDios","twitter_site":"@PrensadeDios","twitter_misc":{"Escrito por":"tabernaculo","Tiempo de lectura":"6 minutos"},"schema":{"@context":"https:\/\/schema.org","@graph":[{"@type":"Article","@id":"https:\/\/tabernaculoprensadedios.com\/web\/ya-sabes-lo-que-paso-en-belen\/#article","isPartOf":{"@id":"https:\/\/tabernaculoprensadedios.com\/web\/ya-sabes-lo-que-paso-en-belen\/"},"author":{"name":"tabernaculo","@id":"https:\/\/tabernaculoprensadedios.com\/web\/#\/schema\/person\/bc0e069fef56b38e177db6f098ae0b6e"},"headline":"\u00bfYa sabes lo que pas\u00f3 en Bel\u00e9n?","datePublished":"2025-12-08T17:44:57+00:00","mainEntityOfPage":{"@id":"https:\/\/tabernaculoprensadedios.com\/web\/ya-sabes-lo-que-paso-en-belen\/"},"wordCount":1303,"commentCount":0,"publisher":{"@id":"https:\/\/tabernaculoprensadedios.com\/web\/#\/schema\/person\/bc0e069fef56b38e177db6f098ae0b6e"},"image":{"@id":"https:\/\/tabernaculoprensadedios.com\/web\/ya-sabes-lo-que-paso-en-belen\/#primaryimage"},"thumbnailUrl":"https:\/\/tabernaculoprensadedios.com\/web\/wp-content\/uploads\/2025\/12\/916b5141-282e-4edb-bbbf-80e42c3fcbb5.avif","articleSection":["Articulos"],"inLanguage":"es","potentialAction":[{"@type":"CommentAction","name":"Comment","target":["https:\/\/tabernaculoprensadedios.com\/web\/ya-sabes-lo-que-paso-en-belen\/#respond"]}]},{"@type":"WebPage","@id":"https:\/\/tabernaculoprensadedios.com\/web\/ya-sabes-lo-que-paso-en-belen\/","url":"https:\/\/tabernaculoprensadedios.com\/web\/ya-sabes-lo-que-paso-en-belen\/","name":"\u00bfYa sabes lo que pas\u00f3 en Bel\u00e9n? - Tabernaculo Prensa de Dios","isPartOf":{"@id":"https:\/\/tabernaculoprensadedios.com\/web\/#website"},"primaryImageOfPage":{"@id":"https:\/\/tabernaculoprensadedios.com\/web\/ya-sabes-lo-que-paso-en-belen\/#primaryimage"},"image":{"@id":"https:\/\/tabernaculoprensadedios.com\/web\/ya-sabes-lo-que-paso-en-belen\/#primaryimage"},"thumbnailUrl":"https:\/\/tabernaculoprensadedios.com\/web\/wp-content\/uploads\/2025\/12\/916b5141-282e-4edb-bbbf-80e42c3fcbb5.avif","datePublished":"2025-12-08T17:44:57+00:00","breadcrumb":{"@id":"https:\/\/tabernaculoprensadedios.com\/web\/ya-sabes-lo-que-paso-en-belen\/#breadcrumb"},"inLanguage":"es","potentialAction":[{"@type":"ReadAction","target":["https:\/\/tabernaculoprensadedios.com\/web\/ya-sabes-lo-que-paso-en-belen\/"]}]},{"@type":"ImageObject","inLanguage":"es","@id":"https:\/\/tabernaculoprensadedios.com\/web\/ya-sabes-lo-que-paso-en-belen\/#primaryimage","url":"https:\/\/tabernaculoprensadedios.com\/web\/wp-content\/uploads\/2025\/12\/916b5141-282e-4edb-bbbf-80e42c3fcbb5.avif","contentUrl":"https:\/\/tabernaculoprensadedios.com\/web\/wp-content\/uploads\/2025\/12\/916b5141-282e-4edb-bbbf-80e42c3fcbb5.avif","width":1024,"height":683},{"@type":"BreadcrumbList","@id":"https:\/\/tabernaculoprensadedios.com\/web\/ya-sabes-lo-que-paso-en-belen\/#breadcrumb","itemListElement":[{"@type":"ListItem","position":1,"name":"Portada","item":"https:\/\/tabernaculoprensadedios.com\/web\/"},{"@type":"ListItem","position":2,"name":"\u00bfYa sabes lo que pas\u00f3 en Bel\u00e9n?"}]},{"@type":"WebSite","@id":"https:\/\/tabernaculoprensadedios.com\/web\/#website","url":"https:\/\/tabernaculoprensadedios.com\/web\/","name":"Tabernaculo Prensa de Dios","description":"Un medio a la manera de Dios","publisher":{"@id":"https:\/\/tabernaculoprensadedios.com\/web\/#\/schema\/person\/bc0e069fef56b38e177db6f098ae0b6e"},"potentialAction":[{"@type":"SearchAction","target":{"@type":"EntryPoint","urlTemplate":"https:\/\/tabernaculoprensadedios.com\/web\/?s={search_term_string}"},"query-input":{"@type":"PropertyValueSpecification","valueRequired":true,"valueName":"search_term_string"}}],"inLanguage":"es"},{"@type":["Person","Organization"],"@id":"https:\/\/tabernaculoprensadedios.com\/web\/#\/schema\/person\/bc0e069fef56b38e177db6f098ae0b6e","name":"tabernaculo","image":{"@type":"ImageObject","inLanguage":"es","@id":"https:\/\/tabernaculoprensadedios.com\/web\/#\/schema\/person\/image\/","url":"https:\/\/tabernaculoprensadedios.com\/web\/wp-content\/uploads\/2015\/06\/login-logo1.png","contentUrl":"https:\/\/tabernaculoprensadedios.com\/web\/wp-content\/uploads\/2015\/06\/login-logo1.png","width":300,"height":118,"caption":"tabernaculo"},"logo":{"@id":"https:\/\/tabernaculoprensadedios.com\/web\/#\/schema\/person\/image\/"},"url":"https:\/\/tabernaculoprensadedios.com\/web\/author\/tabernaculo\/"}]}},"_links":{"self":[{"href":"https:\/\/tabernaculoprensadedios.com\/web\/wp-json\/wp\/v2\/posts\/36568","targetHints":{"allow":["GET"]}}],"collection":[{"href":"https:\/\/tabernaculoprensadedios.com\/web\/wp-json\/wp\/v2\/posts"}],"about":[{"href":"https:\/\/tabernaculoprensadedios.com\/web\/wp-json\/wp\/v2\/types\/post"}],"author":[{"embeddable":true,"href":"https:\/\/tabernaculoprensadedios.com\/web\/wp-json\/wp\/v2\/users\/1"}],"replies":[{"embeddable":true,"href":"https:\/\/tabernaculoprensadedios.com\/web\/wp-json\/wp\/v2\/comments?post=36568"}],"version-history":[{"count":1,"href":"https:\/\/tabernaculoprensadedios.com\/web\/wp-json\/wp\/v2\/posts\/36568\/revisions"}],"predecessor-version":[{"id":36570,"href":"https:\/\/tabernaculoprensadedios.com\/web\/wp-json\/wp\/v2\/posts\/36568\/revisions\/36570"}],"wp:featuredmedia":[{"embeddable":true,"href":"https:\/\/tabernaculoprensadedios.com\/web\/wp-json\/wp\/v2\/media\/36569"}],"wp:attachment":[{"href":"https:\/\/tabernaculoprensadedios.com\/web\/wp-json\/wp\/v2\/media?parent=36568"}],"wp:term":[{"taxonomy":"category","embeddable":true,"href":"https:\/\/tabernaculoprensadedios.com\/web\/wp-json\/wp\/v2\/categories?post=36568"},{"taxonomy":"post_tag","embeddable":true,"href":"https:\/\/tabernaculoprensadedios.com\/web\/wp-json\/wp\/v2\/tags?post=36568"}],"curies":[{"name":"wp","href":"https:\/\/api.w.org\/{rel}","templated":true}]}}