{"id":36546,"date":"2025-12-05T10:35:06","date_gmt":"2025-12-05T10:35:06","guid":{"rendered":"https:\/\/tabernaculoprensadedios.com\/web\/?p=36546"},"modified":"2025-12-05T15:38:18","modified_gmt":"2025-12-05T15:38:18","slug":"asociacion-de-egresados-unev-celebra-conferencia-magistral-el-futuro-que-nos-espera-con-el-ing-darian-vargas","status":"publish","type":"post","link":"https:\/\/tabernaculoprensadedios.com\/web\/asociacion-de-egresados-unev-celebra-conferencia-magistral-el-futuro-que-nos-espera-con-el-ing-darian-vargas\/","title":{"rendered":"Asociaci\u00f3n de Egresados UNEV celebra conferencia magistral \u201cEl futuro que nos espera\u201d con el Ing. Dar\u00edan Vargas"},"content":{"rendered":"<p>La Asociaci\u00f3n de Egresados de la Universidad Nacional Evang\u00e9lica (UNEV), Recinto Santiago, realiz\u00f3 la conferencia magistral \u201cEl futuro que nos espera\u201d, impartida por el ingeniero Dar\u00edan Vargas, quien logr\u00f3 conectar de manera extraordinaria con el p\u00fablico al abordar, con profundidad y cercan\u00eda, temas vinculados al \u00e1mbito educativo, la superaci\u00f3n personal, el desarrollo profesional y el crecimiento espiritual.<\/p>\n<p>Durante su alocuci\u00f3n, el Ing. Vargas resalt\u00f3 la importancia de que cada persona conozca su verdadero potencial, identifique sus habilidades y asuma con responsabilidad las oportunidades que se encuentran en su entorno. Como ejemplo, hizo referencia al gran valor de los recursos naturales de la Rep\u00fablica Dominicana, destacando el cacao natural, en cuyo mercado el pa\u00eds se posiciona en el quinto lugar a nivel mundial, subrayando que no basta con tener la materia prima, sino que resulta imprescindible aprender a desarrollarla y comercializarla estrat\u00e9gicamente a gran escala.<\/p>\n<p>Asimismo, explic\u00f3 que actualmente vivimos en la denominada econom\u00eda de la atenci\u00f3n, donde la preparaci\u00f3n constante y la capacidad de innovar marcan la diferencia. En ese sentido, motiv\u00f3 a los estudiantes de la UNEV a transformar positivamente sus entornos, a continuar form\u00e1ndose con disciplina en sus respectivas \u00e1reas y a comprender que, al final del camino, es el conocimiento el que posiciona y abre nuevas puertas.<\/p>\n<p>El conferencista tambi\u00e9n abord\u00f3 con preocupaci\u00f3n los riesgos de una sociedad que no prioriza la educaci\u00f3n ni cuenta con un sistema educativo alineado a las competencias globales, advirtiendo que los pueblos que no se preparan est\u00e1n expuestos al desplazamiento y al rezago. Se\u00f1al\u00f3 la urgente necesidad de una renovaci\u00f3n del sistema educativo dominicano, as\u00ed como de una mayor inversi\u00f3n en especialistas de distintas \u00e1reas del saber.<\/p>\n<p>En otro orden, hizo \u00e9nfasis en el impacto creciente de la rob\u00f3tica y la tecnolog\u00eda en m\u00faltiples sectores, alertando sobre el desplazamiento de ciertos servicios tradicionalmente realizados por el ser humano, y destac\u00f3 carreras emergentes como la ciberseguridad entre las profesiones del futuro. A pesar de estos retos, expres\u00f3 su esperanza en la construcci\u00f3n de un mundo m\u00e1s inteligente, donde el ser humano pueda evolucionar en armon\u00eda con la tecnolog\u00eda.<\/p>\n<p>Durante las m\u00e1s de dos horas que dur\u00f3 la conferencia, el Ing. Vargas mantuvo a los presentes atentos e interesados, exhort\u00e1ndolos a cultivar valores como la honestidad, empat\u00eda, humildad, bondad y gratitud, al tiempo que advirti\u00f3 que la obsesi\u00f3n desmedida puede nublar el talento. Reafirm\u00f3 que una sociedad educada es una sociedad verdaderamente rica, manifestando su preocupaci\u00f3n por el alto \u00edndice de deserci\u00f3n escolar y el aumento de embarazos en adolescentes, situaciones que, a su juicio, requieren la implementaci\u00f3n de pol\u00edticas p\u00fablicas reales y efectivas.<\/p>\n<p>De igual forma, llam\u00f3 la atenci\u00f3n sobre la p\u00e9rdida de valores en la sociedad actual y exhort\u00f3 a los j\u00f3venes a mantenerse alejados de los vicios, invit\u00e1ndolos a buscar de Cristo como gu\u00eda y salvador.<\/p>\n<p>Las palabras de bienvenida estuvieron a cargo de Jovina de la Cruz, en representaci\u00f3n de la Dra. Johanny Rodr\u00edguez, quien salud\u00f3 a los egresados, estudiantes, docentes e invitados especiales. Por su parte, la vicepresidenta de la Asociaci\u00f3n de Egresados, Rossy Mu\u00f1oz, destac\u00f3 la trayectoria profesional y los valores del Ing. Dar\u00edan Vargas. Al finalizar la actividad, la secretaria general, Rosanny Rodr\u00edguez, realiz\u00f3 la menci\u00f3n y entrega de la certificaci\u00f3n al conferencista invitado.<\/p>\n<p>Con este tipo de iniciativas, la Asociaci\u00f3n de Egresados de la UNEV, Recinto Santiago, reafirma su compromiso con la formaci\u00f3n integral, el fortalecimiento de los valores y la promoci\u00f3n de espacios que fomentan la reflexi\u00f3n, el liderazgo y la excelencia acad\u00e9mica.<\/p>\n","protected":false},"excerpt":{"rendered":"<p>La Asociaci\u00f3n de Egresados de la Universidad Nacional Evang\u00e9lica (UNEV), Recinto Santiago, realiz\u00f3 la conferencia magistral \u201cEl futuro que nos espera\u201d, impartida por el ingeniero Dar\u00edan Vargas, quien logr\u00f3 conectar de manera extraordinaria con el p\u00fablico al abordar, con profundidad y cercan\u00eda, temas vinculados al \u00e1mbito educativo, la superaci\u00f3n personal, el desarrollo profesional y el &hellip;<\/p>\n","protected":false},"author":1,"featured_media":36547,"comment_status":"open","ping_status":"open","sticky":false,"template":"","format":"standard","meta":{"footnotes":""},"categories":[19],"tags":[],"class_list":["post-36546","post","type-post","status-publish","format-standard","has-post-thumbnail","hentry","category-educacion"],"yoast_head":"<!-- This site is optimized with the Yoast SEO Premium plugin v24.2 (Yoast SEO v27.1.1) - https:\/\/yoast.com\/product\/yoast-seo-premium-wordpress\/ -->\n<title>Asociaci\u00f3n de Egresados UNEV celebra conferencia magistral \u201cEl futuro que nos espera\u201d con el Ing. Dar\u00edan Vargas - Tabernaculo Prensa de Dios<\/title>\n<meta name=\"robots\" content=\"index, follow, max-snippet:-1, max-image-preview:large, max-video-preview:-1\" \/>\n<link rel=\"canonical\" href=\"https:\/\/tabernaculoprensadedios.com\/web\/asociacion-de-egresados-unev-celebra-conferencia-magistral-el-futuro-que-nos-espera-con-el-ing-darian-vargas\/\" class=\"yoast-seo-meta-tag\" \/>\n<meta property=\"og:locale\" content=\"es_ES\" class=\"yoast-seo-meta-tag\" \/>\n<meta property=\"og:type\" content=\"article\" class=\"yoast-seo-meta-tag\" \/>\n<meta property=\"og:title\" content=\"Asociaci\u00f3n de Egresados UNEV celebra conferencia magistral \u201cEl futuro que nos espera\u201d con el Ing. Dar\u00edan Vargas\" class=\"yoast-seo-meta-tag\" \/>\n<meta property=\"og:description\" content=\"La Asociaci\u00f3n de Egresados de la Universidad Nacional Evang\u00e9lica (UNEV), Recinto Santiago, realiz\u00f3 la conferencia magistral \u201cEl futuro que nos espera\u201d, impartida por el ingeniero Dar\u00edan Vargas, quien logr\u00f3 conectar de manera extraordinaria con el p\u00fablico al abordar, con profundidad y cercan\u00eda, temas vinculados al \u00e1mbito educativo, la superaci\u00f3n personal, el desarrollo profesional y el &hellip;\" class=\"yoast-seo-meta-tag\" \/>\n<meta property=\"og:url\" content=\"https:\/\/tabernaculoprensadedios.com\/web\/asociacion-de-egresados-unev-celebra-conferencia-magistral-el-futuro-que-nos-espera-con-el-ing-darian-vargas\/\" class=\"yoast-seo-meta-tag\" \/>\n<meta property=\"og:site_name\" content=\"Tabernaculo Prensa de Dios\" class=\"yoast-seo-meta-tag\" \/>\n<meta property=\"article:published_time\" content=\"2025-12-05T10:35:06+00:00\" class=\"yoast-seo-meta-tag\" \/>\n<meta property=\"article:modified_time\" content=\"2025-12-05T15:38:18+00:00\" class=\"yoast-seo-meta-tag\" \/>\n<meta property=\"og:image\" content=\"https:\/\/tabernaculoprensadedios.com\/web\/wp-content\/uploads\/2025\/12\/DSC3143-1024x580-1.avif\" class=\"yoast-seo-meta-tag\" \/>\n\t<meta property=\"og:image:width\" content=\"1024\" class=\"yoast-seo-meta-tag\" \/>\n\t<meta property=\"og:image:height\" content=\"580\" class=\"yoast-seo-meta-tag\" \/>\n\t<meta property=\"og:image:type\" content=\"image\/jpeg\" class=\"yoast-seo-meta-tag\" \/>\n<meta name=\"author\" content=\"tabernaculo\" class=\"yoast-seo-meta-tag\" \/>\n<meta name=\"twitter:card\" content=\"summary_large_image\" class=\"yoast-seo-meta-tag\" \/>\n<meta name=\"twitter:creator\" content=\"@PrensadeDios\" class=\"yoast-seo-meta-tag\" \/>\n<meta name=\"twitter:site\" content=\"@PrensadeDios\" class=\"yoast-seo-meta-tag\" \/>\n<meta name=\"twitter:label1\" content=\"Escrito por\" class=\"yoast-seo-meta-tag\" \/>\n\t<meta name=\"twitter:data1\" content=\"tabernaculo\" class=\"yoast-seo-meta-tag\" \/>\n\t<meta name=\"twitter:label2\" content=\"Tiempo de lectura\" class=\"yoast-seo-meta-tag\" \/>\n\t<meta name=\"twitter:data2\" content=\"3 minutos\" class=\"yoast-seo-meta-tag\" \/>\n<script type=\"application\/ld+json\" class=\"yoast-schema-graph\">{\"@context\":\"https:\/\/schema.org\",\"@graph\":[{\"@type\":\"Article\",\"@id\":\"https:\/\/tabernaculoprensadedios.com\/web\/asociacion-de-egresados-unev-celebra-conferencia-magistral-el-futuro-que-nos-espera-con-el-ing-darian-vargas\/#article\",\"isPartOf\":{\"@id\":\"https:\/\/tabernaculoprensadedios.com\/web\/asociacion-de-egresados-unev-celebra-conferencia-magistral-el-futuro-que-nos-espera-con-el-ing-darian-vargas\/\"},\"author\":{\"name\":\"tabernaculo\",\"@id\":\"https:\/\/tabernaculoprensadedios.com\/web\/#\/schema\/person\/bc0e069fef56b38e177db6f098ae0b6e\"},\"headline\":\"Asociaci\u00f3n de Egresados UNEV celebra conferencia magistral \u201cEl futuro que nos espera\u201d con el Ing. Dar\u00edan Vargas\",\"datePublished\":\"2025-12-05T10:35:06+00:00\",\"dateModified\":\"2025-12-05T15:38:18+00:00\",\"mainEntityOfPage\":{\"@id\":\"https:\/\/tabernaculoprensadedios.com\/web\/asociacion-de-egresados-unev-celebra-conferencia-magistral-el-futuro-que-nos-espera-con-el-ing-darian-vargas\/\"},\"wordCount\":653,\"commentCount\":0,\"publisher\":{\"@id\":\"https:\/\/tabernaculoprensadedios.com\/web\/#\/schema\/person\/bc0e069fef56b38e177db6f098ae0b6e\"},\"image\":{\"@id\":\"https:\/\/tabernaculoprensadedios.com\/web\/asociacion-de-egresados-unev-celebra-conferencia-magistral-el-futuro-que-nos-espera-con-el-ing-darian-vargas\/#primaryimage\"},\"thumbnailUrl\":\"https:\/\/tabernaculoprensadedios.com\/web\/wp-content\/uploads\/2025\/12\/DSC3143-1024x580-1.avif\",\"articleSection\":[\"Educaci\u00f3n\"],\"inLanguage\":\"es\",\"potentialAction\":[{\"@type\":\"CommentAction\",\"name\":\"Comment\",\"target\":[\"https:\/\/tabernaculoprensadedios.com\/web\/asociacion-de-egresados-unev-celebra-conferencia-magistral-el-futuro-que-nos-espera-con-el-ing-darian-vargas\/#respond\"]}]},{\"@type\":\"WebPage\",\"@id\":\"https:\/\/tabernaculoprensadedios.com\/web\/asociacion-de-egresados-unev-celebra-conferencia-magistral-el-futuro-que-nos-espera-con-el-ing-darian-vargas\/\",\"url\":\"https:\/\/tabernaculoprensadedios.com\/web\/asociacion-de-egresados-unev-celebra-conferencia-magistral-el-futuro-que-nos-espera-con-el-ing-darian-vargas\/\",\"name\":\"Asociaci\u00f3n de Egresados UNEV celebra conferencia magistral \u201cEl futuro que nos espera\u201d con el Ing. Dar\u00edan Vargas - Tabernaculo Prensa de Dios\",\"isPartOf\":{\"@id\":\"https:\/\/tabernaculoprensadedios.com\/web\/#website\"},\"primaryImageOfPage\":{\"@id\":\"https:\/\/tabernaculoprensadedios.com\/web\/asociacion-de-egresados-unev-celebra-conferencia-magistral-el-futuro-que-nos-espera-con-el-ing-darian-vargas\/#primaryimage\"},\"image\":{\"@id\":\"https:\/\/tabernaculoprensadedios.com\/web\/asociacion-de-egresados-unev-celebra-conferencia-magistral-el-futuro-que-nos-espera-con-el-ing-darian-vargas\/#primaryimage\"},\"thumbnailUrl\":\"https:\/\/tabernaculoprensadedios.com\/web\/wp-content\/uploads\/2025\/12\/DSC3143-1024x580-1.avif\",\"datePublished\":\"2025-12-05T10:35:06+00:00\",\"dateModified\":\"2025-12-05T15:38:18+00:00\",\"breadcrumb\":{\"@id\":\"https:\/\/tabernaculoprensadedios.com\/web\/asociacion-de-egresados-unev-celebra-conferencia-magistral-el-futuro-que-nos-espera-con-el-ing-darian-vargas\/#breadcrumb\"},\"inLanguage\":\"es\",\"potentialAction\":[{\"@type\":\"ReadAction\",\"target\":[\"https:\/\/tabernaculoprensadedios.com\/web\/asociacion-de-egresados-unev-celebra-conferencia-magistral-el-futuro-que-nos-espera-con-el-ing-darian-vargas\/\"]}]},{\"@type\":\"ImageObject\",\"inLanguage\":\"es\",\"@id\":\"https:\/\/tabernaculoprensadedios.com\/web\/asociacion-de-egresados-unev-celebra-conferencia-magistral-el-futuro-que-nos-espera-con-el-ing-darian-vargas\/#primaryimage\",\"url\":\"https:\/\/tabernaculoprensadedios.com\/web\/wp-content\/uploads\/2025\/12\/DSC3143-1024x580-1.avif\",\"contentUrl\":\"https:\/\/tabernaculoprensadedios.com\/web\/wp-content\/uploads\/2025\/12\/DSC3143-1024x580-1.avif\",\"width\":1024,\"height\":580},{\"@type\":\"BreadcrumbList\",\"@id\":\"https:\/\/tabernaculoprensadedios.com\/web\/asociacion-de-egresados-unev-celebra-conferencia-magistral-el-futuro-que-nos-espera-con-el-ing-darian-vargas\/#breadcrumb\",\"itemListElement\":[{\"@type\":\"ListItem\",\"position\":1,\"name\":\"Portada\",\"item\":\"https:\/\/tabernaculoprensadedios.com\/web\/\"},{\"@type\":\"ListItem\",\"position\":2,\"name\":\"Asociaci\u00f3n de Egresados UNEV celebra conferencia magistral \u201cEl futuro que nos espera\u201d con el Ing. Dar\u00edan Vargas\"}]},{\"@type\":\"WebSite\",\"@id\":\"https:\/\/tabernaculoprensadedios.com\/web\/#website\",\"url\":\"https:\/\/tabernaculoprensadedios.com\/web\/\",\"name\":\"Tabernaculo Prensa de Dios\",\"description\":\"Un medio a la manera de Dios\",\"publisher\":{\"@id\":\"https:\/\/tabernaculoprensadedios.com\/web\/#\/schema\/person\/bc0e069fef56b38e177db6f098ae0b6e\"},\"potentialAction\":[{\"@type\":\"SearchAction\",\"target\":{\"@type\":\"EntryPoint\",\"urlTemplate\":\"https:\/\/tabernaculoprensadedios.com\/web\/?s={search_term_string}\"},\"query-input\":{\"@type\":\"PropertyValueSpecification\",\"valueRequired\":true,\"valueName\":\"search_term_string\"}}],\"inLanguage\":\"es\"},{\"@type\":[\"Person\",\"Organization\"],\"@id\":\"https:\/\/tabernaculoprensadedios.com\/web\/#\/schema\/person\/bc0e069fef56b38e177db6f098ae0b6e\",\"name\":\"tabernaculo\",\"image\":{\"@type\":\"ImageObject\",\"inLanguage\":\"es\",\"@id\":\"https:\/\/tabernaculoprensadedios.com\/web\/#\/schema\/person\/image\/\",\"url\":\"https:\/\/tabernaculoprensadedios.com\/web\/wp-content\/uploads\/2015\/06\/login-logo1.png\",\"contentUrl\":\"https:\/\/tabernaculoprensadedios.com\/web\/wp-content\/uploads\/2015\/06\/login-logo1.png\",\"width\":300,\"height\":118,\"caption\":\"tabernaculo\"},\"logo\":{\"@id\":\"https:\/\/tabernaculoprensadedios.com\/web\/#\/schema\/person\/image\/\"},\"url\":\"https:\/\/tabernaculoprensadedios.com\/web\/author\/tabernaculo\/\"}]}<\/script>\n<!-- \/ Yoast SEO Premium plugin. -->","yoast_head_json":{"title":"Asociaci\u00f3n de Egresados UNEV celebra conferencia magistral \u201cEl futuro que nos espera\u201d con el Ing. Dar\u00edan Vargas - Tabernaculo Prensa de Dios","robots":{"index":"index","follow":"follow","max-snippet":"max-snippet:-1","max-image-preview":"max-image-preview:large","max-video-preview":"max-video-preview:-1"},"canonical":"https:\/\/tabernaculoprensadedios.com\/web\/asociacion-de-egresados-unev-celebra-conferencia-magistral-el-futuro-que-nos-espera-con-el-ing-darian-vargas\/","og_locale":"es_ES","og_type":"article","og_title":"Asociaci\u00f3n de Egresados UNEV celebra conferencia magistral \u201cEl futuro que nos espera\u201d con el Ing. Dar\u00edan Vargas","og_description":"La Asociaci\u00f3n de Egresados de la Universidad Nacional Evang\u00e9lica (UNEV), Recinto Santiago, realiz\u00f3 la conferencia magistral \u201cEl futuro que nos espera\u201d, impartida por el ingeniero Dar\u00edan Vargas, quien logr\u00f3 conectar de manera extraordinaria con el p\u00fablico al abordar, con profundidad y cercan\u00eda, temas vinculados al \u00e1mbito educativo, la superaci\u00f3n personal, el desarrollo profesional y el &hellip;","og_url":"https:\/\/tabernaculoprensadedios.com\/web\/asociacion-de-egresados-unev-celebra-conferencia-magistral-el-futuro-que-nos-espera-con-el-ing-darian-vargas\/","og_site_name":"Tabernaculo Prensa de Dios","article_published_time":"2025-12-05T10:35:06+00:00","article_modified_time":"2025-12-05T15:38:18+00:00","og_image":[{"width":1024,"height":580,"url":"https:\/\/tabernaculoprensadedios.com\/web\/wp-content\/uploads\/2025\/12\/DSC3143-1024x580-1.avif","type":"image\/jpeg"}],"author":"tabernaculo","twitter_card":"summary_large_image","twitter_creator":"@PrensadeDios","twitter_site":"@PrensadeDios","twitter_misc":{"Escrito por":"tabernaculo","Tiempo de lectura":"3 minutos"},"schema":{"@context":"https:\/\/schema.org","@graph":[{"@type":"Article","@id":"https:\/\/tabernaculoprensadedios.com\/web\/asociacion-de-egresados-unev-celebra-conferencia-magistral-el-futuro-que-nos-espera-con-el-ing-darian-vargas\/#article","isPartOf":{"@id":"https:\/\/tabernaculoprensadedios.com\/web\/asociacion-de-egresados-unev-celebra-conferencia-magistral-el-futuro-que-nos-espera-con-el-ing-darian-vargas\/"},"author":{"name":"tabernaculo","@id":"https:\/\/tabernaculoprensadedios.com\/web\/#\/schema\/person\/bc0e069fef56b38e177db6f098ae0b6e"},"headline":"Asociaci\u00f3n de Egresados UNEV celebra conferencia magistral \u201cEl futuro que nos espera\u201d con el Ing. Dar\u00edan Vargas","datePublished":"2025-12-05T10:35:06+00:00","dateModified":"2025-12-05T15:38:18+00:00","mainEntityOfPage":{"@id":"https:\/\/tabernaculoprensadedios.com\/web\/asociacion-de-egresados-unev-celebra-conferencia-magistral-el-futuro-que-nos-espera-con-el-ing-darian-vargas\/"},"wordCount":653,"commentCount":0,"publisher":{"@id":"https:\/\/tabernaculoprensadedios.com\/web\/#\/schema\/person\/bc0e069fef56b38e177db6f098ae0b6e"},"image":{"@id":"https:\/\/tabernaculoprensadedios.com\/web\/asociacion-de-egresados-unev-celebra-conferencia-magistral-el-futuro-que-nos-espera-con-el-ing-darian-vargas\/#primaryimage"},"thumbnailUrl":"https:\/\/tabernaculoprensadedios.com\/web\/wp-content\/uploads\/2025\/12\/DSC3143-1024x580-1.avif","articleSection":["Educaci\u00f3n"],"inLanguage":"es","potentialAction":[{"@type":"CommentAction","name":"Comment","target":["https:\/\/tabernaculoprensadedios.com\/web\/asociacion-de-egresados-unev-celebra-conferencia-magistral-el-futuro-que-nos-espera-con-el-ing-darian-vargas\/#respond"]}]},{"@type":"WebPage","@id":"https:\/\/tabernaculoprensadedios.com\/web\/asociacion-de-egresados-unev-celebra-conferencia-magistral-el-futuro-que-nos-espera-con-el-ing-darian-vargas\/","url":"https:\/\/tabernaculoprensadedios.com\/web\/asociacion-de-egresados-unev-celebra-conferencia-magistral-el-futuro-que-nos-espera-con-el-ing-darian-vargas\/","name":"Asociaci\u00f3n de Egresados UNEV celebra conferencia magistral \u201cEl futuro que nos espera\u201d con el Ing. Dar\u00edan Vargas - Tabernaculo Prensa de Dios","isPartOf":{"@id":"https:\/\/tabernaculoprensadedios.com\/web\/#website"},"primaryImageOfPage":{"@id":"https:\/\/tabernaculoprensadedios.com\/web\/asociacion-de-egresados-unev-celebra-conferencia-magistral-el-futuro-que-nos-espera-con-el-ing-darian-vargas\/#primaryimage"},"image":{"@id":"https:\/\/tabernaculoprensadedios.com\/web\/asociacion-de-egresados-unev-celebra-conferencia-magistral-el-futuro-que-nos-espera-con-el-ing-darian-vargas\/#primaryimage"},"thumbnailUrl":"https:\/\/tabernaculoprensadedios.com\/web\/wp-content\/uploads\/2025\/12\/DSC3143-1024x580-1.avif","datePublished":"2025-12-05T10:35:06+00:00","dateModified":"2025-12-05T15:38:18+00:00","breadcrumb":{"@id":"https:\/\/tabernaculoprensadedios.com\/web\/asociacion-de-egresados-unev-celebra-conferencia-magistral-el-futuro-que-nos-espera-con-el-ing-darian-vargas\/#breadcrumb"},"inLanguage":"es","potentialAction":[{"@type":"ReadAction","target":["https:\/\/tabernaculoprensadedios.com\/web\/asociacion-de-egresados-unev-celebra-conferencia-magistral-el-futuro-que-nos-espera-con-el-ing-darian-vargas\/"]}]},{"@type":"ImageObject","inLanguage":"es","@id":"https:\/\/tabernaculoprensadedios.com\/web\/asociacion-de-egresados-unev-celebra-conferencia-magistral-el-futuro-que-nos-espera-con-el-ing-darian-vargas\/#primaryimage","url":"https:\/\/tabernaculoprensadedios.com\/web\/wp-content\/uploads\/2025\/12\/DSC3143-1024x580-1.avif","contentUrl":"https:\/\/tabernaculoprensadedios.com\/web\/wp-content\/uploads\/2025\/12\/DSC3143-1024x580-1.avif","width":1024,"height":580},{"@type":"BreadcrumbList","@id":"https:\/\/tabernaculoprensadedios.com\/web\/asociacion-de-egresados-unev-celebra-conferencia-magistral-el-futuro-que-nos-espera-con-el-ing-darian-vargas\/#breadcrumb","itemListElement":[{"@type":"ListItem","position":1,"name":"Portada","item":"https:\/\/tabernaculoprensadedios.com\/web\/"},{"@type":"ListItem","position":2,"name":"Asociaci\u00f3n de Egresados UNEV celebra conferencia magistral \u201cEl futuro que nos espera\u201d con el Ing. Dar\u00edan Vargas"}]},{"@type":"WebSite","@id":"https:\/\/tabernaculoprensadedios.com\/web\/#website","url":"https:\/\/tabernaculoprensadedios.com\/web\/","name":"Tabernaculo Prensa de Dios","description":"Un medio a la manera de Dios","publisher":{"@id":"https:\/\/tabernaculoprensadedios.com\/web\/#\/schema\/person\/bc0e069fef56b38e177db6f098ae0b6e"},"potentialAction":[{"@type":"SearchAction","target":{"@type":"EntryPoint","urlTemplate":"https:\/\/tabernaculoprensadedios.com\/web\/?s={search_term_string}"},"query-input":{"@type":"PropertyValueSpecification","valueRequired":true,"valueName":"search_term_string"}}],"inLanguage":"es"},{"@type":["Person","Organization"],"@id":"https:\/\/tabernaculoprensadedios.com\/web\/#\/schema\/person\/bc0e069fef56b38e177db6f098ae0b6e","name":"tabernaculo","image":{"@type":"ImageObject","inLanguage":"es","@id":"https:\/\/tabernaculoprensadedios.com\/web\/#\/schema\/person\/image\/","url":"https:\/\/tabernaculoprensadedios.com\/web\/wp-content\/uploads\/2015\/06\/login-logo1.png","contentUrl":"https:\/\/tabernaculoprensadedios.com\/web\/wp-content\/uploads\/2015\/06\/login-logo1.png","width":300,"height":118,"caption":"tabernaculo"},"logo":{"@id":"https:\/\/tabernaculoprensadedios.com\/web\/#\/schema\/person\/image\/"},"url":"https:\/\/tabernaculoprensadedios.com\/web\/author\/tabernaculo\/"}]}},"_links":{"self":[{"href":"https:\/\/tabernaculoprensadedios.com\/web\/wp-json\/wp\/v2\/posts\/36546","targetHints":{"allow":["GET"]}}],"collection":[{"href":"https:\/\/tabernaculoprensadedios.com\/web\/wp-json\/wp\/v2\/posts"}],"about":[{"href":"https:\/\/tabernaculoprensadedios.com\/web\/wp-json\/wp\/v2\/types\/post"}],"author":[{"embeddable":true,"href":"https:\/\/tabernaculoprensadedios.com\/web\/wp-json\/wp\/v2\/users\/1"}],"replies":[{"embeddable":true,"href":"https:\/\/tabernaculoprensadedios.com\/web\/wp-json\/wp\/v2\/comments?post=36546"}],"version-history":[{"count":1,"href":"https:\/\/tabernaculoprensadedios.com\/web\/wp-json\/wp\/v2\/posts\/36546\/revisions"}],"predecessor-version":[{"id":36548,"href":"https:\/\/tabernaculoprensadedios.com\/web\/wp-json\/wp\/v2\/posts\/36546\/revisions\/36548"}],"wp:featuredmedia":[{"embeddable":true,"href":"https:\/\/tabernaculoprensadedios.com\/web\/wp-json\/wp\/v2\/media\/36547"}],"wp:attachment":[{"href":"https:\/\/tabernaculoprensadedios.com\/web\/wp-json\/wp\/v2\/media?parent=36546"}],"wp:term":[{"taxonomy":"category","embeddable":true,"href":"https:\/\/tabernaculoprensadedios.com\/web\/wp-json\/wp\/v2\/categories?post=36546"},{"taxonomy":"post_tag","embeddable":true,"href":"https:\/\/tabernaculoprensadedios.com\/web\/wp-json\/wp\/v2\/tags?post=36546"}],"curies":[{"name":"wp","href":"https:\/\/api.w.org\/{rel}","templated":true}]}}