{"id":36532,"date":"2025-12-04T00:47:38","date_gmt":"2025-12-04T00:47:38","guid":{"rendered":"https:\/\/tabernaculoprensadedios.com\/web\/?p=36532"},"modified":"2025-12-04T00:47:38","modified_gmt":"2025-12-04T00:47:38","slug":"cuando-la-santidad-perfuma-el-alma","status":"publish","type":"post","link":"https:\/\/tabernaculoprensadedios.com\/web\/cuando-la-santidad-perfuma-el-alma\/","title":{"rendered":"Cuando la Santidad Perfuma el Alma"},"content":{"rendered":"<p>Hay momentos en la vida espiritual en los que el Se\u00f1or no solo nos habla\u2026 sino que\u00a0<strong>imparte<\/strong>\u00a0algo. No es palabra le\u00edda, es palabra que\u00a0<strong>entra<\/strong>, que\u00a0<strong>lava<\/strong>, que\u00a0<strong>perfuma<\/strong>. Ese es el rhema que llega cuando Dios quiere elevarnos desde la aurora espiritual hasta la luz del mediod\u00eda.<\/p>\n<p>A veces sentimos que nuestro coraz\u00f3n se quiebra. Pero lo que parece rotura, en el reino del Esp\u00edritu es\u00a0<strong>derramamiento<\/strong>. Un frasco de alabastro no puede mostrar su perfume mientras est\u00e1 intacto. Solo cuando se rompe, el aroma llena la casa.<\/p>\n<p><strong>As\u00ed somos delante de Dios.<\/strong><br \/>\nCuando \u00c9l permite que algo en nosotros se quiebre, no es para destruirnos, sino para liberar un perfume nuevo. Ese aroma es la evidencia de Su trato, Su amor y Su santificaci\u00f3n.<\/p>\n<p>Los pastores, maestros y siervos que Dios pone en nuestro camino son como alfareros que moldean nuestra vasija. Pero es Jes\u00fas mismo quien nos unge con el amor del Padre. Y esa unci\u00f3n no solo cambia lo que hacemos, sino lo que\u00a0<strong>somos<\/strong>.<\/p>\n<p>A mayor luz, mayor limpieza.<br \/>\nA mayor limpieza, mayor fragancia.<br \/>\nA mayor fragancia, mayor honra que damos\u2026 y que recibimos del Padre.<\/p>\n<p>No todos llegan a ese nivel, porque muchos se quedan oyendo solo con el o\u00eddo natural, donde la letra cansa y la mente se satura. Pero quienes escuchan con el coraz\u00f3n, quienes adoran en esp\u00edritu y verdad, se convierten en aroma agradable ante la Trinidad.<\/p>\n<p><strong>Mois\u00e9s subi\u00f3 al monte porque ya viv\u00eda en el mediod\u00eda espiritual.<\/strong><br \/>\nLa luz lo hab\u00eda transformado. Su vida desprend\u00eda un brillo que no proven\u00eda de \u00e9l, sino de Aquel a quien estaba apegado.<\/p>\n<p>Y as\u00ed sucede contigo cuando Dios te ministra un rhema:<br \/>\nno recibes solo informaci\u00f3n, recibes\u00a0<strong>transformaci\u00f3n<\/strong>.<\/p>\n<p>Cuando el Esp\u00edritu toca lo profundo, tu fe deja de estar en el nivel del Para\u00edso, que es b\u00e1sica, infantil, sin perfume\u2026<br \/>\ny comienza a elevarse a la fe del mediod\u00eda, donde el car\u00e1cter se afirma, la mirada se limpia y el alma empieza a oler a Cristo.<\/p>\n<p><strong>Eso fue lo que sentiste: perfume espiritual.<\/strong><br \/>\nFragancia que no proviene de palabras, sino de Su presencia.<\/p>\n","protected":false},"excerpt":{"rendered":"<p>Hay momentos en la vida espiritual en los que el Se\u00f1or no solo nos habla\u2026 sino que\u00a0imparte\u00a0algo. No es palabra le\u00edda, es palabra que\u00a0entra, que\u00a0lava, que\u00a0perfuma. Ese es el rhema que llega cuando Dios quiere elevarnos desde la aurora espiritual hasta la luz del mediod\u00eda. A veces sentimos que nuestro coraz\u00f3n se quiebra. Pero lo &hellip;<\/p>\n","protected":false},"author":1,"featured_media":36533,"comment_status":"open","ping_status":"open","sticky":false,"template":"","format":"standard","meta":{"footnotes":""},"categories":[34],"tags":[],"class_list":["post-36532","post","type-post","status-publish","format-standard","has-post-thumbnail","hentry","category-articulos"],"yoast_head":"<!-- This site is optimized with the Yoast SEO Premium plugin v24.2 (Yoast SEO v27.1.1) - https:\/\/yoast.com\/product\/yoast-seo-premium-wordpress\/ -->\n<title>Cuando la Santidad Perfuma el Alma - Tabernaculo Prensa de Dios<\/title>\n<meta name=\"robots\" content=\"index, follow, max-snippet:-1, max-image-preview:large, max-video-preview:-1\" \/>\n<link rel=\"canonical\" href=\"https:\/\/tabernaculoprensadedios.com\/web\/cuando-la-santidad-perfuma-el-alma\/\" class=\"yoast-seo-meta-tag\" \/>\n<meta property=\"og:locale\" content=\"es_ES\" class=\"yoast-seo-meta-tag\" \/>\n<meta property=\"og:type\" content=\"article\" class=\"yoast-seo-meta-tag\" \/>\n<meta property=\"og:title\" content=\"Cuando la Santidad Perfuma el Alma\" class=\"yoast-seo-meta-tag\" \/>\n<meta property=\"og:description\" content=\"Hay momentos en la vida espiritual en los que el Se\u00f1or no solo nos habla\u2026 sino que\u00a0imparte\u00a0algo. No es palabra le\u00edda, es palabra que\u00a0entra, que\u00a0lava, que\u00a0perfuma. Ese es el rhema que llega cuando Dios quiere elevarnos desde la aurora espiritual hasta la luz del mediod\u00eda. A veces sentimos que nuestro coraz\u00f3n se quiebra. Pero lo &hellip;\" class=\"yoast-seo-meta-tag\" \/>\n<meta property=\"og:url\" content=\"https:\/\/tabernaculoprensadedios.com\/web\/cuando-la-santidad-perfuma-el-alma\/\" class=\"yoast-seo-meta-tag\" \/>\n<meta property=\"og:site_name\" content=\"Tabernaculo Prensa de Dios\" class=\"yoast-seo-meta-tag\" \/>\n<meta property=\"article:published_time\" content=\"2025-12-04T00:47:38+00:00\" class=\"yoast-seo-meta-tag\" \/>\n<meta property=\"og:image\" content=\"https:\/\/tabernaculoprensadedios.com\/web\/wp-content\/uploads\/2025\/12\/eavs-4kngrk.avif\" class=\"yoast-seo-meta-tag\" \/>\n\t<meta property=\"og:image:width\" content=\"1600\" class=\"yoast-seo-meta-tag\" \/>\n\t<meta property=\"og:image:height\" content=\"1067\" class=\"yoast-seo-meta-tag\" \/>\n\t<meta property=\"og:image:type\" content=\"image\/jpeg\" class=\"yoast-seo-meta-tag\" \/>\n<meta name=\"author\" content=\"tabernaculo\" class=\"yoast-seo-meta-tag\" \/>\n<meta name=\"twitter:card\" content=\"summary_large_image\" class=\"yoast-seo-meta-tag\" \/>\n<meta name=\"twitter:creator\" content=\"@PrensadeDios\" class=\"yoast-seo-meta-tag\" \/>\n<meta name=\"twitter:site\" content=\"@PrensadeDios\" class=\"yoast-seo-meta-tag\" \/>\n<meta name=\"twitter:label1\" content=\"Escrito por\" class=\"yoast-seo-meta-tag\" \/>\n\t<meta name=\"twitter:data1\" content=\"tabernaculo\" class=\"yoast-seo-meta-tag\" \/>\n\t<meta name=\"twitter:label2\" content=\"Tiempo de lectura\" class=\"yoast-seo-meta-tag\" \/>\n\t<meta name=\"twitter:data2\" content=\"2 minutos\" class=\"yoast-seo-meta-tag\" \/>\n<script type=\"application\/ld+json\" class=\"yoast-schema-graph\">{\"@context\":\"https:\/\/schema.org\",\"@graph\":[{\"@type\":\"Article\",\"@id\":\"https:\/\/tabernaculoprensadedios.com\/web\/cuando-la-santidad-perfuma-el-alma\/#article\",\"isPartOf\":{\"@id\":\"https:\/\/tabernaculoprensadedios.com\/web\/cuando-la-santidad-perfuma-el-alma\/\"},\"author\":{\"name\":\"tabernaculo\",\"@id\":\"https:\/\/tabernaculoprensadedios.com\/web\/#\/schema\/person\/bc0e069fef56b38e177db6f098ae0b6e\"},\"headline\":\"Cuando la Santidad Perfuma el Alma\",\"datePublished\":\"2025-12-04T00:47:38+00:00\",\"mainEntityOfPage\":{\"@id\":\"https:\/\/tabernaculoprensadedios.com\/web\/cuando-la-santidad-perfuma-el-alma\/\"},\"wordCount\":382,\"commentCount\":0,\"publisher\":{\"@id\":\"https:\/\/tabernaculoprensadedios.com\/web\/#\/schema\/person\/bc0e069fef56b38e177db6f098ae0b6e\"},\"image\":{\"@id\":\"https:\/\/tabernaculoprensadedios.com\/web\/cuando-la-santidad-perfuma-el-alma\/#primaryimage\"},\"thumbnailUrl\":\"https:\/\/tabernaculoprensadedios.com\/web\/wp-content\/uploads\/2025\/12\/eavs-4kngrk.avif\",\"articleSection\":[\"Articulos\"],\"inLanguage\":\"es\",\"potentialAction\":[{\"@type\":\"CommentAction\",\"name\":\"Comment\",\"target\":[\"https:\/\/tabernaculoprensadedios.com\/web\/cuando-la-santidad-perfuma-el-alma\/#respond\"]}]},{\"@type\":\"WebPage\",\"@id\":\"https:\/\/tabernaculoprensadedios.com\/web\/cuando-la-santidad-perfuma-el-alma\/\",\"url\":\"https:\/\/tabernaculoprensadedios.com\/web\/cuando-la-santidad-perfuma-el-alma\/\",\"name\":\"Cuando la Santidad Perfuma el Alma - Tabernaculo Prensa de Dios\",\"isPartOf\":{\"@id\":\"https:\/\/tabernaculoprensadedios.com\/web\/#website\"},\"primaryImageOfPage\":{\"@id\":\"https:\/\/tabernaculoprensadedios.com\/web\/cuando-la-santidad-perfuma-el-alma\/#primaryimage\"},\"image\":{\"@id\":\"https:\/\/tabernaculoprensadedios.com\/web\/cuando-la-santidad-perfuma-el-alma\/#primaryimage\"},\"thumbnailUrl\":\"https:\/\/tabernaculoprensadedios.com\/web\/wp-content\/uploads\/2025\/12\/eavs-4kngrk.avif\",\"datePublished\":\"2025-12-04T00:47:38+00:00\",\"breadcrumb\":{\"@id\":\"https:\/\/tabernaculoprensadedios.com\/web\/cuando-la-santidad-perfuma-el-alma\/#breadcrumb\"},\"inLanguage\":\"es\",\"potentialAction\":[{\"@type\":\"ReadAction\",\"target\":[\"https:\/\/tabernaculoprensadedios.com\/web\/cuando-la-santidad-perfuma-el-alma\/\"]}]},{\"@type\":\"ImageObject\",\"inLanguage\":\"es\",\"@id\":\"https:\/\/tabernaculoprensadedios.com\/web\/cuando-la-santidad-perfuma-el-alma\/#primaryimage\",\"url\":\"https:\/\/tabernaculoprensadedios.com\/web\/wp-content\/uploads\/2025\/12\/eavs-4kngrk.avif\",\"contentUrl\":\"https:\/\/tabernaculoprensadedios.com\/web\/wp-content\/uploads\/2025\/12\/eavs-4kngrk.avif\",\"width\":1600,\"height\":1067,\"caption\":\"person standing on hill\"},{\"@type\":\"BreadcrumbList\",\"@id\":\"https:\/\/tabernaculoprensadedios.com\/web\/cuando-la-santidad-perfuma-el-alma\/#breadcrumb\",\"itemListElement\":[{\"@type\":\"ListItem\",\"position\":1,\"name\":\"Portada\",\"item\":\"https:\/\/tabernaculoprensadedios.com\/web\/\"},{\"@type\":\"ListItem\",\"position\":2,\"name\":\"Cuando la Santidad Perfuma el Alma\"}]},{\"@type\":\"WebSite\",\"@id\":\"https:\/\/tabernaculoprensadedios.com\/web\/#website\",\"url\":\"https:\/\/tabernaculoprensadedios.com\/web\/\",\"name\":\"Tabernaculo Prensa de Dios\",\"description\":\"Un medio a la manera de Dios\",\"publisher\":{\"@id\":\"https:\/\/tabernaculoprensadedios.com\/web\/#\/schema\/person\/bc0e069fef56b38e177db6f098ae0b6e\"},\"potentialAction\":[{\"@type\":\"SearchAction\",\"target\":{\"@type\":\"EntryPoint\",\"urlTemplate\":\"https:\/\/tabernaculoprensadedios.com\/web\/?s={search_term_string}\"},\"query-input\":{\"@type\":\"PropertyValueSpecification\",\"valueRequired\":true,\"valueName\":\"search_term_string\"}}],\"inLanguage\":\"es\"},{\"@type\":[\"Person\",\"Organization\"],\"@id\":\"https:\/\/tabernaculoprensadedios.com\/web\/#\/schema\/person\/bc0e069fef56b38e177db6f098ae0b6e\",\"name\":\"tabernaculo\",\"image\":{\"@type\":\"ImageObject\",\"inLanguage\":\"es\",\"@id\":\"https:\/\/tabernaculoprensadedios.com\/web\/#\/schema\/person\/image\/\",\"url\":\"https:\/\/tabernaculoprensadedios.com\/web\/wp-content\/uploads\/2015\/06\/login-logo1.png\",\"contentUrl\":\"https:\/\/tabernaculoprensadedios.com\/web\/wp-content\/uploads\/2015\/06\/login-logo1.png\",\"width\":300,\"height\":118,\"caption\":\"tabernaculo\"},\"logo\":{\"@id\":\"https:\/\/tabernaculoprensadedios.com\/web\/#\/schema\/person\/image\/\"},\"url\":\"https:\/\/tabernaculoprensadedios.com\/web\/author\/tabernaculo\/\"}]}<\/script>\n<!-- \/ Yoast SEO Premium plugin. -->","yoast_head_json":{"title":"Cuando la Santidad Perfuma el Alma - Tabernaculo Prensa de Dios","robots":{"index":"index","follow":"follow","max-snippet":"max-snippet:-1","max-image-preview":"max-image-preview:large","max-video-preview":"max-video-preview:-1"},"canonical":"https:\/\/tabernaculoprensadedios.com\/web\/cuando-la-santidad-perfuma-el-alma\/","og_locale":"es_ES","og_type":"article","og_title":"Cuando la Santidad Perfuma el Alma","og_description":"Hay momentos en la vida espiritual en los que el Se\u00f1or no solo nos habla\u2026 sino que\u00a0imparte\u00a0algo. No es palabra le\u00edda, es palabra que\u00a0entra, que\u00a0lava, que\u00a0perfuma. Ese es el rhema que llega cuando Dios quiere elevarnos desde la aurora espiritual hasta la luz del mediod\u00eda. A veces sentimos que nuestro coraz\u00f3n se quiebra. Pero lo &hellip;","og_url":"https:\/\/tabernaculoprensadedios.com\/web\/cuando-la-santidad-perfuma-el-alma\/","og_site_name":"Tabernaculo Prensa de Dios","article_published_time":"2025-12-04T00:47:38+00:00","og_image":[{"width":1600,"height":1067,"url":"https:\/\/tabernaculoprensadedios.com\/web\/wp-content\/uploads\/2025\/12\/eavs-4kngrk.avif","type":"image\/jpeg"}],"author":"tabernaculo","twitter_card":"summary_large_image","twitter_creator":"@PrensadeDios","twitter_site":"@PrensadeDios","twitter_misc":{"Escrito por":"tabernaculo","Tiempo de lectura":"2 minutos"},"schema":{"@context":"https:\/\/schema.org","@graph":[{"@type":"Article","@id":"https:\/\/tabernaculoprensadedios.com\/web\/cuando-la-santidad-perfuma-el-alma\/#article","isPartOf":{"@id":"https:\/\/tabernaculoprensadedios.com\/web\/cuando-la-santidad-perfuma-el-alma\/"},"author":{"name":"tabernaculo","@id":"https:\/\/tabernaculoprensadedios.com\/web\/#\/schema\/person\/bc0e069fef56b38e177db6f098ae0b6e"},"headline":"Cuando la Santidad Perfuma el Alma","datePublished":"2025-12-04T00:47:38+00:00","mainEntityOfPage":{"@id":"https:\/\/tabernaculoprensadedios.com\/web\/cuando-la-santidad-perfuma-el-alma\/"},"wordCount":382,"commentCount":0,"publisher":{"@id":"https:\/\/tabernaculoprensadedios.com\/web\/#\/schema\/person\/bc0e069fef56b38e177db6f098ae0b6e"},"image":{"@id":"https:\/\/tabernaculoprensadedios.com\/web\/cuando-la-santidad-perfuma-el-alma\/#primaryimage"},"thumbnailUrl":"https:\/\/tabernaculoprensadedios.com\/web\/wp-content\/uploads\/2025\/12\/eavs-4kngrk.avif","articleSection":["Articulos"],"inLanguage":"es","potentialAction":[{"@type":"CommentAction","name":"Comment","target":["https:\/\/tabernaculoprensadedios.com\/web\/cuando-la-santidad-perfuma-el-alma\/#respond"]}]},{"@type":"WebPage","@id":"https:\/\/tabernaculoprensadedios.com\/web\/cuando-la-santidad-perfuma-el-alma\/","url":"https:\/\/tabernaculoprensadedios.com\/web\/cuando-la-santidad-perfuma-el-alma\/","name":"Cuando la Santidad Perfuma el Alma - Tabernaculo Prensa de Dios","isPartOf":{"@id":"https:\/\/tabernaculoprensadedios.com\/web\/#website"},"primaryImageOfPage":{"@id":"https:\/\/tabernaculoprensadedios.com\/web\/cuando-la-santidad-perfuma-el-alma\/#primaryimage"},"image":{"@id":"https:\/\/tabernaculoprensadedios.com\/web\/cuando-la-santidad-perfuma-el-alma\/#primaryimage"},"thumbnailUrl":"https:\/\/tabernaculoprensadedios.com\/web\/wp-content\/uploads\/2025\/12\/eavs-4kngrk.avif","datePublished":"2025-12-04T00:47:38+00:00","breadcrumb":{"@id":"https:\/\/tabernaculoprensadedios.com\/web\/cuando-la-santidad-perfuma-el-alma\/#breadcrumb"},"inLanguage":"es","potentialAction":[{"@type":"ReadAction","target":["https:\/\/tabernaculoprensadedios.com\/web\/cuando-la-santidad-perfuma-el-alma\/"]}]},{"@type":"ImageObject","inLanguage":"es","@id":"https:\/\/tabernaculoprensadedios.com\/web\/cuando-la-santidad-perfuma-el-alma\/#primaryimage","url":"https:\/\/tabernaculoprensadedios.com\/web\/wp-content\/uploads\/2025\/12\/eavs-4kngrk.avif","contentUrl":"https:\/\/tabernaculoprensadedios.com\/web\/wp-content\/uploads\/2025\/12\/eavs-4kngrk.avif","width":1600,"height":1067,"caption":"person standing on hill"},{"@type":"BreadcrumbList","@id":"https:\/\/tabernaculoprensadedios.com\/web\/cuando-la-santidad-perfuma-el-alma\/#breadcrumb","itemListElement":[{"@type":"ListItem","position":1,"name":"Portada","item":"https:\/\/tabernaculoprensadedios.com\/web\/"},{"@type":"ListItem","position":2,"name":"Cuando la Santidad Perfuma el Alma"}]},{"@type":"WebSite","@id":"https:\/\/tabernaculoprensadedios.com\/web\/#website","url":"https:\/\/tabernaculoprensadedios.com\/web\/","name":"Tabernaculo Prensa de Dios","description":"Un medio a la manera de Dios","publisher":{"@id":"https:\/\/tabernaculoprensadedios.com\/web\/#\/schema\/person\/bc0e069fef56b38e177db6f098ae0b6e"},"potentialAction":[{"@type":"SearchAction","target":{"@type":"EntryPoint","urlTemplate":"https:\/\/tabernaculoprensadedios.com\/web\/?s={search_term_string}"},"query-input":{"@type":"PropertyValueSpecification","valueRequired":true,"valueName":"search_term_string"}}],"inLanguage":"es"},{"@type":["Person","Organization"],"@id":"https:\/\/tabernaculoprensadedios.com\/web\/#\/schema\/person\/bc0e069fef56b38e177db6f098ae0b6e","name":"tabernaculo","image":{"@type":"ImageObject","inLanguage":"es","@id":"https:\/\/tabernaculoprensadedios.com\/web\/#\/schema\/person\/image\/","url":"https:\/\/tabernaculoprensadedios.com\/web\/wp-content\/uploads\/2015\/06\/login-logo1.png","contentUrl":"https:\/\/tabernaculoprensadedios.com\/web\/wp-content\/uploads\/2015\/06\/login-logo1.png","width":300,"height":118,"caption":"tabernaculo"},"logo":{"@id":"https:\/\/tabernaculoprensadedios.com\/web\/#\/schema\/person\/image\/"},"url":"https:\/\/tabernaculoprensadedios.com\/web\/author\/tabernaculo\/"}]}},"_links":{"self":[{"href":"https:\/\/tabernaculoprensadedios.com\/web\/wp-json\/wp\/v2\/posts\/36532","targetHints":{"allow":["GET"]}}],"collection":[{"href":"https:\/\/tabernaculoprensadedios.com\/web\/wp-json\/wp\/v2\/posts"}],"about":[{"href":"https:\/\/tabernaculoprensadedios.com\/web\/wp-json\/wp\/v2\/types\/post"}],"author":[{"embeddable":true,"href":"https:\/\/tabernaculoprensadedios.com\/web\/wp-json\/wp\/v2\/users\/1"}],"replies":[{"embeddable":true,"href":"https:\/\/tabernaculoprensadedios.com\/web\/wp-json\/wp\/v2\/comments?post=36532"}],"version-history":[{"count":1,"href":"https:\/\/tabernaculoprensadedios.com\/web\/wp-json\/wp\/v2\/posts\/36532\/revisions"}],"predecessor-version":[{"id":36534,"href":"https:\/\/tabernaculoprensadedios.com\/web\/wp-json\/wp\/v2\/posts\/36532\/revisions\/36534"}],"wp:featuredmedia":[{"embeddable":true,"href":"https:\/\/tabernaculoprensadedios.com\/web\/wp-json\/wp\/v2\/media\/36533"}],"wp:attachment":[{"href":"https:\/\/tabernaculoprensadedios.com\/web\/wp-json\/wp\/v2\/media?parent=36532"}],"wp:term":[{"taxonomy":"category","embeddable":true,"href":"https:\/\/tabernaculoprensadedios.com\/web\/wp-json\/wp\/v2\/categories?post=36532"},{"taxonomy":"post_tag","embeddable":true,"href":"https:\/\/tabernaculoprensadedios.com\/web\/wp-json\/wp\/v2\/tags?post=36532"}],"curies":[{"name":"wp","href":"https:\/\/api.w.org\/{rel}","templated":true}]}}