{"id":36530,"date":"2025-12-04T00:43:10","date_gmt":"2025-12-04T00:43:10","guid":{"rendered":"https:\/\/tabernaculoprensadedios.com\/web\/?p=36530"},"modified":"2025-12-04T00:43:10","modified_gmt":"2025-12-04T00:43:10","slug":"el-perdon-para-el-fin-del-ano","status":"publish","type":"post","link":"https:\/\/tabernaculoprensadedios.com\/web\/el-perdon-para-el-fin-del-ano\/","title":{"rendered":"El Perd\u00f3n para el Fin del A\u00f1o"},"content":{"rendered":"<p>Mientras el a\u00f1o llega a su cierre, Dios nos llama a detenernos y examinar nuestro coraz\u00f3n. No es posible caminar hacia un nuevo comienzo llevando cargas viejas, heridas abiertas o resentimientos que nos roban la paz. Antes de buscar reconciliaci\u00f3n con otros, es necesario encontrar paz dentro de nosotros mismos. Esto nace de una actitud de humildad, paciencia y amor: reconocer que somos humanos, que fallamos, y que tambi\u00e9n otros fallan con nosotros.<\/p>\n<p>La Palabra declara en\u00a0<strong>Proverbios 16-7<\/strong><br \/>\n<em>Cuando los caminos del hombre son agradables a Jehov\u00e1, aun a sus enemigos hace estar en paz con \u00e9l.<\/em><br \/>\nEste vers\u00edculo nos recuerda que cuando alineamos nuestro coraz\u00f3n con Dios, \u00c9l mismo abre camino para la paz. No es nuestra fuerza, ni nuestra justicia, ni nuestra l\u00f3gica: es Su gracia obrando en lo profundo.<\/p>\n<p>Perdonar no significa aprobar lo que estuvo mal ni minimizar el dolor vivido. Perdonar es un acto espiritual que libera el alma del veneno del resentimiento. Es un regalo que nos hacemos mientras se lo ofrecemos a otros. Es permitir que la sanidad de Dios toque aquello que durante meses \u2014o incluso a\u00f1os\u2014 estuvo lastimando el coraz\u00f3n.<\/p>\n<p>Al final del a\u00f1o, Dios nos invita a cerrar ciclos con madurez y fe.<br \/>\nA soltar lo que no podemos cargar.<br \/>\nA entregar en Sus manos lo que no podemos resolver.<br \/>\nA dejar que la paz de Cristo sea la que gobierne nuestro esp\u00edritu. Perdonar es reflejar el car\u00e1cter del Padre:<\/p>\n<p>amor que no guarda rencor,<br \/>\nmisericordia que sana,<br \/>\ngracia que restaura.<\/p>\n<p>Perdonar es reflejar el car\u00e1cter del Padre:<br \/>\namor que no guarda rencor,<br \/>\nmisericordia que sana,<br \/>\ngracia que restaura.<\/p>\n<p>Que al despedir este a\u00f1o podamos decir:<br \/>\nTermino ligero. T\u00e9rmino libre. Termin\u00f3 en paz.<br \/>\nY que el nuevo a\u00f1o nos encuentre con un coraz\u00f3n renovado, listo para caminar en la plenitud de Dios.<\/p>\n\n\t\t<div class=\"clearfix\"><\/div>\n\t\t<div class=\"about-author about-author-box container-wrapper\">\n\t\t\t<div class=\"author-avatar\">\n\t\t\t\t<img loading=\"lazy\" decoding=\"async\" src=\"https:\/\/tabernaculoprensadedios.com\/web\/wp-content\/uploads\/2023\/06\/country-3880741_1280.jpg\" alt=\"Margarita Garc\u00eda\" class=\"author-avatar-img\" width=\"111\" height=\"111\" \/>\n\t\t\t<\/div>\n\t\t\t<div class=\"author-info\">\n\t\t\t\t<h4>Margarita Garc\u00eda<\/h4>Directora del Tabern\u00e1culo Prensa de Dios\n\t\t\t<\/div>\n\t\t<\/div>\n\t\n","protected":false},"excerpt":{"rendered":"<p>Mientras el a\u00f1o llega a su cierre, Dios nos llama a detenernos y examinar nuestro coraz\u00f3n. No es posible caminar hacia un nuevo comienzo llevando cargas viejas, heridas abiertas o resentimientos que nos roban la paz. Antes de buscar reconciliaci\u00f3n con otros, es necesario encontrar paz dentro de nosotros mismos. Esto nace de una actitud &hellip;<\/p>\n","protected":false},"author":1,"featured_media":28361,"comment_status":"open","ping_status":"open","sticky":false,"template":"","format":"standard","meta":{"footnotes":""},"categories":[790],"tags":[],"class_list":["post-36530","post","type-post","status-publish","format-standard","has-post-thumbnail","hentry","category-voz-del-tabernaculo"],"yoast_head":"<!-- This site is optimized with the Yoast SEO Premium plugin v24.2 (Yoast SEO v27.1.1) - https:\/\/yoast.com\/product\/yoast-seo-premium-wordpress\/ -->\n<title>El Perd\u00f3n para el Fin del A\u00f1o - Tabernaculo Prensa de Dios<\/title>\n<meta name=\"robots\" content=\"index, follow, max-snippet:-1, max-image-preview:large, max-video-preview:-1\" \/>\n<link rel=\"canonical\" href=\"https:\/\/tabernaculoprensadedios.com\/web\/el-perdon-para-el-fin-del-ano\/\" class=\"yoast-seo-meta-tag\" \/>\n<meta property=\"og:locale\" content=\"es_ES\" class=\"yoast-seo-meta-tag\" \/>\n<meta property=\"og:type\" content=\"article\" class=\"yoast-seo-meta-tag\" \/>\n<meta property=\"og:title\" content=\"El Perd\u00f3n para el Fin del A\u00f1o\" class=\"yoast-seo-meta-tag\" \/>\n<meta property=\"og:description\" content=\"Mientras el a\u00f1o llega a su cierre, Dios nos llama a detenernos y examinar nuestro coraz\u00f3n. No es posible caminar hacia un nuevo comienzo llevando cargas viejas, heridas abiertas o resentimientos que nos roban la paz. Antes de buscar reconciliaci\u00f3n con otros, es necesario encontrar paz dentro de nosotros mismos. Esto nace de una actitud &hellip;\" class=\"yoast-seo-meta-tag\" \/>\n<meta property=\"og:url\" content=\"https:\/\/tabernaculoprensadedios.com\/web\/el-perdon-para-el-fin-del-ano\/\" class=\"yoast-seo-meta-tag\" \/>\n<meta property=\"og:site_name\" content=\"Tabernaculo Prensa de Dios\" class=\"yoast-seo-meta-tag\" \/>\n<meta property=\"article:published_time\" content=\"2025-12-04T00:43:10+00:00\" class=\"yoast-seo-meta-tag\" \/>\n<meta property=\"og:image\" content=\"https:\/\/tabernaculoprensadedios.com\/web\/wp-content\/uploads\/2023\/06\/country-3880741_1280.jpg\" class=\"yoast-seo-meta-tag\" \/>\n\t<meta property=\"og:image:width\" content=\"1280\" class=\"yoast-seo-meta-tag\" \/>\n\t<meta property=\"og:image:height\" content=\"853\" class=\"yoast-seo-meta-tag\" \/>\n\t<meta property=\"og:image:type\" content=\"image\/jpeg\" class=\"yoast-seo-meta-tag\" \/>\n<meta name=\"author\" content=\"tabernaculo\" class=\"yoast-seo-meta-tag\" \/>\n<meta name=\"twitter:card\" content=\"summary_large_image\" class=\"yoast-seo-meta-tag\" \/>\n<meta name=\"twitter:creator\" content=\"@PrensadeDios\" class=\"yoast-seo-meta-tag\" \/>\n<meta name=\"twitter:site\" content=\"@PrensadeDios\" class=\"yoast-seo-meta-tag\" \/>\n<meta name=\"twitter:label1\" content=\"Escrito por\" class=\"yoast-seo-meta-tag\" \/>\n\t<meta name=\"twitter:data1\" content=\"tabernaculo\" class=\"yoast-seo-meta-tag\" \/>\n\t<meta name=\"twitter:label2\" content=\"Tiempo de lectura\" class=\"yoast-seo-meta-tag\" \/>\n\t<meta name=\"twitter:data2\" content=\"2 minutos\" class=\"yoast-seo-meta-tag\" \/>\n<script type=\"application\/ld+json\" class=\"yoast-schema-graph\">{\"@context\":\"https:\/\/schema.org\",\"@graph\":[{\"@type\":\"Article\",\"@id\":\"https:\/\/tabernaculoprensadedios.com\/web\/el-perdon-para-el-fin-del-ano\/#article\",\"isPartOf\":{\"@id\":\"https:\/\/tabernaculoprensadedios.com\/web\/el-perdon-para-el-fin-del-ano\/\"},\"author\":{\"name\":\"tabernaculo\",\"@id\":\"https:\/\/tabernaculoprensadedios.com\/web\/#\/schema\/person\/bc0e069fef56b38e177db6f098ae0b6e\"},\"headline\":\"El Perd\u00f3n para el Fin del A\u00f1o\",\"datePublished\":\"2025-12-04T00:43:10+00:00\",\"mainEntityOfPage\":{\"@id\":\"https:\/\/tabernaculoprensadedios.com\/web\/el-perdon-para-el-fin-del-ano\/\"},\"wordCount\":351,\"commentCount\":0,\"publisher\":{\"@id\":\"https:\/\/tabernaculoprensadedios.com\/web\/#\/schema\/person\/bc0e069fef56b38e177db6f098ae0b6e\"},\"image\":{\"@id\":\"https:\/\/tabernaculoprensadedios.com\/web\/el-perdon-para-el-fin-del-ano\/#primaryimage\"},\"thumbnailUrl\":\"https:\/\/tabernaculoprensadedios.com\/web\/wp-content\/uploads\/2023\/06\/country-3880741_1280.jpg\",\"articleSection\":[\"Voz del Tabern\u00e1culo\"],\"inLanguage\":\"es\",\"potentialAction\":[{\"@type\":\"CommentAction\",\"name\":\"Comment\",\"target\":[\"https:\/\/tabernaculoprensadedios.com\/web\/el-perdon-para-el-fin-del-ano\/#respond\"]}]},{\"@type\":\"WebPage\",\"@id\":\"https:\/\/tabernaculoprensadedios.com\/web\/el-perdon-para-el-fin-del-ano\/\",\"url\":\"https:\/\/tabernaculoprensadedios.com\/web\/el-perdon-para-el-fin-del-ano\/\",\"name\":\"El Perd\u00f3n para el Fin del A\u00f1o - Tabernaculo Prensa de Dios\",\"isPartOf\":{\"@id\":\"https:\/\/tabernaculoprensadedios.com\/web\/#website\"},\"primaryImageOfPage\":{\"@id\":\"https:\/\/tabernaculoprensadedios.com\/web\/el-perdon-para-el-fin-del-ano\/#primaryimage\"},\"image\":{\"@id\":\"https:\/\/tabernaculoprensadedios.com\/web\/el-perdon-para-el-fin-del-ano\/#primaryimage\"},\"thumbnailUrl\":\"https:\/\/tabernaculoprensadedios.com\/web\/wp-content\/uploads\/2023\/06\/country-3880741_1280.jpg\",\"datePublished\":\"2025-12-04T00:43:10+00:00\",\"breadcrumb\":{\"@id\":\"https:\/\/tabernaculoprensadedios.com\/web\/el-perdon-para-el-fin-del-ano\/#breadcrumb\"},\"inLanguage\":\"es\",\"potentialAction\":[{\"@type\":\"ReadAction\",\"target\":[\"https:\/\/tabernaculoprensadedios.com\/web\/el-perdon-para-el-fin-del-ano\/\"]}]},{\"@type\":\"ImageObject\",\"inLanguage\":\"es\",\"@id\":\"https:\/\/tabernaculoprensadedios.com\/web\/el-perdon-para-el-fin-del-ano\/#primaryimage\",\"url\":\"https:\/\/tabernaculoprensadedios.com\/web\/wp-content\/uploads\/2023\/06\/country-3880741_1280.jpg\",\"contentUrl\":\"https:\/\/tabernaculoprensadedios.com\/web\/wp-content\/uploads\/2023\/06\/country-3880741_1280.jpg\",\"width\":1280,\"height\":853},{\"@type\":\"BreadcrumbList\",\"@id\":\"https:\/\/tabernaculoprensadedios.com\/web\/el-perdon-para-el-fin-del-ano\/#breadcrumb\",\"itemListElement\":[{\"@type\":\"ListItem\",\"position\":1,\"name\":\"Portada\",\"item\":\"https:\/\/tabernaculoprensadedios.com\/web\/\"},{\"@type\":\"ListItem\",\"position\":2,\"name\":\"El Perd\u00f3n para el Fin del A\u00f1o\"}]},{\"@type\":\"WebSite\",\"@id\":\"https:\/\/tabernaculoprensadedios.com\/web\/#website\",\"url\":\"https:\/\/tabernaculoprensadedios.com\/web\/\",\"name\":\"Tabernaculo Prensa de Dios\",\"description\":\"Un medio a la manera de Dios\",\"publisher\":{\"@id\":\"https:\/\/tabernaculoprensadedios.com\/web\/#\/schema\/person\/bc0e069fef56b38e177db6f098ae0b6e\"},\"potentialAction\":[{\"@type\":\"SearchAction\",\"target\":{\"@type\":\"EntryPoint\",\"urlTemplate\":\"https:\/\/tabernaculoprensadedios.com\/web\/?s={search_term_string}\"},\"query-input\":{\"@type\":\"PropertyValueSpecification\",\"valueRequired\":true,\"valueName\":\"search_term_string\"}}],\"inLanguage\":\"es\"},{\"@type\":[\"Person\",\"Organization\"],\"@id\":\"https:\/\/tabernaculoprensadedios.com\/web\/#\/schema\/person\/bc0e069fef56b38e177db6f098ae0b6e\",\"name\":\"tabernaculo\",\"image\":{\"@type\":\"ImageObject\",\"inLanguage\":\"es\",\"@id\":\"https:\/\/tabernaculoprensadedios.com\/web\/#\/schema\/person\/image\/\",\"url\":\"https:\/\/tabernaculoprensadedios.com\/web\/wp-content\/uploads\/2015\/06\/login-logo1.png\",\"contentUrl\":\"https:\/\/tabernaculoprensadedios.com\/web\/wp-content\/uploads\/2015\/06\/login-logo1.png\",\"width\":300,\"height\":118,\"caption\":\"tabernaculo\"},\"logo\":{\"@id\":\"https:\/\/tabernaculoprensadedios.com\/web\/#\/schema\/person\/image\/\"},\"url\":\"https:\/\/tabernaculoprensadedios.com\/web\/author\/tabernaculo\/\"}]}<\/script>\n<!-- \/ Yoast SEO Premium plugin. -->","yoast_head_json":{"title":"El Perd\u00f3n para el Fin del A\u00f1o - Tabernaculo Prensa de Dios","robots":{"index":"index","follow":"follow","max-snippet":"max-snippet:-1","max-image-preview":"max-image-preview:large","max-video-preview":"max-video-preview:-1"},"canonical":"https:\/\/tabernaculoprensadedios.com\/web\/el-perdon-para-el-fin-del-ano\/","og_locale":"es_ES","og_type":"article","og_title":"El Perd\u00f3n para el Fin del A\u00f1o","og_description":"Mientras el a\u00f1o llega a su cierre, Dios nos llama a detenernos y examinar nuestro coraz\u00f3n. No es posible caminar hacia un nuevo comienzo llevando cargas viejas, heridas abiertas o resentimientos que nos roban la paz. Antes de buscar reconciliaci\u00f3n con otros, es necesario encontrar paz dentro de nosotros mismos. Esto nace de una actitud &hellip;","og_url":"https:\/\/tabernaculoprensadedios.com\/web\/el-perdon-para-el-fin-del-ano\/","og_site_name":"Tabernaculo Prensa de Dios","article_published_time":"2025-12-04T00:43:10+00:00","og_image":[{"width":1280,"height":853,"url":"https:\/\/tabernaculoprensadedios.com\/web\/wp-content\/uploads\/2023\/06\/country-3880741_1280.jpg","type":"image\/jpeg"}],"author":"tabernaculo","twitter_card":"summary_large_image","twitter_creator":"@PrensadeDios","twitter_site":"@PrensadeDios","twitter_misc":{"Escrito por":"tabernaculo","Tiempo de lectura":"2 minutos"},"schema":{"@context":"https:\/\/schema.org","@graph":[{"@type":"Article","@id":"https:\/\/tabernaculoprensadedios.com\/web\/el-perdon-para-el-fin-del-ano\/#article","isPartOf":{"@id":"https:\/\/tabernaculoprensadedios.com\/web\/el-perdon-para-el-fin-del-ano\/"},"author":{"name":"tabernaculo","@id":"https:\/\/tabernaculoprensadedios.com\/web\/#\/schema\/person\/bc0e069fef56b38e177db6f098ae0b6e"},"headline":"El Perd\u00f3n para el Fin del A\u00f1o","datePublished":"2025-12-04T00:43:10+00:00","mainEntityOfPage":{"@id":"https:\/\/tabernaculoprensadedios.com\/web\/el-perdon-para-el-fin-del-ano\/"},"wordCount":351,"commentCount":0,"publisher":{"@id":"https:\/\/tabernaculoprensadedios.com\/web\/#\/schema\/person\/bc0e069fef56b38e177db6f098ae0b6e"},"image":{"@id":"https:\/\/tabernaculoprensadedios.com\/web\/el-perdon-para-el-fin-del-ano\/#primaryimage"},"thumbnailUrl":"https:\/\/tabernaculoprensadedios.com\/web\/wp-content\/uploads\/2023\/06\/country-3880741_1280.jpg","articleSection":["Voz del Tabern\u00e1culo"],"inLanguage":"es","potentialAction":[{"@type":"CommentAction","name":"Comment","target":["https:\/\/tabernaculoprensadedios.com\/web\/el-perdon-para-el-fin-del-ano\/#respond"]}]},{"@type":"WebPage","@id":"https:\/\/tabernaculoprensadedios.com\/web\/el-perdon-para-el-fin-del-ano\/","url":"https:\/\/tabernaculoprensadedios.com\/web\/el-perdon-para-el-fin-del-ano\/","name":"El Perd\u00f3n para el Fin del A\u00f1o - Tabernaculo Prensa de Dios","isPartOf":{"@id":"https:\/\/tabernaculoprensadedios.com\/web\/#website"},"primaryImageOfPage":{"@id":"https:\/\/tabernaculoprensadedios.com\/web\/el-perdon-para-el-fin-del-ano\/#primaryimage"},"image":{"@id":"https:\/\/tabernaculoprensadedios.com\/web\/el-perdon-para-el-fin-del-ano\/#primaryimage"},"thumbnailUrl":"https:\/\/tabernaculoprensadedios.com\/web\/wp-content\/uploads\/2023\/06\/country-3880741_1280.jpg","datePublished":"2025-12-04T00:43:10+00:00","breadcrumb":{"@id":"https:\/\/tabernaculoprensadedios.com\/web\/el-perdon-para-el-fin-del-ano\/#breadcrumb"},"inLanguage":"es","potentialAction":[{"@type":"ReadAction","target":["https:\/\/tabernaculoprensadedios.com\/web\/el-perdon-para-el-fin-del-ano\/"]}]},{"@type":"ImageObject","inLanguage":"es","@id":"https:\/\/tabernaculoprensadedios.com\/web\/el-perdon-para-el-fin-del-ano\/#primaryimage","url":"https:\/\/tabernaculoprensadedios.com\/web\/wp-content\/uploads\/2023\/06\/country-3880741_1280.jpg","contentUrl":"https:\/\/tabernaculoprensadedios.com\/web\/wp-content\/uploads\/2023\/06\/country-3880741_1280.jpg","width":1280,"height":853},{"@type":"BreadcrumbList","@id":"https:\/\/tabernaculoprensadedios.com\/web\/el-perdon-para-el-fin-del-ano\/#breadcrumb","itemListElement":[{"@type":"ListItem","position":1,"name":"Portada","item":"https:\/\/tabernaculoprensadedios.com\/web\/"},{"@type":"ListItem","position":2,"name":"El Perd\u00f3n para el Fin del A\u00f1o"}]},{"@type":"WebSite","@id":"https:\/\/tabernaculoprensadedios.com\/web\/#website","url":"https:\/\/tabernaculoprensadedios.com\/web\/","name":"Tabernaculo Prensa de Dios","description":"Un medio a la manera de Dios","publisher":{"@id":"https:\/\/tabernaculoprensadedios.com\/web\/#\/schema\/person\/bc0e069fef56b38e177db6f098ae0b6e"},"potentialAction":[{"@type":"SearchAction","target":{"@type":"EntryPoint","urlTemplate":"https:\/\/tabernaculoprensadedios.com\/web\/?s={search_term_string}"},"query-input":{"@type":"PropertyValueSpecification","valueRequired":true,"valueName":"search_term_string"}}],"inLanguage":"es"},{"@type":["Person","Organization"],"@id":"https:\/\/tabernaculoprensadedios.com\/web\/#\/schema\/person\/bc0e069fef56b38e177db6f098ae0b6e","name":"tabernaculo","image":{"@type":"ImageObject","inLanguage":"es","@id":"https:\/\/tabernaculoprensadedios.com\/web\/#\/schema\/person\/image\/","url":"https:\/\/tabernaculoprensadedios.com\/web\/wp-content\/uploads\/2015\/06\/login-logo1.png","contentUrl":"https:\/\/tabernaculoprensadedios.com\/web\/wp-content\/uploads\/2015\/06\/login-logo1.png","width":300,"height":118,"caption":"tabernaculo"},"logo":{"@id":"https:\/\/tabernaculoprensadedios.com\/web\/#\/schema\/person\/image\/"},"url":"https:\/\/tabernaculoprensadedios.com\/web\/author\/tabernaculo\/"}]}},"_links":{"self":[{"href":"https:\/\/tabernaculoprensadedios.com\/web\/wp-json\/wp\/v2\/posts\/36530","targetHints":{"allow":["GET"]}}],"collection":[{"href":"https:\/\/tabernaculoprensadedios.com\/web\/wp-json\/wp\/v2\/posts"}],"about":[{"href":"https:\/\/tabernaculoprensadedios.com\/web\/wp-json\/wp\/v2\/types\/post"}],"author":[{"embeddable":true,"href":"https:\/\/tabernaculoprensadedios.com\/web\/wp-json\/wp\/v2\/users\/1"}],"replies":[{"embeddable":true,"href":"https:\/\/tabernaculoprensadedios.com\/web\/wp-json\/wp\/v2\/comments?post=36530"}],"version-history":[{"count":1,"href":"https:\/\/tabernaculoprensadedios.com\/web\/wp-json\/wp\/v2\/posts\/36530\/revisions"}],"predecessor-version":[{"id":36531,"href":"https:\/\/tabernaculoprensadedios.com\/web\/wp-json\/wp\/v2\/posts\/36530\/revisions\/36531"}],"wp:featuredmedia":[{"embeddable":true,"href":"https:\/\/tabernaculoprensadedios.com\/web\/wp-json\/wp\/v2\/media\/28361"}],"wp:attachment":[{"href":"https:\/\/tabernaculoprensadedios.com\/web\/wp-json\/wp\/v2\/media?parent=36530"}],"wp:term":[{"taxonomy":"category","embeddable":true,"href":"https:\/\/tabernaculoprensadedios.com\/web\/wp-json\/wp\/v2\/categories?post=36530"},{"taxonomy":"post_tag","embeddable":true,"href":"https:\/\/tabernaculoprensadedios.com\/web\/wp-json\/wp\/v2\/tags?post=36530"}],"curies":[{"name":"wp","href":"https:\/\/api.w.org\/{rel}","templated":true}]}}