{"id":36520,"date":"2025-12-03T01:14:13","date_gmt":"2025-12-03T01:14:13","guid":{"rendered":"https:\/\/tabernaculoprensadedios.com\/web\/?p=36520"},"modified":"2025-12-03T01:14:13","modified_gmt":"2025-12-03T01:14:13","slug":"preparando-corazones-para-el-senor-el-espiritu-de-elias-en-nuestro-tiempo","status":"publish","type":"post","link":"https:\/\/tabernaculoprensadedios.com\/web\/preparando-corazones-para-el-senor-el-espiritu-de-elias-en-nuestro-tiempo\/","title":{"rendered":"Preparando Corazones para el Se\u00f1or. El Esp\u00edritu de El\u00edas en Nuestro Tiempo"},"content":{"rendered":"<p>\u00c9l ir\u00e1 delante del Se\u00f1or en el esp\u00edritu y poder de El\u00edas PARA HACER VOLVER LOS CORAZONES DE LOS PADRES A LOS HIJOS, y a los desobedientes a la actitud de los justos, a fin de preparar para el Se\u00f1or un pueblo bien dispuesto\u00bb<strong> (Lucas 1:17).<\/strong><\/p>\n<p>Las figuras de El\u00edas y Juan el Bautista tienen elementos atractivos que nos hacen valorar sus ministerios. Fueron hombres entregados a la predicaci\u00f3n, llamando a las personas a arrepentirse y volver a Dios. Vestidos de forma ruda, pero con una conducta intachable que hasta sus propios enemigos reconocen. Jes\u00fas mismo elogi\u00f3 a Juan y confirm\u00f3 que este era<strong> \u00abEl\u00edas, el que hab\u00eda de venir\u00bb (Mt 11:7-15)<\/strong>.<\/p>\n<p>Pero aunque la vida y ejemplo de Juan debe alentarnos, m\u00e1s debe admirarnos el trabajo de Dios por medio de \u00e9l. Hasta el mismo Juan estar\u00eda feliz de menguar su protagonismo y dejar paso para que Jes\u00fas tome el centro de la escena. Pensar en el ministerio de Juan debe hacernos reflexionar en el Esp\u00edritu que obraba en su ministerio y nuestro llamado a prepararnos para ser un pueblo siempre dispuesto a adorar al Se\u00f1or.<\/p>\n<p>Fue el Esp\u00edritu Santo quien anunci\u00f3 por medio de los profetas sobre Cristo, sus padecimientos y su redenci\u00f3n (1 P 1:12). Fue el Esp\u00edritu quien despert\u00f3 nuestro coraz\u00f3n endurecido para que podamos ser sensibles a la belleza de Jes\u00fas. De una manera que apenas logramos entender, nos dio vida y nos llev\u00f3 al encuentro de Cristo <strong>(Jn 3:5-7).<\/strong><\/p>\n<p>El Esp\u00edritu Santo hace esta obra diaria a trav\u00e9s de la Palabra revelada, iluminando nuestros corazones para que podamos ver a Cristo (2 Co 3:18). \u00a1Cu\u00e1nto m\u00e1s en esta \u00e9poca tan especial debemos fijar nuestros ojos en Jes\u00fas, el motivo y centro de la Navidad! Por lo tanto, roguemos al Esp\u00edritu que prepare nuestros corazones, que lave nuestras mentes por medio de la Palabra, que ilumine nuestro entendimiento y ablande nuestras durezas <strong>(Ez 36:25).<\/strong><\/p>\n<p>A medida que se acerca la fecha, busquemos a Cristo en las Escrituras, sabiendo que por ellas trabaja el Esp\u00edritu Santo. Procuremos que nuestros corazones sean capturados por la belleza del evangelio, por el amor de Dios desplegado en la cruz y la importancia de la encarnaci\u00f3n en este plan de redenci\u00f3n. Que el mismo Esp\u00edritu que anunciaba a Cristo por los profetas y que revel\u00f3 a Cristo en las Escrituras, ilumine nuestros corazones con Cristo y as\u00ed estemos preparados para celebrar su primera venida y esperar su segunda.<\/p>\n","protected":false},"excerpt":{"rendered":"<p>\u00c9l ir\u00e1 delante del Se\u00f1or en el esp\u00edritu y poder de El\u00edas PARA HACER VOLVER LOS CORAZONES DE LOS PADRES A LOS HIJOS, y a los desobedientes a la actitud de los justos, a fin de preparar para el Se\u00f1or un pueblo bien dispuesto\u00bb (Lucas 1:17). Las figuras de El\u00edas y Juan el Bautista tienen &hellip;<\/p>\n","protected":false},"author":1,"featured_media":36521,"comment_status":"open","ping_status":"open","sticky":false,"template":"","format":"standard","meta":{"footnotes":""},"categories":[34],"tags":[],"class_list":["post-36520","post","type-post","status-publish","format-standard","has-post-thumbnail","hentry","category-articulos"],"yoast_head":"<!-- This site is optimized with the Yoast SEO Premium plugin v24.2 (Yoast SEO v27.1.1) - https:\/\/yoast.com\/product\/yoast-seo-premium-wordpress\/ -->\n<title>Preparando Corazones para el Se\u00f1or. El Esp\u00edritu de El\u00edas en Nuestro Tiempo - Tabernaculo Prensa de Dios<\/title>\n<meta name=\"robots\" content=\"index, follow, max-snippet:-1, max-image-preview:large, max-video-preview:-1\" \/>\n<link rel=\"canonical\" href=\"https:\/\/tabernaculoprensadedios.com\/web\/preparando-corazones-para-el-senor-el-espiritu-de-elias-en-nuestro-tiempo\/\" class=\"yoast-seo-meta-tag\" \/>\n<meta property=\"og:locale\" content=\"es_ES\" class=\"yoast-seo-meta-tag\" \/>\n<meta property=\"og:type\" content=\"article\" class=\"yoast-seo-meta-tag\" \/>\n<meta property=\"og:title\" content=\"Preparando Corazones para el Se\u00f1or. El Esp\u00edritu de El\u00edas en Nuestro Tiempo\" class=\"yoast-seo-meta-tag\" \/>\n<meta property=\"og:description\" content=\"\u00c9l ir\u00e1 delante del Se\u00f1or en el esp\u00edritu y poder de El\u00edas PARA HACER VOLVER LOS CORAZONES DE LOS PADRES A LOS HIJOS, y a los desobedientes a la actitud de los justos, a fin de preparar para el Se\u00f1or un pueblo bien dispuesto\u00bb (Lucas 1:17). Las figuras de El\u00edas y Juan el Bautista tienen &hellip;\" class=\"yoast-seo-meta-tag\" \/>\n<meta property=\"og:url\" content=\"https:\/\/tabernaculoprensadedios.com\/web\/preparando-corazones-para-el-senor-el-espiritu-de-elias-en-nuestro-tiempo\/\" class=\"yoast-seo-meta-tag\" \/>\n<meta property=\"og:site_name\" content=\"Tabernaculo Prensa de Dios\" class=\"yoast-seo-meta-tag\" \/>\n<meta property=\"article:published_time\" content=\"2025-12-03T01:14:13+00:00\" class=\"yoast-seo-meta-tag\" \/>\n<meta property=\"og:image\" content=\"https:\/\/tabernaculoprensadedios.com\/web\/wp-content\/uploads\/2025\/12\/Preparando-Corazones-para-el-Senor.avif\" class=\"yoast-seo-meta-tag\" \/>\n\t<meta property=\"og:image:width\" content=\"1280\" class=\"yoast-seo-meta-tag\" \/>\n\t<meta property=\"og:image:height\" content=\"853\" class=\"yoast-seo-meta-tag\" \/>\n\t<meta property=\"og:image:type\" content=\"image\/jpeg\" class=\"yoast-seo-meta-tag\" \/>\n<meta name=\"author\" content=\"tabernaculo\" class=\"yoast-seo-meta-tag\" \/>\n<meta name=\"twitter:card\" content=\"summary_large_image\" class=\"yoast-seo-meta-tag\" \/>\n<meta name=\"twitter:creator\" content=\"@PrensadeDios\" class=\"yoast-seo-meta-tag\" \/>\n<meta name=\"twitter:site\" content=\"@PrensadeDios\" class=\"yoast-seo-meta-tag\" \/>\n<meta name=\"twitter:label1\" content=\"Escrito por\" class=\"yoast-seo-meta-tag\" \/>\n\t<meta name=\"twitter:data1\" content=\"tabernaculo\" class=\"yoast-seo-meta-tag\" \/>\n\t<meta name=\"twitter:label2\" content=\"Tiempo de lectura\" class=\"yoast-seo-meta-tag\" \/>\n\t<meta name=\"twitter:data2\" content=\"3 minutos\" class=\"yoast-seo-meta-tag\" \/>\n<script type=\"application\/ld+json\" class=\"yoast-schema-graph\">{\"@context\":\"https:\/\/schema.org\",\"@graph\":[{\"@type\":\"Article\",\"@id\":\"https:\/\/tabernaculoprensadedios.com\/web\/preparando-corazones-para-el-senor-el-espiritu-de-elias-en-nuestro-tiempo\/#article\",\"isPartOf\":{\"@id\":\"https:\/\/tabernaculoprensadedios.com\/web\/preparando-corazones-para-el-senor-el-espiritu-de-elias-en-nuestro-tiempo\/\"},\"author\":{\"name\":\"tabernaculo\",\"@id\":\"https:\/\/tabernaculoprensadedios.com\/web\/#\/schema\/person\/bc0e069fef56b38e177db6f098ae0b6e\"},\"headline\":\"Preparando Corazones para el Se\u00f1or. El Esp\u00edritu de El\u00edas en Nuestro Tiempo\",\"datePublished\":\"2025-12-03T01:14:13+00:00\",\"mainEntityOfPage\":{\"@id\":\"https:\/\/tabernaculoprensadedios.com\/web\/preparando-corazones-para-el-senor-el-espiritu-de-elias-en-nuestro-tiempo\/\"},\"wordCount\":446,\"commentCount\":0,\"publisher\":{\"@id\":\"https:\/\/tabernaculoprensadedios.com\/web\/#\/schema\/person\/bc0e069fef56b38e177db6f098ae0b6e\"},\"image\":{\"@id\":\"https:\/\/tabernaculoprensadedios.com\/web\/preparando-corazones-para-el-senor-el-espiritu-de-elias-en-nuestro-tiempo\/#primaryimage\"},\"thumbnailUrl\":\"https:\/\/tabernaculoprensadedios.com\/web\/wp-content\/uploads\/2025\/12\/Preparando-Corazones-para-el-Senor.avif\",\"articleSection\":[\"Articulos\"],\"inLanguage\":\"es\",\"potentialAction\":[{\"@type\":\"CommentAction\",\"name\":\"Comment\",\"target\":[\"https:\/\/tabernaculoprensadedios.com\/web\/preparando-corazones-para-el-senor-el-espiritu-de-elias-en-nuestro-tiempo\/#respond\"]}]},{\"@type\":\"WebPage\",\"@id\":\"https:\/\/tabernaculoprensadedios.com\/web\/preparando-corazones-para-el-senor-el-espiritu-de-elias-en-nuestro-tiempo\/\",\"url\":\"https:\/\/tabernaculoprensadedios.com\/web\/preparando-corazones-para-el-senor-el-espiritu-de-elias-en-nuestro-tiempo\/\",\"name\":\"Preparando Corazones para el Se\u00f1or. El Esp\u00edritu de El\u00edas en Nuestro Tiempo - Tabernaculo Prensa de Dios\",\"isPartOf\":{\"@id\":\"https:\/\/tabernaculoprensadedios.com\/web\/#website\"},\"primaryImageOfPage\":{\"@id\":\"https:\/\/tabernaculoprensadedios.com\/web\/preparando-corazones-para-el-senor-el-espiritu-de-elias-en-nuestro-tiempo\/#primaryimage\"},\"image\":{\"@id\":\"https:\/\/tabernaculoprensadedios.com\/web\/preparando-corazones-para-el-senor-el-espiritu-de-elias-en-nuestro-tiempo\/#primaryimage\"},\"thumbnailUrl\":\"https:\/\/tabernaculoprensadedios.com\/web\/wp-content\/uploads\/2025\/12\/Preparando-Corazones-para-el-Senor.avif\",\"datePublished\":\"2025-12-03T01:14:13+00:00\",\"breadcrumb\":{\"@id\":\"https:\/\/tabernaculoprensadedios.com\/web\/preparando-corazones-para-el-senor-el-espiritu-de-elias-en-nuestro-tiempo\/#breadcrumb\"},\"inLanguage\":\"es\",\"potentialAction\":[{\"@type\":\"ReadAction\",\"target\":[\"https:\/\/tabernaculoprensadedios.com\/web\/preparando-corazones-para-el-senor-el-espiritu-de-elias-en-nuestro-tiempo\/\"]}]},{\"@type\":\"ImageObject\",\"inLanguage\":\"es\",\"@id\":\"https:\/\/tabernaculoprensadedios.com\/web\/preparando-corazones-para-el-senor-el-espiritu-de-elias-en-nuestro-tiempo\/#primaryimage\",\"url\":\"https:\/\/tabernaculoprensadedios.com\/web\/wp-content\/uploads\/2025\/12\/Preparando-Corazones-para-el-Senor.avif\",\"contentUrl\":\"https:\/\/tabernaculoprensadedios.com\/web\/wp-content\/uploads\/2025\/12\/Preparando-Corazones-para-el-Senor.avif\",\"width\":1280,\"height\":853},{\"@type\":\"BreadcrumbList\",\"@id\":\"https:\/\/tabernaculoprensadedios.com\/web\/preparando-corazones-para-el-senor-el-espiritu-de-elias-en-nuestro-tiempo\/#breadcrumb\",\"itemListElement\":[{\"@type\":\"ListItem\",\"position\":1,\"name\":\"Portada\",\"item\":\"https:\/\/tabernaculoprensadedios.com\/web\/\"},{\"@type\":\"ListItem\",\"position\":2,\"name\":\"Preparando Corazones para el Se\u00f1or. El Esp\u00edritu de El\u00edas en Nuestro Tiempo\"}]},{\"@type\":\"WebSite\",\"@id\":\"https:\/\/tabernaculoprensadedios.com\/web\/#website\",\"url\":\"https:\/\/tabernaculoprensadedios.com\/web\/\",\"name\":\"Tabernaculo Prensa de Dios\",\"description\":\"Un medio a la manera de Dios\",\"publisher\":{\"@id\":\"https:\/\/tabernaculoprensadedios.com\/web\/#\/schema\/person\/bc0e069fef56b38e177db6f098ae0b6e\"},\"potentialAction\":[{\"@type\":\"SearchAction\",\"target\":{\"@type\":\"EntryPoint\",\"urlTemplate\":\"https:\/\/tabernaculoprensadedios.com\/web\/?s={search_term_string}\"},\"query-input\":{\"@type\":\"PropertyValueSpecification\",\"valueRequired\":true,\"valueName\":\"search_term_string\"}}],\"inLanguage\":\"es\"},{\"@type\":[\"Person\",\"Organization\"],\"@id\":\"https:\/\/tabernaculoprensadedios.com\/web\/#\/schema\/person\/bc0e069fef56b38e177db6f098ae0b6e\",\"name\":\"tabernaculo\",\"image\":{\"@type\":\"ImageObject\",\"inLanguage\":\"es\",\"@id\":\"https:\/\/tabernaculoprensadedios.com\/web\/#\/schema\/person\/image\/\",\"url\":\"https:\/\/tabernaculoprensadedios.com\/web\/wp-content\/uploads\/2015\/06\/login-logo1.png\",\"contentUrl\":\"https:\/\/tabernaculoprensadedios.com\/web\/wp-content\/uploads\/2015\/06\/login-logo1.png\",\"width\":300,\"height\":118,\"caption\":\"tabernaculo\"},\"logo\":{\"@id\":\"https:\/\/tabernaculoprensadedios.com\/web\/#\/schema\/person\/image\/\"},\"url\":\"https:\/\/tabernaculoprensadedios.com\/web\/author\/tabernaculo\/\"}]}<\/script>\n<!-- \/ Yoast SEO Premium plugin. -->","yoast_head_json":{"title":"Preparando Corazones para el Se\u00f1or. El Esp\u00edritu de El\u00edas en Nuestro Tiempo - Tabernaculo Prensa de Dios","robots":{"index":"index","follow":"follow","max-snippet":"max-snippet:-1","max-image-preview":"max-image-preview:large","max-video-preview":"max-video-preview:-1"},"canonical":"https:\/\/tabernaculoprensadedios.com\/web\/preparando-corazones-para-el-senor-el-espiritu-de-elias-en-nuestro-tiempo\/","og_locale":"es_ES","og_type":"article","og_title":"Preparando Corazones para el Se\u00f1or. El Esp\u00edritu de El\u00edas en Nuestro Tiempo","og_description":"\u00c9l ir\u00e1 delante del Se\u00f1or en el esp\u00edritu y poder de El\u00edas PARA HACER VOLVER LOS CORAZONES DE LOS PADRES A LOS HIJOS, y a los desobedientes a la actitud de los justos, a fin de preparar para el Se\u00f1or un pueblo bien dispuesto\u00bb (Lucas 1:17). Las figuras de El\u00edas y Juan el Bautista tienen &hellip;","og_url":"https:\/\/tabernaculoprensadedios.com\/web\/preparando-corazones-para-el-senor-el-espiritu-de-elias-en-nuestro-tiempo\/","og_site_name":"Tabernaculo Prensa de Dios","article_published_time":"2025-12-03T01:14:13+00:00","og_image":[{"width":1280,"height":853,"url":"https:\/\/tabernaculoprensadedios.com\/web\/wp-content\/uploads\/2025\/12\/Preparando-Corazones-para-el-Senor.avif","type":"image\/jpeg"}],"author":"tabernaculo","twitter_card":"summary_large_image","twitter_creator":"@PrensadeDios","twitter_site":"@PrensadeDios","twitter_misc":{"Escrito por":"tabernaculo","Tiempo de lectura":"3 minutos"},"schema":{"@context":"https:\/\/schema.org","@graph":[{"@type":"Article","@id":"https:\/\/tabernaculoprensadedios.com\/web\/preparando-corazones-para-el-senor-el-espiritu-de-elias-en-nuestro-tiempo\/#article","isPartOf":{"@id":"https:\/\/tabernaculoprensadedios.com\/web\/preparando-corazones-para-el-senor-el-espiritu-de-elias-en-nuestro-tiempo\/"},"author":{"name":"tabernaculo","@id":"https:\/\/tabernaculoprensadedios.com\/web\/#\/schema\/person\/bc0e069fef56b38e177db6f098ae0b6e"},"headline":"Preparando Corazones para el Se\u00f1or. El Esp\u00edritu de El\u00edas en Nuestro Tiempo","datePublished":"2025-12-03T01:14:13+00:00","mainEntityOfPage":{"@id":"https:\/\/tabernaculoprensadedios.com\/web\/preparando-corazones-para-el-senor-el-espiritu-de-elias-en-nuestro-tiempo\/"},"wordCount":446,"commentCount":0,"publisher":{"@id":"https:\/\/tabernaculoprensadedios.com\/web\/#\/schema\/person\/bc0e069fef56b38e177db6f098ae0b6e"},"image":{"@id":"https:\/\/tabernaculoprensadedios.com\/web\/preparando-corazones-para-el-senor-el-espiritu-de-elias-en-nuestro-tiempo\/#primaryimage"},"thumbnailUrl":"https:\/\/tabernaculoprensadedios.com\/web\/wp-content\/uploads\/2025\/12\/Preparando-Corazones-para-el-Senor.avif","articleSection":["Articulos"],"inLanguage":"es","potentialAction":[{"@type":"CommentAction","name":"Comment","target":["https:\/\/tabernaculoprensadedios.com\/web\/preparando-corazones-para-el-senor-el-espiritu-de-elias-en-nuestro-tiempo\/#respond"]}]},{"@type":"WebPage","@id":"https:\/\/tabernaculoprensadedios.com\/web\/preparando-corazones-para-el-senor-el-espiritu-de-elias-en-nuestro-tiempo\/","url":"https:\/\/tabernaculoprensadedios.com\/web\/preparando-corazones-para-el-senor-el-espiritu-de-elias-en-nuestro-tiempo\/","name":"Preparando Corazones para el Se\u00f1or. El Esp\u00edritu de El\u00edas en Nuestro Tiempo - Tabernaculo Prensa de Dios","isPartOf":{"@id":"https:\/\/tabernaculoprensadedios.com\/web\/#website"},"primaryImageOfPage":{"@id":"https:\/\/tabernaculoprensadedios.com\/web\/preparando-corazones-para-el-senor-el-espiritu-de-elias-en-nuestro-tiempo\/#primaryimage"},"image":{"@id":"https:\/\/tabernaculoprensadedios.com\/web\/preparando-corazones-para-el-senor-el-espiritu-de-elias-en-nuestro-tiempo\/#primaryimage"},"thumbnailUrl":"https:\/\/tabernaculoprensadedios.com\/web\/wp-content\/uploads\/2025\/12\/Preparando-Corazones-para-el-Senor.avif","datePublished":"2025-12-03T01:14:13+00:00","breadcrumb":{"@id":"https:\/\/tabernaculoprensadedios.com\/web\/preparando-corazones-para-el-senor-el-espiritu-de-elias-en-nuestro-tiempo\/#breadcrumb"},"inLanguage":"es","potentialAction":[{"@type":"ReadAction","target":["https:\/\/tabernaculoprensadedios.com\/web\/preparando-corazones-para-el-senor-el-espiritu-de-elias-en-nuestro-tiempo\/"]}]},{"@type":"ImageObject","inLanguage":"es","@id":"https:\/\/tabernaculoprensadedios.com\/web\/preparando-corazones-para-el-senor-el-espiritu-de-elias-en-nuestro-tiempo\/#primaryimage","url":"https:\/\/tabernaculoprensadedios.com\/web\/wp-content\/uploads\/2025\/12\/Preparando-Corazones-para-el-Senor.avif","contentUrl":"https:\/\/tabernaculoprensadedios.com\/web\/wp-content\/uploads\/2025\/12\/Preparando-Corazones-para-el-Senor.avif","width":1280,"height":853},{"@type":"BreadcrumbList","@id":"https:\/\/tabernaculoprensadedios.com\/web\/preparando-corazones-para-el-senor-el-espiritu-de-elias-en-nuestro-tiempo\/#breadcrumb","itemListElement":[{"@type":"ListItem","position":1,"name":"Portada","item":"https:\/\/tabernaculoprensadedios.com\/web\/"},{"@type":"ListItem","position":2,"name":"Preparando Corazones para el Se\u00f1or. El Esp\u00edritu de El\u00edas en Nuestro Tiempo"}]},{"@type":"WebSite","@id":"https:\/\/tabernaculoprensadedios.com\/web\/#website","url":"https:\/\/tabernaculoprensadedios.com\/web\/","name":"Tabernaculo Prensa de Dios","description":"Un medio a la manera de Dios","publisher":{"@id":"https:\/\/tabernaculoprensadedios.com\/web\/#\/schema\/person\/bc0e069fef56b38e177db6f098ae0b6e"},"potentialAction":[{"@type":"SearchAction","target":{"@type":"EntryPoint","urlTemplate":"https:\/\/tabernaculoprensadedios.com\/web\/?s={search_term_string}"},"query-input":{"@type":"PropertyValueSpecification","valueRequired":true,"valueName":"search_term_string"}}],"inLanguage":"es"},{"@type":["Person","Organization"],"@id":"https:\/\/tabernaculoprensadedios.com\/web\/#\/schema\/person\/bc0e069fef56b38e177db6f098ae0b6e","name":"tabernaculo","image":{"@type":"ImageObject","inLanguage":"es","@id":"https:\/\/tabernaculoprensadedios.com\/web\/#\/schema\/person\/image\/","url":"https:\/\/tabernaculoprensadedios.com\/web\/wp-content\/uploads\/2015\/06\/login-logo1.png","contentUrl":"https:\/\/tabernaculoprensadedios.com\/web\/wp-content\/uploads\/2015\/06\/login-logo1.png","width":300,"height":118,"caption":"tabernaculo"},"logo":{"@id":"https:\/\/tabernaculoprensadedios.com\/web\/#\/schema\/person\/image\/"},"url":"https:\/\/tabernaculoprensadedios.com\/web\/author\/tabernaculo\/"}]}},"_links":{"self":[{"href":"https:\/\/tabernaculoprensadedios.com\/web\/wp-json\/wp\/v2\/posts\/36520","targetHints":{"allow":["GET"]}}],"collection":[{"href":"https:\/\/tabernaculoprensadedios.com\/web\/wp-json\/wp\/v2\/posts"}],"about":[{"href":"https:\/\/tabernaculoprensadedios.com\/web\/wp-json\/wp\/v2\/types\/post"}],"author":[{"embeddable":true,"href":"https:\/\/tabernaculoprensadedios.com\/web\/wp-json\/wp\/v2\/users\/1"}],"replies":[{"embeddable":true,"href":"https:\/\/tabernaculoprensadedios.com\/web\/wp-json\/wp\/v2\/comments?post=36520"}],"version-history":[{"count":1,"href":"https:\/\/tabernaculoprensadedios.com\/web\/wp-json\/wp\/v2\/posts\/36520\/revisions"}],"predecessor-version":[{"id":36522,"href":"https:\/\/tabernaculoprensadedios.com\/web\/wp-json\/wp\/v2\/posts\/36520\/revisions\/36522"}],"wp:featuredmedia":[{"embeddable":true,"href":"https:\/\/tabernaculoprensadedios.com\/web\/wp-json\/wp\/v2\/media\/36521"}],"wp:attachment":[{"href":"https:\/\/tabernaculoprensadedios.com\/web\/wp-json\/wp\/v2\/media?parent=36520"}],"wp:term":[{"taxonomy":"category","embeddable":true,"href":"https:\/\/tabernaculoprensadedios.com\/web\/wp-json\/wp\/v2\/categories?post=36520"},{"taxonomy":"post_tag","embeddable":true,"href":"https:\/\/tabernaculoprensadedios.com\/web\/wp-json\/wp\/v2\/tags?post=36520"}],"curies":[{"name":"wp","href":"https:\/\/api.w.org\/{rel}","templated":true}]}}