{"id":36514,"date":"2025-12-02T00:54:24","date_gmt":"2025-12-02T00:54:24","guid":{"rendered":"https:\/\/tabernaculoprensadedios.com\/web\/?p=36514"},"modified":"2025-12-02T00:54:24","modified_gmt":"2025-12-02T00:54:24","slug":"diciembre-comienza-con-esperanza-preparandonos-para-el-sello-final-del-2025","status":"publish","type":"post","link":"https:\/\/tabernaculoprensadedios.com\/web\/diciembre-comienza-con-esperanza-preparandonos-para-el-sello-final-del-2025\/","title":{"rendered":"Diciembre Comienza con Esperanza: Prepar\u00e1ndonos para el Sello Final del 2025"},"content":{"rendered":"<p>Diciembre ha comenzado, y con \u00e9l llega un aire espiritual distinto, un mover suave pero firme que nos recuerda que Dios mismo\u00a0<strong>\u201ccorona el a\u00f1o con sus bienes\u201d<\/strong>.<br \/>\nNo es casualidad que los primeros d\u00edas de este mes se sientan como una invitaci\u00f3n del cielo. Es Dios tocando la puerta de nuestros corazones y diciendo:<br \/>\n<strong>\u201cPrep\u00e1rense\u2026 porque lo que estoy por derramar no es com\u00fan.\u201d<\/strong><\/p>\n<p>Este mes no es solo el cierre de un calendario; es el cierre de un ciclo espiritual. Es el tiempo donde miramos atr\u00e1s y reconocemos que si llegamos hasta aqu\u00ed, fue porque Su mano nos sostuvo, Su gracia nos cubri\u00f3 y Su amor nos persigui\u00f3 aun cuando nos faltaron fuerzas.<\/p>\n<h3><strong>Un Ambiente que el Cielo Est\u00e1 Encendiendo<\/strong><\/h3>\n<p>Hay un ambiente que se est\u00e1 levantando en las iglesias, en las casas y en los corazones de los que buscan al Se\u00f1or.<br \/>\nUn ambiente de\u00a0<strong>expectativa<\/strong>, de\u00a0<strong>fe<\/strong>, de\u00a0<strong>retorno<\/strong>, donde el Esp\u00edritu Santo est\u00e1 despertando algo que muchos cre\u00edan apagado.<\/p>\n<p>Diciembre no comienza con cansancio\u2026<br \/>\nComienza con\u00a0<strong>renuevo<\/strong>.<br \/>\nCon una fuerza fresca que nos prepara para responder al llamado prof\u00e9tico:<br \/>\n<strong>cerrar el a\u00f1o con gozo, con alabanza y con un esp\u00edritu agradecido.<\/strong><\/p>\n<h3><strong>El Cielo Habla: \u201cEntren en Diciembre con Coraz\u00f3n Encendido\u201d<\/strong><\/h3>\n<p>Los primeros d\u00edas de este mes son una declaraci\u00f3n espiritual:<br \/>\nQue el gozo vuelva.<br \/>\nQue los sue\u00f1os revivan.<br \/>\nQue las fuerzas se renueven.<br \/>\nQue el fuego de la adoraci\u00f3n despierte lo que est\u00e1 dormido.<\/p>\n<p>Este diciembre no ser\u00e1 un mes m\u00e1s.<br \/>\nSer\u00e1 el mes donde Dios marca la casa, el coraz\u00f3n y la historia de cada creyente que decide caminar los \u00faltimos d\u00edas del a\u00f1o con fe elevada y manos levantadas.<\/p>\n<h3><strong>Una Oraci\u00f3n para Marcar el Inicio del Mes<\/strong><\/h3>\n<p>Se\u00f1or, que este diciembre sea un manto de esperanza sobre tu pueblo.<br \/>\nDerrama tu \u00f3leo fresco sobre cada hogar, rompe el cansancio, disipa el temor, levanta al ca\u00eddo y enciende en nosotros un canto nuevo.<br \/>\nCor\u00f3name con tu bien, c\u00fabrenos con tu paz, y dirige nuestros pasos hacia un 2026 lleno de tu gloria.<\/p>\n\n\t\t<div class=\"clearfix\"><\/div>\n\t\t<div class=\"about-author about-author-box container-wrapper\">\n\t\t\t<div class=\"author-avatar\">\n\t\t\t\t<img loading=\"lazy\" decoding=\"async\" src=\"https:\/\/tabernaculoprensadedios.com\/web\/wp-content\/uploads\/2023\/06\/country-3880741_1280.jpg\" alt=\"Margarita Garc\u00eda\" class=\"author-avatar-img\" width=\"111\" height=\"111\" \/>\n\t\t\t<\/div>\n\t\t\t<div class=\"author-info\">\n\t\t\t\t<h4>Margarita Garc\u00eda<\/h4>Directora del Tabern\u00e1culo Prensa de Dios\n\t\t\t<\/div>\n\t\t<\/div>\n\t\n","protected":false},"excerpt":{"rendered":"<p>Diciembre ha comenzado, y con \u00e9l llega un aire espiritual distinto, un mover suave pero firme que nos recuerda que Dios mismo\u00a0\u201ccorona el a\u00f1o con sus bienes\u201d. No es casualidad que los primeros d\u00edas de este mes se sientan como una invitaci\u00f3n del cielo. Es Dios tocando la puerta de nuestros corazones y diciendo: \u201cPrep\u00e1rense\u2026 &hellip;<\/p>\n","protected":false},"author":1,"featured_media":28361,"comment_status":"open","ping_status":"open","sticky":false,"template":"","format":"standard","meta":{"footnotes":""},"categories":[790],"tags":[],"class_list":["post-36514","post","type-post","status-publish","format-standard","has-post-thumbnail","hentry","category-voz-del-tabernaculo"],"yoast_head":"<!-- This site is optimized with the Yoast SEO Premium plugin v24.2 (Yoast SEO v27.1.1) - https:\/\/yoast.com\/product\/yoast-seo-premium-wordpress\/ -->\n<title>Diciembre Comienza con Esperanza: Prepar\u00e1ndonos para el Sello Final del 2025 - Tabernaculo Prensa de Dios<\/title>\n<meta name=\"robots\" content=\"index, follow, max-snippet:-1, max-image-preview:large, max-video-preview:-1\" \/>\n<link rel=\"canonical\" href=\"https:\/\/tabernaculoprensadedios.com\/web\/diciembre-comienza-con-esperanza-preparandonos-para-el-sello-final-del-2025\/\" class=\"yoast-seo-meta-tag\" \/>\n<meta property=\"og:locale\" content=\"es_ES\" class=\"yoast-seo-meta-tag\" \/>\n<meta property=\"og:type\" content=\"article\" class=\"yoast-seo-meta-tag\" \/>\n<meta property=\"og:title\" content=\"Diciembre Comienza con Esperanza: Prepar\u00e1ndonos para el Sello Final del 2025\" class=\"yoast-seo-meta-tag\" \/>\n<meta property=\"og:description\" content=\"Diciembre ha comenzado, y con \u00e9l llega un aire espiritual distinto, un mover suave pero firme que nos recuerda que Dios mismo\u00a0\u201ccorona el a\u00f1o con sus bienes\u201d. No es casualidad que los primeros d\u00edas de este mes se sientan como una invitaci\u00f3n del cielo. Es Dios tocando la puerta de nuestros corazones y diciendo: \u201cPrep\u00e1rense\u2026 &hellip;\" class=\"yoast-seo-meta-tag\" \/>\n<meta property=\"og:url\" content=\"https:\/\/tabernaculoprensadedios.com\/web\/diciembre-comienza-con-esperanza-preparandonos-para-el-sello-final-del-2025\/\" class=\"yoast-seo-meta-tag\" \/>\n<meta property=\"og:site_name\" content=\"Tabernaculo Prensa de Dios\" class=\"yoast-seo-meta-tag\" \/>\n<meta property=\"article:published_time\" content=\"2025-12-02T00:54:24+00:00\" class=\"yoast-seo-meta-tag\" \/>\n<meta property=\"og:image\" content=\"https:\/\/tabernaculoprensadedios.com\/web\/wp-content\/uploads\/2023\/06\/country-3880741_1280.jpg\" class=\"yoast-seo-meta-tag\" \/>\n\t<meta property=\"og:image:width\" content=\"1280\" class=\"yoast-seo-meta-tag\" \/>\n\t<meta property=\"og:image:height\" content=\"853\" class=\"yoast-seo-meta-tag\" \/>\n\t<meta property=\"og:image:type\" content=\"image\/jpeg\" class=\"yoast-seo-meta-tag\" \/>\n<meta name=\"author\" content=\"tabernaculo\" class=\"yoast-seo-meta-tag\" \/>\n<meta name=\"twitter:card\" content=\"summary_large_image\" class=\"yoast-seo-meta-tag\" \/>\n<meta name=\"twitter:creator\" content=\"@PrensadeDios\" class=\"yoast-seo-meta-tag\" \/>\n<meta name=\"twitter:site\" content=\"@PrensadeDios\" class=\"yoast-seo-meta-tag\" \/>\n<meta name=\"twitter:label1\" content=\"Escrito por\" class=\"yoast-seo-meta-tag\" \/>\n\t<meta name=\"twitter:data1\" content=\"tabernaculo\" class=\"yoast-seo-meta-tag\" \/>\n\t<meta name=\"twitter:label2\" content=\"Tiempo de lectura\" class=\"yoast-seo-meta-tag\" \/>\n\t<meta name=\"twitter:data2\" content=\"2 minutos\" class=\"yoast-seo-meta-tag\" \/>\n<script type=\"application\/ld+json\" class=\"yoast-schema-graph\">{\"@context\":\"https:\/\/schema.org\",\"@graph\":[{\"@type\":\"Article\",\"@id\":\"https:\/\/tabernaculoprensadedios.com\/web\/diciembre-comienza-con-esperanza-preparandonos-para-el-sello-final-del-2025\/#article\",\"isPartOf\":{\"@id\":\"https:\/\/tabernaculoprensadedios.com\/web\/diciembre-comienza-con-esperanza-preparandonos-para-el-sello-final-del-2025\/\"},\"author\":{\"name\":\"tabernaculo\",\"@id\":\"https:\/\/tabernaculoprensadedios.com\/web\/#\/schema\/person\/bc0e069fef56b38e177db6f098ae0b6e\"},\"headline\":\"Diciembre Comienza con Esperanza: Prepar\u00e1ndonos para el Sello Final del 2025\",\"datePublished\":\"2025-12-02T00:54:24+00:00\",\"mainEntityOfPage\":{\"@id\":\"https:\/\/tabernaculoprensadedios.com\/web\/diciembre-comienza-con-esperanza-preparandonos-para-el-sello-final-del-2025\/\"},\"wordCount\":396,\"commentCount\":0,\"publisher\":{\"@id\":\"https:\/\/tabernaculoprensadedios.com\/web\/#\/schema\/person\/bc0e069fef56b38e177db6f098ae0b6e\"},\"image\":{\"@id\":\"https:\/\/tabernaculoprensadedios.com\/web\/diciembre-comienza-con-esperanza-preparandonos-para-el-sello-final-del-2025\/#primaryimage\"},\"thumbnailUrl\":\"https:\/\/tabernaculoprensadedios.com\/web\/wp-content\/uploads\/2023\/06\/country-3880741_1280.jpg\",\"articleSection\":[\"Voz del Tabern\u00e1culo\"],\"inLanguage\":\"es\",\"potentialAction\":[{\"@type\":\"CommentAction\",\"name\":\"Comment\",\"target\":[\"https:\/\/tabernaculoprensadedios.com\/web\/diciembre-comienza-con-esperanza-preparandonos-para-el-sello-final-del-2025\/#respond\"]}]},{\"@type\":\"WebPage\",\"@id\":\"https:\/\/tabernaculoprensadedios.com\/web\/diciembre-comienza-con-esperanza-preparandonos-para-el-sello-final-del-2025\/\",\"url\":\"https:\/\/tabernaculoprensadedios.com\/web\/diciembre-comienza-con-esperanza-preparandonos-para-el-sello-final-del-2025\/\",\"name\":\"Diciembre Comienza con Esperanza: Prepar\u00e1ndonos para el Sello Final del 2025 - Tabernaculo Prensa de Dios\",\"isPartOf\":{\"@id\":\"https:\/\/tabernaculoprensadedios.com\/web\/#website\"},\"primaryImageOfPage\":{\"@id\":\"https:\/\/tabernaculoprensadedios.com\/web\/diciembre-comienza-con-esperanza-preparandonos-para-el-sello-final-del-2025\/#primaryimage\"},\"image\":{\"@id\":\"https:\/\/tabernaculoprensadedios.com\/web\/diciembre-comienza-con-esperanza-preparandonos-para-el-sello-final-del-2025\/#primaryimage\"},\"thumbnailUrl\":\"https:\/\/tabernaculoprensadedios.com\/web\/wp-content\/uploads\/2023\/06\/country-3880741_1280.jpg\",\"datePublished\":\"2025-12-02T00:54:24+00:00\",\"breadcrumb\":{\"@id\":\"https:\/\/tabernaculoprensadedios.com\/web\/diciembre-comienza-con-esperanza-preparandonos-para-el-sello-final-del-2025\/#breadcrumb\"},\"inLanguage\":\"es\",\"potentialAction\":[{\"@type\":\"ReadAction\",\"target\":[\"https:\/\/tabernaculoprensadedios.com\/web\/diciembre-comienza-con-esperanza-preparandonos-para-el-sello-final-del-2025\/\"]}]},{\"@type\":\"ImageObject\",\"inLanguage\":\"es\",\"@id\":\"https:\/\/tabernaculoprensadedios.com\/web\/diciembre-comienza-con-esperanza-preparandonos-para-el-sello-final-del-2025\/#primaryimage\",\"url\":\"https:\/\/tabernaculoprensadedios.com\/web\/wp-content\/uploads\/2023\/06\/country-3880741_1280.jpg\",\"contentUrl\":\"https:\/\/tabernaculoprensadedios.com\/web\/wp-content\/uploads\/2023\/06\/country-3880741_1280.jpg\",\"width\":1280,\"height\":853},{\"@type\":\"BreadcrumbList\",\"@id\":\"https:\/\/tabernaculoprensadedios.com\/web\/diciembre-comienza-con-esperanza-preparandonos-para-el-sello-final-del-2025\/#breadcrumb\",\"itemListElement\":[{\"@type\":\"ListItem\",\"position\":1,\"name\":\"Portada\",\"item\":\"https:\/\/tabernaculoprensadedios.com\/web\/\"},{\"@type\":\"ListItem\",\"position\":2,\"name\":\"Diciembre Comienza con Esperanza: Prepar\u00e1ndonos para el Sello Final del 2025\"}]},{\"@type\":\"WebSite\",\"@id\":\"https:\/\/tabernaculoprensadedios.com\/web\/#website\",\"url\":\"https:\/\/tabernaculoprensadedios.com\/web\/\",\"name\":\"Tabernaculo Prensa de Dios\",\"description\":\"Un medio a la manera de Dios\",\"publisher\":{\"@id\":\"https:\/\/tabernaculoprensadedios.com\/web\/#\/schema\/person\/bc0e069fef56b38e177db6f098ae0b6e\"},\"potentialAction\":[{\"@type\":\"SearchAction\",\"target\":{\"@type\":\"EntryPoint\",\"urlTemplate\":\"https:\/\/tabernaculoprensadedios.com\/web\/?s={search_term_string}\"},\"query-input\":{\"@type\":\"PropertyValueSpecification\",\"valueRequired\":true,\"valueName\":\"search_term_string\"}}],\"inLanguage\":\"es\"},{\"@type\":[\"Person\",\"Organization\"],\"@id\":\"https:\/\/tabernaculoprensadedios.com\/web\/#\/schema\/person\/bc0e069fef56b38e177db6f098ae0b6e\",\"name\":\"tabernaculo\",\"image\":{\"@type\":\"ImageObject\",\"inLanguage\":\"es\",\"@id\":\"https:\/\/tabernaculoprensadedios.com\/web\/#\/schema\/person\/image\/\",\"url\":\"https:\/\/tabernaculoprensadedios.com\/web\/wp-content\/uploads\/2015\/06\/login-logo1.png\",\"contentUrl\":\"https:\/\/tabernaculoprensadedios.com\/web\/wp-content\/uploads\/2015\/06\/login-logo1.png\",\"width\":300,\"height\":118,\"caption\":\"tabernaculo\"},\"logo\":{\"@id\":\"https:\/\/tabernaculoprensadedios.com\/web\/#\/schema\/person\/image\/\"},\"url\":\"https:\/\/tabernaculoprensadedios.com\/web\/author\/tabernaculo\/\"}]}<\/script>\n<!-- \/ Yoast SEO Premium plugin. -->","yoast_head_json":{"title":"Diciembre Comienza con Esperanza: Prepar\u00e1ndonos para el Sello Final del 2025 - Tabernaculo Prensa de Dios","robots":{"index":"index","follow":"follow","max-snippet":"max-snippet:-1","max-image-preview":"max-image-preview:large","max-video-preview":"max-video-preview:-1"},"canonical":"https:\/\/tabernaculoprensadedios.com\/web\/diciembre-comienza-con-esperanza-preparandonos-para-el-sello-final-del-2025\/","og_locale":"es_ES","og_type":"article","og_title":"Diciembre Comienza con Esperanza: Prepar\u00e1ndonos para el Sello Final del 2025","og_description":"Diciembre ha comenzado, y con \u00e9l llega un aire espiritual distinto, un mover suave pero firme que nos recuerda que Dios mismo\u00a0\u201ccorona el a\u00f1o con sus bienes\u201d. No es casualidad que los primeros d\u00edas de este mes se sientan como una invitaci\u00f3n del cielo. Es Dios tocando la puerta de nuestros corazones y diciendo: \u201cPrep\u00e1rense\u2026 &hellip;","og_url":"https:\/\/tabernaculoprensadedios.com\/web\/diciembre-comienza-con-esperanza-preparandonos-para-el-sello-final-del-2025\/","og_site_name":"Tabernaculo Prensa de Dios","article_published_time":"2025-12-02T00:54:24+00:00","og_image":[{"width":1280,"height":853,"url":"https:\/\/tabernaculoprensadedios.com\/web\/wp-content\/uploads\/2023\/06\/country-3880741_1280.jpg","type":"image\/jpeg"}],"author":"tabernaculo","twitter_card":"summary_large_image","twitter_creator":"@PrensadeDios","twitter_site":"@PrensadeDios","twitter_misc":{"Escrito por":"tabernaculo","Tiempo de lectura":"2 minutos"},"schema":{"@context":"https:\/\/schema.org","@graph":[{"@type":"Article","@id":"https:\/\/tabernaculoprensadedios.com\/web\/diciembre-comienza-con-esperanza-preparandonos-para-el-sello-final-del-2025\/#article","isPartOf":{"@id":"https:\/\/tabernaculoprensadedios.com\/web\/diciembre-comienza-con-esperanza-preparandonos-para-el-sello-final-del-2025\/"},"author":{"name":"tabernaculo","@id":"https:\/\/tabernaculoprensadedios.com\/web\/#\/schema\/person\/bc0e069fef56b38e177db6f098ae0b6e"},"headline":"Diciembre Comienza con Esperanza: Prepar\u00e1ndonos para el Sello Final del 2025","datePublished":"2025-12-02T00:54:24+00:00","mainEntityOfPage":{"@id":"https:\/\/tabernaculoprensadedios.com\/web\/diciembre-comienza-con-esperanza-preparandonos-para-el-sello-final-del-2025\/"},"wordCount":396,"commentCount":0,"publisher":{"@id":"https:\/\/tabernaculoprensadedios.com\/web\/#\/schema\/person\/bc0e069fef56b38e177db6f098ae0b6e"},"image":{"@id":"https:\/\/tabernaculoprensadedios.com\/web\/diciembre-comienza-con-esperanza-preparandonos-para-el-sello-final-del-2025\/#primaryimage"},"thumbnailUrl":"https:\/\/tabernaculoprensadedios.com\/web\/wp-content\/uploads\/2023\/06\/country-3880741_1280.jpg","articleSection":["Voz del Tabern\u00e1culo"],"inLanguage":"es","potentialAction":[{"@type":"CommentAction","name":"Comment","target":["https:\/\/tabernaculoprensadedios.com\/web\/diciembre-comienza-con-esperanza-preparandonos-para-el-sello-final-del-2025\/#respond"]}]},{"@type":"WebPage","@id":"https:\/\/tabernaculoprensadedios.com\/web\/diciembre-comienza-con-esperanza-preparandonos-para-el-sello-final-del-2025\/","url":"https:\/\/tabernaculoprensadedios.com\/web\/diciembre-comienza-con-esperanza-preparandonos-para-el-sello-final-del-2025\/","name":"Diciembre Comienza con Esperanza: Prepar\u00e1ndonos para el Sello Final del 2025 - Tabernaculo Prensa de Dios","isPartOf":{"@id":"https:\/\/tabernaculoprensadedios.com\/web\/#website"},"primaryImageOfPage":{"@id":"https:\/\/tabernaculoprensadedios.com\/web\/diciembre-comienza-con-esperanza-preparandonos-para-el-sello-final-del-2025\/#primaryimage"},"image":{"@id":"https:\/\/tabernaculoprensadedios.com\/web\/diciembre-comienza-con-esperanza-preparandonos-para-el-sello-final-del-2025\/#primaryimage"},"thumbnailUrl":"https:\/\/tabernaculoprensadedios.com\/web\/wp-content\/uploads\/2023\/06\/country-3880741_1280.jpg","datePublished":"2025-12-02T00:54:24+00:00","breadcrumb":{"@id":"https:\/\/tabernaculoprensadedios.com\/web\/diciembre-comienza-con-esperanza-preparandonos-para-el-sello-final-del-2025\/#breadcrumb"},"inLanguage":"es","potentialAction":[{"@type":"ReadAction","target":["https:\/\/tabernaculoprensadedios.com\/web\/diciembre-comienza-con-esperanza-preparandonos-para-el-sello-final-del-2025\/"]}]},{"@type":"ImageObject","inLanguage":"es","@id":"https:\/\/tabernaculoprensadedios.com\/web\/diciembre-comienza-con-esperanza-preparandonos-para-el-sello-final-del-2025\/#primaryimage","url":"https:\/\/tabernaculoprensadedios.com\/web\/wp-content\/uploads\/2023\/06\/country-3880741_1280.jpg","contentUrl":"https:\/\/tabernaculoprensadedios.com\/web\/wp-content\/uploads\/2023\/06\/country-3880741_1280.jpg","width":1280,"height":853},{"@type":"BreadcrumbList","@id":"https:\/\/tabernaculoprensadedios.com\/web\/diciembre-comienza-con-esperanza-preparandonos-para-el-sello-final-del-2025\/#breadcrumb","itemListElement":[{"@type":"ListItem","position":1,"name":"Portada","item":"https:\/\/tabernaculoprensadedios.com\/web\/"},{"@type":"ListItem","position":2,"name":"Diciembre Comienza con Esperanza: Prepar\u00e1ndonos para el Sello Final del 2025"}]},{"@type":"WebSite","@id":"https:\/\/tabernaculoprensadedios.com\/web\/#website","url":"https:\/\/tabernaculoprensadedios.com\/web\/","name":"Tabernaculo Prensa de Dios","description":"Un medio a la manera de Dios","publisher":{"@id":"https:\/\/tabernaculoprensadedios.com\/web\/#\/schema\/person\/bc0e069fef56b38e177db6f098ae0b6e"},"potentialAction":[{"@type":"SearchAction","target":{"@type":"EntryPoint","urlTemplate":"https:\/\/tabernaculoprensadedios.com\/web\/?s={search_term_string}"},"query-input":{"@type":"PropertyValueSpecification","valueRequired":true,"valueName":"search_term_string"}}],"inLanguage":"es"},{"@type":["Person","Organization"],"@id":"https:\/\/tabernaculoprensadedios.com\/web\/#\/schema\/person\/bc0e069fef56b38e177db6f098ae0b6e","name":"tabernaculo","image":{"@type":"ImageObject","inLanguage":"es","@id":"https:\/\/tabernaculoprensadedios.com\/web\/#\/schema\/person\/image\/","url":"https:\/\/tabernaculoprensadedios.com\/web\/wp-content\/uploads\/2015\/06\/login-logo1.png","contentUrl":"https:\/\/tabernaculoprensadedios.com\/web\/wp-content\/uploads\/2015\/06\/login-logo1.png","width":300,"height":118,"caption":"tabernaculo"},"logo":{"@id":"https:\/\/tabernaculoprensadedios.com\/web\/#\/schema\/person\/image\/"},"url":"https:\/\/tabernaculoprensadedios.com\/web\/author\/tabernaculo\/"}]}},"_links":{"self":[{"href":"https:\/\/tabernaculoprensadedios.com\/web\/wp-json\/wp\/v2\/posts\/36514","targetHints":{"allow":["GET"]}}],"collection":[{"href":"https:\/\/tabernaculoprensadedios.com\/web\/wp-json\/wp\/v2\/posts"}],"about":[{"href":"https:\/\/tabernaculoprensadedios.com\/web\/wp-json\/wp\/v2\/types\/post"}],"author":[{"embeddable":true,"href":"https:\/\/tabernaculoprensadedios.com\/web\/wp-json\/wp\/v2\/users\/1"}],"replies":[{"embeddable":true,"href":"https:\/\/tabernaculoprensadedios.com\/web\/wp-json\/wp\/v2\/comments?post=36514"}],"version-history":[{"count":1,"href":"https:\/\/tabernaculoprensadedios.com\/web\/wp-json\/wp\/v2\/posts\/36514\/revisions"}],"predecessor-version":[{"id":36515,"href":"https:\/\/tabernaculoprensadedios.com\/web\/wp-json\/wp\/v2\/posts\/36514\/revisions\/36515"}],"wp:featuredmedia":[{"embeddable":true,"href":"https:\/\/tabernaculoprensadedios.com\/web\/wp-json\/wp\/v2\/media\/28361"}],"wp:attachment":[{"href":"https:\/\/tabernaculoprensadedios.com\/web\/wp-json\/wp\/v2\/media?parent=36514"}],"wp:term":[{"taxonomy":"category","embeddable":true,"href":"https:\/\/tabernaculoprensadedios.com\/web\/wp-json\/wp\/v2\/categories?post=36514"},{"taxonomy":"post_tag","embeddable":true,"href":"https:\/\/tabernaculoprensadedios.com\/web\/wp-json\/wp\/v2\/tags?post=36514"}],"curies":[{"name":"wp","href":"https:\/\/api.w.org\/{rel}","templated":true}]}}