{"id":36511,"date":"2025-12-02T00:51:20","date_gmt":"2025-12-02T00:51:20","guid":{"rendered":"https:\/\/tabernaculoprensadedios.com\/web\/?p=36511"},"modified":"2025-12-02T00:51:20","modified_gmt":"2025-12-02T00:51:20","slug":"y-asi-dice-el-senor-a-su-pueblo-en-este-tiempo","status":"publish","type":"post","link":"https:\/\/tabernaculoprensadedios.com\/web\/y-asi-dice-el-senor-a-su-pueblo-en-este-tiempo\/","title":{"rendered":"Y as\u00ed dice el Se\u00f1or a Su pueblo en este tiempo"},"content":{"rendered":"<p><strong>No tem\u00e1is por lo que estremeci\u00f3 a las naciones,<br \/>\nporque yo soy el que sopla y el que restaura.<br \/>\nYo soy el que despierta lo que parec\u00eda perdido,<br \/>\ny el que levanta lo que muchos ya hab\u00edan cancelado.<\/strong><\/p>\n<p>He aqu\u00ed, dice el Alt\u00edsimo:<\/p>\n<p><strong>\u201cEstoy soplando Misericordia sobre las casas que clamaron,<br \/>\nsobre las familias que lucharon,<br \/>\ny sobre las naciones que se humillaron.\u201d<\/strong><\/p>\n<p>Vengo a romper el esp\u00edritu de confusi\u00f3n.<br \/>\nVengo a silenciar la voz del miedo.<br \/>\nVengo a encender en mis hijos el fuego que otros intentaron apagar.<\/p>\n<p>Porque no ser\u00e1n las tinieblas las que definan este tiempo,<br \/>\n<strong>ser\u00e1 Mi Gloria levant\u00e1ndose sobre los que esperan en M\u00ed.<\/strong><\/p>\n<p>Y dice el Se\u00f1or:<\/p>\n<p><strong>\u201cA\u00fan cuando el mundo diga que es el final,<br \/>\npara mis escogidos ser\u00e1 el comienzo.<br \/>\nEl comienzo de restauraci\u00f3n,<br \/>\nel comienzo de puertas abiertas,<br \/>\nel comienzo de un despertar que muchos no vieron venir.\u201d<\/strong><\/p>\n<p>Por eso, pueblos, naciones y familias:<br \/>\n<strong>Volveos a M\u00ed.<br \/>\nBuscad mi rostro.<br \/>\nAbrid vuestros o\u00eddos.<br \/>\nPorque estoy visitando la tierra con Misericordia antes que con juicio.<\/strong><\/p>\n<p>Y a los que claman d\u00eda y noche les digo:<\/p>\n<p><strong>\u201cNo he olvidado sus l\u00e1grimas,<br \/>\nno he pasado por alto su fidelidad,<br \/>\ny no he dejado caer al suelo ni una de sus oraciones.<br \/>\nEste es el a\u00f1o donde ver\u00e1n Mi mano extendida.\u201d<\/strong><\/p>\n<p>Se\u00f1or, rest\u00e1uranos.<br \/>\nHaz resplandecer tu rostro sobre nosotros\u2026<br \/>\n<strong>y seremos salvos.<\/strong><\/p>\n","protected":false},"excerpt":{"rendered":"<p>No tem\u00e1is por lo que estremeci\u00f3 a las naciones, porque yo soy el que sopla y el que restaura. Yo soy el que despierta lo que parec\u00eda perdido, y el que levanta lo que muchos ya hab\u00edan cancelado. He aqu\u00ed, dice el Alt\u00edsimo: \u201cEstoy soplando Misericordia sobre las casas que clamaron, sobre las familias que &hellip;<\/p>\n","protected":false},"author":1,"featured_media":36512,"comment_status":"open","ping_status":"open","sticky":false,"template":"","format":"standard","meta":{"footnotes":""},"categories":[34],"tags":[],"class_list":["post-36511","post","type-post","status-publish","format-standard","has-post-thumbnail","hentry","category-articulos"],"yoast_head":"<!-- This site is optimized with the Yoast SEO Premium plugin v24.2 (Yoast SEO v27.1.1) - https:\/\/yoast.com\/product\/yoast-seo-premium-wordpress\/ -->\n<title>Y as\u00ed dice el Se\u00f1or a Su pueblo en este tiempo - Tabernaculo Prensa de Dios<\/title>\n<meta name=\"robots\" content=\"index, follow, max-snippet:-1, max-image-preview:large, max-video-preview:-1\" \/>\n<link rel=\"canonical\" href=\"https:\/\/tabernaculoprensadedios.com\/web\/y-asi-dice-el-senor-a-su-pueblo-en-este-tiempo\/\" class=\"yoast-seo-meta-tag\" \/>\n<meta property=\"og:locale\" content=\"es_ES\" class=\"yoast-seo-meta-tag\" \/>\n<meta property=\"og:type\" content=\"article\" class=\"yoast-seo-meta-tag\" \/>\n<meta property=\"og:title\" content=\"Y as\u00ed dice el Se\u00f1or a Su pueblo en este tiempo\" class=\"yoast-seo-meta-tag\" \/>\n<meta property=\"og:description\" content=\"No tem\u00e1is por lo que estremeci\u00f3 a las naciones, porque yo soy el que sopla y el que restaura. Yo soy el que despierta lo que parec\u00eda perdido, y el que levanta lo que muchos ya hab\u00edan cancelado. He aqu\u00ed, dice el Alt\u00edsimo: \u201cEstoy soplando Misericordia sobre las casas que clamaron, sobre las familias que &hellip;\" class=\"yoast-seo-meta-tag\" \/>\n<meta property=\"og:url\" content=\"https:\/\/tabernaculoprensadedios.com\/web\/y-asi-dice-el-senor-a-su-pueblo-en-este-tiempo\/\" class=\"yoast-seo-meta-tag\" \/>\n<meta property=\"og:site_name\" content=\"Tabernaculo Prensa de Dios\" class=\"yoast-seo-meta-tag\" \/>\n<meta property=\"article:published_time\" content=\"2025-12-02T00:51:20+00:00\" class=\"yoast-seo-meta-tag\" \/>\n<meta property=\"og:image\" content=\"https:\/\/tabernaculoprensadedios.com\/web\/wp-content\/uploads\/2025\/12\/france-4667834_1920.avif\" class=\"yoast-seo-meta-tag\" \/>\n\t<meta property=\"og:image:width\" content=\"1920\" class=\"yoast-seo-meta-tag\" \/>\n\t<meta property=\"og:image:height\" content=\"1272\" class=\"yoast-seo-meta-tag\" \/>\n\t<meta property=\"og:image:type\" content=\"image\/jpeg\" class=\"yoast-seo-meta-tag\" \/>\n<meta name=\"author\" content=\"tabernaculo\" class=\"yoast-seo-meta-tag\" \/>\n<meta name=\"twitter:card\" content=\"summary_large_image\" class=\"yoast-seo-meta-tag\" \/>\n<meta name=\"twitter:creator\" content=\"@PrensadeDios\" class=\"yoast-seo-meta-tag\" \/>\n<meta name=\"twitter:site\" content=\"@PrensadeDios\" class=\"yoast-seo-meta-tag\" \/>\n<meta name=\"twitter:label1\" content=\"Escrito por\" class=\"yoast-seo-meta-tag\" \/>\n\t<meta name=\"twitter:data1\" content=\"tabernaculo\" class=\"yoast-seo-meta-tag\" \/>\n\t<meta name=\"twitter:label2\" content=\"Tiempo de lectura\" class=\"yoast-seo-meta-tag\" \/>\n\t<meta name=\"twitter:data2\" content=\"2 minutos\" class=\"yoast-seo-meta-tag\" \/>\n<script type=\"application\/ld+json\" class=\"yoast-schema-graph\">{\"@context\":\"https:\/\/schema.org\",\"@graph\":[{\"@type\":\"Article\",\"@id\":\"https:\/\/tabernaculoprensadedios.com\/web\/y-asi-dice-el-senor-a-su-pueblo-en-este-tiempo\/#article\",\"isPartOf\":{\"@id\":\"https:\/\/tabernaculoprensadedios.com\/web\/y-asi-dice-el-senor-a-su-pueblo-en-este-tiempo\/\"},\"author\":{\"name\":\"tabernaculo\",\"@id\":\"https:\/\/tabernaculoprensadedios.com\/web\/#\/schema\/person\/bc0e069fef56b38e177db6f098ae0b6e\"},\"headline\":\"Y as\u00ed dice el Se\u00f1or a Su pueblo en este tiempo\",\"datePublished\":\"2025-12-02T00:51:20+00:00\",\"mainEntityOfPage\":{\"@id\":\"https:\/\/tabernaculoprensadedios.com\/web\/y-asi-dice-el-senor-a-su-pueblo-en-este-tiempo\/\"},\"wordCount\":257,\"commentCount\":0,\"publisher\":{\"@id\":\"https:\/\/tabernaculoprensadedios.com\/web\/#\/schema\/person\/bc0e069fef56b38e177db6f098ae0b6e\"},\"image\":{\"@id\":\"https:\/\/tabernaculoprensadedios.com\/web\/y-asi-dice-el-senor-a-su-pueblo-en-este-tiempo\/#primaryimage\"},\"thumbnailUrl\":\"https:\/\/tabernaculoprensadedios.com\/web\/wp-content\/uploads\/2025\/12\/france-4667834_1920.avif\",\"articleSection\":[\"Articulos\"],\"inLanguage\":\"es\",\"potentialAction\":[{\"@type\":\"CommentAction\",\"name\":\"Comment\",\"target\":[\"https:\/\/tabernaculoprensadedios.com\/web\/y-asi-dice-el-senor-a-su-pueblo-en-este-tiempo\/#respond\"]}]},{\"@type\":\"WebPage\",\"@id\":\"https:\/\/tabernaculoprensadedios.com\/web\/y-asi-dice-el-senor-a-su-pueblo-en-este-tiempo\/\",\"url\":\"https:\/\/tabernaculoprensadedios.com\/web\/y-asi-dice-el-senor-a-su-pueblo-en-este-tiempo\/\",\"name\":\"Y as\u00ed dice el Se\u00f1or a Su pueblo en este tiempo - Tabernaculo Prensa de Dios\",\"isPartOf\":{\"@id\":\"https:\/\/tabernaculoprensadedios.com\/web\/#website\"},\"primaryImageOfPage\":{\"@id\":\"https:\/\/tabernaculoprensadedios.com\/web\/y-asi-dice-el-senor-a-su-pueblo-en-este-tiempo\/#primaryimage\"},\"image\":{\"@id\":\"https:\/\/tabernaculoprensadedios.com\/web\/y-asi-dice-el-senor-a-su-pueblo-en-este-tiempo\/#primaryimage\"},\"thumbnailUrl\":\"https:\/\/tabernaculoprensadedios.com\/web\/wp-content\/uploads\/2025\/12\/france-4667834_1920.avif\",\"datePublished\":\"2025-12-02T00:51:20+00:00\",\"breadcrumb\":{\"@id\":\"https:\/\/tabernaculoprensadedios.com\/web\/y-asi-dice-el-senor-a-su-pueblo-en-este-tiempo\/#breadcrumb\"},\"inLanguage\":\"es\",\"potentialAction\":[{\"@type\":\"ReadAction\",\"target\":[\"https:\/\/tabernaculoprensadedios.com\/web\/y-asi-dice-el-senor-a-su-pueblo-en-este-tiempo\/\"]}]},{\"@type\":\"ImageObject\",\"inLanguage\":\"es\",\"@id\":\"https:\/\/tabernaculoprensadedios.com\/web\/y-asi-dice-el-senor-a-su-pueblo-en-este-tiempo\/#primaryimage\",\"url\":\"https:\/\/tabernaculoprensadedios.com\/web\/wp-content\/uploads\/2025\/12\/france-4667834_1920.avif\",\"contentUrl\":\"https:\/\/tabernaculoprensadedios.com\/web\/wp-content\/uploads\/2025\/12\/france-4667834_1920.avif\",\"width\":1920,\"height\":1272},{\"@type\":\"BreadcrumbList\",\"@id\":\"https:\/\/tabernaculoprensadedios.com\/web\/y-asi-dice-el-senor-a-su-pueblo-en-este-tiempo\/#breadcrumb\",\"itemListElement\":[{\"@type\":\"ListItem\",\"position\":1,\"name\":\"Portada\",\"item\":\"https:\/\/tabernaculoprensadedios.com\/web\/\"},{\"@type\":\"ListItem\",\"position\":2,\"name\":\"Y as\u00ed dice el Se\u00f1or a Su pueblo en este tiempo\"}]},{\"@type\":\"WebSite\",\"@id\":\"https:\/\/tabernaculoprensadedios.com\/web\/#website\",\"url\":\"https:\/\/tabernaculoprensadedios.com\/web\/\",\"name\":\"Tabernaculo Prensa de Dios\",\"description\":\"Un medio a la manera de Dios\",\"publisher\":{\"@id\":\"https:\/\/tabernaculoprensadedios.com\/web\/#\/schema\/person\/bc0e069fef56b38e177db6f098ae0b6e\"},\"potentialAction\":[{\"@type\":\"SearchAction\",\"target\":{\"@type\":\"EntryPoint\",\"urlTemplate\":\"https:\/\/tabernaculoprensadedios.com\/web\/?s={search_term_string}\"},\"query-input\":{\"@type\":\"PropertyValueSpecification\",\"valueRequired\":true,\"valueName\":\"search_term_string\"}}],\"inLanguage\":\"es\"},{\"@type\":[\"Person\",\"Organization\"],\"@id\":\"https:\/\/tabernaculoprensadedios.com\/web\/#\/schema\/person\/bc0e069fef56b38e177db6f098ae0b6e\",\"name\":\"tabernaculo\",\"image\":{\"@type\":\"ImageObject\",\"inLanguage\":\"es\",\"@id\":\"https:\/\/tabernaculoprensadedios.com\/web\/#\/schema\/person\/image\/\",\"url\":\"https:\/\/tabernaculoprensadedios.com\/web\/wp-content\/uploads\/2015\/06\/login-logo1.png\",\"contentUrl\":\"https:\/\/tabernaculoprensadedios.com\/web\/wp-content\/uploads\/2015\/06\/login-logo1.png\",\"width\":300,\"height\":118,\"caption\":\"tabernaculo\"},\"logo\":{\"@id\":\"https:\/\/tabernaculoprensadedios.com\/web\/#\/schema\/person\/image\/\"},\"url\":\"https:\/\/tabernaculoprensadedios.com\/web\/author\/tabernaculo\/\"}]}<\/script>\n<!-- \/ Yoast SEO Premium plugin. -->","yoast_head_json":{"title":"Y as\u00ed dice el Se\u00f1or a Su pueblo en este tiempo - Tabernaculo Prensa de Dios","robots":{"index":"index","follow":"follow","max-snippet":"max-snippet:-1","max-image-preview":"max-image-preview:large","max-video-preview":"max-video-preview:-1"},"canonical":"https:\/\/tabernaculoprensadedios.com\/web\/y-asi-dice-el-senor-a-su-pueblo-en-este-tiempo\/","og_locale":"es_ES","og_type":"article","og_title":"Y as\u00ed dice el Se\u00f1or a Su pueblo en este tiempo","og_description":"No tem\u00e1is por lo que estremeci\u00f3 a las naciones, porque yo soy el que sopla y el que restaura. Yo soy el que despierta lo que parec\u00eda perdido, y el que levanta lo que muchos ya hab\u00edan cancelado. He aqu\u00ed, dice el Alt\u00edsimo: \u201cEstoy soplando Misericordia sobre las casas que clamaron, sobre las familias que &hellip;","og_url":"https:\/\/tabernaculoprensadedios.com\/web\/y-asi-dice-el-senor-a-su-pueblo-en-este-tiempo\/","og_site_name":"Tabernaculo Prensa de Dios","article_published_time":"2025-12-02T00:51:20+00:00","og_image":[{"width":1920,"height":1272,"url":"https:\/\/tabernaculoprensadedios.com\/web\/wp-content\/uploads\/2025\/12\/france-4667834_1920.avif","type":"image\/jpeg"}],"author":"tabernaculo","twitter_card":"summary_large_image","twitter_creator":"@PrensadeDios","twitter_site":"@PrensadeDios","twitter_misc":{"Escrito por":"tabernaculo","Tiempo de lectura":"2 minutos"},"schema":{"@context":"https:\/\/schema.org","@graph":[{"@type":"Article","@id":"https:\/\/tabernaculoprensadedios.com\/web\/y-asi-dice-el-senor-a-su-pueblo-en-este-tiempo\/#article","isPartOf":{"@id":"https:\/\/tabernaculoprensadedios.com\/web\/y-asi-dice-el-senor-a-su-pueblo-en-este-tiempo\/"},"author":{"name":"tabernaculo","@id":"https:\/\/tabernaculoprensadedios.com\/web\/#\/schema\/person\/bc0e069fef56b38e177db6f098ae0b6e"},"headline":"Y as\u00ed dice el Se\u00f1or a Su pueblo en este tiempo","datePublished":"2025-12-02T00:51:20+00:00","mainEntityOfPage":{"@id":"https:\/\/tabernaculoprensadedios.com\/web\/y-asi-dice-el-senor-a-su-pueblo-en-este-tiempo\/"},"wordCount":257,"commentCount":0,"publisher":{"@id":"https:\/\/tabernaculoprensadedios.com\/web\/#\/schema\/person\/bc0e069fef56b38e177db6f098ae0b6e"},"image":{"@id":"https:\/\/tabernaculoprensadedios.com\/web\/y-asi-dice-el-senor-a-su-pueblo-en-este-tiempo\/#primaryimage"},"thumbnailUrl":"https:\/\/tabernaculoprensadedios.com\/web\/wp-content\/uploads\/2025\/12\/france-4667834_1920.avif","articleSection":["Articulos"],"inLanguage":"es","potentialAction":[{"@type":"CommentAction","name":"Comment","target":["https:\/\/tabernaculoprensadedios.com\/web\/y-asi-dice-el-senor-a-su-pueblo-en-este-tiempo\/#respond"]}]},{"@type":"WebPage","@id":"https:\/\/tabernaculoprensadedios.com\/web\/y-asi-dice-el-senor-a-su-pueblo-en-este-tiempo\/","url":"https:\/\/tabernaculoprensadedios.com\/web\/y-asi-dice-el-senor-a-su-pueblo-en-este-tiempo\/","name":"Y as\u00ed dice el Se\u00f1or a Su pueblo en este tiempo - Tabernaculo Prensa de Dios","isPartOf":{"@id":"https:\/\/tabernaculoprensadedios.com\/web\/#website"},"primaryImageOfPage":{"@id":"https:\/\/tabernaculoprensadedios.com\/web\/y-asi-dice-el-senor-a-su-pueblo-en-este-tiempo\/#primaryimage"},"image":{"@id":"https:\/\/tabernaculoprensadedios.com\/web\/y-asi-dice-el-senor-a-su-pueblo-en-este-tiempo\/#primaryimage"},"thumbnailUrl":"https:\/\/tabernaculoprensadedios.com\/web\/wp-content\/uploads\/2025\/12\/france-4667834_1920.avif","datePublished":"2025-12-02T00:51:20+00:00","breadcrumb":{"@id":"https:\/\/tabernaculoprensadedios.com\/web\/y-asi-dice-el-senor-a-su-pueblo-en-este-tiempo\/#breadcrumb"},"inLanguage":"es","potentialAction":[{"@type":"ReadAction","target":["https:\/\/tabernaculoprensadedios.com\/web\/y-asi-dice-el-senor-a-su-pueblo-en-este-tiempo\/"]}]},{"@type":"ImageObject","inLanguage":"es","@id":"https:\/\/tabernaculoprensadedios.com\/web\/y-asi-dice-el-senor-a-su-pueblo-en-este-tiempo\/#primaryimage","url":"https:\/\/tabernaculoprensadedios.com\/web\/wp-content\/uploads\/2025\/12\/france-4667834_1920.avif","contentUrl":"https:\/\/tabernaculoprensadedios.com\/web\/wp-content\/uploads\/2025\/12\/france-4667834_1920.avif","width":1920,"height":1272},{"@type":"BreadcrumbList","@id":"https:\/\/tabernaculoprensadedios.com\/web\/y-asi-dice-el-senor-a-su-pueblo-en-este-tiempo\/#breadcrumb","itemListElement":[{"@type":"ListItem","position":1,"name":"Portada","item":"https:\/\/tabernaculoprensadedios.com\/web\/"},{"@type":"ListItem","position":2,"name":"Y as\u00ed dice el Se\u00f1or a Su pueblo en este tiempo"}]},{"@type":"WebSite","@id":"https:\/\/tabernaculoprensadedios.com\/web\/#website","url":"https:\/\/tabernaculoprensadedios.com\/web\/","name":"Tabernaculo Prensa de Dios","description":"Un medio a la manera de Dios","publisher":{"@id":"https:\/\/tabernaculoprensadedios.com\/web\/#\/schema\/person\/bc0e069fef56b38e177db6f098ae0b6e"},"potentialAction":[{"@type":"SearchAction","target":{"@type":"EntryPoint","urlTemplate":"https:\/\/tabernaculoprensadedios.com\/web\/?s={search_term_string}"},"query-input":{"@type":"PropertyValueSpecification","valueRequired":true,"valueName":"search_term_string"}}],"inLanguage":"es"},{"@type":["Person","Organization"],"@id":"https:\/\/tabernaculoprensadedios.com\/web\/#\/schema\/person\/bc0e069fef56b38e177db6f098ae0b6e","name":"tabernaculo","image":{"@type":"ImageObject","inLanguage":"es","@id":"https:\/\/tabernaculoprensadedios.com\/web\/#\/schema\/person\/image\/","url":"https:\/\/tabernaculoprensadedios.com\/web\/wp-content\/uploads\/2015\/06\/login-logo1.png","contentUrl":"https:\/\/tabernaculoprensadedios.com\/web\/wp-content\/uploads\/2015\/06\/login-logo1.png","width":300,"height":118,"caption":"tabernaculo"},"logo":{"@id":"https:\/\/tabernaculoprensadedios.com\/web\/#\/schema\/person\/image\/"},"url":"https:\/\/tabernaculoprensadedios.com\/web\/author\/tabernaculo\/"}]}},"_links":{"self":[{"href":"https:\/\/tabernaculoprensadedios.com\/web\/wp-json\/wp\/v2\/posts\/36511","targetHints":{"allow":["GET"]}}],"collection":[{"href":"https:\/\/tabernaculoprensadedios.com\/web\/wp-json\/wp\/v2\/posts"}],"about":[{"href":"https:\/\/tabernaculoprensadedios.com\/web\/wp-json\/wp\/v2\/types\/post"}],"author":[{"embeddable":true,"href":"https:\/\/tabernaculoprensadedios.com\/web\/wp-json\/wp\/v2\/users\/1"}],"replies":[{"embeddable":true,"href":"https:\/\/tabernaculoprensadedios.com\/web\/wp-json\/wp\/v2\/comments?post=36511"}],"version-history":[{"count":1,"href":"https:\/\/tabernaculoprensadedios.com\/web\/wp-json\/wp\/v2\/posts\/36511\/revisions"}],"predecessor-version":[{"id":36513,"href":"https:\/\/tabernaculoprensadedios.com\/web\/wp-json\/wp\/v2\/posts\/36511\/revisions\/36513"}],"wp:featuredmedia":[{"embeddable":true,"href":"https:\/\/tabernaculoprensadedios.com\/web\/wp-json\/wp\/v2\/media\/36512"}],"wp:attachment":[{"href":"https:\/\/tabernaculoprensadedios.com\/web\/wp-json\/wp\/v2\/media?parent=36511"}],"wp:term":[{"taxonomy":"category","embeddable":true,"href":"https:\/\/tabernaculoprensadedios.com\/web\/wp-json\/wp\/v2\/categories?post=36511"},{"taxonomy":"post_tag","embeddable":true,"href":"https:\/\/tabernaculoprensadedios.com\/web\/wp-json\/wp\/v2\/tags?post=36511"}],"curies":[{"name":"wp","href":"https:\/\/api.w.org\/{rel}","templated":true}]}}