{"id":36504,"date":"2025-12-01T22:51:53","date_gmt":"2025-12-01T22:51:53","guid":{"rendered":"https:\/\/tabernaculoprensadedios.com\/web\/?p=36504"},"modified":"2025-12-01T22:51:53","modified_gmt":"2025-12-01T22:51:53","slug":"la-salvacion-el-proposito-supremo-de-la-navidad","status":"publish","type":"post","link":"https:\/\/tabernaculoprensadedios.com\/web\/la-salvacion-el-proposito-supremo-de-la-navidad\/","title":{"rendered":"La Salvaci\u00f3n. El Prop\u00f3sito Supremo de la Navidad"},"content":{"rendered":"<p>La Navidad no es s\u00f3lo una celebraci\u00f3n anual;\u00a0es una oportunidad para reflexionar sobre el significado profundo del nacimiento de Jesucristo. Este evento trascendental en la historia de la humanidad nos llama a transitar un camino espiritual que comienza en el pesebre y nos lleva al coraz\u00f3n de Dios.<\/p>\n<p><strong>El Perd\u00f3n. Un Regalo Divino<\/strong><br \/>\nEn Navidad, recordamos c\u00f3mo Dios nos ofrece el perd\u00f3n de nuestros pecados a trav\u00e9s de Su Hijo Jesucristo. Este regalo inmerecido nos permite reconciliarnos con \u00c9l y con los dem\u00e1s. As\u00ed como hemos sido perdonados, tambi\u00e9n debemos perdonar, dejando de lado las ofensas y liberando nuestras almas.<\/p>\n<p>Vers\u00edculo. <strong>\u201cSoport\u00e1ndoos unos a otros, y perdon\u00e1ndoos unos a otros si alguno tuviere queja contra otro. De la manera que Cristo os perdon\u00f3, as\u00ed tambi\u00e9n hacedlo vosotros.\u201d<\/strong>\u00a0(Colosenses 3-13)<\/p>\n<p>El arrepentimiento. La Puerta a una Vida Nueva<br \/>\nLa llegada de Jes\u00fas al mundo es un llamado a examinar nuestros corazones y arrepentirnos de nuestros caminos equivocados. El nacimiento del Salvador es una invitaci\u00f3n a rendir nuestras vidas a \u00c9l y comenzar de nuevo bajo Su gracia.<\/p>\n<blockquote><p>Arrepent\u00edos, porque el reino de los cielos se ha acercado. (Mateo 3:2)<\/p><\/blockquote>\n<p><strong>La Paz. Un Don Celestial<\/strong><br \/>\nJesucristo es el Pr\u00edncipe de Paz. Su venida al mundo trae una paz que sobrepasa todo entendimiento, una paz que no depende de las circunstancias externas, sino de la certeza de Su presencia en nuestras vidas.<\/p>\n<p>Vers\u00edculo: \u201cLa paz os dejo, mi paz os doy; yo no os la doy como el mundo la da. No se turbe vuestro coraz\u00f3n, ni tenga miedo.\u201d (Juan 14:27)<\/p>\n<p><strong>El gozo. La Respuesta a Su Presencia<\/strong><br \/>\nEl verdadero gozo de la Navidad no se encuentra en los adornos ni en los regalos materiales, sino en el regalo de la salvaci\u00f3n que Jes\u00fas nos ofrece. Este gozo es una manifestaci\u00f3n de la alegr\u00eda eterna que solo Dios puede dar.<\/p>\n<p>Vers\u00edculo: \u201cOs doy nuevas de gran gozo, que ser\u00e1 para todo el pueblo: que os ha nacido hoy, en la ciudad de David, un Salvador, que es Cristo el Se\u00f1or.\u201d (Lucas 2:10-11)<\/p>\n<p>La Salvaci\u00f3n. El Prop\u00f3sito Supremo de la Navidad<br \/>\nEl nacimiento de Jesucristo tiene un prop\u00f3sito eterno: nuestra salvaci\u00f3n. En el pesebre vemos el inicio de la obra redentora de Dios, que culmin\u00f3 en la cruz y la resurrecci\u00f3n. Este acto de amor nos ofrece vida eterna y un futuro lleno de esperanza.<\/p>\n<p>Vers\u00edculo: \u201cPorque de tal manera am\u00f3 Dios al mundo, que ha dado a su Hijo unig\u00e9nito, para que todo aquel que en \u00e9l cree, no se pierda, mas tenga vida eterna.\u201d (Juan 3:16)<\/p>\n<p>Llamado Final<br \/>\nLa Navidad es m\u00e1s que una fecha en el calendario. Es una invitaci\u00f3n a abrazar el perd\u00f3n, a arrepentirnos, a recibir la paz de Dios, a llenarnos de gozo y a aceptar el regalo de la salvaci\u00f3n. En este tiempo, volvemos nuestros corazones a Jes\u00fas, el Salvador del mundo, y vivamos en la plenitud de Su amor y gracia.<\/p>\n<p>Oraci\u00f3n: \u201cSe\u00f1or, gracias por el regalo de Tu Hijo Jes\u00fas. Ay\u00fadanos a vivir una Navidad que refleje el perd\u00f3n, el arrepentimiento, la paz, el gozo y la salvaci\u00f3n que solo T\u00fa puedes darnos. En el nombre de Jes\u00fas, Recibe toda Honra y Gloria.!<\/p>\n","protected":false},"excerpt":{"rendered":"<p>La Navidad no es s\u00f3lo una celebraci\u00f3n anual;\u00a0es una oportunidad para reflexionar sobre el significado profundo del nacimiento de Jesucristo. Este evento trascendental en la historia de la humanidad nos llama a transitar un camino espiritual que comienza en el pesebre y nos lleva al coraz\u00f3n de Dios. El Perd\u00f3n. Un Regalo Divino En Navidad, &hellip;<\/p>\n","protected":false},"author":1,"featured_media":36505,"comment_status":"open","ping_status":"open","sticky":false,"template":"","format":"standard","meta":{"footnotes":""},"categories":[34],"tags":[],"class_list":["post-36504","post","type-post","status-publish","format-standard","has-post-thumbnail","hentry","category-articulos"],"yoast_head":"<!-- This site is optimized with the Yoast SEO Premium plugin v24.2 (Yoast SEO v27.1.1) - https:\/\/yoast.com\/product\/yoast-seo-premium-wordpress\/ -->\n<title>La Salvaci\u00f3n. El Prop\u00f3sito Supremo de la Navidad - Tabernaculo Prensa de Dios<\/title>\n<meta name=\"robots\" content=\"index, follow, max-snippet:-1, max-image-preview:large, max-video-preview:-1\" \/>\n<link rel=\"canonical\" href=\"https:\/\/tabernaculoprensadedios.com\/web\/la-salvacion-el-proposito-supremo-de-la-navidad\/\" class=\"yoast-seo-meta-tag\" \/>\n<meta property=\"og:locale\" content=\"es_ES\" class=\"yoast-seo-meta-tag\" \/>\n<meta property=\"og:type\" content=\"article\" class=\"yoast-seo-meta-tag\" \/>\n<meta property=\"og:title\" content=\"La Salvaci\u00f3n. El Prop\u00f3sito Supremo de la Navidad\" class=\"yoast-seo-meta-tag\" \/>\n<meta property=\"og:description\" content=\"La Navidad no es s\u00f3lo una celebraci\u00f3n anual;\u00a0es una oportunidad para reflexionar sobre el significado profundo del nacimiento de Jesucristo. Este evento trascendental en la historia de la humanidad nos llama a transitar un camino espiritual que comienza en el pesebre y nos lleva al coraz\u00f3n de Dios. El Perd\u00f3n. Un Regalo Divino En Navidad, &hellip;\" class=\"yoast-seo-meta-tag\" \/>\n<meta property=\"og:url\" content=\"https:\/\/tabernaculoprensadedios.com\/web\/la-salvacion-el-proposito-supremo-de-la-navidad\/\" class=\"yoast-seo-meta-tag\" \/>\n<meta property=\"og:site_name\" content=\"Tabernaculo Prensa de Dios\" class=\"yoast-seo-meta-tag\" \/>\n<meta property=\"article:published_time\" content=\"2025-12-01T22:51:53+00:00\" class=\"yoast-seo-meta-tag\" \/>\n<meta property=\"og:image\" content=\"https:\/\/tabernaculoprensadedios.com\/web\/wp-content\/uploads\/2025\/12\/5300430.avif\" class=\"yoast-seo-meta-tag\" \/>\n\t<meta property=\"og:image:width\" content=\"1280\" class=\"yoast-seo-meta-tag\" \/>\n\t<meta property=\"og:image:height\" content=\"853\" class=\"yoast-seo-meta-tag\" \/>\n\t<meta property=\"og:image:type\" content=\"image\/jpeg\" class=\"yoast-seo-meta-tag\" \/>\n<meta name=\"author\" content=\"tabernaculo\" class=\"yoast-seo-meta-tag\" \/>\n<meta name=\"twitter:card\" content=\"summary_large_image\" class=\"yoast-seo-meta-tag\" \/>\n<meta name=\"twitter:creator\" content=\"@PrensadeDios\" class=\"yoast-seo-meta-tag\" \/>\n<meta name=\"twitter:site\" content=\"@PrensadeDios\" class=\"yoast-seo-meta-tag\" \/>\n<meta name=\"twitter:label1\" content=\"Escrito por\" class=\"yoast-seo-meta-tag\" \/>\n\t<meta name=\"twitter:data1\" content=\"tabernaculo\" class=\"yoast-seo-meta-tag\" \/>\n\t<meta name=\"twitter:label2\" content=\"Tiempo de lectura\" class=\"yoast-seo-meta-tag\" \/>\n\t<meta name=\"twitter:data2\" content=\"3 minutos\" class=\"yoast-seo-meta-tag\" \/>\n<script type=\"application\/ld+json\" class=\"yoast-schema-graph\">{\"@context\":\"https:\/\/schema.org\",\"@graph\":[{\"@type\":\"Article\",\"@id\":\"https:\/\/tabernaculoprensadedios.com\/web\/la-salvacion-el-proposito-supremo-de-la-navidad\/#article\",\"isPartOf\":{\"@id\":\"https:\/\/tabernaculoprensadedios.com\/web\/la-salvacion-el-proposito-supremo-de-la-navidad\/\"},\"author\":{\"name\":\"tabernaculo\",\"@id\":\"https:\/\/tabernaculoprensadedios.com\/web\/#\/schema\/person\/bc0e069fef56b38e177db6f098ae0b6e\"},\"headline\":\"La Salvaci\u00f3n. El Prop\u00f3sito Supremo de la Navidad\",\"datePublished\":\"2025-12-01T22:51:53+00:00\",\"mainEntityOfPage\":{\"@id\":\"https:\/\/tabernaculoprensadedios.com\/web\/la-salvacion-el-proposito-supremo-de-la-navidad\/\"},\"wordCount\":580,\"commentCount\":0,\"publisher\":{\"@id\":\"https:\/\/tabernaculoprensadedios.com\/web\/#\/schema\/person\/bc0e069fef56b38e177db6f098ae0b6e\"},\"image\":{\"@id\":\"https:\/\/tabernaculoprensadedios.com\/web\/la-salvacion-el-proposito-supremo-de-la-navidad\/#primaryimage\"},\"thumbnailUrl\":\"https:\/\/tabernaculoprensadedios.com\/web\/wp-content\/uploads\/2025\/12\/5300430.avif\",\"articleSection\":[\"Articulos\"],\"inLanguage\":\"es\",\"potentialAction\":[{\"@type\":\"CommentAction\",\"name\":\"Comment\",\"target\":[\"https:\/\/tabernaculoprensadedios.com\/web\/la-salvacion-el-proposito-supremo-de-la-navidad\/#respond\"]}]},{\"@type\":\"WebPage\",\"@id\":\"https:\/\/tabernaculoprensadedios.com\/web\/la-salvacion-el-proposito-supremo-de-la-navidad\/\",\"url\":\"https:\/\/tabernaculoprensadedios.com\/web\/la-salvacion-el-proposito-supremo-de-la-navidad\/\",\"name\":\"La Salvaci\u00f3n. El Prop\u00f3sito Supremo de la Navidad - Tabernaculo Prensa de Dios\",\"isPartOf\":{\"@id\":\"https:\/\/tabernaculoprensadedios.com\/web\/#website\"},\"primaryImageOfPage\":{\"@id\":\"https:\/\/tabernaculoprensadedios.com\/web\/la-salvacion-el-proposito-supremo-de-la-navidad\/#primaryimage\"},\"image\":{\"@id\":\"https:\/\/tabernaculoprensadedios.com\/web\/la-salvacion-el-proposito-supremo-de-la-navidad\/#primaryimage\"},\"thumbnailUrl\":\"https:\/\/tabernaculoprensadedios.com\/web\/wp-content\/uploads\/2025\/12\/5300430.avif\",\"datePublished\":\"2025-12-01T22:51:53+00:00\",\"breadcrumb\":{\"@id\":\"https:\/\/tabernaculoprensadedios.com\/web\/la-salvacion-el-proposito-supremo-de-la-navidad\/#breadcrumb\"},\"inLanguage\":\"es\",\"potentialAction\":[{\"@type\":\"ReadAction\",\"target\":[\"https:\/\/tabernaculoprensadedios.com\/web\/la-salvacion-el-proposito-supremo-de-la-navidad\/\"]}]},{\"@type\":\"ImageObject\",\"inLanguage\":\"es\",\"@id\":\"https:\/\/tabernaculoprensadedios.com\/web\/la-salvacion-el-proposito-supremo-de-la-navidad\/#primaryimage\",\"url\":\"https:\/\/tabernaculoprensadedios.com\/web\/wp-content\/uploads\/2025\/12\/5300430.avif\",\"contentUrl\":\"https:\/\/tabernaculoprensadedios.com\/web\/wp-content\/uploads\/2025\/12\/5300430.avif\",\"width\":1280,\"height\":853,\"caption\":\"cologne, christmas market, christmas, lights, brownie, advent season, lighting, lighting mood, advent, church, the atmosphere, eve, christmas party, advent market, evening sky, decoration, christmas decorations, dom, bright, dusk, historic center, romantic, cologne, cologne, christmas market, christmas market, christmas, christmas, christmas, christmas, christmas, advent, christmas party, christmas party, christmas party, christmas party\"},{\"@type\":\"BreadcrumbList\",\"@id\":\"https:\/\/tabernaculoprensadedios.com\/web\/la-salvacion-el-proposito-supremo-de-la-navidad\/#breadcrumb\",\"itemListElement\":[{\"@type\":\"ListItem\",\"position\":1,\"name\":\"Portada\",\"item\":\"https:\/\/tabernaculoprensadedios.com\/web\/\"},{\"@type\":\"ListItem\",\"position\":2,\"name\":\"La Salvaci\u00f3n. El Prop\u00f3sito Supremo de la Navidad\"}]},{\"@type\":\"WebSite\",\"@id\":\"https:\/\/tabernaculoprensadedios.com\/web\/#website\",\"url\":\"https:\/\/tabernaculoprensadedios.com\/web\/\",\"name\":\"Tabernaculo Prensa de Dios\",\"description\":\"Un medio a la manera de Dios\",\"publisher\":{\"@id\":\"https:\/\/tabernaculoprensadedios.com\/web\/#\/schema\/person\/bc0e069fef56b38e177db6f098ae0b6e\"},\"potentialAction\":[{\"@type\":\"SearchAction\",\"target\":{\"@type\":\"EntryPoint\",\"urlTemplate\":\"https:\/\/tabernaculoprensadedios.com\/web\/?s={search_term_string}\"},\"query-input\":{\"@type\":\"PropertyValueSpecification\",\"valueRequired\":true,\"valueName\":\"search_term_string\"}}],\"inLanguage\":\"es\"},{\"@type\":[\"Person\",\"Organization\"],\"@id\":\"https:\/\/tabernaculoprensadedios.com\/web\/#\/schema\/person\/bc0e069fef56b38e177db6f098ae0b6e\",\"name\":\"tabernaculo\",\"image\":{\"@type\":\"ImageObject\",\"inLanguage\":\"es\",\"@id\":\"https:\/\/tabernaculoprensadedios.com\/web\/#\/schema\/person\/image\/\",\"url\":\"https:\/\/tabernaculoprensadedios.com\/web\/wp-content\/uploads\/2015\/06\/login-logo1.png\",\"contentUrl\":\"https:\/\/tabernaculoprensadedios.com\/web\/wp-content\/uploads\/2015\/06\/login-logo1.png\",\"width\":300,\"height\":118,\"caption\":\"tabernaculo\"},\"logo\":{\"@id\":\"https:\/\/tabernaculoprensadedios.com\/web\/#\/schema\/person\/image\/\"},\"url\":\"https:\/\/tabernaculoprensadedios.com\/web\/author\/tabernaculo\/\"}]}<\/script>\n<!-- \/ Yoast SEO Premium plugin. -->","yoast_head_json":{"title":"La Salvaci\u00f3n. El Prop\u00f3sito Supremo de la Navidad - Tabernaculo Prensa de Dios","robots":{"index":"index","follow":"follow","max-snippet":"max-snippet:-1","max-image-preview":"max-image-preview:large","max-video-preview":"max-video-preview:-1"},"canonical":"https:\/\/tabernaculoprensadedios.com\/web\/la-salvacion-el-proposito-supremo-de-la-navidad\/","og_locale":"es_ES","og_type":"article","og_title":"La Salvaci\u00f3n. El Prop\u00f3sito Supremo de la Navidad","og_description":"La Navidad no es s\u00f3lo una celebraci\u00f3n anual;\u00a0es una oportunidad para reflexionar sobre el significado profundo del nacimiento de Jesucristo. Este evento trascendental en la historia de la humanidad nos llama a transitar un camino espiritual que comienza en el pesebre y nos lleva al coraz\u00f3n de Dios. El Perd\u00f3n. Un Regalo Divino En Navidad, &hellip;","og_url":"https:\/\/tabernaculoprensadedios.com\/web\/la-salvacion-el-proposito-supremo-de-la-navidad\/","og_site_name":"Tabernaculo Prensa de Dios","article_published_time":"2025-12-01T22:51:53+00:00","og_image":[{"width":1280,"height":853,"url":"https:\/\/tabernaculoprensadedios.com\/web\/wp-content\/uploads\/2025\/12\/5300430.avif","type":"image\/jpeg"}],"author":"tabernaculo","twitter_card":"summary_large_image","twitter_creator":"@PrensadeDios","twitter_site":"@PrensadeDios","twitter_misc":{"Escrito por":"tabernaculo","Tiempo de lectura":"3 minutos"},"schema":{"@context":"https:\/\/schema.org","@graph":[{"@type":"Article","@id":"https:\/\/tabernaculoprensadedios.com\/web\/la-salvacion-el-proposito-supremo-de-la-navidad\/#article","isPartOf":{"@id":"https:\/\/tabernaculoprensadedios.com\/web\/la-salvacion-el-proposito-supremo-de-la-navidad\/"},"author":{"name":"tabernaculo","@id":"https:\/\/tabernaculoprensadedios.com\/web\/#\/schema\/person\/bc0e069fef56b38e177db6f098ae0b6e"},"headline":"La Salvaci\u00f3n. El Prop\u00f3sito Supremo de la Navidad","datePublished":"2025-12-01T22:51:53+00:00","mainEntityOfPage":{"@id":"https:\/\/tabernaculoprensadedios.com\/web\/la-salvacion-el-proposito-supremo-de-la-navidad\/"},"wordCount":580,"commentCount":0,"publisher":{"@id":"https:\/\/tabernaculoprensadedios.com\/web\/#\/schema\/person\/bc0e069fef56b38e177db6f098ae0b6e"},"image":{"@id":"https:\/\/tabernaculoprensadedios.com\/web\/la-salvacion-el-proposito-supremo-de-la-navidad\/#primaryimage"},"thumbnailUrl":"https:\/\/tabernaculoprensadedios.com\/web\/wp-content\/uploads\/2025\/12\/5300430.avif","articleSection":["Articulos"],"inLanguage":"es","potentialAction":[{"@type":"CommentAction","name":"Comment","target":["https:\/\/tabernaculoprensadedios.com\/web\/la-salvacion-el-proposito-supremo-de-la-navidad\/#respond"]}]},{"@type":"WebPage","@id":"https:\/\/tabernaculoprensadedios.com\/web\/la-salvacion-el-proposito-supremo-de-la-navidad\/","url":"https:\/\/tabernaculoprensadedios.com\/web\/la-salvacion-el-proposito-supremo-de-la-navidad\/","name":"La Salvaci\u00f3n. El Prop\u00f3sito Supremo de la Navidad - Tabernaculo Prensa de Dios","isPartOf":{"@id":"https:\/\/tabernaculoprensadedios.com\/web\/#website"},"primaryImageOfPage":{"@id":"https:\/\/tabernaculoprensadedios.com\/web\/la-salvacion-el-proposito-supremo-de-la-navidad\/#primaryimage"},"image":{"@id":"https:\/\/tabernaculoprensadedios.com\/web\/la-salvacion-el-proposito-supremo-de-la-navidad\/#primaryimage"},"thumbnailUrl":"https:\/\/tabernaculoprensadedios.com\/web\/wp-content\/uploads\/2025\/12\/5300430.avif","datePublished":"2025-12-01T22:51:53+00:00","breadcrumb":{"@id":"https:\/\/tabernaculoprensadedios.com\/web\/la-salvacion-el-proposito-supremo-de-la-navidad\/#breadcrumb"},"inLanguage":"es","potentialAction":[{"@type":"ReadAction","target":["https:\/\/tabernaculoprensadedios.com\/web\/la-salvacion-el-proposito-supremo-de-la-navidad\/"]}]},{"@type":"ImageObject","inLanguage":"es","@id":"https:\/\/tabernaculoprensadedios.com\/web\/la-salvacion-el-proposito-supremo-de-la-navidad\/#primaryimage","url":"https:\/\/tabernaculoprensadedios.com\/web\/wp-content\/uploads\/2025\/12\/5300430.avif","contentUrl":"https:\/\/tabernaculoprensadedios.com\/web\/wp-content\/uploads\/2025\/12\/5300430.avif","width":1280,"height":853,"caption":"cologne, christmas market, christmas, lights, brownie, advent season, lighting, lighting mood, advent, church, the atmosphere, eve, christmas party, advent market, evening sky, decoration, christmas decorations, dom, bright, dusk, historic center, romantic, cologne, cologne, christmas market, christmas market, christmas, christmas, christmas, christmas, christmas, advent, christmas party, christmas party, christmas party, christmas party"},{"@type":"BreadcrumbList","@id":"https:\/\/tabernaculoprensadedios.com\/web\/la-salvacion-el-proposito-supremo-de-la-navidad\/#breadcrumb","itemListElement":[{"@type":"ListItem","position":1,"name":"Portada","item":"https:\/\/tabernaculoprensadedios.com\/web\/"},{"@type":"ListItem","position":2,"name":"La Salvaci\u00f3n. El Prop\u00f3sito Supremo de la Navidad"}]},{"@type":"WebSite","@id":"https:\/\/tabernaculoprensadedios.com\/web\/#website","url":"https:\/\/tabernaculoprensadedios.com\/web\/","name":"Tabernaculo Prensa de Dios","description":"Un medio a la manera de Dios","publisher":{"@id":"https:\/\/tabernaculoprensadedios.com\/web\/#\/schema\/person\/bc0e069fef56b38e177db6f098ae0b6e"},"potentialAction":[{"@type":"SearchAction","target":{"@type":"EntryPoint","urlTemplate":"https:\/\/tabernaculoprensadedios.com\/web\/?s={search_term_string}"},"query-input":{"@type":"PropertyValueSpecification","valueRequired":true,"valueName":"search_term_string"}}],"inLanguage":"es"},{"@type":["Person","Organization"],"@id":"https:\/\/tabernaculoprensadedios.com\/web\/#\/schema\/person\/bc0e069fef56b38e177db6f098ae0b6e","name":"tabernaculo","image":{"@type":"ImageObject","inLanguage":"es","@id":"https:\/\/tabernaculoprensadedios.com\/web\/#\/schema\/person\/image\/","url":"https:\/\/tabernaculoprensadedios.com\/web\/wp-content\/uploads\/2015\/06\/login-logo1.png","contentUrl":"https:\/\/tabernaculoprensadedios.com\/web\/wp-content\/uploads\/2015\/06\/login-logo1.png","width":300,"height":118,"caption":"tabernaculo"},"logo":{"@id":"https:\/\/tabernaculoprensadedios.com\/web\/#\/schema\/person\/image\/"},"url":"https:\/\/tabernaculoprensadedios.com\/web\/author\/tabernaculo\/"}]}},"_links":{"self":[{"href":"https:\/\/tabernaculoprensadedios.com\/web\/wp-json\/wp\/v2\/posts\/36504","targetHints":{"allow":["GET"]}}],"collection":[{"href":"https:\/\/tabernaculoprensadedios.com\/web\/wp-json\/wp\/v2\/posts"}],"about":[{"href":"https:\/\/tabernaculoprensadedios.com\/web\/wp-json\/wp\/v2\/types\/post"}],"author":[{"embeddable":true,"href":"https:\/\/tabernaculoprensadedios.com\/web\/wp-json\/wp\/v2\/users\/1"}],"replies":[{"embeddable":true,"href":"https:\/\/tabernaculoprensadedios.com\/web\/wp-json\/wp\/v2\/comments?post=36504"}],"version-history":[{"count":1,"href":"https:\/\/tabernaculoprensadedios.com\/web\/wp-json\/wp\/v2\/posts\/36504\/revisions"}],"predecessor-version":[{"id":36506,"href":"https:\/\/tabernaculoprensadedios.com\/web\/wp-json\/wp\/v2\/posts\/36504\/revisions\/36506"}],"wp:featuredmedia":[{"embeddable":true,"href":"https:\/\/tabernaculoprensadedios.com\/web\/wp-json\/wp\/v2\/media\/36505"}],"wp:attachment":[{"href":"https:\/\/tabernaculoprensadedios.com\/web\/wp-json\/wp\/v2\/media?parent=36504"}],"wp:term":[{"taxonomy":"category","embeddable":true,"href":"https:\/\/tabernaculoprensadedios.com\/web\/wp-json\/wp\/v2\/categories?post=36504"},{"taxonomy":"post_tag","embeddable":true,"href":"https:\/\/tabernaculoprensadedios.com\/web\/wp-json\/wp\/v2\/tags?post=36504"}],"curies":[{"name":"wp","href":"https:\/\/api.w.org\/{rel}","templated":true}]}}