{"id":36500,"date":"2025-12-01T22:47:19","date_gmt":"2025-12-01T22:47:19","guid":{"rendered":"https:\/\/tabernaculoprensadedios.com\/web\/?p=36500"},"modified":"2025-12-01T22:47:19","modified_gmt":"2025-12-01T22:47:19","slug":"iglesia-fundamento-biblico-concluye-ciclo-de-capacitacion-pastoral","status":"publish","type":"post","link":"https:\/\/tabernaculoprensadedios.com\/web\/iglesia-fundamento-biblico-concluye-ciclo-de-capacitacion-pastoral\/","title":{"rendered":"Iglesia Fundamento B\u00edblico concluye ciclo de capacitaci\u00f3n pastoral"},"content":{"rendered":"<p style=\"font-weight: 400;\">La Iglesia Fundamento B\u00edblico (IFB), en colaboraci\u00f3n con la Fundaci\u00f3n AYO, llev\u00f3 a cabo la conferencia\u2013taller titulada\u00a0<strong>\u201cImplicaciones de la Infiltraci\u00f3n del Islam en la Rep\u00fablica Dominicana\u201d<\/strong>, como parte del cierre del ciclo anual de capacitaciones dirigidas al liderazgo pastoral de la zona oriental de la capital.<\/p>\n<p style=\"font-weight: 400;\">Al dirigirse a los pastores, el pastor \u00c1ngel Castillo, coordinador de los encuentros pastorales que se realizan mensualmente, expres\u00f3 su gratitud a Dios y al liderazgo asistente por su constancia durante todo el 2025.<\/p>\n<p style=\"font-weight: 400;\">La ponencia principal estuvo a cargo del abogado\u00a0<strong>Alberto Reyes<\/strong>\u00a0y del economista y empresario\u00a0<strong>Tony Flaquer<\/strong>, presidente del Grupo Acci\u00f3n Cristiana. Ambos expositores ofrecieron un diagn\u00f3stico profundo sobre la crisis de seguridad en Hait\u00ed y los riesgos que esta situaci\u00f3n plantea para la estabilidad social y espiritual del \u00a0pa\u00eds destacando las condiciones que favorecen el crecimiento de movimientos extremistas isl\u00e1micos en sectores vulnerables de la poblaci\u00f3n haitiana.<\/p>\n<p style=\"font-weight: 400;\">Durante la conferencia, se se\u00f1al\u00f3 que Hait\u00ed atraviesa un colapso institucional sin precedentes, con entre el 80 % y el 90 % de su territorio controlado por bandas armadas, seg\u00fan estimaciones de las Naciones Unidas. La ausencia de un gobierno funcional y la creciente crisis humanitaria han generado un ambiente propicio para la expansi\u00f3n de grupos extremistas que se presentan como proveedores de\u00a0<em>\u201corden, comida y protecci\u00f3n\u201d<\/em>\u00a0en comunidades abandonadas por el Estado.<\/p>\n<p style=\"font-weight: 400;\"><strong>Alberto Reyes<\/strong><strong>\u00a0y Tony Flaquer<\/strong>, advirtieron adem\u00e1s que estos grupos han desplazado comunidades cristianas, creado estructuras de apoyo social paralelo y reclutando j\u00f3venes para defensa comunitaria. Asimismo, alertaron sobre la acelerada proliferaci\u00f3n de mezquitas financiadas desde el exterior, en particular por entidades vinculadas a pa\u00edses petroleros, lo cual aumenta la preocupaci\u00f3n sobre la influencia de agendas religiosas y pol\u00edticas externas en la regi\u00f3n.<\/p>\n<p style=\"font-weight: 400;\"><strong>Llamado a vigilancia y acci\u00f3n estrat\u00e9gica<br \/>\n<\/strong>La Iglesia Fundamento B\u00edblico(IFB) exhort\u00f3 a las autoridades nacionales, organizaciones religiosas y sociedad civil a monitorear con rigor las fuentes de financiamiento de nuevos centros religiosos en el pa\u00eds y a unir esfuerzos para cerrar las brechas sociales que favorecen la penetraci\u00f3n de ideolog\u00edas extremistas.<\/p>\n<p style=\"font-weight: 400;\">\u201cNo se trata de atacar religiones, sino de identificar qui\u00e9n financia, con qu\u00e9 prop\u00f3sito y bajo qu\u00e9 agendas. La Rep\u00fablica Dominicana debe proteger su estabilidad y fortalecer sus comunidades antes de que sea demasiado tarde\u201d, expresaron los expositores al concluir la jornada.<\/p>\n<p style=\"font-weight: 400;\">La IFB reafirm\u00f3 su compromiso con la educaci\u00f3n b\u00edblica, el pensamiento cr\u00edtico, la defensa de la fe cristiana y la promoci\u00f3n de la paz social en la naci\u00f3n.<\/p>\n<p><img loading=\"lazy\" decoding=\"async\" class=\"alignnone size-full wp-image-36501\" src=\"https:\/\/tabernaculoprensadedios.com\/web\/wp-content\/uploads\/2025\/12\/panelistas-participantes.avif\" alt=\"\" width=\"1600\" height=\"1073\" \/><\/p>\n<p style=\"font-weight: 400;\"><strong>Confraternidad navide\u00f1a<br \/>\n<\/strong>Como parte del esp\u00edritu de unidad propio de la temporada, la Iglesia Fundamento B\u00edblico ofreci\u00f3 a los asistentes un\u00a0<strong>almuerzo especial navide\u00f1o<\/strong>, acompa\u00f1ado de diversos obsequios, fortaleciendo la hermandad pastoral y el sentido de comunidad entre los l\u00edderes presentes.<\/p>\n<p style=\"font-weight: 400;\">El evento reuni\u00f3 a m\u00e1s de\u00a0<strong>150 pastores de Santo Domingo Este<\/strong>,\u00a0<strong>San Pedro de Macor\u00eds y la Romana<\/strong>, quienes recibieron un an\u00e1lisis exhaustivo sobre el avance del islam a nivel internacional, sus implicaciones geopol\u00edticas, comparaciones con experiencias en otras naciones y consideraciones constitucionales aplicables al contexto dominicano.<\/p>\n","protected":false},"excerpt":{"rendered":"<p>La Iglesia Fundamento B\u00edblico (IFB), en colaboraci\u00f3n con la Fundaci\u00f3n AYO, llev\u00f3 a cabo la conferencia\u2013taller titulada\u00a0\u201cImplicaciones de la Infiltraci\u00f3n del Islam en la Rep\u00fablica Dominicana\u201d, como parte del cierre del ciclo anual de capacitaciones dirigidas al liderazgo pastoral de la zona oriental de la capital. Al dirigirse a los pastores, el pastor \u00c1ngel Castillo, &hellip;<\/p>\n","protected":false},"author":1,"featured_media":36502,"comment_status":"open","ping_status":"open","sticky":false,"template":"","format":"standard","meta":{"footnotes":""},"categories":[39],"tags":[],"class_list":["post-36500","post","type-post","status-publish","format-standard","has-post-thumbnail","hentry","category-almomento"],"yoast_head":"<!-- This site is optimized with the Yoast SEO Premium plugin v24.2 (Yoast SEO v27.1.1) - https:\/\/yoast.com\/product\/yoast-seo-premium-wordpress\/ -->\n<title>Iglesia Fundamento B\u00edblico concluye ciclo de capacitaci\u00f3n pastoral - Tabernaculo Prensa de Dios<\/title>\n<meta name=\"robots\" content=\"index, follow, max-snippet:-1, max-image-preview:large, max-video-preview:-1\" \/>\n<link rel=\"canonical\" href=\"https:\/\/tabernaculoprensadedios.com\/web\/iglesia-fundamento-biblico-concluye-ciclo-de-capacitacion-pastoral\/\" class=\"yoast-seo-meta-tag\" \/>\n<meta property=\"og:locale\" content=\"es_ES\" class=\"yoast-seo-meta-tag\" \/>\n<meta property=\"og:type\" content=\"article\" class=\"yoast-seo-meta-tag\" \/>\n<meta property=\"og:title\" content=\"Iglesia Fundamento B\u00edblico concluye ciclo de capacitaci\u00f3n pastoral\" class=\"yoast-seo-meta-tag\" \/>\n<meta property=\"og:description\" content=\"La Iglesia Fundamento B\u00edblico (IFB), en colaboraci\u00f3n con la Fundaci\u00f3n AYO, llev\u00f3 a cabo la conferencia\u2013taller titulada\u00a0\u201cImplicaciones de la Infiltraci\u00f3n del Islam en la Rep\u00fablica Dominicana\u201d, como parte del cierre del ciclo anual de capacitaciones dirigidas al liderazgo pastoral de la zona oriental de la capital. Al dirigirse a los pastores, el pastor \u00c1ngel Castillo, &hellip;\" class=\"yoast-seo-meta-tag\" \/>\n<meta property=\"og:url\" content=\"https:\/\/tabernaculoprensadedios.com\/web\/iglesia-fundamento-biblico-concluye-ciclo-de-capacitacion-pastoral\/\" class=\"yoast-seo-meta-tag\" \/>\n<meta property=\"og:site_name\" content=\"Tabernaculo Prensa de Dios\" class=\"yoast-seo-meta-tag\" \/>\n<meta property=\"article:published_time\" content=\"2025-12-01T22:47:19+00:00\" class=\"yoast-seo-meta-tag\" \/>\n<meta property=\"og:image\" content=\"https:\/\/tabernaculoprensadedios.com\/web\/wp-content\/uploads\/2025\/12\/pastores-participantes.avif\" class=\"yoast-seo-meta-tag\" \/>\n\t<meta property=\"og:image:width\" content=\"1600\" class=\"yoast-seo-meta-tag\" \/>\n\t<meta property=\"og:image:height\" content=\"900\" class=\"yoast-seo-meta-tag\" \/>\n\t<meta property=\"og:image:type\" content=\"image\/jpeg\" class=\"yoast-seo-meta-tag\" \/>\n<meta name=\"author\" content=\"tabernaculo\" class=\"yoast-seo-meta-tag\" \/>\n<meta name=\"twitter:card\" content=\"summary_large_image\" class=\"yoast-seo-meta-tag\" \/>\n<meta name=\"twitter:creator\" content=\"@PrensadeDios\" class=\"yoast-seo-meta-tag\" \/>\n<meta name=\"twitter:site\" content=\"@PrensadeDios\" class=\"yoast-seo-meta-tag\" \/>\n<meta name=\"twitter:label1\" content=\"Escrito por\" class=\"yoast-seo-meta-tag\" \/>\n\t<meta name=\"twitter:data1\" content=\"tabernaculo\" class=\"yoast-seo-meta-tag\" \/>\n\t<meta name=\"twitter:label2\" content=\"Tiempo de lectura\" class=\"yoast-seo-meta-tag\" \/>\n\t<meta name=\"twitter:data2\" content=\"3 minutos\" class=\"yoast-seo-meta-tag\" \/>\n<script type=\"application\/ld+json\" class=\"yoast-schema-graph\">{\"@context\":\"https:\/\/schema.org\",\"@graph\":[{\"@type\":\"Article\",\"@id\":\"https:\/\/tabernaculoprensadedios.com\/web\/iglesia-fundamento-biblico-concluye-ciclo-de-capacitacion-pastoral\/#article\",\"isPartOf\":{\"@id\":\"https:\/\/tabernaculoprensadedios.com\/web\/iglesia-fundamento-biblico-concluye-ciclo-de-capacitacion-pastoral\/\"},\"author\":{\"name\":\"tabernaculo\",\"@id\":\"https:\/\/tabernaculoprensadedios.com\/web\/#\/schema\/person\/bc0e069fef56b38e177db6f098ae0b6e\"},\"headline\":\"Iglesia Fundamento B\u00edblico concluye ciclo de capacitaci\u00f3n pastoral\",\"datePublished\":\"2025-12-01T22:47:19+00:00\",\"mainEntityOfPage\":{\"@id\":\"https:\/\/tabernaculoprensadedios.com\/web\/iglesia-fundamento-biblico-concluye-ciclo-de-capacitacion-pastoral\/\"},\"wordCount\":547,\"commentCount\":0,\"publisher\":{\"@id\":\"https:\/\/tabernaculoprensadedios.com\/web\/#\/schema\/person\/bc0e069fef56b38e177db6f098ae0b6e\"},\"image\":{\"@id\":\"https:\/\/tabernaculoprensadedios.com\/web\/iglesia-fundamento-biblico-concluye-ciclo-de-capacitacion-pastoral\/#primaryimage\"},\"thumbnailUrl\":\"https:\/\/tabernaculoprensadedios.com\/web\/wp-content\/uploads\/2025\/12\/pastores-participantes.avif\",\"articleSection\":[\"almomento\"],\"inLanguage\":\"es\",\"potentialAction\":[{\"@type\":\"CommentAction\",\"name\":\"Comment\",\"target\":[\"https:\/\/tabernaculoprensadedios.com\/web\/iglesia-fundamento-biblico-concluye-ciclo-de-capacitacion-pastoral\/#respond\"]}]},{\"@type\":\"WebPage\",\"@id\":\"https:\/\/tabernaculoprensadedios.com\/web\/iglesia-fundamento-biblico-concluye-ciclo-de-capacitacion-pastoral\/\",\"url\":\"https:\/\/tabernaculoprensadedios.com\/web\/iglesia-fundamento-biblico-concluye-ciclo-de-capacitacion-pastoral\/\",\"name\":\"Iglesia Fundamento B\u00edblico concluye ciclo de capacitaci\u00f3n pastoral - Tabernaculo Prensa de Dios\",\"isPartOf\":{\"@id\":\"https:\/\/tabernaculoprensadedios.com\/web\/#website\"},\"primaryImageOfPage\":{\"@id\":\"https:\/\/tabernaculoprensadedios.com\/web\/iglesia-fundamento-biblico-concluye-ciclo-de-capacitacion-pastoral\/#primaryimage\"},\"image\":{\"@id\":\"https:\/\/tabernaculoprensadedios.com\/web\/iglesia-fundamento-biblico-concluye-ciclo-de-capacitacion-pastoral\/#primaryimage\"},\"thumbnailUrl\":\"https:\/\/tabernaculoprensadedios.com\/web\/wp-content\/uploads\/2025\/12\/pastores-participantes.avif\",\"datePublished\":\"2025-12-01T22:47:19+00:00\",\"breadcrumb\":{\"@id\":\"https:\/\/tabernaculoprensadedios.com\/web\/iglesia-fundamento-biblico-concluye-ciclo-de-capacitacion-pastoral\/#breadcrumb\"},\"inLanguage\":\"es\",\"potentialAction\":[{\"@type\":\"ReadAction\",\"target\":[\"https:\/\/tabernaculoprensadedios.com\/web\/iglesia-fundamento-biblico-concluye-ciclo-de-capacitacion-pastoral\/\"]}]},{\"@type\":\"ImageObject\",\"inLanguage\":\"es\",\"@id\":\"https:\/\/tabernaculoprensadedios.com\/web\/iglesia-fundamento-biblico-concluye-ciclo-de-capacitacion-pastoral\/#primaryimage\",\"url\":\"https:\/\/tabernaculoprensadedios.com\/web\/wp-content\/uploads\/2025\/12\/pastores-participantes.avif\",\"contentUrl\":\"https:\/\/tabernaculoprensadedios.com\/web\/wp-content\/uploads\/2025\/12\/pastores-participantes.avif\",\"width\":1600,\"height\":900},{\"@type\":\"BreadcrumbList\",\"@id\":\"https:\/\/tabernaculoprensadedios.com\/web\/iglesia-fundamento-biblico-concluye-ciclo-de-capacitacion-pastoral\/#breadcrumb\",\"itemListElement\":[{\"@type\":\"ListItem\",\"position\":1,\"name\":\"Portada\",\"item\":\"https:\/\/tabernaculoprensadedios.com\/web\/\"},{\"@type\":\"ListItem\",\"position\":2,\"name\":\"Iglesia Fundamento B\u00edblico concluye ciclo de capacitaci\u00f3n pastoral\"}]},{\"@type\":\"WebSite\",\"@id\":\"https:\/\/tabernaculoprensadedios.com\/web\/#website\",\"url\":\"https:\/\/tabernaculoprensadedios.com\/web\/\",\"name\":\"Tabernaculo Prensa de Dios\",\"description\":\"Un medio a la manera de Dios\",\"publisher\":{\"@id\":\"https:\/\/tabernaculoprensadedios.com\/web\/#\/schema\/person\/bc0e069fef56b38e177db6f098ae0b6e\"},\"potentialAction\":[{\"@type\":\"SearchAction\",\"target\":{\"@type\":\"EntryPoint\",\"urlTemplate\":\"https:\/\/tabernaculoprensadedios.com\/web\/?s={search_term_string}\"},\"query-input\":{\"@type\":\"PropertyValueSpecification\",\"valueRequired\":true,\"valueName\":\"search_term_string\"}}],\"inLanguage\":\"es\"},{\"@type\":[\"Person\",\"Organization\"],\"@id\":\"https:\/\/tabernaculoprensadedios.com\/web\/#\/schema\/person\/bc0e069fef56b38e177db6f098ae0b6e\",\"name\":\"tabernaculo\",\"image\":{\"@type\":\"ImageObject\",\"inLanguage\":\"es\",\"@id\":\"https:\/\/tabernaculoprensadedios.com\/web\/#\/schema\/person\/image\/\",\"url\":\"https:\/\/tabernaculoprensadedios.com\/web\/wp-content\/uploads\/2015\/06\/login-logo1.png\",\"contentUrl\":\"https:\/\/tabernaculoprensadedios.com\/web\/wp-content\/uploads\/2015\/06\/login-logo1.png\",\"width\":300,\"height\":118,\"caption\":\"tabernaculo\"},\"logo\":{\"@id\":\"https:\/\/tabernaculoprensadedios.com\/web\/#\/schema\/person\/image\/\"},\"url\":\"https:\/\/tabernaculoprensadedios.com\/web\/author\/tabernaculo\/\"}]}<\/script>\n<!-- \/ Yoast SEO Premium plugin. -->","yoast_head_json":{"title":"Iglesia Fundamento B\u00edblico concluye ciclo de capacitaci\u00f3n pastoral - Tabernaculo Prensa de Dios","robots":{"index":"index","follow":"follow","max-snippet":"max-snippet:-1","max-image-preview":"max-image-preview:large","max-video-preview":"max-video-preview:-1"},"canonical":"https:\/\/tabernaculoprensadedios.com\/web\/iglesia-fundamento-biblico-concluye-ciclo-de-capacitacion-pastoral\/","og_locale":"es_ES","og_type":"article","og_title":"Iglesia Fundamento B\u00edblico concluye ciclo de capacitaci\u00f3n pastoral","og_description":"La Iglesia Fundamento B\u00edblico (IFB), en colaboraci\u00f3n con la Fundaci\u00f3n AYO, llev\u00f3 a cabo la conferencia\u2013taller titulada\u00a0\u201cImplicaciones de la Infiltraci\u00f3n del Islam en la Rep\u00fablica Dominicana\u201d, como parte del cierre del ciclo anual de capacitaciones dirigidas al liderazgo pastoral de la zona oriental de la capital. Al dirigirse a los pastores, el pastor \u00c1ngel Castillo, &hellip;","og_url":"https:\/\/tabernaculoprensadedios.com\/web\/iglesia-fundamento-biblico-concluye-ciclo-de-capacitacion-pastoral\/","og_site_name":"Tabernaculo Prensa de Dios","article_published_time":"2025-12-01T22:47:19+00:00","og_image":[{"width":1600,"height":900,"url":"https:\/\/tabernaculoprensadedios.com\/web\/wp-content\/uploads\/2025\/12\/pastores-participantes.avif","type":"image\/jpeg"}],"author":"tabernaculo","twitter_card":"summary_large_image","twitter_creator":"@PrensadeDios","twitter_site":"@PrensadeDios","twitter_misc":{"Escrito por":"tabernaculo","Tiempo de lectura":"3 minutos"},"schema":{"@context":"https:\/\/schema.org","@graph":[{"@type":"Article","@id":"https:\/\/tabernaculoprensadedios.com\/web\/iglesia-fundamento-biblico-concluye-ciclo-de-capacitacion-pastoral\/#article","isPartOf":{"@id":"https:\/\/tabernaculoprensadedios.com\/web\/iglesia-fundamento-biblico-concluye-ciclo-de-capacitacion-pastoral\/"},"author":{"name":"tabernaculo","@id":"https:\/\/tabernaculoprensadedios.com\/web\/#\/schema\/person\/bc0e069fef56b38e177db6f098ae0b6e"},"headline":"Iglesia Fundamento B\u00edblico concluye ciclo de capacitaci\u00f3n pastoral","datePublished":"2025-12-01T22:47:19+00:00","mainEntityOfPage":{"@id":"https:\/\/tabernaculoprensadedios.com\/web\/iglesia-fundamento-biblico-concluye-ciclo-de-capacitacion-pastoral\/"},"wordCount":547,"commentCount":0,"publisher":{"@id":"https:\/\/tabernaculoprensadedios.com\/web\/#\/schema\/person\/bc0e069fef56b38e177db6f098ae0b6e"},"image":{"@id":"https:\/\/tabernaculoprensadedios.com\/web\/iglesia-fundamento-biblico-concluye-ciclo-de-capacitacion-pastoral\/#primaryimage"},"thumbnailUrl":"https:\/\/tabernaculoprensadedios.com\/web\/wp-content\/uploads\/2025\/12\/pastores-participantes.avif","articleSection":["almomento"],"inLanguage":"es","potentialAction":[{"@type":"CommentAction","name":"Comment","target":["https:\/\/tabernaculoprensadedios.com\/web\/iglesia-fundamento-biblico-concluye-ciclo-de-capacitacion-pastoral\/#respond"]}]},{"@type":"WebPage","@id":"https:\/\/tabernaculoprensadedios.com\/web\/iglesia-fundamento-biblico-concluye-ciclo-de-capacitacion-pastoral\/","url":"https:\/\/tabernaculoprensadedios.com\/web\/iglesia-fundamento-biblico-concluye-ciclo-de-capacitacion-pastoral\/","name":"Iglesia Fundamento B\u00edblico concluye ciclo de capacitaci\u00f3n pastoral - Tabernaculo Prensa de Dios","isPartOf":{"@id":"https:\/\/tabernaculoprensadedios.com\/web\/#website"},"primaryImageOfPage":{"@id":"https:\/\/tabernaculoprensadedios.com\/web\/iglesia-fundamento-biblico-concluye-ciclo-de-capacitacion-pastoral\/#primaryimage"},"image":{"@id":"https:\/\/tabernaculoprensadedios.com\/web\/iglesia-fundamento-biblico-concluye-ciclo-de-capacitacion-pastoral\/#primaryimage"},"thumbnailUrl":"https:\/\/tabernaculoprensadedios.com\/web\/wp-content\/uploads\/2025\/12\/pastores-participantes.avif","datePublished":"2025-12-01T22:47:19+00:00","breadcrumb":{"@id":"https:\/\/tabernaculoprensadedios.com\/web\/iglesia-fundamento-biblico-concluye-ciclo-de-capacitacion-pastoral\/#breadcrumb"},"inLanguage":"es","potentialAction":[{"@type":"ReadAction","target":["https:\/\/tabernaculoprensadedios.com\/web\/iglesia-fundamento-biblico-concluye-ciclo-de-capacitacion-pastoral\/"]}]},{"@type":"ImageObject","inLanguage":"es","@id":"https:\/\/tabernaculoprensadedios.com\/web\/iglesia-fundamento-biblico-concluye-ciclo-de-capacitacion-pastoral\/#primaryimage","url":"https:\/\/tabernaculoprensadedios.com\/web\/wp-content\/uploads\/2025\/12\/pastores-participantes.avif","contentUrl":"https:\/\/tabernaculoprensadedios.com\/web\/wp-content\/uploads\/2025\/12\/pastores-participantes.avif","width":1600,"height":900},{"@type":"BreadcrumbList","@id":"https:\/\/tabernaculoprensadedios.com\/web\/iglesia-fundamento-biblico-concluye-ciclo-de-capacitacion-pastoral\/#breadcrumb","itemListElement":[{"@type":"ListItem","position":1,"name":"Portada","item":"https:\/\/tabernaculoprensadedios.com\/web\/"},{"@type":"ListItem","position":2,"name":"Iglesia Fundamento B\u00edblico concluye ciclo de capacitaci\u00f3n pastoral"}]},{"@type":"WebSite","@id":"https:\/\/tabernaculoprensadedios.com\/web\/#website","url":"https:\/\/tabernaculoprensadedios.com\/web\/","name":"Tabernaculo Prensa de Dios","description":"Un medio a la manera de Dios","publisher":{"@id":"https:\/\/tabernaculoprensadedios.com\/web\/#\/schema\/person\/bc0e069fef56b38e177db6f098ae0b6e"},"potentialAction":[{"@type":"SearchAction","target":{"@type":"EntryPoint","urlTemplate":"https:\/\/tabernaculoprensadedios.com\/web\/?s={search_term_string}"},"query-input":{"@type":"PropertyValueSpecification","valueRequired":true,"valueName":"search_term_string"}}],"inLanguage":"es"},{"@type":["Person","Organization"],"@id":"https:\/\/tabernaculoprensadedios.com\/web\/#\/schema\/person\/bc0e069fef56b38e177db6f098ae0b6e","name":"tabernaculo","image":{"@type":"ImageObject","inLanguage":"es","@id":"https:\/\/tabernaculoprensadedios.com\/web\/#\/schema\/person\/image\/","url":"https:\/\/tabernaculoprensadedios.com\/web\/wp-content\/uploads\/2015\/06\/login-logo1.png","contentUrl":"https:\/\/tabernaculoprensadedios.com\/web\/wp-content\/uploads\/2015\/06\/login-logo1.png","width":300,"height":118,"caption":"tabernaculo"},"logo":{"@id":"https:\/\/tabernaculoprensadedios.com\/web\/#\/schema\/person\/image\/"},"url":"https:\/\/tabernaculoprensadedios.com\/web\/author\/tabernaculo\/"}]}},"_links":{"self":[{"href":"https:\/\/tabernaculoprensadedios.com\/web\/wp-json\/wp\/v2\/posts\/36500","targetHints":{"allow":["GET"]}}],"collection":[{"href":"https:\/\/tabernaculoprensadedios.com\/web\/wp-json\/wp\/v2\/posts"}],"about":[{"href":"https:\/\/tabernaculoprensadedios.com\/web\/wp-json\/wp\/v2\/types\/post"}],"author":[{"embeddable":true,"href":"https:\/\/tabernaculoprensadedios.com\/web\/wp-json\/wp\/v2\/users\/1"}],"replies":[{"embeddable":true,"href":"https:\/\/tabernaculoprensadedios.com\/web\/wp-json\/wp\/v2\/comments?post=36500"}],"version-history":[{"count":1,"href":"https:\/\/tabernaculoprensadedios.com\/web\/wp-json\/wp\/v2\/posts\/36500\/revisions"}],"predecessor-version":[{"id":36503,"href":"https:\/\/tabernaculoprensadedios.com\/web\/wp-json\/wp\/v2\/posts\/36500\/revisions\/36503"}],"wp:featuredmedia":[{"embeddable":true,"href":"https:\/\/tabernaculoprensadedios.com\/web\/wp-json\/wp\/v2\/media\/36502"}],"wp:attachment":[{"href":"https:\/\/tabernaculoprensadedios.com\/web\/wp-json\/wp\/v2\/media?parent=36500"}],"wp:term":[{"taxonomy":"category","embeddable":true,"href":"https:\/\/tabernaculoprensadedios.com\/web\/wp-json\/wp\/v2\/categories?post=36500"},{"taxonomy":"post_tag","embeddable":true,"href":"https:\/\/tabernaculoprensadedios.com\/web\/wp-json\/wp\/v2\/tags?post=36500"}],"curies":[{"name":"wp","href":"https:\/\/api.w.org\/{rel}","templated":true}]}}