{"id":36445,"date":"2025-11-24T23:51:43","date_gmt":"2025-11-24T23:51:43","guid":{"rendered":"https:\/\/tabernaculoprensadedios.com\/web\/?p=36445"},"modified":"2025-11-24T23:51:43","modified_gmt":"2025-11-24T23:51:43","slug":"preparando-el-corazon-para-su-plenitud","status":"publish","type":"post","link":"https:\/\/tabernaculoprensadedios.com\/web\/preparando-el-corazon-para-su-plenitud\/","title":{"rendered":"Preparando el Coraz\u00f3n para Su Plenitud\u00a0"},"content":{"rendered":"<p>En este mes de Acci\u00f3n de Gracias, preparamos nuestros corazones para recibir la plenitud de Dios.<br \/>\nNo solo agradecemos por lo que hemos recibido, sino tambi\u00e9n por lo que est\u00e1 por manifestarse.<br \/>\nEntramos en un tiempo de b\u00fasqueda profunda, anhelando caminar en una mayor\u00a0<strong>autoridad espiritual y santidad<\/strong>, reconociendo que solo en Su presencia hay verdadera transformaci\u00f3n.<\/p>\n<p>Con esperanza aguardamos la\u00a0<strong>venida gloriosa del Se\u00f1or<\/strong>,<br \/>\ny declaramos que este es el\u00a0<strong>tiempo de Su manifestaci\u00f3n sobre las naciones<\/strong>.<br \/>\nQue cada coraz\u00f3n se vuelva al Creador;<br \/>\nque la gratitud, la honra y la adoraci\u00f3n se eleven como incienso puro desde los cuatro rincones de la tierra.<\/p>\n<p>Oramos para que la\u00a0<strong>luz del Esp\u00edritu Santo<\/strong>\u00a0llene los hogares, los altares y las congregaciones,<br \/>\ny que en medio de la oscuridad, el pueblo de Dios resplandezca con fe viva y agradecimiento sincero.<br \/>\nSea este mes una ofrenda de\u00a0<strong>gratitud, unidad y consagraci\u00f3n<\/strong>,<br \/>\nmarcando el cierre del a\u00f1o 2025 con corazones alineados al prop\u00f3sito eterno del Padre.<\/p>\n<p><strong>\u201cDad gracias en todo, porque esta es la voluntad de Dios para vosotros en Cristo Jes\u00fas.\u201d<\/strong><br \/>\n<em>1 Tesalonicenses 5-18<\/em><\/p>\n","protected":false},"excerpt":{"rendered":"<p>En este mes de Acci\u00f3n de Gracias, preparamos nuestros corazones para recibir la plenitud de Dios. No solo agradecemos por lo que hemos recibido, sino tambi\u00e9n por lo que est\u00e1 por manifestarse. Entramos en un tiempo de b\u00fasqueda profunda, anhelando caminar en una mayor\u00a0autoridad espiritual y santidad, reconociendo que solo en Su presencia hay verdadera &hellip;<\/p>\n","protected":false},"author":1,"featured_media":36446,"comment_status":"open","ping_status":"open","sticky":false,"template":"","format":"standard","meta":{"footnotes":""},"categories":[34],"tags":[],"class_list":["post-36445","post","type-post","status-publish","format-standard","has-post-thumbnail","hentry","category-articulos"],"yoast_head":"<!-- This site is optimized with the Yoast SEO Premium plugin v24.2 (Yoast SEO v27.1.1) - https:\/\/yoast.com\/product\/yoast-seo-premium-wordpress\/ -->\n<title>Preparando el Coraz\u00f3n para Su Plenitud\u00a0 - Tabernaculo Prensa de Dios<\/title>\n<meta name=\"robots\" content=\"index, follow, max-snippet:-1, max-image-preview:large, max-video-preview:-1\" \/>\n<link rel=\"canonical\" href=\"https:\/\/tabernaculoprensadedios.com\/web\/preparando-el-corazon-para-su-plenitud\/\" class=\"yoast-seo-meta-tag\" \/>\n<meta property=\"og:locale\" content=\"es_ES\" class=\"yoast-seo-meta-tag\" \/>\n<meta property=\"og:type\" content=\"article\" class=\"yoast-seo-meta-tag\" \/>\n<meta property=\"og:title\" content=\"Preparando el Coraz\u00f3n para Su Plenitud\u00a0\" class=\"yoast-seo-meta-tag\" \/>\n<meta property=\"og:description\" content=\"En este mes de Acci\u00f3n de Gracias, preparamos nuestros corazones para recibir la plenitud de Dios. No solo agradecemos por lo que hemos recibido, sino tambi\u00e9n por lo que est\u00e1 por manifestarse. Entramos en un tiempo de b\u00fasqueda profunda, anhelando caminar en una mayor\u00a0autoridad espiritual y santidad, reconociendo que solo en Su presencia hay verdadera &hellip;\" class=\"yoast-seo-meta-tag\" \/>\n<meta property=\"og:url\" content=\"https:\/\/tabernaculoprensadedios.com\/web\/preparando-el-corazon-para-su-plenitud\/\" class=\"yoast-seo-meta-tag\" \/>\n<meta property=\"og:site_name\" content=\"Tabernaculo Prensa de Dios\" class=\"yoast-seo-meta-tag\" \/>\n<meta property=\"article:published_time\" content=\"2025-11-24T23:51:43+00:00\" class=\"yoast-seo-meta-tag\" \/>\n<meta property=\"og:image\" content=\"https:\/\/tabernaculoprensadedios.com\/web\/wp-content\/uploads\/2025\/11\/corazon-reprandeciente-.avif\" class=\"yoast-seo-meta-tag\" \/>\n\t<meta property=\"og:image:width\" content=\"1024\" class=\"yoast-seo-meta-tag\" \/>\n\t<meta property=\"og:image:height\" content=\"1024\" class=\"yoast-seo-meta-tag\" \/>\n\t<meta property=\"og:image:type\" content=\"image\/png\" class=\"yoast-seo-meta-tag\" \/>\n<meta name=\"author\" content=\"tabernaculo\" class=\"yoast-seo-meta-tag\" \/>\n<meta name=\"twitter:card\" content=\"summary_large_image\" class=\"yoast-seo-meta-tag\" \/>\n<meta name=\"twitter:creator\" content=\"@PrensadeDios\" class=\"yoast-seo-meta-tag\" \/>\n<meta name=\"twitter:site\" content=\"@PrensadeDios\" class=\"yoast-seo-meta-tag\" \/>\n<meta name=\"twitter:label1\" content=\"Escrito por\" class=\"yoast-seo-meta-tag\" \/>\n\t<meta name=\"twitter:data1\" content=\"tabernaculo\" class=\"yoast-seo-meta-tag\" \/>\n\t<meta name=\"twitter:label2\" content=\"Tiempo de lectura\" class=\"yoast-seo-meta-tag\" \/>\n\t<meta name=\"twitter:data2\" content=\"2 minutos\" class=\"yoast-seo-meta-tag\" \/>\n<script type=\"application\/ld+json\" class=\"yoast-schema-graph\">{\"@context\":\"https:\/\/schema.org\",\"@graph\":[{\"@type\":\"Article\",\"@id\":\"https:\/\/tabernaculoprensadedios.com\/web\/preparando-el-corazon-para-su-plenitud\/#article\",\"isPartOf\":{\"@id\":\"https:\/\/tabernaculoprensadedios.com\/web\/preparando-el-corazon-para-su-plenitud\/\"},\"author\":{\"name\":\"tabernaculo\",\"@id\":\"https:\/\/tabernaculoprensadedios.com\/web\/#\/schema\/person\/bc0e069fef56b38e177db6f098ae0b6e\"},\"headline\":\"Preparando el Coraz\u00f3n para Su Plenitud\u00a0\",\"datePublished\":\"2025-11-24T23:51:43+00:00\",\"mainEntityOfPage\":{\"@id\":\"https:\/\/tabernaculoprensadedios.com\/web\/preparando-el-corazon-para-su-plenitud\/\"},\"wordCount\":200,\"commentCount\":0,\"publisher\":{\"@id\":\"https:\/\/tabernaculoprensadedios.com\/web\/#\/schema\/person\/bc0e069fef56b38e177db6f098ae0b6e\"},\"image\":{\"@id\":\"https:\/\/tabernaculoprensadedios.com\/web\/preparando-el-corazon-para-su-plenitud\/#primaryimage\"},\"thumbnailUrl\":\"https:\/\/tabernaculoprensadedios.com\/web\/wp-content\/uploads\/2025\/11\/corazon-reprandeciente-.avif\",\"articleSection\":[\"Articulos\"],\"inLanguage\":\"es\",\"potentialAction\":[{\"@type\":\"CommentAction\",\"name\":\"Comment\",\"target\":[\"https:\/\/tabernaculoprensadedios.com\/web\/preparando-el-corazon-para-su-plenitud\/#respond\"]}]},{\"@type\":\"WebPage\",\"@id\":\"https:\/\/tabernaculoprensadedios.com\/web\/preparando-el-corazon-para-su-plenitud\/\",\"url\":\"https:\/\/tabernaculoprensadedios.com\/web\/preparando-el-corazon-para-su-plenitud\/\",\"name\":\"Preparando el Coraz\u00f3n para Su Plenitud\u00a0 - Tabernaculo Prensa de Dios\",\"isPartOf\":{\"@id\":\"https:\/\/tabernaculoprensadedios.com\/web\/#website\"},\"primaryImageOfPage\":{\"@id\":\"https:\/\/tabernaculoprensadedios.com\/web\/preparando-el-corazon-para-su-plenitud\/#primaryimage\"},\"image\":{\"@id\":\"https:\/\/tabernaculoprensadedios.com\/web\/preparando-el-corazon-para-su-plenitud\/#primaryimage\"},\"thumbnailUrl\":\"https:\/\/tabernaculoprensadedios.com\/web\/wp-content\/uploads\/2025\/11\/corazon-reprandeciente-.avif\",\"datePublished\":\"2025-11-24T23:51:43+00:00\",\"breadcrumb\":{\"@id\":\"https:\/\/tabernaculoprensadedios.com\/web\/preparando-el-corazon-para-su-plenitud\/#breadcrumb\"},\"inLanguage\":\"es\",\"potentialAction\":[{\"@type\":\"ReadAction\",\"target\":[\"https:\/\/tabernaculoprensadedios.com\/web\/preparando-el-corazon-para-su-plenitud\/\"]}]},{\"@type\":\"ImageObject\",\"inLanguage\":\"es\",\"@id\":\"https:\/\/tabernaculoprensadedios.com\/web\/preparando-el-corazon-para-su-plenitud\/#primaryimage\",\"url\":\"https:\/\/tabernaculoprensadedios.com\/web\/wp-content\/uploads\/2025\/11\/corazon-reprandeciente-.avif\",\"contentUrl\":\"https:\/\/tabernaculoprensadedios.com\/web\/wp-content\/uploads\/2025\/11\/corazon-reprandeciente-.avif\",\"width\":1024,\"height\":1024},{\"@type\":\"BreadcrumbList\",\"@id\":\"https:\/\/tabernaculoprensadedios.com\/web\/preparando-el-corazon-para-su-plenitud\/#breadcrumb\",\"itemListElement\":[{\"@type\":\"ListItem\",\"position\":1,\"name\":\"Portada\",\"item\":\"https:\/\/tabernaculoprensadedios.com\/web\/\"},{\"@type\":\"ListItem\",\"position\":2,\"name\":\"Preparando el Coraz\u00f3n para Su Plenitud\u00a0\"}]},{\"@type\":\"WebSite\",\"@id\":\"https:\/\/tabernaculoprensadedios.com\/web\/#website\",\"url\":\"https:\/\/tabernaculoprensadedios.com\/web\/\",\"name\":\"Tabernaculo Prensa de Dios\",\"description\":\"Un medio a la manera de Dios\",\"publisher\":{\"@id\":\"https:\/\/tabernaculoprensadedios.com\/web\/#\/schema\/person\/bc0e069fef56b38e177db6f098ae0b6e\"},\"potentialAction\":[{\"@type\":\"SearchAction\",\"target\":{\"@type\":\"EntryPoint\",\"urlTemplate\":\"https:\/\/tabernaculoprensadedios.com\/web\/?s={search_term_string}\"},\"query-input\":{\"@type\":\"PropertyValueSpecification\",\"valueRequired\":true,\"valueName\":\"search_term_string\"}}],\"inLanguage\":\"es\"},{\"@type\":[\"Person\",\"Organization\"],\"@id\":\"https:\/\/tabernaculoprensadedios.com\/web\/#\/schema\/person\/bc0e069fef56b38e177db6f098ae0b6e\",\"name\":\"tabernaculo\",\"image\":{\"@type\":\"ImageObject\",\"inLanguage\":\"es\",\"@id\":\"https:\/\/tabernaculoprensadedios.com\/web\/#\/schema\/person\/image\/\",\"url\":\"https:\/\/tabernaculoprensadedios.com\/web\/wp-content\/uploads\/2015\/06\/login-logo1.png\",\"contentUrl\":\"https:\/\/tabernaculoprensadedios.com\/web\/wp-content\/uploads\/2015\/06\/login-logo1.png\",\"width\":300,\"height\":118,\"caption\":\"tabernaculo\"},\"logo\":{\"@id\":\"https:\/\/tabernaculoprensadedios.com\/web\/#\/schema\/person\/image\/\"},\"url\":\"https:\/\/tabernaculoprensadedios.com\/web\/author\/tabernaculo\/\"}]}<\/script>\n<!-- \/ Yoast SEO Premium plugin. -->","yoast_head_json":{"title":"Preparando el Coraz\u00f3n para Su Plenitud\u00a0 - Tabernaculo Prensa de Dios","robots":{"index":"index","follow":"follow","max-snippet":"max-snippet:-1","max-image-preview":"max-image-preview:large","max-video-preview":"max-video-preview:-1"},"canonical":"https:\/\/tabernaculoprensadedios.com\/web\/preparando-el-corazon-para-su-plenitud\/","og_locale":"es_ES","og_type":"article","og_title":"Preparando el Coraz\u00f3n para Su Plenitud\u00a0","og_description":"En este mes de Acci\u00f3n de Gracias, preparamos nuestros corazones para recibir la plenitud de Dios. No solo agradecemos por lo que hemos recibido, sino tambi\u00e9n por lo que est\u00e1 por manifestarse. Entramos en un tiempo de b\u00fasqueda profunda, anhelando caminar en una mayor\u00a0autoridad espiritual y santidad, reconociendo que solo en Su presencia hay verdadera &hellip;","og_url":"https:\/\/tabernaculoprensadedios.com\/web\/preparando-el-corazon-para-su-plenitud\/","og_site_name":"Tabernaculo Prensa de Dios","article_published_time":"2025-11-24T23:51:43+00:00","og_image":[{"width":1024,"height":1024,"url":"https:\/\/tabernaculoprensadedios.com\/web\/wp-content\/uploads\/2025\/11\/corazon-reprandeciente-.avif","type":"image\/png"}],"author":"tabernaculo","twitter_card":"summary_large_image","twitter_creator":"@PrensadeDios","twitter_site":"@PrensadeDios","twitter_misc":{"Escrito por":"tabernaculo","Tiempo de lectura":"2 minutos"},"schema":{"@context":"https:\/\/schema.org","@graph":[{"@type":"Article","@id":"https:\/\/tabernaculoprensadedios.com\/web\/preparando-el-corazon-para-su-plenitud\/#article","isPartOf":{"@id":"https:\/\/tabernaculoprensadedios.com\/web\/preparando-el-corazon-para-su-plenitud\/"},"author":{"name":"tabernaculo","@id":"https:\/\/tabernaculoprensadedios.com\/web\/#\/schema\/person\/bc0e069fef56b38e177db6f098ae0b6e"},"headline":"Preparando el Coraz\u00f3n para Su Plenitud\u00a0","datePublished":"2025-11-24T23:51:43+00:00","mainEntityOfPage":{"@id":"https:\/\/tabernaculoprensadedios.com\/web\/preparando-el-corazon-para-su-plenitud\/"},"wordCount":200,"commentCount":0,"publisher":{"@id":"https:\/\/tabernaculoprensadedios.com\/web\/#\/schema\/person\/bc0e069fef56b38e177db6f098ae0b6e"},"image":{"@id":"https:\/\/tabernaculoprensadedios.com\/web\/preparando-el-corazon-para-su-plenitud\/#primaryimage"},"thumbnailUrl":"https:\/\/tabernaculoprensadedios.com\/web\/wp-content\/uploads\/2025\/11\/corazon-reprandeciente-.avif","articleSection":["Articulos"],"inLanguage":"es","potentialAction":[{"@type":"CommentAction","name":"Comment","target":["https:\/\/tabernaculoprensadedios.com\/web\/preparando-el-corazon-para-su-plenitud\/#respond"]}]},{"@type":"WebPage","@id":"https:\/\/tabernaculoprensadedios.com\/web\/preparando-el-corazon-para-su-plenitud\/","url":"https:\/\/tabernaculoprensadedios.com\/web\/preparando-el-corazon-para-su-plenitud\/","name":"Preparando el Coraz\u00f3n para Su Plenitud\u00a0 - Tabernaculo Prensa de Dios","isPartOf":{"@id":"https:\/\/tabernaculoprensadedios.com\/web\/#website"},"primaryImageOfPage":{"@id":"https:\/\/tabernaculoprensadedios.com\/web\/preparando-el-corazon-para-su-plenitud\/#primaryimage"},"image":{"@id":"https:\/\/tabernaculoprensadedios.com\/web\/preparando-el-corazon-para-su-plenitud\/#primaryimage"},"thumbnailUrl":"https:\/\/tabernaculoprensadedios.com\/web\/wp-content\/uploads\/2025\/11\/corazon-reprandeciente-.avif","datePublished":"2025-11-24T23:51:43+00:00","breadcrumb":{"@id":"https:\/\/tabernaculoprensadedios.com\/web\/preparando-el-corazon-para-su-plenitud\/#breadcrumb"},"inLanguage":"es","potentialAction":[{"@type":"ReadAction","target":["https:\/\/tabernaculoprensadedios.com\/web\/preparando-el-corazon-para-su-plenitud\/"]}]},{"@type":"ImageObject","inLanguage":"es","@id":"https:\/\/tabernaculoprensadedios.com\/web\/preparando-el-corazon-para-su-plenitud\/#primaryimage","url":"https:\/\/tabernaculoprensadedios.com\/web\/wp-content\/uploads\/2025\/11\/corazon-reprandeciente-.avif","contentUrl":"https:\/\/tabernaculoprensadedios.com\/web\/wp-content\/uploads\/2025\/11\/corazon-reprandeciente-.avif","width":1024,"height":1024},{"@type":"BreadcrumbList","@id":"https:\/\/tabernaculoprensadedios.com\/web\/preparando-el-corazon-para-su-plenitud\/#breadcrumb","itemListElement":[{"@type":"ListItem","position":1,"name":"Portada","item":"https:\/\/tabernaculoprensadedios.com\/web\/"},{"@type":"ListItem","position":2,"name":"Preparando el Coraz\u00f3n para Su Plenitud\u00a0"}]},{"@type":"WebSite","@id":"https:\/\/tabernaculoprensadedios.com\/web\/#website","url":"https:\/\/tabernaculoprensadedios.com\/web\/","name":"Tabernaculo Prensa de Dios","description":"Un medio a la manera de Dios","publisher":{"@id":"https:\/\/tabernaculoprensadedios.com\/web\/#\/schema\/person\/bc0e069fef56b38e177db6f098ae0b6e"},"potentialAction":[{"@type":"SearchAction","target":{"@type":"EntryPoint","urlTemplate":"https:\/\/tabernaculoprensadedios.com\/web\/?s={search_term_string}"},"query-input":{"@type":"PropertyValueSpecification","valueRequired":true,"valueName":"search_term_string"}}],"inLanguage":"es"},{"@type":["Person","Organization"],"@id":"https:\/\/tabernaculoprensadedios.com\/web\/#\/schema\/person\/bc0e069fef56b38e177db6f098ae0b6e","name":"tabernaculo","image":{"@type":"ImageObject","inLanguage":"es","@id":"https:\/\/tabernaculoprensadedios.com\/web\/#\/schema\/person\/image\/","url":"https:\/\/tabernaculoprensadedios.com\/web\/wp-content\/uploads\/2015\/06\/login-logo1.png","contentUrl":"https:\/\/tabernaculoprensadedios.com\/web\/wp-content\/uploads\/2015\/06\/login-logo1.png","width":300,"height":118,"caption":"tabernaculo"},"logo":{"@id":"https:\/\/tabernaculoprensadedios.com\/web\/#\/schema\/person\/image\/"},"url":"https:\/\/tabernaculoprensadedios.com\/web\/author\/tabernaculo\/"}]}},"_links":{"self":[{"href":"https:\/\/tabernaculoprensadedios.com\/web\/wp-json\/wp\/v2\/posts\/36445","targetHints":{"allow":["GET"]}}],"collection":[{"href":"https:\/\/tabernaculoprensadedios.com\/web\/wp-json\/wp\/v2\/posts"}],"about":[{"href":"https:\/\/tabernaculoprensadedios.com\/web\/wp-json\/wp\/v2\/types\/post"}],"author":[{"embeddable":true,"href":"https:\/\/tabernaculoprensadedios.com\/web\/wp-json\/wp\/v2\/users\/1"}],"replies":[{"embeddable":true,"href":"https:\/\/tabernaculoprensadedios.com\/web\/wp-json\/wp\/v2\/comments?post=36445"}],"version-history":[{"count":1,"href":"https:\/\/tabernaculoprensadedios.com\/web\/wp-json\/wp\/v2\/posts\/36445\/revisions"}],"predecessor-version":[{"id":36447,"href":"https:\/\/tabernaculoprensadedios.com\/web\/wp-json\/wp\/v2\/posts\/36445\/revisions\/36447"}],"wp:featuredmedia":[{"embeddable":true,"href":"https:\/\/tabernaculoprensadedios.com\/web\/wp-json\/wp\/v2\/media\/36446"}],"wp:attachment":[{"href":"https:\/\/tabernaculoprensadedios.com\/web\/wp-json\/wp\/v2\/media?parent=36445"}],"wp:term":[{"taxonomy":"category","embeddable":true,"href":"https:\/\/tabernaculoprensadedios.com\/web\/wp-json\/wp\/v2\/categories?post=36445"},{"taxonomy":"post_tag","embeddable":true,"href":"https:\/\/tabernaculoprensadedios.com\/web\/wp-json\/wp\/v2\/tags?post=36445"}],"curies":[{"name":"wp","href":"https:\/\/api.w.org\/{rel}","templated":true}]}}