{"id":36428,"date":"2025-11-20T00:01:09","date_gmt":"2025-11-20T00:01:09","guid":{"rendered":"https:\/\/tabernaculoprensadedios.com\/web\/?p=36428"},"modified":"2025-11-20T02:10:10","modified_gmt":"2025-11-20T02:10:10","slug":"unev-inaugura-la-semana-global-de-emprendimiento-2025-con-una-conferencia-sobre-liderazgo","status":"publish","type":"post","link":"https:\/\/tabernaculoprensadedios.com\/web\/unev-inaugura-la-semana-global-de-emprendimiento-2025-con-una-conferencia-sobre-liderazgo\/","title":{"rendered":"UNEV inaugura la Semana Global de Emprendimiento 2025 con una conferencia sobre liderazgo"},"content":{"rendered":"<p>La Universidad Nacional Evang\u00e9lica (<strong>UNEV<\/strong>), a trav\u00e9s de su <strong>Centro de Emprendimiento Emprende<\/strong> UNEV, dej\u00f3 formalmente iniciada la <strong>Semana Global de Emprendimiento 2025,<\/strong> un movimiento internacional que re\u00fane a m\u00e1s de 200 pa\u00edses para promover la innovaci\u00f3n, la creatividad y la cultura emprendedora.<\/p>\n<p>El evento inici\u00f3 este mi\u00e9rcoles 19 de noviembre con la conferencia <strong>\u201cEmprendimiento desde el Liderazgo\u201d,<\/strong> impartida por el especialista<strong> Roberto Cruz<\/strong>, en el Sal\u00f3n A del Edificio Los Fundadores de la UNEV.<\/p>\n<p>La jornada comenz\u00f3 con una oraci\u00f3n y las palabras de bienvenida a cargo de las autoridades institucionales, tras la interpretaci\u00f3n del Himno Nacional y el Himno Institucional.<\/p>\n<p>El director del Centro de Emprendimiento de la UNEV, <strong>Orlando Polanco<\/strong>, quien es el maestro que organiza estos encuentros, en su intervenci\u00f3n motiv\u00f3 a los j\u00f3venes presentes a abrir sus mentes para ser parte de los creadores de nuevas ideas de negocios en el presente y el futuro.<\/p>\n<p>La conferencia central desarroll\u00f3 la importancia del liderazgo como base para impulsar ideas, proyectos e iniciativas sostenibles, resaltando habilidades estrat\u00e9gicas, visi\u00f3n innovadora y capacidad de gesti\u00f3n como pilares esenciales del emprendimiento moderno.<\/p>\n<p><strong>Participaci\u00f3n de centros educativos invitados<br \/>\n<\/strong>Esta primera jornada cont\u00f3 con la presencia de estudiantes de diversas instituciones educativas, entre ellas:<\/p>\n<p>Liceo Uni\u00f3n Panamericana.<br \/>\nPolit\u00e9cnico Kelvin Obrero.<br \/>\nHappy Learning School de las Am\u00e9ricas.<\/p>\n<p><strong>Continuaci\u00f3n de la Semana Global<br \/>\n<\/strong>Las actividades seguir\u00e1n el jueves 20 de noviembre con el panel \u201cExperiencias de Emprendedores desde sus Inicios\u201d, tambi\u00e9n en el Sal\u00f3n A del Edificio Los Fundadores.<\/p>\n<p>El s\u00e1bado 22, a las 8:00 a.m., se celebrar\u00e1 la Feria de Ideas de Negocios en el edificio Miraflores, donde los participantes podr\u00e1n presentar proyectos y propuestas de innovaci\u00f3n.<\/p>\n<p><img loading=\"lazy\" decoding=\"async\" class=\"alignnone size-full wp-image-36429\" src=\"https:\/\/tabernaculoprensadedios.com\/web\/wp-content\/uploads\/2025\/11\/WhatsApp-Image-2025-11-19-at-12.05.08-1-1024x576-1.avif\" alt=\"\" width=\"1024\" height=\"576\" srcset=\"https:\/\/tabernaculoprensadedios.com\/web\/wp-content\/uploads\/2025\/11\/WhatsApp-Image-2025-11-19-at-12.05.08-1-1024x576-1.avif 1024w, https:\/\/tabernaculoprensadedios.com\/web\/wp-content\/uploads\/2025\/11\/WhatsApp-Image-2025-11-19-at-12.05.08-1-1024x576-1-390x220.avif 390w\" sizes=\"auto, (max-width: 1024px) 100vw, 1024px\" \/><\/p>\n","protected":false},"excerpt":{"rendered":"<p>La Universidad Nacional Evang\u00e9lica (UNEV), a trav\u00e9s de su Centro de Emprendimiento Emprende UNEV, dej\u00f3 formalmente iniciada la Semana Global de Emprendimiento 2025, un movimiento internacional que re\u00fane a m\u00e1s de 200 pa\u00edses para promover la innovaci\u00f3n, la creatividad y la cultura emprendedora. El evento inici\u00f3 este mi\u00e9rcoles 19 de noviembre con la conferencia \u201cEmprendimiento &hellip;<\/p>\n","protected":false},"author":1,"featured_media":36430,"comment_status":"open","ping_status":"open","sticky":false,"template":"","format":"standard","meta":{"footnotes":""},"categories":[19],"tags":[],"class_list":["post-36428","post","type-post","status-publish","format-standard","has-post-thumbnail","hentry","category-educacion"],"yoast_head":"<!-- This site is optimized with the Yoast SEO Premium plugin v24.2 (Yoast SEO v27.1.1) - https:\/\/yoast.com\/product\/yoast-seo-premium-wordpress\/ -->\n<title>UNEV inaugura la Semana Global de Emprendimiento 2025 con una conferencia sobre liderazgo - Tabernaculo Prensa de Dios<\/title>\n<meta name=\"robots\" content=\"index, follow, max-snippet:-1, max-image-preview:large, max-video-preview:-1\" \/>\n<link rel=\"canonical\" href=\"https:\/\/tabernaculoprensadedios.com\/web\/unev-inaugura-la-semana-global-de-emprendimiento-2025-con-una-conferencia-sobre-liderazgo\/\" class=\"yoast-seo-meta-tag\" \/>\n<meta property=\"og:locale\" content=\"es_ES\" class=\"yoast-seo-meta-tag\" \/>\n<meta property=\"og:type\" content=\"article\" class=\"yoast-seo-meta-tag\" \/>\n<meta property=\"og:title\" content=\"UNEV inaugura la Semana Global de Emprendimiento 2025 con una conferencia sobre liderazgo\" class=\"yoast-seo-meta-tag\" \/>\n<meta property=\"og:description\" content=\"La Universidad Nacional Evang\u00e9lica (UNEV), a trav\u00e9s de su Centro de Emprendimiento Emprende UNEV, dej\u00f3 formalmente iniciada la Semana Global de Emprendimiento 2025, un movimiento internacional que re\u00fane a m\u00e1s de 200 pa\u00edses para promover la innovaci\u00f3n, la creatividad y la cultura emprendedora. El evento inici\u00f3 este mi\u00e9rcoles 19 de noviembre con la conferencia \u201cEmprendimiento &hellip;\" class=\"yoast-seo-meta-tag\" \/>\n<meta property=\"og:url\" content=\"https:\/\/tabernaculoprensadedios.com\/web\/unev-inaugura-la-semana-global-de-emprendimiento-2025-con-una-conferencia-sobre-liderazgo\/\" class=\"yoast-seo-meta-tag\" \/>\n<meta property=\"og:site_name\" content=\"Tabernaculo Prensa de Dios\" class=\"yoast-seo-meta-tag\" \/>\n<meta property=\"article:published_time\" content=\"2025-11-20T00:01:09+00:00\" class=\"yoast-seo-meta-tag\" \/>\n<meta property=\"article:modified_time\" content=\"2025-11-20T02:10:10+00:00\" class=\"yoast-seo-meta-tag\" \/>\n<meta property=\"og:image\" content=\"https:\/\/tabernaculoprensadedios.com\/web\/wp-content\/uploads\/2025\/11\/WhatsApp-Image-2025-11-19-at-12.05.18-727x409-1.avif\" class=\"yoast-seo-meta-tag\" \/>\n\t<meta property=\"og:image:width\" content=\"727\" class=\"yoast-seo-meta-tag\" \/>\n\t<meta property=\"og:image:height\" content=\"409\" class=\"yoast-seo-meta-tag\" \/>\n\t<meta property=\"og:image:type\" content=\"image\/jpeg\" class=\"yoast-seo-meta-tag\" \/>\n<meta name=\"author\" content=\"tabernaculo\" class=\"yoast-seo-meta-tag\" \/>\n<meta name=\"twitter:card\" content=\"summary_large_image\" class=\"yoast-seo-meta-tag\" \/>\n<meta name=\"twitter:creator\" content=\"@PrensadeDios\" class=\"yoast-seo-meta-tag\" \/>\n<meta name=\"twitter:site\" content=\"@PrensadeDios\" class=\"yoast-seo-meta-tag\" \/>\n<meta name=\"twitter:label1\" content=\"Escrito por\" class=\"yoast-seo-meta-tag\" \/>\n\t<meta name=\"twitter:data1\" content=\"tabernaculo\" class=\"yoast-seo-meta-tag\" \/>\n\t<meta name=\"twitter:label2\" content=\"Tiempo de lectura\" class=\"yoast-seo-meta-tag\" \/>\n\t<meta name=\"twitter:data2\" content=\"2 minutos\" class=\"yoast-seo-meta-tag\" \/>\n<script type=\"application\/ld+json\" class=\"yoast-schema-graph\">{\"@context\":\"https:\/\/schema.org\",\"@graph\":[{\"@type\":\"Article\",\"@id\":\"https:\/\/tabernaculoprensadedios.com\/web\/unev-inaugura-la-semana-global-de-emprendimiento-2025-con-una-conferencia-sobre-liderazgo\/#article\",\"isPartOf\":{\"@id\":\"https:\/\/tabernaculoprensadedios.com\/web\/unev-inaugura-la-semana-global-de-emprendimiento-2025-con-una-conferencia-sobre-liderazgo\/\"},\"author\":{\"name\":\"tabernaculo\",\"@id\":\"https:\/\/tabernaculoprensadedios.com\/web\/#\/schema\/person\/bc0e069fef56b38e177db6f098ae0b6e\"},\"headline\":\"UNEV inaugura la Semana Global de Emprendimiento 2025 con una conferencia sobre liderazgo\",\"datePublished\":\"2025-11-20T00:01:09+00:00\",\"dateModified\":\"2025-11-20T02:10:10+00:00\",\"mainEntityOfPage\":{\"@id\":\"https:\/\/tabernaculoprensadedios.com\/web\/unev-inaugura-la-semana-global-de-emprendimiento-2025-con-una-conferencia-sobre-liderazgo\/\"},\"wordCount\":307,\"commentCount\":0,\"publisher\":{\"@id\":\"https:\/\/tabernaculoprensadedios.com\/web\/#\/schema\/person\/bc0e069fef56b38e177db6f098ae0b6e\"},\"image\":{\"@id\":\"https:\/\/tabernaculoprensadedios.com\/web\/unev-inaugura-la-semana-global-de-emprendimiento-2025-con-una-conferencia-sobre-liderazgo\/#primaryimage\"},\"thumbnailUrl\":\"https:\/\/tabernaculoprensadedios.com\/web\/wp-content\/uploads\/2025\/11\/WhatsApp-Image-2025-11-19-at-12.05.18-727x409-1.avif\",\"articleSection\":[\"Educaci\u00f3n\"],\"inLanguage\":\"es\",\"potentialAction\":[{\"@type\":\"CommentAction\",\"name\":\"Comment\",\"target\":[\"https:\/\/tabernaculoprensadedios.com\/web\/unev-inaugura-la-semana-global-de-emprendimiento-2025-con-una-conferencia-sobre-liderazgo\/#respond\"]}]},{\"@type\":\"WebPage\",\"@id\":\"https:\/\/tabernaculoprensadedios.com\/web\/unev-inaugura-la-semana-global-de-emprendimiento-2025-con-una-conferencia-sobre-liderazgo\/\",\"url\":\"https:\/\/tabernaculoprensadedios.com\/web\/unev-inaugura-la-semana-global-de-emprendimiento-2025-con-una-conferencia-sobre-liderazgo\/\",\"name\":\"UNEV inaugura la Semana Global de Emprendimiento 2025 con una conferencia sobre liderazgo - Tabernaculo Prensa de Dios\",\"isPartOf\":{\"@id\":\"https:\/\/tabernaculoprensadedios.com\/web\/#website\"},\"primaryImageOfPage\":{\"@id\":\"https:\/\/tabernaculoprensadedios.com\/web\/unev-inaugura-la-semana-global-de-emprendimiento-2025-con-una-conferencia-sobre-liderazgo\/#primaryimage\"},\"image\":{\"@id\":\"https:\/\/tabernaculoprensadedios.com\/web\/unev-inaugura-la-semana-global-de-emprendimiento-2025-con-una-conferencia-sobre-liderazgo\/#primaryimage\"},\"thumbnailUrl\":\"https:\/\/tabernaculoprensadedios.com\/web\/wp-content\/uploads\/2025\/11\/WhatsApp-Image-2025-11-19-at-12.05.18-727x409-1.avif\",\"datePublished\":\"2025-11-20T00:01:09+00:00\",\"dateModified\":\"2025-11-20T02:10:10+00:00\",\"breadcrumb\":{\"@id\":\"https:\/\/tabernaculoprensadedios.com\/web\/unev-inaugura-la-semana-global-de-emprendimiento-2025-con-una-conferencia-sobre-liderazgo\/#breadcrumb\"},\"inLanguage\":\"es\",\"potentialAction\":[{\"@type\":\"ReadAction\",\"target\":[\"https:\/\/tabernaculoprensadedios.com\/web\/unev-inaugura-la-semana-global-de-emprendimiento-2025-con-una-conferencia-sobre-liderazgo\/\"]}]},{\"@type\":\"ImageObject\",\"inLanguage\":\"es\",\"@id\":\"https:\/\/tabernaculoprensadedios.com\/web\/unev-inaugura-la-semana-global-de-emprendimiento-2025-con-una-conferencia-sobre-liderazgo\/#primaryimage\",\"url\":\"https:\/\/tabernaculoprensadedios.com\/web\/wp-content\/uploads\/2025\/11\/WhatsApp-Image-2025-11-19-at-12.05.18-727x409-1.avif\",\"contentUrl\":\"https:\/\/tabernaculoprensadedios.com\/web\/wp-content\/uploads\/2025\/11\/WhatsApp-Image-2025-11-19-at-12.05.18-727x409-1.avif\",\"width\":727,\"height\":409},{\"@type\":\"BreadcrumbList\",\"@id\":\"https:\/\/tabernaculoprensadedios.com\/web\/unev-inaugura-la-semana-global-de-emprendimiento-2025-con-una-conferencia-sobre-liderazgo\/#breadcrumb\",\"itemListElement\":[{\"@type\":\"ListItem\",\"position\":1,\"name\":\"Portada\",\"item\":\"https:\/\/tabernaculoprensadedios.com\/web\/\"},{\"@type\":\"ListItem\",\"position\":2,\"name\":\"UNEV inaugura la Semana Global de Emprendimiento 2025 con una conferencia sobre liderazgo\"}]},{\"@type\":\"WebSite\",\"@id\":\"https:\/\/tabernaculoprensadedios.com\/web\/#website\",\"url\":\"https:\/\/tabernaculoprensadedios.com\/web\/\",\"name\":\"Tabernaculo Prensa de Dios\",\"description\":\"Un medio a la manera de Dios\",\"publisher\":{\"@id\":\"https:\/\/tabernaculoprensadedios.com\/web\/#\/schema\/person\/bc0e069fef56b38e177db6f098ae0b6e\"},\"potentialAction\":[{\"@type\":\"SearchAction\",\"target\":{\"@type\":\"EntryPoint\",\"urlTemplate\":\"https:\/\/tabernaculoprensadedios.com\/web\/?s={search_term_string}\"},\"query-input\":{\"@type\":\"PropertyValueSpecification\",\"valueRequired\":true,\"valueName\":\"search_term_string\"}}],\"inLanguage\":\"es\"},{\"@type\":[\"Person\",\"Organization\"],\"@id\":\"https:\/\/tabernaculoprensadedios.com\/web\/#\/schema\/person\/bc0e069fef56b38e177db6f098ae0b6e\",\"name\":\"tabernaculo\",\"image\":{\"@type\":\"ImageObject\",\"inLanguage\":\"es\",\"@id\":\"https:\/\/tabernaculoprensadedios.com\/web\/#\/schema\/person\/image\/\",\"url\":\"https:\/\/tabernaculoprensadedios.com\/web\/wp-content\/uploads\/2015\/06\/login-logo1.png\",\"contentUrl\":\"https:\/\/tabernaculoprensadedios.com\/web\/wp-content\/uploads\/2015\/06\/login-logo1.png\",\"width\":300,\"height\":118,\"caption\":\"tabernaculo\"},\"logo\":{\"@id\":\"https:\/\/tabernaculoprensadedios.com\/web\/#\/schema\/person\/image\/\"},\"url\":\"https:\/\/tabernaculoprensadedios.com\/web\/author\/tabernaculo\/\"}]}<\/script>\n<!-- \/ Yoast SEO Premium plugin. -->","yoast_head_json":{"title":"UNEV inaugura la Semana Global de Emprendimiento 2025 con una conferencia sobre liderazgo - Tabernaculo Prensa de Dios","robots":{"index":"index","follow":"follow","max-snippet":"max-snippet:-1","max-image-preview":"max-image-preview:large","max-video-preview":"max-video-preview:-1"},"canonical":"https:\/\/tabernaculoprensadedios.com\/web\/unev-inaugura-la-semana-global-de-emprendimiento-2025-con-una-conferencia-sobre-liderazgo\/","og_locale":"es_ES","og_type":"article","og_title":"UNEV inaugura la Semana Global de Emprendimiento 2025 con una conferencia sobre liderazgo","og_description":"La Universidad Nacional Evang\u00e9lica (UNEV), a trav\u00e9s de su Centro de Emprendimiento Emprende UNEV, dej\u00f3 formalmente iniciada la Semana Global de Emprendimiento 2025, un movimiento internacional que re\u00fane a m\u00e1s de 200 pa\u00edses para promover la innovaci\u00f3n, la creatividad y la cultura emprendedora. El evento inici\u00f3 este mi\u00e9rcoles 19 de noviembre con la conferencia \u201cEmprendimiento &hellip;","og_url":"https:\/\/tabernaculoprensadedios.com\/web\/unev-inaugura-la-semana-global-de-emprendimiento-2025-con-una-conferencia-sobre-liderazgo\/","og_site_name":"Tabernaculo Prensa de Dios","article_published_time":"2025-11-20T00:01:09+00:00","article_modified_time":"2025-11-20T02:10:10+00:00","og_image":[{"width":727,"height":409,"url":"https:\/\/tabernaculoprensadedios.com\/web\/wp-content\/uploads\/2025\/11\/WhatsApp-Image-2025-11-19-at-12.05.18-727x409-1.avif","type":"image\/jpeg"}],"author":"tabernaculo","twitter_card":"summary_large_image","twitter_creator":"@PrensadeDios","twitter_site":"@PrensadeDios","twitter_misc":{"Escrito por":"tabernaculo","Tiempo de lectura":"2 minutos"},"schema":{"@context":"https:\/\/schema.org","@graph":[{"@type":"Article","@id":"https:\/\/tabernaculoprensadedios.com\/web\/unev-inaugura-la-semana-global-de-emprendimiento-2025-con-una-conferencia-sobre-liderazgo\/#article","isPartOf":{"@id":"https:\/\/tabernaculoprensadedios.com\/web\/unev-inaugura-la-semana-global-de-emprendimiento-2025-con-una-conferencia-sobre-liderazgo\/"},"author":{"name":"tabernaculo","@id":"https:\/\/tabernaculoprensadedios.com\/web\/#\/schema\/person\/bc0e069fef56b38e177db6f098ae0b6e"},"headline":"UNEV inaugura la Semana Global de Emprendimiento 2025 con una conferencia sobre liderazgo","datePublished":"2025-11-20T00:01:09+00:00","dateModified":"2025-11-20T02:10:10+00:00","mainEntityOfPage":{"@id":"https:\/\/tabernaculoprensadedios.com\/web\/unev-inaugura-la-semana-global-de-emprendimiento-2025-con-una-conferencia-sobre-liderazgo\/"},"wordCount":307,"commentCount":0,"publisher":{"@id":"https:\/\/tabernaculoprensadedios.com\/web\/#\/schema\/person\/bc0e069fef56b38e177db6f098ae0b6e"},"image":{"@id":"https:\/\/tabernaculoprensadedios.com\/web\/unev-inaugura-la-semana-global-de-emprendimiento-2025-con-una-conferencia-sobre-liderazgo\/#primaryimage"},"thumbnailUrl":"https:\/\/tabernaculoprensadedios.com\/web\/wp-content\/uploads\/2025\/11\/WhatsApp-Image-2025-11-19-at-12.05.18-727x409-1.avif","articleSection":["Educaci\u00f3n"],"inLanguage":"es","potentialAction":[{"@type":"CommentAction","name":"Comment","target":["https:\/\/tabernaculoprensadedios.com\/web\/unev-inaugura-la-semana-global-de-emprendimiento-2025-con-una-conferencia-sobre-liderazgo\/#respond"]}]},{"@type":"WebPage","@id":"https:\/\/tabernaculoprensadedios.com\/web\/unev-inaugura-la-semana-global-de-emprendimiento-2025-con-una-conferencia-sobre-liderazgo\/","url":"https:\/\/tabernaculoprensadedios.com\/web\/unev-inaugura-la-semana-global-de-emprendimiento-2025-con-una-conferencia-sobre-liderazgo\/","name":"UNEV inaugura la Semana Global de Emprendimiento 2025 con una conferencia sobre liderazgo - Tabernaculo Prensa de Dios","isPartOf":{"@id":"https:\/\/tabernaculoprensadedios.com\/web\/#website"},"primaryImageOfPage":{"@id":"https:\/\/tabernaculoprensadedios.com\/web\/unev-inaugura-la-semana-global-de-emprendimiento-2025-con-una-conferencia-sobre-liderazgo\/#primaryimage"},"image":{"@id":"https:\/\/tabernaculoprensadedios.com\/web\/unev-inaugura-la-semana-global-de-emprendimiento-2025-con-una-conferencia-sobre-liderazgo\/#primaryimage"},"thumbnailUrl":"https:\/\/tabernaculoprensadedios.com\/web\/wp-content\/uploads\/2025\/11\/WhatsApp-Image-2025-11-19-at-12.05.18-727x409-1.avif","datePublished":"2025-11-20T00:01:09+00:00","dateModified":"2025-11-20T02:10:10+00:00","breadcrumb":{"@id":"https:\/\/tabernaculoprensadedios.com\/web\/unev-inaugura-la-semana-global-de-emprendimiento-2025-con-una-conferencia-sobre-liderazgo\/#breadcrumb"},"inLanguage":"es","potentialAction":[{"@type":"ReadAction","target":["https:\/\/tabernaculoprensadedios.com\/web\/unev-inaugura-la-semana-global-de-emprendimiento-2025-con-una-conferencia-sobre-liderazgo\/"]}]},{"@type":"ImageObject","inLanguage":"es","@id":"https:\/\/tabernaculoprensadedios.com\/web\/unev-inaugura-la-semana-global-de-emprendimiento-2025-con-una-conferencia-sobre-liderazgo\/#primaryimage","url":"https:\/\/tabernaculoprensadedios.com\/web\/wp-content\/uploads\/2025\/11\/WhatsApp-Image-2025-11-19-at-12.05.18-727x409-1.avif","contentUrl":"https:\/\/tabernaculoprensadedios.com\/web\/wp-content\/uploads\/2025\/11\/WhatsApp-Image-2025-11-19-at-12.05.18-727x409-1.avif","width":727,"height":409},{"@type":"BreadcrumbList","@id":"https:\/\/tabernaculoprensadedios.com\/web\/unev-inaugura-la-semana-global-de-emprendimiento-2025-con-una-conferencia-sobre-liderazgo\/#breadcrumb","itemListElement":[{"@type":"ListItem","position":1,"name":"Portada","item":"https:\/\/tabernaculoprensadedios.com\/web\/"},{"@type":"ListItem","position":2,"name":"UNEV inaugura la Semana Global de Emprendimiento 2025 con una conferencia sobre liderazgo"}]},{"@type":"WebSite","@id":"https:\/\/tabernaculoprensadedios.com\/web\/#website","url":"https:\/\/tabernaculoprensadedios.com\/web\/","name":"Tabernaculo Prensa de Dios","description":"Un medio a la manera de Dios","publisher":{"@id":"https:\/\/tabernaculoprensadedios.com\/web\/#\/schema\/person\/bc0e069fef56b38e177db6f098ae0b6e"},"potentialAction":[{"@type":"SearchAction","target":{"@type":"EntryPoint","urlTemplate":"https:\/\/tabernaculoprensadedios.com\/web\/?s={search_term_string}"},"query-input":{"@type":"PropertyValueSpecification","valueRequired":true,"valueName":"search_term_string"}}],"inLanguage":"es"},{"@type":["Person","Organization"],"@id":"https:\/\/tabernaculoprensadedios.com\/web\/#\/schema\/person\/bc0e069fef56b38e177db6f098ae0b6e","name":"tabernaculo","image":{"@type":"ImageObject","inLanguage":"es","@id":"https:\/\/tabernaculoprensadedios.com\/web\/#\/schema\/person\/image\/","url":"https:\/\/tabernaculoprensadedios.com\/web\/wp-content\/uploads\/2015\/06\/login-logo1.png","contentUrl":"https:\/\/tabernaculoprensadedios.com\/web\/wp-content\/uploads\/2015\/06\/login-logo1.png","width":300,"height":118,"caption":"tabernaculo"},"logo":{"@id":"https:\/\/tabernaculoprensadedios.com\/web\/#\/schema\/person\/image\/"},"url":"https:\/\/tabernaculoprensadedios.com\/web\/author\/tabernaculo\/"}]}},"_links":{"self":[{"href":"https:\/\/tabernaculoprensadedios.com\/web\/wp-json\/wp\/v2\/posts\/36428","targetHints":{"allow":["GET"]}}],"collection":[{"href":"https:\/\/tabernaculoprensadedios.com\/web\/wp-json\/wp\/v2\/posts"}],"about":[{"href":"https:\/\/tabernaculoprensadedios.com\/web\/wp-json\/wp\/v2\/types\/post"}],"author":[{"embeddable":true,"href":"https:\/\/tabernaculoprensadedios.com\/web\/wp-json\/wp\/v2\/users\/1"}],"replies":[{"embeddable":true,"href":"https:\/\/tabernaculoprensadedios.com\/web\/wp-json\/wp\/v2\/comments?post=36428"}],"version-history":[{"count":1,"href":"https:\/\/tabernaculoprensadedios.com\/web\/wp-json\/wp\/v2\/posts\/36428\/revisions"}],"predecessor-version":[{"id":36431,"href":"https:\/\/tabernaculoprensadedios.com\/web\/wp-json\/wp\/v2\/posts\/36428\/revisions\/36431"}],"wp:featuredmedia":[{"embeddable":true,"href":"https:\/\/tabernaculoprensadedios.com\/web\/wp-json\/wp\/v2\/media\/36430"}],"wp:attachment":[{"href":"https:\/\/tabernaculoprensadedios.com\/web\/wp-json\/wp\/v2\/media?parent=36428"}],"wp:term":[{"taxonomy":"category","embeddable":true,"href":"https:\/\/tabernaculoprensadedios.com\/web\/wp-json\/wp\/v2\/categories?post=36428"},{"taxonomy":"post_tag","embeddable":true,"href":"https:\/\/tabernaculoprensadedios.com\/web\/wp-json\/wp\/v2\/tags?post=36428"}],"curies":[{"name":"wp","href":"https:\/\/api.w.org\/{rel}","templated":true}]}}