{"id":36378,"date":"2025-11-15T22:30:18","date_gmt":"2025-11-15T22:30:18","guid":{"rendered":"https:\/\/tabernaculoprensadedios.com\/web\/?p=36378"},"modified":"2025-11-16T18:43:55","modified_gmt":"2025-11-16T18:43:55","slug":"el-calla-la-tormenta-que-tu-no-puedes-detener","status":"publish","type":"post","link":"https:\/\/tabernaculoprensadedios.com\/web\/el-calla-la-tormenta-que-tu-no-puedes-detener\/","title":{"rendered":"\u00c9l Calla la Tormenta que T\u00fa No Puedes Detener"},"content":{"rendered":"<p><strong>MATEO 8:23\u201327 Y entrando \u00e9l en la barca, sus disc\u00edpulos le siguieron.<\/strong> 24 Y he aqu\u00ed que se levant\u00f3 en el mar una tempestad tan grande que las olas cubr\u00edan la barca; pero \u00e9l dorm\u00eda. 25 Y vinieron sus disc\u00edpulos y le despertaron, diciendo: \u00a1Se\u00f1or, s\u00e1lvanos, que perecemos! 26 \u00c9l les dijo: \u00bfPor qu\u00e9 tem\u00e9is, hombres de poca fe? Entonces, levant\u00e1ndose, reprendi\u00f3 a los vientos y al mar; y se hizo grande bonanza. 27 Y los hombres se maravillaron, diciendo: \u00bfQu\u00e9 hombre es este, que aun los vientos y el mar le obedecen?<\/p>\n<p>En estos vers\u00edculos que hemos le\u00eddo para comenzar podemos ver que la tempestad sorprendi\u00f3 a todos: A disc\u00edpulos que no eran expertos en navegaci\u00f3n, como tambi\u00e9n a pescadores expertos; sorprendi\u00f3 a hombres fuertes y valientes y tambi\u00e9n a los m\u00e1s temerosos. Verdaderamente LA TORMENTA NO HIZO NINGUNA DISTINCI\u00d3N.<\/p>\n<p>Esto nos debe hacer reflexionar que de la misma forma nos sorprende a todos lo incontrolable en nuestra vida, LO INCONTROLABLE NOS PONE A TODOS EN LA MISMA CONDICI\u00d3N tanto a ricos y pobres, a intelectuales y analfabetas, a los j\u00f3venes como a los adultos y ancianos, LO INCONTROLABLE NOS IGUALA, nos demuestra a todos sin excepci\u00f3n nuestra debilidad y nuestra fragilidad y nos recuerda CU\u00c1NTO NECESITAMOS LA AYUDA DE NUESTRO DIOS.<\/p>\n<p>Tenemos que comprender que hay cosas que pasan en nuestra vida que ning\u00fan dinero, t\u00edtulo, experiencia o posici\u00f3n pueden detener.<\/p>\n<p>VERDADERAMENTE LA VIDA TRAE SITUACIONES FUERA DE NUESTRAS MANOS, PERO NUNCA FUERA DE LAS MANOS DEL SE\u00d1OR<\/p>\n<p><strong>I) \u00bfCU\u00c1LES SON ALGUNAS DE LAS COSAS INCONTROLABLES QUE ENFRENTAMOS?<\/strong><br \/>\nLO INCONTROLABLE DE LA VIDA (Job 30:26) Cuando esperaba yo el bien, entonces vino el mal; Y cuando esperaba luz, vino la oscuridad.<\/p>\n<p>Enfermedades inesperadas<br \/>\nAccidentes<br \/>\nProcesos naturales de la vida (envejecimiento, p\u00e9rdidas, cambios)<\/p>\n<p><strong>LO INCONTROLABLE EN LAS RELACIONES PERSONALES (Salmos 55:12-13)<\/strong> Porque no me afrent\u00f3 un enemigo, Lo cual habr\u00eda soportado; Ni se alz\u00f3 contra m\u00ed el que me aborrec\u00eda, Porque me hubiera ocultado de \u00e9l; 13 Sino t\u00fa, hombre, al parecer \u00edntimo m\u00edo, Mi gu\u00eda, y mi familiar;<\/p>\n<p>Decisiones o acciones de otras personas<br \/>\nInjusticias que no provocamos<br \/>\nTraiciones o abandonos<\/p>\n<p><strong>LO INCONTROLABLE DE LO MATERIAL (Job 27:19)<\/strong> Rico se acuesta, pero por \u00faltima vez; Abrir\u00e1 sus ojos, y nada tendr\u00e1.<\/p>\n<p>Crisis econ\u00f3micas<br \/>\nDesempleo<br \/>\nProyectos que no funcionan aunque nos esforcemos<\/p>\n<p><strong>LO INCONTROLABLE DEL MUNDO ESPIRITUAL (Job 1:12) Dijo<\/strong> Jehov\u00e1 a Satan\u00e1s: He aqu\u00ed, todo lo que tiene est\u00e1 en tu mano; solamente no pongas tu mano sobre \u00e9l. Y sali\u00f3 Satan\u00e1s de delante de Jehov\u00e1.<\/p>\n<p>Ataques del enemigo<br \/>\nPruebas permitidas por Dios<br \/>\nTemporadas de nuestra vida en las cuales parece que Dios est\u00e1 \u201cen silencio\u201d<\/p>\n<p>Podemos reconocer que as\u00ed como los disc\u00edpulos no pod\u00edan controlar el viento ni el mar, NOSOTROS NO PODEMOS CONTROLAR TODO LO QUE OCURRE A NUESTRO ALREDEDOR. Pero s\u00ed podemos controlar c\u00f3mo reaccionamos y a qui\u00e9n acudimos en esos momentos de aflicci\u00f3n.<\/p>\n<p><strong>II) \u00bfQU\u00c9 DEBEMOS HACER ANTE LO INCONTROLABLE?<\/strong><br \/>\n(MATEO 8:25) Y vinieron sus disc\u00edpulos y le despertaron, diciendo: \u00a1Se\u00f1or, s\u00e1lvanos, que perecemos!<\/p>\n<p>Al igual que los disc\u00edpulos debemos RECONOCER QUE NO PODEMOS SOLOS<\/p>\n<p>Varios de los disc\u00edpulos que iban en esa barca eran pescadores expertos, pero lleg\u00f3 una tormenta que sobrepas\u00f3 su capacidad, su experiencia y su valent\u00eda, POR ESO R\u00c1PIDAMENTE BUSCARON LA AYUDA DEL SE\u00d1OR<\/p>\n<p>LA HUMILDAD ES EL PRIMER PASO PARA PODER ENFRENTAR LO INCONTROLABLE, cuando podemos reconocer que no podemos controlar ni enfrentar lo que ha venido a nuestra vida es cuando Dios comienza a obrar (2 Cr\u00f3nicas 20:12) \u00a1Oh Dios nuestro! \u00bfno los juzgar\u00e1s t\u00fa? Porque en nosotros no hay fuerza contra tan grande multitud que viene contra nosotros; no sabemos qu\u00e9 hacer, y a ti volvemos nuestros ojos.<\/p>\n<p>En esos momentos debemos CONFIAR QUE JES\u00daS TIENE TODA AUTORIDAD, A\u00daN SOBRE LO INCONTROLABLE (Mateo 8:27) Y los hombres se maravillaron, diciendo: \u00bfQu\u00e9 hombre es este, que aun los vientos y el mar le obedecen?<\/p>\n<p>Podemos estar seguros que la tormenta que nos amenaza, LE OBEDECE AL SE\u00d1OR, esto significa que LO QUE NO PODEMOS CONTROLAR ESTA EN LAS MANOS Y BAJO EL CONTROL DE DIOS (Mateo 28:18) Y Jes\u00fas se acerc\u00f3 y les habl\u00f3 diciendo: Toda potestad me es dada en el cielo y en la tierra.<\/p>\n<p><strong>III) \u00bfPOR QU\u00c9 DIOS PERMITE QUE NOS ENFRENTEMOS CON LO INCONTROLABLE EN NUESTRA VIDA?<\/strong><br \/>\n(LUCAS 8:22) Aconteci\u00f3 un d\u00eda, que entr\u00f3 en una barca con sus disc\u00edpulos, y les dijo: Pasemos al otro lado del lago. Y partieron.<\/p>\n<p>En este vers\u00edculo podemos ver un detalle muy importante: FUE JES\u00daS QUIEN LLEV\u00d3 A SUS DISC\u00cdPULOS A ENFRENTAR ESA GRAN TEMPESTAD, es decir que no fue casualidad, no fue mala suerte, ESE ERA EL PROP\u00d3SITO DEL SE\u00d1OR.<\/p>\n<p>Podemos estar seguros que, aunque no lo comprendamos, enfrentar lo incontrolable forma parte de los planes y pensamientos buenos de Dios para nuestra vida (Jerem\u00edas 29:11) Porque yo s\u00e9 los pensamientos que tengo acerca de vosotros, dice Jehov\u00e1, pensamientos de paz, y no de mal, para daros el fin que esper\u00e1is.<\/p>\n<p>Para ayudarnos a CRECER EN FE pues muchas veces una experiencia nos ense\u00f1a a conocer y confiar en el se\u00f1or que muchos sermones (Job 42:5) De o\u00eddas te hab\u00eda o\u00eddo; Mas ahora mis ojos te ven.<\/p>\n<p>Para ense\u00f1arnos a tener MAYOR DEPENDENCIA Verdaderamente despu\u00e9s de esta tempestad, los disc\u00edpulos aprendieron que:<\/p>\n<p>LA SEGURIDAD DE SU VIDA NO ESTABA EN LA BARCA, SINO EN JES\u00daS, (Juan 15:5) Yo soy la vid, vosotros los p\u00e1mpanos; el que permanece en m\u00ed, y yo en \u00e9l, este lleva mucho fruto; porque separados de m\u00ed nada pod\u00e9is hacer.<\/p>\n<p><strong>CONCLUSI\u00d3N:<\/strong> No podemos controlar los vientos, las olas, la econom\u00eda, la salud, ni las decisiones ajenas. Pero podemos decidir AFERRARNOS A CRISTO, clamar a \u00c9l y confiar en Su autoridad.LO INCONTROLABLE REVELA NUESTRA FRAGILIDAD, PERO TAMBI\u00c9N NOS REVELA LA GRANDEZA DE JES\u00daS.<\/p>\n","protected":false},"excerpt":{"rendered":"<p>MATEO 8:23\u201327 Y entrando \u00e9l en la barca, sus disc\u00edpulos le siguieron. 24 Y he aqu\u00ed que se levant\u00f3 en el mar una tempestad tan grande que las olas cubr\u00edan la barca; pero \u00e9l dorm\u00eda. 25 Y vinieron sus disc\u00edpulos y le despertaron, diciendo: \u00a1Se\u00f1or, s\u00e1lvanos, que perecemos! 26 \u00c9l les dijo: \u00bfPor qu\u00e9 tem\u00e9is, &hellip;<\/p>\n","protected":false},"author":1,"featured_media":36379,"comment_status":"open","ping_status":"open","sticky":false,"template":"","format":"standard","meta":{"footnotes":""},"categories":[38],"tags":[],"class_list":["post-36378","post","type-post","status-publish","format-standard","has-post-thumbnail","hentry","category-principal"],"yoast_head":"<!-- This site is optimized with the Yoast SEO Premium plugin v24.2 (Yoast SEO v27.1.1) - https:\/\/yoast.com\/product\/yoast-seo-premium-wordpress\/ -->\n<title>\u00c9l Calla la Tormenta que T\u00fa No Puedes Detener - Tabernaculo Prensa de Dios<\/title>\n<meta name=\"robots\" content=\"index, follow, max-snippet:-1, max-image-preview:large, max-video-preview:-1\" \/>\n<link rel=\"canonical\" href=\"https:\/\/tabernaculoprensadedios.com\/web\/el-calla-la-tormenta-que-tu-no-puedes-detener\/\" class=\"yoast-seo-meta-tag\" \/>\n<meta property=\"og:locale\" content=\"es_ES\" class=\"yoast-seo-meta-tag\" \/>\n<meta property=\"og:type\" content=\"article\" class=\"yoast-seo-meta-tag\" \/>\n<meta property=\"og:title\" content=\"\u00c9l Calla la Tormenta que T\u00fa No Puedes Detener\" class=\"yoast-seo-meta-tag\" \/>\n<meta property=\"og:description\" content=\"MATEO 8:23\u201327 Y entrando \u00e9l en la barca, sus disc\u00edpulos le siguieron. 24 Y he aqu\u00ed que se levant\u00f3 en el mar una tempestad tan grande que las olas cubr\u00edan la barca; pero \u00e9l dorm\u00eda. 25 Y vinieron sus disc\u00edpulos y le despertaron, diciendo: \u00a1Se\u00f1or, s\u00e1lvanos, que perecemos!\" class=\"yoast-seo-meta-tag\" \/>\n<meta property=\"og:url\" content=\"https:\/\/tabernaculoprensadedios.com\/web\/el-calla-la-tormenta-que-tu-no-puedes-detener\/\" class=\"yoast-seo-meta-tag\" \/>\n<meta property=\"og:site_name\" content=\"Tabernaculo Prensa de Dios\" class=\"yoast-seo-meta-tag\" \/>\n<meta property=\"article:published_time\" content=\"2025-11-15T22:30:18+00:00\" class=\"yoast-seo-meta-tag\" \/>\n<meta property=\"article:modified_time\" content=\"2025-11-16T18:43:55+00:00\" class=\"yoast-seo-meta-tag\" \/>\n<meta property=\"og:image\" content=\"https:\/\/tabernaculoprensadedios.com\/web\/wp-content\/uploads\/2025\/11\/od9eozfsoh0.avif\" class=\"yoast-seo-meta-tag\" \/>\n\t<meta property=\"og:image:width\" content=\"1600\" class=\"yoast-seo-meta-tag\" \/>\n\t<meta property=\"og:image:height\" content=\"1065\" class=\"yoast-seo-meta-tag\" \/>\n\t<meta property=\"og:image:type\" content=\"image\/jpeg\" class=\"yoast-seo-meta-tag\" \/>\n<meta name=\"author\" content=\"tabernaculo\" class=\"yoast-seo-meta-tag\" \/>\n<meta name=\"twitter:card\" content=\"summary_large_image\" class=\"yoast-seo-meta-tag\" \/>\n<meta name=\"twitter:creator\" content=\"@PrensadeDios\" class=\"yoast-seo-meta-tag\" \/>\n<meta name=\"twitter:site\" content=\"@PrensadeDios\" class=\"yoast-seo-meta-tag\" \/>\n<meta name=\"twitter:label1\" content=\"Escrito por\" class=\"yoast-seo-meta-tag\" \/>\n\t<meta name=\"twitter:data1\" content=\"tabernaculo\" class=\"yoast-seo-meta-tag\" \/>\n\t<meta name=\"twitter:label2\" content=\"Tiempo de lectura\" class=\"yoast-seo-meta-tag\" \/>\n\t<meta name=\"twitter:data2\" content=\"5 minutos\" class=\"yoast-seo-meta-tag\" \/>\n<script type=\"application\/ld+json\" class=\"yoast-schema-graph\">{\"@context\":\"https:\/\/schema.org\",\"@graph\":[{\"@type\":\"Article\",\"@id\":\"https:\/\/tabernaculoprensadedios.com\/web\/el-calla-la-tormenta-que-tu-no-puedes-detener\/#article\",\"isPartOf\":{\"@id\":\"https:\/\/tabernaculoprensadedios.com\/web\/el-calla-la-tormenta-que-tu-no-puedes-detener\/\"},\"author\":{\"name\":\"tabernaculo\",\"@id\":\"https:\/\/tabernaculoprensadedios.com\/web\/#\/schema\/person\/bc0e069fef56b38e177db6f098ae0b6e\"},\"headline\":\"\u00c9l Calla la Tormenta que T\u00fa No Puedes Detener\",\"datePublished\":\"2025-11-15T22:30:18+00:00\",\"dateModified\":\"2025-11-16T18:43:55+00:00\",\"mainEntityOfPage\":{\"@id\":\"https:\/\/tabernaculoprensadedios.com\/web\/el-calla-la-tormenta-que-tu-no-puedes-detener\/\"},\"wordCount\":1028,\"commentCount\":0,\"publisher\":{\"@id\":\"https:\/\/tabernaculoprensadedios.com\/web\/#\/schema\/person\/bc0e069fef56b38e177db6f098ae0b6e\"},\"image\":{\"@id\":\"https:\/\/tabernaculoprensadedios.com\/web\/el-calla-la-tormenta-que-tu-no-puedes-detener\/#primaryimage\"},\"thumbnailUrl\":\"https:\/\/tabernaculoprensadedios.com\/web\/wp-content\/uploads\/2025\/11\/od9eozfsoh0.avif\",\"articleSection\":[\"Principal\"],\"inLanguage\":\"es\",\"potentialAction\":[{\"@type\":\"CommentAction\",\"name\":\"Comment\",\"target\":[\"https:\/\/tabernaculoprensadedios.com\/web\/el-calla-la-tormenta-que-tu-no-puedes-detener\/#respond\"]}]},{\"@type\":\"WebPage\",\"@id\":\"https:\/\/tabernaculoprensadedios.com\/web\/el-calla-la-tormenta-que-tu-no-puedes-detener\/\",\"url\":\"https:\/\/tabernaculoprensadedios.com\/web\/el-calla-la-tormenta-que-tu-no-puedes-detener\/\",\"name\":\"\u00c9l Calla la Tormenta que T\u00fa No Puedes Detener - Tabernaculo Prensa de Dios\",\"isPartOf\":{\"@id\":\"https:\/\/tabernaculoprensadedios.com\/web\/#website\"},\"primaryImageOfPage\":{\"@id\":\"https:\/\/tabernaculoprensadedios.com\/web\/el-calla-la-tormenta-que-tu-no-puedes-detener\/#primaryimage\"},\"image\":{\"@id\":\"https:\/\/tabernaculoprensadedios.com\/web\/el-calla-la-tormenta-que-tu-no-puedes-detener\/#primaryimage\"},\"thumbnailUrl\":\"https:\/\/tabernaculoprensadedios.com\/web\/wp-content\/uploads\/2025\/11\/od9eozfsoh0.avif\",\"datePublished\":\"2025-11-15T22:30:18+00:00\",\"dateModified\":\"2025-11-16T18:43:55+00:00\",\"breadcrumb\":{\"@id\":\"https:\/\/tabernaculoprensadedios.com\/web\/el-calla-la-tormenta-que-tu-no-puedes-detener\/#breadcrumb\"},\"inLanguage\":\"es\",\"potentialAction\":[{\"@type\":\"ReadAction\",\"target\":[\"https:\/\/tabernaculoprensadedios.com\/web\/el-calla-la-tormenta-que-tu-no-puedes-detener\/\"]}]},{\"@type\":\"ImageObject\",\"inLanguage\":\"es\",\"@id\":\"https:\/\/tabernaculoprensadedios.com\/web\/el-calla-la-tormenta-que-tu-no-puedes-detener\/#primaryimage\",\"url\":\"https:\/\/tabernaculoprensadedios.com\/web\/wp-content\/uploads\/2025\/11\/od9eozfsoh0.avif\",\"contentUrl\":\"https:\/\/tabernaculoprensadedios.com\/web\/wp-content\/uploads\/2025\/11\/od9eozfsoh0.avif\",\"width\":1600,\"height\":1065,\"caption\":\"five birds flying on the sea\"},{\"@type\":\"BreadcrumbList\",\"@id\":\"https:\/\/tabernaculoprensadedios.com\/web\/el-calla-la-tormenta-que-tu-no-puedes-detener\/#breadcrumb\",\"itemListElement\":[{\"@type\":\"ListItem\",\"position\":1,\"name\":\"Portada\",\"item\":\"https:\/\/tabernaculoprensadedios.com\/web\/\"},{\"@type\":\"ListItem\",\"position\":2,\"name\":\"\u00c9l Calla la Tormenta que T\u00fa No Puedes Detener\"}]},{\"@type\":\"WebSite\",\"@id\":\"https:\/\/tabernaculoprensadedios.com\/web\/#website\",\"url\":\"https:\/\/tabernaculoprensadedios.com\/web\/\",\"name\":\"Tabernaculo Prensa de Dios\",\"description\":\"Un medio a la manera de Dios\",\"publisher\":{\"@id\":\"https:\/\/tabernaculoprensadedios.com\/web\/#\/schema\/person\/bc0e069fef56b38e177db6f098ae0b6e\"},\"potentialAction\":[{\"@type\":\"SearchAction\",\"target\":{\"@type\":\"EntryPoint\",\"urlTemplate\":\"https:\/\/tabernaculoprensadedios.com\/web\/?s={search_term_string}\"},\"query-input\":{\"@type\":\"PropertyValueSpecification\",\"valueRequired\":true,\"valueName\":\"search_term_string\"}}],\"inLanguage\":\"es\"},{\"@type\":[\"Person\",\"Organization\"],\"@id\":\"https:\/\/tabernaculoprensadedios.com\/web\/#\/schema\/person\/bc0e069fef56b38e177db6f098ae0b6e\",\"name\":\"tabernaculo\",\"image\":{\"@type\":\"ImageObject\",\"inLanguage\":\"es\",\"@id\":\"https:\/\/tabernaculoprensadedios.com\/web\/#\/schema\/person\/image\/\",\"url\":\"https:\/\/tabernaculoprensadedios.com\/web\/wp-content\/uploads\/2015\/06\/login-logo1.png\",\"contentUrl\":\"https:\/\/tabernaculoprensadedios.com\/web\/wp-content\/uploads\/2015\/06\/login-logo1.png\",\"width\":300,\"height\":118,\"caption\":\"tabernaculo\"},\"logo\":{\"@id\":\"https:\/\/tabernaculoprensadedios.com\/web\/#\/schema\/person\/image\/\"},\"url\":\"https:\/\/tabernaculoprensadedios.com\/web\/author\/tabernaculo\/\"}]}<\/script>\n<!-- \/ Yoast SEO Premium plugin. -->","yoast_head_json":{"title":"\u00c9l Calla la Tormenta que T\u00fa No Puedes Detener - Tabernaculo Prensa de Dios","robots":{"index":"index","follow":"follow","max-snippet":"max-snippet:-1","max-image-preview":"max-image-preview:large","max-video-preview":"max-video-preview:-1"},"canonical":"https:\/\/tabernaculoprensadedios.com\/web\/el-calla-la-tormenta-que-tu-no-puedes-detener\/","og_locale":"es_ES","og_type":"article","og_title":"\u00c9l Calla la Tormenta que T\u00fa No Puedes Detener","og_description":"MATEO 8:23\u201327 Y entrando \u00e9l en la barca, sus disc\u00edpulos le siguieron. 24 Y he aqu\u00ed que se levant\u00f3 en el mar una tempestad tan grande que las olas cubr\u00edan la barca; pero \u00e9l dorm\u00eda. 25 Y vinieron sus disc\u00edpulos y le despertaron, diciendo: \u00a1Se\u00f1or, s\u00e1lvanos, que perecemos!","og_url":"https:\/\/tabernaculoprensadedios.com\/web\/el-calla-la-tormenta-que-tu-no-puedes-detener\/","og_site_name":"Tabernaculo Prensa de Dios","article_published_time":"2025-11-15T22:30:18+00:00","article_modified_time":"2025-11-16T18:43:55+00:00","og_image":[{"width":1600,"height":1065,"url":"https:\/\/tabernaculoprensadedios.com\/web\/wp-content\/uploads\/2025\/11\/od9eozfsoh0.avif","type":"image\/jpeg"}],"author":"tabernaculo","twitter_card":"summary_large_image","twitter_creator":"@PrensadeDios","twitter_site":"@PrensadeDios","twitter_misc":{"Escrito por":"tabernaculo","Tiempo de lectura":"5 minutos"},"schema":{"@context":"https:\/\/schema.org","@graph":[{"@type":"Article","@id":"https:\/\/tabernaculoprensadedios.com\/web\/el-calla-la-tormenta-que-tu-no-puedes-detener\/#article","isPartOf":{"@id":"https:\/\/tabernaculoprensadedios.com\/web\/el-calla-la-tormenta-que-tu-no-puedes-detener\/"},"author":{"name":"tabernaculo","@id":"https:\/\/tabernaculoprensadedios.com\/web\/#\/schema\/person\/bc0e069fef56b38e177db6f098ae0b6e"},"headline":"\u00c9l Calla la Tormenta que T\u00fa No Puedes Detener","datePublished":"2025-11-15T22:30:18+00:00","dateModified":"2025-11-16T18:43:55+00:00","mainEntityOfPage":{"@id":"https:\/\/tabernaculoprensadedios.com\/web\/el-calla-la-tormenta-que-tu-no-puedes-detener\/"},"wordCount":1028,"commentCount":0,"publisher":{"@id":"https:\/\/tabernaculoprensadedios.com\/web\/#\/schema\/person\/bc0e069fef56b38e177db6f098ae0b6e"},"image":{"@id":"https:\/\/tabernaculoprensadedios.com\/web\/el-calla-la-tormenta-que-tu-no-puedes-detener\/#primaryimage"},"thumbnailUrl":"https:\/\/tabernaculoprensadedios.com\/web\/wp-content\/uploads\/2025\/11\/od9eozfsoh0.avif","articleSection":["Principal"],"inLanguage":"es","potentialAction":[{"@type":"CommentAction","name":"Comment","target":["https:\/\/tabernaculoprensadedios.com\/web\/el-calla-la-tormenta-que-tu-no-puedes-detener\/#respond"]}]},{"@type":"WebPage","@id":"https:\/\/tabernaculoprensadedios.com\/web\/el-calla-la-tormenta-que-tu-no-puedes-detener\/","url":"https:\/\/tabernaculoprensadedios.com\/web\/el-calla-la-tormenta-que-tu-no-puedes-detener\/","name":"\u00c9l Calla la Tormenta que T\u00fa No Puedes Detener - Tabernaculo Prensa de Dios","isPartOf":{"@id":"https:\/\/tabernaculoprensadedios.com\/web\/#website"},"primaryImageOfPage":{"@id":"https:\/\/tabernaculoprensadedios.com\/web\/el-calla-la-tormenta-que-tu-no-puedes-detener\/#primaryimage"},"image":{"@id":"https:\/\/tabernaculoprensadedios.com\/web\/el-calla-la-tormenta-que-tu-no-puedes-detener\/#primaryimage"},"thumbnailUrl":"https:\/\/tabernaculoprensadedios.com\/web\/wp-content\/uploads\/2025\/11\/od9eozfsoh0.avif","datePublished":"2025-11-15T22:30:18+00:00","dateModified":"2025-11-16T18:43:55+00:00","breadcrumb":{"@id":"https:\/\/tabernaculoprensadedios.com\/web\/el-calla-la-tormenta-que-tu-no-puedes-detener\/#breadcrumb"},"inLanguage":"es","potentialAction":[{"@type":"ReadAction","target":["https:\/\/tabernaculoprensadedios.com\/web\/el-calla-la-tormenta-que-tu-no-puedes-detener\/"]}]},{"@type":"ImageObject","inLanguage":"es","@id":"https:\/\/tabernaculoprensadedios.com\/web\/el-calla-la-tormenta-que-tu-no-puedes-detener\/#primaryimage","url":"https:\/\/tabernaculoprensadedios.com\/web\/wp-content\/uploads\/2025\/11\/od9eozfsoh0.avif","contentUrl":"https:\/\/tabernaculoprensadedios.com\/web\/wp-content\/uploads\/2025\/11\/od9eozfsoh0.avif","width":1600,"height":1065,"caption":"five birds flying on the sea"},{"@type":"BreadcrumbList","@id":"https:\/\/tabernaculoprensadedios.com\/web\/el-calla-la-tormenta-que-tu-no-puedes-detener\/#breadcrumb","itemListElement":[{"@type":"ListItem","position":1,"name":"Portada","item":"https:\/\/tabernaculoprensadedios.com\/web\/"},{"@type":"ListItem","position":2,"name":"\u00c9l Calla la Tormenta que T\u00fa No Puedes Detener"}]},{"@type":"WebSite","@id":"https:\/\/tabernaculoprensadedios.com\/web\/#website","url":"https:\/\/tabernaculoprensadedios.com\/web\/","name":"Tabernaculo Prensa de Dios","description":"Un medio a la manera de Dios","publisher":{"@id":"https:\/\/tabernaculoprensadedios.com\/web\/#\/schema\/person\/bc0e069fef56b38e177db6f098ae0b6e"},"potentialAction":[{"@type":"SearchAction","target":{"@type":"EntryPoint","urlTemplate":"https:\/\/tabernaculoprensadedios.com\/web\/?s={search_term_string}"},"query-input":{"@type":"PropertyValueSpecification","valueRequired":true,"valueName":"search_term_string"}}],"inLanguage":"es"},{"@type":["Person","Organization"],"@id":"https:\/\/tabernaculoprensadedios.com\/web\/#\/schema\/person\/bc0e069fef56b38e177db6f098ae0b6e","name":"tabernaculo","image":{"@type":"ImageObject","inLanguage":"es","@id":"https:\/\/tabernaculoprensadedios.com\/web\/#\/schema\/person\/image\/","url":"https:\/\/tabernaculoprensadedios.com\/web\/wp-content\/uploads\/2015\/06\/login-logo1.png","contentUrl":"https:\/\/tabernaculoprensadedios.com\/web\/wp-content\/uploads\/2015\/06\/login-logo1.png","width":300,"height":118,"caption":"tabernaculo"},"logo":{"@id":"https:\/\/tabernaculoprensadedios.com\/web\/#\/schema\/person\/image\/"},"url":"https:\/\/tabernaculoprensadedios.com\/web\/author\/tabernaculo\/"}]}},"_links":{"self":[{"href":"https:\/\/tabernaculoprensadedios.com\/web\/wp-json\/wp\/v2\/posts\/36378","targetHints":{"allow":["GET"]}}],"collection":[{"href":"https:\/\/tabernaculoprensadedios.com\/web\/wp-json\/wp\/v2\/posts"}],"about":[{"href":"https:\/\/tabernaculoprensadedios.com\/web\/wp-json\/wp\/v2\/types\/post"}],"author":[{"embeddable":true,"href":"https:\/\/tabernaculoprensadedios.com\/web\/wp-json\/wp\/v2\/users\/1"}],"replies":[{"embeddable":true,"href":"https:\/\/tabernaculoprensadedios.com\/web\/wp-json\/wp\/v2\/comments?post=36378"}],"version-history":[{"count":1,"href":"https:\/\/tabernaculoprensadedios.com\/web\/wp-json\/wp\/v2\/posts\/36378\/revisions"}],"predecessor-version":[{"id":36380,"href":"https:\/\/tabernaculoprensadedios.com\/web\/wp-json\/wp\/v2\/posts\/36378\/revisions\/36380"}],"wp:featuredmedia":[{"embeddable":true,"href":"https:\/\/tabernaculoprensadedios.com\/web\/wp-json\/wp\/v2\/media\/36379"}],"wp:attachment":[{"href":"https:\/\/tabernaculoprensadedios.com\/web\/wp-json\/wp\/v2\/media?parent=36378"}],"wp:term":[{"taxonomy":"category","embeddable":true,"href":"https:\/\/tabernaculoprensadedios.com\/web\/wp-json\/wp\/v2\/categories?post=36378"},{"taxonomy":"post_tag","embeddable":true,"href":"https:\/\/tabernaculoprensadedios.com\/web\/wp-json\/wp\/v2\/tags?post=36378"}],"curies":[{"name":"wp","href":"https:\/\/api.w.org\/{rel}","templated":true}]}}