{"id":36372,"date":"2025-11-14T00:00:51","date_gmt":"2025-11-14T00:00:51","guid":{"rendered":"https:\/\/tabernaculoprensadedios.com\/web\/?p=36372"},"modified":"2025-11-14T00:00:51","modified_gmt":"2025-11-14T00:00:51","slug":"cristianos-no-podemos-cambiar-la-vida-de-los-demas","status":"publish","type":"post","link":"https:\/\/tabernaculoprensadedios.com\/web\/cristianos-no-podemos-cambiar-la-vida-de-los-demas\/","title":{"rendered":"Cristianos, no podemos cambiar la vida de los dem\u00e1s"},"content":{"rendered":"<p>Laura tiene unos meses en una relaci\u00f3n de discipulado con una joven que ha mostrado diferentes \u00e1reas en las que necesita crecer y alinear su vida con las verdades de Jes\u00fas. Laura tiene muchos deseos de que esta joven cambie, pero la nota algo lenta y reactiva en los pasos que debe dar, por lo que decidi\u00f3 involucrarse cada vez m\u00e1s en su vida y ser m\u00e1s insistente con ella en lo que necesita hacer, para que as\u00ed, los cambios necesarios en su vida\u00a0<i>ocurran<\/i>.<\/p>\n<p>Juli\u00e1n est\u00e1 en un proceso de consejer\u00eda con un hombre que tiene luchas en el \u00e1mbito financiero. Han conversado sobre diferentes aspectos de su coraz\u00f3n y sobre algunos pasos que \u00e9l necesita dar en su proceso de transformaci\u00f3n. Sin embargo, mientras pasa el tiempo, Juli\u00e1n se da cuenta de que no est\u00e1 viendo en su aconsejado la transformaci\u00f3n que esperar\u00eda. Su coraz\u00f3n comienza a desanimarse, pensando que la raz\u00f3n por la que su aconsejado no ha cambiado es porque \u00e9l no ha sido capaz como consejero.<\/p>\n<p>Laura y Juli\u00e1n tienen algo en com\u00fan: la idea de que el cambio en el otro depende, en alguna medida, de ellos. Pero estos solo son ejemplos hipot\u00e9ticos. T\u00fa y yo tambi\u00e9n somos Laura y Juli\u00e1n, porque lidiamos con la tentaci\u00f3n de pensar que el cambio en los dem\u00e1s depende de nosotros: de nuestros m\u00e9todos, de nuestro nivel de involucramiento, de la perspicacia de nuestros consejos o de nuestras habilidades.<\/p>\n<p>Sin embargo, debemos recordar que nuestro rol en el cambio de otros es solo\u00a0<i>como colaboradores<\/i>\u00a0en el trabajo que es del Se\u00f1or: \u00abPorque nosotros somos colaboradores en la labor de Dios, y ustedes son el campo de cultivo de Dios, el edificio de Dios\u00bb (1 Co 3:9).<\/p>\n<p>Pensar que el cambio en el coraz\u00f3n del otro depende de nosotros es un peso que no podemos cargar, porque jam\u00e1s podremos lograrlo. Entonces, \u00bfpor qu\u00e9 insistimos en tratar de cambiar a los dem\u00e1s en nuestras fuerzas?<\/p>\n<h3><b>4 problemas con intentar producir el cambio en los dem\u00e1s<\/b><\/h3>\n<p>Ya que esta es una tentaci\u00f3n que de alguna manera todos enfrentamos, vale la pena que pensemos en por qu\u00e9 nuestros corazones tienden a depender de nosotros para que los dem\u00e1s cambien. Perm\u00edteme compartirte las siguientes razones:<\/p>\n<h4><b>1. Queremos ser agentes de cambio en lugar de instrumentos<\/b><\/h4>\n<div class=\"normal_blockquote\">\n<p>Yo plant\u00e9, Apolos reg\u00f3, pero Dios ha dado el crecimiento. As\u00ed que ni el que planta ni el que riega es algo, sino Dios, que da el crecimiento (1 Co 3:6).<\/p>\n<\/div>\n<p>Este vers\u00edculo nos muestra que\u00a0Dios produce el crecimiento\u00a0y que nuestro rol es ser Sus instrumentos. Pero a nuestro coraz\u00f3n no le gusta la idea de \u00abser instrumento\u00bb, porque el instrumento depende completamente de quien lo usa, la manera en la que quiere usarlo y el prop\u00f3sito que desee lograr con su uso.<\/p>\n<p>Reconocer que somos instrumentos nos lleva a depender de quien nos usa, el Se\u00f1or, en lugar de ser nosotros los que decidimos c\u00f3mo queremos ser usados.<\/p>\n<h4><b>2. Luchamos con el deseo de control<\/b><\/h4>\n<div class=\"normal_blockquote\">\n<p>\u00abPorque Mis pensamientos no son los pensamientos de ustedes,<br \/>\nNi sus caminos son Mis caminos\u00bb, declara el SE\u00d1OR.<br \/>\n\u00abPorque como los cielos son m\u00e1s altos que la tierra,<br \/>\nAs\u00ed Mis caminos son m\u00e1s altos que sus caminos,<br \/>\nY Mis pensamientos m\u00e1s que sus pensamientos\u00bb (Is 55:8-9).<\/p>\n<\/div>\n<p>En el\u00a0orgullo de nuestro coraz\u00f3n\u00a0siempre tenemos una idea de a qu\u00e9 velocidad y de qu\u00e9 manera deber\u00eda producirse el cambio en la persona que aconsejamos. Cuando la transformaci\u00f3n del otro no se ajusta a nuestra agenda, buscamos la manera de forzar que nuestro criterio se cumpla. Esto sucede no solo a nivel ministerial, sino tambi\u00e9n en todos los \u00e1mbitos de la vida. Por ejemplo, aquellos que somos padres tenemos que luchar con la tentaci\u00f3n de querer tener el control sobre la vida de nuestros hijos.<\/p>\n<blockquote><p><b>Que nuestros ojos est\u00e9n fijos en Jes\u00fas, al mismo tiempo que animamos a otros a tambi\u00e9n fijar sus ojos en \u00c9l<\/b><\/p>\n<div class=\"blockquote-share\"><span class=\"s-options\"><i class=\"fa fa-twitter\"><\/i>\u00a0<i class=\"fa fa-facebook\"><\/i><\/span><\/div>\n<\/blockquote>\n<p>Necesitamos recordarnos una y otra vez: \u00abYo no soy Dios. Yo no s\u00e9 lo que Dios sabe, no tengo la sabidur\u00eda que Dios tiene, no tengo Su poder, no tengo Sus prop\u00f3sitos, y ni siquiera tengo el amor que Dios s\u00ed tiene por esa persona\u00bb. No hay comparaci\u00f3n entre Dios y nosotros.<\/p>\n<p>Dios est\u00e1 haciendo una labor en la vida de ese otro creyente al que estamos sirviendo, por lo que, aun en los momentos en los que la persona se muestre renuente al cambio, nuestra labor es interceder por ella, rogando a Aquel que s\u00ed puede transformarla, en lugar de intentar controlar su transformaci\u00f3n (Fil 1:4-6).<\/p>\n<h4><b>3. Queremos coerci\u00f3n en lugar de convicci\u00f3n<\/b><\/h4>\n<div class=\"normal_blockquote\">\n<p>Y cuando \u00c9l venga, convencer\u00e1 al mundo de pecado, de justicia y de juicio (Jn 16:8).<\/p>\n<\/div>\n<p>Jes\u00fas dice que el Esp\u00edritu Santo viene a convencer, \u00c9l es quien produce la convicci\u00f3n de la verdad del evangelio en nuestros corazones y nos transforma.<\/p>\n<p>Coerci\u00f3n es ejercer presi\u00f3n sobre alguien para forzar su voluntad o su manera de actuar. Lamentablemente, muchas veces eso es lo que queremos hacer con los dem\u00e1s, en lugar de dar lugar a\u00a0la convicci\u00f3n que viene del Esp\u00edritu Santo.<\/p>\n<h4><b>4. Olvidamos que la santificaci\u00f3n es un proceso no un evento<\/b><\/h4>\n<div class=\"normal_blockquote\">\n<p>Estoy convencido precisamente de esto: que el que comenz\u00f3 en ustedes la buena obra, la perfeccionar\u00e1 hasta el d\u00eda de Cristo Jes\u00fas (Fil 1:6).<\/p>\n<\/div>\n<p>Generalmente queremos que la gente cambie al instante, pero la realidad es que eso no ocurre ni siquiera con nosotros mismos. El tipo de transformaci\u00f3n que podemos \u00ablograr\u00bb en el otro es solo temporal, pues es vulnerable ante cualquier circunstancia, ya que no vino por convicci\u00f3n, sino por presi\u00f3n.<\/p>\n<p>Pero la santificaci\u00f3n que viene de Dios es un proceso en el que \u00c9l, quien lo comenz\u00f3, va trabajando en nuestras vidas y llev\u00e1ndonos a crecer, en la medida en la que nos rendimos a \u00c9l.<\/p>\n<h3><b>El secreto del cambio<\/b><\/h3>\n<p>Como instrumentos en las manos del Se\u00f1or, nuestra labor con los dem\u00e1s es apuntarlos a Jes\u00fas. Nuestro rol es invitarlos a que decidan vivir para \u00c9l en lugar de para ellos mismos, confiando en que si \u00c9l estuvo dispuesto a entregar Su vida para rescatarnos del peor mal, le importa nuestro crecimiento en \u00c9l (Ro 8:32). Tal como nos recuerda el autor Dane Ortlund:<\/p>\n<div class=\"normal_blockquote\">\n<p>El secreto m\u00e1s profundo para crecer en Cristo es este: m\u00edralo a \u00c9l. Pon tus ojos en \u00c9l. Permanece en \u00c9l, hora tras hora. Saca fuerzas de Su amor. \u00c9l es una persona, no un concepto. Con\u00f3celo personalmente, cada vez m\u00e1s profundamente a medida que pasan los a\u00f1os (<i>Profundo<\/i>, p. 177).<\/p>\n<\/div>\n<p>Que nuestros ojos est\u00e9n fijos en Jes\u00fas, al mismo tiempo que animamos a otros a tambi\u00e9n fijar sus ojos en \u00c9l.<\/p>\n","protected":false},"excerpt":{"rendered":"<p>Laura tiene unos meses en una relaci\u00f3n de discipulado con una joven que ha mostrado diferentes \u00e1reas en las que necesita crecer y alinear su vida con las verdades de Jes\u00fas. Laura tiene muchos deseos de que esta joven cambie, pero la nota algo lenta y reactiva en los pasos que debe dar, por lo &hellip;<\/p>\n","protected":false},"author":1,"featured_media":36373,"comment_status":"open","ping_status":"open","sticky":false,"template":"","format":"standard","meta":{"footnotes":""},"categories":[34],"tags":[],"class_list":["post-36372","post","type-post","status-publish","format-standard","has-post-thumbnail","hentry","category-articulos"],"yoast_head":"<!-- This site is optimized with the Yoast SEO Premium plugin v24.2 (Yoast SEO v27.1.1) - https:\/\/yoast.com\/product\/yoast-seo-premium-wordpress\/ -->\n<title>Cristianos, no podemos cambiar la vida de los dem\u00e1s - Tabernaculo Prensa de Dios<\/title>\n<meta name=\"robots\" content=\"index, follow, max-snippet:-1, max-image-preview:large, max-video-preview:-1\" \/>\n<link rel=\"canonical\" href=\"https:\/\/tabernaculoprensadedios.com\/web\/cristianos-no-podemos-cambiar-la-vida-de-los-demas\/\" class=\"yoast-seo-meta-tag\" \/>\n<meta property=\"og:locale\" content=\"es_ES\" class=\"yoast-seo-meta-tag\" \/>\n<meta property=\"og:type\" content=\"article\" class=\"yoast-seo-meta-tag\" \/>\n<meta property=\"og:title\" content=\"Cristianos, no podemos cambiar la vida de los dem\u00e1s\" class=\"yoast-seo-meta-tag\" \/>\n<meta property=\"og:description\" content=\"Laura tiene unos meses en una relaci\u00f3n de discipulado con una joven que ha mostrado diferentes \u00e1reas en las que necesita crecer y alinear su vida con las verdades de Jes\u00fas. Laura tiene muchos deseos de que esta joven cambie, pero la nota algo lenta y reactiva en los pasos que debe dar, por lo &hellip;\" class=\"yoast-seo-meta-tag\" \/>\n<meta property=\"og:url\" content=\"https:\/\/tabernaculoprensadedios.com\/web\/cristianos-no-podemos-cambiar-la-vida-de-los-demas\/\" class=\"yoast-seo-meta-tag\" \/>\n<meta property=\"og:site_name\" content=\"Tabernaculo Prensa de Dios\" class=\"yoast-seo-meta-tag\" \/>\n<meta property=\"article:published_time\" content=\"2025-11-14T00:00:51+00:00\" class=\"yoast-seo-meta-tag\" \/>\n<meta property=\"og:image\" content=\"https:\/\/tabernaculoprensadedios.com\/web\/wp-content\/uploads\/2025\/11\/ilngibirpfw.avif\" class=\"yoast-seo-meta-tag\" \/>\n\t<meta property=\"og:image:width\" content=\"1600\" class=\"yoast-seo-meta-tag\" \/>\n\t<meta property=\"og:image:height\" content=\"1200\" class=\"yoast-seo-meta-tag\" \/>\n\t<meta property=\"og:image:type\" content=\"image\/jpeg\" class=\"yoast-seo-meta-tag\" \/>\n<meta name=\"author\" content=\"tabernaculo\" class=\"yoast-seo-meta-tag\" \/>\n<meta name=\"twitter:card\" content=\"summary_large_image\" class=\"yoast-seo-meta-tag\" \/>\n<meta name=\"twitter:creator\" content=\"@PrensadeDios\" class=\"yoast-seo-meta-tag\" \/>\n<meta name=\"twitter:site\" content=\"@PrensadeDios\" class=\"yoast-seo-meta-tag\" \/>\n<meta name=\"twitter:label1\" content=\"Escrito por\" class=\"yoast-seo-meta-tag\" \/>\n\t<meta name=\"twitter:data1\" content=\"tabernaculo\" class=\"yoast-seo-meta-tag\" \/>\n\t<meta name=\"twitter:label2\" content=\"Tiempo de lectura\" class=\"yoast-seo-meta-tag\" \/>\n\t<meta name=\"twitter:data2\" content=\"6 minutos\" class=\"yoast-seo-meta-tag\" \/>\n<script type=\"application\/ld+json\" class=\"yoast-schema-graph\">{\"@context\":\"https:\/\/schema.org\",\"@graph\":[{\"@type\":\"Article\",\"@id\":\"https:\/\/tabernaculoprensadedios.com\/web\/cristianos-no-podemos-cambiar-la-vida-de-los-demas\/#article\",\"isPartOf\":{\"@id\":\"https:\/\/tabernaculoprensadedios.com\/web\/cristianos-no-podemos-cambiar-la-vida-de-los-demas\/\"},\"author\":{\"name\":\"tabernaculo\",\"@id\":\"https:\/\/tabernaculoprensadedios.com\/web\/#\/schema\/person\/bc0e069fef56b38e177db6f098ae0b6e\"},\"headline\":\"Cristianos, no podemos cambiar la vida de los dem\u00e1s\",\"datePublished\":\"2025-11-14T00:00:51+00:00\",\"mainEntityOfPage\":{\"@id\":\"https:\/\/tabernaculoprensadedios.com\/web\/cristianos-no-podemos-cambiar-la-vida-de-los-demas\/\"},\"wordCount\":1187,\"commentCount\":0,\"publisher\":{\"@id\":\"https:\/\/tabernaculoprensadedios.com\/web\/#\/schema\/person\/bc0e069fef56b38e177db6f098ae0b6e\"},\"image\":{\"@id\":\"https:\/\/tabernaculoprensadedios.com\/web\/cristianos-no-podemos-cambiar-la-vida-de-los-demas\/#primaryimage\"},\"thumbnailUrl\":\"https:\/\/tabernaculoprensadedios.com\/web\/wp-content\/uploads\/2025\/11\/ilngibirpfw.avif\",\"articleSection\":[\"Articulos\"],\"inLanguage\":\"es\",\"potentialAction\":[{\"@type\":\"CommentAction\",\"name\":\"Comment\",\"target\":[\"https:\/\/tabernaculoprensadedios.com\/web\/cristianos-no-podemos-cambiar-la-vida-de-los-demas\/#respond\"]}]},{\"@type\":\"WebPage\",\"@id\":\"https:\/\/tabernaculoprensadedios.com\/web\/cristianos-no-podemos-cambiar-la-vida-de-los-demas\/\",\"url\":\"https:\/\/tabernaculoprensadedios.com\/web\/cristianos-no-podemos-cambiar-la-vida-de-los-demas\/\",\"name\":\"Cristianos, no podemos cambiar la vida de los dem\u00e1s - Tabernaculo Prensa de Dios\",\"isPartOf\":{\"@id\":\"https:\/\/tabernaculoprensadedios.com\/web\/#website\"},\"primaryImageOfPage\":{\"@id\":\"https:\/\/tabernaculoprensadedios.com\/web\/cristianos-no-podemos-cambiar-la-vida-de-los-demas\/#primaryimage\"},\"image\":{\"@id\":\"https:\/\/tabernaculoprensadedios.com\/web\/cristianos-no-podemos-cambiar-la-vida-de-los-demas\/#primaryimage\"},\"thumbnailUrl\":\"https:\/\/tabernaculoprensadedios.com\/web\/wp-content\/uploads\/2025\/11\/ilngibirpfw.avif\",\"datePublished\":\"2025-11-14T00:00:51+00:00\",\"breadcrumb\":{\"@id\":\"https:\/\/tabernaculoprensadedios.com\/web\/cristianos-no-podemos-cambiar-la-vida-de-los-demas\/#breadcrumb\"},\"inLanguage\":\"es\",\"potentialAction\":[{\"@type\":\"ReadAction\",\"target\":[\"https:\/\/tabernaculoprensadedios.com\/web\/cristianos-no-podemos-cambiar-la-vida-de-los-demas\/\"]}]},{\"@type\":\"ImageObject\",\"inLanguage\":\"es\",\"@id\":\"https:\/\/tabernaculoprensadedios.com\/web\/cristianos-no-podemos-cambiar-la-vida-de-los-demas\/#primaryimage\",\"url\":\"https:\/\/tabernaculoprensadedios.com\/web\/wp-content\/uploads\/2025\/11\/ilngibirpfw.avif\",\"contentUrl\":\"https:\/\/tabernaculoprensadedios.com\/web\/wp-content\/uploads\/2025\/11\/ilngibirpfw.avif\",\"width\":1600,\"height\":1200,\"caption\":\"A couple of street lights sitting on top of a green field\"},{\"@type\":\"BreadcrumbList\",\"@id\":\"https:\/\/tabernaculoprensadedios.com\/web\/cristianos-no-podemos-cambiar-la-vida-de-los-demas\/#breadcrumb\",\"itemListElement\":[{\"@type\":\"ListItem\",\"position\":1,\"name\":\"Portada\",\"item\":\"https:\/\/tabernaculoprensadedios.com\/web\/\"},{\"@type\":\"ListItem\",\"position\":2,\"name\":\"Cristianos, no podemos cambiar la vida de los dem\u00e1s\"}]},{\"@type\":\"WebSite\",\"@id\":\"https:\/\/tabernaculoprensadedios.com\/web\/#website\",\"url\":\"https:\/\/tabernaculoprensadedios.com\/web\/\",\"name\":\"Tabernaculo Prensa de Dios\",\"description\":\"Un medio a la manera de Dios\",\"publisher\":{\"@id\":\"https:\/\/tabernaculoprensadedios.com\/web\/#\/schema\/person\/bc0e069fef56b38e177db6f098ae0b6e\"},\"potentialAction\":[{\"@type\":\"SearchAction\",\"target\":{\"@type\":\"EntryPoint\",\"urlTemplate\":\"https:\/\/tabernaculoprensadedios.com\/web\/?s={search_term_string}\"},\"query-input\":{\"@type\":\"PropertyValueSpecification\",\"valueRequired\":true,\"valueName\":\"search_term_string\"}}],\"inLanguage\":\"es\"},{\"@type\":[\"Person\",\"Organization\"],\"@id\":\"https:\/\/tabernaculoprensadedios.com\/web\/#\/schema\/person\/bc0e069fef56b38e177db6f098ae0b6e\",\"name\":\"tabernaculo\",\"image\":{\"@type\":\"ImageObject\",\"inLanguage\":\"es\",\"@id\":\"https:\/\/tabernaculoprensadedios.com\/web\/#\/schema\/person\/image\/\",\"url\":\"https:\/\/tabernaculoprensadedios.com\/web\/wp-content\/uploads\/2015\/06\/login-logo1.png\",\"contentUrl\":\"https:\/\/tabernaculoprensadedios.com\/web\/wp-content\/uploads\/2015\/06\/login-logo1.png\",\"width\":300,\"height\":118,\"caption\":\"tabernaculo\"},\"logo\":{\"@id\":\"https:\/\/tabernaculoprensadedios.com\/web\/#\/schema\/person\/image\/\"},\"url\":\"https:\/\/tabernaculoprensadedios.com\/web\/author\/tabernaculo\/\"}]}<\/script>\n<!-- \/ Yoast SEO Premium plugin. -->","yoast_head_json":{"title":"Cristianos, no podemos cambiar la vida de los dem\u00e1s - Tabernaculo Prensa de Dios","robots":{"index":"index","follow":"follow","max-snippet":"max-snippet:-1","max-image-preview":"max-image-preview:large","max-video-preview":"max-video-preview:-1"},"canonical":"https:\/\/tabernaculoprensadedios.com\/web\/cristianos-no-podemos-cambiar-la-vida-de-los-demas\/","og_locale":"es_ES","og_type":"article","og_title":"Cristianos, no podemos cambiar la vida de los dem\u00e1s","og_description":"Laura tiene unos meses en una relaci\u00f3n de discipulado con una joven que ha mostrado diferentes \u00e1reas en las que necesita crecer y alinear su vida con las verdades de Jes\u00fas. Laura tiene muchos deseos de que esta joven cambie, pero la nota algo lenta y reactiva en los pasos que debe dar, por lo &hellip;","og_url":"https:\/\/tabernaculoprensadedios.com\/web\/cristianos-no-podemos-cambiar-la-vida-de-los-demas\/","og_site_name":"Tabernaculo Prensa de Dios","article_published_time":"2025-11-14T00:00:51+00:00","og_image":[{"width":1600,"height":1200,"url":"https:\/\/tabernaculoprensadedios.com\/web\/wp-content\/uploads\/2025\/11\/ilngibirpfw.avif","type":"image\/jpeg"}],"author":"tabernaculo","twitter_card":"summary_large_image","twitter_creator":"@PrensadeDios","twitter_site":"@PrensadeDios","twitter_misc":{"Escrito por":"tabernaculo","Tiempo de lectura":"6 minutos"},"schema":{"@context":"https:\/\/schema.org","@graph":[{"@type":"Article","@id":"https:\/\/tabernaculoprensadedios.com\/web\/cristianos-no-podemos-cambiar-la-vida-de-los-demas\/#article","isPartOf":{"@id":"https:\/\/tabernaculoprensadedios.com\/web\/cristianos-no-podemos-cambiar-la-vida-de-los-demas\/"},"author":{"name":"tabernaculo","@id":"https:\/\/tabernaculoprensadedios.com\/web\/#\/schema\/person\/bc0e069fef56b38e177db6f098ae0b6e"},"headline":"Cristianos, no podemos cambiar la vida de los dem\u00e1s","datePublished":"2025-11-14T00:00:51+00:00","mainEntityOfPage":{"@id":"https:\/\/tabernaculoprensadedios.com\/web\/cristianos-no-podemos-cambiar-la-vida-de-los-demas\/"},"wordCount":1187,"commentCount":0,"publisher":{"@id":"https:\/\/tabernaculoprensadedios.com\/web\/#\/schema\/person\/bc0e069fef56b38e177db6f098ae0b6e"},"image":{"@id":"https:\/\/tabernaculoprensadedios.com\/web\/cristianos-no-podemos-cambiar-la-vida-de-los-demas\/#primaryimage"},"thumbnailUrl":"https:\/\/tabernaculoprensadedios.com\/web\/wp-content\/uploads\/2025\/11\/ilngibirpfw.avif","articleSection":["Articulos"],"inLanguage":"es","potentialAction":[{"@type":"CommentAction","name":"Comment","target":["https:\/\/tabernaculoprensadedios.com\/web\/cristianos-no-podemos-cambiar-la-vida-de-los-demas\/#respond"]}]},{"@type":"WebPage","@id":"https:\/\/tabernaculoprensadedios.com\/web\/cristianos-no-podemos-cambiar-la-vida-de-los-demas\/","url":"https:\/\/tabernaculoprensadedios.com\/web\/cristianos-no-podemos-cambiar-la-vida-de-los-demas\/","name":"Cristianos, no podemos cambiar la vida de los dem\u00e1s - Tabernaculo Prensa de Dios","isPartOf":{"@id":"https:\/\/tabernaculoprensadedios.com\/web\/#website"},"primaryImageOfPage":{"@id":"https:\/\/tabernaculoprensadedios.com\/web\/cristianos-no-podemos-cambiar-la-vida-de-los-demas\/#primaryimage"},"image":{"@id":"https:\/\/tabernaculoprensadedios.com\/web\/cristianos-no-podemos-cambiar-la-vida-de-los-demas\/#primaryimage"},"thumbnailUrl":"https:\/\/tabernaculoprensadedios.com\/web\/wp-content\/uploads\/2025\/11\/ilngibirpfw.avif","datePublished":"2025-11-14T00:00:51+00:00","breadcrumb":{"@id":"https:\/\/tabernaculoprensadedios.com\/web\/cristianos-no-podemos-cambiar-la-vida-de-los-demas\/#breadcrumb"},"inLanguage":"es","potentialAction":[{"@type":"ReadAction","target":["https:\/\/tabernaculoprensadedios.com\/web\/cristianos-no-podemos-cambiar-la-vida-de-los-demas\/"]}]},{"@type":"ImageObject","inLanguage":"es","@id":"https:\/\/tabernaculoprensadedios.com\/web\/cristianos-no-podemos-cambiar-la-vida-de-los-demas\/#primaryimage","url":"https:\/\/tabernaculoprensadedios.com\/web\/wp-content\/uploads\/2025\/11\/ilngibirpfw.avif","contentUrl":"https:\/\/tabernaculoprensadedios.com\/web\/wp-content\/uploads\/2025\/11\/ilngibirpfw.avif","width":1600,"height":1200,"caption":"A couple of street lights sitting on top of a green field"},{"@type":"BreadcrumbList","@id":"https:\/\/tabernaculoprensadedios.com\/web\/cristianos-no-podemos-cambiar-la-vida-de-los-demas\/#breadcrumb","itemListElement":[{"@type":"ListItem","position":1,"name":"Portada","item":"https:\/\/tabernaculoprensadedios.com\/web\/"},{"@type":"ListItem","position":2,"name":"Cristianos, no podemos cambiar la vida de los dem\u00e1s"}]},{"@type":"WebSite","@id":"https:\/\/tabernaculoprensadedios.com\/web\/#website","url":"https:\/\/tabernaculoprensadedios.com\/web\/","name":"Tabernaculo Prensa de Dios","description":"Un medio a la manera de Dios","publisher":{"@id":"https:\/\/tabernaculoprensadedios.com\/web\/#\/schema\/person\/bc0e069fef56b38e177db6f098ae0b6e"},"potentialAction":[{"@type":"SearchAction","target":{"@type":"EntryPoint","urlTemplate":"https:\/\/tabernaculoprensadedios.com\/web\/?s={search_term_string}"},"query-input":{"@type":"PropertyValueSpecification","valueRequired":true,"valueName":"search_term_string"}}],"inLanguage":"es"},{"@type":["Person","Organization"],"@id":"https:\/\/tabernaculoprensadedios.com\/web\/#\/schema\/person\/bc0e069fef56b38e177db6f098ae0b6e","name":"tabernaculo","image":{"@type":"ImageObject","inLanguage":"es","@id":"https:\/\/tabernaculoprensadedios.com\/web\/#\/schema\/person\/image\/","url":"https:\/\/tabernaculoprensadedios.com\/web\/wp-content\/uploads\/2015\/06\/login-logo1.png","contentUrl":"https:\/\/tabernaculoprensadedios.com\/web\/wp-content\/uploads\/2015\/06\/login-logo1.png","width":300,"height":118,"caption":"tabernaculo"},"logo":{"@id":"https:\/\/tabernaculoprensadedios.com\/web\/#\/schema\/person\/image\/"},"url":"https:\/\/tabernaculoprensadedios.com\/web\/author\/tabernaculo\/"}]}},"_links":{"self":[{"href":"https:\/\/tabernaculoprensadedios.com\/web\/wp-json\/wp\/v2\/posts\/36372","targetHints":{"allow":["GET"]}}],"collection":[{"href":"https:\/\/tabernaculoprensadedios.com\/web\/wp-json\/wp\/v2\/posts"}],"about":[{"href":"https:\/\/tabernaculoprensadedios.com\/web\/wp-json\/wp\/v2\/types\/post"}],"author":[{"embeddable":true,"href":"https:\/\/tabernaculoprensadedios.com\/web\/wp-json\/wp\/v2\/users\/1"}],"replies":[{"embeddable":true,"href":"https:\/\/tabernaculoprensadedios.com\/web\/wp-json\/wp\/v2\/comments?post=36372"}],"version-history":[{"count":1,"href":"https:\/\/tabernaculoprensadedios.com\/web\/wp-json\/wp\/v2\/posts\/36372\/revisions"}],"predecessor-version":[{"id":36374,"href":"https:\/\/tabernaculoprensadedios.com\/web\/wp-json\/wp\/v2\/posts\/36372\/revisions\/36374"}],"wp:featuredmedia":[{"embeddable":true,"href":"https:\/\/tabernaculoprensadedios.com\/web\/wp-json\/wp\/v2\/media\/36373"}],"wp:attachment":[{"href":"https:\/\/tabernaculoprensadedios.com\/web\/wp-json\/wp\/v2\/media?parent=36372"}],"wp:term":[{"taxonomy":"category","embeddable":true,"href":"https:\/\/tabernaculoprensadedios.com\/web\/wp-json\/wp\/v2\/categories?post=36372"},{"taxonomy":"post_tag","embeddable":true,"href":"https:\/\/tabernaculoprensadedios.com\/web\/wp-json\/wp\/v2\/tags?post=36372"}],"curies":[{"name":"wp","href":"https:\/\/api.w.org\/{rel}","templated":true}]}}