{"id":36255,"date":"2025-10-30T02:04:10","date_gmt":"2025-10-30T02:04:10","guid":{"rendered":"https:\/\/tabernaculoprensadedios.com\/web\/?p=36255"},"modified":"2025-10-30T02:05:01","modified_gmt":"2025-10-30T02:05:01","slug":"por-que-no-seguimos-perseverando-en-la-fe","status":"publish","type":"post","link":"https:\/\/tabernaculoprensadedios.com\/web\/por-que-no-seguimos-perseverando-en-la-fe\/","title":{"rendered":"\u00bfPor qu\u00e9 no seguimos perseverando en la fe?"},"content":{"rendered":"<p><strong>Ministerio Tabern\u00e1culo Prensa de Dios<\/strong><br \/>\n<strong>Una voz que clama desde Rep\u00fablica Dominicana<\/strong><\/p>\n<p><em>\u00abPero el justo vivir\u00e1 por la fe; y si retrocede, no agradar\u00e1 a mi alma.\u00bb<\/em>\u00a0 Hebreos 10-38<\/p>\n<p>Durante 16 a\u00f1os, este espacio ha sido un lugar para compartir mensajes de fe y esperanza, dando siempre la bendici\u00f3n y espacio principal a los ministros de nuestra naci\u00f3n y a todas las naciones del\u00a0mundo.\u00a0 Hoy, el Se\u00f1or me ha movido a escribir desde el coraz\u00f3n de nuestra naci\u00f3n, para levantar un\u00a0<strong>llamado urgente a la perseverancia en la fe<\/strong>.<\/p>\n<p>Todo comenz\u00f3 al leer el editorial del\u00a0<em>List\u00edn Diario<\/em>\u00a0titulado\u00a0<em>\u201cNo cantemos victoria todav\u00eda\u201d<\/em>. Al instante, el Esp\u00edritu me hizo sentir que, aunque las palabras fueran prudentes, sabias, en el fondo hab\u00eda una\u00a0<strong>fragilidad de fe<\/strong>, un temor humano que necesita ser corregido con la convicci\u00f3n del Esp\u00edritu Santo de Dios.<\/p>\n<h3>\u00a0No cantemos victoria todav\u00eda<\/h3>\n<p>El mensaje inicial nos recuerda que no debemos cantar victoria antes de tiempo ni depender de lo que el mundo predice. La prudencia no debe nacer del miedo, sino de la confianza en Dios.<\/p>\n<p>Dios nos llama a discernir los tiempos, a mantenernos vigilantes, a orar y esperar con humildad. La verdadera victoria s\u00f3lo se reconoce cuando se confirma en la obra de Dios, no en la apariencia de los hechos.<\/p>\n<h3>\u00a0Persevera en tu fe, aunque otros se cansen<\/h3>\n<p>En la madrugada, el Esp\u00edritu me habl\u00f3 con fuerza.<\/p>\n<blockquote><p>\u00bfPor qu\u00e9 no sigues perseverando en tu fe?<\/p><\/blockquote>\n<p>Esa voz no juzga; despierta. Nos recuerda que la fe no se basa en los pron\u00f3sticos ni en la reacci\u00f3n de los dem\u00e1s, sino en la certeza de que Dios cumple Su palabra.<\/p>\n<p>Muchos se cansan, se distraen o se desalientan. Pero la perseverancia consiste en mantener viva la fe, en sostener la l\u00e1mpara encendida, aun cuando el viento sople fuerte. La fe verdadera no se agota. se fortalece en la espera y en la oraci\u00f3n constante.<\/p>\n<h3>\u00a0Dios sigue gobernando los vientos<\/h3>\n<p>El cicl\u00f3n que recientemente pas\u00f3 por Jamaica fue parte del\u00a0<strong>prop\u00f3sito divino<\/strong>. Aunque el ojo del cicl\u00f3n entr\u00f3 en esa naci\u00f3n,\u00a0<strong>no hubo destrucci\u00f3n mayor<\/strong>, y eso nos muestra el control soberano de Dios sobre la naturaleza y sobre la vida de Su pueblo.<\/p>\n<p>Lo que parec\u00eda una amenaza se convirti\u00f3 en una\u00a0<strong>lecci\u00f3n de fe para nuestra naci\u00f3n<\/strong>. Dios permiti\u00f3 la lentitud del cicl\u00f3n para preparar nuestro altar, para que nos uni\u00e9ramos en oraci\u00f3n, clamando con convicci\u00f3n y con el coraz\u00f3n encendido.<\/p>\n<p>As\u00ed como \u00c9l gobierna los vientos naturales, tambi\u00e9n gobierna los vientos espirituales que quieren desanimarnos o sembrar temor. Este evento fue una confirmaci\u00f3n:\u00a0<strong>la oraci\u00f3n unida y la fe perseverante cambian el curso de las tormentas y abren camino para Su gloria<\/strong>.<\/p>\n<h3>\u00a0Aplicaci\u00f3n espiritual<\/h3>\n<ol>\n<li>Mant\u00e9n tu fe firme, incluso cuando otros se cansen o se distraigan.<\/li>\n<li>Ora con tu comunidad, recordando que Dios escucha y act\u00faa cuando Su pueblo clama unido.<\/li>\n<li>Recuerda que Dios permite pruebas y situaciones aparentemente peligrosas para fortalecer nuestra fe y preparar Su obra.<\/li>\n<\/ol>\n<h3>\u00a0Oraci\u00f3n final<\/h3>\n<p>Se\u00f1or amado, gracias porque sigues gobernando los vientos y cuidando a Tu pueblo.<br \/>\nDespierta nuestra fe, renueva nuestra confianza y ens\u00e9\u00f1anos a perseverar aun cuando otros se desanimen.<br \/>\nFortalece a quienes dudan, une a Tu pueblo en oraci\u00f3n y haz que nuestra naci\u00f3n, Rep\u00fablica Dominicana, siga caminando firme bajo Tu protecci\u00f3n y gu\u00eda.<br \/>\nQue nuestra fe no se apague, que nuestra esperanza sea constante, y que nuestro clamor sea siempre agradable a Ti.<br \/>\nEn el nombre de Jes\u00fas, am\u00e9n.<\/p>\n<p><strong>Ministerio Tabern\u00e1culo Prensa de Dios<\/strong><br \/>\n<em>Ministrando Paz, Amor Esperanza y Fe.<\/em><br \/>\n<strong>Una voz que clama desde Rep\u00fablica Dominicana para las naciones<\/strong><\/p>\n","protected":false},"excerpt":{"rendered":"<p>Ministerio Tabern\u00e1culo Prensa de Dios Una voz que clama desde Rep\u00fablica Dominicana \u00abPero el justo vivir\u00e1 por la fe; y si retrocede, no agradar\u00e1 a mi alma.\u00bb\u00a0 Hebreos 10-38 Durante 16 a\u00f1os, este espacio ha sido un lugar para compartir mensajes de fe y esperanza, dando siempre la bendici\u00f3n y espacio principal a los ministros &hellip;<\/p>\n","protected":false},"author":1,"featured_media":36257,"comment_status":"open","ping_status":"open","sticky":false,"template":"","format":"standard","meta":{"footnotes":""},"categories":[38],"tags":[],"class_list":["post-36255","post","type-post","status-publish","format-standard","has-post-thumbnail","hentry","category-principal"],"yoast_head":"<!-- This site is optimized with the Yoast SEO Premium plugin v24.2 (Yoast SEO v27.1.1) - https:\/\/yoast.com\/product\/yoast-seo-premium-wordpress\/ -->\n<title>\u00bfPor qu\u00e9 no seguimos perseverando en la fe? - Tabernaculo Prensa de Dios<\/title>\n<meta name=\"robots\" content=\"index, follow, max-snippet:-1, max-image-preview:large, max-video-preview:-1\" \/>\n<link rel=\"canonical\" href=\"https:\/\/tabernaculoprensadedios.com\/web\/por-que-no-seguimos-perseverando-en-la-fe\/\" class=\"yoast-seo-meta-tag\" \/>\n<meta property=\"og:locale\" content=\"es_ES\" class=\"yoast-seo-meta-tag\" \/>\n<meta property=\"og:type\" content=\"article\" class=\"yoast-seo-meta-tag\" \/>\n<meta property=\"og:title\" content=\"\u00bfPor qu\u00e9 no seguimos perseverando en la fe?\" class=\"yoast-seo-meta-tag\" \/>\n<meta property=\"og:description\" content=\"Ministerio Tabern\u00e1culo Prensa de Dios Una voz que clama desde Rep\u00fablica Dominicana \u00abPero el justo vivir\u00e1 por la fe; y si retrocede, no agradar\u00e1 a mi alma.\u00bb\u00a0 Hebreos 10-38 Durante 16 a\u00f1os, este espacio ha sido un lugar para compartir mensajes de fe y esperanza, dando siempre la bendici\u00f3n y espacio principal a los ministros &hellip;\" class=\"yoast-seo-meta-tag\" \/>\n<meta property=\"og:url\" content=\"https:\/\/tabernaculoprensadedios.com\/web\/por-que-no-seguimos-perseverando-en-la-fe\/\" class=\"yoast-seo-meta-tag\" \/>\n<meta property=\"og:site_name\" content=\"Tabernaculo Prensa de Dios\" class=\"yoast-seo-meta-tag\" \/>\n<meta property=\"article:published_time\" content=\"2025-10-30T02:04:10+00:00\" class=\"yoast-seo-meta-tag\" \/>\n<meta property=\"article:modified_time\" content=\"2025-10-30T02:05:01+00:00\" class=\"yoast-seo-meta-tag\" \/>\n<meta property=\"og:image\" content=\"https:\/\/tabernaculoprensadedios.com\/web\/wp-content\/uploads\/2025\/10\/2626680.avif\" class=\"yoast-seo-meta-tag\" \/>\n\t<meta property=\"og:image:width\" content=\"1280\" class=\"yoast-seo-meta-tag\" \/>\n\t<meta property=\"og:image:height\" content=\"903\" class=\"yoast-seo-meta-tag\" \/>\n\t<meta property=\"og:image:type\" content=\"image\/jpeg\" class=\"yoast-seo-meta-tag\" \/>\n<meta name=\"author\" content=\"tabernaculo\" class=\"yoast-seo-meta-tag\" \/>\n<meta name=\"twitter:card\" content=\"summary_large_image\" class=\"yoast-seo-meta-tag\" \/>\n<meta name=\"twitter:creator\" content=\"@PrensadeDios\" class=\"yoast-seo-meta-tag\" \/>\n<meta name=\"twitter:site\" content=\"@PrensadeDios\" class=\"yoast-seo-meta-tag\" \/>\n<meta name=\"twitter:label1\" content=\"Escrito por\" class=\"yoast-seo-meta-tag\" \/>\n\t<meta name=\"twitter:data1\" content=\"tabernaculo\" class=\"yoast-seo-meta-tag\" \/>\n\t<meta name=\"twitter:label2\" content=\"Tiempo de lectura\" class=\"yoast-seo-meta-tag\" \/>\n\t<meta name=\"twitter:data2\" content=\"3 minutos\" class=\"yoast-seo-meta-tag\" \/>\n<script type=\"application\/ld+json\" class=\"yoast-schema-graph\">{\"@context\":\"https:\/\/schema.org\",\"@graph\":[{\"@type\":\"Article\",\"@id\":\"https:\/\/tabernaculoprensadedios.com\/web\/por-que-no-seguimos-perseverando-en-la-fe\/#article\",\"isPartOf\":{\"@id\":\"https:\/\/tabernaculoprensadedios.com\/web\/por-que-no-seguimos-perseverando-en-la-fe\/\"},\"author\":{\"name\":\"tabernaculo\",\"@id\":\"https:\/\/tabernaculoprensadedios.com\/web\/#\/schema\/person\/bc0e069fef56b38e177db6f098ae0b6e\"},\"headline\":\"\u00bfPor qu\u00e9 no seguimos perseverando en la fe?\",\"datePublished\":\"2025-10-30T02:04:10+00:00\",\"dateModified\":\"2025-10-30T02:05:01+00:00\",\"mainEntityOfPage\":{\"@id\":\"https:\/\/tabernaculoprensadedios.com\/web\/por-que-no-seguimos-perseverando-en-la-fe\/\"},\"wordCount\":656,\"commentCount\":0,\"publisher\":{\"@id\":\"https:\/\/tabernaculoprensadedios.com\/web\/#\/schema\/person\/bc0e069fef56b38e177db6f098ae0b6e\"},\"image\":{\"@id\":\"https:\/\/tabernaculoprensadedios.com\/web\/por-que-no-seguimos-perseverando-en-la-fe\/#primaryimage\"},\"thumbnailUrl\":\"https:\/\/tabernaculoprensadedios.com\/web\/wp-content\/uploads\/2025\/10\/2626680.avif\",\"articleSection\":[\"Principal\"],\"inLanguage\":\"es\",\"potentialAction\":[{\"@type\":\"CommentAction\",\"name\":\"Comment\",\"target\":[\"https:\/\/tabernaculoprensadedios.com\/web\/por-que-no-seguimos-perseverando-en-la-fe\/#respond\"]}]},{\"@type\":\"WebPage\",\"@id\":\"https:\/\/tabernaculoprensadedios.com\/web\/por-que-no-seguimos-perseverando-en-la-fe\/\",\"url\":\"https:\/\/tabernaculoprensadedios.com\/web\/por-que-no-seguimos-perseverando-en-la-fe\/\",\"name\":\"\u00bfPor qu\u00e9 no seguimos perseverando en la fe? - Tabernaculo Prensa de Dios\",\"isPartOf\":{\"@id\":\"https:\/\/tabernaculoprensadedios.com\/web\/#website\"},\"primaryImageOfPage\":{\"@id\":\"https:\/\/tabernaculoprensadedios.com\/web\/por-que-no-seguimos-perseverando-en-la-fe\/#primaryimage\"},\"image\":{\"@id\":\"https:\/\/tabernaculoprensadedios.com\/web\/por-que-no-seguimos-perseverando-en-la-fe\/#primaryimage\"},\"thumbnailUrl\":\"https:\/\/tabernaculoprensadedios.com\/web\/wp-content\/uploads\/2025\/10\/2626680.avif\",\"datePublished\":\"2025-10-30T02:04:10+00:00\",\"dateModified\":\"2025-10-30T02:05:01+00:00\",\"breadcrumb\":{\"@id\":\"https:\/\/tabernaculoprensadedios.com\/web\/por-que-no-seguimos-perseverando-en-la-fe\/#breadcrumb\"},\"inLanguage\":\"es\",\"potentialAction\":[{\"@type\":\"ReadAction\",\"target\":[\"https:\/\/tabernaculoprensadedios.com\/web\/por-que-no-seguimos-perseverando-en-la-fe\/\"]}]},{\"@type\":\"ImageObject\",\"inLanguage\":\"es\",\"@id\":\"https:\/\/tabernaculoprensadedios.com\/web\/por-que-no-seguimos-perseverando-en-la-fe\/#primaryimage\",\"url\":\"https:\/\/tabernaculoprensadedios.com\/web\/wp-content\/uploads\/2025\/10\/2626680.avif\",\"contentUrl\":\"https:\/\/tabernaculoprensadedios.com\/web\/wp-content\/uploads\/2025\/10\/2626680.avif\",\"width\":1280,\"height\":903,\"caption\":\"dominican republic, santo domingo, caribbean, historical, historic center, architecture, historic old town, to travel, palacio consistorial, dominican republic, santo domingo, santo domingo, santo domingo, santo domingo, santo domingo\"},{\"@type\":\"BreadcrumbList\",\"@id\":\"https:\/\/tabernaculoprensadedios.com\/web\/por-que-no-seguimos-perseverando-en-la-fe\/#breadcrumb\",\"itemListElement\":[{\"@type\":\"ListItem\",\"position\":1,\"name\":\"Portada\",\"item\":\"https:\/\/tabernaculoprensadedios.com\/web\/\"},{\"@type\":\"ListItem\",\"position\":2,\"name\":\"\u00bfPor qu\u00e9 no seguimos perseverando en la fe?\"}]},{\"@type\":\"WebSite\",\"@id\":\"https:\/\/tabernaculoprensadedios.com\/web\/#website\",\"url\":\"https:\/\/tabernaculoprensadedios.com\/web\/\",\"name\":\"Tabernaculo Prensa de Dios\",\"description\":\"Un medio a la manera de Dios\",\"publisher\":{\"@id\":\"https:\/\/tabernaculoprensadedios.com\/web\/#\/schema\/person\/bc0e069fef56b38e177db6f098ae0b6e\"},\"potentialAction\":[{\"@type\":\"SearchAction\",\"target\":{\"@type\":\"EntryPoint\",\"urlTemplate\":\"https:\/\/tabernaculoprensadedios.com\/web\/?s={search_term_string}\"},\"query-input\":{\"@type\":\"PropertyValueSpecification\",\"valueRequired\":true,\"valueName\":\"search_term_string\"}}],\"inLanguage\":\"es\"},{\"@type\":[\"Person\",\"Organization\"],\"@id\":\"https:\/\/tabernaculoprensadedios.com\/web\/#\/schema\/person\/bc0e069fef56b38e177db6f098ae0b6e\",\"name\":\"tabernaculo\",\"image\":{\"@type\":\"ImageObject\",\"inLanguage\":\"es\",\"@id\":\"https:\/\/tabernaculoprensadedios.com\/web\/#\/schema\/person\/image\/\",\"url\":\"https:\/\/tabernaculoprensadedios.com\/web\/wp-content\/uploads\/2015\/06\/login-logo1.png\",\"contentUrl\":\"https:\/\/tabernaculoprensadedios.com\/web\/wp-content\/uploads\/2015\/06\/login-logo1.png\",\"width\":300,\"height\":118,\"caption\":\"tabernaculo\"},\"logo\":{\"@id\":\"https:\/\/tabernaculoprensadedios.com\/web\/#\/schema\/person\/image\/\"},\"url\":\"https:\/\/tabernaculoprensadedios.com\/web\/author\/tabernaculo\/\"}]}<\/script>\n<!-- \/ Yoast SEO Premium plugin. -->","yoast_head_json":{"title":"\u00bfPor qu\u00e9 no seguimos perseverando en la fe? - Tabernaculo Prensa de Dios","robots":{"index":"index","follow":"follow","max-snippet":"max-snippet:-1","max-image-preview":"max-image-preview:large","max-video-preview":"max-video-preview:-1"},"canonical":"https:\/\/tabernaculoprensadedios.com\/web\/por-que-no-seguimos-perseverando-en-la-fe\/","og_locale":"es_ES","og_type":"article","og_title":"\u00bfPor qu\u00e9 no seguimos perseverando en la fe?","og_description":"Ministerio Tabern\u00e1culo Prensa de Dios Una voz que clama desde Rep\u00fablica Dominicana \u00abPero el justo vivir\u00e1 por la fe; y si retrocede, no agradar\u00e1 a mi alma.\u00bb\u00a0 Hebreos 10-38 Durante 16 a\u00f1os, este espacio ha sido un lugar para compartir mensajes de fe y esperanza, dando siempre la bendici\u00f3n y espacio principal a los ministros &hellip;","og_url":"https:\/\/tabernaculoprensadedios.com\/web\/por-que-no-seguimos-perseverando-en-la-fe\/","og_site_name":"Tabernaculo Prensa de Dios","article_published_time":"2025-10-30T02:04:10+00:00","article_modified_time":"2025-10-30T02:05:01+00:00","og_image":[{"width":1280,"height":903,"url":"https:\/\/tabernaculoprensadedios.com\/web\/wp-content\/uploads\/2025\/10\/2626680.avif","type":"image\/jpeg"}],"author":"tabernaculo","twitter_card":"summary_large_image","twitter_creator":"@PrensadeDios","twitter_site":"@PrensadeDios","twitter_misc":{"Escrito por":"tabernaculo","Tiempo de lectura":"3 minutos"},"schema":{"@context":"https:\/\/schema.org","@graph":[{"@type":"Article","@id":"https:\/\/tabernaculoprensadedios.com\/web\/por-que-no-seguimos-perseverando-en-la-fe\/#article","isPartOf":{"@id":"https:\/\/tabernaculoprensadedios.com\/web\/por-que-no-seguimos-perseverando-en-la-fe\/"},"author":{"name":"tabernaculo","@id":"https:\/\/tabernaculoprensadedios.com\/web\/#\/schema\/person\/bc0e069fef56b38e177db6f098ae0b6e"},"headline":"\u00bfPor qu\u00e9 no seguimos perseverando en la fe?","datePublished":"2025-10-30T02:04:10+00:00","dateModified":"2025-10-30T02:05:01+00:00","mainEntityOfPage":{"@id":"https:\/\/tabernaculoprensadedios.com\/web\/por-que-no-seguimos-perseverando-en-la-fe\/"},"wordCount":656,"commentCount":0,"publisher":{"@id":"https:\/\/tabernaculoprensadedios.com\/web\/#\/schema\/person\/bc0e069fef56b38e177db6f098ae0b6e"},"image":{"@id":"https:\/\/tabernaculoprensadedios.com\/web\/por-que-no-seguimos-perseverando-en-la-fe\/#primaryimage"},"thumbnailUrl":"https:\/\/tabernaculoprensadedios.com\/web\/wp-content\/uploads\/2025\/10\/2626680.avif","articleSection":["Principal"],"inLanguage":"es","potentialAction":[{"@type":"CommentAction","name":"Comment","target":["https:\/\/tabernaculoprensadedios.com\/web\/por-que-no-seguimos-perseverando-en-la-fe\/#respond"]}]},{"@type":"WebPage","@id":"https:\/\/tabernaculoprensadedios.com\/web\/por-que-no-seguimos-perseverando-en-la-fe\/","url":"https:\/\/tabernaculoprensadedios.com\/web\/por-que-no-seguimos-perseverando-en-la-fe\/","name":"\u00bfPor qu\u00e9 no seguimos perseverando en la fe? - Tabernaculo Prensa de Dios","isPartOf":{"@id":"https:\/\/tabernaculoprensadedios.com\/web\/#website"},"primaryImageOfPage":{"@id":"https:\/\/tabernaculoprensadedios.com\/web\/por-que-no-seguimos-perseverando-en-la-fe\/#primaryimage"},"image":{"@id":"https:\/\/tabernaculoprensadedios.com\/web\/por-que-no-seguimos-perseverando-en-la-fe\/#primaryimage"},"thumbnailUrl":"https:\/\/tabernaculoprensadedios.com\/web\/wp-content\/uploads\/2025\/10\/2626680.avif","datePublished":"2025-10-30T02:04:10+00:00","dateModified":"2025-10-30T02:05:01+00:00","breadcrumb":{"@id":"https:\/\/tabernaculoprensadedios.com\/web\/por-que-no-seguimos-perseverando-en-la-fe\/#breadcrumb"},"inLanguage":"es","potentialAction":[{"@type":"ReadAction","target":["https:\/\/tabernaculoprensadedios.com\/web\/por-que-no-seguimos-perseverando-en-la-fe\/"]}]},{"@type":"ImageObject","inLanguage":"es","@id":"https:\/\/tabernaculoprensadedios.com\/web\/por-que-no-seguimos-perseverando-en-la-fe\/#primaryimage","url":"https:\/\/tabernaculoprensadedios.com\/web\/wp-content\/uploads\/2025\/10\/2626680.avif","contentUrl":"https:\/\/tabernaculoprensadedios.com\/web\/wp-content\/uploads\/2025\/10\/2626680.avif","width":1280,"height":903,"caption":"dominican republic, santo domingo, caribbean, historical, historic center, architecture, historic old town, to travel, palacio consistorial, dominican republic, santo domingo, santo domingo, santo domingo, santo domingo, santo domingo"},{"@type":"BreadcrumbList","@id":"https:\/\/tabernaculoprensadedios.com\/web\/por-que-no-seguimos-perseverando-en-la-fe\/#breadcrumb","itemListElement":[{"@type":"ListItem","position":1,"name":"Portada","item":"https:\/\/tabernaculoprensadedios.com\/web\/"},{"@type":"ListItem","position":2,"name":"\u00bfPor qu\u00e9 no seguimos perseverando en la fe?"}]},{"@type":"WebSite","@id":"https:\/\/tabernaculoprensadedios.com\/web\/#website","url":"https:\/\/tabernaculoprensadedios.com\/web\/","name":"Tabernaculo Prensa de Dios","description":"Un medio a la manera de Dios","publisher":{"@id":"https:\/\/tabernaculoprensadedios.com\/web\/#\/schema\/person\/bc0e069fef56b38e177db6f098ae0b6e"},"potentialAction":[{"@type":"SearchAction","target":{"@type":"EntryPoint","urlTemplate":"https:\/\/tabernaculoprensadedios.com\/web\/?s={search_term_string}"},"query-input":{"@type":"PropertyValueSpecification","valueRequired":true,"valueName":"search_term_string"}}],"inLanguage":"es"},{"@type":["Person","Organization"],"@id":"https:\/\/tabernaculoprensadedios.com\/web\/#\/schema\/person\/bc0e069fef56b38e177db6f098ae0b6e","name":"tabernaculo","image":{"@type":"ImageObject","inLanguage":"es","@id":"https:\/\/tabernaculoprensadedios.com\/web\/#\/schema\/person\/image\/","url":"https:\/\/tabernaculoprensadedios.com\/web\/wp-content\/uploads\/2015\/06\/login-logo1.png","contentUrl":"https:\/\/tabernaculoprensadedios.com\/web\/wp-content\/uploads\/2015\/06\/login-logo1.png","width":300,"height":118,"caption":"tabernaculo"},"logo":{"@id":"https:\/\/tabernaculoprensadedios.com\/web\/#\/schema\/person\/image\/"},"url":"https:\/\/tabernaculoprensadedios.com\/web\/author\/tabernaculo\/"}]}},"_links":{"self":[{"href":"https:\/\/tabernaculoprensadedios.com\/web\/wp-json\/wp\/v2\/posts\/36255","targetHints":{"allow":["GET"]}}],"collection":[{"href":"https:\/\/tabernaculoprensadedios.com\/web\/wp-json\/wp\/v2\/posts"}],"about":[{"href":"https:\/\/tabernaculoprensadedios.com\/web\/wp-json\/wp\/v2\/types\/post"}],"author":[{"embeddable":true,"href":"https:\/\/tabernaculoprensadedios.com\/web\/wp-json\/wp\/v2\/users\/1"}],"replies":[{"embeddable":true,"href":"https:\/\/tabernaculoprensadedios.com\/web\/wp-json\/wp\/v2\/comments?post=36255"}],"version-history":[{"count":1,"href":"https:\/\/tabernaculoprensadedios.com\/web\/wp-json\/wp\/v2\/posts\/36255\/revisions"}],"predecessor-version":[{"id":36258,"href":"https:\/\/tabernaculoprensadedios.com\/web\/wp-json\/wp\/v2\/posts\/36255\/revisions\/36258"}],"wp:featuredmedia":[{"embeddable":true,"href":"https:\/\/tabernaculoprensadedios.com\/web\/wp-json\/wp\/v2\/media\/36257"}],"wp:attachment":[{"href":"https:\/\/tabernaculoprensadedios.com\/web\/wp-json\/wp\/v2\/media?parent=36255"}],"wp:term":[{"taxonomy":"category","embeddable":true,"href":"https:\/\/tabernaculoprensadedios.com\/web\/wp-json\/wp\/v2\/categories?post=36255"},{"taxonomy":"post_tag","embeddable":true,"href":"https:\/\/tabernaculoprensadedios.com\/web\/wp-json\/wp\/v2\/tags?post=36255"}],"curies":[{"name":"wp","href":"https:\/\/api.w.org\/{rel}","templated":true}]}}