{"id":36182,"date":"2025-10-21T17:48:48","date_gmt":"2025-10-21T17:48:48","guid":{"rendered":"https:\/\/tabernaculoprensadedios.com\/web\/?p=36182"},"modified":"2025-10-22T16:43:43","modified_gmt":"2025-10-22T16:43:43","slug":"la-esperanza-que-nace-de-la-fe","status":"publish","type":"post","link":"https:\/\/tabernaculoprensadedios.com\/web\/la-esperanza-que-nace-de-la-fe\/","title":{"rendered":"La Esperanza que Nace de la Fe"},"content":{"rendered":"<div dir=\"ltr\">\n<p><em>Justificados, pues, por la fe, tenemos paz para con Dios por medio de nuestro Se\u00f1or Jesucristo; por quien tambi\u00e9n tenemos entrada por la fe a esta gracia en la cual estamos firmes, y nos gloriamos en la esperanza de la gloria de Dios. <strong>\u00a0Romanos 5-1-2<\/strong><\/em><\/p>\n<p>La fe no solo nos sostiene; tambi\u00e9n <strong>genera esperanza<\/strong>, permiti\u00e9ndonos confiar plenamente en que <strong>Dios tiene el control de todo<\/strong>, aun cuando el panorama parezca incierto.<br \/>\nLa esperanza que nace de la fe nos recuerda que el futuro est\u00e1 en las manos del Creador, y que cada desaf\u00edo es una oportunidad para contemplar <strong>Su poder obrando a favor de los que creen<\/strong>.<\/p>\n<p>Vivimos tiempos donde el miedo parece propagarse m\u00e1s r\u00e1pido que las buenas noticias. Hoy muchos se sienten inquietos por los reportes de la tormenta <em>Melissa<\/em>, y los pron\u00f3sticos pueden alimentar la ansiedad.<br \/>\nPero los hijos de Dios no caminamos guiados por lo que vemos o escuchamos, sino por <strong>la voz de Aquel que tiene autoridad sobre los vientos y el mar<\/strong>.<\/p>\n<p>Jes\u00fas calm\u00f3 la tormenta con una sola palabra, y ese mismo poder habita en los que creen.<br \/>\n\u00c9l nos ense\u00f1\u00f3 a <strong>orar con autoridad y fe<\/strong>, declarando Su se\u00f1or\u00edo sobre toda circunstancia. Por eso, no permitamos que el miedo gobierne nuestro coraz\u00f3n. Levantemos nuestras manos y proclamemos:<\/p>\n<blockquote><p>\u201cNo temer\u00e9, porque el Se\u00f1or est\u00e1 conmigo. Ninguna tormenta podr\u00e1 destruir lo que Dios ha cubierto con Su promesa.\u201d<\/p><\/blockquote>\n<p>La fe es la semilla, la esperanza es el fruto.<br \/>\nCuando creemos, sembramos en el terreno de lo invisible; y cuando esperamos en Dios, cosechamos Su fidelidad manifestada en lo visible.<\/p>\n<p>Aun si los vientos soplan fuerte, <strong>la paz de Cristo nos cubre<\/strong>.<br \/>\nAun si las noticias traen incertidumbre, <strong>la esperanza del cielo nos sostiene<\/strong>.<br \/>\nRecordemos que <strong>la esperanza no es una emoci\u00f3n pasajera<\/strong>, sino una fuerza viva que brota del coraz\u00f3n de quien ha sido justificado por la fe.<\/p>\n<p><strong>Oremos a todos<br \/>\n<\/strong>Se\u00f1or, en Ti est\u00e1 nuestra esperanza.<br \/>\nHoy levantamos nuestras voces no para temer, sino para creer.<br \/>\nCalma toda tormenta \u2014las que est\u00e1n en el cielo y las que se levantan en el alma\u2014, y danos la paz que solo T\u00fa puedes dar.<br \/>\nFortalece nuestra fe para que produzca esperanza firme,<br \/>\ny que esa esperanza nos haga permanecer en confianza, sabiendo que T\u00fa tienes el control de todo.<br \/>\nEn el nombre de Jes\u00fas, declaramos bendici\u00f3n, cobertura y victoria.<\/p>\n<p>&nbsp;<\/p>\n\n\t\t<div class=\"clearfix\"><\/div>\n\t\t<div class=\"about-author about-author-box container-wrapper\">\n\t\t\t<div class=\"author-avatar\">\n\t\t\t\t<img loading=\"lazy\" decoding=\"async\" src=\"https:\/\/tabernaculoprensadedios.com\/web\/wp-content\/uploads\/2023\/06\/country-3880741_1280.jpg\" alt=\"Margarita Garc\u00eda\" class=\"author-avatar-img\" width=\"111\" height=\"111\" \/>\n\t\t\t<\/div>\n\t\t\t<div class=\"author-info\">\n\t\t\t\t<h4>Margarita Garc\u00eda<\/h4>Directora del Tabern\u00e1culo Prensa de Dios\n\t\t\t<\/div>\n\t\t<\/div>\n\t\n<\/div>\n","protected":false},"excerpt":{"rendered":"<p>Justificados, pues, por la fe, tenemos paz para con Dios por medio de nuestro Se\u00f1or Jesucristo; por quien tambi\u00e9n tenemos entrada por la fe a esta gracia en la cual estamos firmes, y nos gloriamos en la esperanza de la gloria de Dios. \u00a0Romanos 5-1-2 La fe no solo nos sostiene; tambi\u00e9n genera esperanza, permiti\u00e9ndonos &hellip;<\/p>\n","protected":false},"author":1,"featured_media":28361,"comment_status":"open","ping_status":"open","sticky":false,"template":"","format":"standard","meta":{"footnotes":""},"categories":[790],"tags":[],"class_list":["post-36182","post","type-post","status-publish","format-standard","has-post-thumbnail","hentry","category-voz-del-tabernaculo"],"yoast_head":"<!-- This site is optimized with the Yoast SEO Premium plugin v24.2 (Yoast SEO v27.1.1) - https:\/\/yoast.com\/product\/yoast-seo-premium-wordpress\/ -->\n<title>La Esperanza que Nace de la Fe - Tabernaculo Prensa de Dios<\/title>\n<meta name=\"description\" content=\"La fe no solo nos sostiene; tambi\u00e9n genera esperanza, permiti\u00e9ndonos confiar plenamente en que Dios tiene el control de todo, aun cuando el panorama parezca incierto.\" class=\"yoast-seo-meta-tag\" \/>\n<meta name=\"robots\" content=\"index, follow, max-snippet:-1, max-image-preview:large, max-video-preview:-1\" \/>\n<link rel=\"canonical\" href=\"https:\/\/tabernaculoprensadedios.com\/web\/la-esperanza-que-nace-de-la-fe\/\" class=\"yoast-seo-meta-tag\" \/>\n<meta property=\"og:locale\" content=\"es_ES\" class=\"yoast-seo-meta-tag\" \/>\n<meta property=\"og:type\" content=\"article\" class=\"yoast-seo-meta-tag\" \/>\n<meta property=\"og:title\" content=\"La Esperanza que Nace de la Fe\" class=\"yoast-seo-meta-tag\" \/>\n<meta property=\"og:description\" content=\"La fe no solo nos sostiene; tambi\u00e9n genera esperanza, permiti\u00e9ndonos confiar plenamente en que Dios tiene el control de todo, aun cuando el panorama parezca incierto.\" class=\"yoast-seo-meta-tag\" \/>\n<meta property=\"og:url\" content=\"https:\/\/tabernaculoprensadedios.com\/web\/la-esperanza-que-nace-de-la-fe\/\" class=\"yoast-seo-meta-tag\" \/>\n<meta property=\"og:site_name\" content=\"Tabernaculo Prensa de Dios\" class=\"yoast-seo-meta-tag\" \/>\n<meta property=\"article:published_time\" content=\"2025-10-21T17:48:48+00:00\" class=\"yoast-seo-meta-tag\" \/>\n<meta property=\"article:modified_time\" content=\"2025-10-22T16:43:43+00:00\" class=\"yoast-seo-meta-tag\" \/>\n<meta property=\"og:image\" content=\"https:\/\/tabernaculoprensadedios.com\/web\/wp-content\/uploads\/2023\/06\/country-3880741_1280.jpg\" class=\"yoast-seo-meta-tag\" \/>\n\t<meta property=\"og:image:width\" content=\"1280\" class=\"yoast-seo-meta-tag\" \/>\n\t<meta property=\"og:image:height\" content=\"853\" class=\"yoast-seo-meta-tag\" \/>\n\t<meta property=\"og:image:type\" content=\"image\/jpeg\" class=\"yoast-seo-meta-tag\" \/>\n<meta name=\"author\" content=\"tabernaculo\" class=\"yoast-seo-meta-tag\" \/>\n<meta name=\"twitter:card\" content=\"summary_large_image\" class=\"yoast-seo-meta-tag\" \/>\n<meta name=\"twitter:creator\" content=\"@PrensadeDios\" class=\"yoast-seo-meta-tag\" \/>\n<meta name=\"twitter:site\" content=\"@PrensadeDios\" class=\"yoast-seo-meta-tag\" \/>\n<meta name=\"twitter:label1\" content=\"Escrito por\" class=\"yoast-seo-meta-tag\" \/>\n\t<meta name=\"twitter:data1\" content=\"tabernaculo\" class=\"yoast-seo-meta-tag\" \/>\n\t<meta name=\"twitter:label2\" content=\"Tiempo de lectura\" class=\"yoast-seo-meta-tag\" \/>\n\t<meta name=\"twitter:data2\" content=\"2 minutos\" class=\"yoast-seo-meta-tag\" \/>\n<script type=\"application\/ld+json\" class=\"yoast-schema-graph\">{\"@context\":\"https:\/\/schema.org\",\"@graph\":[{\"@type\":\"Article\",\"@id\":\"https:\/\/tabernaculoprensadedios.com\/web\/la-esperanza-que-nace-de-la-fe\/#article\",\"isPartOf\":{\"@id\":\"https:\/\/tabernaculoprensadedios.com\/web\/la-esperanza-que-nace-de-la-fe\/\"},\"author\":{\"name\":\"tabernaculo\",\"@id\":\"https:\/\/tabernaculoprensadedios.com\/web\/#\/schema\/person\/bc0e069fef56b38e177db6f098ae0b6e\"},\"headline\":\"La Esperanza que Nace de la Fe\",\"datePublished\":\"2025-10-21T17:48:48+00:00\",\"dateModified\":\"2025-10-22T16:43:43+00:00\",\"mainEntityOfPage\":{\"@id\":\"https:\/\/tabernaculoprensadedios.com\/web\/la-esperanza-que-nace-de-la-fe\/\"},\"wordCount\":444,\"commentCount\":0,\"publisher\":{\"@id\":\"https:\/\/tabernaculoprensadedios.com\/web\/#\/schema\/person\/bc0e069fef56b38e177db6f098ae0b6e\"},\"image\":{\"@id\":\"https:\/\/tabernaculoprensadedios.com\/web\/la-esperanza-que-nace-de-la-fe\/#primaryimage\"},\"thumbnailUrl\":\"https:\/\/tabernaculoprensadedios.com\/web\/wp-content\/uploads\/2023\/06\/country-3880741_1280.jpg\",\"articleSection\":[\"Voz del Tabern\u00e1culo\"],\"inLanguage\":\"es\",\"potentialAction\":[{\"@type\":\"CommentAction\",\"name\":\"Comment\",\"target\":[\"https:\/\/tabernaculoprensadedios.com\/web\/la-esperanza-que-nace-de-la-fe\/#respond\"]}]},{\"@type\":\"WebPage\",\"@id\":\"https:\/\/tabernaculoprensadedios.com\/web\/la-esperanza-que-nace-de-la-fe\/\",\"url\":\"https:\/\/tabernaculoprensadedios.com\/web\/la-esperanza-que-nace-de-la-fe\/\",\"name\":\"La Esperanza que Nace de la Fe - Tabernaculo Prensa de Dios\",\"isPartOf\":{\"@id\":\"https:\/\/tabernaculoprensadedios.com\/web\/#website\"},\"primaryImageOfPage\":{\"@id\":\"https:\/\/tabernaculoprensadedios.com\/web\/la-esperanza-que-nace-de-la-fe\/#primaryimage\"},\"image\":{\"@id\":\"https:\/\/tabernaculoprensadedios.com\/web\/la-esperanza-que-nace-de-la-fe\/#primaryimage\"},\"thumbnailUrl\":\"https:\/\/tabernaculoprensadedios.com\/web\/wp-content\/uploads\/2023\/06\/country-3880741_1280.jpg\",\"datePublished\":\"2025-10-21T17:48:48+00:00\",\"dateModified\":\"2025-10-22T16:43:43+00:00\",\"description\":\"La fe no solo nos sostiene; tambi\u00e9n genera esperanza, permiti\u00e9ndonos confiar plenamente en que Dios tiene el control de todo, aun cuando el panorama parezca incierto.\",\"breadcrumb\":{\"@id\":\"https:\/\/tabernaculoprensadedios.com\/web\/la-esperanza-que-nace-de-la-fe\/#breadcrumb\"},\"inLanguage\":\"es\",\"potentialAction\":[{\"@type\":\"ReadAction\",\"target\":[\"https:\/\/tabernaculoprensadedios.com\/web\/la-esperanza-que-nace-de-la-fe\/\"]}]},{\"@type\":\"ImageObject\",\"inLanguage\":\"es\",\"@id\":\"https:\/\/tabernaculoprensadedios.com\/web\/la-esperanza-que-nace-de-la-fe\/#primaryimage\",\"url\":\"https:\/\/tabernaculoprensadedios.com\/web\/wp-content\/uploads\/2023\/06\/country-3880741_1280.jpg\",\"contentUrl\":\"https:\/\/tabernaculoprensadedios.com\/web\/wp-content\/uploads\/2023\/06\/country-3880741_1280.jpg\",\"width\":1280,\"height\":853},{\"@type\":\"BreadcrumbList\",\"@id\":\"https:\/\/tabernaculoprensadedios.com\/web\/la-esperanza-que-nace-de-la-fe\/#breadcrumb\",\"itemListElement\":[{\"@type\":\"ListItem\",\"position\":1,\"name\":\"Portada\",\"item\":\"https:\/\/tabernaculoprensadedios.com\/web\/\"},{\"@type\":\"ListItem\",\"position\":2,\"name\":\"La Esperanza que Nace de la Fe\"}]},{\"@type\":\"WebSite\",\"@id\":\"https:\/\/tabernaculoprensadedios.com\/web\/#website\",\"url\":\"https:\/\/tabernaculoprensadedios.com\/web\/\",\"name\":\"Tabernaculo Prensa de Dios\",\"description\":\"Un medio a la manera de Dios\",\"publisher\":{\"@id\":\"https:\/\/tabernaculoprensadedios.com\/web\/#\/schema\/person\/bc0e069fef56b38e177db6f098ae0b6e\"},\"potentialAction\":[{\"@type\":\"SearchAction\",\"target\":{\"@type\":\"EntryPoint\",\"urlTemplate\":\"https:\/\/tabernaculoprensadedios.com\/web\/?s={search_term_string}\"},\"query-input\":{\"@type\":\"PropertyValueSpecification\",\"valueRequired\":true,\"valueName\":\"search_term_string\"}}],\"inLanguage\":\"es\"},{\"@type\":[\"Person\",\"Organization\"],\"@id\":\"https:\/\/tabernaculoprensadedios.com\/web\/#\/schema\/person\/bc0e069fef56b38e177db6f098ae0b6e\",\"name\":\"tabernaculo\",\"image\":{\"@type\":\"ImageObject\",\"inLanguage\":\"es\",\"@id\":\"https:\/\/tabernaculoprensadedios.com\/web\/#\/schema\/person\/image\/\",\"url\":\"https:\/\/tabernaculoprensadedios.com\/web\/wp-content\/uploads\/2015\/06\/login-logo1.png\",\"contentUrl\":\"https:\/\/tabernaculoprensadedios.com\/web\/wp-content\/uploads\/2015\/06\/login-logo1.png\",\"width\":300,\"height\":118,\"caption\":\"tabernaculo\"},\"logo\":{\"@id\":\"https:\/\/tabernaculoprensadedios.com\/web\/#\/schema\/person\/image\/\"},\"url\":\"https:\/\/tabernaculoprensadedios.com\/web\/author\/tabernaculo\/\"}]}<\/script>\n<!-- \/ Yoast SEO Premium plugin. -->","yoast_head_json":{"title":"La Esperanza que Nace de la Fe - Tabernaculo Prensa de Dios","description":"La fe no solo nos sostiene; tambi\u00e9n genera esperanza, permiti\u00e9ndonos confiar plenamente en que Dios tiene el control de todo, aun cuando el panorama parezca incierto.","robots":{"index":"index","follow":"follow","max-snippet":"max-snippet:-1","max-image-preview":"max-image-preview:large","max-video-preview":"max-video-preview:-1"},"canonical":"https:\/\/tabernaculoprensadedios.com\/web\/la-esperanza-que-nace-de-la-fe\/","og_locale":"es_ES","og_type":"article","og_title":"La Esperanza que Nace de la Fe","og_description":"La fe no solo nos sostiene; tambi\u00e9n genera esperanza, permiti\u00e9ndonos confiar plenamente en que Dios tiene el control de todo, aun cuando el panorama parezca incierto.","og_url":"https:\/\/tabernaculoprensadedios.com\/web\/la-esperanza-que-nace-de-la-fe\/","og_site_name":"Tabernaculo Prensa de Dios","article_published_time":"2025-10-21T17:48:48+00:00","article_modified_time":"2025-10-22T16:43:43+00:00","og_image":[{"width":1280,"height":853,"url":"https:\/\/tabernaculoprensadedios.com\/web\/wp-content\/uploads\/2023\/06\/country-3880741_1280.jpg","type":"image\/jpeg"}],"author":"tabernaculo","twitter_card":"summary_large_image","twitter_creator":"@PrensadeDios","twitter_site":"@PrensadeDios","twitter_misc":{"Escrito por":"tabernaculo","Tiempo de lectura":"2 minutos"},"schema":{"@context":"https:\/\/schema.org","@graph":[{"@type":"Article","@id":"https:\/\/tabernaculoprensadedios.com\/web\/la-esperanza-que-nace-de-la-fe\/#article","isPartOf":{"@id":"https:\/\/tabernaculoprensadedios.com\/web\/la-esperanza-que-nace-de-la-fe\/"},"author":{"name":"tabernaculo","@id":"https:\/\/tabernaculoprensadedios.com\/web\/#\/schema\/person\/bc0e069fef56b38e177db6f098ae0b6e"},"headline":"La Esperanza que Nace de la Fe","datePublished":"2025-10-21T17:48:48+00:00","dateModified":"2025-10-22T16:43:43+00:00","mainEntityOfPage":{"@id":"https:\/\/tabernaculoprensadedios.com\/web\/la-esperanza-que-nace-de-la-fe\/"},"wordCount":444,"commentCount":0,"publisher":{"@id":"https:\/\/tabernaculoprensadedios.com\/web\/#\/schema\/person\/bc0e069fef56b38e177db6f098ae0b6e"},"image":{"@id":"https:\/\/tabernaculoprensadedios.com\/web\/la-esperanza-que-nace-de-la-fe\/#primaryimage"},"thumbnailUrl":"https:\/\/tabernaculoprensadedios.com\/web\/wp-content\/uploads\/2023\/06\/country-3880741_1280.jpg","articleSection":["Voz del Tabern\u00e1culo"],"inLanguage":"es","potentialAction":[{"@type":"CommentAction","name":"Comment","target":["https:\/\/tabernaculoprensadedios.com\/web\/la-esperanza-que-nace-de-la-fe\/#respond"]}]},{"@type":"WebPage","@id":"https:\/\/tabernaculoprensadedios.com\/web\/la-esperanza-que-nace-de-la-fe\/","url":"https:\/\/tabernaculoprensadedios.com\/web\/la-esperanza-que-nace-de-la-fe\/","name":"La Esperanza que Nace de la Fe - Tabernaculo Prensa de Dios","isPartOf":{"@id":"https:\/\/tabernaculoprensadedios.com\/web\/#website"},"primaryImageOfPage":{"@id":"https:\/\/tabernaculoprensadedios.com\/web\/la-esperanza-que-nace-de-la-fe\/#primaryimage"},"image":{"@id":"https:\/\/tabernaculoprensadedios.com\/web\/la-esperanza-que-nace-de-la-fe\/#primaryimage"},"thumbnailUrl":"https:\/\/tabernaculoprensadedios.com\/web\/wp-content\/uploads\/2023\/06\/country-3880741_1280.jpg","datePublished":"2025-10-21T17:48:48+00:00","dateModified":"2025-10-22T16:43:43+00:00","description":"La fe no solo nos sostiene; tambi\u00e9n genera esperanza, permiti\u00e9ndonos confiar plenamente en que Dios tiene el control de todo, aun cuando el panorama parezca incierto.","breadcrumb":{"@id":"https:\/\/tabernaculoprensadedios.com\/web\/la-esperanza-que-nace-de-la-fe\/#breadcrumb"},"inLanguage":"es","potentialAction":[{"@type":"ReadAction","target":["https:\/\/tabernaculoprensadedios.com\/web\/la-esperanza-que-nace-de-la-fe\/"]}]},{"@type":"ImageObject","inLanguage":"es","@id":"https:\/\/tabernaculoprensadedios.com\/web\/la-esperanza-que-nace-de-la-fe\/#primaryimage","url":"https:\/\/tabernaculoprensadedios.com\/web\/wp-content\/uploads\/2023\/06\/country-3880741_1280.jpg","contentUrl":"https:\/\/tabernaculoprensadedios.com\/web\/wp-content\/uploads\/2023\/06\/country-3880741_1280.jpg","width":1280,"height":853},{"@type":"BreadcrumbList","@id":"https:\/\/tabernaculoprensadedios.com\/web\/la-esperanza-que-nace-de-la-fe\/#breadcrumb","itemListElement":[{"@type":"ListItem","position":1,"name":"Portada","item":"https:\/\/tabernaculoprensadedios.com\/web\/"},{"@type":"ListItem","position":2,"name":"La Esperanza que Nace de la Fe"}]},{"@type":"WebSite","@id":"https:\/\/tabernaculoprensadedios.com\/web\/#website","url":"https:\/\/tabernaculoprensadedios.com\/web\/","name":"Tabernaculo Prensa de Dios","description":"Un medio a la manera de Dios","publisher":{"@id":"https:\/\/tabernaculoprensadedios.com\/web\/#\/schema\/person\/bc0e069fef56b38e177db6f098ae0b6e"},"potentialAction":[{"@type":"SearchAction","target":{"@type":"EntryPoint","urlTemplate":"https:\/\/tabernaculoprensadedios.com\/web\/?s={search_term_string}"},"query-input":{"@type":"PropertyValueSpecification","valueRequired":true,"valueName":"search_term_string"}}],"inLanguage":"es"},{"@type":["Person","Organization"],"@id":"https:\/\/tabernaculoprensadedios.com\/web\/#\/schema\/person\/bc0e069fef56b38e177db6f098ae0b6e","name":"tabernaculo","image":{"@type":"ImageObject","inLanguage":"es","@id":"https:\/\/tabernaculoprensadedios.com\/web\/#\/schema\/person\/image\/","url":"https:\/\/tabernaculoprensadedios.com\/web\/wp-content\/uploads\/2015\/06\/login-logo1.png","contentUrl":"https:\/\/tabernaculoprensadedios.com\/web\/wp-content\/uploads\/2015\/06\/login-logo1.png","width":300,"height":118,"caption":"tabernaculo"},"logo":{"@id":"https:\/\/tabernaculoprensadedios.com\/web\/#\/schema\/person\/image\/"},"url":"https:\/\/tabernaculoprensadedios.com\/web\/author\/tabernaculo\/"}]}},"_links":{"self":[{"href":"https:\/\/tabernaculoprensadedios.com\/web\/wp-json\/wp\/v2\/posts\/36182","targetHints":{"allow":["GET"]}}],"collection":[{"href":"https:\/\/tabernaculoprensadedios.com\/web\/wp-json\/wp\/v2\/posts"}],"about":[{"href":"https:\/\/tabernaculoprensadedios.com\/web\/wp-json\/wp\/v2\/types\/post"}],"author":[{"embeddable":true,"href":"https:\/\/tabernaculoprensadedios.com\/web\/wp-json\/wp\/v2\/users\/1"}],"replies":[{"embeddable":true,"href":"https:\/\/tabernaculoprensadedios.com\/web\/wp-json\/wp\/v2\/comments?post=36182"}],"version-history":[{"count":3,"href":"https:\/\/tabernaculoprensadedios.com\/web\/wp-json\/wp\/v2\/posts\/36182\/revisions"}],"predecessor-version":[{"id":36186,"href":"https:\/\/tabernaculoprensadedios.com\/web\/wp-json\/wp\/v2\/posts\/36182\/revisions\/36186"}],"wp:featuredmedia":[{"embeddable":true,"href":"https:\/\/tabernaculoprensadedios.com\/web\/wp-json\/wp\/v2\/media\/28361"}],"wp:attachment":[{"href":"https:\/\/tabernaculoprensadedios.com\/web\/wp-json\/wp\/v2\/media?parent=36182"}],"wp:term":[{"taxonomy":"category","embeddable":true,"href":"https:\/\/tabernaculoprensadedios.com\/web\/wp-json\/wp\/v2\/categories?post=36182"},{"taxonomy":"post_tag","embeddable":true,"href":"https:\/\/tabernaculoprensadedios.com\/web\/wp-json\/wp\/v2\/tags?post=36182"}],"curies":[{"name":"wp","href":"https:\/\/api.w.org\/{rel}","templated":true}]}}