{"id":36178,"date":"2025-10-21T17:44:26","date_gmt":"2025-10-21T17:44:26","guid":{"rendered":"https:\/\/tabernaculoprensadedios.com\/web\/?p=36178"},"modified":"2025-10-21T17:44:26","modified_gmt":"2025-10-21T17:44:26","slug":"ministerio-shajah-visito-por-primera-vez-republica-dominicana","status":"publish","type":"post","link":"https:\/\/tabernaculoprensadedios.com\/web\/ministerio-shajah-visito-por-primera-vez-republica-dominicana\/","title":{"rendered":"Ministerio Shajah visit\u00f3 por primera vez Rep\u00fablica Dominicana"},"content":{"rendered":"<p>De la mano del Evangelista y Productor Televisivo Inocencio Ortega el Ministerio Shajah, desde Per\u00fa, visit\u00f3 por primera vez la Rep\u00fablica Dominicana promoviendo su m\u00fasica andina en algunos templos; as\u00ed como en varios programas de radio y televisi\u00f3n de la Ciudad Coraz\u00f3n, al norte del pa\u00eds.<\/p>\n<p>Desde el viernes 10 hasta el jueves 16 de octubre, el Ministerio Shajah estuvo en el pa\u00eds caribe\u00f1o compartiendo la m\u00fasica andina, espec\u00edficamente \u00abHuayno\u00bb y d\u00e1ndose a conocer tras tres a\u00f1os y nueve meses de formado, integrado por Dorca Romo (cantante), Amac\u00edas Arroyo (Director musical) y Dalshton Smith (primera guitarra).<\/p>\n<p>El huayno, una de las expresiones musicales m\u00e1s emblem\u00e1ticas de Per\u00fa, manifestaci\u00f3n cultural que combina m\u00fasica, canto y danza, con ra\u00edces en las culturas prehisp\u00e1nicas de los Andes y una evoluci\u00f3n marcada por la influencia espa\u00f1ola, dando lugar a una fusi\u00f3n \u00fanica que refleja la identidad andina.<\/p>\n<p>Las iglesias cristianas donde ministraron la Palabra de Dios cantada: Iglesia Pentecostal Juan 10:20 del sector La Herradura, recibidos por el<br \/>\nPastor Gabriel Aguilera; Iglesia Ciudad del Rey, en La Barranquita, con el Pastor, Evangelista y Profeta Kelvin Aracena; Iglesia Nuevo Renacer en Cristo, de La Otra Banda, Pastor Noelbis Rodr\u00edguez.<\/p>\n<p>Tambi\u00e9n ministraron en la Iglesia J\u00f3venes Cristianos Aposento Alto, en Villa Las Hortencias, con el Pastor Aquiles M\u00e9ndez; despidi\u00e9ndose en la Iglesia Puertas Abiertas en el Municipio de Baitoa, con la Pastora Luz Mercedes.<\/p>\n<p>Lps medios visitados en esta primera experiencia en el pa\u00eds: La Ventana del Saber con Edwin Almonte y Merari Non\u00f3n, en \u00c9xitos 90.5 FM, Dios sigue siendo Fiel con el anfitri\u00f3n Inocencio Ortega y el Club 1430 con Lausti Tolentono y Deisy Liriano en Radio Emanuel 1430 AM, Doble V\u00eda en Telemilenio (Canal 36), Dios sigue siendo fiel en Tele Poder (Canal 30) y La Ciudad en Vivo con Carmelo Mart\u00ednez y Luciano Inoa en Telecontacto (Canal 35).<\/p>\n<p>Adem\u00e1s, visitaron Celebrando La Ma\u00f1ana con Amelfi Rodr\u00edguez y Elizabeth Metivier en Tu Familia 88.5 FM, 1\/2 D\u00eda 55 con Jean Carlos S\u00e1nchez y Chantell Garc\u00eda en Super TV Canal 55, para concluir en Buena Noche de Nelson Javier en Teleuniverso, Canal 29.<\/p>\n<p>Desde ya programan regresar al territorio dominicano en el 2026 para participar en algunas cruzadas evangel\u00edsticas, en otras congregaciones, otros programas de radio y televisi\u00f3n.<\/p>\n<p>La agenda se concentr\u00f3 en Santiago de los Caballeros (La Ciudad Coraz\u00f3n), el primer Santiago de Am\u00e9rica, principal ciudad de la Regi\u00f3n Norte (Cibao), conforme a la divisi\u00f3n geopol\u00edtica del pa\u00eds, segunda ciudad relevante despu\u00e9s de la capital de la Rep\u00fablica Dominicana.<\/p>\n<p><img loading=\"lazy\" decoding=\"async\" class=\"alignnone size-full wp-image-36179\" src=\"https:\/\/tabernaculoprensadedios.com\/web\/wp-content\/uploads\/2025\/10\/WhatsApp-Image-2025-10-20-at-12.29.00-PM.avif\" alt=\"\" width=\"1080\" height=\"1080\" \/><\/p>\n","protected":false},"excerpt":{"rendered":"<p>De la mano del Evangelista y Productor Televisivo Inocencio Ortega el Ministerio Shajah, desde Per\u00fa, visit\u00f3 por primera vez la Rep\u00fablica Dominicana promoviendo su m\u00fasica andina en algunos templos; as\u00ed como en varios programas de radio y televisi\u00f3n de la Ciudad Coraz\u00f3n, al norte del pa\u00eds. Desde el viernes 10 hasta el jueves 16 de &hellip;<\/p>\n","protected":false},"author":1,"featured_media":36180,"comment_status":"open","ping_status":"open","sticky":false,"template":"","format":"standard","meta":{"footnotes":""},"categories":[794],"tags":[],"class_list":["post-36178","post","type-post","status-publish","format-standard","has-post-thumbnail","hentry","category-mas-alla-del-monumento"],"yoast_head":"<!-- This site is optimized with the Yoast SEO Premium plugin v24.2 (Yoast SEO v27.1.1) - https:\/\/yoast.com\/product\/yoast-seo-premium-wordpress\/ -->\n<title>Ministerio Shajah visit\u00f3 por primera vez Rep\u00fablica Dominicana - Tabernaculo Prensa de Dios<\/title>\n<meta name=\"robots\" content=\"index, follow, max-snippet:-1, max-image-preview:large, max-video-preview:-1\" \/>\n<link rel=\"canonical\" href=\"https:\/\/tabernaculoprensadedios.com\/web\/ministerio-shajah-visito-por-primera-vez-republica-dominicana\/\" class=\"yoast-seo-meta-tag\" \/>\n<meta property=\"og:locale\" content=\"es_ES\" class=\"yoast-seo-meta-tag\" \/>\n<meta property=\"og:type\" content=\"article\" class=\"yoast-seo-meta-tag\" \/>\n<meta property=\"og:title\" content=\"Ministerio Shajah visit\u00f3 por primera vez Rep\u00fablica Dominicana\" class=\"yoast-seo-meta-tag\" \/>\n<meta property=\"og:description\" content=\"De la mano del Evangelista y Productor Televisivo Inocencio Ortega el Ministerio Shajah, desde Per\u00fa, visit\u00f3 por primera vez la Rep\u00fablica Dominicana promoviendo su m\u00fasica andina en algunos templos; as\u00ed como en varios programas de radio y televisi\u00f3n de la Ciudad Coraz\u00f3n, al norte del pa\u00eds. Desde el viernes 10 hasta el jueves 16 de &hellip;\" class=\"yoast-seo-meta-tag\" \/>\n<meta property=\"og:url\" content=\"https:\/\/tabernaculoprensadedios.com\/web\/ministerio-shajah-visito-por-primera-vez-republica-dominicana\/\" class=\"yoast-seo-meta-tag\" \/>\n<meta property=\"og:site_name\" content=\"Tabernaculo Prensa de Dios\" class=\"yoast-seo-meta-tag\" \/>\n<meta property=\"article:published_time\" content=\"2025-10-21T17:44:26+00:00\" class=\"yoast-seo-meta-tag\" \/>\n<meta property=\"og:image\" content=\"https:\/\/tabernaculoprensadedios.com\/web\/wp-content\/uploads\/2025\/10\/WhatsApp-Image-2025-10-20-at-12.00.17-PM.avif\" class=\"yoast-seo-meta-tag\" \/>\n\t<meta property=\"og:image:width\" content=\"1080\" class=\"yoast-seo-meta-tag\" \/>\n\t<meta property=\"og:image:height\" content=\"1080\" class=\"yoast-seo-meta-tag\" \/>\n\t<meta property=\"og:image:type\" content=\"image\/jpeg\" class=\"yoast-seo-meta-tag\" \/>\n<meta name=\"author\" content=\"tabernaculo\" class=\"yoast-seo-meta-tag\" \/>\n<meta name=\"twitter:card\" content=\"summary_large_image\" class=\"yoast-seo-meta-tag\" \/>\n<meta name=\"twitter:creator\" content=\"@PrensadeDios\" class=\"yoast-seo-meta-tag\" \/>\n<meta name=\"twitter:site\" content=\"@PrensadeDios\" class=\"yoast-seo-meta-tag\" \/>\n<meta name=\"twitter:label1\" content=\"Escrito por\" class=\"yoast-seo-meta-tag\" \/>\n\t<meta name=\"twitter:data1\" content=\"tabernaculo\" class=\"yoast-seo-meta-tag\" \/>\n\t<meta name=\"twitter:label2\" content=\"Tiempo de lectura\" class=\"yoast-seo-meta-tag\" \/>\n\t<meta name=\"twitter:data2\" content=\"3 minutos\" class=\"yoast-seo-meta-tag\" \/>\n<script type=\"application\/ld+json\" class=\"yoast-schema-graph\">{\"@context\":\"https:\/\/schema.org\",\"@graph\":[{\"@type\":\"Article\",\"@id\":\"https:\/\/tabernaculoprensadedios.com\/web\/ministerio-shajah-visito-por-primera-vez-republica-dominicana\/#article\",\"isPartOf\":{\"@id\":\"https:\/\/tabernaculoprensadedios.com\/web\/ministerio-shajah-visito-por-primera-vez-republica-dominicana\/\"},\"author\":{\"name\":\"tabernaculo\",\"@id\":\"https:\/\/tabernaculoprensadedios.com\/web\/#\/schema\/person\/bc0e069fef56b38e177db6f098ae0b6e\"},\"headline\":\"Ministerio Shajah visit\u00f3 por primera vez Rep\u00fablica Dominicana\",\"datePublished\":\"2025-10-21T17:44:26+00:00\",\"mainEntityOfPage\":{\"@id\":\"https:\/\/tabernaculoprensadedios.com\/web\/ministerio-shajah-visito-por-primera-vez-republica-dominicana\/\"},\"wordCount\":457,\"commentCount\":0,\"publisher\":{\"@id\":\"https:\/\/tabernaculoprensadedios.com\/web\/#\/schema\/person\/bc0e069fef56b38e177db6f098ae0b6e\"},\"image\":{\"@id\":\"https:\/\/tabernaculoprensadedios.com\/web\/ministerio-shajah-visito-por-primera-vez-republica-dominicana\/#primaryimage\"},\"thumbnailUrl\":\"https:\/\/tabernaculoprensadedios.com\/web\/wp-content\/uploads\/2025\/10\/WhatsApp-Image-2025-10-20-at-12.00.17-PM.avif\",\"articleSection\":[\"M\u00e1s all\u00e1 del Monumento\"],\"inLanguage\":\"es\",\"potentialAction\":[{\"@type\":\"CommentAction\",\"name\":\"Comment\",\"target\":[\"https:\/\/tabernaculoprensadedios.com\/web\/ministerio-shajah-visito-por-primera-vez-republica-dominicana\/#respond\"]}]},{\"@type\":\"WebPage\",\"@id\":\"https:\/\/tabernaculoprensadedios.com\/web\/ministerio-shajah-visito-por-primera-vez-republica-dominicana\/\",\"url\":\"https:\/\/tabernaculoprensadedios.com\/web\/ministerio-shajah-visito-por-primera-vez-republica-dominicana\/\",\"name\":\"Ministerio Shajah visit\u00f3 por primera vez Rep\u00fablica Dominicana - Tabernaculo Prensa de Dios\",\"isPartOf\":{\"@id\":\"https:\/\/tabernaculoprensadedios.com\/web\/#website\"},\"primaryImageOfPage\":{\"@id\":\"https:\/\/tabernaculoprensadedios.com\/web\/ministerio-shajah-visito-por-primera-vez-republica-dominicana\/#primaryimage\"},\"image\":{\"@id\":\"https:\/\/tabernaculoprensadedios.com\/web\/ministerio-shajah-visito-por-primera-vez-republica-dominicana\/#primaryimage\"},\"thumbnailUrl\":\"https:\/\/tabernaculoprensadedios.com\/web\/wp-content\/uploads\/2025\/10\/WhatsApp-Image-2025-10-20-at-12.00.17-PM.avif\",\"datePublished\":\"2025-10-21T17:44:26+00:00\",\"breadcrumb\":{\"@id\":\"https:\/\/tabernaculoprensadedios.com\/web\/ministerio-shajah-visito-por-primera-vez-republica-dominicana\/#breadcrumb\"},\"inLanguage\":\"es\",\"potentialAction\":[{\"@type\":\"ReadAction\",\"target\":[\"https:\/\/tabernaculoprensadedios.com\/web\/ministerio-shajah-visito-por-primera-vez-republica-dominicana\/\"]}]},{\"@type\":\"ImageObject\",\"inLanguage\":\"es\",\"@id\":\"https:\/\/tabernaculoprensadedios.com\/web\/ministerio-shajah-visito-por-primera-vez-republica-dominicana\/#primaryimage\",\"url\":\"https:\/\/tabernaculoprensadedios.com\/web\/wp-content\/uploads\/2025\/10\/WhatsApp-Image-2025-10-20-at-12.00.17-PM.avif\",\"contentUrl\":\"https:\/\/tabernaculoprensadedios.com\/web\/wp-content\/uploads\/2025\/10\/WhatsApp-Image-2025-10-20-at-12.00.17-PM.avif\",\"width\":1080,\"height\":1080},{\"@type\":\"BreadcrumbList\",\"@id\":\"https:\/\/tabernaculoprensadedios.com\/web\/ministerio-shajah-visito-por-primera-vez-republica-dominicana\/#breadcrumb\",\"itemListElement\":[{\"@type\":\"ListItem\",\"position\":1,\"name\":\"Portada\",\"item\":\"https:\/\/tabernaculoprensadedios.com\/web\/\"},{\"@type\":\"ListItem\",\"position\":2,\"name\":\"Ministerio Shajah visit\u00f3 por primera vez Rep\u00fablica Dominicana\"}]},{\"@type\":\"WebSite\",\"@id\":\"https:\/\/tabernaculoprensadedios.com\/web\/#website\",\"url\":\"https:\/\/tabernaculoprensadedios.com\/web\/\",\"name\":\"Tabernaculo Prensa de Dios\",\"description\":\"Un medio a la manera de Dios\",\"publisher\":{\"@id\":\"https:\/\/tabernaculoprensadedios.com\/web\/#\/schema\/person\/bc0e069fef56b38e177db6f098ae0b6e\"},\"potentialAction\":[{\"@type\":\"SearchAction\",\"target\":{\"@type\":\"EntryPoint\",\"urlTemplate\":\"https:\/\/tabernaculoprensadedios.com\/web\/?s={search_term_string}\"},\"query-input\":{\"@type\":\"PropertyValueSpecification\",\"valueRequired\":true,\"valueName\":\"search_term_string\"}}],\"inLanguage\":\"es\"},{\"@type\":[\"Person\",\"Organization\"],\"@id\":\"https:\/\/tabernaculoprensadedios.com\/web\/#\/schema\/person\/bc0e069fef56b38e177db6f098ae0b6e\",\"name\":\"tabernaculo\",\"image\":{\"@type\":\"ImageObject\",\"inLanguage\":\"es\",\"@id\":\"https:\/\/tabernaculoprensadedios.com\/web\/#\/schema\/person\/image\/\",\"url\":\"https:\/\/tabernaculoprensadedios.com\/web\/wp-content\/uploads\/2015\/06\/login-logo1.png\",\"contentUrl\":\"https:\/\/tabernaculoprensadedios.com\/web\/wp-content\/uploads\/2015\/06\/login-logo1.png\",\"width\":300,\"height\":118,\"caption\":\"tabernaculo\"},\"logo\":{\"@id\":\"https:\/\/tabernaculoprensadedios.com\/web\/#\/schema\/person\/image\/\"},\"url\":\"https:\/\/tabernaculoprensadedios.com\/web\/author\/tabernaculo\/\"}]}<\/script>\n<!-- \/ Yoast SEO Premium plugin. -->","yoast_head_json":{"title":"Ministerio Shajah visit\u00f3 por primera vez Rep\u00fablica Dominicana - Tabernaculo Prensa de Dios","robots":{"index":"index","follow":"follow","max-snippet":"max-snippet:-1","max-image-preview":"max-image-preview:large","max-video-preview":"max-video-preview:-1"},"canonical":"https:\/\/tabernaculoprensadedios.com\/web\/ministerio-shajah-visito-por-primera-vez-republica-dominicana\/","og_locale":"es_ES","og_type":"article","og_title":"Ministerio Shajah visit\u00f3 por primera vez Rep\u00fablica Dominicana","og_description":"De la mano del Evangelista y Productor Televisivo Inocencio Ortega el Ministerio Shajah, desde Per\u00fa, visit\u00f3 por primera vez la Rep\u00fablica Dominicana promoviendo su m\u00fasica andina en algunos templos; as\u00ed como en varios programas de radio y televisi\u00f3n de la Ciudad Coraz\u00f3n, al norte del pa\u00eds. Desde el viernes 10 hasta el jueves 16 de &hellip;","og_url":"https:\/\/tabernaculoprensadedios.com\/web\/ministerio-shajah-visito-por-primera-vez-republica-dominicana\/","og_site_name":"Tabernaculo Prensa de Dios","article_published_time":"2025-10-21T17:44:26+00:00","og_image":[{"width":1080,"height":1080,"url":"https:\/\/tabernaculoprensadedios.com\/web\/wp-content\/uploads\/2025\/10\/WhatsApp-Image-2025-10-20-at-12.00.17-PM.avif","type":"image\/jpeg"}],"author":"tabernaculo","twitter_card":"summary_large_image","twitter_creator":"@PrensadeDios","twitter_site":"@PrensadeDios","twitter_misc":{"Escrito por":"tabernaculo","Tiempo de lectura":"3 minutos"},"schema":{"@context":"https:\/\/schema.org","@graph":[{"@type":"Article","@id":"https:\/\/tabernaculoprensadedios.com\/web\/ministerio-shajah-visito-por-primera-vez-republica-dominicana\/#article","isPartOf":{"@id":"https:\/\/tabernaculoprensadedios.com\/web\/ministerio-shajah-visito-por-primera-vez-republica-dominicana\/"},"author":{"name":"tabernaculo","@id":"https:\/\/tabernaculoprensadedios.com\/web\/#\/schema\/person\/bc0e069fef56b38e177db6f098ae0b6e"},"headline":"Ministerio Shajah visit\u00f3 por primera vez Rep\u00fablica Dominicana","datePublished":"2025-10-21T17:44:26+00:00","mainEntityOfPage":{"@id":"https:\/\/tabernaculoprensadedios.com\/web\/ministerio-shajah-visito-por-primera-vez-republica-dominicana\/"},"wordCount":457,"commentCount":0,"publisher":{"@id":"https:\/\/tabernaculoprensadedios.com\/web\/#\/schema\/person\/bc0e069fef56b38e177db6f098ae0b6e"},"image":{"@id":"https:\/\/tabernaculoprensadedios.com\/web\/ministerio-shajah-visito-por-primera-vez-republica-dominicana\/#primaryimage"},"thumbnailUrl":"https:\/\/tabernaculoprensadedios.com\/web\/wp-content\/uploads\/2025\/10\/WhatsApp-Image-2025-10-20-at-12.00.17-PM.avif","articleSection":["M\u00e1s all\u00e1 del Monumento"],"inLanguage":"es","potentialAction":[{"@type":"CommentAction","name":"Comment","target":["https:\/\/tabernaculoprensadedios.com\/web\/ministerio-shajah-visito-por-primera-vez-republica-dominicana\/#respond"]}]},{"@type":"WebPage","@id":"https:\/\/tabernaculoprensadedios.com\/web\/ministerio-shajah-visito-por-primera-vez-republica-dominicana\/","url":"https:\/\/tabernaculoprensadedios.com\/web\/ministerio-shajah-visito-por-primera-vez-republica-dominicana\/","name":"Ministerio Shajah visit\u00f3 por primera vez Rep\u00fablica Dominicana - Tabernaculo Prensa de Dios","isPartOf":{"@id":"https:\/\/tabernaculoprensadedios.com\/web\/#website"},"primaryImageOfPage":{"@id":"https:\/\/tabernaculoprensadedios.com\/web\/ministerio-shajah-visito-por-primera-vez-republica-dominicana\/#primaryimage"},"image":{"@id":"https:\/\/tabernaculoprensadedios.com\/web\/ministerio-shajah-visito-por-primera-vez-republica-dominicana\/#primaryimage"},"thumbnailUrl":"https:\/\/tabernaculoprensadedios.com\/web\/wp-content\/uploads\/2025\/10\/WhatsApp-Image-2025-10-20-at-12.00.17-PM.avif","datePublished":"2025-10-21T17:44:26+00:00","breadcrumb":{"@id":"https:\/\/tabernaculoprensadedios.com\/web\/ministerio-shajah-visito-por-primera-vez-republica-dominicana\/#breadcrumb"},"inLanguage":"es","potentialAction":[{"@type":"ReadAction","target":["https:\/\/tabernaculoprensadedios.com\/web\/ministerio-shajah-visito-por-primera-vez-republica-dominicana\/"]}]},{"@type":"ImageObject","inLanguage":"es","@id":"https:\/\/tabernaculoprensadedios.com\/web\/ministerio-shajah-visito-por-primera-vez-republica-dominicana\/#primaryimage","url":"https:\/\/tabernaculoprensadedios.com\/web\/wp-content\/uploads\/2025\/10\/WhatsApp-Image-2025-10-20-at-12.00.17-PM.avif","contentUrl":"https:\/\/tabernaculoprensadedios.com\/web\/wp-content\/uploads\/2025\/10\/WhatsApp-Image-2025-10-20-at-12.00.17-PM.avif","width":1080,"height":1080},{"@type":"BreadcrumbList","@id":"https:\/\/tabernaculoprensadedios.com\/web\/ministerio-shajah-visito-por-primera-vez-republica-dominicana\/#breadcrumb","itemListElement":[{"@type":"ListItem","position":1,"name":"Portada","item":"https:\/\/tabernaculoprensadedios.com\/web\/"},{"@type":"ListItem","position":2,"name":"Ministerio Shajah visit\u00f3 por primera vez Rep\u00fablica Dominicana"}]},{"@type":"WebSite","@id":"https:\/\/tabernaculoprensadedios.com\/web\/#website","url":"https:\/\/tabernaculoprensadedios.com\/web\/","name":"Tabernaculo Prensa de Dios","description":"Un medio a la manera de Dios","publisher":{"@id":"https:\/\/tabernaculoprensadedios.com\/web\/#\/schema\/person\/bc0e069fef56b38e177db6f098ae0b6e"},"potentialAction":[{"@type":"SearchAction","target":{"@type":"EntryPoint","urlTemplate":"https:\/\/tabernaculoprensadedios.com\/web\/?s={search_term_string}"},"query-input":{"@type":"PropertyValueSpecification","valueRequired":true,"valueName":"search_term_string"}}],"inLanguage":"es"},{"@type":["Person","Organization"],"@id":"https:\/\/tabernaculoprensadedios.com\/web\/#\/schema\/person\/bc0e069fef56b38e177db6f098ae0b6e","name":"tabernaculo","image":{"@type":"ImageObject","inLanguage":"es","@id":"https:\/\/tabernaculoprensadedios.com\/web\/#\/schema\/person\/image\/","url":"https:\/\/tabernaculoprensadedios.com\/web\/wp-content\/uploads\/2015\/06\/login-logo1.png","contentUrl":"https:\/\/tabernaculoprensadedios.com\/web\/wp-content\/uploads\/2015\/06\/login-logo1.png","width":300,"height":118,"caption":"tabernaculo"},"logo":{"@id":"https:\/\/tabernaculoprensadedios.com\/web\/#\/schema\/person\/image\/"},"url":"https:\/\/tabernaculoprensadedios.com\/web\/author\/tabernaculo\/"}]}},"_links":{"self":[{"href":"https:\/\/tabernaculoprensadedios.com\/web\/wp-json\/wp\/v2\/posts\/36178","targetHints":{"allow":["GET"]}}],"collection":[{"href":"https:\/\/tabernaculoprensadedios.com\/web\/wp-json\/wp\/v2\/posts"}],"about":[{"href":"https:\/\/tabernaculoprensadedios.com\/web\/wp-json\/wp\/v2\/types\/post"}],"author":[{"embeddable":true,"href":"https:\/\/tabernaculoprensadedios.com\/web\/wp-json\/wp\/v2\/users\/1"}],"replies":[{"embeddable":true,"href":"https:\/\/tabernaculoprensadedios.com\/web\/wp-json\/wp\/v2\/comments?post=36178"}],"version-history":[{"count":1,"href":"https:\/\/tabernaculoprensadedios.com\/web\/wp-json\/wp\/v2\/posts\/36178\/revisions"}],"predecessor-version":[{"id":36181,"href":"https:\/\/tabernaculoprensadedios.com\/web\/wp-json\/wp\/v2\/posts\/36178\/revisions\/36181"}],"wp:featuredmedia":[{"embeddable":true,"href":"https:\/\/tabernaculoprensadedios.com\/web\/wp-json\/wp\/v2\/media\/36180"}],"wp:attachment":[{"href":"https:\/\/tabernaculoprensadedios.com\/web\/wp-json\/wp\/v2\/media?parent=36178"}],"wp:term":[{"taxonomy":"category","embeddable":true,"href":"https:\/\/tabernaculoprensadedios.com\/web\/wp-json\/wp\/v2\/categories?post=36178"},{"taxonomy":"post_tag","embeddable":true,"href":"https:\/\/tabernaculoprensadedios.com\/web\/wp-json\/wp\/v2\/tags?post=36178"}],"curies":[{"name":"wp","href":"https:\/\/api.w.org\/{rel}","templated":true}]}}