{"id":36149,"date":"2025-10-17T16:57:37","date_gmt":"2025-10-17T16:57:37","guid":{"rendered":"https:\/\/tabernaculoprensadedios.com\/web\/?p=36149"},"modified":"2025-10-17T16:57:37","modified_gmt":"2025-10-17T16:57:37","slug":"santo-domingo-este-epicentro-de-la-cumbre-de-naciones-por-la-paz-y-la-reconciliacion-que-impulsa-el-dialogo-y-la-unidad-global","status":"publish","type":"post","link":"https:\/\/tabernaculoprensadedios.com\/web\/santo-domingo-este-epicentro-de-la-cumbre-de-naciones-por-la-paz-y-la-reconciliacion-que-impulsa-el-dialogo-y-la-unidad-global\/","title":{"rendered":"Santo Domingo Este, epicentro de la Cumbre de Naciones por la Paz y la Reconciliaci\u00f3n que impulsa el di\u00e1logo y la unidad global"},"content":{"rendered":"<p><strong>Santo Domingo Este.<\/strong>\u00a0 La Alcald\u00eda de Santo Domingo Este (ASDE) y la organizaci\u00f3n <strong>Parlamento &amp; Fe Internacional<\/strong> unieron esfuerzos para celebrar la <strong>\u201cCumbre de Naciones por la Paz y la Reconciliaci\u00f3n\u201d<\/strong>, un evento internacional sin precedentes en la provincia, que busca fortalecer el di\u00e1logo, la unidad y los valores que sostienen la convivencia pac\u00edfica entre los pueblos.<\/p>\n<p>La Cumbre, que se desarrolla los d\u00edas <strong>jueves 16 y viernes 17 de octubre de 2025<\/strong> en el <strong>Auditorio IBO del Coral Mall<\/strong>, re\u00fane a l\u00edderes de distintos sectores nacionales e internacionales bajo una misma visi\u00f3n: <strong>construir la paz desde los territorios y proyectar a Santo Domingo Este como un modelo de cooperaci\u00f3n y transformaci\u00f3n social.<\/strong><\/p>\n<p>El alcalde <strong>D\u00edo Astacio<\/strong>, anfitri\u00f3n del evento, destac\u00f3 que este encuentro convoca a <strong>l\u00edderes con compromiso genuino por el bienestar colectivo<\/strong>.<\/p>\n<blockquote><p>\u201cTenemos aqu\u00ed pol\u00edticos de diferentes partes del mundo, empresarios, comunitarios, presidentes de juntas de vecinos y personas preocupadas por el bienestar com\u00fan. Este espacio nos permite seguir proyectando a Santo Domingo Este como un municipio activamente involucrado en la construcci\u00f3n de la paz\u201d, afirm\u00f3 Astacio.<\/p><\/blockquote>\n<p>Por su parte, <strong>Luciano Bongarr\u00e1<\/strong>, creador de <strong>Parlamento &amp; Fe<\/strong>, expres\u00f3 su gratitud por la alianza con la Alcald\u00eda y adelant\u00f3 que la agenda de conferencias abordar\u00e1 temas cruciales como <strong>libertad religiosa, liderazgo, comunicaci\u00f3n y pol\u00edtica<\/strong>, con \u00e9nfasis especial en <strong>los grupos vulnerables y la necesidad de respuestas efectivas ante las realidades sociales.<\/strong><\/p>\n<p>El programa de la Cumbre incluye <strong>mesas de di\u00e1logo y conferencias<\/strong> sobre liderazgo \u00e9tico, reconciliaci\u00f3n social, cooperaci\u00f3n internacional y fortalecimiento comunitario desde los principios de la fe y la justicia.<\/p>\n<p>Entre los <strong>panelistas internacionales<\/strong> se destacan: <strong>Gerardo Amarilla<\/strong> (exviceministro de Medio Ambiente de Uruguay), <strong>Napole\u00f3n Ardaya<\/strong> (consultor y exdiputado boliviano), <strong>Timothy Wesco<\/strong> y <strong>John Crane<\/strong> (miembros de la legislatura de Indiana, EE. UU.), <strong>Fabricio Alvarado<\/strong> (diputado y excandidato presidencial de Costa Rica), <strong>Carol Monderu<\/strong> (reverenda de Kenia), <strong>Laurent Favre<\/strong> (representante de AIME World, Suiza), adem\u00e1s de l\u00edderes religiosos y comunitarios como <strong>Harim Nabi<\/strong> y <strong>Keren Riquelme<\/strong>.<\/p>\n<p>Con esta iniciativa, la Alcald\u00eda de Santo Domingo Este reafirma su compromiso de <strong>impulsar la cultura de paz, promover el di\u00e1logo interinstitucional y fortalecer la proyecci\u00f3n internacional del municipio<\/strong>, consolid\u00e1ndose como un <strong>referente regional en convivencia y reconciliaci\u00f3n social<\/strong>.<\/p>\n<p>La <strong>\u201cCumbre de Naciones por la Paz y la Reconciliaci\u00f3n\u201d<\/strong> se levanta como un <strong>punto de convergencia global<\/strong>, donde la fe, el liderazgo y la cooperaci\u00f3n se entrelazan para inspirar nuevas rutas de esperanza para las naciones.<\/p>\n<p><img loading=\"lazy\" decoding=\"async\" class=\"alignnone size-full wp-image-36151\" src=\"https:\/\/tabernaculoprensadedios.com\/web\/wp-content\/uploads\/2025\/10\/WhatsApp-Image-2025-10-16-at-6.52.50-PM.avif\" alt=\"\" width=\"1600\" height=\"1066\" \/><\/p>\n","protected":false},"excerpt":{"rendered":"<p>Santo Domingo Este.\u00a0 La Alcald\u00eda de Santo Domingo Este (ASDE) y la organizaci\u00f3n Parlamento &amp; Fe Internacional unieron esfuerzos para celebrar la \u201cCumbre de Naciones por la Paz y la Reconciliaci\u00f3n\u201d, un evento internacional sin precedentes en la provincia, que busca fortalecer el di\u00e1logo, la unidad y los valores que sostienen la convivencia pac\u00edfica entre &hellip;<\/p>\n","protected":false},"author":1,"featured_media":36150,"comment_status":"open","ping_status":"open","sticky":false,"template":"","format":"standard","meta":{"footnotes":""},"categories":[1],"tags":[],"class_list":["post-36149","post","type-post","status-publish","format-standard","has-post-thumbnail","hentry","category-sin-categoria"],"yoast_head":"<!-- This site is optimized with the Yoast SEO Premium plugin v24.2 (Yoast SEO v27.1.1) - https:\/\/yoast.com\/product\/yoast-seo-premium-wordpress\/ -->\n<title>Santo Domingo Este, epicentro de la Cumbre de Naciones por la Paz y la Reconciliaci\u00f3n que impulsa el di\u00e1logo y la unidad global - Tabernaculo Prensa de Dios<\/title>\n<meta name=\"robots\" content=\"index, follow, max-snippet:-1, max-image-preview:large, max-video-preview:-1\" \/>\n<link rel=\"canonical\" href=\"https:\/\/tabernaculoprensadedios.com\/web\/santo-domingo-este-epicentro-de-la-cumbre-de-naciones-por-la-paz-y-la-reconciliacion-que-impulsa-el-dialogo-y-la-unidad-global\/\" class=\"yoast-seo-meta-tag\" \/>\n<meta property=\"og:locale\" content=\"es_ES\" class=\"yoast-seo-meta-tag\" \/>\n<meta property=\"og:type\" content=\"article\" class=\"yoast-seo-meta-tag\" \/>\n<meta property=\"og:title\" content=\"Santo Domingo Este, epicentro de la Cumbre de Naciones por la Paz y la Reconciliaci\u00f3n que impulsa el di\u00e1logo y la unidad global\" class=\"yoast-seo-meta-tag\" \/>\n<meta property=\"og:description\" content=\"Santo Domingo Este.\u00a0 La Alcald\u00eda de Santo Domingo Este (ASDE) y la organizaci\u00f3n Parlamento &amp; Fe Internacional unieron esfuerzos para celebrar la \u201cCumbre de Naciones por la Paz y la Reconciliaci\u00f3n\u201d, un evento internacional sin precedentes en la provincia, que busca fortalecer el di\u00e1logo, la unidad y los valores que sostienen la convivencia pac\u00edfica entre &hellip;\" class=\"yoast-seo-meta-tag\" \/>\n<meta property=\"og:url\" content=\"https:\/\/tabernaculoprensadedios.com\/web\/santo-domingo-este-epicentro-de-la-cumbre-de-naciones-por-la-paz-y-la-reconciliacion-que-impulsa-el-dialogo-y-la-unidad-global\/\" class=\"yoast-seo-meta-tag\" \/>\n<meta property=\"og:site_name\" content=\"Tabernaculo Prensa de Dios\" class=\"yoast-seo-meta-tag\" \/>\n<meta property=\"article:published_time\" content=\"2025-10-17T16:57:37+00:00\" class=\"yoast-seo-meta-tag\" \/>\n<meta property=\"og:image\" content=\"https:\/\/tabernaculoprensadedios.com\/web\/wp-content\/uploads\/2025\/10\/WhatsApp-Image-2025-10-16-at-6.52.51-PM.avif\" class=\"yoast-seo-meta-tag\" \/>\n\t<meta property=\"og:image:width\" content=\"1600\" class=\"yoast-seo-meta-tag\" \/>\n\t<meta property=\"og:image:height\" content=\"1066\" class=\"yoast-seo-meta-tag\" \/>\n\t<meta property=\"og:image:type\" content=\"image\/jpeg\" class=\"yoast-seo-meta-tag\" \/>\n<meta name=\"author\" content=\"tabernaculo\" class=\"yoast-seo-meta-tag\" \/>\n<meta name=\"twitter:card\" content=\"summary_large_image\" class=\"yoast-seo-meta-tag\" \/>\n<meta name=\"twitter:creator\" content=\"@PrensadeDios\" class=\"yoast-seo-meta-tag\" \/>\n<meta name=\"twitter:site\" content=\"@PrensadeDios\" class=\"yoast-seo-meta-tag\" \/>\n<meta name=\"twitter:label1\" content=\"Escrito por\" class=\"yoast-seo-meta-tag\" \/>\n\t<meta name=\"twitter:data1\" content=\"tabernaculo\" class=\"yoast-seo-meta-tag\" \/>\n\t<meta name=\"twitter:label2\" content=\"Tiempo de lectura\" class=\"yoast-seo-meta-tag\" \/>\n\t<meta name=\"twitter:data2\" content=\"3 minutos\" class=\"yoast-seo-meta-tag\" \/>\n<script type=\"application\/ld+json\" class=\"yoast-schema-graph\">{\"@context\":\"https:\/\/schema.org\",\"@graph\":[{\"@type\":\"Article\",\"@id\":\"https:\/\/tabernaculoprensadedios.com\/web\/santo-domingo-este-epicentro-de-la-cumbre-de-naciones-por-la-paz-y-la-reconciliacion-que-impulsa-el-dialogo-y-la-unidad-global\/#article\",\"isPartOf\":{\"@id\":\"https:\/\/tabernaculoprensadedios.com\/web\/santo-domingo-este-epicentro-de-la-cumbre-de-naciones-por-la-paz-y-la-reconciliacion-que-impulsa-el-dialogo-y-la-unidad-global\/\"},\"author\":{\"name\":\"tabernaculo\",\"@id\":\"https:\/\/tabernaculoprensadedios.com\/web\/#\/schema\/person\/bc0e069fef56b38e177db6f098ae0b6e\"},\"headline\":\"Santo Domingo Este, epicentro de la Cumbre de Naciones por la Paz y la Reconciliaci\u00f3n que impulsa el di\u00e1logo y la unidad global\",\"datePublished\":\"2025-10-17T16:57:37+00:00\",\"mainEntityOfPage\":{\"@id\":\"https:\/\/tabernaculoprensadedios.com\/web\/santo-domingo-este-epicentro-de-la-cumbre-de-naciones-por-la-paz-y-la-reconciliacion-que-impulsa-el-dialogo-y-la-unidad-global\/\"},\"wordCount\":459,\"commentCount\":0,\"publisher\":{\"@id\":\"https:\/\/tabernaculoprensadedios.com\/web\/#\/schema\/person\/bc0e069fef56b38e177db6f098ae0b6e\"},\"image\":{\"@id\":\"https:\/\/tabernaculoprensadedios.com\/web\/santo-domingo-este-epicentro-de-la-cumbre-de-naciones-por-la-paz-y-la-reconciliacion-que-impulsa-el-dialogo-y-la-unidad-global\/#primaryimage\"},\"thumbnailUrl\":\"https:\/\/tabernaculoprensadedios.com\/web\/wp-content\/uploads\/2025\/10\/WhatsApp-Image-2025-10-16-at-6.52.51-PM.avif\",\"inLanguage\":\"es\",\"potentialAction\":[{\"@type\":\"CommentAction\",\"name\":\"Comment\",\"target\":[\"https:\/\/tabernaculoprensadedios.com\/web\/santo-domingo-este-epicentro-de-la-cumbre-de-naciones-por-la-paz-y-la-reconciliacion-que-impulsa-el-dialogo-y-la-unidad-global\/#respond\"]}]},{\"@type\":\"WebPage\",\"@id\":\"https:\/\/tabernaculoprensadedios.com\/web\/santo-domingo-este-epicentro-de-la-cumbre-de-naciones-por-la-paz-y-la-reconciliacion-que-impulsa-el-dialogo-y-la-unidad-global\/\",\"url\":\"https:\/\/tabernaculoprensadedios.com\/web\/santo-domingo-este-epicentro-de-la-cumbre-de-naciones-por-la-paz-y-la-reconciliacion-que-impulsa-el-dialogo-y-la-unidad-global\/\",\"name\":\"Santo Domingo Este, epicentro de la Cumbre de Naciones por la Paz y la Reconciliaci\u00f3n que impulsa el di\u00e1logo y la unidad global - Tabernaculo Prensa de Dios\",\"isPartOf\":{\"@id\":\"https:\/\/tabernaculoprensadedios.com\/web\/#website\"},\"primaryImageOfPage\":{\"@id\":\"https:\/\/tabernaculoprensadedios.com\/web\/santo-domingo-este-epicentro-de-la-cumbre-de-naciones-por-la-paz-y-la-reconciliacion-que-impulsa-el-dialogo-y-la-unidad-global\/#primaryimage\"},\"image\":{\"@id\":\"https:\/\/tabernaculoprensadedios.com\/web\/santo-domingo-este-epicentro-de-la-cumbre-de-naciones-por-la-paz-y-la-reconciliacion-que-impulsa-el-dialogo-y-la-unidad-global\/#primaryimage\"},\"thumbnailUrl\":\"https:\/\/tabernaculoprensadedios.com\/web\/wp-content\/uploads\/2025\/10\/WhatsApp-Image-2025-10-16-at-6.52.51-PM.avif\",\"datePublished\":\"2025-10-17T16:57:37+00:00\",\"breadcrumb\":{\"@id\":\"https:\/\/tabernaculoprensadedios.com\/web\/santo-domingo-este-epicentro-de-la-cumbre-de-naciones-por-la-paz-y-la-reconciliacion-que-impulsa-el-dialogo-y-la-unidad-global\/#breadcrumb\"},\"inLanguage\":\"es\",\"potentialAction\":[{\"@type\":\"ReadAction\",\"target\":[\"https:\/\/tabernaculoprensadedios.com\/web\/santo-domingo-este-epicentro-de-la-cumbre-de-naciones-por-la-paz-y-la-reconciliacion-que-impulsa-el-dialogo-y-la-unidad-global\/\"]}]},{\"@type\":\"ImageObject\",\"inLanguage\":\"es\",\"@id\":\"https:\/\/tabernaculoprensadedios.com\/web\/santo-domingo-este-epicentro-de-la-cumbre-de-naciones-por-la-paz-y-la-reconciliacion-que-impulsa-el-dialogo-y-la-unidad-global\/#primaryimage\",\"url\":\"https:\/\/tabernaculoprensadedios.com\/web\/wp-content\/uploads\/2025\/10\/WhatsApp-Image-2025-10-16-at-6.52.51-PM.avif\",\"contentUrl\":\"https:\/\/tabernaculoprensadedios.com\/web\/wp-content\/uploads\/2025\/10\/WhatsApp-Image-2025-10-16-at-6.52.51-PM.avif\",\"width\":1600,\"height\":1066},{\"@type\":\"BreadcrumbList\",\"@id\":\"https:\/\/tabernaculoprensadedios.com\/web\/santo-domingo-este-epicentro-de-la-cumbre-de-naciones-por-la-paz-y-la-reconciliacion-que-impulsa-el-dialogo-y-la-unidad-global\/#breadcrumb\",\"itemListElement\":[{\"@type\":\"ListItem\",\"position\":1,\"name\":\"Portada\",\"item\":\"https:\/\/tabernaculoprensadedios.com\/web\/\"},{\"@type\":\"ListItem\",\"position\":2,\"name\":\"Santo Domingo Este, epicentro de la Cumbre de Naciones por la Paz y la Reconciliaci\u00f3n que impulsa el di\u00e1logo y la unidad global\"}]},{\"@type\":\"WebSite\",\"@id\":\"https:\/\/tabernaculoprensadedios.com\/web\/#website\",\"url\":\"https:\/\/tabernaculoprensadedios.com\/web\/\",\"name\":\"Tabernaculo Prensa de Dios\",\"description\":\"Un medio a la manera de Dios\",\"publisher\":{\"@id\":\"https:\/\/tabernaculoprensadedios.com\/web\/#\/schema\/person\/bc0e069fef56b38e177db6f098ae0b6e\"},\"potentialAction\":[{\"@type\":\"SearchAction\",\"target\":{\"@type\":\"EntryPoint\",\"urlTemplate\":\"https:\/\/tabernaculoprensadedios.com\/web\/?s={search_term_string}\"},\"query-input\":{\"@type\":\"PropertyValueSpecification\",\"valueRequired\":true,\"valueName\":\"search_term_string\"}}],\"inLanguage\":\"es\"},{\"@type\":[\"Person\",\"Organization\"],\"@id\":\"https:\/\/tabernaculoprensadedios.com\/web\/#\/schema\/person\/bc0e069fef56b38e177db6f098ae0b6e\",\"name\":\"tabernaculo\",\"image\":{\"@type\":\"ImageObject\",\"inLanguage\":\"es\",\"@id\":\"https:\/\/tabernaculoprensadedios.com\/web\/#\/schema\/person\/image\/\",\"url\":\"https:\/\/tabernaculoprensadedios.com\/web\/wp-content\/uploads\/2015\/06\/login-logo1.png\",\"contentUrl\":\"https:\/\/tabernaculoprensadedios.com\/web\/wp-content\/uploads\/2015\/06\/login-logo1.png\",\"width\":300,\"height\":118,\"caption\":\"tabernaculo\"},\"logo\":{\"@id\":\"https:\/\/tabernaculoprensadedios.com\/web\/#\/schema\/person\/image\/\"},\"url\":\"https:\/\/tabernaculoprensadedios.com\/web\/author\/tabernaculo\/\"}]}<\/script>\n<!-- \/ Yoast SEO Premium plugin. -->","yoast_head_json":{"title":"Santo Domingo Este, epicentro de la Cumbre de Naciones por la Paz y la Reconciliaci\u00f3n que impulsa el di\u00e1logo y la unidad global - Tabernaculo Prensa de Dios","robots":{"index":"index","follow":"follow","max-snippet":"max-snippet:-1","max-image-preview":"max-image-preview:large","max-video-preview":"max-video-preview:-1"},"canonical":"https:\/\/tabernaculoprensadedios.com\/web\/santo-domingo-este-epicentro-de-la-cumbre-de-naciones-por-la-paz-y-la-reconciliacion-que-impulsa-el-dialogo-y-la-unidad-global\/","og_locale":"es_ES","og_type":"article","og_title":"Santo Domingo Este, epicentro de la Cumbre de Naciones por la Paz y la Reconciliaci\u00f3n que impulsa el di\u00e1logo y la unidad global","og_description":"Santo Domingo Este.\u00a0 La Alcald\u00eda de Santo Domingo Este (ASDE) y la organizaci\u00f3n Parlamento &amp; Fe Internacional unieron esfuerzos para celebrar la \u201cCumbre de Naciones por la Paz y la Reconciliaci\u00f3n\u201d, un evento internacional sin precedentes en la provincia, que busca fortalecer el di\u00e1logo, la unidad y los valores que sostienen la convivencia pac\u00edfica entre &hellip;","og_url":"https:\/\/tabernaculoprensadedios.com\/web\/santo-domingo-este-epicentro-de-la-cumbre-de-naciones-por-la-paz-y-la-reconciliacion-que-impulsa-el-dialogo-y-la-unidad-global\/","og_site_name":"Tabernaculo Prensa de Dios","article_published_time":"2025-10-17T16:57:37+00:00","og_image":[{"width":1600,"height":1066,"url":"https:\/\/tabernaculoprensadedios.com\/web\/wp-content\/uploads\/2025\/10\/WhatsApp-Image-2025-10-16-at-6.52.51-PM.avif","type":"image\/jpeg"}],"author":"tabernaculo","twitter_card":"summary_large_image","twitter_creator":"@PrensadeDios","twitter_site":"@PrensadeDios","twitter_misc":{"Escrito por":"tabernaculo","Tiempo de lectura":"3 minutos"},"schema":{"@context":"https:\/\/schema.org","@graph":[{"@type":"Article","@id":"https:\/\/tabernaculoprensadedios.com\/web\/santo-domingo-este-epicentro-de-la-cumbre-de-naciones-por-la-paz-y-la-reconciliacion-que-impulsa-el-dialogo-y-la-unidad-global\/#article","isPartOf":{"@id":"https:\/\/tabernaculoprensadedios.com\/web\/santo-domingo-este-epicentro-de-la-cumbre-de-naciones-por-la-paz-y-la-reconciliacion-que-impulsa-el-dialogo-y-la-unidad-global\/"},"author":{"name":"tabernaculo","@id":"https:\/\/tabernaculoprensadedios.com\/web\/#\/schema\/person\/bc0e069fef56b38e177db6f098ae0b6e"},"headline":"Santo Domingo Este, epicentro de la Cumbre de Naciones por la Paz y la Reconciliaci\u00f3n que impulsa el di\u00e1logo y la unidad global","datePublished":"2025-10-17T16:57:37+00:00","mainEntityOfPage":{"@id":"https:\/\/tabernaculoprensadedios.com\/web\/santo-domingo-este-epicentro-de-la-cumbre-de-naciones-por-la-paz-y-la-reconciliacion-que-impulsa-el-dialogo-y-la-unidad-global\/"},"wordCount":459,"commentCount":0,"publisher":{"@id":"https:\/\/tabernaculoprensadedios.com\/web\/#\/schema\/person\/bc0e069fef56b38e177db6f098ae0b6e"},"image":{"@id":"https:\/\/tabernaculoprensadedios.com\/web\/santo-domingo-este-epicentro-de-la-cumbre-de-naciones-por-la-paz-y-la-reconciliacion-que-impulsa-el-dialogo-y-la-unidad-global\/#primaryimage"},"thumbnailUrl":"https:\/\/tabernaculoprensadedios.com\/web\/wp-content\/uploads\/2025\/10\/WhatsApp-Image-2025-10-16-at-6.52.51-PM.avif","inLanguage":"es","potentialAction":[{"@type":"CommentAction","name":"Comment","target":["https:\/\/tabernaculoprensadedios.com\/web\/santo-domingo-este-epicentro-de-la-cumbre-de-naciones-por-la-paz-y-la-reconciliacion-que-impulsa-el-dialogo-y-la-unidad-global\/#respond"]}]},{"@type":"WebPage","@id":"https:\/\/tabernaculoprensadedios.com\/web\/santo-domingo-este-epicentro-de-la-cumbre-de-naciones-por-la-paz-y-la-reconciliacion-que-impulsa-el-dialogo-y-la-unidad-global\/","url":"https:\/\/tabernaculoprensadedios.com\/web\/santo-domingo-este-epicentro-de-la-cumbre-de-naciones-por-la-paz-y-la-reconciliacion-que-impulsa-el-dialogo-y-la-unidad-global\/","name":"Santo Domingo Este, epicentro de la Cumbre de Naciones por la Paz y la Reconciliaci\u00f3n que impulsa el di\u00e1logo y la unidad global - Tabernaculo Prensa de Dios","isPartOf":{"@id":"https:\/\/tabernaculoprensadedios.com\/web\/#website"},"primaryImageOfPage":{"@id":"https:\/\/tabernaculoprensadedios.com\/web\/santo-domingo-este-epicentro-de-la-cumbre-de-naciones-por-la-paz-y-la-reconciliacion-que-impulsa-el-dialogo-y-la-unidad-global\/#primaryimage"},"image":{"@id":"https:\/\/tabernaculoprensadedios.com\/web\/santo-domingo-este-epicentro-de-la-cumbre-de-naciones-por-la-paz-y-la-reconciliacion-que-impulsa-el-dialogo-y-la-unidad-global\/#primaryimage"},"thumbnailUrl":"https:\/\/tabernaculoprensadedios.com\/web\/wp-content\/uploads\/2025\/10\/WhatsApp-Image-2025-10-16-at-6.52.51-PM.avif","datePublished":"2025-10-17T16:57:37+00:00","breadcrumb":{"@id":"https:\/\/tabernaculoprensadedios.com\/web\/santo-domingo-este-epicentro-de-la-cumbre-de-naciones-por-la-paz-y-la-reconciliacion-que-impulsa-el-dialogo-y-la-unidad-global\/#breadcrumb"},"inLanguage":"es","potentialAction":[{"@type":"ReadAction","target":["https:\/\/tabernaculoprensadedios.com\/web\/santo-domingo-este-epicentro-de-la-cumbre-de-naciones-por-la-paz-y-la-reconciliacion-que-impulsa-el-dialogo-y-la-unidad-global\/"]}]},{"@type":"ImageObject","inLanguage":"es","@id":"https:\/\/tabernaculoprensadedios.com\/web\/santo-domingo-este-epicentro-de-la-cumbre-de-naciones-por-la-paz-y-la-reconciliacion-que-impulsa-el-dialogo-y-la-unidad-global\/#primaryimage","url":"https:\/\/tabernaculoprensadedios.com\/web\/wp-content\/uploads\/2025\/10\/WhatsApp-Image-2025-10-16-at-6.52.51-PM.avif","contentUrl":"https:\/\/tabernaculoprensadedios.com\/web\/wp-content\/uploads\/2025\/10\/WhatsApp-Image-2025-10-16-at-6.52.51-PM.avif","width":1600,"height":1066},{"@type":"BreadcrumbList","@id":"https:\/\/tabernaculoprensadedios.com\/web\/santo-domingo-este-epicentro-de-la-cumbre-de-naciones-por-la-paz-y-la-reconciliacion-que-impulsa-el-dialogo-y-la-unidad-global\/#breadcrumb","itemListElement":[{"@type":"ListItem","position":1,"name":"Portada","item":"https:\/\/tabernaculoprensadedios.com\/web\/"},{"@type":"ListItem","position":2,"name":"Santo Domingo Este, epicentro de la Cumbre de Naciones por la Paz y la Reconciliaci\u00f3n que impulsa el di\u00e1logo y la unidad global"}]},{"@type":"WebSite","@id":"https:\/\/tabernaculoprensadedios.com\/web\/#website","url":"https:\/\/tabernaculoprensadedios.com\/web\/","name":"Tabernaculo Prensa de Dios","description":"Un medio a la manera de Dios","publisher":{"@id":"https:\/\/tabernaculoprensadedios.com\/web\/#\/schema\/person\/bc0e069fef56b38e177db6f098ae0b6e"},"potentialAction":[{"@type":"SearchAction","target":{"@type":"EntryPoint","urlTemplate":"https:\/\/tabernaculoprensadedios.com\/web\/?s={search_term_string}"},"query-input":{"@type":"PropertyValueSpecification","valueRequired":true,"valueName":"search_term_string"}}],"inLanguage":"es"},{"@type":["Person","Organization"],"@id":"https:\/\/tabernaculoprensadedios.com\/web\/#\/schema\/person\/bc0e069fef56b38e177db6f098ae0b6e","name":"tabernaculo","image":{"@type":"ImageObject","inLanguage":"es","@id":"https:\/\/tabernaculoprensadedios.com\/web\/#\/schema\/person\/image\/","url":"https:\/\/tabernaculoprensadedios.com\/web\/wp-content\/uploads\/2015\/06\/login-logo1.png","contentUrl":"https:\/\/tabernaculoprensadedios.com\/web\/wp-content\/uploads\/2015\/06\/login-logo1.png","width":300,"height":118,"caption":"tabernaculo"},"logo":{"@id":"https:\/\/tabernaculoprensadedios.com\/web\/#\/schema\/person\/image\/"},"url":"https:\/\/tabernaculoprensadedios.com\/web\/author\/tabernaculo\/"}]}},"_links":{"self":[{"href":"https:\/\/tabernaculoprensadedios.com\/web\/wp-json\/wp\/v2\/posts\/36149","targetHints":{"allow":["GET"]}}],"collection":[{"href":"https:\/\/tabernaculoprensadedios.com\/web\/wp-json\/wp\/v2\/posts"}],"about":[{"href":"https:\/\/tabernaculoprensadedios.com\/web\/wp-json\/wp\/v2\/types\/post"}],"author":[{"embeddable":true,"href":"https:\/\/tabernaculoprensadedios.com\/web\/wp-json\/wp\/v2\/users\/1"}],"replies":[{"embeddable":true,"href":"https:\/\/tabernaculoprensadedios.com\/web\/wp-json\/wp\/v2\/comments?post=36149"}],"version-history":[{"count":1,"href":"https:\/\/tabernaculoprensadedios.com\/web\/wp-json\/wp\/v2\/posts\/36149\/revisions"}],"predecessor-version":[{"id":36152,"href":"https:\/\/tabernaculoprensadedios.com\/web\/wp-json\/wp\/v2\/posts\/36149\/revisions\/36152"}],"wp:featuredmedia":[{"embeddable":true,"href":"https:\/\/tabernaculoprensadedios.com\/web\/wp-json\/wp\/v2\/media\/36150"}],"wp:attachment":[{"href":"https:\/\/tabernaculoprensadedios.com\/web\/wp-json\/wp\/v2\/media?parent=36149"}],"wp:term":[{"taxonomy":"category","embeddable":true,"href":"https:\/\/tabernaculoprensadedios.com\/web\/wp-json\/wp\/v2\/categories?post=36149"},{"taxonomy":"post_tag","embeddable":true,"href":"https:\/\/tabernaculoprensadedios.com\/web\/wp-json\/wp\/v2\/tags?post=36149"}],"curies":[{"name":"wp","href":"https:\/\/api.w.org\/{rel}","templated":true}]}}