{"id":36124,"date":"2025-10-15T23:49:40","date_gmt":"2025-10-15T23:49:40","guid":{"rendered":"https:\/\/tabernaculoprensadedios.com\/web\/?p=36124"},"modified":"2025-10-15T23:49:40","modified_gmt":"2025-10-15T23:49:40","slug":"familia-a-toda-prueba-semillero-de-paz-y-valores","status":"publish","type":"post","link":"https:\/\/tabernaculoprensadedios.com\/web\/familia-a-toda-prueba-semillero-de-paz-y-valores\/","title":{"rendered":"Familia a Toda Prueba: Semillero de Paz y Valores"},"content":{"rendered":"<p><strong>La Fundaci\u00f3n Equidad y Justicia Social (AJUS),<\/strong> junto a sus instituciones aliadas y patrocinadoras, anuncia la und\u00e9cima edici\u00f3n del <strong>Congreso Internacional sobre Familia y Cultura de Paz,<\/strong> que se realizar\u00e1 el s\u00e1bado 18 de octubre de 2025 en la Biblioteca Nacional Pedro Henr\u00edquez Ure\u00f1a, en Santo Domingo.<\/p>\n<p>El presidente Fidel Lorenzo Mer\u00e1n, se\u00f1al\u00f3 que este evento tiene como prop\u00f3sito fortalecer la familia natural, dise\u00f1ada por Dios, como n\u00facleo esencial de la sociedad.<\/p>\n<p>\u201cEsta edici\u00f3n busca reafirmar la importancia de la familia como espacio vital para la transmisi\u00f3n de valores, la construcci\u00f3n de la identidad personal y la cohesi\u00f3n social, frente a los desaf\u00edos que amenazan su estabilidad en el contexto contempor\u00e1neo\u201d, expres\u00f3 Lorenzo Mer\u00e1n.<\/p>\n<p>El Congreso se presenta como una plataforma de di\u00e1logo y colaboraci\u00f3n entre l\u00edderes comunitarios, religiosos, acad\u00e9micos y sociales, con el fin de buscar soluciones sostenibles y humanistas frente a los retos actuales que enfrenta la familia dominicana.<\/p>\n<p>Est\u00e1 dirigido a l\u00edderes comunitarios y religiosos, orientadores, docentes, psic\u00f3logos, comunicadores, abogados y todos los actores sociales comprometidos con el bienestar y la estabilidad del hogar como c\u00e9lula b\u00e1sica de la sociedad.<\/p>\n<p><strong>Ponentes nacionales e internacionales<\/strong><br \/>\nEntre los destacados expertos que compartir\u00e1n su experiencia se encuentran:<\/p>\n<p><strong>Dr. C\u00e9sar V\u00e1squez \u2013<\/strong> M\u00e9dico cardi\u00f3logo, fundador y presidente del Partido Proyecto Dignidad en Puerto Rico, profesor universitario y l\u00edder comunitario reconocido por su labor en liderazgo y paz.Ing. Neysser Reyes \u2013 Especialista en cultura y educaci\u00f3n para la paz, con amplia trayectoria en cooperaci\u00f3n internacional y diplomacia.Dra. Sonia Espejo \u2013 Procuradora General ante la Corte de Apelaci\u00f3n, jurista con maestr\u00edas en Derechos Humanos, Derecho Constitucional y Penal, Resoluci\u00f3n de Conflictos y Direcci\u00f3n Estrat\u00e9gica.Ing. \u00c1ngel Gomera \u2013 Experto en conflictos socioambientales, con maestr\u00eda en Gerencia de Proyectos de Desarrollo y Cooperaci\u00f3n Internacional.Dr. Trajano Vidal Potentini \u2013 Presidente del Colegio de Abogados de la Rep\u00fablica Dominicana, abogado, polit\u00f3logo y acad\u00e9mico con m\u00e1s de tres d\u00e9cadas de ejercicio profesional y docente.<\/p>\n<p>La Fundaci\u00f3n Equidad y Justicia Social (FEJUS) invita a todos los interesados a participar en este congreso, un espacio de reflexi\u00f3n, aprendizaje y acci\u00f3n en favor de la familia y la paz social.<\/p>\n","protected":false},"excerpt":{"rendered":"<p>La Fundaci\u00f3n Equidad y Justicia Social (AJUS), junto a sus instituciones aliadas y patrocinadoras, anuncia la und\u00e9cima edici\u00f3n del Congreso Internacional sobre Familia y Cultura de Paz, que se realizar\u00e1 el s\u00e1bado 18 de octubre de 2025 en la Biblioteca Nacional Pedro Henr\u00edquez Ure\u00f1a, en Santo Domingo. El presidente Fidel Lorenzo Mer\u00e1n, se\u00f1al\u00f3 que este &hellip;<\/p>\n","protected":false},"author":1,"featured_media":36125,"comment_status":"open","ping_status":"open","sticky":false,"template":"","format":"standard","meta":{"footnotes":""},"categories":[39],"tags":[],"class_list":["post-36124","post","type-post","status-publish","format-standard","has-post-thumbnail","hentry","category-almomento"],"yoast_head":"<!-- This site is optimized with the Yoast SEO Premium plugin v24.2 (Yoast SEO v27.1.1) - https:\/\/yoast.com\/product\/yoast-seo-premium-wordpress\/ -->\n<title>Familia a Toda Prueba: Semillero de Paz y Valores - Tabernaculo Prensa de Dios<\/title>\n<meta name=\"robots\" content=\"index, follow, max-snippet:-1, max-image-preview:large, max-video-preview:-1\" \/>\n<link rel=\"canonical\" href=\"https:\/\/tabernaculoprensadedios.com\/web\/familia-a-toda-prueba-semillero-de-paz-y-valores\/\" class=\"yoast-seo-meta-tag\" \/>\n<meta property=\"og:locale\" content=\"es_ES\" class=\"yoast-seo-meta-tag\" \/>\n<meta property=\"og:type\" content=\"article\" class=\"yoast-seo-meta-tag\" \/>\n<meta property=\"og:title\" content=\"Familia a Toda Prueba: Semillero de Paz y Valores\" class=\"yoast-seo-meta-tag\" \/>\n<meta property=\"og:description\" content=\"La Fundaci\u00f3n Equidad y Justicia Social (AJUS), junto a sus instituciones aliadas y patrocinadoras, anuncia la und\u00e9cima edici\u00f3n del Congreso Internacional sobre Familia y Cultura de Paz, que se realizar\u00e1 el s\u00e1bado 18 de octubre de 2025 en la Biblioteca Nacional Pedro Henr\u00edquez Ure\u00f1a, en Santo Domingo. El presidente Fidel Lorenzo Mer\u00e1n, se\u00f1al\u00f3 que este &hellip;\" class=\"yoast-seo-meta-tag\" \/>\n<meta property=\"og:url\" content=\"https:\/\/tabernaculoprensadedios.com\/web\/familia-a-toda-prueba-semillero-de-paz-y-valores\/\" class=\"yoast-seo-meta-tag\" \/>\n<meta property=\"og:site_name\" content=\"Tabernaculo Prensa de Dios\" class=\"yoast-seo-meta-tag\" \/>\n<meta property=\"article:published_time\" content=\"2025-10-15T23:49:40+00:00\" class=\"yoast-seo-meta-tag\" \/>\n<meta property=\"og:image\" content=\"https:\/\/tabernaculoprensadedios.com\/web\/wp-content\/uploads\/2025\/10\/whatsapp-image-2021-03-30-at-125801.avif\" class=\"yoast-seo-meta-tag\" \/>\n\t<meta property=\"og:image:width\" content=\"1024\" class=\"yoast-seo-meta-tag\" \/>\n\t<meta property=\"og:image:height\" content=\"896\" class=\"yoast-seo-meta-tag\" \/>\n\t<meta property=\"og:image:type\" content=\"image\/webp\" class=\"yoast-seo-meta-tag\" \/>\n<meta name=\"author\" content=\"tabernaculo\" class=\"yoast-seo-meta-tag\" \/>\n<meta name=\"twitter:card\" content=\"summary_large_image\" class=\"yoast-seo-meta-tag\" \/>\n<meta name=\"twitter:creator\" content=\"@PrensadeDios\" class=\"yoast-seo-meta-tag\" \/>\n<meta name=\"twitter:site\" content=\"@PrensadeDios\" class=\"yoast-seo-meta-tag\" \/>\n<meta name=\"twitter:label1\" content=\"Escrito por\" class=\"yoast-seo-meta-tag\" \/>\n\t<meta name=\"twitter:data1\" content=\"tabernaculo\" class=\"yoast-seo-meta-tag\" \/>\n\t<meta name=\"twitter:label2\" content=\"Tiempo de lectura\" class=\"yoast-seo-meta-tag\" \/>\n\t<meta name=\"twitter:data2\" content=\"2 minutos\" class=\"yoast-seo-meta-tag\" \/>\n<script type=\"application\/ld+json\" class=\"yoast-schema-graph\">{\"@context\":\"https:\/\/schema.org\",\"@graph\":[{\"@type\":\"Article\",\"@id\":\"https:\/\/tabernaculoprensadedios.com\/web\/familia-a-toda-prueba-semillero-de-paz-y-valores\/#article\",\"isPartOf\":{\"@id\":\"https:\/\/tabernaculoprensadedios.com\/web\/familia-a-toda-prueba-semillero-de-paz-y-valores\/\"},\"author\":{\"name\":\"tabernaculo\",\"@id\":\"https:\/\/tabernaculoprensadedios.com\/web\/#\/schema\/person\/bc0e069fef56b38e177db6f098ae0b6e\"},\"headline\":\"Familia a Toda Prueba: Semillero de Paz y Valores\",\"datePublished\":\"2025-10-15T23:49:40+00:00\",\"mainEntityOfPage\":{\"@id\":\"https:\/\/tabernaculoprensadedios.com\/web\/familia-a-toda-prueba-semillero-de-paz-y-valores\/\"},\"wordCount\":404,\"commentCount\":0,\"publisher\":{\"@id\":\"https:\/\/tabernaculoprensadedios.com\/web\/#\/schema\/person\/bc0e069fef56b38e177db6f098ae0b6e\"},\"image\":{\"@id\":\"https:\/\/tabernaculoprensadedios.com\/web\/familia-a-toda-prueba-semillero-de-paz-y-valores\/#primaryimage\"},\"thumbnailUrl\":\"https:\/\/tabernaculoprensadedios.com\/web\/wp-content\/uploads\/2025\/10\/whatsapp-image-2021-03-30-at-125801.avif\",\"articleSection\":[\"almomento\"],\"inLanguage\":\"es\",\"potentialAction\":[{\"@type\":\"CommentAction\",\"name\":\"Comment\",\"target\":[\"https:\/\/tabernaculoprensadedios.com\/web\/familia-a-toda-prueba-semillero-de-paz-y-valores\/#respond\"]}]},{\"@type\":\"WebPage\",\"@id\":\"https:\/\/tabernaculoprensadedios.com\/web\/familia-a-toda-prueba-semillero-de-paz-y-valores\/\",\"url\":\"https:\/\/tabernaculoprensadedios.com\/web\/familia-a-toda-prueba-semillero-de-paz-y-valores\/\",\"name\":\"Familia a Toda Prueba: Semillero de Paz y Valores - Tabernaculo Prensa de Dios\",\"isPartOf\":{\"@id\":\"https:\/\/tabernaculoprensadedios.com\/web\/#website\"},\"primaryImageOfPage\":{\"@id\":\"https:\/\/tabernaculoprensadedios.com\/web\/familia-a-toda-prueba-semillero-de-paz-y-valores\/#primaryimage\"},\"image\":{\"@id\":\"https:\/\/tabernaculoprensadedios.com\/web\/familia-a-toda-prueba-semillero-de-paz-y-valores\/#primaryimage\"},\"thumbnailUrl\":\"https:\/\/tabernaculoprensadedios.com\/web\/wp-content\/uploads\/2025\/10\/whatsapp-image-2021-03-30-at-125801.avif\",\"datePublished\":\"2025-10-15T23:49:40+00:00\",\"breadcrumb\":{\"@id\":\"https:\/\/tabernaculoprensadedios.com\/web\/familia-a-toda-prueba-semillero-de-paz-y-valores\/#breadcrumb\"},\"inLanguage\":\"es\",\"potentialAction\":[{\"@type\":\"ReadAction\",\"target\":[\"https:\/\/tabernaculoprensadedios.com\/web\/familia-a-toda-prueba-semillero-de-paz-y-valores\/\"]}]},{\"@type\":\"ImageObject\",\"inLanguage\":\"es\",\"@id\":\"https:\/\/tabernaculoprensadedios.com\/web\/familia-a-toda-prueba-semillero-de-paz-y-valores\/#primaryimage\",\"url\":\"https:\/\/tabernaculoprensadedios.com\/web\/wp-content\/uploads\/2025\/10\/whatsapp-image-2021-03-30-at-125801.avif\",\"contentUrl\":\"https:\/\/tabernaculoprensadedios.com\/web\/wp-content\/uploads\/2025\/10\/whatsapp-image-2021-03-30-at-125801.avif\",\"width\":1024,\"height\":896,\"caption\":\"Fidel Lorenzo Mer\u00e1n\"},{\"@type\":\"BreadcrumbList\",\"@id\":\"https:\/\/tabernaculoprensadedios.com\/web\/familia-a-toda-prueba-semillero-de-paz-y-valores\/#breadcrumb\",\"itemListElement\":[{\"@type\":\"ListItem\",\"position\":1,\"name\":\"Portada\",\"item\":\"https:\/\/tabernaculoprensadedios.com\/web\/\"},{\"@type\":\"ListItem\",\"position\":2,\"name\":\"Familia a Toda Prueba: Semillero de Paz y Valores\"}]},{\"@type\":\"WebSite\",\"@id\":\"https:\/\/tabernaculoprensadedios.com\/web\/#website\",\"url\":\"https:\/\/tabernaculoprensadedios.com\/web\/\",\"name\":\"Tabernaculo Prensa de Dios\",\"description\":\"Un medio a la manera de Dios\",\"publisher\":{\"@id\":\"https:\/\/tabernaculoprensadedios.com\/web\/#\/schema\/person\/bc0e069fef56b38e177db6f098ae0b6e\"},\"potentialAction\":[{\"@type\":\"SearchAction\",\"target\":{\"@type\":\"EntryPoint\",\"urlTemplate\":\"https:\/\/tabernaculoprensadedios.com\/web\/?s={search_term_string}\"},\"query-input\":{\"@type\":\"PropertyValueSpecification\",\"valueRequired\":true,\"valueName\":\"search_term_string\"}}],\"inLanguage\":\"es\"},{\"@type\":[\"Person\",\"Organization\"],\"@id\":\"https:\/\/tabernaculoprensadedios.com\/web\/#\/schema\/person\/bc0e069fef56b38e177db6f098ae0b6e\",\"name\":\"tabernaculo\",\"image\":{\"@type\":\"ImageObject\",\"inLanguage\":\"es\",\"@id\":\"https:\/\/tabernaculoprensadedios.com\/web\/#\/schema\/person\/image\/\",\"url\":\"https:\/\/tabernaculoprensadedios.com\/web\/wp-content\/uploads\/2015\/06\/login-logo1.png\",\"contentUrl\":\"https:\/\/tabernaculoprensadedios.com\/web\/wp-content\/uploads\/2015\/06\/login-logo1.png\",\"width\":300,\"height\":118,\"caption\":\"tabernaculo\"},\"logo\":{\"@id\":\"https:\/\/tabernaculoprensadedios.com\/web\/#\/schema\/person\/image\/\"},\"url\":\"https:\/\/tabernaculoprensadedios.com\/web\/author\/tabernaculo\/\"}]}<\/script>\n<!-- \/ Yoast SEO Premium plugin. -->","yoast_head_json":{"title":"Familia a Toda Prueba: Semillero de Paz y Valores - Tabernaculo Prensa de Dios","robots":{"index":"index","follow":"follow","max-snippet":"max-snippet:-1","max-image-preview":"max-image-preview:large","max-video-preview":"max-video-preview:-1"},"canonical":"https:\/\/tabernaculoprensadedios.com\/web\/familia-a-toda-prueba-semillero-de-paz-y-valores\/","og_locale":"es_ES","og_type":"article","og_title":"Familia a Toda Prueba: Semillero de Paz y Valores","og_description":"La Fundaci\u00f3n Equidad y Justicia Social (AJUS), junto a sus instituciones aliadas y patrocinadoras, anuncia la und\u00e9cima edici\u00f3n del Congreso Internacional sobre Familia y Cultura de Paz, que se realizar\u00e1 el s\u00e1bado 18 de octubre de 2025 en la Biblioteca Nacional Pedro Henr\u00edquez Ure\u00f1a, en Santo Domingo. El presidente Fidel Lorenzo Mer\u00e1n, se\u00f1al\u00f3 que este &hellip;","og_url":"https:\/\/tabernaculoprensadedios.com\/web\/familia-a-toda-prueba-semillero-de-paz-y-valores\/","og_site_name":"Tabernaculo Prensa de Dios","article_published_time":"2025-10-15T23:49:40+00:00","og_image":[{"width":1024,"height":896,"url":"https:\/\/tabernaculoprensadedios.com\/web\/wp-content\/uploads\/2025\/10\/whatsapp-image-2021-03-30-at-125801.avif","type":"image\/webp"}],"author":"tabernaculo","twitter_card":"summary_large_image","twitter_creator":"@PrensadeDios","twitter_site":"@PrensadeDios","twitter_misc":{"Escrito por":"tabernaculo","Tiempo de lectura":"2 minutos"},"schema":{"@context":"https:\/\/schema.org","@graph":[{"@type":"Article","@id":"https:\/\/tabernaculoprensadedios.com\/web\/familia-a-toda-prueba-semillero-de-paz-y-valores\/#article","isPartOf":{"@id":"https:\/\/tabernaculoprensadedios.com\/web\/familia-a-toda-prueba-semillero-de-paz-y-valores\/"},"author":{"name":"tabernaculo","@id":"https:\/\/tabernaculoprensadedios.com\/web\/#\/schema\/person\/bc0e069fef56b38e177db6f098ae0b6e"},"headline":"Familia a Toda Prueba: Semillero de Paz y Valores","datePublished":"2025-10-15T23:49:40+00:00","mainEntityOfPage":{"@id":"https:\/\/tabernaculoprensadedios.com\/web\/familia-a-toda-prueba-semillero-de-paz-y-valores\/"},"wordCount":404,"commentCount":0,"publisher":{"@id":"https:\/\/tabernaculoprensadedios.com\/web\/#\/schema\/person\/bc0e069fef56b38e177db6f098ae0b6e"},"image":{"@id":"https:\/\/tabernaculoprensadedios.com\/web\/familia-a-toda-prueba-semillero-de-paz-y-valores\/#primaryimage"},"thumbnailUrl":"https:\/\/tabernaculoprensadedios.com\/web\/wp-content\/uploads\/2025\/10\/whatsapp-image-2021-03-30-at-125801.avif","articleSection":["almomento"],"inLanguage":"es","potentialAction":[{"@type":"CommentAction","name":"Comment","target":["https:\/\/tabernaculoprensadedios.com\/web\/familia-a-toda-prueba-semillero-de-paz-y-valores\/#respond"]}]},{"@type":"WebPage","@id":"https:\/\/tabernaculoprensadedios.com\/web\/familia-a-toda-prueba-semillero-de-paz-y-valores\/","url":"https:\/\/tabernaculoprensadedios.com\/web\/familia-a-toda-prueba-semillero-de-paz-y-valores\/","name":"Familia a Toda Prueba: Semillero de Paz y Valores - Tabernaculo Prensa de Dios","isPartOf":{"@id":"https:\/\/tabernaculoprensadedios.com\/web\/#website"},"primaryImageOfPage":{"@id":"https:\/\/tabernaculoprensadedios.com\/web\/familia-a-toda-prueba-semillero-de-paz-y-valores\/#primaryimage"},"image":{"@id":"https:\/\/tabernaculoprensadedios.com\/web\/familia-a-toda-prueba-semillero-de-paz-y-valores\/#primaryimage"},"thumbnailUrl":"https:\/\/tabernaculoprensadedios.com\/web\/wp-content\/uploads\/2025\/10\/whatsapp-image-2021-03-30-at-125801.avif","datePublished":"2025-10-15T23:49:40+00:00","breadcrumb":{"@id":"https:\/\/tabernaculoprensadedios.com\/web\/familia-a-toda-prueba-semillero-de-paz-y-valores\/#breadcrumb"},"inLanguage":"es","potentialAction":[{"@type":"ReadAction","target":["https:\/\/tabernaculoprensadedios.com\/web\/familia-a-toda-prueba-semillero-de-paz-y-valores\/"]}]},{"@type":"ImageObject","inLanguage":"es","@id":"https:\/\/tabernaculoprensadedios.com\/web\/familia-a-toda-prueba-semillero-de-paz-y-valores\/#primaryimage","url":"https:\/\/tabernaculoprensadedios.com\/web\/wp-content\/uploads\/2025\/10\/whatsapp-image-2021-03-30-at-125801.avif","contentUrl":"https:\/\/tabernaculoprensadedios.com\/web\/wp-content\/uploads\/2025\/10\/whatsapp-image-2021-03-30-at-125801.avif","width":1024,"height":896,"caption":"Fidel Lorenzo Mer\u00e1n"},{"@type":"BreadcrumbList","@id":"https:\/\/tabernaculoprensadedios.com\/web\/familia-a-toda-prueba-semillero-de-paz-y-valores\/#breadcrumb","itemListElement":[{"@type":"ListItem","position":1,"name":"Portada","item":"https:\/\/tabernaculoprensadedios.com\/web\/"},{"@type":"ListItem","position":2,"name":"Familia a Toda Prueba: Semillero de Paz y Valores"}]},{"@type":"WebSite","@id":"https:\/\/tabernaculoprensadedios.com\/web\/#website","url":"https:\/\/tabernaculoprensadedios.com\/web\/","name":"Tabernaculo Prensa de Dios","description":"Un medio a la manera de Dios","publisher":{"@id":"https:\/\/tabernaculoprensadedios.com\/web\/#\/schema\/person\/bc0e069fef56b38e177db6f098ae0b6e"},"potentialAction":[{"@type":"SearchAction","target":{"@type":"EntryPoint","urlTemplate":"https:\/\/tabernaculoprensadedios.com\/web\/?s={search_term_string}"},"query-input":{"@type":"PropertyValueSpecification","valueRequired":true,"valueName":"search_term_string"}}],"inLanguage":"es"},{"@type":["Person","Organization"],"@id":"https:\/\/tabernaculoprensadedios.com\/web\/#\/schema\/person\/bc0e069fef56b38e177db6f098ae0b6e","name":"tabernaculo","image":{"@type":"ImageObject","inLanguage":"es","@id":"https:\/\/tabernaculoprensadedios.com\/web\/#\/schema\/person\/image\/","url":"https:\/\/tabernaculoprensadedios.com\/web\/wp-content\/uploads\/2015\/06\/login-logo1.png","contentUrl":"https:\/\/tabernaculoprensadedios.com\/web\/wp-content\/uploads\/2015\/06\/login-logo1.png","width":300,"height":118,"caption":"tabernaculo"},"logo":{"@id":"https:\/\/tabernaculoprensadedios.com\/web\/#\/schema\/person\/image\/"},"url":"https:\/\/tabernaculoprensadedios.com\/web\/author\/tabernaculo\/"}]}},"_links":{"self":[{"href":"https:\/\/tabernaculoprensadedios.com\/web\/wp-json\/wp\/v2\/posts\/36124","targetHints":{"allow":["GET"]}}],"collection":[{"href":"https:\/\/tabernaculoprensadedios.com\/web\/wp-json\/wp\/v2\/posts"}],"about":[{"href":"https:\/\/tabernaculoprensadedios.com\/web\/wp-json\/wp\/v2\/types\/post"}],"author":[{"embeddable":true,"href":"https:\/\/tabernaculoprensadedios.com\/web\/wp-json\/wp\/v2\/users\/1"}],"replies":[{"embeddable":true,"href":"https:\/\/tabernaculoprensadedios.com\/web\/wp-json\/wp\/v2\/comments?post=36124"}],"version-history":[{"count":1,"href":"https:\/\/tabernaculoprensadedios.com\/web\/wp-json\/wp\/v2\/posts\/36124\/revisions"}],"predecessor-version":[{"id":36126,"href":"https:\/\/tabernaculoprensadedios.com\/web\/wp-json\/wp\/v2\/posts\/36124\/revisions\/36126"}],"wp:featuredmedia":[{"embeddable":true,"href":"https:\/\/tabernaculoprensadedios.com\/web\/wp-json\/wp\/v2\/media\/36125"}],"wp:attachment":[{"href":"https:\/\/tabernaculoprensadedios.com\/web\/wp-json\/wp\/v2\/media?parent=36124"}],"wp:term":[{"taxonomy":"category","embeddable":true,"href":"https:\/\/tabernaculoprensadedios.com\/web\/wp-json\/wp\/v2\/categories?post=36124"},{"taxonomy":"post_tag","embeddable":true,"href":"https:\/\/tabernaculoprensadedios.com\/web\/wp-json\/wp\/v2\/tags?post=36124"}],"curies":[{"name":"wp","href":"https:\/\/api.w.org\/{rel}","templated":true}]}}