{"id":36117,"date":"2025-10-15T23:41:27","date_gmt":"2025-10-15T23:41:27","guid":{"rendered":"https:\/\/tabernaculoprensadedios.com\/web\/?p=36117"},"modified":"2025-10-15T23:41:27","modified_gmt":"2025-10-15T23:41:27","slug":"entre-el-temor-y-la-esperanza-una-fe-que-no-desmaya","status":"publish","type":"post","link":"https:\/\/tabernaculoprensadedios.com\/web\/entre-el-temor-y-la-esperanza-una-fe-que-no-desmaya\/","title":{"rendered":"Entre el temor y la esperanza. Una Fe que No Desmaya"},"content":{"rendered":"<p><strong><em>No temas, porque yo estoy contigo; no desmayes, porque yo soy tu Dios que te esfuerzo; siempre te ayudar\u00e9, siempre te sustentar\u00e9 con la diestra de mi justicia. Isa\u00edas 41:10<\/em><\/strong><\/p>\n<p>Recientemente escuch\u00e9 al Se\u00f1or decir: \u201cNo permitas que el miedo ni la intimidaci\u00f3n te saquen del lugar donde te llam\u00e9 a estar.\u201d Mientras segu\u00eda escuchando Su coraz\u00f3n, \u00c9l habl\u00f3 m\u00e1s:<\/p>\n<p>\u201cMi pueblo, les digo: no permitan que el miedo ni la intimidaci\u00f3n los saquen del lugar donde los llam\u00e9 a estar. Porque les digo que una gran valent\u00eda est\u00e1 viniendo sobre ustedes en este tiempo, para permanecer firmes donde los he puesto, ocupar lo que les he entregado y hablar donde los he llamado a hablar. Hay fuertes vientos espirituales de miedo y de intimidaci\u00f3n soplando contra muchos en este momento. Pero les digo: si permanecen firmes y no retroceden, ver\u00e1n c\u00f3mo el viento de Mi Esp\u00edritu sopla con poder sobre ustedes. Este viento los impulsar\u00e1 a moverse en una nueva corriente de Mi Esp\u00edritu y de Mi gracia para cumplir lo que los estoy llamando a hacer.<\/p>\n<p>Muchos de ustedes han estado pasando por la transici\u00f3n m\u00e1s dif\u00edcil de sus vidas. En momentos sintieron que este proceso casi los romp\u00eda, que no sobreviven la presi\u00f3n, la guerra espiritual y la oposici\u00f3n. Pero les digo: estoy rompiendo ahora la hechicer\u00eda, la manipulaci\u00f3n y la resistencia que se levant\u00f3 contra ustedes. Los estoy revistiendo con una nueva valent\u00eda para permanecer firmes donde los llam\u00e9.<\/p>\n<p>Muchos est\u00e1n pasando de su temporada m\u00e1s dura a su temporada m\u00e1s gloriosa de promoci\u00f3n por Mi mano. <strong>Sigan mi direcci\u00f3n, sigan a Mi Esp\u00edritu.<\/strong> Los estoy llevando a un nuevo nivel de autoridad y gobierno espiritual en M\u00ed. Ver\u00e1n una manifestaci\u00f3n mayor de Mi Esp\u00edritu en medio de ustedes. No s\u00f3lo recuperar\u00e1n lo que les fue robado, sino que se levantar\u00e1n con una autoridad y una valent\u00eda mayores que nunca antes.<\/p>\n<p>En los lugares donde los he establecido, Mi Esp\u00edritu est\u00e1 irrumpiendo con poder. Un viento fresco de aceleraci\u00f3n sopla donde los llam\u00e9 a permanecer. Pero les digo: no comprometan Mis estrategias, Mi sabidur\u00eda, y Mi direcci\u00f3n. Mientras edifican, avanzan y liberan lo que les mand\u00e9 hacer, mant\u00e9nganse puros. Permanezcan obedientes y firmes en Mis caminos. No se contaminen con mezcla, complacencia o compromiso. Caminan en obediencia total a lo que los llam\u00e9 a hacer y donde los llam\u00e9 a estar.<\/p>\n<p>A mi favor descansar\u00e1 sobre mis caminos en esta hora. Mi favor y Mi gloria caer\u00e1n sobre los lugares donde Mi pueblo viva rendido: en entrega, humildad, pureza y consagraci\u00f3n. Porque les digo: en este tiempo se revelar\u00e1 la mezcla y el compromiso que muchos han tenido con el mundo y no con Mi Esp\u00edritu. Mis ojos recorren Mi Iglesia buscando a quienes caminan en profunda comuni\u00f3n conmigo, escuchan Mi voz y siguen Mis caminos.<\/p>\n<p>No permitan que el miedo, la intimidaci\u00f3n o el temor al hombre los hagan cortar esquinas o tomar atajos. Sigan la direcci\u00f3n de Mi Esp\u00edritu, sin distraerse por las voces de la multitud. Muchos han permitido que el ruido de las opiniones los aparte de la obediencia total.<strong> Arrepi\u00e9ntanse del temor al hombre y sigan mi gu\u00eda por completo.<\/strong> Mi fuego est\u00e1 cayendo sobre los corazones rendidos, bautiz\u00e1ndolos de nuevo con Mi valent\u00eda. Donde hubo mezcla, tibieza y compromiso, consumir\u00e9 todo lo que no viene de M\u00ed. Encender\u00e9 sus corazones con Mi fuego para que se levanten con una valent\u00eda sobrenatural que nunca antes han conocido.<\/p>\n<p>Muchos han sido atacados por un esp\u00edritu de miedo, pero les digo: los estoy bautizando con Mi fuego y Mi amor. Habr\u00e1 una gran transformaci\u00f3n. Los que estaban escondidos en las cuevas saldr\u00e1n transformados por Mi Esp\u00edritu. <strong>De esas cuevas saldr\u00e1n con un rugido, no humano, sino el rugido de Mi Esp\u00edritu dentro de ustedes.<\/strong> Es tiempo de salir de la cueva. Dejen de justificar su escondite aliment\u00e1ndose de las mentiras del miedo y la intimidaci\u00f3n. Dejen de tomar el anzuelo del enemigo. Estoy abriendo sus ojos para discernir las trampas y la hechicer\u00eda que los ha nublado. Mi viento est\u00e1 soplando, limpiando la paja, aclarando su visi\u00f3n y su mente. Estoy rompiendo las cadenas y los llam\u00f3 a salir de la cueva.<\/p>\n<p>Tomen hoy una decisi\u00f3n firme contra el miedo y la intimidaci\u00f3n. Es tiempo de levantarse y permanecer donde los llam\u00e9, obedientes a <strong>Mi voz. Ver\u00e1n c\u00f3mo nuevos mantos, valent\u00eda, poder y Mi gloria vendr\u00e1n sobre ustedes.<\/strong> A medida que se levanten y enfrenten al miedo y la intimidaci\u00f3n, y se reh\u00fasan a inclinarse ante ellos, mant\u00e9nganse firmes sobre Mi Palabra y sobre qui\u00e9n soy Yo en ustedes y por ustedes. Entonces ver\u00e1n el fuego de Mi Esp\u00edritu venir con gran valent\u00eda para proclamar Mi Palabra y Mi verdad sin temor y sin disculpas \u2014 y ver\u00e1n Mi gloria manifestarse. (Una palabra de Lana Vawser)<\/p>\n<p><strong>Efesios 6:13<\/strong> Por tanto, tomad toda la armadura de Dios, para que pod\u00e1is resistir en el mal d\u00eda malo, y habiendo acabado todo, estar firmes.<\/p>\n<p><strong><em>Santiago 4:4 \u00bfNo sab\u00e9is que la amistad del mundo es enemistad contra Dios?<\/em><\/strong><\/p>\n<p>Con amor y oraciones,<\/p>\n<p>&nbsp;<\/p>\n","protected":false},"excerpt":{"rendered":"<p>No temas, porque yo estoy contigo; no desmayes, porque yo soy tu Dios que te esfuerzo; siempre te ayudar\u00e9, siempre te sustentar\u00e9 con la diestra de mi justicia. Isa\u00edas 41:10 Recientemente escuch\u00e9 al Se\u00f1or decir: \u201cNo permitas que el miedo ni la intimidaci\u00f3n te saquen del lugar donde te llam\u00e9 a estar.\u201d Mientras segu\u00eda escuchando &hellip;<\/p>\n","protected":false},"author":1,"featured_media":36122,"comment_status":"open","ping_status":"open","sticky":false,"template":"","format":"standard","meta":{"footnotes":""},"categories":[38],"tags":[],"class_list":["post-36117","post","type-post","status-publish","format-standard","has-post-thumbnail","hentry","category-principal"],"yoast_head":"<!-- This site is optimized with the Yoast SEO Premium plugin v24.2 (Yoast SEO v27.1.1) - https:\/\/yoast.com\/product\/yoast-seo-premium-wordpress\/ -->\n<title>Entre el temor y la esperanza. Una Fe que No Desmaya - Tabernaculo Prensa de Dios<\/title>\n<meta name=\"robots\" content=\"index, follow, max-snippet:-1, max-image-preview:large, max-video-preview:-1\" \/>\n<link rel=\"canonical\" href=\"https:\/\/tabernaculoprensadedios.com\/web\/entre-el-temor-y-la-esperanza-una-fe-que-no-desmaya\/\" class=\"yoast-seo-meta-tag\" \/>\n<meta property=\"og:locale\" content=\"es_ES\" class=\"yoast-seo-meta-tag\" \/>\n<meta property=\"og:type\" content=\"article\" class=\"yoast-seo-meta-tag\" \/>\n<meta property=\"og:title\" content=\"Entre el temor y la esperanza. Una Fe que No Desmaya\" class=\"yoast-seo-meta-tag\" \/>\n<meta property=\"og:description\" content=\"No temas, porque yo estoy contigo; no desmayes, porque yo soy tu Dios que te esfuerzo; siempre te ayudar\u00e9, siempre te sustentar\u00e9 con la diestra de mi justicia. Isa\u00edas 41:10 Recientemente escuch\u00e9 al Se\u00f1or decir: \u201cNo permitas que el miedo ni la intimidaci\u00f3n te saquen del lugar donde te llam\u00e9 a estar.\u201d Mientras segu\u00eda escuchando &hellip;\" class=\"yoast-seo-meta-tag\" \/>\n<meta property=\"og:url\" content=\"https:\/\/tabernaculoprensadedios.com\/web\/entre-el-temor-y-la-esperanza-una-fe-que-no-desmaya\/\" class=\"yoast-seo-meta-tag\" \/>\n<meta property=\"og:site_name\" content=\"Tabernaculo Prensa de Dios\" class=\"yoast-seo-meta-tag\" \/>\n<meta property=\"article:published_time\" content=\"2025-10-15T23:41:27+00:00\" class=\"yoast-seo-meta-tag\" \/>\n<meta property=\"og:image\" content=\"https:\/\/tabernaculoprensadedios.com\/web\/wp-content\/uploads\/2025\/10\/Entre-el-temor.avif\" class=\"yoast-seo-meta-tag\" \/>\n\t<meta property=\"og:image:width\" content=\"1280\" class=\"yoast-seo-meta-tag\" \/>\n\t<meta property=\"og:image:height\" content=\"853\" class=\"yoast-seo-meta-tag\" \/>\n\t<meta property=\"og:image:type\" content=\"image\/jpeg\" class=\"yoast-seo-meta-tag\" \/>\n<meta name=\"author\" content=\"tabernaculo\" class=\"yoast-seo-meta-tag\" \/>\n<meta name=\"twitter:card\" content=\"summary_large_image\" class=\"yoast-seo-meta-tag\" \/>\n<meta name=\"twitter:creator\" content=\"@PrensadeDios\" class=\"yoast-seo-meta-tag\" \/>\n<meta name=\"twitter:site\" content=\"@PrensadeDios\" class=\"yoast-seo-meta-tag\" \/>\n<meta name=\"twitter:label1\" content=\"Escrito por\" class=\"yoast-seo-meta-tag\" \/>\n\t<meta name=\"twitter:data1\" content=\"tabernaculo\" class=\"yoast-seo-meta-tag\" \/>\n\t<meta name=\"twitter:label2\" content=\"Tiempo de lectura\" class=\"yoast-seo-meta-tag\" \/>\n\t<meta name=\"twitter:data2\" content=\"5 minutos\" class=\"yoast-seo-meta-tag\" \/>\n<script type=\"application\/ld+json\" class=\"yoast-schema-graph\">{\"@context\":\"https:\/\/schema.org\",\"@graph\":[{\"@type\":\"Article\",\"@id\":\"https:\/\/tabernaculoprensadedios.com\/web\/entre-el-temor-y-la-esperanza-una-fe-que-no-desmaya\/#article\",\"isPartOf\":{\"@id\":\"https:\/\/tabernaculoprensadedios.com\/web\/entre-el-temor-y-la-esperanza-una-fe-que-no-desmaya\/\"},\"author\":{\"name\":\"tabernaculo\",\"@id\":\"https:\/\/tabernaculoprensadedios.com\/web\/#\/schema\/person\/bc0e069fef56b38e177db6f098ae0b6e\"},\"headline\":\"Entre el temor y la esperanza. Una Fe que No Desmaya\",\"datePublished\":\"2025-10-15T23:41:27+00:00\",\"mainEntityOfPage\":{\"@id\":\"https:\/\/tabernaculoprensadedios.com\/web\/entre-el-temor-y-la-esperanza-una-fe-que-no-desmaya\/\"},\"wordCount\":932,\"commentCount\":0,\"publisher\":{\"@id\":\"https:\/\/tabernaculoprensadedios.com\/web\/#\/schema\/person\/bc0e069fef56b38e177db6f098ae0b6e\"},\"image\":{\"@id\":\"https:\/\/tabernaculoprensadedios.com\/web\/entre-el-temor-y-la-esperanza-una-fe-que-no-desmaya\/#primaryimage\"},\"thumbnailUrl\":\"https:\/\/tabernaculoprensadedios.com\/web\/wp-content\/uploads\/2025\/10\/Entre-el-temor.avif\",\"articleSection\":[\"Principal\"],\"inLanguage\":\"es\",\"potentialAction\":[{\"@type\":\"CommentAction\",\"name\":\"Comment\",\"target\":[\"https:\/\/tabernaculoprensadedios.com\/web\/entre-el-temor-y-la-esperanza-una-fe-que-no-desmaya\/#respond\"]}]},{\"@type\":\"WebPage\",\"@id\":\"https:\/\/tabernaculoprensadedios.com\/web\/entre-el-temor-y-la-esperanza-una-fe-que-no-desmaya\/\",\"url\":\"https:\/\/tabernaculoprensadedios.com\/web\/entre-el-temor-y-la-esperanza-una-fe-que-no-desmaya\/\",\"name\":\"Entre el temor y la esperanza. Una Fe que No Desmaya - Tabernaculo Prensa de Dios\",\"isPartOf\":{\"@id\":\"https:\/\/tabernaculoprensadedios.com\/web\/#website\"},\"primaryImageOfPage\":{\"@id\":\"https:\/\/tabernaculoprensadedios.com\/web\/entre-el-temor-y-la-esperanza-una-fe-que-no-desmaya\/#primaryimage\"},\"image\":{\"@id\":\"https:\/\/tabernaculoprensadedios.com\/web\/entre-el-temor-y-la-esperanza-una-fe-que-no-desmaya\/#primaryimage\"},\"thumbnailUrl\":\"https:\/\/tabernaculoprensadedios.com\/web\/wp-content\/uploads\/2025\/10\/Entre-el-temor.avif\",\"datePublished\":\"2025-10-15T23:41:27+00:00\",\"breadcrumb\":{\"@id\":\"https:\/\/tabernaculoprensadedios.com\/web\/entre-el-temor-y-la-esperanza-una-fe-que-no-desmaya\/#breadcrumb\"},\"inLanguage\":\"es\",\"potentialAction\":[{\"@type\":\"ReadAction\",\"target\":[\"https:\/\/tabernaculoprensadedios.com\/web\/entre-el-temor-y-la-esperanza-una-fe-que-no-desmaya\/\"]}]},{\"@type\":\"ImageObject\",\"inLanguage\":\"es\",\"@id\":\"https:\/\/tabernaculoprensadedios.com\/web\/entre-el-temor-y-la-esperanza-una-fe-que-no-desmaya\/#primaryimage\",\"url\":\"https:\/\/tabernaculoprensadedios.com\/web\/wp-content\/uploads\/2025\/10\/Entre-el-temor.avif\",\"contentUrl\":\"https:\/\/tabernaculoprensadedios.com\/web\/wp-content\/uploads\/2025\/10\/Entre-el-temor.avif\",\"width\":1280,\"height\":853},{\"@type\":\"BreadcrumbList\",\"@id\":\"https:\/\/tabernaculoprensadedios.com\/web\/entre-el-temor-y-la-esperanza-una-fe-que-no-desmaya\/#breadcrumb\",\"itemListElement\":[{\"@type\":\"ListItem\",\"position\":1,\"name\":\"Portada\",\"item\":\"https:\/\/tabernaculoprensadedios.com\/web\/\"},{\"@type\":\"ListItem\",\"position\":2,\"name\":\"Entre el temor y la esperanza. Una Fe que No Desmaya\"}]},{\"@type\":\"WebSite\",\"@id\":\"https:\/\/tabernaculoprensadedios.com\/web\/#website\",\"url\":\"https:\/\/tabernaculoprensadedios.com\/web\/\",\"name\":\"Tabernaculo Prensa de Dios\",\"description\":\"Un medio a la manera de Dios\",\"publisher\":{\"@id\":\"https:\/\/tabernaculoprensadedios.com\/web\/#\/schema\/person\/bc0e069fef56b38e177db6f098ae0b6e\"},\"potentialAction\":[{\"@type\":\"SearchAction\",\"target\":{\"@type\":\"EntryPoint\",\"urlTemplate\":\"https:\/\/tabernaculoprensadedios.com\/web\/?s={search_term_string}\"},\"query-input\":{\"@type\":\"PropertyValueSpecification\",\"valueRequired\":true,\"valueName\":\"search_term_string\"}}],\"inLanguage\":\"es\"},{\"@type\":[\"Person\",\"Organization\"],\"@id\":\"https:\/\/tabernaculoprensadedios.com\/web\/#\/schema\/person\/bc0e069fef56b38e177db6f098ae0b6e\",\"name\":\"tabernaculo\",\"image\":{\"@type\":\"ImageObject\",\"inLanguage\":\"es\",\"@id\":\"https:\/\/tabernaculoprensadedios.com\/web\/#\/schema\/person\/image\/\",\"url\":\"https:\/\/tabernaculoprensadedios.com\/web\/wp-content\/uploads\/2015\/06\/login-logo1.png\",\"contentUrl\":\"https:\/\/tabernaculoprensadedios.com\/web\/wp-content\/uploads\/2015\/06\/login-logo1.png\",\"width\":300,\"height\":118,\"caption\":\"tabernaculo\"},\"logo\":{\"@id\":\"https:\/\/tabernaculoprensadedios.com\/web\/#\/schema\/person\/image\/\"},\"url\":\"https:\/\/tabernaculoprensadedios.com\/web\/author\/tabernaculo\/\"}]}<\/script>\n<!-- \/ Yoast SEO Premium plugin. -->","yoast_head_json":{"title":"Entre el temor y la esperanza. Una Fe que No Desmaya - Tabernaculo Prensa de Dios","robots":{"index":"index","follow":"follow","max-snippet":"max-snippet:-1","max-image-preview":"max-image-preview:large","max-video-preview":"max-video-preview:-1"},"canonical":"https:\/\/tabernaculoprensadedios.com\/web\/entre-el-temor-y-la-esperanza-una-fe-que-no-desmaya\/","og_locale":"es_ES","og_type":"article","og_title":"Entre el temor y la esperanza. Una Fe que No Desmaya","og_description":"No temas, porque yo estoy contigo; no desmayes, porque yo soy tu Dios que te esfuerzo; siempre te ayudar\u00e9, siempre te sustentar\u00e9 con la diestra de mi justicia. Isa\u00edas 41:10 Recientemente escuch\u00e9 al Se\u00f1or decir: \u201cNo permitas que el miedo ni la intimidaci\u00f3n te saquen del lugar donde te llam\u00e9 a estar.\u201d Mientras segu\u00eda escuchando &hellip;","og_url":"https:\/\/tabernaculoprensadedios.com\/web\/entre-el-temor-y-la-esperanza-una-fe-que-no-desmaya\/","og_site_name":"Tabernaculo Prensa de Dios","article_published_time":"2025-10-15T23:41:27+00:00","og_image":[{"width":1280,"height":853,"url":"https:\/\/tabernaculoprensadedios.com\/web\/wp-content\/uploads\/2025\/10\/Entre-el-temor.avif","type":"image\/jpeg"}],"author":"tabernaculo","twitter_card":"summary_large_image","twitter_creator":"@PrensadeDios","twitter_site":"@PrensadeDios","twitter_misc":{"Escrito por":"tabernaculo","Tiempo de lectura":"5 minutos"},"schema":{"@context":"https:\/\/schema.org","@graph":[{"@type":"Article","@id":"https:\/\/tabernaculoprensadedios.com\/web\/entre-el-temor-y-la-esperanza-una-fe-que-no-desmaya\/#article","isPartOf":{"@id":"https:\/\/tabernaculoprensadedios.com\/web\/entre-el-temor-y-la-esperanza-una-fe-que-no-desmaya\/"},"author":{"name":"tabernaculo","@id":"https:\/\/tabernaculoprensadedios.com\/web\/#\/schema\/person\/bc0e069fef56b38e177db6f098ae0b6e"},"headline":"Entre el temor y la esperanza. Una Fe que No Desmaya","datePublished":"2025-10-15T23:41:27+00:00","mainEntityOfPage":{"@id":"https:\/\/tabernaculoprensadedios.com\/web\/entre-el-temor-y-la-esperanza-una-fe-que-no-desmaya\/"},"wordCount":932,"commentCount":0,"publisher":{"@id":"https:\/\/tabernaculoprensadedios.com\/web\/#\/schema\/person\/bc0e069fef56b38e177db6f098ae0b6e"},"image":{"@id":"https:\/\/tabernaculoprensadedios.com\/web\/entre-el-temor-y-la-esperanza-una-fe-que-no-desmaya\/#primaryimage"},"thumbnailUrl":"https:\/\/tabernaculoprensadedios.com\/web\/wp-content\/uploads\/2025\/10\/Entre-el-temor.avif","articleSection":["Principal"],"inLanguage":"es","potentialAction":[{"@type":"CommentAction","name":"Comment","target":["https:\/\/tabernaculoprensadedios.com\/web\/entre-el-temor-y-la-esperanza-una-fe-que-no-desmaya\/#respond"]}]},{"@type":"WebPage","@id":"https:\/\/tabernaculoprensadedios.com\/web\/entre-el-temor-y-la-esperanza-una-fe-que-no-desmaya\/","url":"https:\/\/tabernaculoprensadedios.com\/web\/entre-el-temor-y-la-esperanza-una-fe-que-no-desmaya\/","name":"Entre el temor y la esperanza. Una Fe que No Desmaya - Tabernaculo Prensa de Dios","isPartOf":{"@id":"https:\/\/tabernaculoprensadedios.com\/web\/#website"},"primaryImageOfPage":{"@id":"https:\/\/tabernaculoprensadedios.com\/web\/entre-el-temor-y-la-esperanza-una-fe-que-no-desmaya\/#primaryimage"},"image":{"@id":"https:\/\/tabernaculoprensadedios.com\/web\/entre-el-temor-y-la-esperanza-una-fe-que-no-desmaya\/#primaryimage"},"thumbnailUrl":"https:\/\/tabernaculoprensadedios.com\/web\/wp-content\/uploads\/2025\/10\/Entre-el-temor.avif","datePublished":"2025-10-15T23:41:27+00:00","breadcrumb":{"@id":"https:\/\/tabernaculoprensadedios.com\/web\/entre-el-temor-y-la-esperanza-una-fe-que-no-desmaya\/#breadcrumb"},"inLanguage":"es","potentialAction":[{"@type":"ReadAction","target":["https:\/\/tabernaculoprensadedios.com\/web\/entre-el-temor-y-la-esperanza-una-fe-que-no-desmaya\/"]}]},{"@type":"ImageObject","inLanguage":"es","@id":"https:\/\/tabernaculoprensadedios.com\/web\/entre-el-temor-y-la-esperanza-una-fe-que-no-desmaya\/#primaryimage","url":"https:\/\/tabernaculoprensadedios.com\/web\/wp-content\/uploads\/2025\/10\/Entre-el-temor.avif","contentUrl":"https:\/\/tabernaculoprensadedios.com\/web\/wp-content\/uploads\/2025\/10\/Entre-el-temor.avif","width":1280,"height":853},{"@type":"BreadcrumbList","@id":"https:\/\/tabernaculoprensadedios.com\/web\/entre-el-temor-y-la-esperanza-una-fe-que-no-desmaya\/#breadcrumb","itemListElement":[{"@type":"ListItem","position":1,"name":"Portada","item":"https:\/\/tabernaculoprensadedios.com\/web\/"},{"@type":"ListItem","position":2,"name":"Entre el temor y la esperanza. Una Fe que No Desmaya"}]},{"@type":"WebSite","@id":"https:\/\/tabernaculoprensadedios.com\/web\/#website","url":"https:\/\/tabernaculoprensadedios.com\/web\/","name":"Tabernaculo Prensa de Dios","description":"Un medio a la manera de Dios","publisher":{"@id":"https:\/\/tabernaculoprensadedios.com\/web\/#\/schema\/person\/bc0e069fef56b38e177db6f098ae0b6e"},"potentialAction":[{"@type":"SearchAction","target":{"@type":"EntryPoint","urlTemplate":"https:\/\/tabernaculoprensadedios.com\/web\/?s={search_term_string}"},"query-input":{"@type":"PropertyValueSpecification","valueRequired":true,"valueName":"search_term_string"}}],"inLanguage":"es"},{"@type":["Person","Organization"],"@id":"https:\/\/tabernaculoprensadedios.com\/web\/#\/schema\/person\/bc0e069fef56b38e177db6f098ae0b6e","name":"tabernaculo","image":{"@type":"ImageObject","inLanguage":"es","@id":"https:\/\/tabernaculoprensadedios.com\/web\/#\/schema\/person\/image\/","url":"https:\/\/tabernaculoprensadedios.com\/web\/wp-content\/uploads\/2015\/06\/login-logo1.png","contentUrl":"https:\/\/tabernaculoprensadedios.com\/web\/wp-content\/uploads\/2015\/06\/login-logo1.png","width":300,"height":118,"caption":"tabernaculo"},"logo":{"@id":"https:\/\/tabernaculoprensadedios.com\/web\/#\/schema\/person\/image\/"},"url":"https:\/\/tabernaculoprensadedios.com\/web\/author\/tabernaculo\/"}]}},"_links":{"self":[{"href":"https:\/\/tabernaculoprensadedios.com\/web\/wp-json\/wp\/v2\/posts\/36117","targetHints":{"allow":["GET"]}}],"collection":[{"href":"https:\/\/tabernaculoprensadedios.com\/web\/wp-json\/wp\/v2\/posts"}],"about":[{"href":"https:\/\/tabernaculoprensadedios.com\/web\/wp-json\/wp\/v2\/types\/post"}],"author":[{"embeddable":true,"href":"https:\/\/tabernaculoprensadedios.com\/web\/wp-json\/wp\/v2\/users\/1"}],"replies":[{"embeddable":true,"href":"https:\/\/tabernaculoprensadedios.com\/web\/wp-json\/wp\/v2\/comments?post=36117"}],"version-history":[{"count":2,"href":"https:\/\/tabernaculoprensadedios.com\/web\/wp-json\/wp\/v2\/posts\/36117\/revisions"}],"predecessor-version":[{"id":36123,"href":"https:\/\/tabernaculoprensadedios.com\/web\/wp-json\/wp\/v2\/posts\/36117\/revisions\/36123"}],"wp:featuredmedia":[{"embeddable":true,"href":"https:\/\/tabernaculoprensadedios.com\/web\/wp-json\/wp\/v2\/media\/36122"}],"wp:attachment":[{"href":"https:\/\/tabernaculoprensadedios.com\/web\/wp-json\/wp\/v2\/media?parent=36117"}],"wp:term":[{"taxonomy":"category","embeddable":true,"href":"https:\/\/tabernaculoprensadedios.com\/web\/wp-json\/wp\/v2\/categories?post=36117"},{"taxonomy":"post_tag","embeddable":true,"href":"https:\/\/tabernaculoprensadedios.com\/web\/wp-json\/wp\/v2\/tags?post=36117"}],"curies":[{"name":"wp","href":"https:\/\/api.w.org\/{rel}","templated":true}]}}