{"id":36107,"date":"2025-10-14T23:13:04","date_gmt":"2025-10-14T23:13:04","guid":{"rendered":"https:\/\/tabernaculoprensadedios.com\/web\/?p=36107"},"modified":"2025-10-14T23:13:04","modified_gmt":"2025-10-14T23:13:04","slug":"humillarse-y-orar-por-nuestra-nacion","status":"publish","type":"post","link":"https:\/\/tabernaculoprensadedios.com\/web\/humillarse-y-orar-por-nuestra-nacion\/","title":{"rendered":"Humillarse y Orar por Nuestra Naci\u00f3n"},"content":{"rendered":"<p>Hoy m\u00e1s que nunca, estamos siendo llamados a una misi\u00f3n urgente, como lo fue en los tiempos de 2 Cr\u00f3nicas. Este es el momento en que los gobiernos, <strong>los l\u00edderes, las naciones, la iglesia de Jesucristo y el pueblo dominicano debemos humillarnos,<\/strong> convocar ayuno y oraci\u00f3n para proteger y restaurar nuestra naci\u00f3n. Dios habl\u00f3 a Salom\u00f3n con un mensaje claro y eterno, y hoy esas palabras resuenan con fuerza en nuestros corazones.<\/p>\n<p><strong>Dios le dijo a Salom\u00f3n.<\/strong> Si yo cerrare los cielos para que no haya lluvia, o si mandare la langosta que consuma la tierra, o si enviare pestilencia a mi pueblo; si mi pueblo, sobre el cual es invocado mi nombre, se humillare y oraren, y buscaren mi rostro, y se convirtieren de sus malos caminos, entonces yo oir\u00e9 desde los cielos, y perdonar\u00e9 sus pecados, y sanar\u00e9 su tierra\u201d <strong>(2 Cr\u00f3nicas 7:13-14).<\/strong><\/p>\n<p>Este es un llamado que trasciende el tiempo. Hoy, al igual que en aquel entonces, Dios espera que nos volvamos a \u00c9l con corazones sinceros, buscando su rostro y alej\u00e1ndonos de los caminos que nos han separado de Su voluntad. \u00c9l es fiel para escuchar nuestro clamor y restaurar nuestra tierra, si nos humillamos y le buscamos con todo nuestro ser.<\/p>\n<p>En <strong>Juan 3-14-15<\/strong>, Jes\u00fas nos recuerda la importancia de volver nuestra mirada al Salvador. Y como Mois\u00e9s levant\u00f3 la serpiente en el desierto, as\u00ed es necesario que el Hijo del Hombre sea levantado, para que todo aquel que en \u00e9l cree, no se pierda, m\u00e1s tenga vida eterna.<\/p>\n<p>As\u00ed como en el desierto, el pueblo encontr\u00f3 sanidad al mirar a la serpiente de bronce levantada por Mois\u00e9s, hoy nuestra sanidad y salvaci\u00f3n dependen de elevar nuestra fe y confianza en Cristo. <strong>Es necesario que levantemos a Jes\u00fas en nuestras vidas,<\/strong> en nuestras familias y en nuestra naci\u00f3n, para que Su luz ilumine nuestros caminos y transforme nuestras circunstancias.le<\/p>\n","protected":false},"excerpt":{"rendered":"<p>Hoy m\u00e1s que nunca, estamos siendo llamados a una misi\u00f3n urgente, como lo fue en los tiempos de 2 Cr\u00f3nicas. Este es el momento en que los gobiernos, los l\u00edderes, las naciones, la iglesia de Jesucristo y el pueblo dominicano debemos humillarnos, convocar ayuno y oraci\u00f3n para proteger y restaurar nuestra naci\u00f3n. Dios habl\u00f3 a &hellip;<\/p>\n","protected":false},"author":1,"featured_media":36108,"comment_status":"open","ping_status":"open","sticky":false,"template":"","format":"standard","meta":{"footnotes":""},"categories":[34],"tags":[],"class_list":["post-36107","post","type-post","status-publish","format-standard","has-post-thumbnail","hentry","category-articulos"],"yoast_head":"<!-- This site is optimized with the Yoast SEO Premium plugin v24.2 (Yoast SEO v27.1.1) - https:\/\/yoast.com\/product\/yoast-seo-premium-wordpress\/ -->\n<title>Humillarse y Orar por Nuestra Naci\u00f3n - Tabernaculo Prensa de Dios<\/title>\n<meta name=\"robots\" content=\"index, follow, max-snippet:-1, max-image-preview:large, max-video-preview:-1\" \/>\n<link rel=\"canonical\" href=\"https:\/\/tabernaculoprensadedios.com\/web\/humillarse-y-orar-por-nuestra-nacion\/\" class=\"yoast-seo-meta-tag\" \/>\n<meta property=\"og:locale\" content=\"es_ES\" class=\"yoast-seo-meta-tag\" \/>\n<meta property=\"og:type\" content=\"article\" class=\"yoast-seo-meta-tag\" \/>\n<meta property=\"og:title\" content=\"Humillarse y Orar por Nuestra Naci\u00f3n\" class=\"yoast-seo-meta-tag\" \/>\n<meta property=\"og:description\" content=\"Hoy m\u00e1s que nunca, estamos siendo llamados a una misi\u00f3n urgente, como lo fue en los tiempos de 2 Cr\u00f3nicas. Este es el momento en que los gobiernos, los l\u00edderes, las naciones, la iglesia de Jesucristo y el pueblo dominicano debemos humillarnos, convocar ayuno y oraci\u00f3n para proteger y restaurar nuestra naci\u00f3n. Dios habl\u00f3 a &hellip;\" class=\"yoast-seo-meta-tag\" \/>\n<meta property=\"og:url\" content=\"https:\/\/tabernaculoprensadedios.com\/web\/humillarse-y-orar-por-nuestra-nacion\/\" class=\"yoast-seo-meta-tag\" \/>\n<meta property=\"og:site_name\" content=\"Tabernaculo Prensa de Dios\" class=\"yoast-seo-meta-tag\" \/>\n<meta property=\"article:published_time\" content=\"2025-10-14T23:13:04+00:00\" class=\"yoast-seo-meta-tag\" \/>\n<meta property=\"og:image\" content=\"https:\/\/tabernaculoprensadedios.com\/web\/wp-content\/uploads\/2025\/10\/humillacion.avif\" class=\"yoast-seo-meta-tag\" \/>\n\t<meta property=\"og:image:width\" content=\"1280\" class=\"yoast-seo-meta-tag\" \/>\n\t<meta property=\"og:image:height\" content=\"853\" class=\"yoast-seo-meta-tag\" \/>\n\t<meta property=\"og:image:type\" content=\"image\/jpeg\" class=\"yoast-seo-meta-tag\" \/>\n<meta name=\"author\" content=\"tabernaculo\" class=\"yoast-seo-meta-tag\" \/>\n<meta name=\"twitter:card\" content=\"summary_large_image\" class=\"yoast-seo-meta-tag\" \/>\n<meta name=\"twitter:creator\" content=\"@PrensadeDios\" class=\"yoast-seo-meta-tag\" \/>\n<meta name=\"twitter:site\" content=\"@PrensadeDios\" class=\"yoast-seo-meta-tag\" \/>\n<meta name=\"twitter:label1\" content=\"Escrito por\" class=\"yoast-seo-meta-tag\" \/>\n\t<meta name=\"twitter:data1\" content=\"tabernaculo\" class=\"yoast-seo-meta-tag\" \/>\n\t<meta name=\"twitter:label2\" content=\"Tiempo de lectura\" class=\"yoast-seo-meta-tag\" \/>\n\t<meta name=\"twitter:data2\" content=\"2 minutos\" class=\"yoast-seo-meta-tag\" \/>\n<script type=\"application\/ld+json\" class=\"yoast-schema-graph\">{\"@context\":\"https:\/\/schema.org\",\"@graph\":[{\"@type\":\"Article\",\"@id\":\"https:\/\/tabernaculoprensadedios.com\/web\/humillarse-y-orar-por-nuestra-nacion\/#article\",\"isPartOf\":{\"@id\":\"https:\/\/tabernaculoprensadedios.com\/web\/humillarse-y-orar-por-nuestra-nacion\/\"},\"author\":{\"name\":\"tabernaculo\",\"@id\":\"https:\/\/tabernaculoprensadedios.com\/web\/#\/schema\/person\/bc0e069fef56b38e177db6f098ae0b6e\"},\"headline\":\"Humillarse y Orar por Nuestra Naci\u00f3n\",\"datePublished\":\"2025-10-14T23:13:04+00:00\",\"mainEntityOfPage\":{\"@id\":\"https:\/\/tabernaculoprensadedios.com\/web\/humillarse-y-orar-por-nuestra-nacion\/\"},\"wordCount\":338,\"commentCount\":0,\"publisher\":{\"@id\":\"https:\/\/tabernaculoprensadedios.com\/web\/#\/schema\/person\/bc0e069fef56b38e177db6f098ae0b6e\"},\"image\":{\"@id\":\"https:\/\/tabernaculoprensadedios.com\/web\/humillarse-y-orar-por-nuestra-nacion\/#primaryimage\"},\"thumbnailUrl\":\"https:\/\/tabernaculoprensadedios.com\/web\/wp-content\/uploads\/2025\/10\/humillacion.avif\",\"articleSection\":[\"Articulos\"],\"inLanguage\":\"es\",\"potentialAction\":[{\"@type\":\"CommentAction\",\"name\":\"Comment\",\"target\":[\"https:\/\/tabernaculoprensadedios.com\/web\/humillarse-y-orar-por-nuestra-nacion\/#respond\"]}]},{\"@type\":\"WebPage\",\"@id\":\"https:\/\/tabernaculoprensadedios.com\/web\/humillarse-y-orar-por-nuestra-nacion\/\",\"url\":\"https:\/\/tabernaculoprensadedios.com\/web\/humillarse-y-orar-por-nuestra-nacion\/\",\"name\":\"Humillarse y Orar por Nuestra Naci\u00f3n - Tabernaculo Prensa de Dios\",\"isPartOf\":{\"@id\":\"https:\/\/tabernaculoprensadedios.com\/web\/#website\"},\"primaryImageOfPage\":{\"@id\":\"https:\/\/tabernaculoprensadedios.com\/web\/humillarse-y-orar-por-nuestra-nacion\/#primaryimage\"},\"image\":{\"@id\":\"https:\/\/tabernaculoprensadedios.com\/web\/humillarse-y-orar-por-nuestra-nacion\/#primaryimage\"},\"thumbnailUrl\":\"https:\/\/tabernaculoprensadedios.com\/web\/wp-content\/uploads\/2025\/10\/humillacion.avif\",\"datePublished\":\"2025-10-14T23:13:04+00:00\",\"breadcrumb\":{\"@id\":\"https:\/\/tabernaculoprensadedios.com\/web\/humillarse-y-orar-por-nuestra-nacion\/#breadcrumb\"},\"inLanguage\":\"es\",\"potentialAction\":[{\"@type\":\"ReadAction\",\"target\":[\"https:\/\/tabernaculoprensadedios.com\/web\/humillarse-y-orar-por-nuestra-nacion\/\"]}]},{\"@type\":\"ImageObject\",\"inLanguage\":\"es\",\"@id\":\"https:\/\/tabernaculoprensadedios.com\/web\/humillarse-y-orar-por-nuestra-nacion\/#primaryimage\",\"url\":\"https:\/\/tabernaculoprensadedios.com\/web\/wp-content\/uploads\/2025\/10\/humillacion.avif\",\"contentUrl\":\"https:\/\/tabernaculoprensadedios.com\/web\/wp-content\/uploads\/2025\/10\/humillacion.avif\",\"width\":1280,\"height\":853},{\"@type\":\"BreadcrumbList\",\"@id\":\"https:\/\/tabernaculoprensadedios.com\/web\/humillarse-y-orar-por-nuestra-nacion\/#breadcrumb\",\"itemListElement\":[{\"@type\":\"ListItem\",\"position\":1,\"name\":\"Portada\",\"item\":\"https:\/\/tabernaculoprensadedios.com\/web\/\"},{\"@type\":\"ListItem\",\"position\":2,\"name\":\"Humillarse y Orar por Nuestra Naci\u00f3n\"}]},{\"@type\":\"WebSite\",\"@id\":\"https:\/\/tabernaculoprensadedios.com\/web\/#website\",\"url\":\"https:\/\/tabernaculoprensadedios.com\/web\/\",\"name\":\"Tabernaculo Prensa de Dios\",\"description\":\"Un medio a la manera de Dios\",\"publisher\":{\"@id\":\"https:\/\/tabernaculoprensadedios.com\/web\/#\/schema\/person\/bc0e069fef56b38e177db6f098ae0b6e\"},\"potentialAction\":[{\"@type\":\"SearchAction\",\"target\":{\"@type\":\"EntryPoint\",\"urlTemplate\":\"https:\/\/tabernaculoprensadedios.com\/web\/?s={search_term_string}\"},\"query-input\":{\"@type\":\"PropertyValueSpecification\",\"valueRequired\":true,\"valueName\":\"search_term_string\"}}],\"inLanguage\":\"es\"},{\"@type\":[\"Person\",\"Organization\"],\"@id\":\"https:\/\/tabernaculoprensadedios.com\/web\/#\/schema\/person\/bc0e069fef56b38e177db6f098ae0b6e\",\"name\":\"tabernaculo\",\"image\":{\"@type\":\"ImageObject\",\"inLanguage\":\"es\",\"@id\":\"https:\/\/tabernaculoprensadedios.com\/web\/#\/schema\/person\/image\/\",\"url\":\"https:\/\/tabernaculoprensadedios.com\/web\/wp-content\/uploads\/2015\/06\/login-logo1.png\",\"contentUrl\":\"https:\/\/tabernaculoprensadedios.com\/web\/wp-content\/uploads\/2015\/06\/login-logo1.png\",\"width\":300,\"height\":118,\"caption\":\"tabernaculo\"},\"logo\":{\"@id\":\"https:\/\/tabernaculoprensadedios.com\/web\/#\/schema\/person\/image\/\"},\"url\":\"https:\/\/tabernaculoprensadedios.com\/web\/author\/tabernaculo\/\"}]}<\/script>\n<!-- \/ Yoast SEO Premium plugin. -->","yoast_head_json":{"title":"Humillarse y Orar por Nuestra Naci\u00f3n - Tabernaculo Prensa de Dios","robots":{"index":"index","follow":"follow","max-snippet":"max-snippet:-1","max-image-preview":"max-image-preview:large","max-video-preview":"max-video-preview:-1"},"canonical":"https:\/\/tabernaculoprensadedios.com\/web\/humillarse-y-orar-por-nuestra-nacion\/","og_locale":"es_ES","og_type":"article","og_title":"Humillarse y Orar por Nuestra Naci\u00f3n","og_description":"Hoy m\u00e1s que nunca, estamos siendo llamados a una misi\u00f3n urgente, como lo fue en los tiempos de 2 Cr\u00f3nicas. Este es el momento en que los gobiernos, los l\u00edderes, las naciones, la iglesia de Jesucristo y el pueblo dominicano debemos humillarnos, convocar ayuno y oraci\u00f3n para proteger y restaurar nuestra naci\u00f3n. Dios habl\u00f3 a &hellip;","og_url":"https:\/\/tabernaculoprensadedios.com\/web\/humillarse-y-orar-por-nuestra-nacion\/","og_site_name":"Tabernaculo Prensa de Dios","article_published_time":"2025-10-14T23:13:04+00:00","og_image":[{"width":1280,"height":853,"url":"https:\/\/tabernaculoprensadedios.com\/web\/wp-content\/uploads\/2025\/10\/humillacion.avif","type":"image\/jpeg"}],"author":"tabernaculo","twitter_card":"summary_large_image","twitter_creator":"@PrensadeDios","twitter_site":"@PrensadeDios","twitter_misc":{"Escrito por":"tabernaculo","Tiempo de lectura":"2 minutos"},"schema":{"@context":"https:\/\/schema.org","@graph":[{"@type":"Article","@id":"https:\/\/tabernaculoprensadedios.com\/web\/humillarse-y-orar-por-nuestra-nacion\/#article","isPartOf":{"@id":"https:\/\/tabernaculoprensadedios.com\/web\/humillarse-y-orar-por-nuestra-nacion\/"},"author":{"name":"tabernaculo","@id":"https:\/\/tabernaculoprensadedios.com\/web\/#\/schema\/person\/bc0e069fef56b38e177db6f098ae0b6e"},"headline":"Humillarse y Orar por Nuestra Naci\u00f3n","datePublished":"2025-10-14T23:13:04+00:00","mainEntityOfPage":{"@id":"https:\/\/tabernaculoprensadedios.com\/web\/humillarse-y-orar-por-nuestra-nacion\/"},"wordCount":338,"commentCount":0,"publisher":{"@id":"https:\/\/tabernaculoprensadedios.com\/web\/#\/schema\/person\/bc0e069fef56b38e177db6f098ae0b6e"},"image":{"@id":"https:\/\/tabernaculoprensadedios.com\/web\/humillarse-y-orar-por-nuestra-nacion\/#primaryimage"},"thumbnailUrl":"https:\/\/tabernaculoprensadedios.com\/web\/wp-content\/uploads\/2025\/10\/humillacion.avif","articleSection":["Articulos"],"inLanguage":"es","potentialAction":[{"@type":"CommentAction","name":"Comment","target":["https:\/\/tabernaculoprensadedios.com\/web\/humillarse-y-orar-por-nuestra-nacion\/#respond"]}]},{"@type":"WebPage","@id":"https:\/\/tabernaculoprensadedios.com\/web\/humillarse-y-orar-por-nuestra-nacion\/","url":"https:\/\/tabernaculoprensadedios.com\/web\/humillarse-y-orar-por-nuestra-nacion\/","name":"Humillarse y Orar por Nuestra Naci\u00f3n - Tabernaculo Prensa de Dios","isPartOf":{"@id":"https:\/\/tabernaculoprensadedios.com\/web\/#website"},"primaryImageOfPage":{"@id":"https:\/\/tabernaculoprensadedios.com\/web\/humillarse-y-orar-por-nuestra-nacion\/#primaryimage"},"image":{"@id":"https:\/\/tabernaculoprensadedios.com\/web\/humillarse-y-orar-por-nuestra-nacion\/#primaryimage"},"thumbnailUrl":"https:\/\/tabernaculoprensadedios.com\/web\/wp-content\/uploads\/2025\/10\/humillacion.avif","datePublished":"2025-10-14T23:13:04+00:00","breadcrumb":{"@id":"https:\/\/tabernaculoprensadedios.com\/web\/humillarse-y-orar-por-nuestra-nacion\/#breadcrumb"},"inLanguage":"es","potentialAction":[{"@type":"ReadAction","target":["https:\/\/tabernaculoprensadedios.com\/web\/humillarse-y-orar-por-nuestra-nacion\/"]}]},{"@type":"ImageObject","inLanguage":"es","@id":"https:\/\/tabernaculoprensadedios.com\/web\/humillarse-y-orar-por-nuestra-nacion\/#primaryimage","url":"https:\/\/tabernaculoprensadedios.com\/web\/wp-content\/uploads\/2025\/10\/humillacion.avif","contentUrl":"https:\/\/tabernaculoprensadedios.com\/web\/wp-content\/uploads\/2025\/10\/humillacion.avif","width":1280,"height":853},{"@type":"BreadcrumbList","@id":"https:\/\/tabernaculoprensadedios.com\/web\/humillarse-y-orar-por-nuestra-nacion\/#breadcrumb","itemListElement":[{"@type":"ListItem","position":1,"name":"Portada","item":"https:\/\/tabernaculoprensadedios.com\/web\/"},{"@type":"ListItem","position":2,"name":"Humillarse y Orar por Nuestra Naci\u00f3n"}]},{"@type":"WebSite","@id":"https:\/\/tabernaculoprensadedios.com\/web\/#website","url":"https:\/\/tabernaculoprensadedios.com\/web\/","name":"Tabernaculo Prensa de Dios","description":"Un medio a la manera de Dios","publisher":{"@id":"https:\/\/tabernaculoprensadedios.com\/web\/#\/schema\/person\/bc0e069fef56b38e177db6f098ae0b6e"},"potentialAction":[{"@type":"SearchAction","target":{"@type":"EntryPoint","urlTemplate":"https:\/\/tabernaculoprensadedios.com\/web\/?s={search_term_string}"},"query-input":{"@type":"PropertyValueSpecification","valueRequired":true,"valueName":"search_term_string"}}],"inLanguage":"es"},{"@type":["Person","Organization"],"@id":"https:\/\/tabernaculoprensadedios.com\/web\/#\/schema\/person\/bc0e069fef56b38e177db6f098ae0b6e","name":"tabernaculo","image":{"@type":"ImageObject","inLanguage":"es","@id":"https:\/\/tabernaculoprensadedios.com\/web\/#\/schema\/person\/image\/","url":"https:\/\/tabernaculoprensadedios.com\/web\/wp-content\/uploads\/2015\/06\/login-logo1.png","contentUrl":"https:\/\/tabernaculoprensadedios.com\/web\/wp-content\/uploads\/2015\/06\/login-logo1.png","width":300,"height":118,"caption":"tabernaculo"},"logo":{"@id":"https:\/\/tabernaculoprensadedios.com\/web\/#\/schema\/person\/image\/"},"url":"https:\/\/tabernaculoprensadedios.com\/web\/author\/tabernaculo\/"}]}},"_links":{"self":[{"href":"https:\/\/tabernaculoprensadedios.com\/web\/wp-json\/wp\/v2\/posts\/36107","targetHints":{"allow":["GET"]}}],"collection":[{"href":"https:\/\/tabernaculoprensadedios.com\/web\/wp-json\/wp\/v2\/posts"}],"about":[{"href":"https:\/\/tabernaculoprensadedios.com\/web\/wp-json\/wp\/v2\/types\/post"}],"author":[{"embeddable":true,"href":"https:\/\/tabernaculoprensadedios.com\/web\/wp-json\/wp\/v2\/users\/1"}],"replies":[{"embeddable":true,"href":"https:\/\/tabernaculoprensadedios.com\/web\/wp-json\/wp\/v2\/comments?post=36107"}],"version-history":[{"count":1,"href":"https:\/\/tabernaculoprensadedios.com\/web\/wp-json\/wp\/v2\/posts\/36107\/revisions"}],"predecessor-version":[{"id":36109,"href":"https:\/\/tabernaculoprensadedios.com\/web\/wp-json\/wp\/v2\/posts\/36107\/revisions\/36109"}],"wp:featuredmedia":[{"embeddable":true,"href":"https:\/\/tabernaculoprensadedios.com\/web\/wp-json\/wp\/v2\/media\/36108"}],"wp:attachment":[{"href":"https:\/\/tabernaculoprensadedios.com\/web\/wp-json\/wp\/v2\/media?parent=36107"}],"wp:term":[{"taxonomy":"category","embeddable":true,"href":"https:\/\/tabernaculoprensadedios.com\/web\/wp-json\/wp\/v2\/categories?post=36107"},{"taxonomy":"post_tag","embeddable":true,"href":"https:\/\/tabernaculoprensadedios.com\/web\/wp-json\/wp\/v2\/tags?post=36107"}],"curies":[{"name":"wp","href":"https:\/\/api.w.org\/{rel}","templated":true}]}}