{"id":36098,"date":"2025-10-13T14:30:22","date_gmt":"2025-10-13T14:30:22","guid":{"rendered":"https:\/\/tabernaculoprensadedios.com\/web\/?p=36098"},"modified":"2025-10-13T14:30:31","modified_gmt":"2025-10-13T14:30:31","slug":"pastora-y-cantante-offy-lugo-promueve-su-primer-corte-musical-consolaos-en-santiago","status":"publish","type":"post","link":"https:\/\/tabernaculoprensadedios.com\/web\/pastora-y-cantante-offy-lugo-promueve-su-primer-corte-musical-consolaos-en-santiago\/","title":{"rendered":"Pastora y Cantante Offy Lugo promueve su primer corte musical \u00abConsolaos\u00bb en Santiago"},"content":{"rendered":"<p>En su primera visita promocional como cantante cristiana, la <strong>pastora Offy Lugo<\/strong> promovi\u00f3 su primer corte musical titulado <strong>\u00abConsolaos\u00bb<\/strong>, a ritmo de salsa, en varios programas de radio y televisi\u00f3n de la Ciudad Coraz\u00f3n.<\/p>\n<p>\u00abConsolaos\u00bb <strong>tema de su propia autor\u00eda, arreglado musicalmente por el maestro Estarling Abreu<\/strong>, es la canci\u00f3n que marca el inicio de la pastora Josefina Lugo (Offy) como cantante cristiana, y es para ella un sue\u00f1o hecho realidad.<\/p>\n<p><em>\u00abAntes de ser cristiana,<strong> uno de mis mayores deseos era ser cantante secular<\/strong>; pero mis padres se opusieron ya que quer\u00edan que primero le diera prioridad a mis estudios universitarios y en obediencia a ellos logr\u00e9 graduarme de Licenciada en Derecho\u00bb<\/em>, testifica la sierva de Dios.<\/p>\n<p>\u00abLuego, cuando me convert\u00ed al cristianismo, <strong>el Se\u00f1or me utiliz\u00f3 para dar clases de canto a ni\u00f1os e influir en ellos para con sus voces cantar y adorar a Dios.<\/strong> Pude ver en ellos, el anhelo de mi coraz\u00f3n; hasta que luego del Todopoderoso obrar un milagros en mis cuerdas vocales, revivi\u00f3 en m\u00ed el deseo de cantar y testificar de la grandeza del Omnipotente; esta vez para su gloria y honra\u00bb, agreg\u00f3 la adoradora.<\/p>\n<p>Los programas de televisi\u00f3n Buen D\u00eda con Ariela Rodr\u00edguez y Adalberto Crespo en Super TV canal 55, Al Mediod\u00eda con Sarah Sued en Telemedios Dominicana canal 8, Doble V\u00eda con Osvaldo Torres y Deisy Liriano en Telemilenio canal 36; as\u00ed como La Ciudad en Vivo con Luciano Inoa y Carmelo Mart\u00ednez en Telecontacto canal 35, entrevistaron a Offy Lugo y difundieron el video de su primera canci\u00f3n promocional \u00abConsolaos\u00bb.<\/p>\n<p>Tambi\u00e9n los programa de radio Ruta Express con Mabel L\u00f3pez y Elizabeth Metivier en Tu Familia 88.5 FM y Interactivo Musical 1430 con Creiby Rodr\u00edguez en Radio Emanuel 1430 AM, acogieron con los brazos abiertos a la hermana Offy Lugo, con la nobleza que le caracteriza, edificando a los oyentes con su impactante testimonio de sanidad obrada por el Todopoderodo a su favor y con las letras esperanzadoras y llenas de fe de su primer sencillo \u00abConsolaos\u00bb.<\/p>\n<p>La pastora Josefina Lugo de N\u00fa\u00f1ez (Offy Lugo) es l\u00edder del Ministerio de Iglesias Pentecostales Jesucristo Unci\u00f3n y Refugio desde el 2007, con sede en el sector Libertador de Herrera en Santo Domingo Oeste, y su incursi\u00f3n en la m\u00fasica cristiana viene a complementar su oficio pastoral, contando con una gracia muy especial derramada sobre su vida, familia y ministerio, que le inspira a seguir trabajando en la obra del Se\u00f1or con amor, fidelidad y entrega total.<\/p>\n<p><img loading=\"lazy\" decoding=\"async\" class=\"alignnone size-full wp-image-36099\" src=\"https:\/\/tabernaculoprensadedios.com\/web\/wp-content\/uploads\/2025\/10\/WhatsApp-Image-2025-10-12-at-8.56.25-PM.avif\" alt=\"\" width=\"720\" height=\"1280\" \/><\/p>\n","protected":false},"excerpt":{"rendered":"<p>En su primera visita promocional como cantante cristiana, la pastora Offy Lugo promovi\u00f3 su primer corte musical titulado \u00abConsolaos\u00bb, a ritmo de salsa, en varios programas de radio y televisi\u00f3n de la Ciudad Coraz\u00f3n. \u00abConsolaos\u00bb tema de su propia autor\u00eda, arreglado musicalmente por el maestro Estarling Abreu, es la canci\u00f3n que marca el inicio de &hellip;<\/p>\n","protected":false},"author":1,"featured_media":36100,"comment_status":"open","ping_status":"open","sticky":false,"template":"","format":"standard","meta":{"footnotes":""},"categories":[794],"tags":[],"class_list":["post-36098","post","type-post","status-publish","format-standard","has-post-thumbnail","hentry","category-mas-alla-del-monumento"],"yoast_head":"<!-- This site is optimized with the Yoast SEO Premium plugin v24.2 (Yoast SEO v27.1.1) - https:\/\/yoast.com\/product\/yoast-seo-premium-wordpress\/ -->\n<title>Pastora y Cantante Offy Lugo promueve su primer corte musical &quot;Consolaos&quot; en Santiago - Tabernaculo Prensa de Dios<\/title>\n<meta name=\"robots\" content=\"index, follow, max-snippet:-1, max-image-preview:large, max-video-preview:-1\" \/>\n<link rel=\"canonical\" href=\"https:\/\/tabernaculoprensadedios.com\/web\/pastora-y-cantante-offy-lugo-promueve-su-primer-corte-musical-consolaos-en-santiago\/\" class=\"yoast-seo-meta-tag\" \/>\n<meta property=\"og:locale\" content=\"es_ES\" class=\"yoast-seo-meta-tag\" \/>\n<meta property=\"og:type\" content=\"article\" class=\"yoast-seo-meta-tag\" \/>\n<meta property=\"og:title\" content=\"Pastora y Cantante Offy Lugo promueve su primer corte musical &quot;Consolaos&quot; en Santiago\" class=\"yoast-seo-meta-tag\" \/>\n<meta property=\"og:description\" content=\"En su primera visita promocional como cantante cristiana, la pastora Offy Lugo promovi\u00f3 su primer corte musical titulado \u00abConsolaos\u00bb, a ritmo de salsa, en varios programas de radio y televisi\u00f3n de la Ciudad Coraz\u00f3n. \u00abConsolaos\u00bb tema de su propia autor\u00eda, arreglado musicalmente por el maestro Estarling Abreu, es la canci\u00f3n que marca el inicio de &hellip;\" class=\"yoast-seo-meta-tag\" \/>\n<meta property=\"og:url\" content=\"https:\/\/tabernaculoprensadedios.com\/web\/pastora-y-cantante-offy-lugo-promueve-su-primer-corte-musical-consolaos-en-santiago\/\" class=\"yoast-seo-meta-tag\" \/>\n<meta property=\"og:site_name\" content=\"Tabernaculo Prensa de Dios\" class=\"yoast-seo-meta-tag\" \/>\n<meta property=\"article:published_time\" content=\"2025-10-13T14:30:22+00:00\" class=\"yoast-seo-meta-tag\" \/>\n<meta property=\"article:modified_time\" content=\"2025-10-13T14:30:31+00:00\" class=\"yoast-seo-meta-tag\" \/>\n<meta property=\"og:image\" content=\"https:\/\/tabernaculoprensadedios.com\/web\/wp-content\/uploads\/2025\/10\/WhatsApp-Image-2025-10-12-at-8.56.27-PM1.avif\" class=\"yoast-seo-meta-tag\" \/>\n\t<meta property=\"og:image:width\" content=\"1280\" class=\"yoast-seo-meta-tag\" \/>\n\t<meta property=\"og:image:height\" content=\"960\" class=\"yoast-seo-meta-tag\" \/>\n\t<meta property=\"og:image:type\" content=\"image\/jpeg\" class=\"yoast-seo-meta-tag\" \/>\n<meta name=\"author\" content=\"tabernaculo\" class=\"yoast-seo-meta-tag\" \/>\n<meta name=\"twitter:card\" content=\"summary_large_image\" class=\"yoast-seo-meta-tag\" \/>\n<meta name=\"twitter:creator\" content=\"@PrensadeDios\" class=\"yoast-seo-meta-tag\" \/>\n<meta name=\"twitter:site\" content=\"@PrensadeDios\" class=\"yoast-seo-meta-tag\" \/>\n<meta name=\"twitter:label1\" content=\"Escrito por\" class=\"yoast-seo-meta-tag\" \/>\n\t<meta name=\"twitter:data1\" content=\"tabernaculo\" class=\"yoast-seo-meta-tag\" \/>\n\t<meta name=\"twitter:label2\" content=\"Tiempo de lectura\" class=\"yoast-seo-meta-tag\" \/>\n\t<meta name=\"twitter:data2\" content=\"3 minutos\" class=\"yoast-seo-meta-tag\" \/>\n<script type=\"application\/ld+json\" class=\"yoast-schema-graph\">{\"@context\":\"https:\/\/schema.org\",\"@graph\":[{\"@type\":\"Article\",\"@id\":\"https:\/\/tabernaculoprensadedios.com\/web\/pastora-y-cantante-offy-lugo-promueve-su-primer-corte-musical-consolaos-en-santiago\/#article\",\"isPartOf\":{\"@id\":\"https:\/\/tabernaculoprensadedios.com\/web\/pastora-y-cantante-offy-lugo-promueve-su-primer-corte-musical-consolaos-en-santiago\/\"},\"author\":{\"name\":\"tabernaculo\",\"@id\":\"https:\/\/tabernaculoprensadedios.com\/web\/#\/schema\/person\/bc0e069fef56b38e177db6f098ae0b6e\"},\"headline\":\"Pastora y Cantante Offy Lugo promueve su primer corte musical \u00abConsolaos\u00bb en Santiago\",\"datePublished\":\"2025-10-13T14:30:22+00:00\",\"dateModified\":\"2025-10-13T14:30:31+00:00\",\"mainEntityOfPage\":{\"@id\":\"https:\/\/tabernaculoprensadedios.com\/web\/pastora-y-cantante-offy-lugo-promueve-su-primer-corte-musical-consolaos-en-santiago\/\"},\"wordCount\":445,\"commentCount\":0,\"publisher\":{\"@id\":\"https:\/\/tabernaculoprensadedios.com\/web\/#\/schema\/person\/bc0e069fef56b38e177db6f098ae0b6e\"},\"image\":{\"@id\":\"https:\/\/tabernaculoprensadedios.com\/web\/pastora-y-cantante-offy-lugo-promueve-su-primer-corte-musical-consolaos-en-santiago\/#primaryimage\"},\"thumbnailUrl\":\"https:\/\/tabernaculoprensadedios.com\/web\/wp-content\/uploads\/2025\/10\/WhatsApp-Image-2025-10-12-at-8.56.27-PM1.avif\",\"articleSection\":[\"M\u00e1s all\u00e1 del Monumento\"],\"inLanguage\":\"es\",\"potentialAction\":[{\"@type\":\"CommentAction\",\"name\":\"Comment\",\"target\":[\"https:\/\/tabernaculoprensadedios.com\/web\/pastora-y-cantante-offy-lugo-promueve-su-primer-corte-musical-consolaos-en-santiago\/#respond\"]}]},{\"@type\":\"WebPage\",\"@id\":\"https:\/\/tabernaculoprensadedios.com\/web\/pastora-y-cantante-offy-lugo-promueve-su-primer-corte-musical-consolaos-en-santiago\/\",\"url\":\"https:\/\/tabernaculoprensadedios.com\/web\/pastora-y-cantante-offy-lugo-promueve-su-primer-corte-musical-consolaos-en-santiago\/\",\"name\":\"Pastora y Cantante Offy Lugo promueve su primer corte musical \\\"Consolaos\\\" en Santiago - Tabernaculo Prensa de Dios\",\"isPartOf\":{\"@id\":\"https:\/\/tabernaculoprensadedios.com\/web\/#website\"},\"primaryImageOfPage\":{\"@id\":\"https:\/\/tabernaculoprensadedios.com\/web\/pastora-y-cantante-offy-lugo-promueve-su-primer-corte-musical-consolaos-en-santiago\/#primaryimage\"},\"image\":{\"@id\":\"https:\/\/tabernaculoprensadedios.com\/web\/pastora-y-cantante-offy-lugo-promueve-su-primer-corte-musical-consolaos-en-santiago\/#primaryimage\"},\"thumbnailUrl\":\"https:\/\/tabernaculoprensadedios.com\/web\/wp-content\/uploads\/2025\/10\/WhatsApp-Image-2025-10-12-at-8.56.27-PM1.avif\",\"datePublished\":\"2025-10-13T14:30:22+00:00\",\"dateModified\":\"2025-10-13T14:30:31+00:00\",\"breadcrumb\":{\"@id\":\"https:\/\/tabernaculoprensadedios.com\/web\/pastora-y-cantante-offy-lugo-promueve-su-primer-corte-musical-consolaos-en-santiago\/#breadcrumb\"},\"inLanguage\":\"es\",\"potentialAction\":[{\"@type\":\"ReadAction\",\"target\":[\"https:\/\/tabernaculoprensadedios.com\/web\/pastora-y-cantante-offy-lugo-promueve-su-primer-corte-musical-consolaos-en-santiago\/\"]}]},{\"@type\":\"ImageObject\",\"inLanguage\":\"es\",\"@id\":\"https:\/\/tabernaculoprensadedios.com\/web\/pastora-y-cantante-offy-lugo-promueve-su-primer-corte-musical-consolaos-en-santiago\/#primaryimage\",\"url\":\"https:\/\/tabernaculoprensadedios.com\/web\/wp-content\/uploads\/2025\/10\/WhatsApp-Image-2025-10-12-at-8.56.27-PM1.avif\",\"contentUrl\":\"https:\/\/tabernaculoprensadedios.com\/web\/wp-content\/uploads\/2025\/10\/WhatsApp-Image-2025-10-12-at-8.56.27-PM1.avif\",\"width\":1280,\"height\":960},{\"@type\":\"BreadcrumbList\",\"@id\":\"https:\/\/tabernaculoprensadedios.com\/web\/pastora-y-cantante-offy-lugo-promueve-su-primer-corte-musical-consolaos-en-santiago\/#breadcrumb\",\"itemListElement\":[{\"@type\":\"ListItem\",\"position\":1,\"name\":\"Portada\",\"item\":\"https:\/\/tabernaculoprensadedios.com\/web\/\"},{\"@type\":\"ListItem\",\"position\":2,\"name\":\"Pastora y Cantante Offy Lugo promueve su primer corte musical \u00abConsolaos\u00bb en Santiago\"}]},{\"@type\":\"WebSite\",\"@id\":\"https:\/\/tabernaculoprensadedios.com\/web\/#website\",\"url\":\"https:\/\/tabernaculoprensadedios.com\/web\/\",\"name\":\"Tabernaculo Prensa de Dios\",\"description\":\"Un medio a la manera de Dios\",\"publisher\":{\"@id\":\"https:\/\/tabernaculoprensadedios.com\/web\/#\/schema\/person\/bc0e069fef56b38e177db6f098ae0b6e\"},\"potentialAction\":[{\"@type\":\"SearchAction\",\"target\":{\"@type\":\"EntryPoint\",\"urlTemplate\":\"https:\/\/tabernaculoprensadedios.com\/web\/?s={search_term_string}\"},\"query-input\":{\"@type\":\"PropertyValueSpecification\",\"valueRequired\":true,\"valueName\":\"search_term_string\"}}],\"inLanguage\":\"es\"},{\"@type\":[\"Person\",\"Organization\"],\"@id\":\"https:\/\/tabernaculoprensadedios.com\/web\/#\/schema\/person\/bc0e069fef56b38e177db6f098ae0b6e\",\"name\":\"tabernaculo\",\"image\":{\"@type\":\"ImageObject\",\"inLanguage\":\"es\",\"@id\":\"https:\/\/tabernaculoprensadedios.com\/web\/#\/schema\/person\/image\/\",\"url\":\"https:\/\/tabernaculoprensadedios.com\/web\/wp-content\/uploads\/2015\/06\/login-logo1.png\",\"contentUrl\":\"https:\/\/tabernaculoprensadedios.com\/web\/wp-content\/uploads\/2015\/06\/login-logo1.png\",\"width\":300,\"height\":118,\"caption\":\"tabernaculo\"},\"logo\":{\"@id\":\"https:\/\/tabernaculoprensadedios.com\/web\/#\/schema\/person\/image\/\"},\"url\":\"https:\/\/tabernaculoprensadedios.com\/web\/author\/tabernaculo\/\"}]}<\/script>\n<!-- \/ Yoast SEO Premium plugin. -->","yoast_head_json":{"title":"Pastora y Cantante Offy Lugo promueve su primer corte musical \"Consolaos\" en Santiago - Tabernaculo Prensa de Dios","robots":{"index":"index","follow":"follow","max-snippet":"max-snippet:-1","max-image-preview":"max-image-preview:large","max-video-preview":"max-video-preview:-1"},"canonical":"https:\/\/tabernaculoprensadedios.com\/web\/pastora-y-cantante-offy-lugo-promueve-su-primer-corte-musical-consolaos-en-santiago\/","og_locale":"es_ES","og_type":"article","og_title":"Pastora y Cantante Offy Lugo promueve su primer corte musical \"Consolaos\" en Santiago","og_description":"En su primera visita promocional como cantante cristiana, la pastora Offy Lugo promovi\u00f3 su primer corte musical titulado \u00abConsolaos\u00bb, a ritmo de salsa, en varios programas de radio y televisi\u00f3n de la Ciudad Coraz\u00f3n. \u00abConsolaos\u00bb tema de su propia autor\u00eda, arreglado musicalmente por el maestro Estarling Abreu, es la canci\u00f3n que marca el inicio de &hellip;","og_url":"https:\/\/tabernaculoprensadedios.com\/web\/pastora-y-cantante-offy-lugo-promueve-su-primer-corte-musical-consolaos-en-santiago\/","og_site_name":"Tabernaculo Prensa de Dios","article_published_time":"2025-10-13T14:30:22+00:00","article_modified_time":"2025-10-13T14:30:31+00:00","og_image":[{"width":1280,"height":960,"url":"https:\/\/tabernaculoprensadedios.com\/web\/wp-content\/uploads\/2025\/10\/WhatsApp-Image-2025-10-12-at-8.56.27-PM1.avif","type":"image\/jpeg"}],"author":"tabernaculo","twitter_card":"summary_large_image","twitter_creator":"@PrensadeDios","twitter_site":"@PrensadeDios","twitter_misc":{"Escrito por":"tabernaculo","Tiempo de lectura":"3 minutos"},"schema":{"@context":"https:\/\/schema.org","@graph":[{"@type":"Article","@id":"https:\/\/tabernaculoprensadedios.com\/web\/pastora-y-cantante-offy-lugo-promueve-su-primer-corte-musical-consolaos-en-santiago\/#article","isPartOf":{"@id":"https:\/\/tabernaculoprensadedios.com\/web\/pastora-y-cantante-offy-lugo-promueve-su-primer-corte-musical-consolaos-en-santiago\/"},"author":{"name":"tabernaculo","@id":"https:\/\/tabernaculoprensadedios.com\/web\/#\/schema\/person\/bc0e069fef56b38e177db6f098ae0b6e"},"headline":"Pastora y Cantante Offy Lugo promueve su primer corte musical \u00abConsolaos\u00bb en Santiago","datePublished":"2025-10-13T14:30:22+00:00","dateModified":"2025-10-13T14:30:31+00:00","mainEntityOfPage":{"@id":"https:\/\/tabernaculoprensadedios.com\/web\/pastora-y-cantante-offy-lugo-promueve-su-primer-corte-musical-consolaos-en-santiago\/"},"wordCount":445,"commentCount":0,"publisher":{"@id":"https:\/\/tabernaculoprensadedios.com\/web\/#\/schema\/person\/bc0e069fef56b38e177db6f098ae0b6e"},"image":{"@id":"https:\/\/tabernaculoprensadedios.com\/web\/pastora-y-cantante-offy-lugo-promueve-su-primer-corte-musical-consolaos-en-santiago\/#primaryimage"},"thumbnailUrl":"https:\/\/tabernaculoprensadedios.com\/web\/wp-content\/uploads\/2025\/10\/WhatsApp-Image-2025-10-12-at-8.56.27-PM1.avif","articleSection":["M\u00e1s all\u00e1 del Monumento"],"inLanguage":"es","potentialAction":[{"@type":"CommentAction","name":"Comment","target":["https:\/\/tabernaculoprensadedios.com\/web\/pastora-y-cantante-offy-lugo-promueve-su-primer-corte-musical-consolaos-en-santiago\/#respond"]}]},{"@type":"WebPage","@id":"https:\/\/tabernaculoprensadedios.com\/web\/pastora-y-cantante-offy-lugo-promueve-su-primer-corte-musical-consolaos-en-santiago\/","url":"https:\/\/tabernaculoprensadedios.com\/web\/pastora-y-cantante-offy-lugo-promueve-su-primer-corte-musical-consolaos-en-santiago\/","name":"Pastora y Cantante Offy Lugo promueve su primer corte musical \"Consolaos\" en Santiago - Tabernaculo Prensa de Dios","isPartOf":{"@id":"https:\/\/tabernaculoprensadedios.com\/web\/#website"},"primaryImageOfPage":{"@id":"https:\/\/tabernaculoprensadedios.com\/web\/pastora-y-cantante-offy-lugo-promueve-su-primer-corte-musical-consolaos-en-santiago\/#primaryimage"},"image":{"@id":"https:\/\/tabernaculoprensadedios.com\/web\/pastora-y-cantante-offy-lugo-promueve-su-primer-corte-musical-consolaos-en-santiago\/#primaryimage"},"thumbnailUrl":"https:\/\/tabernaculoprensadedios.com\/web\/wp-content\/uploads\/2025\/10\/WhatsApp-Image-2025-10-12-at-8.56.27-PM1.avif","datePublished":"2025-10-13T14:30:22+00:00","dateModified":"2025-10-13T14:30:31+00:00","breadcrumb":{"@id":"https:\/\/tabernaculoprensadedios.com\/web\/pastora-y-cantante-offy-lugo-promueve-su-primer-corte-musical-consolaos-en-santiago\/#breadcrumb"},"inLanguage":"es","potentialAction":[{"@type":"ReadAction","target":["https:\/\/tabernaculoprensadedios.com\/web\/pastora-y-cantante-offy-lugo-promueve-su-primer-corte-musical-consolaos-en-santiago\/"]}]},{"@type":"ImageObject","inLanguage":"es","@id":"https:\/\/tabernaculoprensadedios.com\/web\/pastora-y-cantante-offy-lugo-promueve-su-primer-corte-musical-consolaos-en-santiago\/#primaryimage","url":"https:\/\/tabernaculoprensadedios.com\/web\/wp-content\/uploads\/2025\/10\/WhatsApp-Image-2025-10-12-at-8.56.27-PM1.avif","contentUrl":"https:\/\/tabernaculoprensadedios.com\/web\/wp-content\/uploads\/2025\/10\/WhatsApp-Image-2025-10-12-at-8.56.27-PM1.avif","width":1280,"height":960},{"@type":"BreadcrumbList","@id":"https:\/\/tabernaculoprensadedios.com\/web\/pastora-y-cantante-offy-lugo-promueve-su-primer-corte-musical-consolaos-en-santiago\/#breadcrumb","itemListElement":[{"@type":"ListItem","position":1,"name":"Portada","item":"https:\/\/tabernaculoprensadedios.com\/web\/"},{"@type":"ListItem","position":2,"name":"Pastora y Cantante Offy Lugo promueve su primer corte musical \u00abConsolaos\u00bb en Santiago"}]},{"@type":"WebSite","@id":"https:\/\/tabernaculoprensadedios.com\/web\/#website","url":"https:\/\/tabernaculoprensadedios.com\/web\/","name":"Tabernaculo Prensa de Dios","description":"Un medio a la manera de Dios","publisher":{"@id":"https:\/\/tabernaculoprensadedios.com\/web\/#\/schema\/person\/bc0e069fef56b38e177db6f098ae0b6e"},"potentialAction":[{"@type":"SearchAction","target":{"@type":"EntryPoint","urlTemplate":"https:\/\/tabernaculoprensadedios.com\/web\/?s={search_term_string}"},"query-input":{"@type":"PropertyValueSpecification","valueRequired":true,"valueName":"search_term_string"}}],"inLanguage":"es"},{"@type":["Person","Organization"],"@id":"https:\/\/tabernaculoprensadedios.com\/web\/#\/schema\/person\/bc0e069fef56b38e177db6f098ae0b6e","name":"tabernaculo","image":{"@type":"ImageObject","inLanguage":"es","@id":"https:\/\/tabernaculoprensadedios.com\/web\/#\/schema\/person\/image\/","url":"https:\/\/tabernaculoprensadedios.com\/web\/wp-content\/uploads\/2015\/06\/login-logo1.png","contentUrl":"https:\/\/tabernaculoprensadedios.com\/web\/wp-content\/uploads\/2015\/06\/login-logo1.png","width":300,"height":118,"caption":"tabernaculo"},"logo":{"@id":"https:\/\/tabernaculoprensadedios.com\/web\/#\/schema\/person\/image\/"},"url":"https:\/\/tabernaculoprensadedios.com\/web\/author\/tabernaculo\/"}]}},"_links":{"self":[{"href":"https:\/\/tabernaculoprensadedios.com\/web\/wp-json\/wp\/v2\/posts\/36098","targetHints":{"allow":["GET"]}}],"collection":[{"href":"https:\/\/tabernaculoprensadedios.com\/web\/wp-json\/wp\/v2\/posts"}],"about":[{"href":"https:\/\/tabernaculoprensadedios.com\/web\/wp-json\/wp\/v2\/types\/post"}],"author":[{"embeddable":true,"href":"https:\/\/tabernaculoprensadedios.com\/web\/wp-json\/wp\/v2\/users\/1"}],"replies":[{"embeddable":true,"href":"https:\/\/tabernaculoprensadedios.com\/web\/wp-json\/wp\/v2\/comments?post=36098"}],"version-history":[{"count":1,"href":"https:\/\/tabernaculoprensadedios.com\/web\/wp-json\/wp\/v2\/posts\/36098\/revisions"}],"predecessor-version":[{"id":36101,"href":"https:\/\/tabernaculoprensadedios.com\/web\/wp-json\/wp\/v2\/posts\/36098\/revisions\/36101"}],"wp:featuredmedia":[{"embeddable":true,"href":"https:\/\/tabernaculoprensadedios.com\/web\/wp-json\/wp\/v2\/media\/36100"}],"wp:attachment":[{"href":"https:\/\/tabernaculoprensadedios.com\/web\/wp-json\/wp\/v2\/media?parent=36098"}],"wp:term":[{"taxonomy":"category","embeddable":true,"href":"https:\/\/tabernaculoprensadedios.com\/web\/wp-json\/wp\/v2\/categories?post=36098"},{"taxonomy":"post_tag","embeddable":true,"href":"https:\/\/tabernaculoprensadedios.com\/web\/wp-json\/wp\/v2\/tags?post=36098"}],"curies":[{"name":"wp","href":"https:\/\/api.w.org\/{rel}","templated":true}]}}