{"id":36083,"date":"2025-10-13T12:46:58","date_gmt":"2025-10-13T12:46:58","guid":{"rendered":"https:\/\/tabernaculoprensadedios.com\/web\/?p=36083"},"modified":"2025-10-13T12:46:58","modified_gmt":"2025-10-13T12:46:58","slug":"aprendiendoel-perdon-y-el-crecimiento-espiritual","status":"publish","type":"post","link":"https:\/\/tabernaculoprensadedios.com\/web\/aprendiendoel-perdon-y-el-crecimiento-espiritual\/","title":{"rendered":"El perd\u00f3n y el crecimiento espiritual"},"content":{"rendered":"<p><strong><em>\u201cPorque si vosotros no perdon\u00e1is, tampoco vuestro Padre que est\u00e1 en los cielos os perdonar\u00e1 vuestras ofensas\u201d<\/em><\/strong><\/p>\n<p>Estaba hablando en serio (Marcos 11:26). Vivimos en una cultura donde no siempre pen\u00adsamos cumplir lo que estamos diciendo. Por consiguiente, no creemos que los dem\u00e1s piensen hacerlo tampoco cuando nos hablan. No se toma en serio la palabra de una persona.<\/p>\n<p>Todo comienza en la ni\u00f1ez. Uno de los padres le dice al hijo: <strong>\u201cSi haces eso de nuevo, te voy a dar un par de nalgadas\u201d. E<\/strong>l ni\u00f1o no s\u00f3lo lo hace de nuevo, sino que lo repite varias veces. Despu\u00e9s de cada uno de los episodios, el ni\u00f1o recibe de su padre o madre la misma advertencia. Por lo general, no se toman medidas correctivas. Si finalmente se corrige al ni\u00f1o, se hace de manera m\u00e1s ligera que la prometida, o m\u00e1s fuerte a causa de la frustraci\u00f3n del padre o la madre.<\/p>\n<p>Ambas reacciones le env\u00edan al ni\u00f1o el mensaje de que sus padres no le est\u00e1n hablando en serio, o de que no siempre lo que ellos dicen es cierto. El ni\u00f1o aprende a pensar que no todo lo que dicen las figuras de autoridad es cierto, as\u00ed que se siente confundido con respecto a cu\u00e1ndo debe tomar en serio lo que dicen, y si en realidad debe hacerlo. Esta actitud se proyecta a otros aspectos de su vida. Parte de este mismo marco de refe\u00adrencia para conceptuar a sus maestros, amigos, l\u00edderes y jefes. Cuando llega a ser adulto, ya ha aceptado esto como normal. Sus conversaciones consisten ahora en promesas y afirmaciones en las que dice cosas que no quiere decir.<\/p>\n<p>Le voy a dar un ejemplo hipot\u00e9tico de una conversaci\u00f3n t\u00edpica. Jim ve a Tom, al que conoce, pero con el que lleva alg\u00fan tiempo sin hablar. \u00a1No! No puedo creer que me haya tropezado con Tom. No tengo tiempo para hablar.<br \/>\nLos dos hombres se miran.<\/p>\n<p>Jim dice: <strong>\u201cGloria a Dios, hermano. Qu\u00e9 bueno verlo\u201d.<\/strong><\/p>\n<p>Hablan por un instante. Como Jim tiene prisa, termina diciendo: \u201cTenemos que reunimos alg\u00fan d\u00eda para almorzar juntos\u201d.<\/p>\n<p>En ese breve encuentro, Jim no dijo lo que pensaba, por lo menos en tres ocasiones. En primer lugar, aunque no le entusiasmaba para nada ver a Tom porque ten\u00eda prisa, le dijo: \u201cQu\u00e9 bueno verlo\u201d. En segundo lugar, en realidad no estaba pensando en el Se\u00f1or cuando lo salud\u00f3 diciendo: \u201cGloria a Dios\u201d. En tercer lugar, no ten\u00eda intenci\u00f3n alguna de convertir en realidad aquella invitaci\u00f3n a almorzar. S\u00f3lo era un medio de despedirse m\u00e1s r\u00e1pido y de paso, aligerar su conciencia. As\u00ed que en realidad, Jim no pensaba nada de lo que dijo en aquella conversaci\u00f3n.<\/p>\n<p>A diario se dan situaciones reales como \u00e9sta. Hoy en d\u00eda, la mayor parte de la gente no toma en serio lo que est\u00e1 diciendo. Entonces, \u00bfes de extra\u00f1arse que nos cueste saber cu\u00e1ndo aceptar la palabra de una persona?<\/p>\n<p>En cambio, cuando Jes\u00fas habla, quiere que lo tomemos en serio. No podemos tener de lo que \u00c9l dice el mismo concepto que cuando hablan otras autoridades o personas relacionadas con nosotros en nuestra vida. Cuando Jes\u00fas dice algo, lo dice en serio. \u00c9l nos es fiel, incluso cuando nosotros no le somos fieles a \u00c9l. El nivel de verdad e inte\u00adgridad en el que camina trasciende nuestra cultura o sociedad. Cuando dijo: \u201cPorque si voso\u00adtros no perdon\u00e1is, tampoco vuestro Padre que est\u00e1 en los cielos os perdonar\u00e1 vuestras ofensas\u201d, lo estaba diciendo en serio.<\/p>\n<p>Llevando esto un paso m\u00e1s adelante, Jes\u00fas no se limita a decirlo una sola vez en los evangelios, sino que lo dice muchas veces. As\u00ed resalta lo importante que es esta advertencia. Veamos unas cuantas de estas afirmaciones que hizo en diversas ocasiones.<\/p>\n<p>Porque si perdon\u00e1is a los hombres sus ofensas, os perdonar\u00e1 tambi\u00e9n a vosotros vuestro Padre celestial; m\u00e1s si no perdon\u00e1is a los hombres sus ofensas, tampoco vuestro Padre os perdonar\u00e1 vuestras ofensas.<\/p>\n<p>-Mateo 6:14-15<\/p>\n<p>Y de nuevo:<\/p>\n<p>Perdonad, y ser\u00e9is perdonados.<\/p>\n<p>\u2013 Lucas 6:37<\/p>\n<p>En el Padrenuestro leemos tambi\u00e9n:<\/p>\n<p>Y perd\u00f3nanos nuestras deudas, como tambi\u00e9n nosotros perdonamos a nues\u00adtros deudores.<\/p>\n<p>\u2013 Mateo 6:12<\/p>\n<p>Me pregunto cu\u00e1ntos cristianos querr\u00edan que Dios los perdonara de la misma forma que ellos han perdonado a quienes los han ofendido. Sin embargo, \u00e9sta es exactamente la forma en que \u00c9l los perdonar\u00e1. Como la falta de perd\u00f3n abunda tanto en nuestras iglesias, no queremos tomar tan en serio estas palabras de Jes\u00fas. Abunde o no, la verdad no cambia. La forma en que perdo\u00adnemos, liberemos y restauremos a los dem\u00e1s, es la forma en que seremos perdonados.<\/p>\n<p><strong>El perd\u00f3n y el crecimiento espiritual<br \/>\n<\/strong>En nuestro propio ministerio hemos visto muchos ejemplos de falta de perd\u00f3n. Cuando ministr\u00e9 en Indonesia por vez primera, me hospe\u00addaron en el hogar de un acaudalado negociante. Aunque \u00e9l asist\u00eda con su familia a la iglesia donde yo estaba ministrando, no eran salvos.<\/p>\n<p>Durante la semana que estuve all\u00ed, su esposa recibi\u00f3 la salvaci\u00f3n. Despu\u00e9s la recibi\u00f3 \u00e9l, y lo siguieron sus tres hijos. Hubo liberaci\u00f3n, y cambi\u00f3 por completo la atm\u00f3sfera de la casa. Su hogar se llen\u00f3 de gran gozo.<\/p>\n<p>Cuando supieron que yo iba a regresar a Indonesia con mi esposa, nos invitaron a que\u00addarnos con ellos, ofreci\u00e9ndose a pagar el viaje de avi\u00f3n de mis tres hijos y una joven que los cuidara.<\/p>\n<p>Llegamos y ministramos diez veces en su iglesia. Yo prediqu\u00e9 sobre el arrepentimiento y sobre la presencia de Dios. Sentimos su presencia en los cultos, y todo el tiempo hubo llanto y gritos de liberaci\u00f3n.<\/p>\n<p>Nuevamente le ministramos a toda la familia. La madre del esposo, que viv\u00eda en la misma ciudad, asisti\u00f3 a todos los cultos. Ella tambi\u00e9n hab\u00eda contribuido a pagar el viaje de mis hijos con una fuerte cantidad de dinero.<\/p>\n<p>Cuando se acercaba el final de la semana, aquella mujer me mir\u00f3 derechamente a los ojos y me pregunt\u00f3:<strong> \u201cJohn, \u00bfpor qu\u00e9 yo no he sentido nunca la presencia de Dios?\u201d<\/strong><\/p>\n<p>Acab\u00e1bamos de desayunar, y todos los dem\u00e1s se hab\u00edan marchado de la mesa.<\/p>\n<p>\u201cYo he estado en todos los cultos\u201d, sigui\u00f3 diciendo, \u201cy he escuchado atentamente todo lo que usted ha dicho. He pasado al frente arrepen\u00adtida, pero no he sentido la presencia de Dios ni una sola vez. No s\u00f3lo eso, sino que tampoco la he sentido en ning\u00fan otro momento.\u201d<\/p>\n<p>Yo habl\u00e9 con ella un rato, y despu\u00e9s le dije: \u201cVamos a orar para que usted sea llena del Esp\u00edritu de Dios\u201d. Le impuse manos y or\u00e9 para que recibiera el Esp\u00edritu Santo, pero no pude sentir en absoluto la presencia de Dios.<\/p>\n<p>Entonces \u00c9l me habl\u00f3 al esp\u00edritu. \u201cElla no quiere perdonar a su esposo. Pile que lo perdone.\u201d Le quit\u00e9 las manos de encima. Yo sab\u00eda que su esposo hab\u00eda fallecido, pero la mir\u00e9 y le dije: \u201cEl Se\u00f1or me est\u00e1 mostrando que usted no ha que\u00adrido perdonar a su esposo\u201d.<\/p>\n<p>\u201cAs\u00ed es\u201c, acept\u00f3. \u201cPero he hecho cuanto he podido para perdonarlo.\u201d<\/p>\n<p>Entonces me habl\u00f3 de las cosas tan horribles que \u00e9l le hab\u00eda hecho. As\u00ed pude ver por qu\u00e9 le costaba tanto trabajo perdonarlo. Pero le dije: \u201cPara que usted reciba algo de Dios, necesita per\u00addonar\u201d, y le expliqu\u00e9 lo que ense\u00f1a Jes\u00fas acerca del perd\u00f3n.perdonar, falta de perd\u00f3n.<\/p>\n<p>\u201cUsted no lo puede perdonar con sus propias fuerzas. Debe llevar esto ante Dios, y pedirle primero que \u00c9l la perdone a usted. Entonces podr\u00e1 perdonar a su esposo. \u00bfEst\u00e1 dispuesto a dejarlo en libertad?\u201d, le pregunt\u00e9.<\/p>\n<p>\u201cS\u00ed\u201d, me respondi\u00f3.<\/p>\n<p>La gui\u00e9 en una sencilla oraci\u00f3n: \u201cPadre de los cielos, en el nombre de Jes\u00fas te pido perd\u00f3n porque no he querido perdonar a mi esposo. Se\u00f1or, s\u00e9 que no lo puedo perdonar con mis pro\u00adpias fuerzas. Ya he fallado, pero ahora, ante ti, lo libero de mi coraz\u00f3n. Lo perdono\u201d.<\/p>\n<p>Tan pronto como dijo aquellas palabras, le comenzaron a rodar las l\u00e1grimas por el rostro. <strong>\u201cLevante las manos y hable en lenguas\u201d<\/strong>, le indiqu\u00e9.<\/p>\n<p>Por vez primera, habl\u00f3 en un hermoso len\u00adguaje celestial. En aquella mesa del desayuno sentimos con tanta fuerza la presencia del Se\u00f1or, que nos sentimos abrumados y maravillados por ella. Llor\u00f3 durante unos cinco minutos. Hablamos por un momento, y despu\u00e9s la exhort\u00e9 a dis\u00adfrutar de la presencia del Se\u00f1or. Ella lo sigui\u00f3 adorando, y yo la dej\u00e9 sola.<\/p>\n<p>Cuando su hijo y su nuera lo supieron, se que\u00addaron asombrados. El hijo dijo que nunca hab\u00eda visto a su madre llorar. Ella misma no recordaba la \u00faltima vez que hab\u00eda llorad. \u201cNo llor\u00e9 ni siquiera cuando muri\u00f3 mi esposo.\u201d<\/p>\n<p>En el culto de aquella noche fue bautizada en agua. Durante los tres d\u00edas siguientes, su rostro resplandec\u00eda con una delicada sonrisa. Yo no recordaba haberla visto sonre\u00edr antes. Porque no hab\u00eda estado dispuesta a perdonar, hab\u00eda que\u00addado prisionera de esa falta de perd\u00f3n. Pero una vez que dej\u00f3 en libertad a su esposo al perdo\u00adnarlo, recibi\u00f3 el poder del Se\u00f1or en su vida y se dio cuenta de su presencia.<\/p>\n","protected":false},"excerpt":{"rendered":"<p>\u201cPorque si vosotros no perdon\u00e1is, tampoco vuestro Padre que est\u00e1 en los cielos os perdonar\u00e1 vuestras ofensas\u201d Estaba hablando en serio (Marcos 11:26). Vivimos en una cultura donde no siempre pen\u00adsamos cumplir lo que estamos diciendo. Por consiguiente, no creemos que los dem\u00e1s piensen hacerlo tampoco cuando nos hablan. No se toma en serio la &hellip;<\/p>\n","protected":false},"author":1,"featured_media":31334,"comment_status":"open","ping_status":"open","sticky":false,"template":"","format":"standard","meta":{"footnotes":""},"categories":[34],"tags":[],"class_list":["post-36083","post","type-post","status-publish","format-standard","has-post-thumbnail","hentry","category-articulos"],"yoast_head":"<!-- This site is optimized with the Yoast SEO Premium plugin v24.2 (Yoast SEO v27.1.1) - https:\/\/yoast.com\/product\/yoast-seo-premium-wordpress\/ -->\n<title>El perd\u00f3n y el crecimiento espiritual - Tabernaculo Prensa de Dios<\/title>\n<meta name=\"robots\" content=\"index, follow, max-snippet:-1, max-image-preview:large, max-video-preview:-1\" \/>\n<link rel=\"canonical\" href=\"https:\/\/tabernaculoprensadedios.com\/web\/aprendiendoel-perdon-y-el-crecimiento-espiritual\/\" class=\"yoast-seo-meta-tag\" \/>\n<meta property=\"og:locale\" content=\"es_ES\" class=\"yoast-seo-meta-tag\" \/>\n<meta property=\"og:type\" content=\"article\" class=\"yoast-seo-meta-tag\" \/>\n<meta property=\"og:title\" content=\"El perd\u00f3n y el crecimiento espiritual\" class=\"yoast-seo-meta-tag\" \/>\n<meta property=\"og:description\" content=\"\u201cPorque si vosotros no perdon\u00e1is, tampoco vuestro Padre que est\u00e1 en los cielos os perdonar\u00e1 vuestras ofensas\u201d Estaba hablando en serio (Marcos 11:26). Vivimos en una cultura donde no siempre pen\u00adsamos cumplir lo que estamos diciendo. Por consiguiente, no creemos que los dem\u00e1s piensen hacerlo tampoco cuando nos hablan. No se toma en serio la &hellip;\" class=\"yoast-seo-meta-tag\" \/>\n<meta property=\"og:url\" content=\"https:\/\/tabernaculoprensadedios.com\/web\/aprendiendoel-perdon-y-el-crecimiento-espiritual\/\" class=\"yoast-seo-meta-tag\" \/>\n<meta property=\"og:site_name\" content=\"Tabernaculo Prensa de Dios\" class=\"yoast-seo-meta-tag\" \/>\n<meta property=\"article:published_time\" content=\"2025-10-13T12:46:58+00:00\" class=\"yoast-seo-meta-tag\" \/>\n<meta property=\"og:image\" content=\"https:\/\/tabernaculoprensadedios.com\/web\/wp-content\/uploads\/2024\/06\/Perdonar.jpg\" class=\"yoast-seo-meta-tag\" \/>\n\t<meta property=\"og:image:width\" content=\"1280\" class=\"yoast-seo-meta-tag\" \/>\n\t<meta property=\"og:image:height\" content=\"853\" class=\"yoast-seo-meta-tag\" \/>\n\t<meta property=\"og:image:type\" content=\"image\/jpeg\" class=\"yoast-seo-meta-tag\" \/>\n<meta name=\"author\" content=\"tabernaculo\" class=\"yoast-seo-meta-tag\" \/>\n<meta name=\"twitter:card\" content=\"summary_large_image\" class=\"yoast-seo-meta-tag\" \/>\n<meta name=\"twitter:creator\" content=\"@PrensadeDios\" class=\"yoast-seo-meta-tag\" \/>\n<meta name=\"twitter:site\" content=\"@PrensadeDios\" class=\"yoast-seo-meta-tag\" \/>\n<meta name=\"twitter:label1\" content=\"Escrito por\" class=\"yoast-seo-meta-tag\" \/>\n\t<meta name=\"twitter:data1\" content=\"tabernaculo\" class=\"yoast-seo-meta-tag\" \/>\n\t<meta name=\"twitter:label2\" content=\"Tiempo de lectura\" class=\"yoast-seo-meta-tag\" \/>\n\t<meta name=\"twitter:data2\" content=\"8 minutos\" class=\"yoast-seo-meta-tag\" \/>\n<script type=\"application\/ld+json\" class=\"yoast-schema-graph\">{\"@context\":\"https:\/\/schema.org\",\"@graph\":[{\"@type\":\"Article\",\"@id\":\"https:\/\/tabernaculoprensadedios.com\/web\/aprendiendoel-perdon-y-el-crecimiento-espiritual\/#article\",\"isPartOf\":{\"@id\":\"https:\/\/tabernaculoprensadedios.com\/web\/aprendiendoel-perdon-y-el-crecimiento-espiritual\/\"},\"author\":{\"name\":\"tabernaculo\",\"@id\":\"https:\/\/tabernaculoprensadedios.com\/web\/#\/schema\/person\/bc0e069fef56b38e177db6f098ae0b6e\"},\"headline\":\"El perd\u00f3n y el crecimiento espiritual\",\"datePublished\":\"2025-10-13T12:46:58+00:00\",\"mainEntityOfPage\":{\"@id\":\"https:\/\/tabernaculoprensadedios.com\/web\/aprendiendoel-perdon-y-el-crecimiento-espiritual\/\"},\"wordCount\":1616,\"commentCount\":0,\"publisher\":{\"@id\":\"https:\/\/tabernaculoprensadedios.com\/web\/#\/schema\/person\/bc0e069fef56b38e177db6f098ae0b6e\"},\"image\":{\"@id\":\"https:\/\/tabernaculoprensadedios.com\/web\/aprendiendoel-perdon-y-el-crecimiento-espiritual\/#primaryimage\"},\"thumbnailUrl\":\"https:\/\/tabernaculoprensadedios.com\/web\/wp-content\/uploads\/2024\/06\/Perdonar.jpg\",\"articleSection\":[\"Articulos\"],\"inLanguage\":\"es\",\"potentialAction\":[{\"@type\":\"CommentAction\",\"name\":\"Comment\",\"target\":[\"https:\/\/tabernaculoprensadedios.com\/web\/aprendiendoel-perdon-y-el-crecimiento-espiritual\/#respond\"]}]},{\"@type\":\"WebPage\",\"@id\":\"https:\/\/tabernaculoprensadedios.com\/web\/aprendiendoel-perdon-y-el-crecimiento-espiritual\/\",\"url\":\"https:\/\/tabernaculoprensadedios.com\/web\/aprendiendoel-perdon-y-el-crecimiento-espiritual\/\",\"name\":\"El perd\u00f3n y el crecimiento espiritual - Tabernaculo Prensa de Dios\",\"isPartOf\":{\"@id\":\"https:\/\/tabernaculoprensadedios.com\/web\/#website\"},\"primaryImageOfPage\":{\"@id\":\"https:\/\/tabernaculoprensadedios.com\/web\/aprendiendoel-perdon-y-el-crecimiento-espiritual\/#primaryimage\"},\"image\":{\"@id\":\"https:\/\/tabernaculoprensadedios.com\/web\/aprendiendoel-perdon-y-el-crecimiento-espiritual\/#primaryimage\"},\"thumbnailUrl\":\"https:\/\/tabernaculoprensadedios.com\/web\/wp-content\/uploads\/2024\/06\/Perdonar.jpg\",\"datePublished\":\"2025-10-13T12:46:58+00:00\",\"breadcrumb\":{\"@id\":\"https:\/\/tabernaculoprensadedios.com\/web\/aprendiendoel-perdon-y-el-crecimiento-espiritual\/#breadcrumb\"},\"inLanguage\":\"es\",\"potentialAction\":[{\"@type\":\"ReadAction\",\"target\":[\"https:\/\/tabernaculoprensadedios.com\/web\/aprendiendoel-perdon-y-el-crecimiento-espiritual\/\"]}]},{\"@type\":\"ImageObject\",\"inLanguage\":\"es\",\"@id\":\"https:\/\/tabernaculoprensadedios.com\/web\/aprendiendoel-perdon-y-el-crecimiento-espiritual\/#primaryimage\",\"url\":\"https:\/\/tabernaculoprensadedios.com\/web\/wp-content\/uploads\/2024\/06\/Perdonar.jpg\",\"contentUrl\":\"https:\/\/tabernaculoprensadedios.com\/web\/wp-content\/uploads\/2024\/06\/Perdonar.jpg\",\"width\":1280,\"height\":853},{\"@type\":\"BreadcrumbList\",\"@id\":\"https:\/\/tabernaculoprensadedios.com\/web\/aprendiendoel-perdon-y-el-crecimiento-espiritual\/#breadcrumb\",\"itemListElement\":[{\"@type\":\"ListItem\",\"position\":1,\"name\":\"Portada\",\"item\":\"https:\/\/tabernaculoprensadedios.com\/web\/\"},{\"@type\":\"ListItem\",\"position\":2,\"name\":\"El perd\u00f3n y el crecimiento espiritual\"}]},{\"@type\":\"WebSite\",\"@id\":\"https:\/\/tabernaculoprensadedios.com\/web\/#website\",\"url\":\"https:\/\/tabernaculoprensadedios.com\/web\/\",\"name\":\"Tabernaculo Prensa de Dios\",\"description\":\"Un medio a la manera de Dios\",\"publisher\":{\"@id\":\"https:\/\/tabernaculoprensadedios.com\/web\/#\/schema\/person\/bc0e069fef56b38e177db6f098ae0b6e\"},\"potentialAction\":[{\"@type\":\"SearchAction\",\"target\":{\"@type\":\"EntryPoint\",\"urlTemplate\":\"https:\/\/tabernaculoprensadedios.com\/web\/?s={search_term_string}\"},\"query-input\":{\"@type\":\"PropertyValueSpecification\",\"valueRequired\":true,\"valueName\":\"search_term_string\"}}],\"inLanguage\":\"es\"},{\"@type\":[\"Person\",\"Organization\"],\"@id\":\"https:\/\/tabernaculoprensadedios.com\/web\/#\/schema\/person\/bc0e069fef56b38e177db6f098ae0b6e\",\"name\":\"tabernaculo\",\"image\":{\"@type\":\"ImageObject\",\"inLanguage\":\"es\",\"@id\":\"https:\/\/tabernaculoprensadedios.com\/web\/#\/schema\/person\/image\/\",\"url\":\"https:\/\/tabernaculoprensadedios.com\/web\/wp-content\/uploads\/2015\/06\/login-logo1.png\",\"contentUrl\":\"https:\/\/tabernaculoprensadedios.com\/web\/wp-content\/uploads\/2015\/06\/login-logo1.png\",\"width\":300,\"height\":118,\"caption\":\"tabernaculo\"},\"logo\":{\"@id\":\"https:\/\/tabernaculoprensadedios.com\/web\/#\/schema\/person\/image\/\"},\"url\":\"https:\/\/tabernaculoprensadedios.com\/web\/author\/tabernaculo\/\"}]}<\/script>\n<!-- \/ Yoast SEO Premium plugin. -->","yoast_head_json":{"title":"El perd\u00f3n y el crecimiento espiritual - Tabernaculo Prensa de Dios","robots":{"index":"index","follow":"follow","max-snippet":"max-snippet:-1","max-image-preview":"max-image-preview:large","max-video-preview":"max-video-preview:-1"},"canonical":"https:\/\/tabernaculoprensadedios.com\/web\/aprendiendoel-perdon-y-el-crecimiento-espiritual\/","og_locale":"es_ES","og_type":"article","og_title":"El perd\u00f3n y el crecimiento espiritual","og_description":"\u201cPorque si vosotros no perdon\u00e1is, tampoco vuestro Padre que est\u00e1 en los cielos os perdonar\u00e1 vuestras ofensas\u201d Estaba hablando en serio (Marcos 11:26). Vivimos en una cultura donde no siempre pen\u00adsamos cumplir lo que estamos diciendo. Por consiguiente, no creemos que los dem\u00e1s piensen hacerlo tampoco cuando nos hablan. No se toma en serio la &hellip;","og_url":"https:\/\/tabernaculoprensadedios.com\/web\/aprendiendoel-perdon-y-el-crecimiento-espiritual\/","og_site_name":"Tabernaculo Prensa de Dios","article_published_time":"2025-10-13T12:46:58+00:00","og_image":[{"width":1280,"height":853,"url":"https:\/\/tabernaculoprensadedios.com\/web\/wp-content\/uploads\/2024\/06\/Perdonar.jpg","type":"image\/jpeg"}],"author":"tabernaculo","twitter_card":"summary_large_image","twitter_creator":"@PrensadeDios","twitter_site":"@PrensadeDios","twitter_misc":{"Escrito por":"tabernaculo","Tiempo de lectura":"8 minutos"},"schema":{"@context":"https:\/\/schema.org","@graph":[{"@type":"Article","@id":"https:\/\/tabernaculoprensadedios.com\/web\/aprendiendoel-perdon-y-el-crecimiento-espiritual\/#article","isPartOf":{"@id":"https:\/\/tabernaculoprensadedios.com\/web\/aprendiendoel-perdon-y-el-crecimiento-espiritual\/"},"author":{"name":"tabernaculo","@id":"https:\/\/tabernaculoprensadedios.com\/web\/#\/schema\/person\/bc0e069fef56b38e177db6f098ae0b6e"},"headline":"El perd\u00f3n y el crecimiento espiritual","datePublished":"2025-10-13T12:46:58+00:00","mainEntityOfPage":{"@id":"https:\/\/tabernaculoprensadedios.com\/web\/aprendiendoel-perdon-y-el-crecimiento-espiritual\/"},"wordCount":1616,"commentCount":0,"publisher":{"@id":"https:\/\/tabernaculoprensadedios.com\/web\/#\/schema\/person\/bc0e069fef56b38e177db6f098ae0b6e"},"image":{"@id":"https:\/\/tabernaculoprensadedios.com\/web\/aprendiendoel-perdon-y-el-crecimiento-espiritual\/#primaryimage"},"thumbnailUrl":"https:\/\/tabernaculoprensadedios.com\/web\/wp-content\/uploads\/2024\/06\/Perdonar.jpg","articleSection":["Articulos"],"inLanguage":"es","potentialAction":[{"@type":"CommentAction","name":"Comment","target":["https:\/\/tabernaculoprensadedios.com\/web\/aprendiendoel-perdon-y-el-crecimiento-espiritual\/#respond"]}]},{"@type":"WebPage","@id":"https:\/\/tabernaculoprensadedios.com\/web\/aprendiendoel-perdon-y-el-crecimiento-espiritual\/","url":"https:\/\/tabernaculoprensadedios.com\/web\/aprendiendoel-perdon-y-el-crecimiento-espiritual\/","name":"El perd\u00f3n y el crecimiento espiritual - Tabernaculo Prensa de Dios","isPartOf":{"@id":"https:\/\/tabernaculoprensadedios.com\/web\/#website"},"primaryImageOfPage":{"@id":"https:\/\/tabernaculoprensadedios.com\/web\/aprendiendoel-perdon-y-el-crecimiento-espiritual\/#primaryimage"},"image":{"@id":"https:\/\/tabernaculoprensadedios.com\/web\/aprendiendoel-perdon-y-el-crecimiento-espiritual\/#primaryimage"},"thumbnailUrl":"https:\/\/tabernaculoprensadedios.com\/web\/wp-content\/uploads\/2024\/06\/Perdonar.jpg","datePublished":"2025-10-13T12:46:58+00:00","breadcrumb":{"@id":"https:\/\/tabernaculoprensadedios.com\/web\/aprendiendoel-perdon-y-el-crecimiento-espiritual\/#breadcrumb"},"inLanguage":"es","potentialAction":[{"@type":"ReadAction","target":["https:\/\/tabernaculoprensadedios.com\/web\/aprendiendoel-perdon-y-el-crecimiento-espiritual\/"]}]},{"@type":"ImageObject","inLanguage":"es","@id":"https:\/\/tabernaculoprensadedios.com\/web\/aprendiendoel-perdon-y-el-crecimiento-espiritual\/#primaryimage","url":"https:\/\/tabernaculoprensadedios.com\/web\/wp-content\/uploads\/2024\/06\/Perdonar.jpg","contentUrl":"https:\/\/tabernaculoprensadedios.com\/web\/wp-content\/uploads\/2024\/06\/Perdonar.jpg","width":1280,"height":853},{"@type":"BreadcrumbList","@id":"https:\/\/tabernaculoprensadedios.com\/web\/aprendiendoel-perdon-y-el-crecimiento-espiritual\/#breadcrumb","itemListElement":[{"@type":"ListItem","position":1,"name":"Portada","item":"https:\/\/tabernaculoprensadedios.com\/web\/"},{"@type":"ListItem","position":2,"name":"El perd\u00f3n y el crecimiento espiritual"}]},{"@type":"WebSite","@id":"https:\/\/tabernaculoprensadedios.com\/web\/#website","url":"https:\/\/tabernaculoprensadedios.com\/web\/","name":"Tabernaculo Prensa de Dios","description":"Un medio a la manera de Dios","publisher":{"@id":"https:\/\/tabernaculoprensadedios.com\/web\/#\/schema\/person\/bc0e069fef56b38e177db6f098ae0b6e"},"potentialAction":[{"@type":"SearchAction","target":{"@type":"EntryPoint","urlTemplate":"https:\/\/tabernaculoprensadedios.com\/web\/?s={search_term_string}"},"query-input":{"@type":"PropertyValueSpecification","valueRequired":true,"valueName":"search_term_string"}}],"inLanguage":"es"},{"@type":["Person","Organization"],"@id":"https:\/\/tabernaculoprensadedios.com\/web\/#\/schema\/person\/bc0e069fef56b38e177db6f098ae0b6e","name":"tabernaculo","image":{"@type":"ImageObject","inLanguage":"es","@id":"https:\/\/tabernaculoprensadedios.com\/web\/#\/schema\/person\/image\/","url":"https:\/\/tabernaculoprensadedios.com\/web\/wp-content\/uploads\/2015\/06\/login-logo1.png","contentUrl":"https:\/\/tabernaculoprensadedios.com\/web\/wp-content\/uploads\/2015\/06\/login-logo1.png","width":300,"height":118,"caption":"tabernaculo"},"logo":{"@id":"https:\/\/tabernaculoprensadedios.com\/web\/#\/schema\/person\/image\/"},"url":"https:\/\/tabernaculoprensadedios.com\/web\/author\/tabernaculo\/"}]}},"_links":{"self":[{"href":"https:\/\/tabernaculoprensadedios.com\/web\/wp-json\/wp\/v2\/posts\/36083","targetHints":{"allow":["GET"]}}],"collection":[{"href":"https:\/\/tabernaculoprensadedios.com\/web\/wp-json\/wp\/v2\/posts"}],"about":[{"href":"https:\/\/tabernaculoprensadedios.com\/web\/wp-json\/wp\/v2\/types\/post"}],"author":[{"embeddable":true,"href":"https:\/\/tabernaculoprensadedios.com\/web\/wp-json\/wp\/v2\/users\/1"}],"replies":[{"embeddable":true,"href":"https:\/\/tabernaculoprensadedios.com\/web\/wp-json\/wp\/v2\/comments?post=36083"}],"version-history":[{"count":1,"href":"https:\/\/tabernaculoprensadedios.com\/web\/wp-json\/wp\/v2\/posts\/36083\/revisions"}],"predecessor-version":[{"id":36084,"href":"https:\/\/tabernaculoprensadedios.com\/web\/wp-json\/wp\/v2\/posts\/36083\/revisions\/36084"}],"wp:featuredmedia":[{"embeddable":true,"href":"https:\/\/tabernaculoprensadedios.com\/web\/wp-json\/wp\/v2\/media\/31334"}],"wp:attachment":[{"href":"https:\/\/tabernaculoprensadedios.com\/web\/wp-json\/wp\/v2\/media?parent=36083"}],"wp:term":[{"taxonomy":"category","embeddable":true,"href":"https:\/\/tabernaculoprensadedios.com\/web\/wp-json\/wp\/v2\/categories?post=36083"},{"taxonomy":"post_tag","embeddable":true,"href":"https:\/\/tabernaculoprensadedios.com\/web\/wp-json\/wp\/v2\/tags?post=36083"}],"curies":[{"name":"wp","href":"https:\/\/api.w.org\/{rel}","templated":true}]}}