{"id":36077,"date":"2025-10-11T13:20:12","date_gmt":"2025-10-11T13:20:12","guid":{"rendered":"https:\/\/tabernaculoprensadedios.com\/web\/?p=36077"},"modified":"2025-10-11T13:20:12","modified_gmt":"2025-10-11T13:20:12","slug":"casada-con-la-fe-no-me-separare-del-dios-que-me-llamo","status":"publish","type":"post","link":"https:\/\/tabernaculoprensadedios.com\/web\/casada-con-la-fe-no-me-separare-del-dios-que-me-llamo\/","title":{"rendered":"Casada con la Fe. No Me Separar\u00e9 del Dios que Me Llam\u00f3"},"content":{"rendered":"<p>No deseches, pues, tu confianza, que tiene grande galard\u00f3n; porque os es necesaria la paciencia, para que, habiendo hecho la voluntad de Dios, obteng\u00e1is la promesa.<br \/>\n<strong>Hebreos 10:35-36-<\/strong><em>Hebreos 12:2<\/em><\/p>\n<p>Hay batallas que no se pelean con palabras, sino con convicci\u00f3n. Hay guerras que no se libran fuera de nosotros, sino en el silencio del coraz\u00f3n, donde el enemigo intenta sembrar la duda y apagar el fuego de la fe.<\/p>\n<p>El Esp\u00edritu Santo me mostr\u00f3 claramente.\u00a0<em>Hay un esp\u00edritu falso de inseguridad que quiere hacerme enviudar del don de fe que Dios me di\u00f3.<\/em><br \/>\nEso\u00a0 me estremeci\u00f3\u2026\u00a0<em>enviudar<\/em>, como si quisiera romper el pacto que me une a la fe viva que Cristo puso en m\u00ed. Como si buscara que mi alma quedara sola, sin la cobertura del Esposo fiel que es Jes\u00fas, el autor y consumador de nuestra fe (Hebreos 12-2).<\/p>\n<p>Pero no lo permitir\u00e9.<\/p>\n<p>No voy a cederle territorio a la duda, ni a las voces del temor disfrazadas de prudencia o l\u00f3gica humana. La inseguridad no es mi compa\u00f1era. La fe es mi alianza, mi v\u00ednculo eterno con el Dios que nunca falla.<\/p>\n<p>Estoy\u00a0<strong>casada con la fe<\/strong>\u00a0que viene del cielo, esa que sostiene cuando las fuerzas se agotan, esa que ve m\u00e1s all\u00e1 del caos, esa que me hace avanzar aunque el camino se oscurezca. La fe que me impulsa a caminar sobre las aguas cuando Jes\u00fas me llama, aunque el viento sea contrario.<\/p>\n<p>S\u00ed, el enemigo quiere apagar la llama. Quiere que retroceda. Quiere que me sienta peque\u00f1a, inadecuada, incapaz. Pero mi fe no depende de mis emociones, sino de la verdad eterna de Dios.<\/p>\n<p>Y hoy, con autoridad en Cristo Jes\u00fas, dijo \u201cEsp\u00edritu de inseguridad, no tienes parte conmigo,No pagar\u00e1s mi fe. No me separar\u00e1s del Dios que me llam\u00f3.Rechaz\u00f3 toda mentira y abraz\u00f3 con fuerza la verdad que me sostiene.Estoy unida a la fe que no se quiebra, porque proviene del Dios que nunca falla.<\/p>\n<p><em>Aunque tiemble la tierra, mi fe no tiembla.<\/em><br \/>\n<em>Aunque todo cambie, mi confianza permanece.<\/em><br \/>\n<em>Porque el amor eterno que me escogi\u00f3 no me dejar\u00e1 sola.<\/em><\/p>\n<p>No estoy en duelo. Estoy en pacto.<br \/>\nNo camino sola. Camino tomada de la mano del Dios que cumple promesas. ALELUYA.<\/p>\n\n\t\t<div class=\"clearfix\"><\/div>\n\t\t<div class=\"about-author about-author-box container-wrapper\">\n\t\t\t<div class=\"author-avatar\">\n\t\t\t\t<img loading=\"lazy\" decoding=\"async\" src=\"https:\/\/tabernaculoprensadedios.com\/web\/wp-content\/uploads\/2023\/06\/country-3880741_1280.jpg\" alt=\"Margarita Garc\u00eda\" class=\"author-avatar-img\" width=\"111\" height=\"111\" \/>\n\t\t\t<\/div>\n\t\t\t<div class=\"author-info\">\n\t\t\t\t<h4>Margarita Garc\u00eda<\/h4>Directora del Tabern\u00e1culo Prensa de Dios\n\t\t\t<\/div>\n\t\t<\/div>\n\t\n","protected":false},"excerpt":{"rendered":"<p>No deseches, pues, tu confianza, que tiene grande galard\u00f3n; porque os es necesaria la paciencia, para que, habiendo hecho la voluntad de Dios, obteng\u00e1is la promesa. Hebreos 10:35-36-Hebreos 12:2 Hay batallas que no se pelean con palabras, sino con convicci\u00f3n. Hay guerras que no se libran fuera de nosotros, sino en el silencio del coraz\u00f3n, &hellip;<\/p>\n","protected":false},"author":1,"featured_media":28361,"comment_status":"open","ping_status":"open","sticky":false,"template":"","format":"standard","meta":{"footnotes":""},"categories":[790],"tags":[],"class_list":["post-36077","post","type-post","status-publish","format-standard","has-post-thumbnail","hentry","category-voz-del-tabernaculo"],"yoast_head":"<!-- This site is optimized with the Yoast SEO Premium plugin v24.2 (Yoast SEO v27.1.1) - https:\/\/yoast.com\/product\/yoast-seo-premium-wordpress\/ -->\n<title>Casada con la Fe. No Me Separar\u00e9 del Dios que Me Llam\u00f3 - Tabernaculo Prensa de Dios<\/title>\n<meta name=\"robots\" content=\"index, follow, max-snippet:-1, max-image-preview:large, max-video-preview:-1\" \/>\n<link rel=\"canonical\" href=\"https:\/\/tabernaculoprensadedios.com\/web\/casada-con-la-fe-no-me-separare-del-dios-que-me-llamo\/\" class=\"yoast-seo-meta-tag\" \/>\n<meta property=\"og:locale\" content=\"es_ES\" class=\"yoast-seo-meta-tag\" \/>\n<meta property=\"og:type\" content=\"article\" class=\"yoast-seo-meta-tag\" \/>\n<meta property=\"og:title\" content=\"Casada con la Fe. No Me Separar\u00e9 del Dios que Me Llam\u00f3\" class=\"yoast-seo-meta-tag\" \/>\n<meta property=\"og:description\" content=\"No deseches, pues, tu confianza, que tiene grande galard\u00f3n; porque os es necesaria la paciencia, para que, habiendo hecho la voluntad de Dios, obteng\u00e1is la promesa. Hebreos 10:35-36-Hebreos 12:2 Hay batallas que no se pelean con palabras, sino con convicci\u00f3n. Hay guerras que no se libran fuera de nosotros, sino en el silencio del coraz\u00f3n, &hellip;\" class=\"yoast-seo-meta-tag\" \/>\n<meta property=\"og:url\" content=\"https:\/\/tabernaculoprensadedios.com\/web\/casada-con-la-fe-no-me-separare-del-dios-que-me-llamo\/\" class=\"yoast-seo-meta-tag\" \/>\n<meta property=\"og:site_name\" content=\"Tabernaculo Prensa de Dios\" class=\"yoast-seo-meta-tag\" \/>\n<meta property=\"article:published_time\" content=\"2025-10-11T13:20:12+00:00\" class=\"yoast-seo-meta-tag\" \/>\n<meta property=\"og:image\" content=\"https:\/\/tabernaculoprensadedios.com\/web\/wp-content\/uploads\/2023\/06\/country-3880741_1280.jpg\" class=\"yoast-seo-meta-tag\" \/>\n\t<meta property=\"og:image:width\" content=\"1280\" class=\"yoast-seo-meta-tag\" \/>\n\t<meta property=\"og:image:height\" content=\"853\" class=\"yoast-seo-meta-tag\" \/>\n\t<meta property=\"og:image:type\" content=\"image\/jpeg\" class=\"yoast-seo-meta-tag\" \/>\n<meta name=\"author\" content=\"tabernaculo\" class=\"yoast-seo-meta-tag\" \/>\n<meta name=\"twitter:card\" content=\"summary_large_image\" class=\"yoast-seo-meta-tag\" \/>\n<meta name=\"twitter:creator\" content=\"@PrensadeDios\" class=\"yoast-seo-meta-tag\" \/>\n<meta name=\"twitter:site\" content=\"@PrensadeDios\" class=\"yoast-seo-meta-tag\" \/>\n<meta name=\"twitter:label1\" content=\"Escrito por\" class=\"yoast-seo-meta-tag\" \/>\n\t<meta name=\"twitter:data1\" content=\"tabernaculo\" class=\"yoast-seo-meta-tag\" \/>\n\t<meta name=\"twitter:label2\" content=\"Tiempo de lectura\" class=\"yoast-seo-meta-tag\" \/>\n\t<meta name=\"twitter:data2\" content=\"2 minutos\" class=\"yoast-seo-meta-tag\" \/>\n<script type=\"application\/ld+json\" class=\"yoast-schema-graph\">{\"@context\":\"https:\/\/schema.org\",\"@graph\":[{\"@type\":\"Article\",\"@id\":\"https:\/\/tabernaculoprensadedios.com\/web\/casada-con-la-fe-no-me-separare-del-dios-que-me-llamo\/#article\",\"isPartOf\":{\"@id\":\"https:\/\/tabernaculoprensadedios.com\/web\/casada-con-la-fe-no-me-separare-del-dios-que-me-llamo\/\"},\"author\":{\"name\":\"tabernaculo\",\"@id\":\"https:\/\/tabernaculoprensadedios.com\/web\/#\/schema\/person\/bc0e069fef56b38e177db6f098ae0b6e\"},\"headline\":\"Casada con la Fe. No Me Separar\u00e9 del Dios que Me Llam\u00f3\",\"datePublished\":\"2025-10-11T13:20:12+00:00\",\"mainEntityOfPage\":{\"@id\":\"https:\/\/tabernaculoprensadedios.com\/web\/casada-con-la-fe-no-me-separare-del-dios-que-me-llamo\/\"},\"wordCount\":423,\"commentCount\":0,\"publisher\":{\"@id\":\"https:\/\/tabernaculoprensadedios.com\/web\/#\/schema\/person\/bc0e069fef56b38e177db6f098ae0b6e\"},\"image\":{\"@id\":\"https:\/\/tabernaculoprensadedios.com\/web\/casada-con-la-fe-no-me-separare-del-dios-que-me-llamo\/#primaryimage\"},\"thumbnailUrl\":\"https:\/\/tabernaculoprensadedios.com\/web\/wp-content\/uploads\/2023\/06\/country-3880741_1280.jpg\",\"articleSection\":[\"Voz del Tabern\u00e1culo\"],\"inLanguage\":\"es\",\"potentialAction\":[{\"@type\":\"CommentAction\",\"name\":\"Comment\",\"target\":[\"https:\/\/tabernaculoprensadedios.com\/web\/casada-con-la-fe-no-me-separare-del-dios-que-me-llamo\/#respond\"]}]},{\"@type\":\"WebPage\",\"@id\":\"https:\/\/tabernaculoprensadedios.com\/web\/casada-con-la-fe-no-me-separare-del-dios-que-me-llamo\/\",\"url\":\"https:\/\/tabernaculoprensadedios.com\/web\/casada-con-la-fe-no-me-separare-del-dios-que-me-llamo\/\",\"name\":\"Casada con la Fe. No Me Separar\u00e9 del Dios que Me Llam\u00f3 - Tabernaculo Prensa de Dios\",\"isPartOf\":{\"@id\":\"https:\/\/tabernaculoprensadedios.com\/web\/#website\"},\"primaryImageOfPage\":{\"@id\":\"https:\/\/tabernaculoprensadedios.com\/web\/casada-con-la-fe-no-me-separare-del-dios-que-me-llamo\/#primaryimage\"},\"image\":{\"@id\":\"https:\/\/tabernaculoprensadedios.com\/web\/casada-con-la-fe-no-me-separare-del-dios-que-me-llamo\/#primaryimage\"},\"thumbnailUrl\":\"https:\/\/tabernaculoprensadedios.com\/web\/wp-content\/uploads\/2023\/06\/country-3880741_1280.jpg\",\"datePublished\":\"2025-10-11T13:20:12+00:00\",\"breadcrumb\":{\"@id\":\"https:\/\/tabernaculoprensadedios.com\/web\/casada-con-la-fe-no-me-separare-del-dios-que-me-llamo\/#breadcrumb\"},\"inLanguage\":\"es\",\"potentialAction\":[{\"@type\":\"ReadAction\",\"target\":[\"https:\/\/tabernaculoprensadedios.com\/web\/casada-con-la-fe-no-me-separare-del-dios-que-me-llamo\/\"]}]},{\"@type\":\"ImageObject\",\"inLanguage\":\"es\",\"@id\":\"https:\/\/tabernaculoprensadedios.com\/web\/casada-con-la-fe-no-me-separare-del-dios-que-me-llamo\/#primaryimage\",\"url\":\"https:\/\/tabernaculoprensadedios.com\/web\/wp-content\/uploads\/2023\/06\/country-3880741_1280.jpg\",\"contentUrl\":\"https:\/\/tabernaculoprensadedios.com\/web\/wp-content\/uploads\/2023\/06\/country-3880741_1280.jpg\",\"width\":1280,\"height\":853},{\"@type\":\"BreadcrumbList\",\"@id\":\"https:\/\/tabernaculoprensadedios.com\/web\/casada-con-la-fe-no-me-separare-del-dios-que-me-llamo\/#breadcrumb\",\"itemListElement\":[{\"@type\":\"ListItem\",\"position\":1,\"name\":\"Portada\",\"item\":\"https:\/\/tabernaculoprensadedios.com\/web\/\"},{\"@type\":\"ListItem\",\"position\":2,\"name\":\"Casada con la Fe. No Me Separar\u00e9 del Dios que Me Llam\u00f3\"}]},{\"@type\":\"WebSite\",\"@id\":\"https:\/\/tabernaculoprensadedios.com\/web\/#website\",\"url\":\"https:\/\/tabernaculoprensadedios.com\/web\/\",\"name\":\"Tabernaculo Prensa de Dios\",\"description\":\"Un medio a la manera de Dios\",\"publisher\":{\"@id\":\"https:\/\/tabernaculoprensadedios.com\/web\/#\/schema\/person\/bc0e069fef56b38e177db6f098ae0b6e\"},\"potentialAction\":[{\"@type\":\"SearchAction\",\"target\":{\"@type\":\"EntryPoint\",\"urlTemplate\":\"https:\/\/tabernaculoprensadedios.com\/web\/?s={search_term_string}\"},\"query-input\":{\"@type\":\"PropertyValueSpecification\",\"valueRequired\":true,\"valueName\":\"search_term_string\"}}],\"inLanguage\":\"es\"},{\"@type\":[\"Person\",\"Organization\"],\"@id\":\"https:\/\/tabernaculoprensadedios.com\/web\/#\/schema\/person\/bc0e069fef56b38e177db6f098ae0b6e\",\"name\":\"tabernaculo\",\"image\":{\"@type\":\"ImageObject\",\"inLanguage\":\"es\",\"@id\":\"https:\/\/tabernaculoprensadedios.com\/web\/#\/schema\/person\/image\/\",\"url\":\"https:\/\/tabernaculoprensadedios.com\/web\/wp-content\/uploads\/2015\/06\/login-logo1.png\",\"contentUrl\":\"https:\/\/tabernaculoprensadedios.com\/web\/wp-content\/uploads\/2015\/06\/login-logo1.png\",\"width\":300,\"height\":118,\"caption\":\"tabernaculo\"},\"logo\":{\"@id\":\"https:\/\/tabernaculoprensadedios.com\/web\/#\/schema\/person\/image\/\"},\"url\":\"https:\/\/tabernaculoprensadedios.com\/web\/author\/tabernaculo\/\"}]}<\/script>\n<!-- \/ Yoast SEO Premium plugin. -->","yoast_head_json":{"title":"Casada con la Fe. No Me Separar\u00e9 del Dios que Me Llam\u00f3 - Tabernaculo Prensa de Dios","robots":{"index":"index","follow":"follow","max-snippet":"max-snippet:-1","max-image-preview":"max-image-preview:large","max-video-preview":"max-video-preview:-1"},"canonical":"https:\/\/tabernaculoprensadedios.com\/web\/casada-con-la-fe-no-me-separare-del-dios-que-me-llamo\/","og_locale":"es_ES","og_type":"article","og_title":"Casada con la Fe. No Me Separar\u00e9 del Dios que Me Llam\u00f3","og_description":"No deseches, pues, tu confianza, que tiene grande galard\u00f3n; porque os es necesaria la paciencia, para que, habiendo hecho la voluntad de Dios, obteng\u00e1is la promesa. Hebreos 10:35-36-Hebreos 12:2 Hay batallas que no se pelean con palabras, sino con convicci\u00f3n. Hay guerras que no se libran fuera de nosotros, sino en el silencio del coraz\u00f3n, &hellip;","og_url":"https:\/\/tabernaculoprensadedios.com\/web\/casada-con-la-fe-no-me-separare-del-dios-que-me-llamo\/","og_site_name":"Tabernaculo Prensa de Dios","article_published_time":"2025-10-11T13:20:12+00:00","og_image":[{"width":1280,"height":853,"url":"https:\/\/tabernaculoprensadedios.com\/web\/wp-content\/uploads\/2023\/06\/country-3880741_1280.jpg","type":"image\/jpeg"}],"author":"tabernaculo","twitter_card":"summary_large_image","twitter_creator":"@PrensadeDios","twitter_site":"@PrensadeDios","twitter_misc":{"Escrito por":"tabernaculo","Tiempo de lectura":"2 minutos"},"schema":{"@context":"https:\/\/schema.org","@graph":[{"@type":"Article","@id":"https:\/\/tabernaculoprensadedios.com\/web\/casada-con-la-fe-no-me-separare-del-dios-que-me-llamo\/#article","isPartOf":{"@id":"https:\/\/tabernaculoprensadedios.com\/web\/casada-con-la-fe-no-me-separare-del-dios-que-me-llamo\/"},"author":{"name":"tabernaculo","@id":"https:\/\/tabernaculoprensadedios.com\/web\/#\/schema\/person\/bc0e069fef56b38e177db6f098ae0b6e"},"headline":"Casada con la Fe. No Me Separar\u00e9 del Dios que Me Llam\u00f3","datePublished":"2025-10-11T13:20:12+00:00","mainEntityOfPage":{"@id":"https:\/\/tabernaculoprensadedios.com\/web\/casada-con-la-fe-no-me-separare-del-dios-que-me-llamo\/"},"wordCount":423,"commentCount":0,"publisher":{"@id":"https:\/\/tabernaculoprensadedios.com\/web\/#\/schema\/person\/bc0e069fef56b38e177db6f098ae0b6e"},"image":{"@id":"https:\/\/tabernaculoprensadedios.com\/web\/casada-con-la-fe-no-me-separare-del-dios-que-me-llamo\/#primaryimage"},"thumbnailUrl":"https:\/\/tabernaculoprensadedios.com\/web\/wp-content\/uploads\/2023\/06\/country-3880741_1280.jpg","articleSection":["Voz del Tabern\u00e1culo"],"inLanguage":"es","potentialAction":[{"@type":"CommentAction","name":"Comment","target":["https:\/\/tabernaculoprensadedios.com\/web\/casada-con-la-fe-no-me-separare-del-dios-que-me-llamo\/#respond"]}]},{"@type":"WebPage","@id":"https:\/\/tabernaculoprensadedios.com\/web\/casada-con-la-fe-no-me-separare-del-dios-que-me-llamo\/","url":"https:\/\/tabernaculoprensadedios.com\/web\/casada-con-la-fe-no-me-separare-del-dios-que-me-llamo\/","name":"Casada con la Fe. No Me Separar\u00e9 del Dios que Me Llam\u00f3 - Tabernaculo Prensa de Dios","isPartOf":{"@id":"https:\/\/tabernaculoprensadedios.com\/web\/#website"},"primaryImageOfPage":{"@id":"https:\/\/tabernaculoprensadedios.com\/web\/casada-con-la-fe-no-me-separare-del-dios-que-me-llamo\/#primaryimage"},"image":{"@id":"https:\/\/tabernaculoprensadedios.com\/web\/casada-con-la-fe-no-me-separare-del-dios-que-me-llamo\/#primaryimage"},"thumbnailUrl":"https:\/\/tabernaculoprensadedios.com\/web\/wp-content\/uploads\/2023\/06\/country-3880741_1280.jpg","datePublished":"2025-10-11T13:20:12+00:00","breadcrumb":{"@id":"https:\/\/tabernaculoprensadedios.com\/web\/casada-con-la-fe-no-me-separare-del-dios-que-me-llamo\/#breadcrumb"},"inLanguage":"es","potentialAction":[{"@type":"ReadAction","target":["https:\/\/tabernaculoprensadedios.com\/web\/casada-con-la-fe-no-me-separare-del-dios-que-me-llamo\/"]}]},{"@type":"ImageObject","inLanguage":"es","@id":"https:\/\/tabernaculoprensadedios.com\/web\/casada-con-la-fe-no-me-separare-del-dios-que-me-llamo\/#primaryimage","url":"https:\/\/tabernaculoprensadedios.com\/web\/wp-content\/uploads\/2023\/06\/country-3880741_1280.jpg","contentUrl":"https:\/\/tabernaculoprensadedios.com\/web\/wp-content\/uploads\/2023\/06\/country-3880741_1280.jpg","width":1280,"height":853},{"@type":"BreadcrumbList","@id":"https:\/\/tabernaculoprensadedios.com\/web\/casada-con-la-fe-no-me-separare-del-dios-que-me-llamo\/#breadcrumb","itemListElement":[{"@type":"ListItem","position":1,"name":"Portada","item":"https:\/\/tabernaculoprensadedios.com\/web\/"},{"@type":"ListItem","position":2,"name":"Casada con la Fe. No Me Separar\u00e9 del Dios que Me Llam\u00f3"}]},{"@type":"WebSite","@id":"https:\/\/tabernaculoprensadedios.com\/web\/#website","url":"https:\/\/tabernaculoprensadedios.com\/web\/","name":"Tabernaculo Prensa de Dios","description":"Un medio a la manera de Dios","publisher":{"@id":"https:\/\/tabernaculoprensadedios.com\/web\/#\/schema\/person\/bc0e069fef56b38e177db6f098ae0b6e"},"potentialAction":[{"@type":"SearchAction","target":{"@type":"EntryPoint","urlTemplate":"https:\/\/tabernaculoprensadedios.com\/web\/?s={search_term_string}"},"query-input":{"@type":"PropertyValueSpecification","valueRequired":true,"valueName":"search_term_string"}}],"inLanguage":"es"},{"@type":["Person","Organization"],"@id":"https:\/\/tabernaculoprensadedios.com\/web\/#\/schema\/person\/bc0e069fef56b38e177db6f098ae0b6e","name":"tabernaculo","image":{"@type":"ImageObject","inLanguage":"es","@id":"https:\/\/tabernaculoprensadedios.com\/web\/#\/schema\/person\/image\/","url":"https:\/\/tabernaculoprensadedios.com\/web\/wp-content\/uploads\/2015\/06\/login-logo1.png","contentUrl":"https:\/\/tabernaculoprensadedios.com\/web\/wp-content\/uploads\/2015\/06\/login-logo1.png","width":300,"height":118,"caption":"tabernaculo"},"logo":{"@id":"https:\/\/tabernaculoprensadedios.com\/web\/#\/schema\/person\/image\/"},"url":"https:\/\/tabernaculoprensadedios.com\/web\/author\/tabernaculo\/"}]}},"_links":{"self":[{"href":"https:\/\/tabernaculoprensadedios.com\/web\/wp-json\/wp\/v2\/posts\/36077","targetHints":{"allow":["GET"]}}],"collection":[{"href":"https:\/\/tabernaculoprensadedios.com\/web\/wp-json\/wp\/v2\/posts"}],"about":[{"href":"https:\/\/tabernaculoprensadedios.com\/web\/wp-json\/wp\/v2\/types\/post"}],"author":[{"embeddable":true,"href":"https:\/\/tabernaculoprensadedios.com\/web\/wp-json\/wp\/v2\/users\/1"}],"replies":[{"embeddable":true,"href":"https:\/\/tabernaculoprensadedios.com\/web\/wp-json\/wp\/v2\/comments?post=36077"}],"version-history":[{"count":1,"href":"https:\/\/tabernaculoprensadedios.com\/web\/wp-json\/wp\/v2\/posts\/36077\/revisions"}],"predecessor-version":[{"id":36078,"href":"https:\/\/tabernaculoprensadedios.com\/web\/wp-json\/wp\/v2\/posts\/36077\/revisions\/36078"}],"wp:featuredmedia":[{"embeddable":true,"href":"https:\/\/tabernaculoprensadedios.com\/web\/wp-json\/wp\/v2\/media\/28361"}],"wp:attachment":[{"href":"https:\/\/tabernaculoprensadedios.com\/web\/wp-json\/wp\/v2\/media?parent=36077"}],"wp:term":[{"taxonomy":"category","embeddable":true,"href":"https:\/\/tabernaculoprensadedios.com\/web\/wp-json\/wp\/v2\/categories?post=36077"},{"taxonomy":"post_tag","embeddable":true,"href":"https:\/\/tabernaculoprensadedios.com\/web\/wp-json\/wp\/v2\/tags?post=36077"}],"curies":[{"name":"wp","href":"https:\/\/api.w.org\/{rel}","templated":true}]}}