{"id":36065,"date":"2025-10-11T12:54:37","date_gmt":"2025-10-11T12:54:37","guid":{"rendered":"https:\/\/tabernaculoprensadedios.com\/web\/?p=36065"},"modified":"2025-10-11T12:56:08","modified_gmt":"2025-10-11T12:56:08","slug":"un-llamado-a-despertar-y-volver-a-la-palabra-de-dios","status":"publish","type":"post","link":"https:\/\/tabernaculoprensadedios.com\/web\/un-llamado-a-despertar-y-volver-a-la-palabra-de-dios\/","title":{"rendered":"Un Llamado a Despertar y volver a la Palabra de Dios"},"content":{"rendered":"<p>Cristianos que aman la Palabra no ser\u00e1n d\u00e9biles.<br \/>\nEl problema de muchos creyentes del siglo XXI es que ya no se aferran al poder transformador de la Palabra de Dios. Muchos se sostienen en emociones, en eventos, o en figuras humanas, pero olvidan que lo \u00fanico que cambia verdaderamente al coraz\u00f3n es la Palabra viva del Se\u00f1or.El llamado del Pastor David Gutierrez<\/p>\n<p>Dios sigue hablando, pero son pocos los que escuchan.<br \/>\nEl Se\u00f1or dice: \u201cYa no tengo gente que me escuche.\u201d<br \/>\nSu clamor es claro: necesitamos arrepentirnos y volver al primer amor.<\/p>\n<p>\u00a1Se acab\u00f3 el juego con Dios!<br \/>\nEl tiempo de vivir una fe superficial ha terminado.<br \/>\nEstamos cansados de ver una iglesia vac\u00eda espiritualmente, mientras Dios sigue preguntando:<\/p>\n<p>\u201c\u00bfA qui\u00e9n le hablar\u00e9? \u00bfQui\u00e9n escuchar\u00e1 mi voz?\u201d<\/p>\n<p>Dios llama a la unidad, pero muchos corazones siguen divididos.<br \/>\nNos congregamos, pero por dentro muchos est\u00e1n ausentes de lo que est\u00e1 ocurriendo en el altar.<br \/>\nNos hemos acostumbrado a los cultos, pero no a la presencia.<br \/>\nBuscamos posiciones, pero no transformaci\u00f3n.<\/p>\n<p>Ser cristiano no es un t\u00edtulo, ni un liderazgo, ni una costumbre:<br \/>\nes una conversi\u00f3n real del alma.<br \/>\nEl pueblo de Dios necesita un despertar urgente, un sacudimiento que rompa la indiferencia espiritual.<br \/>\nNecesitamos atalayas verdaderos, hombres y mujeres que escuchen del cielo y hablen con autoridad.<\/p>\n<p>El profeta Jerem\u00edas lloraba por su generaci\u00f3n, diciendo:<\/p>\n<blockquote><p>\u201cDesde el m\u00e1s peque\u00f1o hasta el m\u00e1s grande, todos siguen la avaricia; y desde el profeta hasta el sacerdote, todos practican el enga\u00f1o.\u201d<br \/>\n(Jerem\u00edas 6-13)<\/p><\/blockquote>\n<p>Esa misma realidad nos alcanza hoy. Hemos cambiado la Biblia por el celular, la oraci\u00f3n por la distracci\u00f3n, el fuego del Esp\u00edritu por la comodidad.<br \/>\n\u00a1Qu\u00e9 triste palabra la de Jerem\u00edas! \u00a1Y qu\u00e9 verg\u00fcenza la de nuestro tiempo!<\/p>\n<p>Pero Jerem\u00edas ya est\u00e1 con el Se\u00f1or\u2026<br \/>\nAhora el llamado es para ti.<br \/>\nDios busca un remanente que escuche, que se levante, que llore por las almas, que vuelva a amar Su Palabra m\u00e1s que cualquier otra cosa.<\/p>\n<p>El que ama la Palabra quiere m\u00e1s y m\u00e1s, porque sabe que ah\u00ed est\u00e1 la vida, la fuerza y la direcci\u00f3n del Esp\u00edritu Santo.<\/p>\n<p>Cierre. Un llamado del Esp\u00edritu<br \/>\nDios no est\u00e1 buscando multitudes distra\u00eddas, sino corazones encendidos.<br \/>\nNo est\u00e1 buscando programas, sino presencia.<br \/>\nNo busca templos llenos, sino vidas rendidas.<\/p>\n<p>Hoy el Esp\u00edritu de Dios hace un llamado a las naciones:<br \/>\n\u00a1Despierta, iglesia! Vuelve a la Palabra.<br \/>\nNo vivas de apariencias, vive de la verdad.<br \/>\nNo sigas el ruido, sigue la voz de tu Pastor.<\/p>\n<blockquote><p>\u201cAs\u00ed dice Jehov\u00e1 de los ej\u00e9rcitos, Dios de Israel: Enderezad vuestros caminos y vuestras obras, y har\u00e9 morar con vosotros en este lugar.\u201d<br \/>\n(Jerem\u00edas 7-2\u20133)<\/p><\/blockquote>\n<p>Jerem\u00edas fue un profeta de Dios que no buscaba amigos, sino que amaba las almas y la verdad.<br \/>\nHoy el Se\u00f1or nos dice lo mismo:<br \/>\n\u00a1Tienen que mejorar sus caminos!<br \/>\nEs tiempo de volver al altar, de volver a Su Palabra, y de vivir lo que proclamamos.<\/p>\n<p><strong>Oraci\u00f3n Final<\/strong><br \/>\nSe\u00f1or, perd\u00f3nanos si hemos dejado de o\u00edr tu voz.<br \/>\nAviva en nosotros el amor por Tu Palabra y la pasi\u00f3n por la verdad.<br \/>\nHaznos atalayas fieles, despiertos y firmes en medio de esta generaci\u00f3n.<br \/>\nRenu\u00e9vanos, oh Dios, y que tu fuego vuelva a encenderse en Tu iglesia.<br \/>\nEn el nombre de Jes\u00fas, am\u00e9n.<\/p>\n","protected":false},"excerpt":{"rendered":"<p>Cristianos que aman la Palabra no ser\u00e1n d\u00e9biles. El problema de muchos creyentes del siglo XXI es que ya no se aferran al poder transformador de la Palabra de Dios. Muchos se sostienen en emociones, en eventos, o en figuras humanas, pero olvidan que lo \u00fanico que cambia verdaderamente al coraz\u00f3n es la Palabra viva &hellip;<\/p>\n","protected":false},"author":1,"featured_media":36066,"comment_status":"open","ping_status":"open","sticky":false,"template":"","format":"standard","meta":{"footnotes":""},"categories":[34],"tags":[],"class_list":["post-36065","post","type-post","status-publish","format-standard","has-post-thumbnail","hentry","category-articulos"],"yoast_head":"<!-- This site is optimized with the Yoast SEO Premium plugin v24.2 (Yoast SEO v27.1.1) - https:\/\/yoast.com\/product\/yoast-seo-premium-wordpress\/ -->\n<title>Un Llamado a Despertar y volver a la Palabra de Dios - Tabernaculo Prensa de Dios<\/title>\n<meta name=\"robots\" content=\"index, follow, max-snippet:-1, max-image-preview:large, max-video-preview:-1\" \/>\n<link rel=\"canonical\" href=\"https:\/\/tabernaculoprensadedios.com\/web\/un-llamado-a-despertar-y-volver-a-la-palabra-de-dios\/\" class=\"yoast-seo-meta-tag\" \/>\n<meta property=\"og:locale\" content=\"es_ES\" class=\"yoast-seo-meta-tag\" \/>\n<meta property=\"og:type\" content=\"article\" class=\"yoast-seo-meta-tag\" \/>\n<meta property=\"og:title\" content=\"Un Llamado a Despertar y volver a la Palabra de Dios\" class=\"yoast-seo-meta-tag\" \/>\n<meta property=\"og:description\" content=\"Cristianos que aman la Palabra no ser\u00e1n d\u00e9biles. El problema de muchos creyentes del siglo XXI es que ya no se aferran al poder transformador de la Palabra de Dios. Muchos se sostienen en emociones, en eventos, o en figuras humanas, pero olvidan que lo \u00fanico que cambia verdaderamente al coraz\u00f3n es la Palabra viva &hellip;\" class=\"yoast-seo-meta-tag\" \/>\n<meta property=\"og:url\" content=\"https:\/\/tabernaculoprensadedios.com\/web\/un-llamado-a-despertar-y-volver-a-la-palabra-de-dios\/\" class=\"yoast-seo-meta-tag\" \/>\n<meta property=\"og:site_name\" content=\"Tabernaculo Prensa de Dios\" class=\"yoast-seo-meta-tag\" \/>\n<meta property=\"article:published_time\" content=\"2025-10-11T12:54:37+00:00\" class=\"yoast-seo-meta-tag\" \/>\n<meta property=\"article:modified_time\" content=\"2025-10-11T12:56:08+00:00\" class=\"yoast-seo-meta-tag\" \/>\n<meta property=\"og:image\" content=\"https:\/\/tabernaculoprensadedios.com\/web\/wp-content\/uploads\/2025\/10\/david-gutierre.avif\" class=\"yoast-seo-meta-tag\" \/>\n\t<meta property=\"og:image:width\" content=\"1029\" class=\"yoast-seo-meta-tag\" \/>\n\t<meta property=\"og:image:height\" content=\"579\" class=\"yoast-seo-meta-tag\" \/>\n\t<meta property=\"og:image:type\" content=\"image\/png\" class=\"yoast-seo-meta-tag\" \/>\n<meta name=\"author\" content=\"tabernaculo\" class=\"yoast-seo-meta-tag\" \/>\n<meta name=\"twitter:card\" content=\"summary_large_image\" class=\"yoast-seo-meta-tag\" \/>\n<meta name=\"twitter:creator\" content=\"@PrensadeDios\" class=\"yoast-seo-meta-tag\" \/>\n<meta name=\"twitter:site\" content=\"@PrensadeDios\" class=\"yoast-seo-meta-tag\" \/>\n<meta name=\"twitter:label1\" content=\"Escrito por\" class=\"yoast-seo-meta-tag\" \/>\n\t<meta name=\"twitter:data1\" content=\"tabernaculo\" class=\"yoast-seo-meta-tag\" \/>\n\t<meta name=\"twitter:label2\" content=\"Tiempo de lectura\" class=\"yoast-seo-meta-tag\" \/>\n\t<meta name=\"twitter:data2\" content=\"3 minutos\" class=\"yoast-seo-meta-tag\" \/>\n<script type=\"application\/ld+json\" class=\"yoast-schema-graph\">{\"@context\":\"https:\/\/schema.org\",\"@graph\":[{\"@type\":\"Article\",\"@id\":\"https:\/\/tabernaculoprensadedios.com\/web\/un-llamado-a-despertar-y-volver-a-la-palabra-de-dios\/#article\",\"isPartOf\":{\"@id\":\"https:\/\/tabernaculoprensadedios.com\/web\/un-llamado-a-despertar-y-volver-a-la-palabra-de-dios\/\"},\"author\":{\"name\":\"tabernaculo\",\"@id\":\"https:\/\/tabernaculoprensadedios.com\/web\/#\/schema\/person\/bc0e069fef56b38e177db6f098ae0b6e\"},\"headline\":\"Un Llamado a Despertar y volver a la Palabra de Dios\",\"datePublished\":\"2025-10-11T12:54:37+00:00\",\"dateModified\":\"2025-10-11T12:56:08+00:00\",\"mainEntityOfPage\":{\"@id\":\"https:\/\/tabernaculoprensadedios.com\/web\/un-llamado-a-despertar-y-volver-a-la-palabra-de-dios\/\"},\"wordCount\":597,\"commentCount\":0,\"publisher\":{\"@id\":\"https:\/\/tabernaculoprensadedios.com\/web\/#\/schema\/person\/bc0e069fef56b38e177db6f098ae0b6e\"},\"image\":{\"@id\":\"https:\/\/tabernaculoprensadedios.com\/web\/un-llamado-a-despertar-y-volver-a-la-palabra-de-dios\/#primaryimage\"},\"thumbnailUrl\":\"https:\/\/tabernaculoprensadedios.com\/web\/wp-content\/uploads\/2025\/10\/david-gutierre.avif\",\"articleSection\":[\"Articulos\"],\"inLanguage\":\"es\",\"potentialAction\":[{\"@type\":\"CommentAction\",\"name\":\"Comment\",\"target\":[\"https:\/\/tabernaculoprensadedios.com\/web\/un-llamado-a-despertar-y-volver-a-la-palabra-de-dios\/#respond\"]}]},{\"@type\":\"WebPage\",\"@id\":\"https:\/\/tabernaculoprensadedios.com\/web\/un-llamado-a-despertar-y-volver-a-la-palabra-de-dios\/\",\"url\":\"https:\/\/tabernaculoprensadedios.com\/web\/un-llamado-a-despertar-y-volver-a-la-palabra-de-dios\/\",\"name\":\"Un Llamado a Despertar y volver a la Palabra de Dios - Tabernaculo Prensa de Dios\",\"isPartOf\":{\"@id\":\"https:\/\/tabernaculoprensadedios.com\/web\/#website\"},\"primaryImageOfPage\":{\"@id\":\"https:\/\/tabernaculoprensadedios.com\/web\/un-llamado-a-despertar-y-volver-a-la-palabra-de-dios\/#primaryimage\"},\"image\":{\"@id\":\"https:\/\/tabernaculoprensadedios.com\/web\/un-llamado-a-despertar-y-volver-a-la-palabra-de-dios\/#primaryimage\"},\"thumbnailUrl\":\"https:\/\/tabernaculoprensadedios.com\/web\/wp-content\/uploads\/2025\/10\/david-gutierre.avif\",\"datePublished\":\"2025-10-11T12:54:37+00:00\",\"dateModified\":\"2025-10-11T12:56:08+00:00\",\"breadcrumb\":{\"@id\":\"https:\/\/tabernaculoprensadedios.com\/web\/un-llamado-a-despertar-y-volver-a-la-palabra-de-dios\/#breadcrumb\"},\"inLanguage\":\"es\",\"potentialAction\":[{\"@type\":\"ReadAction\",\"target\":[\"https:\/\/tabernaculoprensadedios.com\/web\/un-llamado-a-despertar-y-volver-a-la-palabra-de-dios\/\"]}]},{\"@type\":\"ImageObject\",\"inLanguage\":\"es\",\"@id\":\"https:\/\/tabernaculoprensadedios.com\/web\/un-llamado-a-despertar-y-volver-a-la-palabra-de-dios\/#primaryimage\",\"url\":\"https:\/\/tabernaculoprensadedios.com\/web\/wp-content\/uploads\/2025\/10\/david-gutierre.avif\",\"contentUrl\":\"https:\/\/tabernaculoprensadedios.com\/web\/wp-content\/uploads\/2025\/10\/david-gutierre.avif\",\"width\":1029,\"height\":579,\"caption\":\"Pastor David Guti\u00e9rrez\"},{\"@type\":\"BreadcrumbList\",\"@id\":\"https:\/\/tabernaculoprensadedios.com\/web\/un-llamado-a-despertar-y-volver-a-la-palabra-de-dios\/#breadcrumb\",\"itemListElement\":[{\"@type\":\"ListItem\",\"position\":1,\"name\":\"Portada\",\"item\":\"https:\/\/tabernaculoprensadedios.com\/web\/\"},{\"@type\":\"ListItem\",\"position\":2,\"name\":\"Un Llamado a Despertar y volver a la Palabra de Dios\"}]},{\"@type\":\"WebSite\",\"@id\":\"https:\/\/tabernaculoprensadedios.com\/web\/#website\",\"url\":\"https:\/\/tabernaculoprensadedios.com\/web\/\",\"name\":\"Tabernaculo Prensa de Dios\",\"description\":\"Un medio a la manera de Dios\",\"publisher\":{\"@id\":\"https:\/\/tabernaculoprensadedios.com\/web\/#\/schema\/person\/bc0e069fef56b38e177db6f098ae0b6e\"},\"potentialAction\":[{\"@type\":\"SearchAction\",\"target\":{\"@type\":\"EntryPoint\",\"urlTemplate\":\"https:\/\/tabernaculoprensadedios.com\/web\/?s={search_term_string}\"},\"query-input\":{\"@type\":\"PropertyValueSpecification\",\"valueRequired\":true,\"valueName\":\"search_term_string\"}}],\"inLanguage\":\"es\"},{\"@type\":[\"Person\",\"Organization\"],\"@id\":\"https:\/\/tabernaculoprensadedios.com\/web\/#\/schema\/person\/bc0e069fef56b38e177db6f098ae0b6e\",\"name\":\"tabernaculo\",\"image\":{\"@type\":\"ImageObject\",\"inLanguage\":\"es\",\"@id\":\"https:\/\/tabernaculoprensadedios.com\/web\/#\/schema\/person\/image\/\",\"url\":\"https:\/\/tabernaculoprensadedios.com\/web\/wp-content\/uploads\/2015\/06\/login-logo1.png\",\"contentUrl\":\"https:\/\/tabernaculoprensadedios.com\/web\/wp-content\/uploads\/2015\/06\/login-logo1.png\",\"width\":300,\"height\":118,\"caption\":\"tabernaculo\"},\"logo\":{\"@id\":\"https:\/\/tabernaculoprensadedios.com\/web\/#\/schema\/person\/image\/\"},\"url\":\"https:\/\/tabernaculoprensadedios.com\/web\/author\/tabernaculo\/\"}]}<\/script>\n<!-- \/ Yoast SEO Premium plugin. -->","yoast_head_json":{"title":"Un Llamado a Despertar y volver a la Palabra de Dios - Tabernaculo Prensa de Dios","robots":{"index":"index","follow":"follow","max-snippet":"max-snippet:-1","max-image-preview":"max-image-preview:large","max-video-preview":"max-video-preview:-1"},"canonical":"https:\/\/tabernaculoprensadedios.com\/web\/un-llamado-a-despertar-y-volver-a-la-palabra-de-dios\/","og_locale":"es_ES","og_type":"article","og_title":"Un Llamado a Despertar y volver a la Palabra de Dios","og_description":"Cristianos que aman la Palabra no ser\u00e1n d\u00e9biles. El problema de muchos creyentes del siglo XXI es que ya no se aferran al poder transformador de la Palabra de Dios. Muchos se sostienen en emociones, en eventos, o en figuras humanas, pero olvidan que lo \u00fanico que cambia verdaderamente al coraz\u00f3n es la Palabra viva &hellip;","og_url":"https:\/\/tabernaculoprensadedios.com\/web\/un-llamado-a-despertar-y-volver-a-la-palabra-de-dios\/","og_site_name":"Tabernaculo Prensa de Dios","article_published_time":"2025-10-11T12:54:37+00:00","article_modified_time":"2025-10-11T12:56:08+00:00","og_image":[{"width":1029,"height":579,"url":"https:\/\/tabernaculoprensadedios.com\/web\/wp-content\/uploads\/2025\/10\/david-gutierre.avif","type":"image\/png"}],"author":"tabernaculo","twitter_card":"summary_large_image","twitter_creator":"@PrensadeDios","twitter_site":"@PrensadeDios","twitter_misc":{"Escrito por":"tabernaculo","Tiempo de lectura":"3 minutos"},"schema":{"@context":"https:\/\/schema.org","@graph":[{"@type":"Article","@id":"https:\/\/tabernaculoprensadedios.com\/web\/un-llamado-a-despertar-y-volver-a-la-palabra-de-dios\/#article","isPartOf":{"@id":"https:\/\/tabernaculoprensadedios.com\/web\/un-llamado-a-despertar-y-volver-a-la-palabra-de-dios\/"},"author":{"name":"tabernaculo","@id":"https:\/\/tabernaculoprensadedios.com\/web\/#\/schema\/person\/bc0e069fef56b38e177db6f098ae0b6e"},"headline":"Un Llamado a Despertar y volver a la Palabra de Dios","datePublished":"2025-10-11T12:54:37+00:00","dateModified":"2025-10-11T12:56:08+00:00","mainEntityOfPage":{"@id":"https:\/\/tabernaculoprensadedios.com\/web\/un-llamado-a-despertar-y-volver-a-la-palabra-de-dios\/"},"wordCount":597,"commentCount":0,"publisher":{"@id":"https:\/\/tabernaculoprensadedios.com\/web\/#\/schema\/person\/bc0e069fef56b38e177db6f098ae0b6e"},"image":{"@id":"https:\/\/tabernaculoprensadedios.com\/web\/un-llamado-a-despertar-y-volver-a-la-palabra-de-dios\/#primaryimage"},"thumbnailUrl":"https:\/\/tabernaculoprensadedios.com\/web\/wp-content\/uploads\/2025\/10\/david-gutierre.avif","articleSection":["Articulos"],"inLanguage":"es","potentialAction":[{"@type":"CommentAction","name":"Comment","target":["https:\/\/tabernaculoprensadedios.com\/web\/un-llamado-a-despertar-y-volver-a-la-palabra-de-dios\/#respond"]}]},{"@type":"WebPage","@id":"https:\/\/tabernaculoprensadedios.com\/web\/un-llamado-a-despertar-y-volver-a-la-palabra-de-dios\/","url":"https:\/\/tabernaculoprensadedios.com\/web\/un-llamado-a-despertar-y-volver-a-la-palabra-de-dios\/","name":"Un Llamado a Despertar y volver a la Palabra de Dios - Tabernaculo Prensa de Dios","isPartOf":{"@id":"https:\/\/tabernaculoprensadedios.com\/web\/#website"},"primaryImageOfPage":{"@id":"https:\/\/tabernaculoprensadedios.com\/web\/un-llamado-a-despertar-y-volver-a-la-palabra-de-dios\/#primaryimage"},"image":{"@id":"https:\/\/tabernaculoprensadedios.com\/web\/un-llamado-a-despertar-y-volver-a-la-palabra-de-dios\/#primaryimage"},"thumbnailUrl":"https:\/\/tabernaculoprensadedios.com\/web\/wp-content\/uploads\/2025\/10\/david-gutierre.avif","datePublished":"2025-10-11T12:54:37+00:00","dateModified":"2025-10-11T12:56:08+00:00","breadcrumb":{"@id":"https:\/\/tabernaculoprensadedios.com\/web\/un-llamado-a-despertar-y-volver-a-la-palabra-de-dios\/#breadcrumb"},"inLanguage":"es","potentialAction":[{"@type":"ReadAction","target":["https:\/\/tabernaculoprensadedios.com\/web\/un-llamado-a-despertar-y-volver-a-la-palabra-de-dios\/"]}]},{"@type":"ImageObject","inLanguage":"es","@id":"https:\/\/tabernaculoprensadedios.com\/web\/un-llamado-a-despertar-y-volver-a-la-palabra-de-dios\/#primaryimage","url":"https:\/\/tabernaculoprensadedios.com\/web\/wp-content\/uploads\/2025\/10\/david-gutierre.avif","contentUrl":"https:\/\/tabernaculoprensadedios.com\/web\/wp-content\/uploads\/2025\/10\/david-gutierre.avif","width":1029,"height":579,"caption":"Pastor David Guti\u00e9rrez"},{"@type":"BreadcrumbList","@id":"https:\/\/tabernaculoprensadedios.com\/web\/un-llamado-a-despertar-y-volver-a-la-palabra-de-dios\/#breadcrumb","itemListElement":[{"@type":"ListItem","position":1,"name":"Portada","item":"https:\/\/tabernaculoprensadedios.com\/web\/"},{"@type":"ListItem","position":2,"name":"Un Llamado a Despertar y volver a la Palabra de Dios"}]},{"@type":"WebSite","@id":"https:\/\/tabernaculoprensadedios.com\/web\/#website","url":"https:\/\/tabernaculoprensadedios.com\/web\/","name":"Tabernaculo Prensa de Dios","description":"Un medio a la manera de Dios","publisher":{"@id":"https:\/\/tabernaculoprensadedios.com\/web\/#\/schema\/person\/bc0e069fef56b38e177db6f098ae0b6e"},"potentialAction":[{"@type":"SearchAction","target":{"@type":"EntryPoint","urlTemplate":"https:\/\/tabernaculoprensadedios.com\/web\/?s={search_term_string}"},"query-input":{"@type":"PropertyValueSpecification","valueRequired":true,"valueName":"search_term_string"}}],"inLanguage":"es"},{"@type":["Person","Organization"],"@id":"https:\/\/tabernaculoprensadedios.com\/web\/#\/schema\/person\/bc0e069fef56b38e177db6f098ae0b6e","name":"tabernaculo","image":{"@type":"ImageObject","inLanguage":"es","@id":"https:\/\/tabernaculoprensadedios.com\/web\/#\/schema\/person\/image\/","url":"https:\/\/tabernaculoprensadedios.com\/web\/wp-content\/uploads\/2015\/06\/login-logo1.png","contentUrl":"https:\/\/tabernaculoprensadedios.com\/web\/wp-content\/uploads\/2015\/06\/login-logo1.png","width":300,"height":118,"caption":"tabernaculo"},"logo":{"@id":"https:\/\/tabernaculoprensadedios.com\/web\/#\/schema\/person\/image\/"},"url":"https:\/\/tabernaculoprensadedios.com\/web\/author\/tabernaculo\/"}]}},"_links":{"self":[{"href":"https:\/\/tabernaculoprensadedios.com\/web\/wp-json\/wp\/v2\/posts\/36065","targetHints":{"allow":["GET"]}}],"collection":[{"href":"https:\/\/tabernaculoprensadedios.com\/web\/wp-json\/wp\/v2\/posts"}],"about":[{"href":"https:\/\/tabernaculoprensadedios.com\/web\/wp-json\/wp\/v2\/types\/post"}],"author":[{"embeddable":true,"href":"https:\/\/tabernaculoprensadedios.com\/web\/wp-json\/wp\/v2\/users\/1"}],"replies":[{"embeddable":true,"href":"https:\/\/tabernaculoprensadedios.com\/web\/wp-json\/wp\/v2\/comments?post=36065"}],"version-history":[{"count":1,"href":"https:\/\/tabernaculoprensadedios.com\/web\/wp-json\/wp\/v2\/posts\/36065\/revisions"}],"predecessor-version":[{"id":36067,"href":"https:\/\/tabernaculoprensadedios.com\/web\/wp-json\/wp\/v2\/posts\/36065\/revisions\/36067"}],"wp:featuredmedia":[{"embeddable":true,"href":"https:\/\/tabernaculoprensadedios.com\/web\/wp-json\/wp\/v2\/media\/36066"}],"wp:attachment":[{"href":"https:\/\/tabernaculoprensadedios.com\/web\/wp-json\/wp\/v2\/media?parent=36065"}],"wp:term":[{"taxonomy":"category","embeddable":true,"href":"https:\/\/tabernaculoprensadedios.com\/web\/wp-json\/wp\/v2\/categories?post=36065"},{"taxonomy":"post_tag","embeddable":true,"href":"https:\/\/tabernaculoprensadedios.com\/web\/wp-json\/wp\/v2\/tags?post=36065"}],"curies":[{"name":"wp","href":"https:\/\/api.w.org\/{rel}","templated":true}]}}