{"id":36017,"date":"2025-10-06T23:17:46","date_gmt":"2025-10-06T23:17:46","guid":{"rendered":"https:\/\/tabernaculoprensadedios.com\/web\/?p=36017"},"modified":"2025-10-06T23:17:46","modified_gmt":"2025-10-06T23:17:46","slug":"celebraran-por-quinto-ano-consecutivo-el-dia-de-regocijo-municipal-cristiano","status":"publish","type":"post","link":"https:\/\/tabernaculoprensadedios.com\/web\/celebraran-por-quinto-ano-consecutivo-el-dia-de-regocijo-municipal-cristiano\/","title":{"rendered":"Celebrar\u00e1n, por quinto a\u00f1o consecutivo, el D\u00eda de Regocijo Municipal Cristiano"},"content":{"rendered":"<p>Como una gran conquista de la comunidad evang\u00e9lica y en franco reconocimiento a su valiosa labor a favor de la sociedad, la<strong> Comisi\u00f3n Permanente de Educaci\u00f3n y Cultura del Concejo de Regidores de la Alcald\u00eda de Santiago<\/strong> celebrar\u00e1 la quinta edici\u00f3n consecutiva del<strong> D\u00eda de Regocijo Municipal Cristiano<\/strong> la noche del 31 de octubre en el sal\u00f3n Juan Pablo Duarte del Ayuntamiento de la Ciudad Coraz\u00f3n.<\/p>\n<p>El D\u00eda de Regocijo Municipal Cristiano, est\u00e1 institu\u00eddo en la Resoluci\u00f3n Municipal 3287-21, propuesto por el honorable regidor Frank Carlos Medina y secundado por su hom\u00f3logo Odalys Tejada, aprobado a unanimidad por todos los ediles en reconocimiento a la extraordinaria labor socioespiritual de los evang\u00e9licos en nuestros barrios y urbanizaciones del primer Santiago de Am\u00e9rica.<\/p>\n<p>En cada celebraci\u00f3n, que se lleva a cabo el d\u00eda de la <strong>reforma protestante de Mart\u00edn Lutero (31 de octubre, 1517),<\/strong> se reconocen a pastores, l\u00edderes, ministerios e instituciones cristianas destacadas por su arduo trabajo a favor de la regeneraci\u00f3n de hombres y mujeres con el poder transformador de la Palabra de Dios.<\/p>\n<p>Adem\u00e1s, se aprovecha para escuchar una reflexi\u00f3n b\u00edblica a cargo de invitados especiales. Hasta el momento, los pastores Elvis Sahad, Ezequiel Molina Rosario, F\u00e9lix Pe\u00f1a, y Yasser Rivas han sido los portavoces de la exposici\u00f3n de las buenas nuevas en las anteriores ediciones.<\/p>\n<p>El pastor Eddy Morillo, siervo de Dios y maestro de la Palabra ser\u00e1 el predicador invitado de la quinta versi\u00f3n; mientras que en la parte art\u00edstica el maestro Orlando Veras deleitar\u00e1 a los asistentes, glorificando y exlatando al Supremo Creador, con su saxof\u00f3n.<\/p>\n<p><img loading=\"lazy\" decoding=\"async\" class=\"alignnone size-full wp-image-36018\" src=\"https:\/\/tabernaculoprensadedios.com\/web\/wp-content\/uploads\/2025\/10\/WhatsApp-Image-2025-10-06-at-14.04.12_e1b2ca9b.avif\" alt=\"\" width=\"1600\" height=\"1142\" \/><\/p>\n<p>La propuesta de los que cada a\u00f1o son honrados en el D\u00eda de Regocijo Municipal Cristiano es responsabilidad de la comisi\u00f3n evang\u00e9lica integrada por representantes de las principales instituciones cristianas de Santiago: Federaci\u00f3n de Pastores Evang\u00e9licos de la Regi\u00f3n del Cibao (<strong>FEPERCI<\/strong>), Consejo Evang\u00e9lico de Santiago (<strong>CES<\/strong>), Universidad Nacional Evang\u00e9lica (<strong>UNEV<\/strong>), Asociaci\u00f3n Dominicana de Comunicadores Cristianos (<strong>ADOCOC<\/strong>), Iglesia Asambleas de Dios, Iglesia de Dios, Iglesia Metodista Libre, Congregaci\u00f3n Cristiana y Oficina de Enlace de la Alcald\u00eda con la Comunidad Cristiana.<\/p>\n<p>Los regidores <strong>Frank Carlos Medina<\/strong> y<strong> Odalys Tejada<\/strong>, a trav\u00e9s de la Comisi\u00f3n de Educaci\u00f3n y Cultura de la Sala Capitular, dan seguimiento cada a\u00f1o, percat\u00e1ndose de que la celebraci\u00f3n se lleve a cabo con la dimensi\u00f3n de honra que amerita el pueblo de Dios. Agradecen el apoyo que en las recientes ediciones ha dado <strong>el Alcalde Ulises Rodr\u00edguez<\/strong> y otras\u00a0instituciones.<\/p>\n","protected":false},"excerpt":{"rendered":"<p>Como una gran conquista de la comunidad evang\u00e9lica y en franco reconocimiento a su valiosa labor a favor de la sociedad, la Comisi\u00f3n Permanente de Educaci\u00f3n y Cultura del Concejo de Regidores de la Alcald\u00eda de Santiago celebrar\u00e1 la quinta edici\u00f3n consecutiva del D\u00eda de Regocijo Municipal Cristiano la noche del 31 de octubre en &hellip;<\/p>\n","protected":false},"author":1,"featured_media":36019,"comment_status":"open","ping_status":"open","sticky":false,"template":"","format":"standard","meta":{"footnotes":""},"categories":[794],"tags":[808,811,809,810],"class_list":["post-36017","post","type-post","status-publish","format-standard","has-post-thumbnail","hentry","category-mas-alla-del-monumento","tag-dia-de-regocijo","tag-martin-lutero","tag-municipal-cristiano","tag-octubre"],"yoast_head":"<!-- This site is optimized with the Yoast SEO Premium plugin v24.2 (Yoast SEO v27.1.1) - https:\/\/yoast.com\/product\/yoast-seo-premium-wordpress\/ -->\n<title>Celebrar\u00e1n, por quinto a\u00f1o consecutivo, el D\u00eda de Regocijo Municipal Cristiano - Tabernaculo Prensa de Dios<\/title>\n<meta name=\"robots\" content=\"index, follow, max-snippet:-1, max-image-preview:large, max-video-preview:-1\" \/>\n<link rel=\"canonical\" href=\"https:\/\/tabernaculoprensadedios.com\/web\/celebraran-por-quinto-ano-consecutivo-el-dia-de-regocijo-municipal-cristiano\/\" class=\"yoast-seo-meta-tag\" \/>\n<meta property=\"og:locale\" content=\"es_ES\" class=\"yoast-seo-meta-tag\" \/>\n<meta property=\"og:type\" content=\"article\" class=\"yoast-seo-meta-tag\" \/>\n<meta property=\"og:title\" content=\"Celebrar\u00e1n, por quinto a\u00f1o consecutivo, el D\u00eda de Regocijo Municipal Cristiano\" class=\"yoast-seo-meta-tag\" \/>\n<meta property=\"og:description\" content=\"Como una gran conquista de la comunidad evang\u00e9lica y en franco reconocimiento a su valiosa labor a favor de la sociedad, la Comisi\u00f3n Permanente de Educaci\u00f3n y Cultura del Concejo de Regidores de la Alcald\u00eda de Santiago celebrar\u00e1 la quinta edici\u00f3n consecutiva del D\u00eda de Regocijo Municipal Cristiano la noche del 31 de octubre en &hellip;\" class=\"yoast-seo-meta-tag\" \/>\n<meta property=\"og:url\" content=\"https:\/\/tabernaculoprensadedios.com\/web\/celebraran-por-quinto-ano-consecutivo-el-dia-de-regocijo-municipal-cristiano\/\" class=\"yoast-seo-meta-tag\" \/>\n<meta property=\"og:site_name\" content=\"Tabernaculo Prensa de Dios\" class=\"yoast-seo-meta-tag\" \/>\n<meta property=\"article:published_time\" content=\"2025-10-06T23:17:46+00:00\" class=\"yoast-seo-meta-tag\" \/>\n<meta property=\"og:image\" content=\"https:\/\/tabernaculoprensadedios.com\/web\/wp-content\/uploads\/2025\/10\/WhatsApp-Image-2025-10-06-at-14.05.39_10fce48c.avif\" class=\"yoast-seo-meta-tag\" \/>\n\t<meta property=\"og:image:width\" content=\"1600\" class=\"yoast-seo-meta-tag\" \/>\n\t<meta property=\"og:image:height\" content=\"1142\" class=\"yoast-seo-meta-tag\" \/>\n\t<meta property=\"og:image:type\" content=\"image\/jpeg\" class=\"yoast-seo-meta-tag\" \/>\n<meta name=\"author\" content=\"tabernaculo\" class=\"yoast-seo-meta-tag\" \/>\n<meta name=\"twitter:card\" content=\"summary_large_image\" class=\"yoast-seo-meta-tag\" \/>\n<meta name=\"twitter:creator\" content=\"@PrensadeDios\" class=\"yoast-seo-meta-tag\" \/>\n<meta name=\"twitter:site\" content=\"@PrensadeDios\" class=\"yoast-seo-meta-tag\" \/>\n<meta name=\"twitter:label1\" content=\"Escrito por\" class=\"yoast-seo-meta-tag\" \/>\n\t<meta name=\"twitter:data1\" content=\"tabernaculo\" class=\"yoast-seo-meta-tag\" \/>\n\t<meta name=\"twitter:label2\" content=\"Tiempo de lectura\" class=\"yoast-seo-meta-tag\" \/>\n\t<meta name=\"twitter:data2\" content=\"3 minutos\" class=\"yoast-seo-meta-tag\" \/>\n<script type=\"application\/ld+json\" class=\"yoast-schema-graph\">{\"@context\":\"https:\/\/schema.org\",\"@graph\":[{\"@type\":\"Article\",\"@id\":\"https:\/\/tabernaculoprensadedios.com\/web\/celebraran-por-quinto-ano-consecutivo-el-dia-de-regocijo-municipal-cristiano\/#article\",\"isPartOf\":{\"@id\":\"https:\/\/tabernaculoprensadedios.com\/web\/celebraran-por-quinto-ano-consecutivo-el-dia-de-regocijo-municipal-cristiano\/\"},\"author\":{\"name\":\"tabernaculo\",\"@id\":\"https:\/\/tabernaculoprensadedios.com\/web\/#\/schema\/person\/bc0e069fef56b38e177db6f098ae0b6e\"},\"headline\":\"Celebrar\u00e1n, por quinto a\u00f1o consecutivo, el D\u00eda de Regocijo Municipal Cristiano\",\"datePublished\":\"2025-10-06T23:17:46+00:00\",\"mainEntityOfPage\":{\"@id\":\"https:\/\/tabernaculoprensadedios.com\/web\/celebraran-por-quinto-ano-consecutivo-el-dia-de-regocijo-municipal-cristiano\/\"},\"wordCount\":461,\"commentCount\":0,\"publisher\":{\"@id\":\"https:\/\/tabernaculoprensadedios.com\/web\/#\/schema\/person\/bc0e069fef56b38e177db6f098ae0b6e\"},\"image\":{\"@id\":\"https:\/\/tabernaculoprensadedios.com\/web\/celebraran-por-quinto-ano-consecutivo-el-dia-de-regocijo-municipal-cristiano\/#primaryimage\"},\"thumbnailUrl\":\"https:\/\/tabernaculoprensadedios.com\/web\/wp-content\/uploads\/2025\/10\/WhatsApp-Image-2025-10-06-at-14.05.39_10fce48c.avif\",\"keywords\":[\"D\u00eda de Regocijo\",\"Mart\u00edn Lutero\",\"Municipal Cristiano\",\"octubre\"],\"articleSection\":[\"M\u00e1s all\u00e1 del Monumento\"],\"inLanguage\":\"es\",\"potentialAction\":[{\"@type\":\"CommentAction\",\"name\":\"Comment\",\"target\":[\"https:\/\/tabernaculoprensadedios.com\/web\/celebraran-por-quinto-ano-consecutivo-el-dia-de-regocijo-municipal-cristiano\/#respond\"]}]},{\"@type\":\"WebPage\",\"@id\":\"https:\/\/tabernaculoprensadedios.com\/web\/celebraran-por-quinto-ano-consecutivo-el-dia-de-regocijo-municipal-cristiano\/\",\"url\":\"https:\/\/tabernaculoprensadedios.com\/web\/celebraran-por-quinto-ano-consecutivo-el-dia-de-regocijo-municipal-cristiano\/\",\"name\":\"Celebrar\u00e1n, por quinto a\u00f1o consecutivo, el D\u00eda de Regocijo Municipal Cristiano - Tabernaculo Prensa de Dios\",\"isPartOf\":{\"@id\":\"https:\/\/tabernaculoprensadedios.com\/web\/#website\"},\"primaryImageOfPage\":{\"@id\":\"https:\/\/tabernaculoprensadedios.com\/web\/celebraran-por-quinto-ano-consecutivo-el-dia-de-regocijo-municipal-cristiano\/#primaryimage\"},\"image\":{\"@id\":\"https:\/\/tabernaculoprensadedios.com\/web\/celebraran-por-quinto-ano-consecutivo-el-dia-de-regocijo-municipal-cristiano\/#primaryimage\"},\"thumbnailUrl\":\"https:\/\/tabernaculoprensadedios.com\/web\/wp-content\/uploads\/2025\/10\/WhatsApp-Image-2025-10-06-at-14.05.39_10fce48c.avif\",\"datePublished\":\"2025-10-06T23:17:46+00:00\",\"breadcrumb\":{\"@id\":\"https:\/\/tabernaculoprensadedios.com\/web\/celebraran-por-quinto-ano-consecutivo-el-dia-de-regocijo-municipal-cristiano\/#breadcrumb\"},\"inLanguage\":\"es\",\"potentialAction\":[{\"@type\":\"ReadAction\",\"target\":[\"https:\/\/tabernaculoprensadedios.com\/web\/celebraran-por-quinto-ano-consecutivo-el-dia-de-regocijo-municipal-cristiano\/\"]}]},{\"@type\":\"ImageObject\",\"inLanguage\":\"es\",\"@id\":\"https:\/\/tabernaculoprensadedios.com\/web\/celebraran-por-quinto-ano-consecutivo-el-dia-de-regocijo-municipal-cristiano\/#primaryimage\",\"url\":\"https:\/\/tabernaculoprensadedios.com\/web\/wp-content\/uploads\/2025\/10\/WhatsApp-Image-2025-10-06-at-14.05.39_10fce48c.avif\",\"contentUrl\":\"https:\/\/tabernaculoprensadedios.com\/web\/wp-content\/uploads\/2025\/10\/WhatsApp-Image-2025-10-06-at-14.05.39_10fce48c.avif\",\"width\":1600,\"height\":1142},{\"@type\":\"BreadcrumbList\",\"@id\":\"https:\/\/tabernaculoprensadedios.com\/web\/celebraran-por-quinto-ano-consecutivo-el-dia-de-regocijo-municipal-cristiano\/#breadcrumb\",\"itemListElement\":[{\"@type\":\"ListItem\",\"position\":1,\"name\":\"Portada\",\"item\":\"https:\/\/tabernaculoprensadedios.com\/web\/\"},{\"@type\":\"ListItem\",\"position\":2,\"name\":\"Celebrar\u00e1n, por quinto a\u00f1o consecutivo, el D\u00eda de Regocijo Municipal Cristiano\"}]},{\"@type\":\"WebSite\",\"@id\":\"https:\/\/tabernaculoprensadedios.com\/web\/#website\",\"url\":\"https:\/\/tabernaculoprensadedios.com\/web\/\",\"name\":\"Tabernaculo Prensa de Dios\",\"description\":\"Un medio a la manera de Dios\",\"publisher\":{\"@id\":\"https:\/\/tabernaculoprensadedios.com\/web\/#\/schema\/person\/bc0e069fef56b38e177db6f098ae0b6e\"},\"potentialAction\":[{\"@type\":\"SearchAction\",\"target\":{\"@type\":\"EntryPoint\",\"urlTemplate\":\"https:\/\/tabernaculoprensadedios.com\/web\/?s={search_term_string}\"},\"query-input\":{\"@type\":\"PropertyValueSpecification\",\"valueRequired\":true,\"valueName\":\"search_term_string\"}}],\"inLanguage\":\"es\"},{\"@type\":[\"Person\",\"Organization\"],\"@id\":\"https:\/\/tabernaculoprensadedios.com\/web\/#\/schema\/person\/bc0e069fef56b38e177db6f098ae0b6e\",\"name\":\"tabernaculo\",\"image\":{\"@type\":\"ImageObject\",\"inLanguage\":\"es\",\"@id\":\"https:\/\/tabernaculoprensadedios.com\/web\/#\/schema\/person\/image\/\",\"url\":\"https:\/\/tabernaculoprensadedios.com\/web\/wp-content\/uploads\/2015\/06\/login-logo1.png\",\"contentUrl\":\"https:\/\/tabernaculoprensadedios.com\/web\/wp-content\/uploads\/2015\/06\/login-logo1.png\",\"width\":300,\"height\":118,\"caption\":\"tabernaculo\"},\"logo\":{\"@id\":\"https:\/\/tabernaculoprensadedios.com\/web\/#\/schema\/person\/image\/\"},\"url\":\"https:\/\/tabernaculoprensadedios.com\/web\/author\/tabernaculo\/\"}]}<\/script>\n<!-- \/ Yoast SEO Premium plugin. -->","yoast_head_json":{"title":"Celebrar\u00e1n, por quinto a\u00f1o consecutivo, el D\u00eda de Regocijo Municipal Cristiano - Tabernaculo Prensa de Dios","robots":{"index":"index","follow":"follow","max-snippet":"max-snippet:-1","max-image-preview":"max-image-preview:large","max-video-preview":"max-video-preview:-1"},"canonical":"https:\/\/tabernaculoprensadedios.com\/web\/celebraran-por-quinto-ano-consecutivo-el-dia-de-regocijo-municipal-cristiano\/","og_locale":"es_ES","og_type":"article","og_title":"Celebrar\u00e1n, por quinto a\u00f1o consecutivo, el D\u00eda de Regocijo Municipal Cristiano","og_description":"Como una gran conquista de la comunidad evang\u00e9lica y en franco reconocimiento a su valiosa labor a favor de la sociedad, la Comisi\u00f3n Permanente de Educaci\u00f3n y Cultura del Concejo de Regidores de la Alcald\u00eda de Santiago celebrar\u00e1 la quinta edici\u00f3n consecutiva del D\u00eda de Regocijo Municipal Cristiano la noche del 31 de octubre en &hellip;","og_url":"https:\/\/tabernaculoprensadedios.com\/web\/celebraran-por-quinto-ano-consecutivo-el-dia-de-regocijo-municipal-cristiano\/","og_site_name":"Tabernaculo Prensa de Dios","article_published_time":"2025-10-06T23:17:46+00:00","og_image":[{"width":1600,"height":1142,"url":"https:\/\/tabernaculoprensadedios.com\/web\/wp-content\/uploads\/2025\/10\/WhatsApp-Image-2025-10-06-at-14.05.39_10fce48c.avif","type":"image\/jpeg"}],"author":"tabernaculo","twitter_card":"summary_large_image","twitter_creator":"@PrensadeDios","twitter_site":"@PrensadeDios","twitter_misc":{"Escrito por":"tabernaculo","Tiempo de lectura":"3 minutos"},"schema":{"@context":"https:\/\/schema.org","@graph":[{"@type":"Article","@id":"https:\/\/tabernaculoprensadedios.com\/web\/celebraran-por-quinto-ano-consecutivo-el-dia-de-regocijo-municipal-cristiano\/#article","isPartOf":{"@id":"https:\/\/tabernaculoprensadedios.com\/web\/celebraran-por-quinto-ano-consecutivo-el-dia-de-regocijo-municipal-cristiano\/"},"author":{"name":"tabernaculo","@id":"https:\/\/tabernaculoprensadedios.com\/web\/#\/schema\/person\/bc0e069fef56b38e177db6f098ae0b6e"},"headline":"Celebrar\u00e1n, por quinto a\u00f1o consecutivo, el D\u00eda de Regocijo Municipal Cristiano","datePublished":"2025-10-06T23:17:46+00:00","mainEntityOfPage":{"@id":"https:\/\/tabernaculoprensadedios.com\/web\/celebraran-por-quinto-ano-consecutivo-el-dia-de-regocijo-municipal-cristiano\/"},"wordCount":461,"commentCount":0,"publisher":{"@id":"https:\/\/tabernaculoprensadedios.com\/web\/#\/schema\/person\/bc0e069fef56b38e177db6f098ae0b6e"},"image":{"@id":"https:\/\/tabernaculoprensadedios.com\/web\/celebraran-por-quinto-ano-consecutivo-el-dia-de-regocijo-municipal-cristiano\/#primaryimage"},"thumbnailUrl":"https:\/\/tabernaculoprensadedios.com\/web\/wp-content\/uploads\/2025\/10\/WhatsApp-Image-2025-10-06-at-14.05.39_10fce48c.avif","keywords":["D\u00eda de Regocijo","Mart\u00edn Lutero","Municipal Cristiano","octubre"],"articleSection":["M\u00e1s all\u00e1 del Monumento"],"inLanguage":"es","potentialAction":[{"@type":"CommentAction","name":"Comment","target":["https:\/\/tabernaculoprensadedios.com\/web\/celebraran-por-quinto-ano-consecutivo-el-dia-de-regocijo-municipal-cristiano\/#respond"]}]},{"@type":"WebPage","@id":"https:\/\/tabernaculoprensadedios.com\/web\/celebraran-por-quinto-ano-consecutivo-el-dia-de-regocijo-municipal-cristiano\/","url":"https:\/\/tabernaculoprensadedios.com\/web\/celebraran-por-quinto-ano-consecutivo-el-dia-de-regocijo-municipal-cristiano\/","name":"Celebrar\u00e1n, por quinto a\u00f1o consecutivo, el D\u00eda de Regocijo Municipal Cristiano - Tabernaculo Prensa de Dios","isPartOf":{"@id":"https:\/\/tabernaculoprensadedios.com\/web\/#website"},"primaryImageOfPage":{"@id":"https:\/\/tabernaculoprensadedios.com\/web\/celebraran-por-quinto-ano-consecutivo-el-dia-de-regocijo-municipal-cristiano\/#primaryimage"},"image":{"@id":"https:\/\/tabernaculoprensadedios.com\/web\/celebraran-por-quinto-ano-consecutivo-el-dia-de-regocijo-municipal-cristiano\/#primaryimage"},"thumbnailUrl":"https:\/\/tabernaculoprensadedios.com\/web\/wp-content\/uploads\/2025\/10\/WhatsApp-Image-2025-10-06-at-14.05.39_10fce48c.avif","datePublished":"2025-10-06T23:17:46+00:00","breadcrumb":{"@id":"https:\/\/tabernaculoprensadedios.com\/web\/celebraran-por-quinto-ano-consecutivo-el-dia-de-regocijo-municipal-cristiano\/#breadcrumb"},"inLanguage":"es","potentialAction":[{"@type":"ReadAction","target":["https:\/\/tabernaculoprensadedios.com\/web\/celebraran-por-quinto-ano-consecutivo-el-dia-de-regocijo-municipal-cristiano\/"]}]},{"@type":"ImageObject","inLanguage":"es","@id":"https:\/\/tabernaculoprensadedios.com\/web\/celebraran-por-quinto-ano-consecutivo-el-dia-de-regocijo-municipal-cristiano\/#primaryimage","url":"https:\/\/tabernaculoprensadedios.com\/web\/wp-content\/uploads\/2025\/10\/WhatsApp-Image-2025-10-06-at-14.05.39_10fce48c.avif","contentUrl":"https:\/\/tabernaculoprensadedios.com\/web\/wp-content\/uploads\/2025\/10\/WhatsApp-Image-2025-10-06-at-14.05.39_10fce48c.avif","width":1600,"height":1142},{"@type":"BreadcrumbList","@id":"https:\/\/tabernaculoprensadedios.com\/web\/celebraran-por-quinto-ano-consecutivo-el-dia-de-regocijo-municipal-cristiano\/#breadcrumb","itemListElement":[{"@type":"ListItem","position":1,"name":"Portada","item":"https:\/\/tabernaculoprensadedios.com\/web\/"},{"@type":"ListItem","position":2,"name":"Celebrar\u00e1n, por quinto a\u00f1o consecutivo, el D\u00eda de Regocijo Municipal Cristiano"}]},{"@type":"WebSite","@id":"https:\/\/tabernaculoprensadedios.com\/web\/#website","url":"https:\/\/tabernaculoprensadedios.com\/web\/","name":"Tabernaculo Prensa de Dios","description":"Un medio a la manera de Dios","publisher":{"@id":"https:\/\/tabernaculoprensadedios.com\/web\/#\/schema\/person\/bc0e069fef56b38e177db6f098ae0b6e"},"potentialAction":[{"@type":"SearchAction","target":{"@type":"EntryPoint","urlTemplate":"https:\/\/tabernaculoprensadedios.com\/web\/?s={search_term_string}"},"query-input":{"@type":"PropertyValueSpecification","valueRequired":true,"valueName":"search_term_string"}}],"inLanguage":"es"},{"@type":["Person","Organization"],"@id":"https:\/\/tabernaculoprensadedios.com\/web\/#\/schema\/person\/bc0e069fef56b38e177db6f098ae0b6e","name":"tabernaculo","image":{"@type":"ImageObject","inLanguage":"es","@id":"https:\/\/tabernaculoprensadedios.com\/web\/#\/schema\/person\/image\/","url":"https:\/\/tabernaculoprensadedios.com\/web\/wp-content\/uploads\/2015\/06\/login-logo1.png","contentUrl":"https:\/\/tabernaculoprensadedios.com\/web\/wp-content\/uploads\/2015\/06\/login-logo1.png","width":300,"height":118,"caption":"tabernaculo"},"logo":{"@id":"https:\/\/tabernaculoprensadedios.com\/web\/#\/schema\/person\/image\/"},"url":"https:\/\/tabernaculoprensadedios.com\/web\/author\/tabernaculo\/"}]}},"_links":{"self":[{"href":"https:\/\/tabernaculoprensadedios.com\/web\/wp-json\/wp\/v2\/posts\/36017","targetHints":{"allow":["GET"]}}],"collection":[{"href":"https:\/\/tabernaculoprensadedios.com\/web\/wp-json\/wp\/v2\/posts"}],"about":[{"href":"https:\/\/tabernaculoprensadedios.com\/web\/wp-json\/wp\/v2\/types\/post"}],"author":[{"embeddable":true,"href":"https:\/\/tabernaculoprensadedios.com\/web\/wp-json\/wp\/v2\/users\/1"}],"replies":[{"embeddable":true,"href":"https:\/\/tabernaculoprensadedios.com\/web\/wp-json\/wp\/v2\/comments?post=36017"}],"version-history":[{"count":1,"href":"https:\/\/tabernaculoprensadedios.com\/web\/wp-json\/wp\/v2\/posts\/36017\/revisions"}],"predecessor-version":[{"id":36020,"href":"https:\/\/tabernaculoprensadedios.com\/web\/wp-json\/wp\/v2\/posts\/36017\/revisions\/36020"}],"wp:featuredmedia":[{"embeddable":true,"href":"https:\/\/tabernaculoprensadedios.com\/web\/wp-json\/wp\/v2\/media\/36019"}],"wp:attachment":[{"href":"https:\/\/tabernaculoprensadedios.com\/web\/wp-json\/wp\/v2\/media?parent=36017"}],"wp:term":[{"taxonomy":"category","embeddable":true,"href":"https:\/\/tabernaculoprensadedios.com\/web\/wp-json\/wp\/v2\/categories?post=36017"},{"taxonomy":"post_tag","embeddable":true,"href":"https:\/\/tabernaculoprensadedios.com\/web\/wp-json\/wp\/v2\/tags?post=36017"}],"curies":[{"name":"wp","href":"https:\/\/api.w.org\/{rel}","templated":true}]}}