{"id":36010,"date":"2025-10-06T12:36:03","date_gmt":"2025-10-06T12:36:03","guid":{"rendered":"https:\/\/tabernaculoprensadedios.com\/web\/?p=36010"},"modified":"2025-10-07T00:01:55","modified_gmt":"2025-10-07T00:01:55","slug":"una-luz-entre-los-libros-presencia-cristiana-deja-huella-en-la-feria-internacional-del-libro-2025","status":"publish","type":"post","link":"https:\/\/tabernaculoprensadedios.com\/web\/una-luz-entre-los-libros-presencia-cristiana-deja-huella-en-la-feria-internacional-del-libro-2025\/","title":{"rendered":"Una luz entre los libros: presencia cristiana deja huella en la Feria Internacional del Libro 2025"},"content":{"rendered":"<p>En medio del bullicio cultural y literario de la Vig\u00e9simo S\u00e9ptima Feria Internacional del Libro Santo Domingo 2025, un rinc\u00f3n especial brill\u00f3 con prop\u00f3sito distinto: el de llevar esperanza, fe y valores a trav\u00e9s de la palabra escrita. Aunque su presencia fue discreta, las librer\u00edas cristianas se hicieron sentir de manera significativa, demostrando que la literatura espiritual sigue teniendo un espacio esencial en la vida de muchos dominicanos.<\/p>\n<p>Entre las 39 editoras y librer\u00edas nacionales participantes, destacaron con calidez y firmeza Expres\u00f3 Educativo, Bibliodom, Librer\u00eda Cristiana Mensajes de Vida y la Sociedad B\u00edblica Dominicana, agrupadas este a\u00f1o en<br \/>\nel acogedor \u201cPabell\u00f3n Rinc\u00f3n del Libro\u201d, un espacio de encuentro entre el alma, la lectura y el pensamiento.<\/p>\n<p>Durante los diez d\u00edas de feria, cientos de visitantes se acercaron a este pabell\u00f3n en busca de Biblias, devocionales, textos para el crecimiento espiritual y literatura infantil cargada de valores. Muchos encontraron m\u00e1s que un libro: hallaron palabras de consuelo, fe y reflexi\u00f3n.<\/p>\n<p>Julio C\u00e9sar L\u00e1zala, representante de la Sociedad B\u00edblica Dominicana, expres\u00f3 al ser entrevistado que las ventas fueron aceptables, sobre todo en el segmento infantil. \u201cNos alegra ver el inter\u00e9s por materiales que promueven<br \/>\nvalores como la esperanza, la solidaridad y el amor. Estos libros son semillas que transforman corazones\u201d, afirm\u00f3.<\/p>\n<p><img loading=\"lazy\" decoding=\"async\" class=\"alignnone size-full wp-image-36026\" src=\"https:\/\/tabernaculoprensadedios.com\/web\/wp-content\/uploads\/2025\/10\/feria-dellibro.avif\" alt=\"\" width=\"1300\" height=\"830\" \/><\/p>\n<p>La Feria Internacional del Libro, organizada por el Viceministerio de Identidad Cultural y Ciudadan\u00eda, cerr\u00f3 sus puertas el domingo 5 de octubre tras una intensa jornada que reuni\u00f3 a 39 editoras nacionales y 24 internacionales, consolid\u00e1ndose como la mayor cita literaria del pa\u00eds.<\/p>\n<p>Se ofrecieron m\u00e1s de 600 actividades entre presentaciones, talleres, conferencias, coloquios y encuentros en 15\u00a0 abellones tem\u00e1ticos, tres salas de conferencias y m\u00e1s de un centenar de espacios para la exhibici\u00f3n y venta de<br \/>\nlibros.<\/p>\n<p>Pero m\u00e1s all\u00e1 de las cifras y los aplausos, esta feria dej\u00f3 una ense\u00f1anza poderosa: la palabra escrita sigue siendo puente entre la mente y el esp\u00edritu. La presencia de las librer\u00edas cristianas record\u00f3 que la lectura tambi\u00e9n puede ser una experiencia de fe, una oportunidad para edificar la vida interior y cultivar el alma.<\/p>\n<p>La Feria del Libro, m\u00e1s que un evento, es una celebraci\u00f3n de la creatividad humana, del arte de pensar y de la necesidad de comunicar lo invisible. Y en ese vasto universo de letras, la luz de la fe contin\u00faa encontrando su espacio, serena pero firme, como una l\u00e1mpara que no se apaga.<\/p>\n<p><img loading=\"lazy\" decoding=\"async\" class=\"alignnone size-full wp-image-36028\" src=\"https:\/\/tabernaculoprensadedios.com\/web\/wp-content\/uploads\/2025\/10\/WhatsApp-Image-2025-10-06-at-19.34.42_404fe97a.avif\" alt=\"\" width=\"1504\" height=\"1004\" \/><\/p>\n","protected":false},"excerpt":{"rendered":"<p>En medio del bullicio cultural y literario de la Vig\u00e9simo S\u00e9ptima Feria Internacional del Libro Santo Domingo 2025, un rinc\u00f3n especial brill\u00f3 con prop\u00f3sito distinto: el de llevar esperanza, fe y valores a trav\u00e9s de la palabra escrita. Aunque su presencia fue discreta, las librer\u00edas cristianas se hicieron sentir de manera significativa, demostrando que la &hellip;<\/p>\n","protected":false},"author":1,"featured_media":36032,"comment_status":"open","ping_status":"open","sticky":false,"template":"","format":"standard","meta":{"footnotes":""},"categories":[39],"tags":[],"class_list":["post-36010","post","type-post","status-publish","format-standard","has-post-thumbnail","hentry","category-almomento"],"yoast_head":"<!-- This site is optimized with the Yoast SEO Premium plugin v24.2 (Yoast SEO v27.1.1) - https:\/\/yoast.com\/product\/yoast-seo-premium-wordpress\/ -->\n<title>Una luz entre los libros: presencia cristiana deja huella en la Feria Internacional del Libro 2025 - Tabernaculo Prensa de Dios<\/title>\n<meta name=\"description\" content=\"En medio del bullicio cultural y literario de la Vig\u00e9simo S\u00e9ptima Feria Internacional del Libro Santo Domingo 2025, un rinc\u00f3n especial brill\u00f3 con prop\u00f3sito distinto: el de llevar esperanza, fe y valores a trav\u00e9s de la palabra escrita\" class=\"yoast-seo-meta-tag\" \/>\n<meta name=\"robots\" content=\"index, follow, max-snippet:-1, max-image-preview:large, max-video-preview:-1\" \/>\n<link rel=\"canonical\" href=\"https:\/\/tabernaculoprensadedios.com\/web\/una-luz-entre-los-libros-presencia-cristiana-deja-huella-en-la-feria-internacional-del-libro-2025\/\" class=\"yoast-seo-meta-tag\" \/>\n<meta property=\"og:locale\" content=\"es_ES\" class=\"yoast-seo-meta-tag\" \/>\n<meta property=\"og:type\" content=\"article\" class=\"yoast-seo-meta-tag\" \/>\n<meta property=\"og:title\" content=\"Una luz entre los libros: presencia cristiana deja huella en la Feria Internacional del Libro 2025\" class=\"yoast-seo-meta-tag\" \/>\n<meta property=\"og:description\" content=\"En medio del bullicio cultural y literario de la Vig\u00e9simo S\u00e9ptima Feria Internacional del Libro Santo Domingo 2025, un rinc\u00f3n especial brill\u00f3 con prop\u00f3sito distinto: el de llevar esperanza, fe y valores a trav\u00e9s de la palabra escrita\" class=\"yoast-seo-meta-tag\" \/>\n<meta property=\"og:url\" content=\"https:\/\/tabernaculoprensadedios.com\/web\/una-luz-entre-los-libros-presencia-cristiana-deja-huella-en-la-feria-internacional-del-libro-2025\/\" class=\"yoast-seo-meta-tag\" \/>\n<meta property=\"og:site_name\" content=\"Tabernaculo Prensa de Dios\" class=\"yoast-seo-meta-tag\" \/>\n<meta property=\"article:published_time\" content=\"2025-10-06T12:36:03+00:00\" class=\"yoast-seo-meta-tag\" \/>\n<meta property=\"article:modified_time\" content=\"2025-10-07T00:01:55+00:00\" class=\"yoast-seo-meta-tag\" \/>\n<meta property=\"og:image\" content=\"https:\/\/tabernaculoprensadedios.com\/web\/wp-content\/uploads\/2025\/10\/pabellon-dellibro.avif\" class=\"yoast-seo-meta-tag\" \/>\n\t<meta property=\"og:image:width\" content=\"1300\" class=\"yoast-seo-meta-tag\" \/>\n\t<meta property=\"og:image:height\" content=\"867\" class=\"yoast-seo-meta-tag\" \/>\n\t<meta property=\"og:image:type\" content=\"image\/jpeg\" class=\"yoast-seo-meta-tag\" \/>\n<meta name=\"author\" content=\"tabernaculo\" class=\"yoast-seo-meta-tag\" \/>\n<meta name=\"twitter:card\" content=\"summary_large_image\" class=\"yoast-seo-meta-tag\" \/>\n<meta name=\"twitter:creator\" content=\"@PrensadeDios\" class=\"yoast-seo-meta-tag\" \/>\n<meta name=\"twitter:site\" content=\"@PrensadeDios\" class=\"yoast-seo-meta-tag\" \/>\n<meta name=\"twitter:label1\" content=\"Escrito por\" class=\"yoast-seo-meta-tag\" \/>\n\t<meta name=\"twitter:data1\" content=\"tabernaculo\" class=\"yoast-seo-meta-tag\" \/>\n\t<meta name=\"twitter:label2\" content=\"Tiempo de lectura\" class=\"yoast-seo-meta-tag\" \/>\n\t<meta name=\"twitter:data2\" content=\"3 minutos\" class=\"yoast-seo-meta-tag\" \/>\n<script type=\"application\/ld+json\" class=\"yoast-schema-graph\">{\"@context\":\"https:\/\/schema.org\",\"@graph\":[{\"@type\":\"Article\",\"@id\":\"https:\/\/tabernaculoprensadedios.com\/web\/una-luz-entre-los-libros-presencia-cristiana-deja-huella-en-la-feria-internacional-del-libro-2025\/#article\",\"isPartOf\":{\"@id\":\"https:\/\/tabernaculoprensadedios.com\/web\/una-luz-entre-los-libros-presencia-cristiana-deja-huella-en-la-feria-internacional-del-libro-2025\/\"},\"author\":{\"name\":\"tabernaculo\",\"@id\":\"https:\/\/tabernaculoprensadedios.com\/web\/#\/schema\/person\/bc0e069fef56b38e177db6f098ae0b6e\"},\"headline\":\"Una luz entre los libros: presencia cristiana deja huella en la Feria Internacional del Libro 2025\",\"datePublished\":\"2025-10-06T12:36:03+00:00\",\"dateModified\":\"2025-10-07T00:01:55+00:00\",\"mainEntityOfPage\":{\"@id\":\"https:\/\/tabernaculoprensadedios.com\/web\/una-luz-entre-los-libros-presencia-cristiana-deja-huella-en-la-feria-internacional-del-libro-2025\/\"},\"wordCount\":439,\"commentCount\":0,\"publisher\":{\"@id\":\"https:\/\/tabernaculoprensadedios.com\/web\/#\/schema\/person\/bc0e069fef56b38e177db6f098ae0b6e\"},\"image\":{\"@id\":\"https:\/\/tabernaculoprensadedios.com\/web\/una-luz-entre-los-libros-presencia-cristiana-deja-huella-en-la-feria-internacional-del-libro-2025\/#primaryimage\"},\"thumbnailUrl\":\"https:\/\/tabernaculoprensadedios.com\/web\/wp-content\/uploads\/2025\/10\/pabellon-dellibro.avif\",\"articleSection\":[\"almomento\"],\"inLanguage\":\"es\",\"potentialAction\":[{\"@type\":\"CommentAction\",\"name\":\"Comment\",\"target\":[\"https:\/\/tabernaculoprensadedios.com\/web\/una-luz-entre-los-libros-presencia-cristiana-deja-huella-en-la-feria-internacional-del-libro-2025\/#respond\"]}]},{\"@type\":\"WebPage\",\"@id\":\"https:\/\/tabernaculoprensadedios.com\/web\/una-luz-entre-los-libros-presencia-cristiana-deja-huella-en-la-feria-internacional-del-libro-2025\/\",\"url\":\"https:\/\/tabernaculoprensadedios.com\/web\/una-luz-entre-los-libros-presencia-cristiana-deja-huella-en-la-feria-internacional-del-libro-2025\/\",\"name\":\"Una luz entre los libros: presencia cristiana deja huella en la Feria Internacional del Libro 2025 - Tabernaculo Prensa de Dios\",\"isPartOf\":{\"@id\":\"https:\/\/tabernaculoprensadedios.com\/web\/#website\"},\"primaryImageOfPage\":{\"@id\":\"https:\/\/tabernaculoprensadedios.com\/web\/una-luz-entre-los-libros-presencia-cristiana-deja-huella-en-la-feria-internacional-del-libro-2025\/#primaryimage\"},\"image\":{\"@id\":\"https:\/\/tabernaculoprensadedios.com\/web\/una-luz-entre-los-libros-presencia-cristiana-deja-huella-en-la-feria-internacional-del-libro-2025\/#primaryimage\"},\"thumbnailUrl\":\"https:\/\/tabernaculoprensadedios.com\/web\/wp-content\/uploads\/2025\/10\/pabellon-dellibro.avif\",\"datePublished\":\"2025-10-06T12:36:03+00:00\",\"dateModified\":\"2025-10-07T00:01:55+00:00\",\"description\":\"En medio del bullicio cultural y literario de la Vig\u00e9simo S\u00e9ptima Feria Internacional del Libro Santo Domingo 2025, un rinc\u00f3n especial brill\u00f3 con prop\u00f3sito distinto: el de llevar esperanza, fe y valores a trav\u00e9s de la palabra escrita\",\"breadcrumb\":{\"@id\":\"https:\/\/tabernaculoprensadedios.com\/web\/una-luz-entre-los-libros-presencia-cristiana-deja-huella-en-la-feria-internacional-del-libro-2025\/#breadcrumb\"},\"inLanguage\":\"es\",\"potentialAction\":[{\"@type\":\"ReadAction\",\"target\":[\"https:\/\/tabernaculoprensadedios.com\/web\/una-luz-entre-los-libros-presencia-cristiana-deja-huella-en-la-feria-internacional-del-libro-2025\/\"]}]},{\"@type\":\"ImageObject\",\"inLanguage\":\"es\",\"@id\":\"https:\/\/tabernaculoprensadedios.com\/web\/una-luz-entre-los-libros-presencia-cristiana-deja-huella-en-la-feria-internacional-del-libro-2025\/#primaryimage\",\"url\":\"https:\/\/tabernaculoprensadedios.com\/web\/wp-content\/uploads\/2025\/10\/pabellon-dellibro.avif\",\"contentUrl\":\"https:\/\/tabernaculoprensadedios.com\/web\/wp-content\/uploads\/2025\/10\/pabellon-dellibro.avif\",\"width\":1300,\"height\":867},{\"@type\":\"BreadcrumbList\",\"@id\":\"https:\/\/tabernaculoprensadedios.com\/web\/una-luz-entre-los-libros-presencia-cristiana-deja-huella-en-la-feria-internacional-del-libro-2025\/#breadcrumb\",\"itemListElement\":[{\"@type\":\"ListItem\",\"position\":1,\"name\":\"Portada\",\"item\":\"https:\/\/tabernaculoprensadedios.com\/web\/\"},{\"@type\":\"ListItem\",\"position\":2,\"name\":\"Una luz entre los libros: presencia cristiana deja huella en la Feria Internacional del Libro 2025\"}]},{\"@type\":\"WebSite\",\"@id\":\"https:\/\/tabernaculoprensadedios.com\/web\/#website\",\"url\":\"https:\/\/tabernaculoprensadedios.com\/web\/\",\"name\":\"Tabernaculo Prensa de Dios\",\"description\":\"Un medio a la manera de Dios\",\"publisher\":{\"@id\":\"https:\/\/tabernaculoprensadedios.com\/web\/#\/schema\/person\/bc0e069fef56b38e177db6f098ae0b6e\"},\"potentialAction\":[{\"@type\":\"SearchAction\",\"target\":{\"@type\":\"EntryPoint\",\"urlTemplate\":\"https:\/\/tabernaculoprensadedios.com\/web\/?s={search_term_string}\"},\"query-input\":{\"@type\":\"PropertyValueSpecification\",\"valueRequired\":true,\"valueName\":\"search_term_string\"}}],\"inLanguage\":\"es\"},{\"@type\":[\"Person\",\"Organization\"],\"@id\":\"https:\/\/tabernaculoprensadedios.com\/web\/#\/schema\/person\/bc0e069fef56b38e177db6f098ae0b6e\",\"name\":\"tabernaculo\",\"image\":{\"@type\":\"ImageObject\",\"inLanguage\":\"es\",\"@id\":\"https:\/\/tabernaculoprensadedios.com\/web\/#\/schema\/person\/image\/\",\"url\":\"https:\/\/tabernaculoprensadedios.com\/web\/wp-content\/uploads\/2015\/06\/login-logo1.png\",\"contentUrl\":\"https:\/\/tabernaculoprensadedios.com\/web\/wp-content\/uploads\/2015\/06\/login-logo1.png\",\"width\":300,\"height\":118,\"caption\":\"tabernaculo\"},\"logo\":{\"@id\":\"https:\/\/tabernaculoprensadedios.com\/web\/#\/schema\/person\/image\/\"},\"url\":\"https:\/\/tabernaculoprensadedios.com\/web\/author\/tabernaculo\/\"}]}<\/script>\n<!-- \/ Yoast SEO Premium plugin. -->","yoast_head_json":{"title":"Una luz entre los libros: presencia cristiana deja huella en la Feria Internacional del Libro 2025 - Tabernaculo Prensa de Dios","description":"En medio del bullicio cultural y literario de la Vig\u00e9simo S\u00e9ptima Feria Internacional del Libro Santo Domingo 2025, un rinc\u00f3n especial brill\u00f3 con prop\u00f3sito distinto: el de llevar esperanza, fe y valores a trav\u00e9s de la palabra escrita","robots":{"index":"index","follow":"follow","max-snippet":"max-snippet:-1","max-image-preview":"max-image-preview:large","max-video-preview":"max-video-preview:-1"},"canonical":"https:\/\/tabernaculoprensadedios.com\/web\/una-luz-entre-los-libros-presencia-cristiana-deja-huella-en-la-feria-internacional-del-libro-2025\/","og_locale":"es_ES","og_type":"article","og_title":"Una luz entre los libros: presencia cristiana deja huella en la Feria Internacional del Libro 2025","og_description":"En medio del bullicio cultural y literario de la Vig\u00e9simo S\u00e9ptima Feria Internacional del Libro Santo Domingo 2025, un rinc\u00f3n especial brill\u00f3 con prop\u00f3sito distinto: el de llevar esperanza, fe y valores a trav\u00e9s de la palabra escrita","og_url":"https:\/\/tabernaculoprensadedios.com\/web\/una-luz-entre-los-libros-presencia-cristiana-deja-huella-en-la-feria-internacional-del-libro-2025\/","og_site_name":"Tabernaculo Prensa de Dios","article_published_time":"2025-10-06T12:36:03+00:00","article_modified_time":"2025-10-07T00:01:55+00:00","og_image":[{"width":1300,"height":867,"url":"https:\/\/tabernaculoprensadedios.com\/web\/wp-content\/uploads\/2025\/10\/pabellon-dellibro.avif","type":"image\/jpeg"}],"author":"tabernaculo","twitter_card":"summary_large_image","twitter_creator":"@PrensadeDios","twitter_site":"@PrensadeDios","twitter_misc":{"Escrito por":"tabernaculo","Tiempo de lectura":"3 minutos"},"schema":{"@context":"https:\/\/schema.org","@graph":[{"@type":"Article","@id":"https:\/\/tabernaculoprensadedios.com\/web\/una-luz-entre-los-libros-presencia-cristiana-deja-huella-en-la-feria-internacional-del-libro-2025\/#article","isPartOf":{"@id":"https:\/\/tabernaculoprensadedios.com\/web\/una-luz-entre-los-libros-presencia-cristiana-deja-huella-en-la-feria-internacional-del-libro-2025\/"},"author":{"name":"tabernaculo","@id":"https:\/\/tabernaculoprensadedios.com\/web\/#\/schema\/person\/bc0e069fef56b38e177db6f098ae0b6e"},"headline":"Una luz entre los libros: presencia cristiana deja huella en la Feria Internacional del Libro 2025","datePublished":"2025-10-06T12:36:03+00:00","dateModified":"2025-10-07T00:01:55+00:00","mainEntityOfPage":{"@id":"https:\/\/tabernaculoprensadedios.com\/web\/una-luz-entre-los-libros-presencia-cristiana-deja-huella-en-la-feria-internacional-del-libro-2025\/"},"wordCount":439,"commentCount":0,"publisher":{"@id":"https:\/\/tabernaculoprensadedios.com\/web\/#\/schema\/person\/bc0e069fef56b38e177db6f098ae0b6e"},"image":{"@id":"https:\/\/tabernaculoprensadedios.com\/web\/una-luz-entre-los-libros-presencia-cristiana-deja-huella-en-la-feria-internacional-del-libro-2025\/#primaryimage"},"thumbnailUrl":"https:\/\/tabernaculoprensadedios.com\/web\/wp-content\/uploads\/2025\/10\/pabellon-dellibro.avif","articleSection":["almomento"],"inLanguage":"es","potentialAction":[{"@type":"CommentAction","name":"Comment","target":["https:\/\/tabernaculoprensadedios.com\/web\/una-luz-entre-los-libros-presencia-cristiana-deja-huella-en-la-feria-internacional-del-libro-2025\/#respond"]}]},{"@type":"WebPage","@id":"https:\/\/tabernaculoprensadedios.com\/web\/una-luz-entre-los-libros-presencia-cristiana-deja-huella-en-la-feria-internacional-del-libro-2025\/","url":"https:\/\/tabernaculoprensadedios.com\/web\/una-luz-entre-los-libros-presencia-cristiana-deja-huella-en-la-feria-internacional-del-libro-2025\/","name":"Una luz entre los libros: presencia cristiana deja huella en la Feria Internacional del Libro 2025 - Tabernaculo Prensa de Dios","isPartOf":{"@id":"https:\/\/tabernaculoprensadedios.com\/web\/#website"},"primaryImageOfPage":{"@id":"https:\/\/tabernaculoprensadedios.com\/web\/una-luz-entre-los-libros-presencia-cristiana-deja-huella-en-la-feria-internacional-del-libro-2025\/#primaryimage"},"image":{"@id":"https:\/\/tabernaculoprensadedios.com\/web\/una-luz-entre-los-libros-presencia-cristiana-deja-huella-en-la-feria-internacional-del-libro-2025\/#primaryimage"},"thumbnailUrl":"https:\/\/tabernaculoprensadedios.com\/web\/wp-content\/uploads\/2025\/10\/pabellon-dellibro.avif","datePublished":"2025-10-06T12:36:03+00:00","dateModified":"2025-10-07T00:01:55+00:00","description":"En medio del bullicio cultural y literario de la Vig\u00e9simo S\u00e9ptima Feria Internacional del Libro Santo Domingo 2025, un rinc\u00f3n especial brill\u00f3 con prop\u00f3sito distinto: el de llevar esperanza, fe y valores a trav\u00e9s de la palabra escrita","breadcrumb":{"@id":"https:\/\/tabernaculoprensadedios.com\/web\/una-luz-entre-los-libros-presencia-cristiana-deja-huella-en-la-feria-internacional-del-libro-2025\/#breadcrumb"},"inLanguage":"es","potentialAction":[{"@type":"ReadAction","target":["https:\/\/tabernaculoprensadedios.com\/web\/una-luz-entre-los-libros-presencia-cristiana-deja-huella-en-la-feria-internacional-del-libro-2025\/"]}]},{"@type":"ImageObject","inLanguage":"es","@id":"https:\/\/tabernaculoprensadedios.com\/web\/una-luz-entre-los-libros-presencia-cristiana-deja-huella-en-la-feria-internacional-del-libro-2025\/#primaryimage","url":"https:\/\/tabernaculoprensadedios.com\/web\/wp-content\/uploads\/2025\/10\/pabellon-dellibro.avif","contentUrl":"https:\/\/tabernaculoprensadedios.com\/web\/wp-content\/uploads\/2025\/10\/pabellon-dellibro.avif","width":1300,"height":867},{"@type":"BreadcrumbList","@id":"https:\/\/tabernaculoprensadedios.com\/web\/una-luz-entre-los-libros-presencia-cristiana-deja-huella-en-la-feria-internacional-del-libro-2025\/#breadcrumb","itemListElement":[{"@type":"ListItem","position":1,"name":"Portada","item":"https:\/\/tabernaculoprensadedios.com\/web\/"},{"@type":"ListItem","position":2,"name":"Una luz entre los libros: presencia cristiana deja huella en la Feria Internacional del Libro 2025"}]},{"@type":"WebSite","@id":"https:\/\/tabernaculoprensadedios.com\/web\/#website","url":"https:\/\/tabernaculoprensadedios.com\/web\/","name":"Tabernaculo Prensa de Dios","description":"Un medio a la manera de Dios","publisher":{"@id":"https:\/\/tabernaculoprensadedios.com\/web\/#\/schema\/person\/bc0e069fef56b38e177db6f098ae0b6e"},"potentialAction":[{"@type":"SearchAction","target":{"@type":"EntryPoint","urlTemplate":"https:\/\/tabernaculoprensadedios.com\/web\/?s={search_term_string}"},"query-input":{"@type":"PropertyValueSpecification","valueRequired":true,"valueName":"search_term_string"}}],"inLanguage":"es"},{"@type":["Person","Organization"],"@id":"https:\/\/tabernaculoprensadedios.com\/web\/#\/schema\/person\/bc0e069fef56b38e177db6f098ae0b6e","name":"tabernaculo","image":{"@type":"ImageObject","inLanguage":"es","@id":"https:\/\/tabernaculoprensadedios.com\/web\/#\/schema\/person\/image\/","url":"https:\/\/tabernaculoprensadedios.com\/web\/wp-content\/uploads\/2015\/06\/login-logo1.png","contentUrl":"https:\/\/tabernaculoprensadedios.com\/web\/wp-content\/uploads\/2015\/06\/login-logo1.png","width":300,"height":118,"caption":"tabernaculo"},"logo":{"@id":"https:\/\/tabernaculoprensadedios.com\/web\/#\/schema\/person\/image\/"},"url":"https:\/\/tabernaculoprensadedios.com\/web\/author\/tabernaculo\/"}]}},"_links":{"self":[{"href":"https:\/\/tabernaculoprensadedios.com\/web\/wp-json\/wp\/v2\/posts\/36010","targetHints":{"allow":["GET"]}}],"collection":[{"href":"https:\/\/tabernaculoprensadedios.com\/web\/wp-json\/wp\/v2\/posts"}],"about":[{"href":"https:\/\/tabernaculoprensadedios.com\/web\/wp-json\/wp\/v2\/types\/post"}],"author":[{"embeddable":true,"href":"https:\/\/tabernaculoprensadedios.com\/web\/wp-json\/wp\/v2\/users\/1"}],"replies":[{"embeddable":true,"href":"https:\/\/tabernaculoprensadedios.com\/web\/wp-json\/wp\/v2\/comments?post=36010"}],"version-history":[{"count":6,"href":"https:\/\/tabernaculoprensadedios.com\/web\/wp-json\/wp\/v2\/posts\/36010\/revisions"}],"predecessor-version":[{"id":36033,"href":"https:\/\/tabernaculoprensadedios.com\/web\/wp-json\/wp\/v2\/posts\/36010\/revisions\/36033"}],"wp:featuredmedia":[{"embeddable":true,"href":"https:\/\/tabernaculoprensadedios.com\/web\/wp-json\/wp\/v2\/media\/36032"}],"wp:attachment":[{"href":"https:\/\/tabernaculoprensadedios.com\/web\/wp-json\/wp\/v2\/media?parent=36010"}],"wp:term":[{"taxonomy":"category","embeddable":true,"href":"https:\/\/tabernaculoprensadedios.com\/web\/wp-json\/wp\/v2\/categories?post=36010"},{"taxonomy":"post_tag","embeddable":true,"href":"https:\/\/tabernaculoprensadedios.com\/web\/wp-json\/wp\/v2\/tags?post=36010"}],"curies":[{"name":"wp","href":"https:\/\/api.w.org\/{rel}","templated":true}]}}