{"id":35997,"date":"2025-10-06T12:31:40","date_gmt":"2025-10-06T12:31:40","guid":{"rendered":"https:\/\/tabernaculoprensadedios.com\/web\/?p=35997"},"modified":"2025-10-06T23:32:07","modified_gmt":"2025-10-06T23:32:07","slug":"iglesia-fundamento-biblico-lanza-programa-sendas-biblicas","status":"publish","type":"post","link":"https:\/\/tabernaculoprensadedios.com\/web\/iglesia-fundamento-biblico-lanza-programa-sendas-biblicas\/","title":{"rendered":"Iglesia Fundamento B\u00edblico lanza programa \u201cSendas B\u00edblicas\u201d"},"content":{"rendered":"<p>Santo Domingo Este La <strong>Iglesia Fundamento B\u00edblico (IFB)<\/strong> present\u00f3 a pastores y l\u00edderes del municipio el programa internacional <strong>\u201cSendas B\u00edblicas\u201d<\/strong>, dise\u00f1ado para fortalecer la ense\u00f1anza y predicaci\u00f3n de la Palabra de Dios.<\/p>\n<p>El pastor <strong>\u00c1ngel Castillo<\/strong> explic\u00f3 que el objetivo es <strong>equipar a l\u00edderes locales para multiplicar la formaci\u00f3n recibida<\/strong>, promoviendo iglesias m\u00e1s saludables y l\u00edderes b\u00edblicamente preparados.<\/p>\n<p>El programa, impartido por <strong>Scott James Carter<\/strong>, se desarrolla en <strong>talleres interactivos<\/strong> que ense\u00f1an a estudiar, predicar y vivir la Palabra. Con presencia en m\u00e1s de <strong>40 pa\u00edses<\/strong>, su lema es <strong>\u201cCapacitando a los Entrenadores\u201d<\/strong>.<\/p>\n<p>Cada taller re\u00fane entre 8 y 16 pastores o l\u00edderes, quienes luego reproducen la capacitaci\u00f3n en sus comunidades. La IFB reafirm\u00f3 su compromiso de continuar impulsando este programa, que iniciar\u00e1 en 2026 en el <strong>Ensanche Ozama, SDE<\/strong>.<\/p>\n<p><img loading=\"lazy\" decoding=\"async\" class=\"alignnone size-full wp-image-36021\" src=\"https:\/\/tabernaculoprensadedios.com\/web\/wp-content\/uploads\/2025\/10\/FOTO-1-participantes.avif\" alt=\"\" width=\"1280\" height=\"960\" \/><\/p>\n","protected":false},"excerpt":{"rendered":"<p>Santo Domingo Este La Iglesia Fundamento B\u00edblico (IFB) present\u00f3 a pastores y l\u00edderes del municipio el programa internacional \u201cSendas B\u00edblicas\u201d, dise\u00f1ado para fortalecer la ense\u00f1anza y predicaci\u00f3n de la Palabra de Dios. El pastor \u00c1ngel Castillo explic\u00f3 que el objetivo es equipar a l\u00edderes locales para multiplicar la formaci\u00f3n recibida, promoviendo iglesias m\u00e1s saludables y &hellip;<\/p>\n","protected":false},"author":1,"featured_media":36022,"comment_status":"open","ping_status":"open","sticky":false,"template":"","format":"standard","meta":{"footnotes":""},"categories":[39],"tags":[],"class_list":["post-35997","post","type-post","status-publish","format-standard","has-post-thumbnail","hentry","category-almomento"],"yoast_head":"<!-- This site is optimized with the Yoast SEO Premium plugin v24.2 (Yoast SEO v27.1.1) - https:\/\/yoast.com\/product\/yoast-seo-premium-wordpress\/ -->\n<title>Iglesia Fundamento B\u00edblico lanza programa \u201cSendas B\u00edblicas\u201d - Tabernaculo Prensa de Dios<\/title>\n<meta name=\"robots\" content=\"index, follow, max-snippet:-1, max-image-preview:large, max-video-preview:-1\" \/>\n<link rel=\"canonical\" href=\"https:\/\/tabernaculoprensadedios.com\/web\/iglesia-fundamento-biblico-lanza-programa-sendas-biblicas\/\" class=\"yoast-seo-meta-tag\" \/>\n<meta property=\"og:locale\" content=\"es_ES\" class=\"yoast-seo-meta-tag\" \/>\n<meta property=\"og:type\" content=\"article\" class=\"yoast-seo-meta-tag\" \/>\n<meta property=\"og:title\" content=\"Iglesia Fundamento B\u00edblico lanza programa \u201cSendas B\u00edblicas\u201d\" class=\"yoast-seo-meta-tag\" \/>\n<meta property=\"og:description\" content=\"Santo Domingo Este La Iglesia Fundamento B\u00edblico (IFB) present\u00f3 a pastores y l\u00edderes del municipio el programa internacional \u201cSendas B\u00edblicas\u201d, dise\u00f1ado para fortalecer la ense\u00f1anza y predicaci\u00f3n de la Palabra de Dios. El pastor \u00c1ngel Castillo explic\u00f3 que el objetivo es equipar a l\u00edderes locales para multiplicar la formaci\u00f3n recibida, promoviendo iglesias m\u00e1s saludables y &hellip;\" class=\"yoast-seo-meta-tag\" \/>\n<meta property=\"og:url\" content=\"https:\/\/tabernaculoprensadedios.com\/web\/iglesia-fundamento-biblico-lanza-programa-sendas-biblicas\/\" class=\"yoast-seo-meta-tag\" \/>\n<meta property=\"og:site_name\" content=\"Tabernaculo Prensa de Dios\" class=\"yoast-seo-meta-tag\" \/>\n<meta property=\"article:published_time\" content=\"2025-10-06T12:31:40+00:00\" class=\"yoast-seo-meta-tag\" \/>\n<meta property=\"article:modified_time\" content=\"2025-10-06T23:32:07+00:00\" class=\"yoast-seo-meta-tag\" \/>\n<meta property=\"og:image\" content=\"https:\/\/tabernaculoprensadedios.com\/web\/wp-content\/uploads\/2025\/10\/FOTO-2-expositor.avif\" class=\"yoast-seo-meta-tag\" \/>\n\t<meta property=\"og:image:width\" content=\"1280\" class=\"yoast-seo-meta-tag\" \/>\n\t<meta property=\"og:image:height\" content=\"960\" class=\"yoast-seo-meta-tag\" \/>\n\t<meta property=\"og:image:type\" content=\"image\/jpeg\" class=\"yoast-seo-meta-tag\" \/>\n<meta name=\"author\" content=\"tabernaculo\" class=\"yoast-seo-meta-tag\" \/>\n<meta name=\"twitter:card\" content=\"summary_large_image\" class=\"yoast-seo-meta-tag\" \/>\n<meta name=\"twitter:creator\" content=\"@PrensadeDios\" class=\"yoast-seo-meta-tag\" \/>\n<meta name=\"twitter:site\" content=\"@PrensadeDios\" class=\"yoast-seo-meta-tag\" \/>\n<meta name=\"twitter:label1\" content=\"Escrito por\" class=\"yoast-seo-meta-tag\" \/>\n\t<meta name=\"twitter:data1\" content=\"tabernaculo\" class=\"yoast-seo-meta-tag\" \/>\n\t<meta name=\"twitter:label2\" content=\"Tiempo de lectura\" class=\"yoast-seo-meta-tag\" \/>\n\t<meta name=\"twitter:data2\" content=\"1 minuto\" class=\"yoast-seo-meta-tag\" \/>\n<script type=\"application\/ld+json\" class=\"yoast-schema-graph\">{\"@context\":\"https:\/\/schema.org\",\"@graph\":[{\"@type\":\"Article\",\"@id\":\"https:\/\/tabernaculoprensadedios.com\/web\/iglesia-fundamento-biblico-lanza-programa-sendas-biblicas\/#article\",\"isPartOf\":{\"@id\":\"https:\/\/tabernaculoprensadedios.com\/web\/iglesia-fundamento-biblico-lanza-programa-sendas-biblicas\/\"},\"author\":{\"name\":\"tabernaculo\",\"@id\":\"https:\/\/tabernaculoprensadedios.com\/web\/#\/schema\/person\/bc0e069fef56b38e177db6f098ae0b6e\"},\"headline\":\"Iglesia Fundamento B\u00edblico lanza programa \u201cSendas B\u00edblicas\u201d\",\"datePublished\":\"2025-10-06T12:31:40+00:00\",\"dateModified\":\"2025-10-06T23:32:07+00:00\",\"mainEntityOfPage\":{\"@id\":\"https:\/\/tabernaculoprensadedios.com\/web\/iglesia-fundamento-biblico-lanza-programa-sendas-biblicas\/\"},\"wordCount\":152,\"commentCount\":0,\"publisher\":{\"@id\":\"https:\/\/tabernaculoprensadedios.com\/web\/#\/schema\/person\/bc0e069fef56b38e177db6f098ae0b6e\"},\"image\":{\"@id\":\"https:\/\/tabernaculoprensadedios.com\/web\/iglesia-fundamento-biblico-lanza-programa-sendas-biblicas\/#primaryimage\"},\"thumbnailUrl\":\"https:\/\/tabernaculoprensadedios.com\/web\/wp-content\/uploads\/2025\/10\/FOTO-2-expositor.avif\",\"articleSection\":[\"almomento\"],\"inLanguage\":\"es\",\"potentialAction\":[{\"@type\":\"CommentAction\",\"name\":\"Comment\",\"target\":[\"https:\/\/tabernaculoprensadedios.com\/web\/iglesia-fundamento-biblico-lanza-programa-sendas-biblicas\/#respond\"]}]},{\"@type\":\"WebPage\",\"@id\":\"https:\/\/tabernaculoprensadedios.com\/web\/iglesia-fundamento-biblico-lanza-programa-sendas-biblicas\/\",\"url\":\"https:\/\/tabernaculoprensadedios.com\/web\/iglesia-fundamento-biblico-lanza-programa-sendas-biblicas\/\",\"name\":\"Iglesia Fundamento B\u00edblico lanza programa \u201cSendas B\u00edblicas\u201d - Tabernaculo Prensa de Dios\",\"isPartOf\":{\"@id\":\"https:\/\/tabernaculoprensadedios.com\/web\/#website\"},\"primaryImageOfPage\":{\"@id\":\"https:\/\/tabernaculoprensadedios.com\/web\/iglesia-fundamento-biblico-lanza-programa-sendas-biblicas\/#primaryimage\"},\"image\":{\"@id\":\"https:\/\/tabernaculoprensadedios.com\/web\/iglesia-fundamento-biblico-lanza-programa-sendas-biblicas\/#primaryimage\"},\"thumbnailUrl\":\"https:\/\/tabernaculoprensadedios.com\/web\/wp-content\/uploads\/2025\/10\/FOTO-2-expositor.avif\",\"datePublished\":\"2025-10-06T12:31:40+00:00\",\"dateModified\":\"2025-10-06T23:32:07+00:00\",\"breadcrumb\":{\"@id\":\"https:\/\/tabernaculoprensadedios.com\/web\/iglesia-fundamento-biblico-lanza-programa-sendas-biblicas\/#breadcrumb\"},\"inLanguage\":\"es\",\"potentialAction\":[{\"@type\":\"ReadAction\",\"target\":[\"https:\/\/tabernaculoprensadedios.com\/web\/iglesia-fundamento-biblico-lanza-programa-sendas-biblicas\/\"]}]},{\"@type\":\"ImageObject\",\"inLanguage\":\"es\",\"@id\":\"https:\/\/tabernaculoprensadedios.com\/web\/iglesia-fundamento-biblico-lanza-programa-sendas-biblicas\/#primaryimage\",\"url\":\"https:\/\/tabernaculoprensadedios.com\/web\/wp-content\/uploads\/2025\/10\/FOTO-2-expositor.avif\",\"contentUrl\":\"https:\/\/tabernaculoprensadedios.com\/web\/wp-content\/uploads\/2025\/10\/FOTO-2-expositor.avif\",\"width\":1280,\"height\":960},{\"@type\":\"BreadcrumbList\",\"@id\":\"https:\/\/tabernaculoprensadedios.com\/web\/iglesia-fundamento-biblico-lanza-programa-sendas-biblicas\/#breadcrumb\",\"itemListElement\":[{\"@type\":\"ListItem\",\"position\":1,\"name\":\"Portada\",\"item\":\"https:\/\/tabernaculoprensadedios.com\/web\/\"},{\"@type\":\"ListItem\",\"position\":2,\"name\":\"Iglesia Fundamento B\u00edblico lanza programa \u201cSendas B\u00edblicas\u201d\"}]},{\"@type\":\"WebSite\",\"@id\":\"https:\/\/tabernaculoprensadedios.com\/web\/#website\",\"url\":\"https:\/\/tabernaculoprensadedios.com\/web\/\",\"name\":\"Tabernaculo Prensa de Dios\",\"description\":\"Un medio a la manera de Dios\",\"publisher\":{\"@id\":\"https:\/\/tabernaculoprensadedios.com\/web\/#\/schema\/person\/bc0e069fef56b38e177db6f098ae0b6e\"},\"potentialAction\":[{\"@type\":\"SearchAction\",\"target\":{\"@type\":\"EntryPoint\",\"urlTemplate\":\"https:\/\/tabernaculoprensadedios.com\/web\/?s={search_term_string}\"},\"query-input\":{\"@type\":\"PropertyValueSpecification\",\"valueRequired\":true,\"valueName\":\"search_term_string\"}}],\"inLanguage\":\"es\"},{\"@type\":[\"Person\",\"Organization\"],\"@id\":\"https:\/\/tabernaculoprensadedios.com\/web\/#\/schema\/person\/bc0e069fef56b38e177db6f098ae0b6e\",\"name\":\"tabernaculo\",\"image\":{\"@type\":\"ImageObject\",\"inLanguage\":\"es\",\"@id\":\"https:\/\/tabernaculoprensadedios.com\/web\/#\/schema\/person\/image\/\",\"url\":\"https:\/\/tabernaculoprensadedios.com\/web\/wp-content\/uploads\/2015\/06\/login-logo1.png\",\"contentUrl\":\"https:\/\/tabernaculoprensadedios.com\/web\/wp-content\/uploads\/2015\/06\/login-logo1.png\",\"width\":300,\"height\":118,\"caption\":\"tabernaculo\"},\"logo\":{\"@id\":\"https:\/\/tabernaculoprensadedios.com\/web\/#\/schema\/person\/image\/\"},\"url\":\"https:\/\/tabernaculoprensadedios.com\/web\/author\/tabernaculo\/\"}]}<\/script>\n<!-- \/ Yoast SEO Premium plugin. -->","yoast_head_json":{"title":"Iglesia Fundamento B\u00edblico lanza programa \u201cSendas B\u00edblicas\u201d - Tabernaculo Prensa de Dios","robots":{"index":"index","follow":"follow","max-snippet":"max-snippet:-1","max-image-preview":"max-image-preview:large","max-video-preview":"max-video-preview:-1"},"canonical":"https:\/\/tabernaculoprensadedios.com\/web\/iglesia-fundamento-biblico-lanza-programa-sendas-biblicas\/","og_locale":"es_ES","og_type":"article","og_title":"Iglesia Fundamento B\u00edblico lanza programa \u201cSendas B\u00edblicas\u201d","og_description":"Santo Domingo Este La Iglesia Fundamento B\u00edblico (IFB) present\u00f3 a pastores y l\u00edderes del municipio el programa internacional \u201cSendas B\u00edblicas\u201d, dise\u00f1ado para fortalecer la ense\u00f1anza y predicaci\u00f3n de la Palabra de Dios. El pastor \u00c1ngel Castillo explic\u00f3 que el objetivo es equipar a l\u00edderes locales para multiplicar la formaci\u00f3n recibida, promoviendo iglesias m\u00e1s saludables y &hellip;","og_url":"https:\/\/tabernaculoprensadedios.com\/web\/iglesia-fundamento-biblico-lanza-programa-sendas-biblicas\/","og_site_name":"Tabernaculo Prensa de Dios","article_published_time":"2025-10-06T12:31:40+00:00","article_modified_time":"2025-10-06T23:32:07+00:00","og_image":[{"width":1280,"height":960,"url":"https:\/\/tabernaculoprensadedios.com\/web\/wp-content\/uploads\/2025\/10\/FOTO-2-expositor.avif","type":"image\/jpeg"}],"author":"tabernaculo","twitter_card":"summary_large_image","twitter_creator":"@PrensadeDios","twitter_site":"@PrensadeDios","twitter_misc":{"Escrito por":"tabernaculo","Tiempo de lectura":"1 minuto"},"schema":{"@context":"https:\/\/schema.org","@graph":[{"@type":"Article","@id":"https:\/\/tabernaculoprensadedios.com\/web\/iglesia-fundamento-biblico-lanza-programa-sendas-biblicas\/#article","isPartOf":{"@id":"https:\/\/tabernaculoprensadedios.com\/web\/iglesia-fundamento-biblico-lanza-programa-sendas-biblicas\/"},"author":{"name":"tabernaculo","@id":"https:\/\/tabernaculoprensadedios.com\/web\/#\/schema\/person\/bc0e069fef56b38e177db6f098ae0b6e"},"headline":"Iglesia Fundamento B\u00edblico lanza programa \u201cSendas B\u00edblicas\u201d","datePublished":"2025-10-06T12:31:40+00:00","dateModified":"2025-10-06T23:32:07+00:00","mainEntityOfPage":{"@id":"https:\/\/tabernaculoprensadedios.com\/web\/iglesia-fundamento-biblico-lanza-programa-sendas-biblicas\/"},"wordCount":152,"commentCount":0,"publisher":{"@id":"https:\/\/tabernaculoprensadedios.com\/web\/#\/schema\/person\/bc0e069fef56b38e177db6f098ae0b6e"},"image":{"@id":"https:\/\/tabernaculoprensadedios.com\/web\/iglesia-fundamento-biblico-lanza-programa-sendas-biblicas\/#primaryimage"},"thumbnailUrl":"https:\/\/tabernaculoprensadedios.com\/web\/wp-content\/uploads\/2025\/10\/FOTO-2-expositor.avif","articleSection":["almomento"],"inLanguage":"es","potentialAction":[{"@type":"CommentAction","name":"Comment","target":["https:\/\/tabernaculoprensadedios.com\/web\/iglesia-fundamento-biblico-lanza-programa-sendas-biblicas\/#respond"]}]},{"@type":"WebPage","@id":"https:\/\/tabernaculoprensadedios.com\/web\/iglesia-fundamento-biblico-lanza-programa-sendas-biblicas\/","url":"https:\/\/tabernaculoprensadedios.com\/web\/iglesia-fundamento-biblico-lanza-programa-sendas-biblicas\/","name":"Iglesia Fundamento B\u00edblico lanza programa \u201cSendas B\u00edblicas\u201d - Tabernaculo Prensa de Dios","isPartOf":{"@id":"https:\/\/tabernaculoprensadedios.com\/web\/#website"},"primaryImageOfPage":{"@id":"https:\/\/tabernaculoprensadedios.com\/web\/iglesia-fundamento-biblico-lanza-programa-sendas-biblicas\/#primaryimage"},"image":{"@id":"https:\/\/tabernaculoprensadedios.com\/web\/iglesia-fundamento-biblico-lanza-programa-sendas-biblicas\/#primaryimage"},"thumbnailUrl":"https:\/\/tabernaculoprensadedios.com\/web\/wp-content\/uploads\/2025\/10\/FOTO-2-expositor.avif","datePublished":"2025-10-06T12:31:40+00:00","dateModified":"2025-10-06T23:32:07+00:00","breadcrumb":{"@id":"https:\/\/tabernaculoprensadedios.com\/web\/iglesia-fundamento-biblico-lanza-programa-sendas-biblicas\/#breadcrumb"},"inLanguage":"es","potentialAction":[{"@type":"ReadAction","target":["https:\/\/tabernaculoprensadedios.com\/web\/iglesia-fundamento-biblico-lanza-programa-sendas-biblicas\/"]}]},{"@type":"ImageObject","inLanguage":"es","@id":"https:\/\/tabernaculoprensadedios.com\/web\/iglesia-fundamento-biblico-lanza-programa-sendas-biblicas\/#primaryimage","url":"https:\/\/tabernaculoprensadedios.com\/web\/wp-content\/uploads\/2025\/10\/FOTO-2-expositor.avif","contentUrl":"https:\/\/tabernaculoprensadedios.com\/web\/wp-content\/uploads\/2025\/10\/FOTO-2-expositor.avif","width":1280,"height":960},{"@type":"BreadcrumbList","@id":"https:\/\/tabernaculoprensadedios.com\/web\/iglesia-fundamento-biblico-lanza-programa-sendas-biblicas\/#breadcrumb","itemListElement":[{"@type":"ListItem","position":1,"name":"Portada","item":"https:\/\/tabernaculoprensadedios.com\/web\/"},{"@type":"ListItem","position":2,"name":"Iglesia Fundamento B\u00edblico lanza programa \u201cSendas B\u00edblicas\u201d"}]},{"@type":"WebSite","@id":"https:\/\/tabernaculoprensadedios.com\/web\/#website","url":"https:\/\/tabernaculoprensadedios.com\/web\/","name":"Tabernaculo Prensa de Dios","description":"Un medio a la manera de Dios","publisher":{"@id":"https:\/\/tabernaculoprensadedios.com\/web\/#\/schema\/person\/bc0e069fef56b38e177db6f098ae0b6e"},"potentialAction":[{"@type":"SearchAction","target":{"@type":"EntryPoint","urlTemplate":"https:\/\/tabernaculoprensadedios.com\/web\/?s={search_term_string}"},"query-input":{"@type":"PropertyValueSpecification","valueRequired":true,"valueName":"search_term_string"}}],"inLanguage":"es"},{"@type":["Person","Organization"],"@id":"https:\/\/tabernaculoprensadedios.com\/web\/#\/schema\/person\/bc0e069fef56b38e177db6f098ae0b6e","name":"tabernaculo","image":{"@type":"ImageObject","inLanguage":"es","@id":"https:\/\/tabernaculoprensadedios.com\/web\/#\/schema\/person\/image\/","url":"https:\/\/tabernaculoprensadedios.com\/web\/wp-content\/uploads\/2015\/06\/login-logo1.png","contentUrl":"https:\/\/tabernaculoprensadedios.com\/web\/wp-content\/uploads\/2015\/06\/login-logo1.png","width":300,"height":118,"caption":"tabernaculo"},"logo":{"@id":"https:\/\/tabernaculoprensadedios.com\/web\/#\/schema\/person\/image\/"},"url":"https:\/\/tabernaculoprensadedios.com\/web\/author\/tabernaculo\/"}]}},"_links":{"self":[{"href":"https:\/\/tabernaculoprensadedios.com\/web\/wp-json\/wp\/v2\/posts\/35997","targetHints":{"allow":["GET"]}}],"collection":[{"href":"https:\/\/tabernaculoprensadedios.com\/web\/wp-json\/wp\/v2\/posts"}],"about":[{"href":"https:\/\/tabernaculoprensadedios.com\/web\/wp-json\/wp\/v2\/types\/post"}],"author":[{"embeddable":true,"href":"https:\/\/tabernaculoprensadedios.com\/web\/wp-json\/wp\/v2\/users\/1"}],"replies":[{"embeddable":true,"href":"https:\/\/tabernaculoprensadedios.com\/web\/wp-json\/wp\/v2\/comments?post=35997"}],"version-history":[{"count":2,"href":"https:\/\/tabernaculoprensadedios.com\/web\/wp-json\/wp\/v2\/posts\/35997\/revisions"}],"predecessor-version":[{"id":36023,"href":"https:\/\/tabernaculoprensadedios.com\/web\/wp-json\/wp\/v2\/posts\/35997\/revisions\/36023"}],"wp:featuredmedia":[{"embeddable":true,"href":"https:\/\/tabernaculoprensadedios.com\/web\/wp-json\/wp\/v2\/media\/36022"}],"wp:attachment":[{"href":"https:\/\/tabernaculoprensadedios.com\/web\/wp-json\/wp\/v2\/media?parent=35997"}],"wp:term":[{"taxonomy":"category","embeddable":true,"href":"https:\/\/tabernaculoprensadedios.com\/web\/wp-json\/wp\/v2\/categories?post=35997"},{"taxonomy":"post_tag","embeddable":true,"href":"https:\/\/tabernaculoprensadedios.com\/web\/wp-json\/wp\/v2\/tags?post=35997"}],"curies":[{"name":"wp","href":"https:\/\/api.w.org\/{rel}","templated":true}]}}