{"id":35902,"date":"2025-09-22T16:15:20","date_gmt":"2025-09-22T16:15:20","guid":{"rendered":"https:\/\/tabernaculoprensadedios.com\/web\/?p=35902"},"modified":"2025-09-22T16:15:49","modified_gmt":"2025-09-22T16:15:49","slug":"el-senor-ha-usado-las-dificultades-del-2025-para-definirse-y-redefinirse-tanto-como-iglesia-como-en-lo-individual","status":"publish","type":"post","link":"https:\/\/tabernaculoprensadedios.com\/web\/el-senor-ha-usado-las-dificultades-del-2025-para-definirse-y-redefinirse-tanto-como-iglesia-como-en-lo-individual\/","title":{"rendered":"El Se\u00f1or ha usado las dificultades del 2025, para definirse y redefinirse, tanto como Iglesia como en lo individual"},"content":{"rendered":"<p><em><strong>Pues han nacido de nuevo pero no a una vida que pronto se acabar\u00e1. Su nueva vida durar\u00e1 para siempre porque proviene de la eterna y viviente palabra de Dios. 1 Pedro 1:23<\/strong><\/em><\/p>\n<p>Hola, pueblo poderoso de Dios, Siento un fuerte movimiento en mi esp\u00edritu de que lo que estamos viviendo, individual y corporativamente en el Cuerpo de Cristo, es un bautismo a una nueva vida. Es un bautismo hacia la plenitud de todo lo que la obra consumada de la cruz vino a entregarnos. S\u00e9 que muchos han sido sacudidos esta semana. S\u00e9 que el Se\u00f1or est\u00e1 inquietando, rompiendo la apat\u00eda, la complacencia y el temor al hombre. Pero tambi\u00e9n hay un elemento de reconocer que este momento, este cap\u00edtulo que ha comenzado en el Cuerpo de Cristo en la tierra, ha sido dado a luz a trav\u00e9s del dolor. Los dolores de parto nos han conducido hasta este preciso momento.<\/p>\n<p>Se siente como que todo lo que conoc\u00edamos ya no podemos volver a ello. Es un umbral que hemos cruzado. El Se\u00f1or ha usado las dificultades de este tiempo, y aun las anteriores de 2025, para definirse y redefinirnos, tanto como Iglesia como en lo individual. La guerra y las batallas que has enfrentado te han estado definiendo y forjando, y t\u00fa lo sabes. Por eso la batalla ha sido tan intensa, especialmente en los \u00faltimos seis meses hasta el \u00faltimo a\u00f1o y medio. La batalla solo se ha intensificado. Ha habido un intento de asesinato contra tu vida, tu llamado y tu destino. La batalla en tu puerta no solo ha sido para silenciarte. Los d\u00edas en que el enemigo solo intentaba callarte han terminado. Ahora quiere destruirte por lo que viene y por lo que est\u00e1s a punto de entrar.<\/p>\n<p>El enemigo ve lo que Dios est\u00e1 derramando sobre ti en esta temporada. \u00bfPor qu\u00e9 crees que se ha levantado m\u00e1s contra ti? \u00bfPor qu\u00e9 crees que te ha rodeado por todos lados? \u00bfPor qu\u00e9 crees que ha intentado hacerte dudar de todas las promesas que Dios ha hablado sobre tu vida? \u00bfPor qu\u00e9 tanto robo se ha levantado en tu contra de manera tan intensa? Es para que sueltes tu estafeta en un momento. Pero Dios dice: \u201cNecesito que corras. Hijo, hija, necesito que corras. Tengo mucho m\u00e1s para ti.\u201d<\/p>\n<p>Y hoy quiero recordarte esto. Quiero recordarte lo que Dios ha hablado sobre ti. Quiero recordarte el llamado ardiente que \u00c9l puso en tu vida hace tiempo, ese mismo que el enemigo ha intentado robarte. Ha tratado de seducirte para que lo vendas por sopa y pan mohoso. Pero no ha funcionado. Ha sido tentador en momentos donde todo parec\u00eda demasiado y el costo del llamado tan real. Pero est\u00e1s aqu\u00ed, y est\u00e1s de pie. Ahora es tiempo de reenfocarte en medio de tanto ruido y caos, en medio del sacudimiento. Este es un momento donde puedes perderte en el torbellino, en las olas, en el miedo y lo desconocido, o puedes mirar hacia arriba. El Se\u00f1or dice: \u201cM\u00edrame, hijo. M\u00edrame, hija. Ahora entra en esta plenitud.\u201d<\/p>\n<p>Veo las aguas ahora mismo. Veo las aguas del Jord\u00e1n, suaves pero fluyendo. Y lo escucho diciendo sobre ti y sobre el Cuerpo de Cristo: \u201cHay un bautismo fresco en el que han entrado. Este es un bautismo fresco de Mi Esp\u00edritu Santo y fuego. Este es un bautismo fresco de la plenitud del Esp\u00edritu de Dios sobre tu vida. Este es un momento de doble porci\u00f3n, dice el Se\u00f1or. Estoy rompiendo las cadenas del pasado. No saldr\u00e1s igual de este lugar, dice el Se\u00f1or. Est\u00e1s saliendo de esto ahora en el poderoso nombre de Jes\u00fas. Aun con el sonido de mi voz, las cosas comienzan a sacudirse. Comienzan a desmoronarse bajo tus pies\u00bb. Toda asignaci\u00f3n del enemigo que te ha perseguido e intentado destruirte en un instante est\u00e1 siendo rota. El Se\u00f1or te llama a salir. \u00a1Est\u00e1 roto ahora en el nombre poderoso de Jes\u00fas!<\/p>\n<p>\u201cTe estoy llevando a lugares m\u00e1s altos, dice el Se\u00f1or, para que tu mente vuelva a estar clara. Estoy rompiendo la guerra y el ataque mental que te han estado paralizando. Volver\u00e1s a la prosperidad del alma, dice el Se\u00f1or. Y volver\u00e1s a la vida de una manera que no hab\u00edas experimentado en mucho, mucho tiempo\u00bb. Veo esas aguas corriendo sobre corazones y almas. Te estoy haciendo renacer en este momento, dice el Se\u00f1or. Porque el dolor que has sentido no es solo el dolor de esta hora, ni solo por ver actos devastadores y calamidades. Es el dolor de soltar. Pero Dios dice: Es tiempo de soltar. No te servir\u00e1 en lo que viene. No puedes seguir aferrado a eso.\u201d<\/p>\n<p>Recibe el bautismo fresco de fuego. Tal vez ahora mismo est\u00e1s leyendo esto y hay tantas situaciones en tu vida que ya no sabes c\u00f3mo manejarlas. Has estado apagando incendios, tratando de remendar lo roto, y est\u00e1s al l\u00edmite. El Se\u00f1or te pregunta esta semana: \u201c\u00bfEst\u00e1s dispuesto a dejar que mueran? \u00bfEst\u00e1s dispuesto a entreg\u00e1rmelos?\u201d En este momento la Iglesia se est\u00e1 viendo en el espejo. La Iglesia se ve a s\u00ed misma, con sus grietas y arrugas. Tambi\u00e9n hay belleza en medio de eso. Pero el Se\u00f1or dice: \u201cEs tiempo de renacer. Es tiempo de que el esp\u00edritu de religi\u00f3n d\u00e9 su \u00faltimo respiro. Es tiempo de que la Iglesia del libro de Hechos se levante.\u201d<\/p>\n<p>\u00bfPor qu\u00e9 crees que ha venido persecuci\u00f3n? \u00bfPor qu\u00e9 crees que tanta guerra se ha levantado contra los creyentes? Porque hemos salido de los d\u00edas de la instituci\u00f3n y hemos regresado al modelo de la Iglesia primitiva. Momentos como este simplifican las cosas. \u00bfA qu\u00e9 has sido llamado? \u00bfQu\u00e9 te ha dicho Dios que hagas en tu vida? Este es un bautismo a muerte que trae nueva vida. Aun ahora, mientras lees esto, preg\u00fantate: \u00bfqu\u00e9 sigues reteniendo que Dios te dice: \u201cD\u00e9jalo morir. Ahora. D\u00e9jalo morir\u201d? Al hacerlo, \u00c9l soplar\u00e1 sobre tu vida de una manera fresca otra vez. \u00bfQu\u00e9 est\u00e1s tratando de preservar que necesita ir bajo las aguas? \u00bfQu\u00e9 est\u00e1s reteniendo que debe quedar bajo la sangre?<\/p>\n<p>\u201cEste es el momento, dice el Se\u00f1or. Te estoy sacando. Te estoy trayendo de nuevo a la plenitud de todo lo que tengo para ti: tu voz, tu identidad. Estoy rompiendo toda asignaci\u00f3n que ha estado en tu contra: sobre tu matrimonio, tus finanzas, tus hijos y cada parte de tu vida. Ha intentado desarmarte. Ha intentado domarte. Has estado acorralado, tolerando todas estas cosas. Pero el Se\u00f1or dice: \u201cEstoy cansado de verte tolerar esto cuando Yo vivo dentro de ti. Cuando cargas el mayor poder, el mismo poder que levant\u00f3 a Jes\u00fas de entre los muertos.\u201d<\/p>\n<p>Es tiempo de salir de una Iglesia sin poder. Es tiempo de salir de una Iglesia t\u00edmida. Es tiempo de dejar de permitir que Goliat te intimide cuando has sido llamado a levantarte como David y derribarlo. As\u00ed que que esto sea tu recordatorio hoy y esta semana. Hay un rugido comenzando a emerger. Puede que ahora se sienta como un susurro, pero algo est\u00e1 cambiando. Algo se est\u00e1 moviendo. Algo est\u00e1 sucediendo. Dios te est\u00e1 redefiniendo. \u00c9l est\u00e1 redefiniendo a la Iglesia. \u00c9l est\u00e1 redefiniendo todo. Estamos entrando en nuestro verdadero ser.<\/p>\n<p>As\u00ed que d\u00e9jame orar por ti ahora: Esp\u00edritu Santo, ven. Baut\u00edzanos en fuego. Baut\u00edzanos en el Esp\u00edritu Santo y fuego. Fuego, fuego, fuego. \u00a1Fuego en el poderoso nombre de Jes\u00fas! Que venga. Ahora mismo, pon tus manos en tu vientre y di: \u201cEsp\u00edritu Santo, ll\u00e9name. Esp\u00edritu Santo, ll\u00e9name.\u201d Y lev\u00e1ntate cada d\u00eda y h\u00e1blale. Camina con \u00c9l.<\/p>\n<blockquote><p><strong>Romanos 8:14 NTV<\/strong> Pues todos los que son guiados por el Esp\u00edritu de Dios son hijos de Dios.<\/p><\/blockquote>\n<p>Estamos dejando las cuevas. Estamos dejando las instituciones religiosas. Estamos dejando la timidez y el miedo atr\u00e1s. Estamos entrando en la plenitud, en la valent\u00eda, en el rugido, dice el Se\u00f1or. Y finalmente, Dios est\u00e1 rompiendo las cadenas de aquellos que han sido silenciados y amordazados, en el poderoso nombre de Jes\u00fas. Ya no estar\u00e1s atado por las opiniones de los hombres. Ya no retroceder\u00e1s cuando fuiste creado para levantarte. Ya no llevar\u00e1s una voz apagada cuando Dios te ha dado un rugido de le\u00f3n.<\/p>\n<p>Y tambi\u00e9n quiero a\u00f1adir\u2026 Este es tu momento de salir. Este es tu tiempo se\u00f1alado, dice el Se\u00f1or. Estoy poniendo fuego en tu lengua y una espada en tu mano. Las vestiduras del sepulcro est\u00e1n siendo quitadas. La tumba est\u00e1 siendo abierta. La piedra est\u00e1 siendo removida. La vida de resurrecci\u00f3n est\u00e1 brotando desde dentro de ti. \u00a1Que todo lo muerto, cada mentalidad, sue\u00f1o y promesa que enterraste por decepci\u00f3n, traici\u00f3n o demora resucite por el poder del Esp\u00edritu Santo en el nombre de Jes\u00fas! (Una palabra de Nate Johnston)<\/p>\n<p>Romanos 6:4 Porque somos sepultados juntamente con \u00e9l para muerte por el bautismo, a fin de que como Cristo resucit\u00f3 de los muertos por la gloria del Padre, as\u00ed tambi\u00e9n nosotros andemos en vida nueva.<\/p>\n<p>Con amor y oraciones,<\/p>\n<p>&nbsp;<\/p>\n","protected":false},"excerpt":{"rendered":"<p>Pues han nacido de nuevo pero no a una vida que pronto se acabar\u00e1. Su nueva vida durar\u00e1 para siempre porque proviene de la eterna y viviente palabra de Dios. 1 Pedro 1:23 Hola, pueblo poderoso de Dios, Siento un fuerte movimiento en mi esp\u00edritu de que lo que estamos viviendo, individual y corporativamente en &hellip;<\/p>\n","protected":false},"author":1,"featured_media":35903,"comment_status":"open","ping_status":"open","sticky":false,"template":"","format":"standard","meta":{"footnotes":""},"categories":[34],"tags":[],"class_list":["post-35902","post","type-post","status-publish","format-standard","has-post-thumbnail","hentry","category-articulos"],"yoast_head":"<!-- This site is optimized with the Yoast SEO Premium plugin v24.2 (Yoast SEO v27.1.1) - https:\/\/yoast.com\/product\/yoast-seo-premium-wordpress\/ -->\n<title>El Se\u00f1or ha usado las dificultades del 2025, para definirse y redefinirse, tanto como Iglesia como en lo individual - Tabernaculo Prensa de Dios<\/title>\n<meta name=\"robots\" content=\"index, follow, max-snippet:-1, max-image-preview:large, max-video-preview:-1\" \/>\n<link rel=\"canonical\" href=\"https:\/\/tabernaculoprensadedios.com\/web\/el-senor-ha-usado-las-dificultades-del-2025-para-definirse-y-redefinirse-tanto-como-iglesia-como-en-lo-individual\/\" class=\"yoast-seo-meta-tag\" \/>\n<meta property=\"og:locale\" content=\"es_ES\" class=\"yoast-seo-meta-tag\" \/>\n<meta property=\"og:type\" content=\"article\" class=\"yoast-seo-meta-tag\" \/>\n<meta property=\"og:title\" content=\"El Se\u00f1or ha usado las dificultades del 2025, para definirse y redefinirse, tanto como Iglesia como en lo individual\" class=\"yoast-seo-meta-tag\" \/>\n<meta property=\"og:description\" content=\"Pues han nacido de nuevo pero no a una vida que pronto se acabar\u00e1. Su nueva vida durar\u00e1 para siempre porque proviene de la eterna y viviente palabra de Dios. 1 Pedro 1:23 Hola, pueblo poderoso de Dios, Siento un fuerte movimiento en mi esp\u00edritu de que lo que estamos viviendo, individual y corporativamente en &hellip;\" class=\"yoast-seo-meta-tag\" \/>\n<meta property=\"og:url\" content=\"https:\/\/tabernaculoprensadedios.com\/web\/el-senor-ha-usado-las-dificultades-del-2025-para-definirse-y-redefinirse-tanto-como-iglesia-como-en-lo-individual\/\" class=\"yoast-seo-meta-tag\" \/>\n<meta property=\"og:site_name\" content=\"Tabernaculo Prensa de Dios\" class=\"yoast-seo-meta-tag\" \/>\n<meta property=\"article:published_time\" content=\"2025-09-22T16:15:20+00:00\" class=\"yoast-seo-meta-tag\" \/>\n<meta property=\"article:modified_time\" content=\"2025-09-22T16:15:49+00:00\" class=\"yoast-seo-meta-tag\" \/>\n<meta property=\"og:image\" content=\"https:\/\/tabernaculoprensadedios.com\/web\/wp-content\/uploads\/2025\/09\/wfob9jgmgsa.avif\" class=\"yoast-seo-meta-tag\" \/>\n\t<meta property=\"og:image:width\" content=\"1600\" class=\"yoast-seo-meta-tag\" \/>\n\t<meta property=\"og:image:height\" content=\"1067\" class=\"yoast-seo-meta-tag\" \/>\n\t<meta property=\"og:image:type\" content=\"image\/jpeg\" class=\"yoast-seo-meta-tag\" \/>\n<meta name=\"author\" content=\"tabernaculo\" class=\"yoast-seo-meta-tag\" \/>\n<meta name=\"twitter:card\" content=\"summary_large_image\" class=\"yoast-seo-meta-tag\" \/>\n<meta name=\"twitter:creator\" content=\"@PrensadeDios\" class=\"yoast-seo-meta-tag\" \/>\n<meta name=\"twitter:site\" content=\"@PrensadeDios\" class=\"yoast-seo-meta-tag\" \/>\n<meta name=\"twitter:label1\" content=\"Escrito por\" class=\"yoast-seo-meta-tag\" \/>\n\t<meta name=\"twitter:data1\" content=\"tabernaculo\" class=\"yoast-seo-meta-tag\" \/>\n\t<meta name=\"twitter:label2\" content=\"Tiempo de lectura\" class=\"yoast-seo-meta-tag\" \/>\n\t<meta name=\"twitter:data2\" content=\"7 minutos\" class=\"yoast-seo-meta-tag\" \/>\n<script type=\"application\/ld+json\" class=\"yoast-schema-graph\">{\"@context\":\"https:\/\/schema.org\",\"@graph\":[{\"@type\":\"Article\",\"@id\":\"https:\/\/tabernaculoprensadedios.com\/web\/el-senor-ha-usado-las-dificultades-del-2025-para-definirse-y-redefinirse-tanto-como-iglesia-como-en-lo-individual\/#article\",\"isPartOf\":{\"@id\":\"https:\/\/tabernaculoprensadedios.com\/web\/el-senor-ha-usado-las-dificultades-del-2025-para-definirse-y-redefinirse-tanto-como-iglesia-como-en-lo-individual\/\"},\"author\":{\"name\":\"tabernaculo\",\"@id\":\"https:\/\/tabernaculoprensadedios.com\/web\/#\/schema\/person\/bc0e069fef56b38e177db6f098ae0b6e\"},\"headline\":\"El Se\u00f1or ha usado las dificultades del 2025, para definirse y redefinirse, tanto como Iglesia como en lo individual\",\"datePublished\":\"2025-09-22T16:15:20+00:00\",\"dateModified\":\"2025-09-22T16:15:49+00:00\",\"mainEntityOfPage\":{\"@id\":\"https:\/\/tabernaculoprensadedios.com\/web\/el-senor-ha-usado-las-dificultades-del-2025-para-definirse-y-redefinirse-tanto-como-iglesia-como-en-lo-individual\/\"},\"wordCount\":1606,\"commentCount\":0,\"publisher\":{\"@id\":\"https:\/\/tabernaculoprensadedios.com\/web\/#\/schema\/person\/bc0e069fef56b38e177db6f098ae0b6e\"},\"image\":{\"@id\":\"https:\/\/tabernaculoprensadedios.com\/web\/el-senor-ha-usado-las-dificultades-del-2025-para-definirse-y-redefinirse-tanto-como-iglesia-como-en-lo-individual\/#primaryimage\"},\"thumbnailUrl\":\"https:\/\/tabernaculoprensadedios.com\/web\/wp-content\/uploads\/2025\/09\/wfob9jgmgsa.avif\",\"articleSection\":[\"Articulos\"],\"inLanguage\":\"es\",\"potentialAction\":[{\"@type\":\"CommentAction\",\"name\":\"Comment\",\"target\":[\"https:\/\/tabernaculoprensadedios.com\/web\/el-senor-ha-usado-las-dificultades-del-2025-para-definirse-y-redefinirse-tanto-como-iglesia-como-en-lo-individual\/#respond\"]}]},{\"@type\":\"WebPage\",\"@id\":\"https:\/\/tabernaculoprensadedios.com\/web\/el-senor-ha-usado-las-dificultades-del-2025-para-definirse-y-redefinirse-tanto-como-iglesia-como-en-lo-individual\/\",\"url\":\"https:\/\/tabernaculoprensadedios.com\/web\/el-senor-ha-usado-las-dificultades-del-2025-para-definirse-y-redefinirse-tanto-como-iglesia-como-en-lo-individual\/\",\"name\":\"El Se\u00f1or ha usado las dificultades del 2025, para definirse y redefinirse, tanto como Iglesia como en lo individual - Tabernaculo Prensa de Dios\",\"isPartOf\":{\"@id\":\"https:\/\/tabernaculoprensadedios.com\/web\/#website\"},\"primaryImageOfPage\":{\"@id\":\"https:\/\/tabernaculoprensadedios.com\/web\/el-senor-ha-usado-las-dificultades-del-2025-para-definirse-y-redefinirse-tanto-como-iglesia-como-en-lo-individual\/#primaryimage\"},\"image\":{\"@id\":\"https:\/\/tabernaculoprensadedios.com\/web\/el-senor-ha-usado-las-dificultades-del-2025-para-definirse-y-redefinirse-tanto-como-iglesia-como-en-lo-individual\/#primaryimage\"},\"thumbnailUrl\":\"https:\/\/tabernaculoprensadedios.com\/web\/wp-content\/uploads\/2025\/09\/wfob9jgmgsa.avif\",\"datePublished\":\"2025-09-22T16:15:20+00:00\",\"dateModified\":\"2025-09-22T16:15:49+00:00\",\"breadcrumb\":{\"@id\":\"https:\/\/tabernaculoprensadedios.com\/web\/el-senor-ha-usado-las-dificultades-del-2025-para-definirse-y-redefinirse-tanto-como-iglesia-como-en-lo-individual\/#breadcrumb\"},\"inLanguage\":\"es\",\"potentialAction\":[{\"@type\":\"ReadAction\",\"target\":[\"https:\/\/tabernaculoprensadedios.com\/web\/el-senor-ha-usado-las-dificultades-del-2025-para-definirse-y-redefinirse-tanto-como-iglesia-como-en-lo-individual\/\"]}]},{\"@type\":\"ImageObject\",\"inLanguage\":\"es\",\"@id\":\"https:\/\/tabernaculoprensadedios.com\/web\/el-senor-ha-usado-las-dificultades-del-2025-para-definirse-y-redefinirse-tanto-como-iglesia-como-en-lo-individual\/#primaryimage\",\"url\":\"https:\/\/tabernaculoprensadedios.com\/web\/wp-content\/uploads\/2025\/09\/wfob9jgmgsa.avif\",\"contentUrl\":\"https:\/\/tabernaculoprensadedios.com\/web\/wp-content\/uploads\/2025\/09\/wfob9jgmgsa.avif\",\"width\":1600,\"height\":1067,\"caption\":\"a group of people standing next to each other\"},{\"@type\":\"BreadcrumbList\",\"@id\":\"https:\/\/tabernaculoprensadedios.com\/web\/el-senor-ha-usado-las-dificultades-del-2025-para-definirse-y-redefinirse-tanto-como-iglesia-como-en-lo-individual\/#breadcrumb\",\"itemListElement\":[{\"@type\":\"ListItem\",\"position\":1,\"name\":\"Portada\",\"item\":\"https:\/\/tabernaculoprensadedios.com\/web\/\"},{\"@type\":\"ListItem\",\"position\":2,\"name\":\"El Se\u00f1or ha usado las dificultades del 2025, para definirse y redefinirse, tanto como Iglesia como en lo individual\"}]},{\"@type\":\"WebSite\",\"@id\":\"https:\/\/tabernaculoprensadedios.com\/web\/#website\",\"url\":\"https:\/\/tabernaculoprensadedios.com\/web\/\",\"name\":\"Tabernaculo Prensa de Dios\",\"description\":\"Un medio a la manera de Dios\",\"publisher\":{\"@id\":\"https:\/\/tabernaculoprensadedios.com\/web\/#\/schema\/person\/bc0e069fef56b38e177db6f098ae0b6e\"},\"potentialAction\":[{\"@type\":\"SearchAction\",\"target\":{\"@type\":\"EntryPoint\",\"urlTemplate\":\"https:\/\/tabernaculoprensadedios.com\/web\/?s={search_term_string}\"},\"query-input\":{\"@type\":\"PropertyValueSpecification\",\"valueRequired\":true,\"valueName\":\"search_term_string\"}}],\"inLanguage\":\"es\"},{\"@type\":[\"Person\",\"Organization\"],\"@id\":\"https:\/\/tabernaculoprensadedios.com\/web\/#\/schema\/person\/bc0e069fef56b38e177db6f098ae0b6e\",\"name\":\"tabernaculo\",\"image\":{\"@type\":\"ImageObject\",\"inLanguage\":\"es\",\"@id\":\"https:\/\/tabernaculoprensadedios.com\/web\/#\/schema\/person\/image\/\",\"url\":\"https:\/\/tabernaculoprensadedios.com\/web\/wp-content\/uploads\/2015\/06\/login-logo1.png\",\"contentUrl\":\"https:\/\/tabernaculoprensadedios.com\/web\/wp-content\/uploads\/2015\/06\/login-logo1.png\",\"width\":300,\"height\":118,\"caption\":\"tabernaculo\"},\"logo\":{\"@id\":\"https:\/\/tabernaculoprensadedios.com\/web\/#\/schema\/person\/image\/\"},\"url\":\"https:\/\/tabernaculoprensadedios.com\/web\/author\/tabernaculo\/\"}]}<\/script>\n<!-- \/ Yoast SEO Premium plugin. -->","yoast_head_json":{"title":"El Se\u00f1or ha usado las dificultades del 2025, para definirse y redefinirse, tanto como Iglesia como en lo individual - Tabernaculo Prensa de Dios","robots":{"index":"index","follow":"follow","max-snippet":"max-snippet:-1","max-image-preview":"max-image-preview:large","max-video-preview":"max-video-preview:-1"},"canonical":"https:\/\/tabernaculoprensadedios.com\/web\/el-senor-ha-usado-las-dificultades-del-2025-para-definirse-y-redefinirse-tanto-como-iglesia-como-en-lo-individual\/","og_locale":"es_ES","og_type":"article","og_title":"El Se\u00f1or ha usado las dificultades del 2025, para definirse y redefinirse, tanto como Iglesia como en lo individual","og_description":"Pues han nacido de nuevo pero no a una vida que pronto se acabar\u00e1. Su nueva vida durar\u00e1 para siempre porque proviene de la eterna y viviente palabra de Dios. 1 Pedro 1:23 Hola, pueblo poderoso de Dios, Siento un fuerte movimiento en mi esp\u00edritu de que lo que estamos viviendo, individual y corporativamente en &hellip;","og_url":"https:\/\/tabernaculoprensadedios.com\/web\/el-senor-ha-usado-las-dificultades-del-2025-para-definirse-y-redefinirse-tanto-como-iglesia-como-en-lo-individual\/","og_site_name":"Tabernaculo Prensa de Dios","article_published_time":"2025-09-22T16:15:20+00:00","article_modified_time":"2025-09-22T16:15:49+00:00","og_image":[{"width":1600,"height":1067,"url":"https:\/\/tabernaculoprensadedios.com\/web\/wp-content\/uploads\/2025\/09\/wfob9jgmgsa.avif","type":"image\/jpeg"}],"author":"tabernaculo","twitter_card":"summary_large_image","twitter_creator":"@PrensadeDios","twitter_site":"@PrensadeDios","twitter_misc":{"Escrito por":"tabernaculo","Tiempo de lectura":"7 minutos"},"schema":{"@context":"https:\/\/schema.org","@graph":[{"@type":"Article","@id":"https:\/\/tabernaculoprensadedios.com\/web\/el-senor-ha-usado-las-dificultades-del-2025-para-definirse-y-redefinirse-tanto-como-iglesia-como-en-lo-individual\/#article","isPartOf":{"@id":"https:\/\/tabernaculoprensadedios.com\/web\/el-senor-ha-usado-las-dificultades-del-2025-para-definirse-y-redefinirse-tanto-como-iglesia-como-en-lo-individual\/"},"author":{"name":"tabernaculo","@id":"https:\/\/tabernaculoprensadedios.com\/web\/#\/schema\/person\/bc0e069fef56b38e177db6f098ae0b6e"},"headline":"El Se\u00f1or ha usado las dificultades del 2025, para definirse y redefinirse, tanto como Iglesia como en lo individual","datePublished":"2025-09-22T16:15:20+00:00","dateModified":"2025-09-22T16:15:49+00:00","mainEntityOfPage":{"@id":"https:\/\/tabernaculoprensadedios.com\/web\/el-senor-ha-usado-las-dificultades-del-2025-para-definirse-y-redefinirse-tanto-como-iglesia-como-en-lo-individual\/"},"wordCount":1606,"commentCount":0,"publisher":{"@id":"https:\/\/tabernaculoprensadedios.com\/web\/#\/schema\/person\/bc0e069fef56b38e177db6f098ae0b6e"},"image":{"@id":"https:\/\/tabernaculoprensadedios.com\/web\/el-senor-ha-usado-las-dificultades-del-2025-para-definirse-y-redefinirse-tanto-como-iglesia-como-en-lo-individual\/#primaryimage"},"thumbnailUrl":"https:\/\/tabernaculoprensadedios.com\/web\/wp-content\/uploads\/2025\/09\/wfob9jgmgsa.avif","articleSection":["Articulos"],"inLanguage":"es","potentialAction":[{"@type":"CommentAction","name":"Comment","target":["https:\/\/tabernaculoprensadedios.com\/web\/el-senor-ha-usado-las-dificultades-del-2025-para-definirse-y-redefinirse-tanto-como-iglesia-como-en-lo-individual\/#respond"]}]},{"@type":"WebPage","@id":"https:\/\/tabernaculoprensadedios.com\/web\/el-senor-ha-usado-las-dificultades-del-2025-para-definirse-y-redefinirse-tanto-como-iglesia-como-en-lo-individual\/","url":"https:\/\/tabernaculoprensadedios.com\/web\/el-senor-ha-usado-las-dificultades-del-2025-para-definirse-y-redefinirse-tanto-como-iglesia-como-en-lo-individual\/","name":"El Se\u00f1or ha usado las dificultades del 2025, para definirse y redefinirse, tanto como Iglesia como en lo individual - Tabernaculo Prensa de Dios","isPartOf":{"@id":"https:\/\/tabernaculoprensadedios.com\/web\/#website"},"primaryImageOfPage":{"@id":"https:\/\/tabernaculoprensadedios.com\/web\/el-senor-ha-usado-las-dificultades-del-2025-para-definirse-y-redefinirse-tanto-como-iglesia-como-en-lo-individual\/#primaryimage"},"image":{"@id":"https:\/\/tabernaculoprensadedios.com\/web\/el-senor-ha-usado-las-dificultades-del-2025-para-definirse-y-redefinirse-tanto-como-iglesia-como-en-lo-individual\/#primaryimage"},"thumbnailUrl":"https:\/\/tabernaculoprensadedios.com\/web\/wp-content\/uploads\/2025\/09\/wfob9jgmgsa.avif","datePublished":"2025-09-22T16:15:20+00:00","dateModified":"2025-09-22T16:15:49+00:00","breadcrumb":{"@id":"https:\/\/tabernaculoprensadedios.com\/web\/el-senor-ha-usado-las-dificultades-del-2025-para-definirse-y-redefinirse-tanto-como-iglesia-como-en-lo-individual\/#breadcrumb"},"inLanguage":"es","potentialAction":[{"@type":"ReadAction","target":["https:\/\/tabernaculoprensadedios.com\/web\/el-senor-ha-usado-las-dificultades-del-2025-para-definirse-y-redefinirse-tanto-como-iglesia-como-en-lo-individual\/"]}]},{"@type":"ImageObject","inLanguage":"es","@id":"https:\/\/tabernaculoprensadedios.com\/web\/el-senor-ha-usado-las-dificultades-del-2025-para-definirse-y-redefinirse-tanto-como-iglesia-como-en-lo-individual\/#primaryimage","url":"https:\/\/tabernaculoprensadedios.com\/web\/wp-content\/uploads\/2025\/09\/wfob9jgmgsa.avif","contentUrl":"https:\/\/tabernaculoprensadedios.com\/web\/wp-content\/uploads\/2025\/09\/wfob9jgmgsa.avif","width":1600,"height":1067,"caption":"a group of people standing next to each other"},{"@type":"BreadcrumbList","@id":"https:\/\/tabernaculoprensadedios.com\/web\/el-senor-ha-usado-las-dificultades-del-2025-para-definirse-y-redefinirse-tanto-como-iglesia-como-en-lo-individual\/#breadcrumb","itemListElement":[{"@type":"ListItem","position":1,"name":"Portada","item":"https:\/\/tabernaculoprensadedios.com\/web\/"},{"@type":"ListItem","position":2,"name":"El Se\u00f1or ha usado las dificultades del 2025, para definirse y redefinirse, tanto como Iglesia como en lo individual"}]},{"@type":"WebSite","@id":"https:\/\/tabernaculoprensadedios.com\/web\/#website","url":"https:\/\/tabernaculoprensadedios.com\/web\/","name":"Tabernaculo Prensa de Dios","description":"Un medio a la manera de Dios","publisher":{"@id":"https:\/\/tabernaculoprensadedios.com\/web\/#\/schema\/person\/bc0e069fef56b38e177db6f098ae0b6e"},"potentialAction":[{"@type":"SearchAction","target":{"@type":"EntryPoint","urlTemplate":"https:\/\/tabernaculoprensadedios.com\/web\/?s={search_term_string}"},"query-input":{"@type":"PropertyValueSpecification","valueRequired":true,"valueName":"search_term_string"}}],"inLanguage":"es"},{"@type":["Person","Organization"],"@id":"https:\/\/tabernaculoprensadedios.com\/web\/#\/schema\/person\/bc0e069fef56b38e177db6f098ae0b6e","name":"tabernaculo","image":{"@type":"ImageObject","inLanguage":"es","@id":"https:\/\/tabernaculoprensadedios.com\/web\/#\/schema\/person\/image\/","url":"https:\/\/tabernaculoprensadedios.com\/web\/wp-content\/uploads\/2015\/06\/login-logo1.png","contentUrl":"https:\/\/tabernaculoprensadedios.com\/web\/wp-content\/uploads\/2015\/06\/login-logo1.png","width":300,"height":118,"caption":"tabernaculo"},"logo":{"@id":"https:\/\/tabernaculoprensadedios.com\/web\/#\/schema\/person\/image\/"},"url":"https:\/\/tabernaculoprensadedios.com\/web\/author\/tabernaculo\/"}]}},"_links":{"self":[{"href":"https:\/\/tabernaculoprensadedios.com\/web\/wp-json\/wp\/v2\/posts\/35902","targetHints":{"allow":["GET"]}}],"collection":[{"href":"https:\/\/tabernaculoprensadedios.com\/web\/wp-json\/wp\/v2\/posts"}],"about":[{"href":"https:\/\/tabernaculoprensadedios.com\/web\/wp-json\/wp\/v2\/types\/post"}],"author":[{"embeddable":true,"href":"https:\/\/tabernaculoprensadedios.com\/web\/wp-json\/wp\/v2\/users\/1"}],"replies":[{"embeddable":true,"href":"https:\/\/tabernaculoprensadedios.com\/web\/wp-json\/wp\/v2\/comments?post=35902"}],"version-history":[{"count":2,"href":"https:\/\/tabernaculoprensadedios.com\/web\/wp-json\/wp\/v2\/posts\/35902\/revisions"}],"predecessor-version":[{"id":35905,"href":"https:\/\/tabernaculoprensadedios.com\/web\/wp-json\/wp\/v2\/posts\/35902\/revisions\/35905"}],"wp:featuredmedia":[{"embeddable":true,"href":"https:\/\/tabernaculoprensadedios.com\/web\/wp-json\/wp\/v2\/media\/35903"}],"wp:attachment":[{"href":"https:\/\/tabernaculoprensadedios.com\/web\/wp-json\/wp\/v2\/media?parent=35902"}],"wp:term":[{"taxonomy":"category","embeddable":true,"href":"https:\/\/tabernaculoprensadedios.com\/web\/wp-json\/wp\/v2\/categories?post=35902"},{"taxonomy":"post_tag","embeddable":true,"href":"https:\/\/tabernaculoprensadedios.com\/web\/wp-json\/wp\/v2\/tags?post=35902"}],"curies":[{"name":"wp","href":"https:\/\/api.w.org\/{rel}","templated":true}]}}