{"id":35899,"date":"2025-09-22T16:06:59","date_gmt":"2025-09-22T16:06:59","guid":{"rendered":"https:\/\/tabernaculoprensadedios.com\/web\/?p=35899"},"modified":"2025-09-22T16:07:10","modified_gmt":"2025-09-22T16:07:10","slug":"deja-que-la-oracion-ven-senor-jesus-sea-tu-mayor-clamor","status":"publish","type":"post","link":"https:\/\/tabernaculoprensadedios.com\/web\/deja-que-la-oracion-ven-senor-jesus-sea-tu-mayor-clamor\/","title":{"rendered":"Deja que la oraci\u00f3n \u00ab\u00a1Ven, Se\u00f1or Jes\u00fas!\u00bb sea tu mayor clamor"},"content":{"rendered":"<div class=\"content_container\">\n<p>Cuando leo frases como \u00ab\u00a1Acabemos con la injusticia!\u00bb, \u00ab\u00a1Acabemos con el tr\u00e1fico de personas!\u00bb y \u00ab\u00a1Acabemos con el racismo!\u00bb en pancartas de protesta o en publicaciones en redes sociales, me vienen a la mente un par de pensamientos. El primero es:<i> \u00a1S\u00ed! Quiero que el mundo sea libre de estas injusticias.<\/i> Mi segundo pensamiento es ir\u00f3nico: <i>Estos gritos exigen demasiado y muy poco al mismo tiempo<\/i>.<\/p>\n<p>Piden <i>demasiado<\/i> porque la humanidad pecadora nunca erradicar\u00e1 por completo el pecado en esta vida. Piden <i>muy poco<\/i> porque, cuando Cristo regrese, \u00c9l <i>s\u00ed<\/i> acabar\u00e1 con la injusticia, la trata de personas y el racismo, pero no se detendr\u00e1 ah\u00ed: tambi\u00e9n acabar\u00e1 con todo el sufrimiento, el mal y uno de los mayores enemigos de la humanidad, la muerte.<\/p>\n<p>En la Escritura encontramos un clamor mucho m\u00e1s adecuado para el pueblo de Dios: \u00ab\u00a1Ven, Se\u00f1or Jes\u00fas!\u00bb (Ap 22:20). Este clamor, escrito por el ap\u00f3stol Juan, cierra la Biblia y responde ante la promesa de Jes\u00fas de volver pronto (Ap 22:7, 12, 20). Es una oraci\u00f3n que expresa nuestra bendita esperanza, el regreso f\u00edsico de nuestro Se\u00f1or y Salvador Jesucristo para reinar y restaurar Su creaci\u00f3n quebrantada (Tit 2:13). Con tanto mal en el mundo, orar \u00ab\u00a1Ven, Se\u00f1or Jes\u00fas!\u00bb es mirar con fe al \u00danico que puede arreglarlo todo.<\/p>\n<p>La oraci\u00f3n \u00ab\u00a1Ven, Se\u00f1or Jes\u00fas!\u00bb tiene al menos cuatro aspectos que necesitamos analizar para comprender qu\u00e9 queremos decir con esta frase.<\/p>\n<h3><b>\u00a1Acaba con todo el sufrimiento y el mal!<\/b><\/h3>\n<p>Cuando Jes\u00fas regrese, pondr\u00e1 fin a toda maldad, pecado e injusticia. Desde los grandes pecados escandalosos, como asesinatos en masa, hasta las faltas menores, como la codicia, el pecado ser\u00e1 erradicado para siempre, junto con todo el sufrimiento que causa. \u00ab\u00c9l enjugar\u00e1 toda l\u00e1grima de sus ojos, y ya no habr\u00e1 muerte, ni habr\u00e1 m\u00e1s duelo, ni clamor, ni dolor, porque las primeras cosas han pasado\u00bb (Ap 21:4).<\/p>\n<p>Dios quitar\u00e1 la maldici\u00f3n del pecado del mundo y restaurar\u00e1 toda la bondad de Su creaci\u00f3n. El ap\u00f3stol Juan escribe en su ep\u00edstola: \u00abEl Hijo de Dios se manifest\u00f3 con este prop\u00f3sito: para destruir las obras del diablo\u00bb (1 Jn 3:8b).<\/p>\n<h3><b>\u00a1Juzga a tus enemigos!<\/b><\/h3>\n<p>Jes\u00fas no solo pondr\u00e1 fin al mal, sino que tambi\u00e9n acabar\u00e1 con los malhechores. Todos los que se rebelaron contra Jesucristo en esta tierra se enfrentar\u00e1n a Su justo juicio. Por fin habr\u00e1 justicia perfecta para todos los que han sufrido abusos, calumnias, asesinatos y otros males.<\/p>\n<blockquote><p><b>Con tanto mal en el mundo, orar \u00ab\u00a1Ven, Se\u00f1or Jes\u00fas!\u00bb es mirar con fe al \u00danico que puede arreglarlo todo<\/b><\/p>\n<div class=\"blockquote-share\"><\/div>\n<\/blockquote>\n<p>No solo destruir\u00e1 las obras del diablo, sino que arrojar\u00e1 al diablo y a sus demonios al lago de fuego para el castigo eterno (Ap 20:10). La profec\u00eda de un Mes\u00edas que vendr\u00e1 a aplastar la cabeza de la serpiente se cumplir\u00e1 definitivamente (v\u00e9ase Gn 3:15).<\/p>\n<p>Aunque algunos cristianos se oponen a orar por el juicio de nuestros enemigos, ya que Cristo nos llama a amar a nuestros enemigos, bendecir a los que nos maldicen y orar por ellos (Mt 5:44), orar por el juicio de aquellos que no se arrepienten no es m\u00e1s que pedirle a Dios que cumpla Sus promesas. Es confiar la justicia definitiva en las manos confiables del \u00fanico Juez justo, en lugar de vengarnos nosotros mismos (Ro 12:19).<\/p>\n<p>Pero el juicio no es la \u00fanica obra de Cristo en Su regreso; junto con el juicio viene tambi\u00e9n la salvaci\u00f3n.<\/p>\n<h3><b>\u00a1Salva a tu pueblo!<\/b><\/h3>\n<p>A lo largo de toda la historia de la Biblia vemos la gloria de Dios manifestada cuando juzga a Sus enemigos y salva a Su pueblo. Consideremos la historia del \u00c9xodo, cuando las plagas atormentaron al Egipto incr\u00e9dulo mientras Dios proteg\u00eda a Su pueblo Israel.<\/p>\n<p>Durante Su primera venida, Jesucristo tom\u00f3 sobre S\u00ed mismo en la cruz el juicio que nosotros merec\u00edamos, para que pudi\u00e9ramos ser salvos. Cuando regrese, los muertos en Cristo ser\u00e1n resucitados a la vida eterna y recibir\u00e1n sus cuerpos resucitados. \u00abEntonces o\u00ed una gran voz que dec\u00eda desde el trono: \u201cEl tabern\u00e1culo de Dios est\u00e1 entre los hombres, y \u00c9l habitar\u00e1 entre ellos y ellos ser\u00e1n Su pueblo, y Dios mismo estar\u00e1 entre ellos\u201d\u00bb (Ap 21:3).<\/p>\n<h3><b>\u00a1Conc\u00e9denos las bendiciones del cielo plenamente!<\/b><\/h3>\n<p>Cuando Cristo regrese, disfrutaremos de la vida tal y como fue concebida en el cielo nuevo y tierra nueva. Nunca m\u00e1s experimentaremos el pecado, las l\u00e1grimas, el dolor o la muerte.<\/p>\n<p>Disfrutaremos de todas las bendiciones de la creaci\u00f3n libres de maldici\u00f3n. Disfrutaremos del amor perfecto de Dios y de Su presencia mientras \u00c9l renueva todas las cosas. \u00c9l satisfar\u00e1 todos nuestros anhelos de maneras que superan nuestra imaginaci\u00f3n:<\/p>\n<div class=\"normal_blockquote\">\n<p>Sino como est\u00e1 escrito:<br \/>\n\u00abCosas que ojo no vio, ni o\u00eddo oy\u00f3,<br \/>\nNi han entrado al coraz\u00f3n del hombre,<br \/>\nSon las cosas que Dios ha preparado para los que lo aman\u00bb (1 Co 2:9).<\/p>\n<\/div>\n<h3><b>El prop\u00f3sito final de la oraci\u00f3n<\/b><\/h3>\n<p>\u00ab\u00a1Ven, Se\u00f1or Jes\u00fas!\u00bb es tanto la \u00faltima oraci\u00f3n en la Biblia como su objetivo final. Cuando Jes\u00fas venga, no necesitaremos orar m\u00e1s. La fe se convertir\u00e1 en visi\u00f3n. Disfrutaremos de la presencia perfecta de Dios por los siglos de los siglos.<\/p>\n<blockquote><p><b>Cuando Cristo regrese, disfrutaremos de la vida tal y como fue concebida en el cielo nuevo y tierra nueva<\/b><\/p>\n<div class=\"blockquote-share\"><\/div>\n<\/blockquote>\n<p>Es el objetivo final de la oraci\u00f3n, porque cumple perfectamente con el <i>Padrenuestro<\/i> (Mt 6:9-13). Cuando Cristo regrese, Su nombre ser\u00e1 alabado por los siglos de los siglos (Ap 11:15). Su Reino vendr\u00e1 en perfecci\u00f3n y plenitud. \u00c9l har\u00e1 Su voluntad perfecta \u00aben la tierra como en el cielo\u00bb, ya que el cielo se unir\u00e1 a la tierra. Proveer\u00e1 plenamente para nuestras necesidades diarias, incluyendo el perd\u00f3n y la liberaci\u00f3n de la tentaci\u00f3n y del mal, para siempre.<\/p>\n<p>Deja que la oraci\u00f3n \u00ab\u00a1Ven, Se\u00f1or Jes\u00fas!\u00bb se convierta en el clamor de tu coraz\u00f3n. Ora estas tres gloriosas palabras cuando tu alma sufra por diagn\u00f3sticos devastadores, desastres naturales, luchas contra el pecado, el dolor en la iglesia, la furia pol\u00edtica y todos los dem\u00e1s problemas que enfrentamos. Ten \u00e1nimo: un d\u00eda Jes\u00fas vendr\u00e1, y como dice el himno, \u00a1qu\u00e9 d\u00eda tan glorioso ser\u00e1 ese!<\/p>\n<p>El mundo clama por justicia, pero la iglesia tiene un clamor m\u00e1s grande: \u00ab\u00a1Ven, Se\u00f1or Jes\u00fas!\u00bb. Ese es el \u00fanico grito que lo cambiar\u00e1 todo.<\/p>\n<\/div>\n","protected":false},"excerpt":{"rendered":"<p>Cuando leo frases como \u00ab\u00a1Acabemos con la injusticia!\u00bb, \u00ab\u00a1Acabemos con el tr\u00e1fico de personas!\u00bb y \u00ab\u00a1Acabemos con el racismo!\u00bb en pancartas de protesta o en publicaciones en redes sociales, me vienen a la mente un par de pensamientos. El primero es: \u00a1S\u00ed! Quiero que el mundo sea libre de estas injusticias. Mi segundo pensamiento es &hellip;<\/p>\n","protected":false},"author":1,"featured_media":35900,"comment_status":"open","ping_status":"open","sticky":false,"template":"","format":"standard","meta":{"footnotes":""},"categories":[34],"tags":[],"class_list":["post-35899","post","type-post","status-publish","format-standard","has-post-thumbnail","hentry","category-articulos"],"yoast_head":"<!-- This site is optimized with the Yoast SEO Premium plugin v24.2 (Yoast SEO v27.1.1) - https:\/\/yoast.com\/product\/yoast-seo-premium-wordpress\/ -->\n<title>Deja que la oraci\u00f3n \u00ab\u00a1Ven, Se\u00f1or Jes\u00fas!\u00bb sea tu mayor clamor - Tabernaculo Prensa de Dios<\/title>\n<meta name=\"robots\" content=\"index, follow, max-snippet:-1, max-image-preview:large, max-video-preview:-1\" \/>\n<link rel=\"canonical\" href=\"https:\/\/tabernaculoprensadedios.com\/web\/deja-que-la-oracion-ven-senor-jesus-sea-tu-mayor-clamor\/\" class=\"yoast-seo-meta-tag\" \/>\n<meta property=\"og:locale\" content=\"es_ES\" class=\"yoast-seo-meta-tag\" \/>\n<meta property=\"og:type\" content=\"article\" class=\"yoast-seo-meta-tag\" \/>\n<meta property=\"og:title\" content=\"Deja que la oraci\u00f3n \u00ab\u00a1Ven, Se\u00f1or Jes\u00fas!\u00bb sea tu mayor clamor\" class=\"yoast-seo-meta-tag\" \/>\n<meta property=\"og:description\" content=\"Cuando leo frases como \u00ab\u00a1Acabemos con la injusticia!\u00bb, \u00ab\u00a1Acabemos con el tr\u00e1fico de personas!\u00bb y \u00ab\u00a1Acabemos con el racismo!\u00bb en pancartas de protesta o en publicaciones en redes sociales, me vienen a la mente un par de pensamientos. El primero es: \u00a1S\u00ed! Quiero que el mundo sea libre de estas injusticias. Mi segundo pensamiento es &hellip;\" class=\"yoast-seo-meta-tag\" \/>\n<meta property=\"og:url\" content=\"https:\/\/tabernaculoprensadedios.com\/web\/deja-que-la-oracion-ven-senor-jesus-sea-tu-mayor-clamor\/\" class=\"yoast-seo-meta-tag\" \/>\n<meta property=\"og:site_name\" content=\"Tabernaculo Prensa de Dios\" class=\"yoast-seo-meta-tag\" \/>\n<meta property=\"article:published_time\" content=\"2025-09-22T16:06:59+00:00\" class=\"yoast-seo-meta-tag\" \/>\n<meta property=\"article:modified_time\" content=\"2025-09-22T16:07:10+00:00\" class=\"yoast-seo-meta-tag\" \/>\n<meta property=\"og:image\" content=\"https:\/\/tabernaculoprensadedios.com\/web\/wp-content\/uploads\/2025\/09\/08swtco0syg.avif\" class=\"yoast-seo-meta-tag\" \/>\n\t<meta property=\"og:image:width\" content=\"1600\" class=\"yoast-seo-meta-tag\" \/>\n\t<meta property=\"og:image:height\" content=\"1068\" class=\"yoast-seo-meta-tag\" \/>\n\t<meta property=\"og:image:type\" content=\"image\/jpeg\" class=\"yoast-seo-meta-tag\" \/>\n<meta name=\"author\" content=\"tabernaculo\" class=\"yoast-seo-meta-tag\" \/>\n<meta name=\"twitter:card\" content=\"summary_large_image\" class=\"yoast-seo-meta-tag\" \/>\n<meta name=\"twitter:creator\" content=\"@PrensadeDios\" class=\"yoast-seo-meta-tag\" \/>\n<meta name=\"twitter:site\" content=\"@PrensadeDios\" class=\"yoast-seo-meta-tag\" \/>\n<meta name=\"twitter:label1\" content=\"Escrito por\" class=\"yoast-seo-meta-tag\" \/>\n\t<meta name=\"twitter:data1\" content=\"tabernaculo\" class=\"yoast-seo-meta-tag\" \/>\n\t<meta name=\"twitter:label2\" content=\"Tiempo de lectura\" class=\"yoast-seo-meta-tag\" \/>\n\t<meta name=\"twitter:data2\" content=\"5 minutos\" class=\"yoast-seo-meta-tag\" \/>\n<script type=\"application\/ld+json\" class=\"yoast-schema-graph\">{\"@context\":\"https:\/\/schema.org\",\"@graph\":[{\"@type\":\"Article\",\"@id\":\"https:\/\/tabernaculoprensadedios.com\/web\/deja-que-la-oracion-ven-senor-jesus-sea-tu-mayor-clamor\/#article\",\"isPartOf\":{\"@id\":\"https:\/\/tabernaculoprensadedios.com\/web\/deja-que-la-oracion-ven-senor-jesus-sea-tu-mayor-clamor\/\"},\"author\":{\"name\":\"tabernaculo\",\"@id\":\"https:\/\/tabernaculoprensadedios.com\/web\/#\/schema\/person\/bc0e069fef56b38e177db6f098ae0b6e\"},\"headline\":\"Deja que la oraci\u00f3n \u00ab\u00a1Ven, Se\u00f1or Jes\u00fas!\u00bb sea tu mayor clamor\",\"datePublished\":\"2025-09-22T16:06:59+00:00\",\"dateModified\":\"2025-09-22T16:07:10+00:00\",\"mainEntityOfPage\":{\"@id\":\"https:\/\/tabernaculoprensadedios.com\/web\/deja-que-la-oracion-ven-senor-jesus-sea-tu-mayor-clamor\/\"},\"wordCount\":1112,\"commentCount\":0,\"publisher\":{\"@id\":\"https:\/\/tabernaculoprensadedios.com\/web\/#\/schema\/person\/bc0e069fef56b38e177db6f098ae0b6e\"},\"image\":{\"@id\":\"https:\/\/tabernaculoprensadedios.com\/web\/deja-que-la-oracion-ven-senor-jesus-sea-tu-mayor-clamor\/#primaryimage\"},\"thumbnailUrl\":\"https:\/\/tabernaculoprensadedios.com\/web\/wp-content\/uploads\/2025\/09\/08swtco0syg.avif\",\"articleSection\":[\"Articulos\"],\"inLanguage\":\"es\",\"potentialAction\":[{\"@type\":\"CommentAction\",\"name\":\"Comment\",\"target\":[\"https:\/\/tabernaculoprensadedios.com\/web\/deja-que-la-oracion-ven-senor-jesus-sea-tu-mayor-clamor\/#respond\"]}]},{\"@type\":\"WebPage\",\"@id\":\"https:\/\/tabernaculoprensadedios.com\/web\/deja-que-la-oracion-ven-senor-jesus-sea-tu-mayor-clamor\/\",\"url\":\"https:\/\/tabernaculoprensadedios.com\/web\/deja-que-la-oracion-ven-senor-jesus-sea-tu-mayor-clamor\/\",\"name\":\"Deja que la oraci\u00f3n \u00ab\u00a1Ven, Se\u00f1or Jes\u00fas!\u00bb sea tu mayor clamor - Tabernaculo Prensa de Dios\",\"isPartOf\":{\"@id\":\"https:\/\/tabernaculoprensadedios.com\/web\/#website\"},\"primaryImageOfPage\":{\"@id\":\"https:\/\/tabernaculoprensadedios.com\/web\/deja-que-la-oracion-ven-senor-jesus-sea-tu-mayor-clamor\/#primaryimage\"},\"image\":{\"@id\":\"https:\/\/tabernaculoprensadedios.com\/web\/deja-que-la-oracion-ven-senor-jesus-sea-tu-mayor-clamor\/#primaryimage\"},\"thumbnailUrl\":\"https:\/\/tabernaculoprensadedios.com\/web\/wp-content\/uploads\/2025\/09\/08swtco0syg.avif\",\"datePublished\":\"2025-09-22T16:06:59+00:00\",\"dateModified\":\"2025-09-22T16:07:10+00:00\",\"breadcrumb\":{\"@id\":\"https:\/\/tabernaculoprensadedios.com\/web\/deja-que-la-oracion-ven-senor-jesus-sea-tu-mayor-clamor\/#breadcrumb\"},\"inLanguage\":\"es\",\"potentialAction\":[{\"@type\":\"ReadAction\",\"target\":[\"https:\/\/tabernaculoprensadedios.com\/web\/deja-que-la-oracion-ven-senor-jesus-sea-tu-mayor-clamor\/\"]}]},{\"@type\":\"ImageObject\",\"inLanguage\":\"es\",\"@id\":\"https:\/\/tabernaculoprensadedios.com\/web\/deja-que-la-oracion-ven-senor-jesus-sea-tu-mayor-clamor\/#primaryimage\",\"url\":\"https:\/\/tabernaculoprensadedios.com\/web\/wp-content\/uploads\/2025\/09\/08swtco0syg.avif\",\"contentUrl\":\"https:\/\/tabernaculoprensadedios.com\/web\/wp-content\/uploads\/2025\/09\/08swtco0syg.avif\",\"width\":1600,\"height\":1068,\"caption\":\"woman praying under tree during daytime\"},{\"@type\":\"BreadcrumbList\",\"@id\":\"https:\/\/tabernaculoprensadedios.com\/web\/deja-que-la-oracion-ven-senor-jesus-sea-tu-mayor-clamor\/#breadcrumb\",\"itemListElement\":[{\"@type\":\"ListItem\",\"position\":1,\"name\":\"Portada\",\"item\":\"https:\/\/tabernaculoprensadedios.com\/web\/\"},{\"@type\":\"ListItem\",\"position\":2,\"name\":\"Deja que la oraci\u00f3n \u00ab\u00a1Ven, Se\u00f1or Jes\u00fas!\u00bb sea tu mayor clamor\"}]},{\"@type\":\"WebSite\",\"@id\":\"https:\/\/tabernaculoprensadedios.com\/web\/#website\",\"url\":\"https:\/\/tabernaculoprensadedios.com\/web\/\",\"name\":\"Tabernaculo Prensa de Dios\",\"description\":\"Un medio a la manera de Dios\",\"publisher\":{\"@id\":\"https:\/\/tabernaculoprensadedios.com\/web\/#\/schema\/person\/bc0e069fef56b38e177db6f098ae0b6e\"},\"potentialAction\":[{\"@type\":\"SearchAction\",\"target\":{\"@type\":\"EntryPoint\",\"urlTemplate\":\"https:\/\/tabernaculoprensadedios.com\/web\/?s={search_term_string}\"},\"query-input\":{\"@type\":\"PropertyValueSpecification\",\"valueRequired\":true,\"valueName\":\"search_term_string\"}}],\"inLanguage\":\"es\"},{\"@type\":[\"Person\",\"Organization\"],\"@id\":\"https:\/\/tabernaculoprensadedios.com\/web\/#\/schema\/person\/bc0e069fef56b38e177db6f098ae0b6e\",\"name\":\"tabernaculo\",\"image\":{\"@type\":\"ImageObject\",\"inLanguage\":\"es\",\"@id\":\"https:\/\/tabernaculoprensadedios.com\/web\/#\/schema\/person\/image\/\",\"url\":\"https:\/\/tabernaculoprensadedios.com\/web\/wp-content\/uploads\/2015\/06\/login-logo1.png\",\"contentUrl\":\"https:\/\/tabernaculoprensadedios.com\/web\/wp-content\/uploads\/2015\/06\/login-logo1.png\",\"width\":300,\"height\":118,\"caption\":\"tabernaculo\"},\"logo\":{\"@id\":\"https:\/\/tabernaculoprensadedios.com\/web\/#\/schema\/person\/image\/\"},\"url\":\"https:\/\/tabernaculoprensadedios.com\/web\/author\/tabernaculo\/\"}]}<\/script>\n<!-- \/ Yoast SEO Premium plugin. -->","yoast_head_json":{"title":"Deja que la oraci\u00f3n \u00ab\u00a1Ven, Se\u00f1or Jes\u00fas!\u00bb sea tu mayor clamor - Tabernaculo Prensa de Dios","robots":{"index":"index","follow":"follow","max-snippet":"max-snippet:-1","max-image-preview":"max-image-preview:large","max-video-preview":"max-video-preview:-1"},"canonical":"https:\/\/tabernaculoprensadedios.com\/web\/deja-que-la-oracion-ven-senor-jesus-sea-tu-mayor-clamor\/","og_locale":"es_ES","og_type":"article","og_title":"Deja que la oraci\u00f3n \u00ab\u00a1Ven, Se\u00f1or Jes\u00fas!\u00bb sea tu mayor clamor","og_description":"Cuando leo frases como \u00ab\u00a1Acabemos con la injusticia!\u00bb, \u00ab\u00a1Acabemos con el tr\u00e1fico de personas!\u00bb y \u00ab\u00a1Acabemos con el racismo!\u00bb en pancartas de protesta o en publicaciones en redes sociales, me vienen a la mente un par de pensamientos. El primero es: \u00a1S\u00ed! Quiero que el mundo sea libre de estas injusticias. Mi segundo pensamiento es &hellip;","og_url":"https:\/\/tabernaculoprensadedios.com\/web\/deja-que-la-oracion-ven-senor-jesus-sea-tu-mayor-clamor\/","og_site_name":"Tabernaculo Prensa de Dios","article_published_time":"2025-09-22T16:06:59+00:00","article_modified_time":"2025-09-22T16:07:10+00:00","og_image":[{"width":1600,"height":1068,"url":"https:\/\/tabernaculoprensadedios.com\/web\/wp-content\/uploads\/2025\/09\/08swtco0syg.avif","type":"image\/jpeg"}],"author":"tabernaculo","twitter_card":"summary_large_image","twitter_creator":"@PrensadeDios","twitter_site":"@PrensadeDios","twitter_misc":{"Escrito por":"tabernaculo","Tiempo de lectura":"5 minutos"},"schema":{"@context":"https:\/\/schema.org","@graph":[{"@type":"Article","@id":"https:\/\/tabernaculoprensadedios.com\/web\/deja-que-la-oracion-ven-senor-jesus-sea-tu-mayor-clamor\/#article","isPartOf":{"@id":"https:\/\/tabernaculoprensadedios.com\/web\/deja-que-la-oracion-ven-senor-jesus-sea-tu-mayor-clamor\/"},"author":{"name":"tabernaculo","@id":"https:\/\/tabernaculoprensadedios.com\/web\/#\/schema\/person\/bc0e069fef56b38e177db6f098ae0b6e"},"headline":"Deja que la oraci\u00f3n \u00ab\u00a1Ven, Se\u00f1or Jes\u00fas!\u00bb sea tu mayor clamor","datePublished":"2025-09-22T16:06:59+00:00","dateModified":"2025-09-22T16:07:10+00:00","mainEntityOfPage":{"@id":"https:\/\/tabernaculoprensadedios.com\/web\/deja-que-la-oracion-ven-senor-jesus-sea-tu-mayor-clamor\/"},"wordCount":1112,"commentCount":0,"publisher":{"@id":"https:\/\/tabernaculoprensadedios.com\/web\/#\/schema\/person\/bc0e069fef56b38e177db6f098ae0b6e"},"image":{"@id":"https:\/\/tabernaculoprensadedios.com\/web\/deja-que-la-oracion-ven-senor-jesus-sea-tu-mayor-clamor\/#primaryimage"},"thumbnailUrl":"https:\/\/tabernaculoprensadedios.com\/web\/wp-content\/uploads\/2025\/09\/08swtco0syg.avif","articleSection":["Articulos"],"inLanguage":"es","potentialAction":[{"@type":"CommentAction","name":"Comment","target":["https:\/\/tabernaculoprensadedios.com\/web\/deja-que-la-oracion-ven-senor-jesus-sea-tu-mayor-clamor\/#respond"]}]},{"@type":"WebPage","@id":"https:\/\/tabernaculoprensadedios.com\/web\/deja-que-la-oracion-ven-senor-jesus-sea-tu-mayor-clamor\/","url":"https:\/\/tabernaculoprensadedios.com\/web\/deja-que-la-oracion-ven-senor-jesus-sea-tu-mayor-clamor\/","name":"Deja que la oraci\u00f3n \u00ab\u00a1Ven, Se\u00f1or Jes\u00fas!\u00bb sea tu mayor clamor - Tabernaculo Prensa de Dios","isPartOf":{"@id":"https:\/\/tabernaculoprensadedios.com\/web\/#website"},"primaryImageOfPage":{"@id":"https:\/\/tabernaculoprensadedios.com\/web\/deja-que-la-oracion-ven-senor-jesus-sea-tu-mayor-clamor\/#primaryimage"},"image":{"@id":"https:\/\/tabernaculoprensadedios.com\/web\/deja-que-la-oracion-ven-senor-jesus-sea-tu-mayor-clamor\/#primaryimage"},"thumbnailUrl":"https:\/\/tabernaculoprensadedios.com\/web\/wp-content\/uploads\/2025\/09\/08swtco0syg.avif","datePublished":"2025-09-22T16:06:59+00:00","dateModified":"2025-09-22T16:07:10+00:00","breadcrumb":{"@id":"https:\/\/tabernaculoprensadedios.com\/web\/deja-que-la-oracion-ven-senor-jesus-sea-tu-mayor-clamor\/#breadcrumb"},"inLanguage":"es","potentialAction":[{"@type":"ReadAction","target":["https:\/\/tabernaculoprensadedios.com\/web\/deja-que-la-oracion-ven-senor-jesus-sea-tu-mayor-clamor\/"]}]},{"@type":"ImageObject","inLanguage":"es","@id":"https:\/\/tabernaculoprensadedios.com\/web\/deja-que-la-oracion-ven-senor-jesus-sea-tu-mayor-clamor\/#primaryimage","url":"https:\/\/tabernaculoprensadedios.com\/web\/wp-content\/uploads\/2025\/09\/08swtco0syg.avif","contentUrl":"https:\/\/tabernaculoprensadedios.com\/web\/wp-content\/uploads\/2025\/09\/08swtco0syg.avif","width":1600,"height":1068,"caption":"woman praying under tree during daytime"},{"@type":"BreadcrumbList","@id":"https:\/\/tabernaculoprensadedios.com\/web\/deja-que-la-oracion-ven-senor-jesus-sea-tu-mayor-clamor\/#breadcrumb","itemListElement":[{"@type":"ListItem","position":1,"name":"Portada","item":"https:\/\/tabernaculoprensadedios.com\/web\/"},{"@type":"ListItem","position":2,"name":"Deja que la oraci\u00f3n \u00ab\u00a1Ven, Se\u00f1or Jes\u00fas!\u00bb sea tu mayor clamor"}]},{"@type":"WebSite","@id":"https:\/\/tabernaculoprensadedios.com\/web\/#website","url":"https:\/\/tabernaculoprensadedios.com\/web\/","name":"Tabernaculo Prensa de Dios","description":"Un medio a la manera de Dios","publisher":{"@id":"https:\/\/tabernaculoprensadedios.com\/web\/#\/schema\/person\/bc0e069fef56b38e177db6f098ae0b6e"},"potentialAction":[{"@type":"SearchAction","target":{"@type":"EntryPoint","urlTemplate":"https:\/\/tabernaculoprensadedios.com\/web\/?s={search_term_string}"},"query-input":{"@type":"PropertyValueSpecification","valueRequired":true,"valueName":"search_term_string"}}],"inLanguage":"es"},{"@type":["Person","Organization"],"@id":"https:\/\/tabernaculoprensadedios.com\/web\/#\/schema\/person\/bc0e069fef56b38e177db6f098ae0b6e","name":"tabernaculo","image":{"@type":"ImageObject","inLanguage":"es","@id":"https:\/\/tabernaculoprensadedios.com\/web\/#\/schema\/person\/image\/","url":"https:\/\/tabernaculoprensadedios.com\/web\/wp-content\/uploads\/2015\/06\/login-logo1.png","contentUrl":"https:\/\/tabernaculoprensadedios.com\/web\/wp-content\/uploads\/2015\/06\/login-logo1.png","width":300,"height":118,"caption":"tabernaculo"},"logo":{"@id":"https:\/\/tabernaculoprensadedios.com\/web\/#\/schema\/person\/image\/"},"url":"https:\/\/tabernaculoprensadedios.com\/web\/author\/tabernaculo\/"}]}},"_links":{"self":[{"href":"https:\/\/tabernaculoprensadedios.com\/web\/wp-json\/wp\/v2\/posts\/35899","targetHints":{"allow":["GET"]}}],"collection":[{"href":"https:\/\/tabernaculoprensadedios.com\/web\/wp-json\/wp\/v2\/posts"}],"about":[{"href":"https:\/\/tabernaculoprensadedios.com\/web\/wp-json\/wp\/v2\/types\/post"}],"author":[{"embeddable":true,"href":"https:\/\/tabernaculoprensadedios.com\/web\/wp-json\/wp\/v2\/users\/1"}],"replies":[{"embeddable":true,"href":"https:\/\/tabernaculoprensadedios.com\/web\/wp-json\/wp\/v2\/comments?post=35899"}],"version-history":[{"count":1,"href":"https:\/\/tabernaculoprensadedios.com\/web\/wp-json\/wp\/v2\/posts\/35899\/revisions"}],"predecessor-version":[{"id":35901,"href":"https:\/\/tabernaculoprensadedios.com\/web\/wp-json\/wp\/v2\/posts\/35899\/revisions\/35901"}],"wp:featuredmedia":[{"embeddable":true,"href":"https:\/\/tabernaculoprensadedios.com\/web\/wp-json\/wp\/v2\/media\/35900"}],"wp:attachment":[{"href":"https:\/\/tabernaculoprensadedios.com\/web\/wp-json\/wp\/v2\/media?parent=35899"}],"wp:term":[{"taxonomy":"category","embeddable":true,"href":"https:\/\/tabernaculoprensadedios.com\/web\/wp-json\/wp\/v2\/categories?post=35899"},{"taxonomy":"post_tag","embeddable":true,"href":"https:\/\/tabernaculoprensadedios.com\/web\/wp-json\/wp\/v2\/tags?post=35899"}],"curies":[{"name":"wp","href":"https:\/\/api.w.org\/{rel}","templated":true}]}}