{"id":35894,"date":"2025-09-22T15:49:20","date_gmt":"2025-09-22T15:49:20","guid":{"rendered":"https:\/\/tabernaculoprensadedios.com\/web\/?p=35894"},"modified":"2025-09-22T15:49:20","modified_gmt":"2025-09-22T15:49:20","slug":"la-maldad-del-hombre-2","status":"publish","type":"post","link":"https:\/\/tabernaculoprensadedios.com\/web\/la-maldad-del-hombre-2\/","title":{"rendered":"La maldad del hombre y la necesidad de Dios en su coraz\u00f3n"},"content":{"rendered":"<p>El ser humano muchas veces se jacta de su buen coraz\u00f3n, pero, no ve la maldad que hay dentro de si. \u00bfC\u00f3mo podemos asegurar que no hay nada bueno en el hombre? Porque nuestro Se\u00f1or Jesucristo lo dijo en los evangelios.<\/p>\n<p><strong>Mateo 12:34<\/strong>\u00a0\u00a0 \u00a1Generaci\u00f3n de v\u00edboras! \u00bfC\u00f3mo pod\u00e9is hablar lo bueno, siendo malos? Porque de la abundancia del coraz\u00f3n habla la boca. 35 El hombre bueno, del buen tesoro del coraz\u00f3n saca buenas cosas; y el hombre malo, del mal tesoro saca malas cosas.<\/p>\n<p>Y lo vemos en Isa\u00edas,<\/p>\n<p><strong>Isa\u00edas 1:4-6<\/strong>\u00a0\u00a0 <em>\u00a1Oh gente pecadora, pueblo cargado de maldad, generaci\u00f3n de malignos, hijos depravados! Dejaron a Jehov\u00e1, provocaron a ira al Santo de Israel, se volvieron atr\u00e1s. 5\u00a0\u00a0 \u00bfPor qu\u00e9 querr\u00e9is ser castigados a\u00fan?\u00a0\u00a0 \u00bfTodav\u00eda os rebelar\u00e9is? Toda cabeza est\u00e1 enferma, y todo coraz\u00f3n doliente. 6 Desde la planta del pie hasta la cabeza no hay en \u00e9l cosa sana, sino herida, hinchaz\u00f3n y podrida llaga; no est\u00e1n curadas, ni vendadas, ni suavizadas con aceite.<\/em><\/p>\n<p>Viendo la pel\u00edcula \u201cEl Pianista\u201d me conmovi\u00f3 ver la torpeza de los soldados alemanes, que por la simple raz\u00f3n de celebrar la navidad, uno de ellos, azota a los jud\u00edos que se encontraban cerca de \u00e9l en ese momento. En esta pel\u00edcula, como en muchas otras acerca del holocausto nazi podemos ver de qu\u00e9 est\u00e1 hecho el hombre, de pura maldad.<\/p>\n<p>Casi al final de la pel\u00edcula, uno de los militares de alto rango encuentra al pianista escondido en un edificio destruido por la guerra, en una situaci\u00f3n extrema por el fr\u00edo y el hambre, y le pregunta si es jud\u00edo, y si se est\u00e1 escondiendo; y el pianista le contesta que s\u00ed, que se est\u00e1 escondiendo. El militar le pregunta que qu\u00e9 es \u00e9l, y le contesta que es pianista, y como en el lugar hab\u00eda un piano, y le dice que toque. Y el pianista empieza a tocar, con dificultad al principio, pero con una gran hermosura al final. El militar alem\u00e1n es movido a misericordia y cuando el pianista le pregunta por qu\u00e9, el militar le dice: porque esa es la voluntad de Dios que nos salvemos. Este es el \u00fanico pasaje de la pel\u00edcula donde se menciona a Dios con como el que rige nuestros destinos. Pero es una parte que llega al coraz\u00f3n. Esta historia es ver\u00eddica.<\/p>\n<p>Lo negro del corazon del hombre, el holocausto, hitler, nazi<\/p>\n<p><strong>\u00bfPor qu\u00e9 el hombre es tan malo?<\/strong><\/p>\n<p>Porque Satan\u00e1s, el pr\u00edncipe de este mundo, cuando fue expulsado del cielo cay\u00f3 a la tierra para enga\u00f1ar y sembrar su maldad en la humanidad.<\/p>\n<p><strong>Isa\u00edas 14:12-15<\/strong> \u00a1<em>C\u00f3mo ca\u00edste del cielo, oh Lucero, hijo de la ma\u00f1ana! Cortado fuiste por tierra, t\u00fa que debilitabas a las naciones. 13 T\u00fa que dec\u00edas en tu coraz\u00f3n: Subir\u00e9 al cielo; en lo alto, junto a las estrellas de Dios, levantar\u00e9 mi trono, y en el monte del testimonio me sentar\u00e9, a los lados del norte;14 sobre las alturas de las nubes subir\u00e9, y ser\u00e9 semejante al Alt\u00edsimo.15 Mas t\u00fa derribado eres hasta el Seol, a los lados del abismo.<\/em><\/p>\n<p>Es tanta la maldad que hay en Satan\u00e1s que quiso ser superior a Dios. Desde ese momento ha habido una gran rivalidad de parte de Satan\u00e1s contra Dios, y vino a convertir este mundo perfecto en un caos de maldad.<\/p>\n<p><strong>Efesios 2:2<\/strong> \u201c\u2026siguiendo la corriente de este mundo, conforme al pr\u00edncipe de la potestad del aire, el esp\u00edritu que ahora opera en los hijos de desobediencia, 3 entre los cuales tambi\u00e9n todos nosotros vivimos en otro tiempo en los deseos de nuestra carne, haciendo la voluntad de la carne y de los pensamientos, y \u00e9ramos por naturaleza hijos de ira, lo mismo que los dem\u00e1s.<\/p>\n<p><strong>Es por esta raz\u00f3n que Dios quiso exterminar a toda la humanidad<\/strong>.<\/p>\n<p><strong>G\u00e9nesis 6:5<\/strong> <em>Y vio Jehov\u00e1 que la maldad de los hombres era mucha en la tierra, y que todo designio de los pensamientos del coraz\u00f3n de ellos era de continuo solamente el mal. 6 Y se arrepinti\u00f3 Jehov\u00e1 de haber hecho hombre en la tierra, y le doli\u00f3 en su coraz\u00f3n. 7 Y dijo Jehov\u00e1: Raer\u00e9 de sobre la faz de la tierra a los hombres que he creado, desde el hombre hasta la bestia, y hasta el reptil y las aves del cielo; pues me arrepiento de haberlos hecho. 8 Pero No\u00e9 hall\u00f3 gracia ante los ojos de Jehov\u00e1.<\/em><\/p>\n<p>Por un hombre entr\u00f3 el pecado al mundo, Ad\u00e1n; y por un hombre se salv\u00f3 del exterminio de Dios la humanidad, convirti\u00e9ndose No\u00e9 en un tipo de Cristo.<\/p>\n<p>Despu\u00e9s del diluvio Dios tuvo compasi\u00f3n del hombre.<\/p>\n<p><strong>G\u00e9nesis 8:20-22<\/strong> <em>Y edific\u00f3 No\u00e9 un altar a Jehov\u00e1, y tom\u00f3 de todo animal limpio y de toda ave limpia, y ofreci\u00f3 holocausto en el altar. 21 Y percibi\u00f3 Jehov\u00e1 olor grato; y dijo Jehov\u00e1 en su coraz\u00f3n: No volver\u00e9 m\u00e1s a maldecir la tierra por causa del hombre; porque el intento del coraz\u00f3n del hombre es malo desde su juventud; ni volver\u00e9 m\u00e1s a destruir todo ser viviente, como he hecho. 22 Mientras la tierra permanezca, no cesar\u00e1n la sementera y la siega, el fr\u00edo y el calor, el verano y el invierno, y el d\u00eda y la noche.<\/em><\/p>\n<p><strong>Pero el hombre volvi\u00f3 a revelarse contra Dios, y lo ha seguido haciendo a trav\u00e9s de toda la historia.<\/strong><\/p>\n<p>Ezequiel lo pinta de una manera muy v\u00edvida:<strong>\u00a0<\/strong><\/p>\n<p><strong>Ezequiel 8:4<\/strong> <em>Y he aqu\u00ed, all\u00ed estaba la gloria del Dios de Israel, como la visi\u00f3n que yo hab\u00eda visto en el campo. 5 Y me dijo: Hijo de hombre, alza ahora tus ojos hacia el lado del norte. Y alc\u00e9 mis ojos hacia el norte, y he aqu\u00ed al norte, junto a la puerta del altar, aquella imagen del celo en la entrada. 6 Me dijo entonces: Hijo de hombre, \u00bfno ves lo que \u00e9stos hacen, las grandes abominaciones que la casa de Israel hace aqu\u00ed para alejarme de mi santuario? Pero vu\u00e9lvete a\u00fan, y ver\u00e1s abominaciones mayores. 7 Y me llev\u00f3 a la entrada del atrio, y mir\u00e9, y he aqu\u00ed en la pared un agujero. 8 Y me dijo: Hijo de hombre, cava ahora en la pared. Y cav\u00e9 en la pared, y he aqu\u00ed una puerta. 9 Me dijo luego: Entra, y ve las malvadas abominaciones que \u00e9stos hacen all\u00ed. 10 Entr\u00e9, pues, y mir\u00e9; y he aqu\u00ed toda forma de reptiles y bestias abominables, y todos los \u00eddolos de la casa de Israel, que estaban pintados en la pared por todo alrededor. 11 Y delante de ellos estaban setenta varones de los ancianos de la casa de Israel, y Jaazan\u00edas hijo de Saf\u00e1n en medio de ellos, cada uno con su incensario en su mano; y sub\u00eda una nube espesa de incienso. Y me dijo: Hijo de hombre, \u00bfhas visto las cosas que los ancianos de la casa de Israel hacen en tinieblas, cada uno en sus c\u00e1maras pintadas de im\u00e1genes? Porque dicen ellos: No nos ve Jehov\u00e1; Jehov\u00e1 ha abandonado la tierra. 13 Me dijo despu\u00e9s: Vu\u00e9lvete a\u00fan, ver\u00e1s abominaciones mayores que hacen \u00e9stos. 14 Y me llev\u00f3 a la entrada de la puerta de la casa de Jehov\u00e1, que est\u00e1 al norte; y he aqu\u00ed mujeres que estaban all\u00ed sentadas endechando a Tamuz. 15 Luego me dijo:\u00a0\u00a0 \u00bfNo ves, hijo de hombre? Vu\u00e9lvete a\u00fan, ver\u00e1s abominaciones mayores que estas. 16 Y me llev\u00f3 al atrio de adentro de la casa de Jehov\u00e1; y he aqu\u00ed junto a la entrada del templo de Jehov\u00e1, entre la entrada y el altar, como veinticinco varones, sus espaldas vueltas al templo de Jehov\u00e1 y sus rostros hacia el oriente, y adoraban al sol, postr\u00e1ndose hacia el oriente. 17 Y me dijo:\u00a0\u00a0 \u00bfNo has visto, hijo de hombre?\u00a0\u00a0 \u00bfEs cosa liviana para la casa de Jud\u00e1 hacer las abominaciones que hacen aqu\u00ed? Despu\u00e9s que han llenado de maldad la tierra, se volvieron a m\u00ed para irritarme; he aqu\u00ed que aplican el ramo a sus narices. 18 Pues tambi\u00e9n yo proceder\u00e9 con furor; no perdonar\u00e1 mi ojo, ni tendr\u00e9 misericordia; y gritar\u00e1n a mis o\u00eddos con gran voz, y no los oir\u00e9.<\/em><\/p>\n<p>Dios cumpli\u00f3 lo que prometi\u00f3 a su pueblo, los mand\u00f3 a la cautividad por 70 a\u00f1os, y fueron esparcidos por toda la faz de la tierra. Este pueblo ha sufrido a trav\u00e9s de toda la historia por la dureza de su coraz\u00f3n, han sufrido en cada lugar que han estado. Tuvieron en su tiempo la oportunidad de salvarse cuando vino el Mes\u00edas esperado, pero no, no le creyeron y han seguido sufriendo. No es que estemos contra el pueblo de Dios, no, al contrario lo bendecimos porque la Biblia dice que de esta forma nosotros seremos bendecidos.<\/p>\n<p>areciera que esta cadena de pecados no tiene fin, pero si, este mensaje no es de desconsuelo, al contrario, el objetivo es que veamos que si hay esperanza, porque tenemos un Dios de perd\u00f3n y misericordia, pues Dios es amor. El nos ha ofrecido por medio de su Revelaci\u00f3n Especial, su Palabra, una esperanza viva para los que queremos dejar el mal y rendirnos a los pies de su Hijo amado que vino al mundo a morir por los pecadores. Si por medio de nuestro bello Se\u00f1or Jesucristo.<\/p>\n<p><strong>\u00bfPero como?<\/strong><\/p>\n<p>Venid luego, dice Jehov\u00e1, y estemos a cuenta: si vuestros pecados fueren como la grana, como la nieve ser\u00e1n emblanquecidos; si fueren rojos como el carmes\u00ed, vendr\u00e1n a ser como blanca lana. (<strong>Isa\u00edas 1:18)<\/strong><\/p>\n<p><strong>Romanos 5:8-10<\/strong> Mas Dios muestra su amor para con nosotros, en que siendo a\u00fan pecadores, Cristo muri\u00f3 por nosotros. 9 Pues mucho m\u00e1s, estando ya justificados en su sangre, por \u00e9l seremos salvos de la ira. 10 Porque si siendo enemigos, fuimos reconciliados con Dios por la muerte de su Hijo, mucho m\u00e1s, estando reconciliados, seremos salvos por su vida.<\/p>\n<p><strong>Romanos 6:23<\/strong> Porque la paga del pecado es muerte, mas la d\u00e1diva de Dios es vida eterna en Cristo Jes\u00fas Se\u00f1or nuestro.<\/p>\n<p>Si, en Cristo Jes\u00fas tenemos vida eterna, no importa lo malos que hayamos sido, el nos perdona y nos reconcilia con el Padre.<\/p>\n<p><strong>Romanos 6:17-23<\/strong> <em>Pero gracias a Dios, que aunque erais esclavos del pecado, hab\u00e9is obedecido de coraz\u00f3n a aquella forma de doctrina a la cual fuisteis entregados; 18 y libertados del pecado, vinisteis a ser siervos de la justicia. 19 Hablo como humano, por vuestra humana debilidad; que as\u00ed como para iniquidad presentasteis vuestros miembros para servir a la inmundicia y a la iniquidad, as\u00ed ahora para santificaci\u00f3n presentad vuestros miembros para servir a la justicia. 20 Porque cuando erais esclavos del pecado, erais libres acerca de la justicia. 21 \u00bfPero qu\u00e9 fruto ten\u00edais de aquellas cosas de las cuales ahora os avergonz\u00e1is? Porque el fin de ellas es muerte. 22 Mas ahora que hab\u00e9is sido libertados del pecado y hechos siervos de Dios, ten\u00e9is por vuestro fruto la santificaci\u00f3n, y como fin, la vida eterna. 23 Porque la paga del pecado es muerte, mas la d\u00e1diva de Dios es vida eterna en Cristo Jes\u00fas Se\u00f1or nuestro.<\/em><\/p>\n<p>Solo Cristo nos puede dar la libertad del pecado y de la maldad. El prop\u00f3sito de Dios en toda su Revelaci\u00f3n Especial, su Palabra es que el hombre sea salvo por El. Hoy tenemos como fruto la santificaci\u00f3n y como fin la vida eterna. Dig\u00e1mosle no al pecado y si a Dios recibiendo a su Hijo nuestro bello Se\u00f1or Jesucristo, y tendremos gozo y paz y vida eterna junto con \u00c9l.<\/p>\n<p>Si usted recibi\u00f3 este mensaje y todav\u00eda no ha recibido a Jes\u00fas como su Se\u00f1or, este es el momento que lo reciba y tendr\u00e1 un cambio radical en su vida. Solo en Cristo somos m\u00e1s que vencedores.<\/p>\n","protected":false},"excerpt":{"rendered":"<p>El ser humano muchas veces se jacta de su buen coraz\u00f3n, pero, no ve la maldad que hay dentro de si. \u00bfC\u00f3mo podemos asegurar que no hay nada bueno en el hombre? Porque nuestro Se\u00f1or Jesucristo lo dijo en los evangelios. Mateo 12:34\u00a0\u00a0 \u00a1Generaci\u00f3n de v\u00edboras! \u00bfC\u00f3mo pod\u00e9is hablar lo bueno, siendo malos? Porque de &hellip;<\/p>\n","protected":false},"author":1,"featured_media":9541,"comment_status":"open","ping_status":"open","sticky":false,"template":"","format":"standard","meta":{"footnotes":""},"categories":[34],"tags":[],"class_list":["post-35894","post","type-post","status-publish","format-standard","has-post-thumbnail","hentry","category-articulos"],"yoast_head":"<!-- This site is optimized with the Yoast SEO Premium plugin v24.2 (Yoast SEO v27.1.1) - https:\/\/yoast.com\/product\/yoast-seo-premium-wordpress\/ -->\n<title>La maldad del hombre y la necesidad de Dios en su coraz\u00f3n - Tabernaculo Prensa de Dios<\/title>\n<meta name=\"robots\" content=\"index, follow, max-snippet:-1, max-image-preview:large, max-video-preview:-1\" \/>\n<link rel=\"canonical\" href=\"https:\/\/tabernaculoprensadedios.com\/web\/la-maldad-del-hombre-2\/\" class=\"yoast-seo-meta-tag\" \/>\n<meta property=\"og:locale\" content=\"es_ES\" class=\"yoast-seo-meta-tag\" \/>\n<meta property=\"og:type\" content=\"article\" class=\"yoast-seo-meta-tag\" \/>\n<meta property=\"og:title\" content=\"La maldad del hombre y la necesidad de Dios en su coraz\u00f3n\" class=\"yoast-seo-meta-tag\" \/>\n<meta property=\"og:description\" content=\"El ser humano muchas veces se jacta de su buen coraz\u00f3n, pero, no ve la maldad que hay dentro de si. \u00bfC\u00f3mo podemos asegurar que no hay nada bueno en el hombre? Porque nuestro Se\u00f1or Jesucristo lo dijo en los evangelios. Mateo 12:34\u00a0\u00a0 \u00a1Generaci\u00f3n de v\u00edboras! \u00bfC\u00f3mo pod\u00e9is hablar lo bueno, siendo malos? Porque de &hellip;\" class=\"yoast-seo-meta-tag\" \/>\n<meta property=\"og:url\" content=\"https:\/\/tabernaculoprensadedios.com\/web\/la-maldad-del-hombre-2\/\" class=\"yoast-seo-meta-tag\" \/>\n<meta property=\"og:site_name\" content=\"Tabernaculo Prensa de Dios\" class=\"yoast-seo-meta-tag\" \/>\n<meta property=\"article:published_time\" content=\"2025-09-22T15:49:20+00:00\" class=\"yoast-seo-meta-tag\" \/>\n<meta property=\"og:image\" content=\"https:\/\/tabernaculoprensadedios.com\/web\/wp-content\/uploads\/2018\/08\/La-maldad-del-hombre..jpg\" class=\"yoast-seo-meta-tag\" \/>\n\t<meta property=\"og:image:width\" content=\"782\" class=\"yoast-seo-meta-tag\" \/>\n\t<meta property=\"og:image:height\" content=\"522\" class=\"yoast-seo-meta-tag\" \/>\n\t<meta property=\"og:image:type\" content=\"image\/jpeg\" class=\"yoast-seo-meta-tag\" \/>\n<meta name=\"author\" content=\"tabernaculo\" class=\"yoast-seo-meta-tag\" \/>\n<meta name=\"twitter:card\" content=\"summary_large_image\" class=\"yoast-seo-meta-tag\" \/>\n<meta name=\"twitter:creator\" content=\"@PrensadeDios\" class=\"yoast-seo-meta-tag\" \/>\n<meta name=\"twitter:site\" content=\"@PrensadeDios\" class=\"yoast-seo-meta-tag\" \/>\n<meta name=\"twitter:label1\" content=\"Escrito por\" class=\"yoast-seo-meta-tag\" \/>\n\t<meta name=\"twitter:data1\" content=\"tabernaculo\" class=\"yoast-seo-meta-tag\" \/>\n\t<meta name=\"twitter:label2\" content=\"Tiempo de lectura\" class=\"yoast-seo-meta-tag\" \/>\n\t<meta name=\"twitter:data2\" content=\"10 minutos\" class=\"yoast-seo-meta-tag\" \/>\n<script type=\"application\/ld+json\" class=\"yoast-schema-graph\">{\"@context\":\"https:\/\/schema.org\",\"@graph\":[{\"@type\":\"Article\",\"@id\":\"https:\/\/tabernaculoprensadedios.com\/web\/la-maldad-del-hombre-2\/#article\",\"isPartOf\":{\"@id\":\"https:\/\/tabernaculoprensadedios.com\/web\/la-maldad-del-hombre-2\/\"},\"author\":{\"name\":\"tabernaculo\",\"@id\":\"https:\/\/tabernaculoprensadedios.com\/web\/#\/schema\/person\/bc0e069fef56b38e177db6f098ae0b6e\"},\"headline\":\"La maldad del hombre y la necesidad de Dios en su coraz\u00f3n\",\"datePublished\":\"2025-09-22T15:49:20+00:00\",\"mainEntityOfPage\":{\"@id\":\"https:\/\/tabernaculoprensadedios.com\/web\/la-maldad-del-hombre-2\/\"},\"wordCount\":2033,\"commentCount\":0,\"publisher\":{\"@id\":\"https:\/\/tabernaculoprensadedios.com\/web\/#\/schema\/person\/bc0e069fef56b38e177db6f098ae0b6e\"},\"image\":{\"@id\":\"https:\/\/tabernaculoprensadedios.com\/web\/la-maldad-del-hombre-2\/#primaryimage\"},\"thumbnailUrl\":\"https:\/\/tabernaculoprensadedios.com\/web\/wp-content\/uploads\/2018\/08\/La-maldad-del-hombre..jpg\",\"articleSection\":[\"Articulos\"],\"inLanguage\":\"es\",\"potentialAction\":[{\"@type\":\"CommentAction\",\"name\":\"Comment\",\"target\":[\"https:\/\/tabernaculoprensadedios.com\/web\/la-maldad-del-hombre-2\/#respond\"]}]},{\"@type\":\"WebPage\",\"@id\":\"https:\/\/tabernaculoprensadedios.com\/web\/la-maldad-del-hombre-2\/\",\"url\":\"https:\/\/tabernaculoprensadedios.com\/web\/la-maldad-del-hombre-2\/\",\"name\":\"La maldad del hombre y la necesidad de Dios en su coraz\u00f3n - Tabernaculo Prensa de Dios\",\"isPartOf\":{\"@id\":\"https:\/\/tabernaculoprensadedios.com\/web\/#website\"},\"primaryImageOfPage\":{\"@id\":\"https:\/\/tabernaculoprensadedios.com\/web\/la-maldad-del-hombre-2\/#primaryimage\"},\"image\":{\"@id\":\"https:\/\/tabernaculoprensadedios.com\/web\/la-maldad-del-hombre-2\/#primaryimage\"},\"thumbnailUrl\":\"https:\/\/tabernaculoprensadedios.com\/web\/wp-content\/uploads\/2018\/08\/La-maldad-del-hombre..jpg\",\"datePublished\":\"2025-09-22T15:49:20+00:00\",\"breadcrumb\":{\"@id\":\"https:\/\/tabernaculoprensadedios.com\/web\/la-maldad-del-hombre-2\/#breadcrumb\"},\"inLanguage\":\"es\",\"potentialAction\":[{\"@type\":\"ReadAction\",\"target\":[\"https:\/\/tabernaculoprensadedios.com\/web\/la-maldad-del-hombre-2\/\"]}]},{\"@type\":\"ImageObject\",\"inLanguage\":\"es\",\"@id\":\"https:\/\/tabernaculoprensadedios.com\/web\/la-maldad-del-hombre-2\/#primaryimage\",\"url\":\"https:\/\/tabernaculoprensadedios.com\/web\/wp-content\/uploads\/2018\/08\/La-maldad-del-hombre..jpg\",\"contentUrl\":\"https:\/\/tabernaculoprensadedios.com\/web\/wp-content\/uploads\/2018\/08\/La-maldad-del-hombre..jpg\",\"width\":782,\"height\":522},{\"@type\":\"BreadcrumbList\",\"@id\":\"https:\/\/tabernaculoprensadedios.com\/web\/la-maldad-del-hombre-2\/#breadcrumb\",\"itemListElement\":[{\"@type\":\"ListItem\",\"position\":1,\"name\":\"Portada\",\"item\":\"https:\/\/tabernaculoprensadedios.com\/web\/\"},{\"@type\":\"ListItem\",\"position\":2,\"name\":\"La maldad del hombre y la necesidad de Dios en su coraz\u00f3n\"}]},{\"@type\":\"WebSite\",\"@id\":\"https:\/\/tabernaculoprensadedios.com\/web\/#website\",\"url\":\"https:\/\/tabernaculoprensadedios.com\/web\/\",\"name\":\"Tabernaculo Prensa de Dios\",\"description\":\"Un medio a la manera de Dios\",\"publisher\":{\"@id\":\"https:\/\/tabernaculoprensadedios.com\/web\/#\/schema\/person\/bc0e069fef56b38e177db6f098ae0b6e\"},\"potentialAction\":[{\"@type\":\"SearchAction\",\"target\":{\"@type\":\"EntryPoint\",\"urlTemplate\":\"https:\/\/tabernaculoprensadedios.com\/web\/?s={search_term_string}\"},\"query-input\":{\"@type\":\"PropertyValueSpecification\",\"valueRequired\":true,\"valueName\":\"search_term_string\"}}],\"inLanguage\":\"es\"},{\"@type\":[\"Person\",\"Organization\"],\"@id\":\"https:\/\/tabernaculoprensadedios.com\/web\/#\/schema\/person\/bc0e069fef56b38e177db6f098ae0b6e\",\"name\":\"tabernaculo\",\"image\":{\"@type\":\"ImageObject\",\"inLanguage\":\"es\",\"@id\":\"https:\/\/tabernaculoprensadedios.com\/web\/#\/schema\/person\/image\/\",\"url\":\"https:\/\/tabernaculoprensadedios.com\/web\/wp-content\/uploads\/2015\/06\/login-logo1.png\",\"contentUrl\":\"https:\/\/tabernaculoprensadedios.com\/web\/wp-content\/uploads\/2015\/06\/login-logo1.png\",\"width\":300,\"height\":118,\"caption\":\"tabernaculo\"},\"logo\":{\"@id\":\"https:\/\/tabernaculoprensadedios.com\/web\/#\/schema\/person\/image\/\"},\"url\":\"https:\/\/tabernaculoprensadedios.com\/web\/author\/tabernaculo\/\"}]}<\/script>\n<!-- \/ Yoast SEO Premium plugin. -->","yoast_head_json":{"title":"La maldad del hombre y la necesidad de Dios en su coraz\u00f3n - Tabernaculo Prensa de Dios","robots":{"index":"index","follow":"follow","max-snippet":"max-snippet:-1","max-image-preview":"max-image-preview:large","max-video-preview":"max-video-preview:-1"},"canonical":"https:\/\/tabernaculoprensadedios.com\/web\/la-maldad-del-hombre-2\/","og_locale":"es_ES","og_type":"article","og_title":"La maldad del hombre y la necesidad de Dios en su coraz\u00f3n","og_description":"El ser humano muchas veces se jacta de su buen coraz\u00f3n, pero, no ve la maldad que hay dentro de si. \u00bfC\u00f3mo podemos asegurar que no hay nada bueno en el hombre? Porque nuestro Se\u00f1or Jesucristo lo dijo en los evangelios. Mateo 12:34\u00a0\u00a0 \u00a1Generaci\u00f3n de v\u00edboras! \u00bfC\u00f3mo pod\u00e9is hablar lo bueno, siendo malos? Porque de &hellip;","og_url":"https:\/\/tabernaculoprensadedios.com\/web\/la-maldad-del-hombre-2\/","og_site_name":"Tabernaculo Prensa de Dios","article_published_time":"2025-09-22T15:49:20+00:00","og_image":[{"width":782,"height":522,"url":"https:\/\/tabernaculoprensadedios.com\/web\/wp-content\/uploads\/2018\/08\/La-maldad-del-hombre..jpg","type":"image\/jpeg"}],"author":"tabernaculo","twitter_card":"summary_large_image","twitter_creator":"@PrensadeDios","twitter_site":"@PrensadeDios","twitter_misc":{"Escrito por":"tabernaculo","Tiempo de lectura":"10 minutos"},"schema":{"@context":"https:\/\/schema.org","@graph":[{"@type":"Article","@id":"https:\/\/tabernaculoprensadedios.com\/web\/la-maldad-del-hombre-2\/#article","isPartOf":{"@id":"https:\/\/tabernaculoprensadedios.com\/web\/la-maldad-del-hombre-2\/"},"author":{"name":"tabernaculo","@id":"https:\/\/tabernaculoprensadedios.com\/web\/#\/schema\/person\/bc0e069fef56b38e177db6f098ae0b6e"},"headline":"La maldad del hombre y la necesidad de Dios en su coraz\u00f3n","datePublished":"2025-09-22T15:49:20+00:00","mainEntityOfPage":{"@id":"https:\/\/tabernaculoprensadedios.com\/web\/la-maldad-del-hombre-2\/"},"wordCount":2033,"commentCount":0,"publisher":{"@id":"https:\/\/tabernaculoprensadedios.com\/web\/#\/schema\/person\/bc0e069fef56b38e177db6f098ae0b6e"},"image":{"@id":"https:\/\/tabernaculoprensadedios.com\/web\/la-maldad-del-hombre-2\/#primaryimage"},"thumbnailUrl":"https:\/\/tabernaculoprensadedios.com\/web\/wp-content\/uploads\/2018\/08\/La-maldad-del-hombre..jpg","articleSection":["Articulos"],"inLanguage":"es","potentialAction":[{"@type":"CommentAction","name":"Comment","target":["https:\/\/tabernaculoprensadedios.com\/web\/la-maldad-del-hombre-2\/#respond"]}]},{"@type":"WebPage","@id":"https:\/\/tabernaculoprensadedios.com\/web\/la-maldad-del-hombre-2\/","url":"https:\/\/tabernaculoprensadedios.com\/web\/la-maldad-del-hombre-2\/","name":"La maldad del hombre y la necesidad de Dios en su coraz\u00f3n - Tabernaculo Prensa de Dios","isPartOf":{"@id":"https:\/\/tabernaculoprensadedios.com\/web\/#website"},"primaryImageOfPage":{"@id":"https:\/\/tabernaculoprensadedios.com\/web\/la-maldad-del-hombre-2\/#primaryimage"},"image":{"@id":"https:\/\/tabernaculoprensadedios.com\/web\/la-maldad-del-hombre-2\/#primaryimage"},"thumbnailUrl":"https:\/\/tabernaculoprensadedios.com\/web\/wp-content\/uploads\/2018\/08\/La-maldad-del-hombre..jpg","datePublished":"2025-09-22T15:49:20+00:00","breadcrumb":{"@id":"https:\/\/tabernaculoprensadedios.com\/web\/la-maldad-del-hombre-2\/#breadcrumb"},"inLanguage":"es","potentialAction":[{"@type":"ReadAction","target":["https:\/\/tabernaculoprensadedios.com\/web\/la-maldad-del-hombre-2\/"]}]},{"@type":"ImageObject","inLanguage":"es","@id":"https:\/\/tabernaculoprensadedios.com\/web\/la-maldad-del-hombre-2\/#primaryimage","url":"https:\/\/tabernaculoprensadedios.com\/web\/wp-content\/uploads\/2018\/08\/La-maldad-del-hombre..jpg","contentUrl":"https:\/\/tabernaculoprensadedios.com\/web\/wp-content\/uploads\/2018\/08\/La-maldad-del-hombre..jpg","width":782,"height":522},{"@type":"BreadcrumbList","@id":"https:\/\/tabernaculoprensadedios.com\/web\/la-maldad-del-hombre-2\/#breadcrumb","itemListElement":[{"@type":"ListItem","position":1,"name":"Portada","item":"https:\/\/tabernaculoprensadedios.com\/web\/"},{"@type":"ListItem","position":2,"name":"La maldad del hombre y la necesidad de Dios en su coraz\u00f3n"}]},{"@type":"WebSite","@id":"https:\/\/tabernaculoprensadedios.com\/web\/#website","url":"https:\/\/tabernaculoprensadedios.com\/web\/","name":"Tabernaculo Prensa de Dios","description":"Un medio a la manera de Dios","publisher":{"@id":"https:\/\/tabernaculoprensadedios.com\/web\/#\/schema\/person\/bc0e069fef56b38e177db6f098ae0b6e"},"potentialAction":[{"@type":"SearchAction","target":{"@type":"EntryPoint","urlTemplate":"https:\/\/tabernaculoprensadedios.com\/web\/?s={search_term_string}"},"query-input":{"@type":"PropertyValueSpecification","valueRequired":true,"valueName":"search_term_string"}}],"inLanguage":"es"},{"@type":["Person","Organization"],"@id":"https:\/\/tabernaculoprensadedios.com\/web\/#\/schema\/person\/bc0e069fef56b38e177db6f098ae0b6e","name":"tabernaculo","image":{"@type":"ImageObject","inLanguage":"es","@id":"https:\/\/tabernaculoprensadedios.com\/web\/#\/schema\/person\/image\/","url":"https:\/\/tabernaculoprensadedios.com\/web\/wp-content\/uploads\/2015\/06\/login-logo1.png","contentUrl":"https:\/\/tabernaculoprensadedios.com\/web\/wp-content\/uploads\/2015\/06\/login-logo1.png","width":300,"height":118,"caption":"tabernaculo"},"logo":{"@id":"https:\/\/tabernaculoprensadedios.com\/web\/#\/schema\/person\/image\/"},"url":"https:\/\/tabernaculoprensadedios.com\/web\/author\/tabernaculo\/"}]}},"_links":{"self":[{"href":"https:\/\/tabernaculoprensadedios.com\/web\/wp-json\/wp\/v2\/posts\/35894","targetHints":{"allow":["GET"]}}],"collection":[{"href":"https:\/\/tabernaculoprensadedios.com\/web\/wp-json\/wp\/v2\/posts"}],"about":[{"href":"https:\/\/tabernaculoprensadedios.com\/web\/wp-json\/wp\/v2\/types\/post"}],"author":[{"embeddable":true,"href":"https:\/\/tabernaculoprensadedios.com\/web\/wp-json\/wp\/v2\/users\/1"}],"replies":[{"embeddable":true,"href":"https:\/\/tabernaculoprensadedios.com\/web\/wp-json\/wp\/v2\/comments?post=35894"}],"version-history":[{"count":1,"href":"https:\/\/tabernaculoprensadedios.com\/web\/wp-json\/wp\/v2\/posts\/35894\/revisions"}],"predecessor-version":[{"id":35895,"href":"https:\/\/tabernaculoprensadedios.com\/web\/wp-json\/wp\/v2\/posts\/35894\/revisions\/35895"}],"wp:featuredmedia":[{"embeddable":true,"href":"https:\/\/tabernaculoprensadedios.com\/web\/wp-json\/wp\/v2\/media\/9541"}],"wp:attachment":[{"href":"https:\/\/tabernaculoprensadedios.com\/web\/wp-json\/wp\/v2\/media?parent=35894"}],"wp:term":[{"taxonomy":"category","embeddable":true,"href":"https:\/\/tabernaculoprensadedios.com\/web\/wp-json\/wp\/v2\/categories?post=35894"},{"taxonomy":"post_tag","embeddable":true,"href":"https:\/\/tabernaculoprensadedios.com\/web\/wp-json\/wp\/v2\/tags?post=35894"}],"curies":[{"name":"wp","href":"https:\/\/api.w.org\/{rel}","templated":true}]}}