{"id":35726,"date":"2025-09-03T00:58:06","date_gmt":"2025-09-03T00:58:06","guid":{"rendered":"https:\/\/tabernaculoprensadedios.com\/web\/?p=35726"},"modified":"2025-09-04T23:40:11","modified_gmt":"2025-09-04T23:40:11","slug":"miel-del-cielo-la-palabra-que-endulza-el-alma","status":"publish","type":"post","link":"https:\/\/tabernaculoprensadedios.com\/web\/miel-del-cielo-la-palabra-que-endulza-el-alma\/","title":{"rendered":"Miel del Cielo. La Palabra que Endulza el Alma"},"content":{"rendered":"<p><em><strong>\u00abTus palabras fueron halladas, y yo las com\u00ed; y tu palabra me fue por gozo y por alegr\u00eda de mi coraz\u00f3n.\u00bb Jerem\u00edas 15-<\/strong><\/em><\/p>\n<p>La miel ha sido s\u00edmbolo de abundancia, dulzura y fortaleza en toda la Escritura. Dios prometi\u00f3 a Su pueblo una tierra \u201cque fluye leche y miel\u201d, como se\u00f1al de bendici\u00f3n y plenitud. As\u00ed tambi\u00e9n, Su Palabra es la verdadera miel que sacia y fortalece el alma.<\/p>\n<p>El creyente no s\u00f3lo debe producir miel con sus palabras y acciones, sino tambi\u00e9n alimentarse de la miel celestial: la Palabra viva de Dios. Es en ella donde encontramos gozo en medio de la tristeza, fuerza en la debilidad y direcci\u00f3n en la incertidumbre.<\/p>\n<p>La Iglesia, como panal espiritual, debe estar llena de la miel de la Palabra, para que al compartirla con el mundo, otros puedan saborear la dulzura de Cristo.<\/p>\n<p><strong>La miel del Cielo nos invita a:<\/strong><\/p>\n<ul>\n<li><em>Alimentarnos diariamente de la Palabra, con hambre y deleite.<\/em><\/li>\n<li><em>Compartirla con dulzura, no como carga, sino como medicina.<\/em><\/li>\n<li><em>Reflejar su dulzura en cada aspecto de nuestra vida, para que otros anhelan conocer al Se\u00f1or.<\/em><\/li>\n<\/ul>\n<p>\u00bfEstoy alimentando mi alma con la miel de la Palabra, o me he conformado con migajas del mundo?<\/p>\n<p><strong>Oraci\u00f3n<\/strong><br \/>\nSe\u00f1or, gracias por la dulzura de Tu Palabra, que fortalece, sana y alegra mi coraz\u00f3n. Haz que mi vida sea un reflejo de esa miel celestial, y que al compartirla otros puedan experimentar el gozo de Tu verdad. Que Tu Iglesia rebose de la Palabra viva, para endulzar la amargura de este mundo con el sabor de Cristo.<br \/>\nEn el nombre de Jes\u00fas, Am\u00e9n.<\/p>\n\n\t\t<div class=\"clearfix\"><\/div>\n\t\t<div class=\"about-author about-author-box container-wrapper\">\n\t\t\t<div class=\"author-avatar\">\n\t\t\t\t<img loading=\"lazy\" decoding=\"async\" src=\"https:\/\/tabernaculoprensadedios.com\/web\/wp-content\/uploads\/2023\/06\/country-3880741_1280.jpg\" alt=\"Margarita Garc\u00eda\" class=\"author-avatar-img\" width=\"111\" height=\"111\" \/>\n\t\t\t<\/div>\n\t\t\t<div class=\"author-info\">\n\t\t\t\t<h4>Margarita Garc\u00eda<\/h4>Directora del Tabern\u00e1culo Prensa de Dios\n\t\t\t<\/div>\n\t\t<\/div>\n\t\n","protected":false},"excerpt":{"rendered":"<p>\u00abTus palabras fueron halladas, y yo las com\u00ed; y tu palabra me fue por gozo y por alegr\u00eda de mi coraz\u00f3n.\u00bb Jerem\u00edas 15- La miel ha sido s\u00edmbolo de abundancia, dulzura y fortaleza en toda la Escritura. Dios prometi\u00f3 a Su pueblo una tierra \u201cque fluye leche y miel\u201d, como se\u00f1al de bendici\u00f3n y plenitud. &hellip;<\/p>\n","protected":false},"author":4,"featured_media":28361,"comment_status":"open","ping_status":"open","sticky":false,"template":"","format":"standard","meta":{"footnotes":""},"categories":[790],"tags":[],"class_list":["post-35726","post","type-post","status-publish","format-standard","has-post-thumbnail","hentry","category-voz-del-tabernaculo"],"yoast_head":"<!-- This site is optimized with the Yoast SEO Premium plugin v24.2 (Yoast SEO v27.1.1) - https:\/\/yoast.com\/product\/yoast-seo-premium-wordpress\/ -->\n<title>Miel del Cielo. La Palabra que Endulza el Alma - Tabernaculo Prensa de Dios<\/title>\n<meta name=\"robots\" content=\"index, follow, max-snippet:-1, max-image-preview:large, max-video-preview:-1\" \/>\n<link rel=\"canonical\" href=\"https:\/\/tabernaculoprensadedios.com\/web\/miel-del-cielo-la-palabra-que-endulza-el-alma\/\" class=\"yoast-seo-meta-tag\" \/>\n<meta property=\"og:locale\" content=\"es_ES\" class=\"yoast-seo-meta-tag\" \/>\n<meta property=\"og:type\" content=\"article\" class=\"yoast-seo-meta-tag\" \/>\n<meta property=\"og:title\" content=\"Miel del Cielo. La Palabra que Endulza el Alma\" class=\"yoast-seo-meta-tag\" \/>\n<meta property=\"og:description\" content=\"\u00abTus palabras fueron halladas, y yo las com\u00ed; y tu palabra me fue por gozo y por alegr\u00eda de mi coraz\u00f3n.\u00bb Jerem\u00edas 15- La miel ha sido s\u00edmbolo de abundancia, dulzura y fortaleza en toda la Escritura. Dios prometi\u00f3 a Su pueblo una tierra \u201cque fluye leche y miel\u201d, como se\u00f1al de bendici\u00f3n y plenitud. &hellip;\" class=\"yoast-seo-meta-tag\" \/>\n<meta property=\"og:url\" content=\"https:\/\/tabernaculoprensadedios.com\/web\/miel-del-cielo-la-palabra-que-endulza-el-alma\/\" class=\"yoast-seo-meta-tag\" \/>\n<meta property=\"og:site_name\" content=\"Tabernaculo Prensa de Dios\" class=\"yoast-seo-meta-tag\" \/>\n<meta property=\"article:published_time\" content=\"2025-09-03T00:58:06+00:00\" class=\"yoast-seo-meta-tag\" \/>\n<meta property=\"article:modified_time\" content=\"2025-09-04T23:40:11+00:00\" class=\"yoast-seo-meta-tag\" \/>\n<meta property=\"og:image\" content=\"https:\/\/tabernaculoprensadedios.com\/web\/wp-content\/uploads\/2023\/06\/country-3880741_1280.jpg\" class=\"yoast-seo-meta-tag\" \/>\n\t<meta property=\"og:image:width\" content=\"1280\" class=\"yoast-seo-meta-tag\" \/>\n\t<meta property=\"og:image:height\" content=\"853\" class=\"yoast-seo-meta-tag\" \/>\n\t<meta property=\"og:image:type\" content=\"image\/jpeg\" class=\"yoast-seo-meta-tag\" \/>\n<meta name=\"author\" content=\"Margarita Garc\u00eda\" class=\"yoast-seo-meta-tag\" \/>\n<meta name=\"twitter:card\" content=\"summary_large_image\" class=\"yoast-seo-meta-tag\" \/>\n<meta name=\"twitter:creator\" content=\"@PrensadeDios\" class=\"yoast-seo-meta-tag\" \/>\n<meta name=\"twitter:site\" content=\"@PrensadeDios\" class=\"yoast-seo-meta-tag\" \/>\n<meta name=\"twitter:label1\" content=\"Escrito por\" class=\"yoast-seo-meta-tag\" \/>\n\t<meta name=\"twitter:data1\" content=\"Margarita Garc\u00eda\" class=\"yoast-seo-meta-tag\" \/>\n\t<meta name=\"twitter:label2\" content=\"Tiempo de lectura\" class=\"yoast-seo-meta-tag\" \/>\n\t<meta name=\"twitter:data2\" content=\"2 minutos\" class=\"yoast-seo-meta-tag\" \/>\n<script type=\"application\/ld+json\" class=\"yoast-schema-graph\">{\"@context\":\"https:\/\/schema.org\",\"@graph\":[{\"@type\":\"Article\",\"@id\":\"https:\/\/tabernaculoprensadedios.com\/web\/miel-del-cielo-la-palabra-que-endulza-el-alma\/#article\",\"isPartOf\":{\"@id\":\"https:\/\/tabernaculoprensadedios.com\/web\/miel-del-cielo-la-palabra-que-endulza-el-alma\/\"},\"author\":{\"name\":\"Margarita Garc\u00eda\",\"@id\":\"https:\/\/tabernaculoprensadedios.com\/web\/#\/schema\/person\/4c5c01db3970af40a46e6bc42fa0c564\"},\"headline\":\"Miel del Cielo. La Palabra que Endulza el Alma\",\"datePublished\":\"2025-09-03T00:58:06+00:00\",\"dateModified\":\"2025-09-04T23:40:11+00:00\",\"mainEntityOfPage\":{\"@id\":\"https:\/\/tabernaculoprensadedios.com\/web\/miel-del-cielo-la-palabra-que-endulza-el-alma\/\"},\"wordCount\":312,\"commentCount\":0,\"publisher\":{\"@id\":\"https:\/\/tabernaculoprensadedios.com\/web\/#\/schema\/person\/bc0e069fef56b38e177db6f098ae0b6e\"},\"image\":{\"@id\":\"https:\/\/tabernaculoprensadedios.com\/web\/miel-del-cielo-la-palabra-que-endulza-el-alma\/#primaryimage\"},\"thumbnailUrl\":\"https:\/\/tabernaculoprensadedios.com\/web\/wp-content\/uploads\/2023\/06\/country-3880741_1280.jpg\",\"articleSection\":[\"Voz del Tabern\u00e1culo\"],\"inLanguage\":\"es\",\"potentialAction\":[{\"@type\":\"CommentAction\",\"name\":\"Comment\",\"target\":[\"https:\/\/tabernaculoprensadedios.com\/web\/miel-del-cielo-la-palabra-que-endulza-el-alma\/#respond\"]}]},{\"@type\":\"WebPage\",\"@id\":\"https:\/\/tabernaculoprensadedios.com\/web\/miel-del-cielo-la-palabra-que-endulza-el-alma\/\",\"url\":\"https:\/\/tabernaculoprensadedios.com\/web\/miel-del-cielo-la-palabra-que-endulza-el-alma\/\",\"name\":\"Miel del Cielo. La Palabra que Endulza el Alma - Tabernaculo Prensa de Dios\",\"isPartOf\":{\"@id\":\"https:\/\/tabernaculoprensadedios.com\/web\/#website\"},\"primaryImageOfPage\":{\"@id\":\"https:\/\/tabernaculoprensadedios.com\/web\/miel-del-cielo-la-palabra-que-endulza-el-alma\/#primaryimage\"},\"image\":{\"@id\":\"https:\/\/tabernaculoprensadedios.com\/web\/miel-del-cielo-la-palabra-que-endulza-el-alma\/#primaryimage\"},\"thumbnailUrl\":\"https:\/\/tabernaculoprensadedios.com\/web\/wp-content\/uploads\/2023\/06\/country-3880741_1280.jpg\",\"datePublished\":\"2025-09-03T00:58:06+00:00\",\"dateModified\":\"2025-09-04T23:40:11+00:00\",\"breadcrumb\":{\"@id\":\"https:\/\/tabernaculoprensadedios.com\/web\/miel-del-cielo-la-palabra-que-endulza-el-alma\/#breadcrumb\"},\"inLanguage\":\"es\",\"potentialAction\":[{\"@type\":\"ReadAction\",\"target\":[\"https:\/\/tabernaculoprensadedios.com\/web\/miel-del-cielo-la-palabra-que-endulza-el-alma\/\"]}]},{\"@type\":\"ImageObject\",\"inLanguage\":\"es\",\"@id\":\"https:\/\/tabernaculoprensadedios.com\/web\/miel-del-cielo-la-palabra-que-endulza-el-alma\/#primaryimage\",\"url\":\"https:\/\/tabernaculoprensadedios.com\/web\/wp-content\/uploads\/2023\/06\/country-3880741_1280.jpg\",\"contentUrl\":\"https:\/\/tabernaculoprensadedios.com\/web\/wp-content\/uploads\/2023\/06\/country-3880741_1280.jpg\",\"width\":1280,\"height\":853},{\"@type\":\"BreadcrumbList\",\"@id\":\"https:\/\/tabernaculoprensadedios.com\/web\/miel-del-cielo-la-palabra-que-endulza-el-alma\/#breadcrumb\",\"itemListElement\":[{\"@type\":\"ListItem\",\"position\":1,\"name\":\"Portada\",\"item\":\"https:\/\/tabernaculoprensadedios.com\/web\/\"},{\"@type\":\"ListItem\",\"position\":2,\"name\":\"Miel del Cielo. La Palabra que Endulza el Alma\"}]},{\"@type\":\"WebSite\",\"@id\":\"https:\/\/tabernaculoprensadedios.com\/web\/#website\",\"url\":\"https:\/\/tabernaculoprensadedios.com\/web\/\",\"name\":\"Tabernaculo Prensa de Dios\",\"description\":\"Un medio a la manera de Dios\",\"publisher\":{\"@id\":\"https:\/\/tabernaculoprensadedios.com\/web\/#\/schema\/person\/bc0e069fef56b38e177db6f098ae0b6e\"},\"potentialAction\":[{\"@type\":\"SearchAction\",\"target\":{\"@type\":\"EntryPoint\",\"urlTemplate\":\"https:\/\/tabernaculoprensadedios.com\/web\/?s={search_term_string}\"},\"query-input\":{\"@type\":\"PropertyValueSpecification\",\"valueRequired\":true,\"valueName\":\"search_term_string\"}}],\"inLanguage\":\"es\"},{\"@type\":[\"Person\",\"Organization\"],\"@id\":\"https:\/\/tabernaculoprensadedios.com\/web\/#\/schema\/person\/bc0e069fef56b38e177db6f098ae0b6e\",\"name\":\"tabernaculo\",\"image\":{\"@type\":\"ImageObject\",\"inLanguage\":\"es\",\"@id\":\"https:\/\/tabernaculoprensadedios.com\/web\/#\/schema\/person\/image\/\",\"url\":\"https:\/\/tabernaculoprensadedios.com\/web\/wp-content\/uploads\/2015\/06\/login-logo1.png\",\"contentUrl\":\"https:\/\/tabernaculoprensadedios.com\/web\/wp-content\/uploads\/2015\/06\/login-logo1.png\",\"width\":300,\"height\":118,\"caption\":\"tabernaculo\"},\"logo\":{\"@id\":\"https:\/\/tabernaculoprensadedios.com\/web\/#\/schema\/person\/image\/\"}},{\"@type\":\"Person\",\"@id\":\"https:\/\/tabernaculoprensadedios.com\/web\/#\/schema\/person\/4c5c01db3970af40a46e6bc42fa0c564\",\"name\":\"Margarita Garc\u00eda\",\"image\":{\"@type\":\"ImageObject\",\"inLanguage\":\"es\",\"@id\":\"https:\/\/tabernaculoprensadedios.com\/web\/#\/schema\/person\/image\/\",\"url\":\"\/\/www.gravatar.com\/avatar\/9226e1d6b32e1af929954a4e7721b9ab?s=96&#038;r=g&#038;d=mm\",\"contentUrl\":\"\/\/www.gravatar.com\/avatar\/9226e1d6b32e1af929954a4e7721b9ab?s=96&#038;r=g&#038;d=mm\",\"caption\":\"Margarita Garc\u00eda\"},\"description\":\"Directora del Tabern\u00e1culo Prensa de Dios\",\"url\":\"https:\/\/tabernaculoprensadedios.com\/web\/author\/margarita-garcia\/\"}]}<\/script>\n<!-- \/ Yoast SEO Premium plugin. -->","yoast_head_json":{"title":"Miel del Cielo. La Palabra que Endulza el Alma - Tabernaculo Prensa de Dios","robots":{"index":"index","follow":"follow","max-snippet":"max-snippet:-1","max-image-preview":"max-image-preview:large","max-video-preview":"max-video-preview:-1"},"canonical":"https:\/\/tabernaculoprensadedios.com\/web\/miel-del-cielo-la-palabra-que-endulza-el-alma\/","og_locale":"es_ES","og_type":"article","og_title":"Miel del Cielo. La Palabra que Endulza el Alma","og_description":"\u00abTus palabras fueron halladas, y yo las com\u00ed; y tu palabra me fue por gozo y por alegr\u00eda de mi coraz\u00f3n.\u00bb Jerem\u00edas 15- La miel ha sido s\u00edmbolo de abundancia, dulzura y fortaleza en toda la Escritura. Dios prometi\u00f3 a Su pueblo una tierra \u201cque fluye leche y miel\u201d, como se\u00f1al de bendici\u00f3n y plenitud. &hellip;","og_url":"https:\/\/tabernaculoprensadedios.com\/web\/miel-del-cielo-la-palabra-que-endulza-el-alma\/","og_site_name":"Tabernaculo Prensa de Dios","article_published_time":"2025-09-03T00:58:06+00:00","article_modified_time":"2025-09-04T23:40:11+00:00","og_image":[{"width":1280,"height":853,"url":"https:\/\/tabernaculoprensadedios.com\/web\/wp-content\/uploads\/2023\/06\/country-3880741_1280.jpg","type":"image\/jpeg"}],"author":"Margarita Garc\u00eda","twitter_card":"summary_large_image","twitter_creator":"@PrensadeDios","twitter_site":"@PrensadeDios","twitter_misc":{"Escrito por":"Margarita Garc\u00eda","Tiempo de lectura":"2 minutos"},"schema":{"@context":"https:\/\/schema.org","@graph":[{"@type":"Article","@id":"https:\/\/tabernaculoprensadedios.com\/web\/miel-del-cielo-la-palabra-que-endulza-el-alma\/#article","isPartOf":{"@id":"https:\/\/tabernaculoprensadedios.com\/web\/miel-del-cielo-la-palabra-que-endulza-el-alma\/"},"author":{"name":"Margarita Garc\u00eda","@id":"https:\/\/tabernaculoprensadedios.com\/web\/#\/schema\/person\/4c5c01db3970af40a46e6bc42fa0c564"},"headline":"Miel del Cielo. La Palabra que Endulza el Alma","datePublished":"2025-09-03T00:58:06+00:00","dateModified":"2025-09-04T23:40:11+00:00","mainEntityOfPage":{"@id":"https:\/\/tabernaculoprensadedios.com\/web\/miel-del-cielo-la-palabra-que-endulza-el-alma\/"},"wordCount":312,"commentCount":0,"publisher":{"@id":"https:\/\/tabernaculoprensadedios.com\/web\/#\/schema\/person\/bc0e069fef56b38e177db6f098ae0b6e"},"image":{"@id":"https:\/\/tabernaculoprensadedios.com\/web\/miel-del-cielo-la-palabra-que-endulza-el-alma\/#primaryimage"},"thumbnailUrl":"https:\/\/tabernaculoprensadedios.com\/web\/wp-content\/uploads\/2023\/06\/country-3880741_1280.jpg","articleSection":["Voz del Tabern\u00e1culo"],"inLanguage":"es","potentialAction":[{"@type":"CommentAction","name":"Comment","target":["https:\/\/tabernaculoprensadedios.com\/web\/miel-del-cielo-la-palabra-que-endulza-el-alma\/#respond"]}]},{"@type":"WebPage","@id":"https:\/\/tabernaculoprensadedios.com\/web\/miel-del-cielo-la-palabra-que-endulza-el-alma\/","url":"https:\/\/tabernaculoprensadedios.com\/web\/miel-del-cielo-la-palabra-que-endulza-el-alma\/","name":"Miel del Cielo. La Palabra que Endulza el Alma - Tabernaculo Prensa de Dios","isPartOf":{"@id":"https:\/\/tabernaculoprensadedios.com\/web\/#website"},"primaryImageOfPage":{"@id":"https:\/\/tabernaculoprensadedios.com\/web\/miel-del-cielo-la-palabra-que-endulza-el-alma\/#primaryimage"},"image":{"@id":"https:\/\/tabernaculoprensadedios.com\/web\/miel-del-cielo-la-palabra-que-endulza-el-alma\/#primaryimage"},"thumbnailUrl":"https:\/\/tabernaculoprensadedios.com\/web\/wp-content\/uploads\/2023\/06\/country-3880741_1280.jpg","datePublished":"2025-09-03T00:58:06+00:00","dateModified":"2025-09-04T23:40:11+00:00","breadcrumb":{"@id":"https:\/\/tabernaculoprensadedios.com\/web\/miel-del-cielo-la-palabra-que-endulza-el-alma\/#breadcrumb"},"inLanguage":"es","potentialAction":[{"@type":"ReadAction","target":["https:\/\/tabernaculoprensadedios.com\/web\/miel-del-cielo-la-palabra-que-endulza-el-alma\/"]}]},{"@type":"ImageObject","inLanguage":"es","@id":"https:\/\/tabernaculoprensadedios.com\/web\/miel-del-cielo-la-palabra-que-endulza-el-alma\/#primaryimage","url":"https:\/\/tabernaculoprensadedios.com\/web\/wp-content\/uploads\/2023\/06\/country-3880741_1280.jpg","contentUrl":"https:\/\/tabernaculoprensadedios.com\/web\/wp-content\/uploads\/2023\/06\/country-3880741_1280.jpg","width":1280,"height":853},{"@type":"BreadcrumbList","@id":"https:\/\/tabernaculoprensadedios.com\/web\/miel-del-cielo-la-palabra-que-endulza-el-alma\/#breadcrumb","itemListElement":[{"@type":"ListItem","position":1,"name":"Portada","item":"https:\/\/tabernaculoprensadedios.com\/web\/"},{"@type":"ListItem","position":2,"name":"Miel del Cielo. La Palabra que Endulza el Alma"}]},{"@type":"WebSite","@id":"https:\/\/tabernaculoprensadedios.com\/web\/#website","url":"https:\/\/tabernaculoprensadedios.com\/web\/","name":"Tabernaculo Prensa de Dios","description":"Un medio a la manera de Dios","publisher":{"@id":"https:\/\/tabernaculoprensadedios.com\/web\/#\/schema\/person\/bc0e069fef56b38e177db6f098ae0b6e"},"potentialAction":[{"@type":"SearchAction","target":{"@type":"EntryPoint","urlTemplate":"https:\/\/tabernaculoprensadedios.com\/web\/?s={search_term_string}"},"query-input":{"@type":"PropertyValueSpecification","valueRequired":true,"valueName":"search_term_string"}}],"inLanguage":"es"},{"@type":["Person","Organization"],"@id":"https:\/\/tabernaculoprensadedios.com\/web\/#\/schema\/person\/bc0e069fef56b38e177db6f098ae0b6e","name":"tabernaculo","image":{"@type":"ImageObject","inLanguage":"es","@id":"https:\/\/tabernaculoprensadedios.com\/web\/#\/schema\/person\/image\/","url":"https:\/\/tabernaculoprensadedios.com\/web\/wp-content\/uploads\/2015\/06\/login-logo1.png","contentUrl":"https:\/\/tabernaculoprensadedios.com\/web\/wp-content\/uploads\/2015\/06\/login-logo1.png","width":300,"height":118,"caption":"tabernaculo"},"logo":{"@id":"https:\/\/tabernaculoprensadedios.com\/web\/#\/schema\/person\/image\/"}},{"@type":"Person","@id":"https:\/\/tabernaculoprensadedios.com\/web\/#\/schema\/person\/4c5c01db3970af40a46e6bc42fa0c564","name":"Margarita Garc\u00eda","image":{"@type":"ImageObject","inLanguage":"es","@id":"https:\/\/tabernaculoprensadedios.com\/web\/#\/schema\/person\/image\/","url":"\/\/www.gravatar.com\/avatar\/9226e1d6b32e1af929954a4e7721b9ab?s=96&#038;r=g&#038;d=mm","contentUrl":"\/\/www.gravatar.com\/avatar\/9226e1d6b32e1af929954a4e7721b9ab?s=96&#038;r=g&#038;d=mm","caption":"Margarita Garc\u00eda"},"description":"Directora del Tabern\u00e1culo Prensa de Dios","url":"https:\/\/tabernaculoprensadedios.com\/web\/author\/margarita-garcia\/"}]}},"_links":{"self":[{"href":"https:\/\/tabernaculoprensadedios.com\/web\/wp-json\/wp\/v2\/posts\/35726","targetHints":{"allow":["GET"]}}],"collection":[{"href":"https:\/\/tabernaculoprensadedios.com\/web\/wp-json\/wp\/v2\/posts"}],"about":[{"href":"https:\/\/tabernaculoprensadedios.com\/web\/wp-json\/wp\/v2\/types\/post"}],"author":[{"embeddable":true,"href":"https:\/\/tabernaculoprensadedios.com\/web\/wp-json\/wp\/v2\/users\/4"}],"replies":[{"embeddable":true,"href":"https:\/\/tabernaculoprensadedios.com\/web\/wp-json\/wp\/v2\/comments?post=35726"}],"version-history":[{"count":1,"href":"https:\/\/tabernaculoprensadedios.com\/web\/wp-json\/wp\/v2\/posts\/35726\/revisions"}],"predecessor-version":[{"id":35727,"href":"https:\/\/tabernaculoprensadedios.com\/web\/wp-json\/wp\/v2\/posts\/35726\/revisions\/35727"}],"wp:featuredmedia":[{"embeddable":true,"href":"https:\/\/tabernaculoprensadedios.com\/web\/wp-json\/wp\/v2\/media\/28361"}],"wp:attachment":[{"href":"https:\/\/tabernaculoprensadedios.com\/web\/wp-json\/wp\/v2\/media?parent=35726"}],"wp:term":[{"taxonomy":"category","embeddable":true,"href":"https:\/\/tabernaculoprensadedios.com\/web\/wp-json\/wp\/v2\/categories?post=35726"},{"taxonomy":"post_tag","embeddable":true,"href":"https:\/\/tabernaculoprensadedios.com\/web\/wp-json\/wp\/v2\/tags?post=35726"}],"curies":[{"name":"wp","href":"https:\/\/api.w.org\/{rel}","templated":true}]}}