{"id":35719,"date":"2025-09-03T00:16:00","date_gmt":"2025-09-03T00:16:00","guid":{"rendered":"https:\/\/tabernaculoprensadedios.com\/web\/?p=35719"},"modified":"2025-09-03T00:16:00","modified_gmt":"2025-09-03T00:16:00","slug":"septiembre-un-mes-para-poner-la-fe-en-accion","status":"publish","type":"post","link":"https:\/\/tabernaculoprensadedios.com\/web\/septiembre-un-mes-para-poner-la-fe-en-accion\/","title":{"rendered":"Septiembre un mes para poner la fe en acci\u00f3n"},"content":{"rendered":"<p><em><strong>As\u00ed que la fe viene como resultado de o\u00edr el mensaje y el mensaje que se oye es la palabra de Cristo. Romanos 10:17 NVI<\/strong><\/em><\/p>\n<p>Hoy, mientras conduc\u00eda, o\u00ed al Se\u00f1or decir: <strong>\u201cHay algo acerca de septiembre\u2026\u00bb<\/strong>Esper\u00e9 un momento y escuch\u00e9 en mi esp\u00edritu: \u201cEn septiembre estoy proporcionando un tiempo oportuno para que muchos de Mi pueblo den un paso hacia lo que viene despu\u00e9s\u2026 Preparar\u00e9 una mesa delante de ellos en presencia de sus enemigos. Y muchos encontrar\u00e1n que sus caminos me han agradado, y sus enemigos estar\u00e1n en paz con ellos. Descubrir\u00e1n que lo que antes les resist\u00eda, ahora les ofrece un lugar de favor y bendici\u00f3n. Ser\u00e1 un tiempo de cambio\u201d.<\/p>\n<p><strong>\u201cEn septiembre, Mi pueblo escuchar\u00e1 Mi palabra, y la fe volver\u00e1 a ellos\u201d<\/strong> \u2026 Muchos que hab\u00edan vacilado de repente encontrar\u00e1n fortaleza e inspiraci\u00f3n valiente para levantarse nuevamente, y no, no ser\u00e1 igual que antes. Porque aquellos que han escuchado Mi palabra y toman acci\u00f3n para obedecer, encontrar\u00e1n que Yo he ido delante de ellos para abrir camino. Si ponen su mano en el arado, rehusando mirar atr\u00e1s, si dan el paso de fe, si se ponen de acuerdo conmigo en ir a donde antes hab\u00edan tenido temor, Yo los sentar\u00e9 con Mi bendici\u00f3n y autoridad para que sean testigos de Mi fuerza y poder. Septiembre: \u00a1Es el tiempo justo para poner la fe en acci\u00f3n!\u201d (Una palabra de Andrew Whalen)<\/p>\n<p><strong>DIOS EST\u00c1 \u201cCAMBIANDO EL GUI\u00d3N\u201d EN TU VIDA<br \/>\n<\/strong>Pues su ira dura s\u00f3lo un instante, \u00a1pero su favor perdura toda una vida! El llanto podr\u00e1 durar toda la noche, pero con la ma\u00f1ana llega la alegr\u00eda. Salmos 30:5 NTV<\/p>\n<p>Mientras esperaba en el Se\u00f1or, vi lo que solo puedo describir como Dios \u201ccambiando el guion\u201d en la vida de las personas. Vi patrones de dolor, guerra, duelo y desilusiones transformarse en consuelo, gozo, paz, esperanza y rompimiento. \u00c9l estaba revirtiendo o cambiando la narrativa de negativa a positiva sobre muchas vidas. Luego vi los n\u00fameros de mi cumplea\u00f1os (6\/13), pero supe que no se trataba de mi cumplea\u00f1os, sino de una Escritura a la que el Se\u00f1or me estaba guiando. O\u00ed al Esp\u00edritu decir: Isa\u00edas 61:3, as\u00ed que fui all\u00ed y mientras lo hac\u00eda entend\u00ed que \u00c9l estaba confirmando sus palabras con Su Palabra.<\/p>\n<p><strong>Isa\u00edas 61:3 NTV<\/strong> A todos los que se lamentan en Israel les dar\u00e1 una corona de belleza en lugar de cenizas, una gozosa bendici\u00f3n en lugar de luto, una festiva alabanza en lugar de desesperaci\u00f3n. Ellos, en su justicia, ser\u00e1n como grandes robles que el Se\u00f1or ha plantado para su propia gloria.<\/p>\n<p>Creo que estamos a punto de ver un incremento sin precedentes de rompimientos que \u201ccambiar\u00e1n el guion\u201d en la vida de aquellos que han enfrentado oposici\u00f3n constante y guerra espiritual que cre\u00f3 una narrativa negativa sobre su vida. Esto traer\u00e1 belleza, gozo y alabanza FESTIVA a sus d\u00edas. Escucho estas palabras: \u201c\u00a1Lo que te deten\u00eda ahora te impulsar\u00e1 hacia adelante!\u201d. Algunas de las mismas cosas que te hab\u00edan retenido, que ataron tu alma con duelo, ahora se convertir\u00e1n en un testimonio del poder milagroso de Dios que te acelerar\u00e1 hacia adelante. Vi c\u00f3mo el gozo y la risa llegaban en lugar de tristeza y l\u00e1grimas.<\/p>\n<p><strong>Declara conmigo:<\/strong> \u201c\u00a1El Se\u00f1or me est\u00e1 dando un rompimiento a trav\u00e9s de Isa\u00edas 61:3. \u00c9l est\u00e1 coronando mi vida con belleza en lugar de cenizas. Est\u00e1 reemplazando mi tiempo de luto con bendiciones de gozo. El Se\u00f1or est\u00e1 quitando de m\u00ed la desesperaci\u00f3n y la est\u00e1 reemplazando con alabanza festiva. \u00a1Dios ahora est\u00e1 cambiando el gui\u00f3n de llevar un esp\u00edritu de pesadez a estar vestido con un manto de alabanza!\u201d \u00a1S\u00ed y am\u00e9n! (Una palabra de Kathi Pelton)<\/p>\n<p>Con amor y oraciones,<\/p>\n<p>&nbsp;<\/p>\n","protected":false},"excerpt":{"rendered":"<p>As\u00ed que la fe viene como resultado de o\u00edr el mensaje y el mensaje que se oye es la palabra de Cristo. Romanos 10:17 NVI Hoy, mientras conduc\u00eda, o\u00ed al Se\u00f1or decir: \u201cHay algo acerca de septiembre\u2026\u00bbEsper\u00e9 un momento y escuch\u00e9 en mi esp\u00edritu: \u201cEn septiembre estoy proporcionando un tiempo oportuno para que muchos de &hellip;<\/p>\n","protected":false},"author":1,"featured_media":35720,"comment_status":"open","ping_status":"open","sticky":false,"template":"","format":"standard","meta":{"footnotes":""},"categories":[34],"tags":[],"class_list":["post-35719","post","type-post","status-publish","format-standard","has-post-thumbnail","hentry","category-articulos"],"yoast_head":"<!-- This site is optimized with the Yoast SEO Premium plugin v24.2 (Yoast SEO v27.1.1) - https:\/\/yoast.com\/product\/yoast-seo-premium-wordpress\/ -->\n<title>Septiembre un mes para poner la fe en acci\u00f3n - Tabernaculo Prensa de Dios<\/title>\n<meta name=\"robots\" content=\"index, follow, max-snippet:-1, max-image-preview:large, max-video-preview:-1\" \/>\n<link rel=\"canonical\" href=\"https:\/\/tabernaculoprensadedios.com\/web\/septiembre-un-mes-para-poner-la-fe-en-accion\/\" class=\"yoast-seo-meta-tag\" \/>\n<meta property=\"og:locale\" content=\"es_ES\" class=\"yoast-seo-meta-tag\" \/>\n<meta property=\"og:type\" content=\"article\" class=\"yoast-seo-meta-tag\" \/>\n<meta property=\"og:title\" content=\"Septiembre un mes para poner la fe en acci\u00f3n\" class=\"yoast-seo-meta-tag\" \/>\n<meta property=\"og:description\" content=\"As\u00ed que la fe viene como resultado de o\u00edr el mensaje y el mensaje que se oye es la palabra de Cristo. Romanos 10:17 NVI Hoy, mientras conduc\u00eda, o\u00ed al Se\u00f1or decir: \u201cHay algo acerca de septiembre\u2026\u00bbEsper\u00e9 un momento y escuch\u00e9 en mi esp\u00edritu: \u201cEn septiembre estoy proporcionando un tiempo oportuno para que muchos de &hellip;\" class=\"yoast-seo-meta-tag\" \/>\n<meta property=\"og:url\" content=\"https:\/\/tabernaculoprensadedios.com\/web\/septiembre-un-mes-para-poner-la-fe-en-accion\/\" class=\"yoast-seo-meta-tag\" \/>\n<meta property=\"og:site_name\" content=\"Tabernaculo Prensa de Dios\" class=\"yoast-seo-meta-tag\" \/>\n<meta property=\"article:published_time\" content=\"2025-09-03T00:16:00+00:00\" class=\"yoast-seo-meta-tag\" \/>\n<meta property=\"og:image\" content=\"https:\/\/tabernaculoprensadedios.com\/web\/wp-content\/uploads\/2025\/09\/2805693.avif\" class=\"yoast-seo-meta-tag\" \/>\n\t<meta property=\"og:image:width\" content=\"1280\" class=\"yoast-seo-meta-tag\" \/>\n\t<meta property=\"og:image:height\" content=\"720\" class=\"yoast-seo-meta-tag\" \/>\n\t<meta property=\"og:image:type\" content=\"image\/jpeg\" class=\"yoast-seo-meta-tag\" \/>\n<meta name=\"author\" content=\"tabernaculo\" class=\"yoast-seo-meta-tag\" \/>\n<meta name=\"twitter:card\" content=\"summary_large_image\" class=\"yoast-seo-meta-tag\" \/>\n<meta name=\"twitter:creator\" content=\"@PrensadeDios\" class=\"yoast-seo-meta-tag\" \/>\n<meta name=\"twitter:site\" content=\"@PrensadeDios\" class=\"yoast-seo-meta-tag\" \/>\n<meta name=\"twitter:label1\" content=\"Escrito por\" class=\"yoast-seo-meta-tag\" \/>\n\t<meta name=\"twitter:data1\" content=\"tabernaculo\" class=\"yoast-seo-meta-tag\" \/>\n\t<meta name=\"twitter:label2\" content=\"Tiempo de lectura\" class=\"yoast-seo-meta-tag\" \/>\n\t<meta name=\"twitter:data2\" content=\"4 minutos\" class=\"yoast-seo-meta-tag\" \/>\n<script type=\"application\/ld+json\" class=\"yoast-schema-graph\">{\"@context\":\"https:\/\/schema.org\",\"@graph\":[{\"@type\":\"Article\",\"@id\":\"https:\/\/tabernaculoprensadedios.com\/web\/septiembre-un-mes-para-poner-la-fe-en-accion\/#article\",\"isPartOf\":{\"@id\":\"https:\/\/tabernaculoprensadedios.com\/web\/septiembre-un-mes-para-poner-la-fe-en-accion\/\"},\"author\":{\"name\":\"tabernaculo\",\"@id\":\"https:\/\/tabernaculoprensadedios.com\/web\/#\/schema\/person\/bc0e069fef56b38e177db6f098ae0b6e\"},\"headline\":\"Septiembre un mes para poner la fe en acci\u00f3n\",\"datePublished\":\"2025-09-03T00:16:00+00:00\",\"mainEntityOfPage\":{\"@id\":\"https:\/\/tabernaculoprensadedios.com\/web\/septiembre-un-mes-para-poner-la-fe-en-accion\/\"},\"wordCount\":675,\"commentCount\":0,\"publisher\":{\"@id\":\"https:\/\/tabernaculoprensadedios.com\/web\/#\/schema\/person\/bc0e069fef56b38e177db6f098ae0b6e\"},\"image\":{\"@id\":\"https:\/\/tabernaculoprensadedios.com\/web\/septiembre-un-mes-para-poner-la-fe-en-accion\/#primaryimage\"},\"thumbnailUrl\":\"https:\/\/tabernaculoprensadedios.com\/web\/wp-content\/uploads\/2025\/09\/2805693.avif\",\"articleSection\":[\"Articulos\"],\"inLanguage\":\"es\",\"potentialAction\":[{\"@type\":\"CommentAction\",\"name\":\"Comment\",\"target\":[\"https:\/\/tabernaculoprensadedios.com\/web\/septiembre-un-mes-para-poner-la-fe-en-accion\/#respond\"]}]},{\"@type\":\"WebPage\",\"@id\":\"https:\/\/tabernaculoprensadedios.com\/web\/septiembre-un-mes-para-poner-la-fe-en-accion\/\",\"url\":\"https:\/\/tabernaculoprensadedios.com\/web\/septiembre-un-mes-para-poner-la-fe-en-accion\/\",\"name\":\"Septiembre un mes para poner la fe en acci\u00f3n - Tabernaculo Prensa de Dios\",\"isPartOf\":{\"@id\":\"https:\/\/tabernaculoprensadedios.com\/web\/#website\"},\"primaryImageOfPage\":{\"@id\":\"https:\/\/tabernaculoprensadedios.com\/web\/septiembre-un-mes-para-poner-la-fe-en-accion\/#primaryimage\"},\"image\":{\"@id\":\"https:\/\/tabernaculoprensadedios.com\/web\/septiembre-un-mes-para-poner-la-fe-en-accion\/#primaryimage\"},\"thumbnailUrl\":\"https:\/\/tabernaculoprensadedios.com\/web\/wp-content\/uploads\/2025\/09\/2805693.avif\",\"datePublished\":\"2025-09-03T00:16:00+00:00\",\"breadcrumb\":{\"@id\":\"https:\/\/tabernaculoprensadedios.com\/web\/septiembre-un-mes-para-poner-la-fe-en-accion\/#breadcrumb\"},\"inLanguage\":\"es\",\"potentialAction\":[{\"@type\":\"ReadAction\",\"target\":[\"https:\/\/tabernaculoprensadedios.com\/web\/septiembre-un-mes-para-poner-la-fe-en-accion\/\"]}]},{\"@type\":\"ImageObject\",\"inLanguage\":\"es\",\"@id\":\"https:\/\/tabernaculoprensadedios.com\/web\/septiembre-un-mes-para-poner-la-fe-en-accion\/#primaryimage\",\"url\":\"https:\/\/tabernaculoprensadedios.com\/web\/wp-content\/uploads\/2025\/09\/2805693.avif\",\"contentUrl\":\"https:\/\/tabernaculoprensadedios.com\/web\/wp-content\/uploads\/2025\/09\/2805693.avif\",\"width\":1280,\"height\":720,\"caption\":\"sunset, nature, autumn, landscape, sunlight, foliage, september, sky, golden, yellow, forest, sunbeam\"},{\"@type\":\"BreadcrumbList\",\"@id\":\"https:\/\/tabernaculoprensadedios.com\/web\/septiembre-un-mes-para-poner-la-fe-en-accion\/#breadcrumb\",\"itemListElement\":[{\"@type\":\"ListItem\",\"position\":1,\"name\":\"Portada\",\"item\":\"https:\/\/tabernaculoprensadedios.com\/web\/\"},{\"@type\":\"ListItem\",\"position\":2,\"name\":\"Septiembre un mes para poner la fe en acci\u00f3n\"}]},{\"@type\":\"WebSite\",\"@id\":\"https:\/\/tabernaculoprensadedios.com\/web\/#website\",\"url\":\"https:\/\/tabernaculoprensadedios.com\/web\/\",\"name\":\"Tabernaculo Prensa de Dios\",\"description\":\"Un medio a la manera de Dios\",\"publisher\":{\"@id\":\"https:\/\/tabernaculoprensadedios.com\/web\/#\/schema\/person\/bc0e069fef56b38e177db6f098ae0b6e\"},\"potentialAction\":[{\"@type\":\"SearchAction\",\"target\":{\"@type\":\"EntryPoint\",\"urlTemplate\":\"https:\/\/tabernaculoprensadedios.com\/web\/?s={search_term_string}\"},\"query-input\":{\"@type\":\"PropertyValueSpecification\",\"valueRequired\":true,\"valueName\":\"search_term_string\"}}],\"inLanguage\":\"es\"},{\"@type\":[\"Person\",\"Organization\"],\"@id\":\"https:\/\/tabernaculoprensadedios.com\/web\/#\/schema\/person\/bc0e069fef56b38e177db6f098ae0b6e\",\"name\":\"tabernaculo\",\"image\":{\"@type\":\"ImageObject\",\"inLanguage\":\"es\",\"@id\":\"https:\/\/tabernaculoprensadedios.com\/web\/#\/schema\/person\/image\/\",\"url\":\"https:\/\/tabernaculoprensadedios.com\/web\/wp-content\/uploads\/2015\/06\/login-logo1.png\",\"contentUrl\":\"https:\/\/tabernaculoprensadedios.com\/web\/wp-content\/uploads\/2015\/06\/login-logo1.png\",\"width\":300,\"height\":118,\"caption\":\"tabernaculo\"},\"logo\":{\"@id\":\"https:\/\/tabernaculoprensadedios.com\/web\/#\/schema\/person\/image\/\"},\"url\":\"https:\/\/tabernaculoprensadedios.com\/web\/author\/tabernaculo\/\"}]}<\/script>\n<!-- \/ Yoast SEO Premium plugin. -->","yoast_head_json":{"title":"Septiembre un mes para poner la fe en acci\u00f3n - Tabernaculo Prensa de Dios","robots":{"index":"index","follow":"follow","max-snippet":"max-snippet:-1","max-image-preview":"max-image-preview:large","max-video-preview":"max-video-preview:-1"},"canonical":"https:\/\/tabernaculoprensadedios.com\/web\/septiembre-un-mes-para-poner-la-fe-en-accion\/","og_locale":"es_ES","og_type":"article","og_title":"Septiembre un mes para poner la fe en acci\u00f3n","og_description":"As\u00ed que la fe viene como resultado de o\u00edr el mensaje y el mensaje que se oye es la palabra de Cristo. Romanos 10:17 NVI Hoy, mientras conduc\u00eda, o\u00ed al Se\u00f1or decir: \u201cHay algo acerca de septiembre\u2026\u00bbEsper\u00e9 un momento y escuch\u00e9 en mi esp\u00edritu: \u201cEn septiembre estoy proporcionando un tiempo oportuno para que muchos de &hellip;","og_url":"https:\/\/tabernaculoprensadedios.com\/web\/septiembre-un-mes-para-poner-la-fe-en-accion\/","og_site_name":"Tabernaculo Prensa de Dios","article_published_time":"2025-09-03T00:16:00+00:00","og_image":[{"width":1280,"height":720,"url":"https:\/\/tabernaculoprensadedios.com\/web\/wp-content\/uploads\/2025\/09\/2805693.avif","type":"image\/jpeg"}],"author":"tabernaculo","twitter_card":"summary_large_image","twitter_creator":"@PrensadeDios","twitter_site":"@PrensadeDios","twitter_misc":{"Escrito por":"tabernaculo","Tiempo de lectura":"4 minutos"},"schema":{"@context":"https:\/\/schema.org","@graph":[{"@type":"Article","@id":"https:\/\/tabernaculoprensadedios.com\/web\/septiembre-un-mes-para-poner-la-fe-en-accion\/#article","isPartOf":{"@id":"https:\/\/tabernaculoprensadedios.com\/web\/septiembre-un-mes-para-poner-la-fe-en-accion\/"},"author":{"name":"tabernaculo","@id":"https:\/\/tabernaculoprensadedios.com\/web\/#\/schema\/person\/bc0e069fef56b38e177db6f098ae0b6e"},"headline":"Septiembre un mes para poner la fe en acci\u00f3n","datePublished":"2025-09-03T00:16:00+00:00","mainEntityOfPage":{"@id":"https:\/\/tabernaculoprensadedios.com\/web\/septiembre-un-mes-para-poner-la-fe-en-accion\/"},"wordCount":675,"commentCount":0,"publisher":{"@id":"https:\/\/tabernaculoprensadedios.com\/web\/#\/schema\/person\/bc0e069fef56b38e177db6f098ae0b6e"},"image":{"@id":"https:\/\/tabernaculoprensadedios.com\/web\/septiembre-un-mes-para-poner-la-fe-en-accion\/#primaryimage"},"thumbnailUrl":"https:\/\/tabernaculoprensadedios.com\/web\/wp-content\/uploads\/2025\/09\/2805693.avif","articleSection":["Articulos"],"inLanguage":"es","potentialAction":[{"@type":"CommentAction","name":"Comment","target":["https:\/\/tabernaculoprensadedios.com\/web\/septiembre-un-mes-para-poner-la-fe-en-accion\/#respond"]}]},{"@type":"WebPage","@id":"https:\/\/tabernaculoprensadedios.com\/web\/septiembre-un-mes-para-poner-la-fe-en-accion\/","url":"https:\/\/tabernaculoprensadedios.com\/web\/septiembre-un-mes-para-poner-la-fe-en-accion\/","name":"Septiembre un mes para poner la fe en acci\u00f3n - Tabernaculo Prensa de Dios","isPartOf":{"@id":"https:\/\/tabernaculoprensadedios.com\/web\/#website"},"primaryImageOfPage":{"@id":"https:\/\/tabernaculoprensadedios.com\/web\/septiembre-un-mes-para-poner-la-fe-en-accion\/#primaryimage"},"image":{"@id":"https:\/\/tabernaculoprensadedios.com\/web\/septiembre-un-mes-para-poner-la-fe-en-accion\/#primaryimage"},"thumbnailUrl":"https:\/\/tabernaculoprensadedios.com\/web\/wp-content\/uploads\/2025\/09\/2805693.avif","datePublished":"2025-09-03T00:16:00+00:00","breadcrumb":{"@id":"https:\/\/tabernaculoprensadedios.com\/web\/septiembre-un-mes-para-poner-la-fe-en-accion\/#breadcrumb"},"inLanguage":"es","potentialAction":[{"@type":"ReadAction","target":["https:\/\/tabernaculoprensadedios.com\/web\/septiembre-un-mes-para-poner-la-fe-en-accion\/"]}]},{"@type":"ImageObject","inLanguage":"es","@id":"https:\/\/tabernaculoprensadedios.com\/web\/septiembre-un-mes-para-poner-la-fe-en-accion\/#primaryimage","url":"https:\/\/tabernaculoprensadedios.com\/web\/wp-content\/uploads\/2025\/09\/2805693.avif","contentUrl":"https:\/\/tabernaculoprensadedios.com\/web\/wp-content\/uploads\/2025\/09\/2805693.avif","width":1280,"height":720,"caption":"sunset, nature, autumn, landscape, sunlight, foliage, september, sky, golden, yellow, forest, sunbeam"},{"@type":"BreadcrumbList","@id":"https:\/\/tabernaculoprensadedios.com\/web\/septiembre-un-mes-para-poner-la-fe-en-accion\/#breadcrumb","itemListElement":[{"@type":"ListItem","position":1,"name":"Portada","item":"https:\/\/tabernaculoprensadedios.com\/web\/"},{"@type":"ListItem","position":2,"name":"Septiembre un mes para poner la fe en acci\u00f3n"}]},{"@type":"WebSite","@id":"https:\/\/tabernaculoprensadedios.com\/web\/#website","url":"https:\/\/tabernaculoprensadedios.com\/web\/","name":"Tabernaculo Prensa de Dios","description":"Un medio a la manera de Dios","publisher":{"@id":"https:\/\/tabernaculoprensadedios.com\/web\/#\/schema\/person\/bc0e069fef56b38e177db6f098ae0b6e"},"potentialAction":[{"@type":"SearchAction","target":{"@type":"EntryPoint","urlTemplate":"https:\/\/tabernaculoprensadedios.com\/web\/?s={search_term_string}"},"query-input":{"@type":"PropertyValueSpecification","valueRequired":true,"valueName":"search_term_string"}}],"inLanguage":"es"},{"@type":["Person","Organization"],"@id":"https:\/\/tabernaculoprensadedios.com\/web\/#\/schema\/person\/bc0e069fef56b38e177db6f098ae0b6e","name":"tabernaculo","image":{"@type":"ImageObject","inLanguage":"es","@id":"https:\/\/tabernaculoprensadedios.com\/web\/#\/schema\/person\/image\/","url":"https:\/\/tabernaculoprensadedios.com\/web\/wp-content\/uploads\/2015\/06\/login-logo1.png","contentUrl":"https:\/\/tabernaculoprensadedios.com\/web\/wp-content\/uploads\/2015\/06\/login-logo1.png","width":300,"height":118,"caption":"tabernaculo"},"logo":{"@id":"https:\/\/tabernaculoprensadedios.com\/web\/#\/schema\/person\/image\/"},"url":"https:\/\/tabernaculoprensadedios.com\/web\/author\/tabernaculo\/"}]}},"_links":{"self":[{"href":"https:\/\/tabernaculoprensadedios.com\/web\/wp-json\/wp\/v2\/posts\/35719","targetHints":{"allow":["GET"]}}],"collection":[{"href":"https:\/\/tabernaculoprensadedios.com\/web\/wp-json\/wp\/v2\/posts"}],"about":[{"href":"https:\/\/tabernaculoprensadedios.com\/web\/wp-json\/wp\/v2\/types\/post"}],"author":[{"embeddable":true,"href":"https:\/\/tabernaculoprensadedios.com\/web\/wp-json\/wp\/v2\/users\/1"}],"replies":[{"embeddable":true,"href":"https:\/\/tabernaculoprensadedios.com\/web\/wp-json\/wp\/v2\/comments?post=35719"}],"version-history":[{"count":1,"href":"https:\/\/tabernaculoprensadedios.com\/web\/wp-json\/wp\/v2\/posts\/35719\/revisions"}],"predecessor-version":[{"id":35721,"href":"https:\/\/tabernaculoprensadedios.com\/web\/wp-json\/wp\/v2\/posts\/35719\/revisions\/35721"}],"wp:featuredmedia":[{"embeddable":true,"href":"https:\/\/tabernaculoprensadedios.com\/web\/wp-json\/wp\/v2\/media\/35720"}],"wp:attachment":[{"href":"https:\/\/tabernaculoprensadedios.com\/web\/wp-json\/wp\/v2\/media?parent=35719"}],"wp:term":[{"taxonomy":"category","embeddable":true,"href":"https:\/\/tabernaculoprensadedios.com\/web\/wp-json\/wp\/v2\/categories?post=35719"},{"taxonomy":"post_tag","embeddable":true,"href":"https:\/\/tabernaculoprensadedios.com\/web\/wp-json\/wp\/v2\/tags?post=35719"}],"curies":[{"name":"wp","href":"https:\/\/api.w.org\/{rel}","templated":true}]}}