{"id":35699,"date":"2025-08-30T13:20:23","date_gmt":"2025-08-30T13:20:23","guid":{"rendered":"https:\/\/tabernaculoprensadedios.com\/web\/?p=35699"},"modified":"2025-08-30T13:21:10","modified_gmt":"2025-08-30T13:21:10","slug":"la-gracia-una-fuerza-viva-que-nos-levanta-cuando-no-queda-nada","status":"publish","type":"post","link":"https:\/\/tabernaculoprensadedios.com\/web\/la-gracia-una-fuerza-viva-que-nos-levanta-cuando-no-queda-nada\/","title":{"rendered":"La Gracia una fuerza viva que nos levanta cuando no queda nada"},"content":{"rendered":"<p><em><strong>\u201cY me ha dicho: B\u00e1state mi gracia; porque mi poder se perfecciona en la debilidad.- 2 Corintios 12-9<\/strong><\/em><\/p>\n<p>Hay valles oscuros en los que sentimos que hemos muerto por dentro. Hay momentos en que el olvido parece m\u00e1s fuerte que la esperanza. Pero cuando clamamos el nombre de Jes\u00fas, algo sobrenatural sucede: \u00c9l nos hace renacer.<\/p>\n<p>No importa cu\u00e1n profundo haya sido el dolor o cu\u00e1n lejos hayamos llegado; la luz de Dios siempre nos alcanza. Nos recuerda que no somos v\u00edctimas del pasado, sino la justicia de Dios en Cristo Jes\u00fas<strong> (Romanos 5:1).<\/strong> Nos hace comprender que somos vencedores, aunque el enemigo lo niegue, aunque las voces externas digan lo contrario.<\/p>\n<p>La gracia de Dios no es un concepto teol\u00f3gico abstracto: es una fuerza viva que nos levanta cuando no queda nada. Es la mano que nos sostiene cuando nuestras fuerzas se agotan. Es el poder que act\u00faa justo cuando reconocemos nuestra debilidad.<\/p>\n<p>Quiz\u00e1s hoy est\u00e1s luchando con el temor, con lo que otros dicen de ti, o con una circunstancia que parece no cambiar. Pero Dios te dice:<\/p>\n<p><strong>\u201cMi gracia te basta.<\/strong> No tienes que temer. No tienes que rendirte. Yo te soste<\/p>\n<p>As\u00ed como David enfrent\u00f3 gigantes y Pablo enfrent\u00f3 prisiones, t\u00fa tambi\u00e9n puedes seguir adelante porque la gracia de Dios es suficiente.<\/p>\n<p>Se\u00f1or, gracias porque en mi debilidad tu poder se perfecciona. Gracias porque no me sostengo por m\u00e9rito propio, sino por tu amor y fidelidad. Hoy elijo confiar, no en lo que veo ni en lo que escuch\u00f3, sino en tu gracia que me ha sostenido hasta aqu\u00ed\u2026 y que me llevar\u00e1 hasta el final,<\/p>\n","protected":false},"excerpt":{"rendered":"<p>\u201cY me ha dicho: B\u00e1state mi gracia; porque mi poder se perfecciona en la debilidad.- 2 Corintios 12-9 Hay valles oscuros en los que sentimos que hemos muerto por dentro. Hay momentos en que el olvido parece m\u00e1s fuerte que la esperanza. Pero cuando clamamos el nombre de Jes\u00fas, algo sobrenatural sucede: \u00c9l nos hace &hellip;<\/p>\n","protected":false},"author":1,"featured_media":35700,"comment_status":"open","ping_status":"open","sticky":false,"template":"","format":"standard","meta":{"footnotes":""},"categories":[34],"tags":[],"class_list":["post-35699","post","type-post","status-publish","format-standard","has-post-thumbnail","hentry","category-articulos"],"yoast_head":"<!-- This site is optimized with the Yoast SEO Premium plugin v24.2 (Yoast SEO v27.1.1) - https:\/\/yoast.com\/product\/yoast-seo-premium-wordpress\/ -->\n<title>La Gracia una fuerza viva que nos levanta cuando no queda nada - Tabernaculo Prensa de Dios<\/title>\n<meta name=\"robots\" content=\"index, follow, max-snippet:-1, max-image-preview:large, max-video-preview:-1\" \/>\n<link rel=\"canonical\" href=\"https:\/\/tabernaculoprensadedios.com\/web\/la-gracia-una-fuerza-viva-que-nos-levanta-cuando-no-queda-nada\/\" class=\"yoast-seo-meta-tag\" \/>\n<meta property=\"og:locale\" content=\"es_ES\" class=\"yoast-seo-meta-tag\" \/>\n<meta property=\"og:type\" content=\"article\" class=\"yoast-seo-meta-tag\" \/>\n<meta property=\"og:title\" content=\"La Gracia una fuerza viva que nos levanta cuando no queda nada\" class=\"yoast-seo-meta-tag\" \/>\n<meta property=\"og:description\" content=\"\u201cY me ha dicho: B\u00e1state mi gracia; porque mi poder se perfecciona en la debilidad.- 2 Corintios 12-9 Hay valles oscuros en los que sentimos que hemos muerto por dentro. Hay momentos en que el olvido parece m\u00e1s fuerte que la esperanza. Pero cuando clamamos el nombre de Jes\u00fas, algo sobrenatural sucede: \u00c9l nos hace &hellip;\" class=\"yoast-seo-meta-tag\" \/>\n<meta property=\"og:url\" content=\"https:\/\/tabernaculoprensadedios.com\/web\/la-gracia-una-fuerza-viva-que-nos-levanta-cuando-no-queda-nada\/\" class=\"yoast-seo-meta-tag\" \/>\n<meta property=\"og:site_name\" content=\"Tabernaculo Prensa de Dios\" class=\"yoast-seo-meta-tag\" \/>\n<meta property=\"article:published_time\" content=\"2025-08-30T13:20:23+00:00\" class=\"yoast-seo-meta-tag\" \/>\n<meta property=\"article:modified_time\" content=\"2025-08-30T13:21:10+00:00\" class=\"yoast-seo-meta-tag\" \/>\n<meta property=\"og:image\" content=\"https:\/\/tabernaculoprensadedios.com\/web\/wp-content\/uploads\/2025\/08\/2576687.avif\" class=\"yoast-seo-meta-tag\" \/>\n\t<meta property=\"og:image:width\" content=\"1280\" class=\"yoast-seo-meta-tag\" \/>\n\t<meta property=\"og:image:height\" content=\"780\" class=\"yoast-seo-meta-tag\" \/>\n\t<meta property=\"og:image:type\" content=\"image\/jpeg\" class=\"yoast-seo-meta-tag\" \/>\n<meta name=\"author\" content=\"tabernaculo\" class=\"yoast-seo-meta-tag\" \/>\n<meta name=\"twitter:card\" content=\"summary_large_image\" class=\"yoast-seo-meta-tag\" \/>\n<meta name=\"twitter:creator\" content=\"@PrensadeDios\" class=\"yoast-seo-meta-tag\" \/>\n<meta name=\"twitter:site\" content=\"@PrensadeDios\" class=\"yoast-seo-meta-tag\" \/>\n<meta name=\"twitter:label1\" content=\"Escrito por\" class=\"yoast-seo-meta-tag\" \/>\n\t<meta name=\"twitter:data1\" content=\"tabernaculo\" class=\"yoast-seo-meta-tag\" \/>\n\t<meta name=\"twitter:label2\" content=\"Tiempo de lectura\" class=\"yoast-seo-meta-tag\" \/>\n\t<meta name=\"twitter:data2\" content=\"2 minutos\" class=\"yoast-seo-meta-tag\" \/>\n<script type=\"application\/ld+json\" class=\"yoast-schema-graph\">{\"@context\":\"https:\/\/schema.org\",\"@graph\":[{\"@type\":\"Article\",\"@id\":\"https:\/\/tabernaculoprensadedios.com\/web\/la-gracia-una-fuerza-viva-que-nos-levanta-cuando-no-queda-nada\/#article\",\"isPartOf\":{\"@id\":\"https:\/\/tabernaculoprensadedios.com\/web\/la-gracia-una-fuerza-viva-que-nos-levanta-cuando-no-queda-nada\/\"},\"author\":{\"name\":\"tabernaculo\",\"@id\":\"https:\/\/tabernaculoprensadedios.com\/web\/#\/schema\/person\/bc0e069fef56b38e177db6f098ae0b6e\"},\"headline\":\"La Gracia una fuerza viva que nos levanta cuando no queda nada\",\"datePublished\":\"2025-08-30T13:20:23+00:00\",\"dateModified\":\"2025-08-30T13:21:10+00:00\",\"mainEntityOfPage\":{\"@id\":\"https:\/\/tabernaculoprensadedios.com\/web\/la-gracia-una-fuerza-viva-que-nos-levanta-cuando-no-queda-nada\/\"},\"wordCount\":295,\"commentCount\":0,\"publisher\":{\"@id\":\"https:\/\/tabernaculoprensadedios.com\/web\/#\/schema\/person\/bc0e069fef56b38e177db6f098ae0b6e\"},\"image\":{\"@id\":\"https:\/\/tabernaculoprensadedios.com\/web\/la-gracia-una-fuerza-viva-que-nos-levanta-cuando-no-queda-nada\/#primaryimage\"},\"thumbnailUrl\":\"https:\/\/tabernaculoprensadedios.com\/web\/wp-content\/uploads\/2025\/08\/2576687.avif\",\"articleSection\":[\"Articulos\"],\"inLanguage\":\"es\",\"potentialAction\":[{\"@type\":\"CommentAction\",\"name\":\"Comment\",\"target\":[\"https:\/\/tabernaculoprensadedios.com\/web\/la-gracia-una-fuerza-viva-que-nos-levanta-cuando-no-queda-nada\/#respond\"]}]},{\"@type\":\"WebPage\",\"@id\":\"https:\/\/tabernaculoprensadedios.com\/web\/la-gracia-una-fuerza-viva-que-nos-levanta-cuando-no-queda-nada\/\",\"url\":\"https:\/\/tabernaculoprensadedios.com\/web\/la-gracia-una-fuerza-viva-que-nos-levanta-cuando-no-queda-nada\/\",\"name\":\"La Gracia una fuerza viva que nos levanta cuando no queda nada - Tabernaculo Prensa de Dios\",\"isPartOf\":{\"@id\":\"https:\/\/tabernaculoprensadedios.com\/web\/#website\"},\"primaryImageOfPage\":{\"@id\":\"https:\/\/tabernaculoprensadedios.com\/web\/la-gracia-una-fuerza-viva-que-nos-levanta-cuando-no-queda-nada\/#primaryimage\"},\"image\":{\"@id\":\"https:\/\/tabernaculoprensadedios.com\/web\/la-gracia-una-fuerza-viva-que-nos-levanta-cuando-no-queda-nada\/#primaryimage\"},\"thumbnailUrl\":\"https:\/\/tabernaculoprensadedios.com\/web\/wp-content\/uploads\/2025\/08\/2576687.avif\",\"datePublished\":\"2025-08-30T13:20:23+00:00\",\"dateModified\":\"2025-08-30T13:21:10+00:00\",\"breadcrumb\":{\"@id\":\"https:\/\/tabernaculoprensadedios.com\/web\/la-gracia-una-fuerza-viva-que-nos-levanta-cuando-no-queda-nada\/#breadcrumb\"},\"inLanguage\":\"es\",\"potentialAction\":[{\"@type\":\"ReadAction\",\"target\":[\"https:\/\/tabernaculoprensadedios.com\/web\/la-gracia-una-fuerza-viva-que-nos-levanta-cuando-no-queda-nada\/\"]}]},{\"@type\":\"ImageObject\",\"inLanguage\":\"es\",\"@id\":\"https:\/\/tabernaculoprensadedios.com\/web\/la-gracia-una-fuerza-viva-que-nos-levanta-cuando-no-queda-nada\/#primaryimage\",\"url\":\"https:\/\/tabernaculoprensadedios.com\/web\/wp-content\/uploads\/2025\/08\/2576687.avif\",\"contentUrl\":\"https:\/\/tabernaculoprensadedios.com\/web\/wp-content\/uploads\/2025\/08\/2576687.avif\",\"width\":1280,\"height\":780,\"caption\":\"nature, landscape, people, man, alone, snow, winter, cold, weather, clouds, sky, white, travel, blue travel, blue alone, nature, nature, people, alone, alone, alone, alone, alone, winter, travel, travel\"},{\"@type\":\"BreadcrumbList\",\"@id\":\"https:\/\/tabernaculoprensadedios.com\/web\/la-gracia-una-fuerza-viva-que-nos-levanta-cuando-no-queda-nada\/#breadcrumb\",\"itemListElement\":[{\"@type\":\"ListItem\",\"position\":1,\"name\":\"Portada\",\"item\":\"https:\/\/tabernaculoprensadedios.com\/web\/\"},{\"@type\":\"ListItem\",\"position\":2,\"name\":\"La Gracia una fuerza viva que nos levanta cuando no queda nada\"}]},{\"@type\":\"WebSite\",\"@id\":\"https:\/\/tabernaculoprensadedios.com\/web\/#website\",\"url\":\"https:\/\/tabernaculoprensadedios.com\/web\/\",\"name\":\"Tabernaculo Prensa de Dios\",\"description\":\"Un medio a la manera de Dios\",\"publisher\":{\"@id\":\"https:\/\/tabernaculoprensadedios.com\/web\/#\/schema\/person\/bc0e069fef56b38e177db6f098ae0b6e\"},\"potentialAction\":[{\"@type\":\"SearchAction\",\"target\":{\"@type\":\"EntryPoint\",\"urlTemplate\":\"https:\/\/tabernaculoprensadedios.com\/web\/?s={search_term_string}\"},\"query-input\":{\"@type\":\"PropertyValueSpecification\",\"valueRequired\":true,\"valueName\":\"search_term_string\"}}],\"inLanguage\":\"es\"},{\"@type\":[\"Person\",\"Organization\"],\"@id\":\"https:\/\/tabernaculoprensadedios.com\/web\/#\/schema\/person\/bc0e069fef56b38e177db6f098ae0b6e\",\"name\":\"tabernaculo\",\"image\":{\"@type\":\"ImageObject\",\"inLanguage\":\"es\",\"@id\":\"https:\/\/tabernaculoprensadedios.com\/web\/#\/schema\/person\/image\/\",\"url\":\"https:\/\/tabernaculoprensadedios.com\/web\/wp-content\/uploads\/2015\/06\/login-logo1.png\",\"contentUrl\":\"https:\/\/tabernaculoprensadedios.com\/web\/wp-content\/uploads\/2015\/06\/login-logo1.png\",\"width\":300,\"height\":118,\"caption\":\"tabernaculo\"},\"logo\":{\"@id\":\"https:\/\/tabernaculoprensadedios.com\/web\/#\/schema\/person\/image\/\"},\"url\":\"https:\/\/tabernaculoprensadedios.com\/web\/author\/tabernaculo\/\"}]}<\/script>\n<!-- \/ Yoast SEO Premium plugin. -->","yoast_head_json":{"title":"La Gracia una fuerza viva que nos levanta cuando no queda nada - Tabernaculo Prensa de Dios","robots":{"index":"index","follow":"follow","max-snippet":"max-snippet:-1","max-image-preview":"max-image-preview:large","max-video-preview":"max-video-preview:-1"},"canonical":"https:\/\/tabernaculoprensadedios.com\/web\/la-gracia-una-fuerza-viva-que-nos-levanta-cuando-no-queda-nada\/","og_locale":"es_ES","og_type":"article","og_title":"La Gracia una fuerza viva que nos levanta cuando no queda nada","og_description":"\u201cY me ha dicho: B\u00e1state mi gracia; porque mi poder se perfecciona en la debilidad.- 2 Corintios 12-9 Hay valles oscuros en los que sentimos que hemos muerto por dentro. Hay momentos en que el olvido parece m\u00e1s fuerte que la esperanza. Pero cuando clamamos el nombre de Jes\u00fas, algo sobrenatural sucede: \u00c9l nos hace &hellip;","og_url":"https:\/\/tabernaculoprensadedios.com\/web\/la-gracia-una-fuerza-viva-que-nos-levanta-cuando-no-queda-nada\/","og_site_name":"Tabernaculo Prensa de Dios","article_published_time":"2025-08-30T13:20:23+00:00","article_modified_time":"2025-08-30T13:21:10+00:00","og_image":[{"width":1280,"height":780,"url":"https:\/\/tabernaculoprensadedios.com\/web\/wp-content\/uploads\/2025\/08\/2576687.avif","type":"image\/jpeg"}],"author":"tabernaculo","twitter_card":"summary_large_image","twitter_creator":"@PrensadeDios","twitter_site":"@PrensadeDios","twitter_misc":{"Escrito por":"tabernaculo","Tiempo de lectura":"2 minutos"},"schema":{"@context":"https:\/\/schema.org","@graph":[{"@type":"Article","@id":"https:\/\/tabernaculoprensadedios.com\/web\/la-gracia-una-fuerza-viva-que-nos-levanta-cuando-no-queda-nada\/#article","isPartOf":{"@id":"https:\/\/tabernaculoprensadedios.com\/web\/la-gracia-una-fuerza-viva-que-nos-levanta-cuando-no-queda-nada\/"},"author":{"name":"tabernaculo","@id":"https:\/\/tabernaculoprensadedios.com\/web\/#\/schema\/person\/bc0e069fef56b38e177db6f098ae0b6e"},"headline":"La Gracia una fuerza viva que nos levanta cuando no queda nada","datePublished":"2025-08-30T13:20:23+00:00","dateModified":"2025-08-30T13:21:10+00:00","mainEntityOfPage":{"@id":"https:\/\/tabernaculoprensadedios.com\/web\/la-gracia-una-fuerza-viva-que-nos-levanta-cuando-no-queda-nada\/"},"wordCount":295,"commentCount":0,"publisher":{"@id":"https:\/\/tabernaculoprensadedios.com\/web\/#\/schema\/person\/bc0e069fef56b38e177db6f098ae0b6e"},"image":{"@id":"https:\/\/tabernaculoprensadedios.com\/web\/la-gracia-una-fuerza-viva-que-nos-levanta-cuando-no-queda-nada\/#primaryimage"},"thumbnailUrl":"https:\/\/tabernaculoprensadedios.com\/web\/wp-content\/uploads\/2025\/08\/2576687.avif","articleSection":["Articulos"],"inLanguage":"es","potentialAction":[{"@type":"CommentAction","name":"Comment","target":["https:\/\/tabernaculoprensadedios.com\/web\/la-gracia-una-fuerza-viva-que-nos-levanta-cuando-no-queda-nada\/#respond"]}]},{"@type":"WebPage","@id":"https:\/\/tabernaculoprensadedios.com\/web\/la-gracia-una-fuerza-viva-que-nos-levanta-cuando-no-queda-nada\/","url":"https:\/\/tabernaculoprensadedios.com\/web\/la-gracia-una-fuerza-viva-que-nos-levanta-cuando-no-queda-nada\/","name":"La Gracia una fuerza viva que nos levanta cuando no queda nada - Tabernaculo Prensa de Dios","isPartOf":{"@id":"https:\/\/tabernaculoprensadedios.com\/web\/#website"},"primaryImageOfPage":{"@id":"https:\/\/tabernaculoprensadedios.com\/web\/la-gracia-una-fuerza-viva-que-nos-levanta-cuando-no-queda-nada\/#primaryimage"},"image":{"@id":"https:\/\/tabernaculoprensadedios.com\/web\/la-gracia-una-fuerza-viva-que-nos-levanta-cuando-no-queda-nada\/#primaryimage"},"thumbnailUrl":"https:\/\/tabernaculoprensadedios.com\/web\/wp-content\/uploads\/2025\/08\/2576687.avif","datePublished":"2025-08-30T13:20:23+00:00","dateModified":"2025-08-30T13:21:10+00:00","breadcrumb":{"@id":"https:\/\/tabernaculoprensadedios.com\/web\/la-gracia-una-fuerza-viva-que-nos-levanta-cuando-no-queda-nada\/#breadcrumb"},"inLanguage":"es","potentialAction":[{"@type":"ReadAction","target":["https:\/\/tabernaculoprensadedios.com\/web\/la-gracia-una-fuerza-viva-que-nos-levanta-cuando-no-queda-nada\/"]}]},{"@type":"ImageObject","inLanguage":"es","@id":"https:\/\/tabernaculoprensadedios.com\/web\/la-gracia-una-fuerza-viva-que-nos-levanta-cuando-no-queda-nada\/#primaryimage","url":"https:\/\/tabernaculoprensadedios.com\/web\/wp-content\/uploads\/2025\/08\/2576687.avif","contentUrl":"https:\/\/tabernaculoprensadedios.com\/web\/wp-content\/uploads\/2025\/08\/2576687.avif","width":1280,"height":780,"caption":"nature, landscape, people, man, alone, snow, winter, cold, weather, clouds, sky, white, travel, blue travel, blue alone, nature, nature, people, alone, alone, alone, alone, alone, winter, travel, travel"},{"@type":"BreadcrumbList","@id":"https:\/\/tabernaculoprensadedios.com\/web\/la-gracia-una-fuerza-viva-que-nos-levanta-cuando-no-queda-nada\/#breadcrumb","itemListElement":[{"@type":"ListItem","position":1,"name":"Portada","item":"https:\/\/tabernaculoprensadedios.com\/web\/"},{"@type":"ListItem","position":2,"name":"La Gracia una fuerza viva que nos levanta cuando no queda nada"}]},{"@type":"WebSite","@id":"https:\/\/tabernaculoprensadedios.com\/web\/#website","url":"https:\/\/tabernaculoprensadedios.com\/web\/","name":"Tabernaculo Prensa de Dios","description":"Un medio a la manera de Dios","publisher":{"@id":"https:\/\/tabernaculoprensadedios.com\/web\/#\/schema\/person\/bc0e069fef56b38e177db6f098ae0b6e"},"potentialAction":[{"@type":"SearchAction","target":{"@type":"EntryPoint","urlTemplate":"https:\/\/tabernaculoprensadedios.com\/web\/?s={search_term_string}"},"query-input":{"@type":"PropertyValueSpecification","valueRequired":true,"valueName":"search_term_string"}}],"inLanguage":"es"},{"@type":["Person","Organization"],"@id":"https:\/\/tabernaculoprensadedios.com\/web\/#\/schema\/person\/bc0e069fef56b38e177db6f098ae0b6e","name":"tabernaculo","image":{"@type":"ImageObject","inLanguage":"es","@id":"https:\/\/tabernaculoprensadedios.com\/web\/#\/schema\/person\/image\/","url":"https:\/\/tabernaculoprensadedios.com\/web\/wp-content\/uploads\/2015\/06\/login-logo1.png","contentUrl":"https:\/\/tabernaculoprensadedios.com\/web\/wp-content\/uploads\/2015\/06\/login-logo1.png","width":300,"height":118,"caption":"tabernaculo"},"logo":{"@id":"https:\/\/tabernaculoprensadedios.com\/web\/#\/schema\/person\/image\/"},"url":"https:\/\/tabernaculoprensadedios.com\/web\/author\/tabernaculo\/"}]}},"_links":{"self":[{"href":"https:\/\/tabernaculoprensadedios.com\/web\/wp-json\/wp\/v2\/posts\/35699","targetHints":{"allow":["GET"]}}],"collection":[{"href":"https:\/\/tabernaculoprensadedios.com\/web\/wp-json\/wp\/v2\/posts"}],"about":[{"href":"https:\/\/tabernaculoprensadedios.com\/web\/wp-json\/wp\/v2\/types\/post"}],"author":[{"embeddable":true,"href":"https:\/\/tabernaculoprensadedios.com\/web\/wp-json\/wp\/v2\/users\/1"}],"replies":[{"embeddable":true,"href":"https:\/\/tabernaculoprensadedios.com\/web\/wp-json\/wp\/v2\/comments?post=35699"}],"version-history":[{"count":1,"href":"https:\/\/tabernaculoprensadedios.com\/web\/wp-json\/wp\/v2\/posts\/35699\/revisions"}],"predecessor-version":[{"id":35701,"href":"https:\/\/tabernaculoprensadedios.com\/web\/wp-json\/wp\/v2\/posts\/35699\/revisions\/35701"}],"wp:featuredmedia":[{"embeddable":true,"href":"https:\/\/tabernaculoprensadedios.com\/web\/wp-json\/wp\/v2\/media\/35700"}],"wp:attachment":[{"href":"https:\/\/tabernaculoprensadedios.com\/web\/wp-json\/wp\/v2\/media?parent=35699"}],"wp:term":[{"taxonomy":"category","embeddable":true,"href":"https:\/\/tabernaculoprensadedios.com\/web\/wp-json\/wp\/v2\/categories?post=35699"},{"taxonomy":"post_tag","embeddable":true,"href":"https:\/\/tabernaculoprensadedios.com\/web\/wp-json\/wp\/v2\/tags?post=35699"}],"curies":[{"name":"wp","href":"https:\/\/api.w.org\/{rel}","templated":true}]}}