{"id":35696,"date":"2025-08-30T13:13:26","date_gmt":"2025-08-30T13:13:26","guid":{"rendered":"https:\/\/tabernaculoprensadedios.com\/web\/?p=35696"},"modified":"2025-08-30T13:13:26","modified_gmt":"2025-08-30T13:13:26","slug":"la-vision-tiene-que-estar-acompanada-de-la-accion","status":"publish","type":"post","link":"https:\/\/tabernaculoprensadedios.com\/web\/la-vision-tiene-que-estar-acompanada-de-la-accion\/","title":{"rendered":"La visi\u00f3n tiene que estar acompa\u00f1ada de la acci\u00f3n"},"content":{"rendered":"<p>La gente exitosa que conozco tiene la doble<strong> capacidad para pensar positivamente y obrar concretamente.<\/strong> Pueden ir fluidamente de la concepci\u00f3n a la acci\u00f3n. Convierten sus visiones en esfuerzos concretos. No se quedan en el terreno de lo te\u00f3rico y visionario.<\/p>\n<p>Proceden del sue\u00f1o a la realidad con admirable fluidez. Se trazan un plan, aunque sea rudimentario e instintivo, y proceden a implementarlo disciplinadamente, una humilde acci\u00f3n a la vez, a lo largo del tiempo, hasta verlo realizado en toda su plenitud.<\/p>\n<p>Joel Barker ha declarado:<strong> \u201cVisi\u00f3n sin acci\u00f3n es un mero sue\u00f1o vano. Acci\u00f3n sin visi\u00f3n es un mero desperdicio del tiempo. Visi\u00f3n con acci\u00f3n puede cambiar el mundo\u201d.<\/strong> Si tus visiones y tus confesiones no est\u00e1n acompa\u00f1adas de una voluntad f\u00e9rrea para implementarlas una pieza a la vez, nunca podr\u00e1n afectar el mundo. Se quedar\u00e1n en la estrat\u00f3sfera, como fr\u00edos astros incapaces de arrojar luz o calor sobre tus circunstancias.<\/p>\n<p><strong>Napole\u00f3n Hill, uno de los grandes motivadores de nuestro tiempo, declara: \u201c<\/strong>Primero viene el pensamiento; luego la organizaci\u00f3n de ese pensamiento en ideas y planes; finalmente, la transformaci\u00f3n de esos planes en una realidad\u201d. Tenemos que combinar la capacidad para so\u00f1ar con la disciplina para ejecutar.<\/p>\n<p>Lo que transforma un mero sue\u00f1o en una visi\u00f3n inspiradora y factible es la energ\u00eda para traducirla en un plan de acci\u00f3n, la capacidad para dibujarla en tres dimensiones, con sus partes constituyentes, e incorporarla disciplinadamente a la dimensi\u00f3n del tiempo y el espacio. Esta es, quiz\u00e1s, la parte m\u00e1s importante, la etapa crucial, y aquella en la cual la mayor\u00eda de la gente fracasa. Los sublimes barcos de la grandeza frecuentemente se estrellan contra los arrecifes de la especificidad.<\/p>\n","protected":false},"excerpt":{"rendered":"<p>La gente exitosa que conozco tiene la doble capacidad para pensar positivamente y obrar concretamente. Pueden ir fluidamente de la concepci\u00f3n a la acci\u00f3n. Convierten sus visiones en esfuerzos concretos. No se quedan en el terreno de lo te\u00f3rico y visionario. Proceden del sue\u00f1o a la realidad con admirable fluidez. Se trazan un plan, aunque &hellip;<\/p>\n","protected":false},"author":1,"featured_media":35697,"comment_status":"open","ping_status":"open","sticky":false,"template":"","format":"standard","meta":{"footnotes":""},"categories":[34],"tags":[],"class_list":["post-35696","post","type-post","status-publish","format-standard","has-post-thumbnail","hentry","category-articulos"],"yoast_head":"<!-- This site is optimized with the Yoast SEO Premium plugin v24.2 (Yoast SEO v27.1.1) - https:\/\/yoast.com\/product\/yoast-seo-premium-wordpress\/ -->\n<title>La visi\u00f3n tiene que estar acompa\u00f1ada de la acci\u00f3n - Tabernaculo Prensa de Dios<\/title>\n<meta name=\"robots\" content=\"index, follow, max-snippet:-1, max-image-preview:large, max-video-preview:-1\" \/>\n<link rel=\"canonical\" href=\"https:\/\/tabernaculoprensadedios.com\/web\/la-vision-tiene-que-estar-acompanada-de-la-accion\/\" class=\"yoast-seo-meta-tag\" \/>\n<meta property=\"og:locale\" content=\"es_ES\" class=\"yoast-seo-meta-tag\" \/>\n<meta property=\"og:type\" content=\"article\" class=\"yoast-seo-meta-tag\" \/>\n<meta property=\"og:title\" content=\"La visi\u00f3n tiene que estar acompa\u00f1ada de la acci\u00f3n\" class=\"yoast-seo-meta-tag\" \/>\n<meta property=\"og:description\" content=\"La gente exitosa que conozco tiene la doble capacidad para pensar positivamente y obrar concretamente. Pueden ir fluidamente de la concepci\u00f3n a la acci\u00f3n. Convierten sus visiones en esfuerzos concretos. No se quedan en el terreno de lo te\u00f3rico y visionario. Proceden del sue\u00f1o a la realidad con admirable fluidez. Se trazan un plan, aunque &hellip;\" class=\"yoast-seo-meta-tag\" \/>\n<meta property=\"og:url\" content=\"https:\/\/tabernaculoprensadedios.com\/web\/la-vision-tiene-que-estar-acompanada-de-la-accion\/\" class=\"yoast-seo-meta-tag\" \/>\n<meta property=\"og:site_name\" content=\"Tabernaculo Prensa de Dios\" class=\"yoast-seo-meta-tag\" \/>\n<meta property=\"article:published_time\" content=\"2025-08-30T13:13:26+00:00\" class=\"yoast-seo-meta-tag\" \/>\n<meta property=\"og:image\" content=\"https:\/\/tabernaculoprensadedios.com\/web\/wp-content\/uploads\/2025\/08\/31-poduwzge.avif\" class=\"yoast-seo-meta-tag\" \/>\n\t<meta property=\"og:image:width\" content=\"1600\" class=\"yoast-seo-meta-tag\" \/>\n\t<meta property=\"og:image:height\" content=\"1066\" class=\"yoast-seo-meta-tag\" \/>\n\t<meta property=\"og:image:type\" content=\"image\/jpeg\" class=\"yoast-seo-meta-tag\" \/>\n<meta name=\"author\" content=\"tabernaculo\" class=\"yoast-seo-meta-tag\" \/>\n<meta name=\"twitter:card\" content=\"summary_large_image\" class=\"yoast-seo-meta-tag\" \/>\n<meta name=\"twitter:creator\" content=\"@PrensadeDios\" class=\"yoast-seo-meta-tag\" \/>\n<meta name=\"twitter:site\" content=\"@PrensadeDios\" class=\"yoast-seo-meta-tag\" \/>\n<meta name=\"twitter:label1\" content=\"Escrito por\" class=\"yoast-seo-meta-tag\" \/>\n\t<meta name=\"twitter:data1\" content=\"tabernaculo\" class=\"yoast-seo-meta-tag\" \/>\n\t<meta name=\"twitter:label2\" content=\"Tiempo de lectura\" class=\"yoast-seo-meta-tag\" \/>\n\t<meta name=\"twitter:data2\" content=\"2 minutos\" class=\"yoast-seo-meta-tag\" \/>\n<script type=\"application\/ld+json\" class=\"yoast-schema-graph\">{\"@context\":\"https:\/\/schema.org\",\"@graph\":[{\"@type\":\"Article\",\"@id\":\"https:\/\/tabernaculoprensadedios.com\/web\/la-vision-tiene-que-estar-acompanada-de-la-accion\/#article\",\"isPartOf\":{\"@id\":\"https:\/\/tabernaculoprensadedios.com\/web\/la-vision-tiene-que-estar-acompanada-de-la-accion\/\"},\"author\":{\"name\":\"tabernaculo\",\"@id\":\"https:\/\/tabernaculoprensadedios.com\/web\/#\/schema\/person\/bc0e069fef56b38e177db6f098ae0b6e\"},\"headline\":\"La visi\u00f3n tiene que estar acompa\u00f1ada de la acci\u00f3n\",\"datePublished\":\"2025-08-30T13:13:26+00:00\",\"mainEntityOfPage\":{\"@id\":\"https:\/\/tabernaculoprensadedios.com\/web\/la-vision-tiene-que-estar-acompanada-de-la-accion\/\"},\"wordCount\":321,\"commentCount\":0,\"publisher\":{\"@id\":\"https:\/\/tabernaculoprensadedios.com\/web\/#\/schema\/person\/bc0e069fef56b38e177db6f098ae0b6e\"},\"image\":{\"@id\":\"https:\/\/tabernaculoprensadedios.com\/web\/la-vision-tiene-que-estar-acompanada-de-la-accion\/#primaryimage\"},\"thumbnailUrl\":\"https:\/\/tabernaculoprensadedios.com\/web\/wp-content\/uploads\/2025\/08\/31-poduwzge.avif\",\"articleSection\":[\"Articulos\"],\"inLanguage\":\"es\",\"potentialAction\":[{\"@type\":\"CommentAction\",\"name\":\"Comment\",\"target\":[\"https:\/\/tabernaculoprensadedios.com\/web\/la-vision-tiene-que-estar-acompanada-de-la-accion\/#respond\"]}]},{\"@type\":\"WebPage\",\"@id\":\"https:\/\/tabernaculoprensadedios.com\/web\/la-vision-tiene-que-estar-acompanada-de-la-accion\/\",\"url\":\"https:\/\/tabernaculoprensadedios.com\/web\/la-vision-tiene-que-estar-acompanada-de-la-accion\/\",\"name\":\"La visi\u00f3n tiene que estar acompa\u00f1ada de la acci\u00f3n - Tabernaculo Prensa de Dios\",\"isPartOf\":{\"@id\":\"https:\/\/tabernaculoprensadedios.com\/web\/#website\"},\"primaryImageOfPage\":{\"@id\":\"https:\/\/tabernaculoprensadedios.com\/web\/la-vision-tiene-que-estar-acompanada-de-la-accion\/#primaryimage\"},\"image\":{\"@id\":\"https:\/\/tabernaculoprensadedios.com\/web\/la-vision-tiene-que-estar-acompanada-de-la-accion\/#primaryimage\"},\"thumbnailUrl\":\"https:\/\/tabernaculoprensadedios.com\/web\/wp-content\/uploads\/2025\/08\/31-poduwzge.avif\",\"datePublished\":\"2025-08-30T13:13:26+00:00\",\"breadcrumb\":{\"@id\":\"https:\/\/tabernaculoprensadedios.com\/web\/la-vision-tiene-que-estar-acompanada-de-la-accion\/#breadcrumb\"},\"inLanguage\":\"es\",\"potentialAction\":[{\"@type\":\"ReadAction\",\"target\":[\"https:\/\/tabernaculoprensadedios.com\/web\/la-vision-tiene-que-estar-acompanada-de-la-accion\/\"]}]},{\"@type\":\"ImageObject\",\"inLanguage\":\"es\",\"@id\":\"https:\/\/tabernaculoprensadedios.com\/web\/la-vision-tiene-que-estar-acompanada-de-la-accion\/#primaryimage\",\"url\":\"https:\/\/tabernaculoprensadedios.com\/web\/wp-content\/uploads\/2025\/08\/31-poduwzge.avif\",\"contentUrl\":\"https:\/\/tabernaculoprensadedios.com\/web\/wp-content\/uploads\/2025\/08\/31-poduwzge.avif\",\"width\":1600,\"height\":1066,\"caption\":\"timelapse photo of people passing the street\"},{\"@type\":\"BreadcrumbList\",\"@id\":\"https:\/\/tabernaculoprensadedios.com\/web\/la-vision-tiene-que-estar-acompanada-de-la-accion\/#breadcrumb\",\"itemListElement\":[{\"@type\":\"ListItem\",\"position\":1,\"name\":\"Portada\",\"item\":\"https:\/\/tabernaculoprensadedios.com\/web\/\"},{\"@type\":\"ListItem\",\"position\":2,\"name\":\"La visi\u00f3n tiene que estar acompa\u00f1ada de la acci\u00f3n\"}]},{\"@type\":\"WebSite\",\"@id\":\"https:\/\/tabernaculoprensadedios.com\/web\/#website\",\"url\":\"https:\/\/tabernaculoprensadedios.com\/web\/\",\"name\":\"Tabernaculo Prensa de Dios\",\"description\":\"Un medio a la manera de Dios\",\"publisher\":{\"@id\":\"https:\/\/tabernaculoprensadedios.com\/web\/#\/schema\/person\/bc0e069fef56b38e177db6f098ae0b6e\"},\"potentialAction\":[{\"@type\":\"SearchAction\",\"target\":{\"@type\":\"EntryPoint\",\"urlTemplate\":\"https:\/\/tabernaculoprensadedios.com\/web\/?s={search_term_string}\"},\"query-input\":{\"@type\":\"PropertyValueSpecification\",\"valueRequired\":true,\"valueName\":\"search_term_string\"}}],\"inLanguage\":\"es\"},{\"@type\":[\"Person\",\"Organization\"],\"@id\":\"https:\/\/tabernaculoprensadedios.com\/web\/#\/schema\/person\/bc0e069fef56b38e177db6f098ae0b6e\",\"name\":\"tabernaculo\",\"image\":{\"@type\":\"ImageObject\",\"inLanguage\":\"es\",\"@id\":\"https:\/\/tabernaculoprensadedios.com\/web\/#\/schema\/person\/image\/\",\"url\":\"https:\/\/tabernaculoprensadedios.com\/web\/wp-content\/uploads\/2015\/06\/login-logo1.png\",\"contentUrl\":\"https:\/\/tabernaculoprensadedios.com\/web\/wp-content\/uploads\/2015\/06\/login-logo1.png\",\"width\":300,\"height\":118,\"caption\":\"tabernaculo\"},\"logo\":{\"@id\":\"https:\/\/tabernaculoprensadedios.com\/web\/#\/schema\/person\/image\/\"},\"url\":\"https:\/\/tabernaculoprensadedios.com\/web\/author\/tabernaculo\/\"}]}<\/script>\n<!-- \/ Yoast SEO Premium plugin. -->","yoast_head_json":{"title":"La visi\u00f3n tiene que estar acompa\u00f1ada de la acci\u00f3n - Tabernaculo Prensa de Dios","robots":{"index":"index","follow":"follow","max-snippet":"max-snippet:-1","max-image-preview":"max-image-preview:large","max-video-preview":"max-video-preview:-1"},"canonical":"https:\/\/tabernaculoprensadedios.com\/web\/la-vision-tiene-que-estar-acompanada-de-la-accion\/","og_locale":"es_ES","og_type":"article","og_title":"La visi\u00f3n tiene que estar acompa\u00f1ada de la acci\u00f3n","og_description":"La gente exitosa que conozco tiene la doble capacidad para pensar positivamente y obrar concretamente. Pueden ir fluidamente de la concepci\u00f3n a la acci\u00f3n. Convierten sus visiones en esfuerzos concretos. No se quedan en el terreno de lo te\u00f3rico y visionario. Proceden del sue\u00f1o a la realidad con admirable fluidez. Se trazan un plan, aunque &hellip;","og_url":"https:\/\/tabernaculoprensadedios.com\/web\/la-vision-tiene-que-estar-acompanada-de-la-accion\/","og_site_name":"Tabernaculo Prensa de Dios","article_published_time":"2025-08-30T13:13:26+00:00","og_image":[{"width":1600,"height":1066,"url":"https:\/\/tabernaculoprensadedios.com\/web\/wp-content\/uploads\/2025\/08\/31-poduwzge.avif","type":"image\/jpeg"}],"author":"tabernaculo","twitter_card":"summary_large_image","twitter_creator":"@PrensadeDios","twitter_site":"@PrensadeDios","twitter_misc":{"Escrito por":"tabernaculo","Tiempo de lectura":"2 minutos"},"schema":{"@context":"https:\/\/schema.org","@graph":[{"@type":"Article","@id":"https:\/\/tabernaculoprensadedios.com\/web\/la-vision-tiene-que-estar-acompanada-de-la-accion\/#article","isPartOf":{"@id":"https:\/\/tabernaculoprensadedios.com\/web\/la-vision-tiene-que-estar-acompanada-de-la-accion\/"},"author":{"name":"tabernaculo","@id":"https:\/\/tabernaculoprensadedios.com\/web\/#\/schema\/person\/bc0e069fef56b38e177db6f098ae0b6e"},"headline":"La visi\u00f3n tiene que estar acompa\u00f1ada de la acci\u00f3n","datePublished":"2025-08-30T13:13:26+00:00","mainEntityOfPage":{"@id":"https:\/\/tabernaculoprensadedios.com\/web\/la-vision-tiene-que-estar-acompanada-de-la-accion\/"},"wordCount":321,"commentCount":0,"publisher":{"@id":"https:\/\/tabernaculoprensadedios.com\/web\/#\/schema\/person\/bc0e069fef56b38e177db6f098ae0b6e"},"image":{"@id":"https:\/\/tabernaculoprensadedios.com\/web\/la-vision-tiene-que-estar-acompanada-de-la-accion\/#primaryimage"},"thumbnailUrl":"https:\/\/tabernaculoprensadedios.com\/web\/wp-content\/uploads\/2025\/08\/31-poduwzge.avif","articleSection":["Articulos"],"inLanguage":"es","potentialAction":[{"@type":"CommentAction","name":"Comment","target":["https:\/\/tabernaculoprensadedios.com\/web\/la-vision-tiene-que-estar-acompanada-de-la-accion\/#respond"]}]},{"@type":"WebPage","@id":"https:\/\/tabernaculoprensadedios.com\/web\/la-vision-tiene-que-estar-acompanada-de-la-accion\/","url":"https:\/\/tabernaculoprensadedios.com\/web\/la-vision-tiene-que-estar-acompanada-de-la-accion\/","name":"La visi\u00f3n tiene que estar acompa\u00f1ada de la acci\u00f3n - Tabernaculo Prensa de Dios","isPartOf":{"@id":"https:\/\/tabernaculoprensadedios.com\/web\/#website"},"primaryImageOfPage":{"@id":"https:\/\/tabernaculoprensadedios.com\/web\/la-vision-tiene-que-estar-acompanada-de-la-accion\/#primaryimage"},"image":{"@id":"https:\/\/tabernaculoprensadedios.com\/web\/la-vision-tiene-que-estar-acompanada-de-la-accion\/#primaryimage"},"thumbnailUrl":"https:\/\/tabernaculoprensadedios.com\/web\/wp-content\/uploads\/2025\/08\/31-poduwzge.avif","datePublished":"2025-08-30T13:13:26+00:00","breadcrumb":{"@id":"https:\/\/tabernaculoprensadedios.com\/web\/la-vision-tiene-que-estar-acompanada-de-la-accion\/#breadcrumb"},"inLanguage":"es","potentialAction":[{"@type":"ReadAction","target":["https:\/\/tabernaculoprensadedios.com\/web\/la-vision-tiene-que-estar-acompanada-de-la-accion\/"]}]},{"@type":"ImageObject","inLanguage":"es","@id":"https:\/\/tabernaculoprensadedios.com\/web\/la-vision-tiene-que-estar-acompanada-de-la-accion\/#primaryimage","url":"https:\/\/tabernaculoprensadedios.com\/web\/wp-content\/uploads\/2025\/08\/31-poduwzge.avif","contentUrl":"https:\/\/tabernaculoprensadedios.com\/web\/wp-content\/uploads\/2025\/08\/31-poduwzge.avif","width":1600,"height":1066,"caption":"timelapse photo of people passing the street"},{"@type":"BreadcrumbList","@id":"https:\/\/tabernaculoprensadedios.com\/web\/la-vision-tiene-que-estar-acompanada-de-la-accion\/#breadcrumb","itemListElement":[{"@type":"ListItem","position":1,"name":"Portada","item":"https:\/\/tabernaculoprensadedios.com\/web\/"},{"@type":"ListItem","position":2,"name":"La visi\u00f3n tiene que estar acompa\u00f1ada de la acci\u00f3n"}]},{"@type":"WebSite","@id":"https:\/\/tabernaculoprensadedios.com\/web\/#website","url":"https:\/\/tabernaculoprensadedios.com\/web\/","name":"Tabernaculo Prensa de Dios","description":"Un medio a la manera de Dios","publisher":{"@id":"https:\/\/tabernaculoprensadedios.com\/web\/#\/schema\/person\/bc0e069fef56b38e177db6f098ae0b6e"},"potentialAction":[{"@type":"SearchAction","target":{"@type":"EntryPoint","urlTemplate":"https:\/\/tabernaculoprensadedios.com\/web\/?s={search_term_string}"},"query-input":{"@type":"PropertyValueSpecification","valueRequired":true,"valueName":"search_term_string"}}],"inLanguage":"es"},{"@type":["Person","Organization"],"@id":"https:\/\/tabernaculoprensadedios.com\/web\/#\/schema\/person\/bc0e069fef56b38e177db6f098ae0b6e","name":"tabernaculo","image":{"@type":"ImageObject","inLanguage":"es","@id":"https:\/\/tabernaculoprensadedios.com\/web\/#\/schema\/person\/image\/","url":"https:\/\/tabernaculoprensadedios.com\/web\/wp-content\/uploads\/2015\/06\/login-logo1.png","contentUrl":"https:\/\/tabernaculoprensadedios.com\/web\/wp-content\/uploads\/2015\/06\/login-logo1.png","width":300,"height":118,"caption":"tabernaculo"},"logo":{"@id":"https:\/\/tabernaculoprensadedios.com\/web\/#\/schema\/person\/image\/"},"url":"https:\/\/tabernaculoprensadedios.com\/web\/author\/tabernaculo\/"}]}},"_links":{"self":[{"href":"https:\/\/tabernaculoprensadedios.com\/web\/wp-json\/wp\/v2\/posts\/35696","targetHints":{"allow":["GET"]}}],"collection":[{"href":"https:\/\/tabernaculoprensadedios.com\/web\/wp-json\/wp\/v2\/posts"}],"about":[{"href":"https:\/\/tabernaculoprensadedios.com\/web\/wp-json\/wp\/v2\/types\/post"}],"author":[{"embeddable":true,"href":"https:\/\/tabernaculoprensadedios.com\/web\/wp-json\/wp\/v2\/users\/1"}],"replies":[{"embeddable":true,"href":"https:\/\/tabernaculoprensadedios.com\/web\/wp-json\/wp\/v2\/comments?post=35696"}],"version-history":[{"count":1,"href":"https:\/\/tabernaculoprensadedios.com\/web\/wp-json\/wp\/v2\/posts\/35696\/revisions"}],"predecessor-version":[{"id":35698,"href":"https:\/\/tabernaculoprensadedios.com\/web\/wp-json\/wp\/v2\/posts\/35696\/revisions\/35698"}],"wp:featuredmedia":[{"embeddable":true,"href":"https:\/\/tabernaculoprensadedios.com\/web\/wp-json\/wp\/v2\/media\/35697"}],"wp:attachment":[{"href":"https:\/\/tabernaculoprensadedios.com\/web\/wp-json\/wp\/v2\/media?parent=35696"}],"wp:term":[{"taxonomy":"category","embeddable":true,"href":"https:\/\/tabernaculoprensadedios.com\/web\/wp-json\/wp\/v2\/categories?post=35696"},{"taxonomy":"post_tag","embeddable":true,"href":"https:\/\/tabernaculoprensadedios.com\/web\/wp-json\/wp\/v2\/tags?post=35696"}],"curies":[{"name":"wp","href":"https:\/\/api.w.org\/{rel}","templated":true}]}}