{"id":35406,"date":"2025-07-29T01:30:28","date_gmt":"2025-07-29T01:30:28","guid":{"rendered":"https:\/\/tabernaculoprensadedios.com\/web\/?p=35406"},"modified":"2025-07-31T01:59:55","modified_gmt":"2025-07-31T01:59:55","slug":"testimonio-de-fe-y-reconciliacion-mi-hijo-volvio-al-padre-celestial-el-dia-del-padre","status":"publish","type":"post","link":"https:\/\/tabernaculoprensadedios.com\/web\/testimonio-de-fe-y-reconciliacion-mi-hijo-volvio-al-padre-celestial-el-dia-del-padre\/","title":{"rendered":"Testimonio de Fe y Reconciliaci\u00f3n: \u201cMi Hijo Volvi\u00f3 al Padre Celestial el D\u00eda del Padre\u201d"},"content":{"rendered":"<p><strong>\u201cPorque nada hay imposible para Dios.\u201d Lucas 1-37<\/strong><\/p>\n<p>Este testimonio es uno de los tantos que guardo en lo profundo de mi coraz\u00f3n, pero sin duda, es uno de los m\u00e1s especiales.<\/p>\n<p>El D\u00eda del Padre de este a\u00f1o no fue un d\u00eda cualquiera: Dios me entreg\u00f3 un fruto agradable, un regalo de reconciliaci\u00f3n.<\/p>\n<p>Mi hijo, que hab\u00eda comenzado a sufrir en silencio desde que su hermano mayor (mi primog\u00e9nito) parti\u00f3 con el Se\u00f1or hace tres a\u00f1os, volvi\u00f3 a la casa del Padre Celestial.<\/p>\n<p>Antes de alejarse, \u00e9l fue una pieza clave en el nacimiento del ministerio. Se desempe\u00f1aba como fot\u00f3grafo, editor, y llevaba el control de todas las redes. Pero un d\u00eda, con sinceridad en su mirada, me dijo:<\/p>\n<blockquote><p>\u201cTengo mucho temor de Dios. Lo que hac\u00edamos era muy sagrado. y sent\u00ed que el mismo Dios me lo quit\u00f3. No quise mezclar nada.\u201d<\/p><\/blockquote>\n<p>Entonces entend\u00ed su retiro.<\/p>\n<p>Guard\u00f3 silencio por largo tiempo. Y mientras \u00e9l callaba, yo ayunaba y oraba. Ese fue mi papel: sostenerme en fe, confiar en Dios, aunque todo pareciera imposible. Y esa promesa de Dios era para m\u00ed como un faro: una gu\u00eda constante en medio de la tormenta.<\/p>\n<p>Mi hijo ha visto todos mis procesos. Sabe del dolor, del quebranto, de las noches sin dormir. Me dec\u00eda:<\/p>\n<blockquote><p>\u201cMami, tu fe no tiene l\u00edmites. Siempre en alto. Y en paz.\u201d<\/p><\/blockquote>\n<p>Y yo le respond\u00eda:<\/p>\n<blockquote><p>\u201cHijo, hemos pasado juntos el duelo de tu padre y de tu hermano. Pero la vida de fe no depende de lo que vemos, sino de la relaci\u00f3n \u00edntima con Dios. Aunque todo parezca imposible, seguimos creyendo.\u201d<\/p><\/blockquote>\n<p>Su vers\u00edculo favorito siempre ha sido.<\/p>\n<p><strong>\u201cPorque nada hay imposible para Dios.\u201d<\/strong>\u00a0(Lucas 1:37)<\/p>\n<p>Lo m\u00e1s impactante fue lo que me dijo el s\u00e1bado, sin imaginar que el domingo, D\u00eda del Padre, estar\u00eda sentado en un banco de la Iglesia Bautista Internacional (IBI), recibiendo la Palabra de Dios en reverencia y profundo silencio.<\/p>\n<blockquote><p>\u201cMadre, no he venido con mis fuerzas. No he venido a saludar, ni a prender el celular, ni a tomar fotos, ni a ver pastores. Todo lo dej\u00e9 en el carro. He venido con una convicci\u00f3n profunda de arrepentimiento y pedirle perd\u00f3n a Dios,y de ver a m\u00ed madre sufrir por su hijo y ser testigo de que lo que t\u00fa llevas en tu coraz\u00f3n es real.\u201d<\/p><\/blockquote>\n<p>Ese fue su mejor testimonio para m\u00ed. No fueron las palabras, ni las redes, ni la emoci\u00f3n. Fue ese silencio reverente ante la presencia de Dios. Este asiento fue preparado desde el cielo.<\/p>\n<p>Luego fuimos a su casa. All\u00ed, con sus dos hijos, celebramos el nuevo comienzo. Nos abrazamos, nos perdonamos, nos gozamos. Mis nietos se re\u00edan felices. Y \u00e9l, con autoridad, les dijo:<\/p>\n<blockquote><p>\u201cA partir de hoy, tenemos una vida nueva en Cristo.\u201d<\/p><\/blockquote>\n<p>Y as\u00ed fue. Una nueva vida comenz\u00f3.<\/p>\n<p>Como aquella reflexi\u00f3n que escrib\u00ed una vez, \u201c<strong>La Esmeralda del Cielo<\/strong>\u201d, as\u00ed siento que este momento fue precioso, eterno, celestial.<\/p>\n<h3>Oraci\u00f3n de Gratitud y Reconciliaci\u00f3n<\/h3>\n<p>Se\u00f1or, gracias. Gracias por escuchar las oraciones de una madre quebrantada, por sostener mi fe cuando todo parec\u00eda perdido.<br \/>\nHoy te alabo por traer de vuelta a mi hijo, no solo a casa, sino a Ti.<br \/>\nGracias por su coraz\u00f3n sensible, por su reverencia, por el silencio santo con el que te recibi\u00f3.<br \/>\nTe ruego por cada madre que a\u00fan espera, que su clamor tambi\u00e9n encuentre respuesta.<br \/>\nRecibe mi gratitud, Se\u00f1or. Este testimonio es tuyo.<\/p>\n<p>Ese ha sido mi mejor regalo, el mejor milagro de fe:\u00a0<strong>creer<\/strong>.<\/p>\n<p>Todo se puede lograr si tienes fe, porque los milagros de Dios son para hoy y para siempre.<br \/>\nY todo se puede alcanzar por aquel que est\u00e1 dispuesto a luchar y a perseverar en sus prop\u00f3sitos hasta lograr la meta.<br \/>\nNosotras, las madres, tenemos esa responsabilidad de orar, aunque no haya respuesta inmediata.<br \/>\nNuestro rol es confiar y creer.<br \/>\nLa fe verdadera no depende del tiempo ni de las circunstancias.<br \/>\nLa fe espera en silencio.<br \/>\nLa fe insiste en oraci\u00f3n.<br \/>\nLa fe se planta en la Palabra y no se mueve, aunque todo a su alrededor tiemble.<br \/>\nPorque la fe que persevera siempre alcanza la victoria.<\/p>\n<p><strong>\u00a1Toda la gloria y honra sea para Dios!<\/strong><\/p>\n\n\t\t<div class=\"clearfix\"><\/div>\n\t\t<div class=\"about-author about-author-box container-wrapper\">\n\t\t\t<div class=\"author-avatar\">\n\t\t\t\t<img loading=\"lazy\" decoding=\"async\" src=\"https:\/\/tabernaculoprensadedios.com\/web\/wp-content\/uploads\/2023\/06\/country-3880741_1280.jpg\" alt=\"Margarita Garc\u00eda\" class=\"author-avatar-img\" width=\"111\" height=\"111\" \/>\n\t\t\t<\/div>\n\t\t\t<div class=\"author-info\">\n\t\t\t\t<h4>Margarita Garc\u00eda<\/h4>Directora del Tabern\u00e1culo Prensa de Dios\n\t\t\t<\/div>\n\t\t<\/div>\n\t\n","protected":false},"excerpt":{"rendered":"<p>\u201cPorque nada hay imposible para Dios.\u201d Lucas 1-37 Este testimonio es uno de los tantos que guardo en lo profundo de mi coraz\u00f3n, pero sin duda, es uno de los m\u00e1s especiales. El D\u00eda del Padre de este a\u00f1o no fue un d\u00eda cualquiera: Dios me entreg\u00f3 un fruto agradable, un regalo de reconciliaci\u00f3n. Mi &hellip;<\/p>\n","protected":false},"author":1,"featured_media":28361,"comment_status":"open","ping_status":"open","sticky":false,"template":"","format":"standard","meta":{"footnotes":""},"categories":[49,790],"tags":[],"class_list":["post-35406","post","type-post","status-publish","format-standard","has-post-thumbnail","hentry","category-testimonios-de-margarita","category-voz-del-tabernaculo"],"yoast_head":"<!-- This site is optimized with the Yoast SEO Premium plugin v24.2 (Yoast SEO v27.1.1) - https:\/\/yoast.com\/product\/yoast-seo-premium-wordpress\/ -->\n<title>Testimonio de Fe y Reconciliaci\u00f3n: \u201cMi Hijo Volvi\u00f3 al Padre Celestial el D\u00eda del Padre\u201d - Tabernaculo Prensa de Dios<\/title>\n<meta name=\"robots\" content=\"index, follow, max-snippet:-1, max-image-preview:large, max-video-preview:-1\" \/>\n<link rel=\"canonical\" href=\"https:\/\/tabernaculoprensadedios.com\/web\/testimonio-de-fe-y-reconciliacion-mi-hijo-volvio-al-padre-celestial-el-dia-del-padre\/\" class=\"yoast-seo-meta-tag\" \/>\n<meta property=\"og:locale\" content=\"es_ES\" class=\"yoast-seo-meta-tag\" \/>\n<meta property=\"og:type\" content=\"article\" class=\"yoast-seo-meta-tag\" \/>\n<meta property=\"og:title\" content=\"Testimonio de Fe y Reconciliaci\u00f3n: \u201cMi Hijo Volvi\u00f3 al Padre Celestial el D\u00eda del Padre\u201d\" class=\"yoast-seo-meta-tag\" \/>\n<meta property=\"og:description\" content=\"\u201cPorque nada hay imposible para Dios.\u201d Lucas 1-37 Este testimonio es uno de los tantos que guardo en lo profundo de mi coraz\u00f3n, pero sin duda, es uno de los m\u00e1s especiales. El D\u00eda del Padre de este a\u00f1o no fue un d\u00eda cualquiera: Dios me entreg\u00f3 un fruto agradable, un regalo de reconciliaci\u00f3n. Mi &hellip;\" class=\"yoast-seo-meta-tag\" \/>\n<meta property=\"og:url\" content=\"https:\/\/tabernaculoprensadedios.com\/web\/testimonio-de-fe-y-reconciliacion-mi-hijo-volvio-al-padre-celestial-el-dia-del-padre\/\" class=\"yoast-seo-meta-tag\" \/>\n<meta property=\"og:site_name\" content=\"Tabernaculo Prensa de Dios\" class=\"yoast-seo-meta-tag\" \/>\n<meta property=\"article:published_time\" content=\"2025-07-29T01:30:28+00:00\" class=\"yoast-seo-meta-tag\" \/>\n<meta property=\"article:modified_time\" content=\"2025-07-31T01:59:55+00:00\" class=\"yoast-seo-meta-tag\" \/>\n<meta property=\"og:image\" content=\"https:\/\/tabernaculoprensadedios.com\/web\/wp-content\/uploads\/2023\/06\/country-3880741_1280.jpg\" class=\"yoast-seo-meta-tag\" \/>\n\t<meta property=\"og:image:width\" content=\"1280\" class=\"yoast-seo-meta-tag\" \/>\n\t<meta property=\"og:image:height\" content=\"853\" class=\"yoast-seo-meta-tag\" \/>\n\t<meta property=\"og:image:type\" content=\"image\/jpeg\" class=\"yoast-seo-meta-tag\" \/>\n<meta name=\"author\" content=\"tabernaculo\" class=\"yoast-seo-meta-tag\" \/>\n<meta name=\"twitter:card\" content=\"summary_large_image\" class=\"yoast-seo-meta-tag\" \/>\n<meta name=\"twitter:creator\" content=\"@PrensadeDios\" class=\"yoast-seo-meta-tag\" \/>\n<meta name=\"twitter:site\" content=\"@PrensadeDios\" class=\"yoast-seo-meta-tag\" \/>\n<meta name=\"twitter:label1\" content=\"Escrito por\" class=\"yoast-seo-meta-tag\" \/>\n\t<meta name=\"twitter:data1\" content=\"tabernaculo\" class=\"yoast-seo-meta-tag\" \/>\n\t<meta name=\"twitter:label2\" content=\"Tiempo de lectura\" class=\"yoast-seo-meta-tag\" \/>\n\t<meta name=\"twitter:data2\" content=\"3 minutos\" class=\"yoast-seo-meta-tag\" \/>\n<script type=\"application\/ld+json\" class=\"yoast-schema-graph\">{\"@context\":\"https:\/\/schema.org\",\"@graph\":[{\"@type\":\"Article\",\"@id\":\"https:\/\/tabernaculoprensadedios.com\/web\/testimonio-de-fe-y-reconciliacion-mi-hijo-volvio-al-padre-celestial-el-dia-del-padre\/#article\",\"isPartOf\":{\"@id\":\"https:\/\/tabernaculoprensadedios.com\/web\/testimonio-de-fe-y-reconciliacion-mi-hijo-volvio-al-padre-celestial-el-dia-del-padre\/\"},\"author\":{\"name\":\"tabernaculo\",\"@id\":\"https:\/\/tabernaculoprensadedios.com\/web\/#\/schema\/person\/bc0e069fef56b38e177db6f098ae0b6e\"},\"headline\":\"Testimonio de Fe y Reconciliaci\u00f3n: \u201cMi Hijo Volvi\u00f3 al Padre Celestial el D\u00eda del Padre\u201d\",\"datePublished\":\"2025-07-29T01:30:28+00:00\",\"dateModified\":\"2025-07-31T01:59:55+00:00\",\"mainEntityOfPage\":{\"@id\":\"https:\/\/tabernaculoprensadedios.com\/web\/testimonio-de-fe-y-reconciliacion-mi-hijo-volvio-al-padre-celestial-el-dia-del-padre\/\"},\"wordCount\":772,\"commentCount\":1,\"publisher\":{\"@id\":\"https:\/\/tabernaculoprensadedios.com\/web\/#\/schema\/person\/bc0e069fef56b38e177db6f098ae0b6e\"},\"image\":{\"@id\":\"https:\/\/tabernaculoprensadedios.com\/web\/testimonio-de-fe-y-reconciliacion-mi-hijo-volvio-al-padre-celestial-el-dia-del-padre\/#primaryimage\"},\"thumbnailUrl\":\"https:\/\/tabernaculoprensadedios.com\/web\/wp-content\/uploads\/2023\/06\/country-3880741_1280.jpg\",\"articleSection\":[\"TESTIMONIOS DE MARGARITA\",\"Voz del Tabern\u00e1culo\"],\"inLanguage\":\"es\",\"potentialAction\":[{\"@type\":\"CommentAction\",\"name\":\"Comment\",\"target\":[\"https:\/\/tabernaculoprensadedios.com\/web\/testimonio-de-fe-y-reconciliacion-mi-hijo-volvio-al-padre-celestial-el-dia-del-padre\/#respond\"]}]},{\"@type\":\"WebPage\",\"@id\":\"https:\/\/tabernaculoprensadedios.com\/web\/testimonio-de-fe-y-reconciliacion-mi-hijo-volvio-al-padre-celestial-el-dia-del-padre\/\",\"url\":\"https:\/\/tabernaculoprensadedios.com\/web\/testimonio-de-fe-y-reconciliacion-mi-hijo-volvio-al-padre-celestial-el-dia-del-padre\/\",\"name\":\"Testimonio de Fe y Reconciliaci\u00f3n: \u201cMi Hijo Volvi\u00f3 al Padre Celestial el D\u00eda del Padre\u201d - Tabernaculo Prensa de Dios\",\"isPartOf\":{\"@id\":\"https:\/\/tabernaculoprensadedios.com\/web\/#website\"},\"primaryImageOfPage\":{\"@id\":\"https:\/\/tabernaculoprensadedios.com\/web\/testimonio-de-fe-y-reconciliacion-mi-hijo-volvio-al-padre-celestial-el-dia-del-padre\/#primaryimage\"},\"image\":{\"@id\":\"https:\/\/tabernaculoprensadedios.com\/web\/testimonio-de-fe-y-reconciliacion-mi-hijo-volvio-al-padre-celestial-el-dia-del-padre\/#primaryimage\"},\"thumbnailUrl\":\"https:\/\/tabernaculoprensadedios.com\/web\/wp-content\/uploads\/2023\/06\/country-3880741_1280.jpg\",\"datePublished\":\"2025-07-29T01:30:28+00:00\",\"dateModified\":\"2025-07-31T01:59:55+00:00\",\"breadcrumb\":{\"@id\":\"https:\/\/tabernaculoprensadedios.com\/web\/testimonio-de-fe-y-reconciliacion-mi-hijo-volvio-al-padre-celestial-el-dia-del-padre\/#breadcrumb\"},\"inLanguage\":\"es\",\"potentialAction\":[{\"@type\":\"ReadAction\",\"target\":[\"https:\/\/tabernaculoprensadedios.com\/web\/testimonio-de-fe-y-reconciliacion-mi-hijo-volvio-al-padre-celestial-el-dia-del-padre\/\"]}]},{\"@type\":\"ImageObject\",\"inLanguage\":\"es\",\"@id\":\"https:\/\/tabernaculoprensadedios.com\/web\/testimonio-de-fe-y-reconciliacion-mi-hijo-volvio-al-padre-celestial-el-dia-del-padre\/#primaryimage\",\"url\":\"https:\/\/tabernaculoprensadedios.com\/web\/wp-content\/uploads\/2023\/06\/country-3880741_1280.jpg\",\"contentUrl\":\"https:\/\/tabernaculoprensadedios.com\/web\/wp-content\/uploads\/2023\/06\/country-3880741_1280.jpg\",\"width\":1280,\"height\":853},{\"@type\":\"BreadcrumbList\",\"@id\":\"https:\/\/tabernaculoprensadedios.com\/web\/testimonio-de-fe-y-reconciliacion-mi-hijo-volvio-al-padre-celestial-el-dia-del-padre\/#breadcrumb\",\"itemListElement\":[{\"@type\":\"ListItem\",\"position\":1,\"name\":\"Portada\",\"item\":\"https:\/\/tabernaculoprensadedios.com\/web\/\"},{\"@type\":\"ListItem\",\"position\":2,\"name\":\"Testimonio de Fe y Reconciliaci\u00f3n: \u201cMi Hijo Volvi\u00f3 al Padre Celestial el D\u00eda del Padre\u201d\"}]},{\"@type\":\"WebSite\",\"@id\":\"https:\/\/tabernaculoprensadedios.com\/web\/#website\",\"url\":\"https:\/\/tabernaculoprensadedios.com\/web\/\",\"name\":\"Tabernaculo Prensa de Dios\",\"description\":\"Un medio a la manera de Dios\",\"publisher\":{\"@id\":\"https:\/\/tabernaculoprensadedios.com\/web\/#\/schema\/person\/bc0e069fef56b38e177db6f098ae0b6e\"},\"potentialAction\":[{\"@type\":\"SearchAction\",\"target\":{\"@type\":\"EntryPoint\",\"urlTemplate\":\"https:\/\/tabernaculoprensadedios.com\/web\/?s={search_term_string}\"},\"query-input\":{\"@type\":\"PropertyValueSpecification\",\"valueRequired\":true,\"valueName\":\"search_term_string\"}}],\"inLanguage\":\"es\"},{\"@type\":[\"Person\",\"Organization\"],\"@id\":\"https:\/\/tabernaculoprensadedios.com\/web\/#\/schema\/person\/bc0e069fef56b38e177db6f098ae0b6e\",\"name\":\"tabernaculo\",\"image\":{\"@type\":\"ImageObject\",\"inLanguage\":\"es\",\"@id\":\"https:\/\/tabernaculoprensadedios.com\/web\/#\/schema\/person\/image\/\",\"url\":\"https:\/\/tabernaculoprensadedios.com\/web\/wp-content\/uploads\/2015\/06\/login-logo1.png\",\"contentUrl\":\"https:\/\/tabernaculoprensadedios.com\/web\/wp-content\/uploads\/2015\/06\/login-logo1.png\",\"width\":300,\"height\":118,\"caption\":\"tabernaculo\"},\"logo\":{\"@id\":\"https:\/\/tabernaculoprensadedios.com\/web\/#\/schema\/person\/image\/\"},\"url\":\"https:\/\/tabernaculoprensadedios.com\/web\/author\/tabernaculo\/\"}]}<\/script>\n<!-- \/ Yoast SEO Premium plugin. -->","yoast_head_json":{"title":"Testimonio de Fe y Reconciliaci\u00f3n: \u201cMi Hijo Volvi\u00f3 al Padre Celestial el D\u00eda del Padre\u201d - Tabernaculo Prensa de Dios","robots":{"index":"index","follow":"follow","max-snippet":"max-snippet:-1","max-image-preview":"max-image-preview:large","max-video-preview":"max-video-preview:-1"},"canonical":"https:\/\/tabernaculoprensadedios.com\/web\/testimonio-de-fe-y-reconciliacion-mi-hijo-volvio-al-padre-celestial-el-dia-del-padre\/","og_locale":"es_ES","og_type":"article","og_title":"Testimonio de Fe y Reconciliaci\u00f3n: \u201cMi Hijo Volvi\u00f3 al Padre Celestial el D\u00eda del Padre\u201d","og_description":"\u201cPorque nada hay imposible para Dios.\u201d Lucas 1-37 Este testimonio es uno de los tantos que guardo en lo profundo de mi coraz\u00f3n, pero sin duda, es uno de los m\u00e1s especiales. El D\u00eda del Padre de este a\u00f1o no fue un d\u00eda cualquiera: Dios me entreg\u00f3 un fruto agradable, un regalo de reconciliaci\u00f3n. Mi &hellip;","og_url":"https:\/\/tabernaculoprensadedios.com\/web\/testimonio-de-fe-y-reconciliacion-mi-hijo-volvio-al-padre-celestial-el-dia-del-padre\/","og_site_name":"Tabernaculo Prensa de Dios","article_published_time":"2025-07-29T01:30:28+00:00","article_modified_time":"2025-07-31T01:59:55+00:00","og_image":[{"width":1280,"height":853,"url":"https:\/\/tabernaculoprensadedios.com\/web\/wp-content\/uploads\/2023\/06\/country-3880741_1280.jpg","type":"image\/jpeg"}],"author":"tabernaculo","twitter_card":"summary_large_image","twitter_creator":"@PrensadeDios","twitter_site":"@PrensadeDios","twitter_misc":{"Escrito por":"tabernaculo","Tiempo de lectura":"3 minutos"},"schema":{"@context":"https:\/\/schema.org","@graph":[{"@type":"Article","@id":"https:\/\/tabernaculoprensadedios.com\/web\/testimonio-de-fe-y-reconciliacion-mi-hijo-volvio-al-padre-celestial-el-dia-del-padre\/#article","isPartOf":{"@id":"https:\/\/tabernaculoprensadedios.com\/web\/testimonio-de-fe-y-reconciliacion-mi-hijo-volvio-al-padre-celestial-el-dia-del-padre\/"},"author":{"name":"tabernaculo","@id":"https:\/\/tabernaculoprensadedios.com\/web\/#\/schema\/person\/bc0e069fef56b38e177db6f098ae0b6e"},"headline":"Testimonio de Fe y Reconciliaci\u00f3n: \u201cMi Hijo Volvi\u00f3 al Padre Celestial el D\u00eda del Padre\u201d","datePublished":"2025-07-29T01:30:28+00:00","dateModified":"2025-07-31T01:59:55+00:00","mainEntityOfPage":{"@id":"https:\/\/tabernaculoprensadedios.com\/web\/testimonio-de-fe-y-reconciliacion-mi-hijo-volvio-al-padre-celestial-el-dia-del-padre\/"},"wordCount":772,"commentCount":1,"publisher":{"@id":"https:\/\/tabernaculoprensadedios.com\/web\/#\/schema\/person\/bc0e069fef56b38e177db6f098ae0b6e"},"image":{"@id":"https:\/\/tabernaculoprensadedios.com\/web\/testimonio-de-fe-y-reconciliacion-mi-hijo-volvio-al-padre-celestial-el-dia-del-padre\/#primaryimage"},"thumbnailUrl":"https:\/\/tabernaculoprensadedios.com\/web\/wp-content\/uploads\/2023\/06\/country-3880741_1280.jpg","articleSection":["TESTIMONIOS DE MARGARITA","Voz del Tabern\u00e1culo"],"inLanguage":"es","potentialAction":[{"@type":"CommentAction","name":"Comment","target":["https:\/\/tabernaculoprensadedios.com\/web\/testimonio-de-fe-y-reconciliacion-mi-hijo-volvio-al-padre-celestial-el-dia-del-padre\/#respond"]}]},{"@type":"WebPage","@id":"https:\/\/tabernaculoprensadedios.com\/web\/testimonio-de-fe-y-reconciliacion-mi-hijo-volvio-al-padre-celestial-el-dia-del-padre\/","url":"https:\/\/tabernaculoprensadedios.com\/web\/testimonio-de-fe-y-reconciliacion-mi-hijo-volvio-al-padre-celestial-el-dia-del-padre\/","name":"Testimonio de Fe y Reconciliaci\u00f3n: \u201cMi Hijo Volvi\u00f3 al Padre Celestial el D\u00eda del Padre\u201d - Tabernaculo Prensa de Dios","isPartOf":{"@id":"https:\/\/tabernaculoprensadedios.com\/web\/#website"},"primaryImageOfPage":{"@id":"https:\/\/tabernaculoprensadedios.com\/web\/testimonio-de-fe-y-reconciliacion-mi-hijo-volvio-al-padre-celestial-el-dia-del-padre\/#primaryimage"},"image":{"@id":"https:\/\/tabernaculoprensadedios.com\/web\/testimonio-de-fe-y-reconciliacion-mi-hijo-volvio-al-padre-celestial-el-dia-del-padre\/#primaryimage"},"thumbnailUrl":"https:\/\/tabernaculoprensadedios.com\/web\/wp-content\/uploads\/2023\/06\/country-3880741_1280.jpg","datePublished":"2025-07-29T01:30:28+00:00","dateModified":"2025-07-31T01:59:55+00:00","breadcrumb":{"@id":"https:\/\/tabernaculoprensadedios.com\/web\/testimonio-de-fe-y-reconciliacion-mi-hijo-volvio-al-padre-celestial-el-dia-del-padre\/#breadcrumb"},"inLanguage":"es","potentialAction":[{"@type":"ReadAction","target":["https:\/\/tabernaculoprensadedios.com\/web\/testimonio-de-fe-y-reconciliacion-mi-hijo-volvio-al-padre-celestial-el-dia-del-padre\/"]}]},{"@type":"ImageObject","inLanguage":"es","@id":"https:\/\/tabernaculoprensadedios.com\/web\/testimonio-de-fe-y-reconciliacion-mi-hijo-volvio-al-padre-celestial-el-dia-del-padre\/#primaryimage","url":"https:\/\/tabernaculoprensadedios.com\/web\/wp-content\/uploads\/2023\/06\/country-3880741_1280.jpg","contentUrl":"https:\/\/tabernaculoprensadedios.com\/web\/wp-content\/uploads\/2023\/06\/country-3880741_1280.jpg","width":1280,"height":853},{"@type":"BreadcrumbList","@id":"https:\/\/tabernaculoprensadedios.com\/web\/testimonio-de-fe-y-reconciliacion-mi-hijo-volvio-al-padre-celestial-el-dia-del-padre\/#breadcrumb","itemListElement":[{"@type":"ListItem","position":1,"name":"Portada","item":"https:\/\/tabernaculoprensadedios.com\/web\/"},{"@type":"ListItem","position":2,"name":"Testimonio de Fe y Reconciliaci\u00f3n: \u201cMi Hijo Volvi\u00f3 al Padre Celestial el D\u00eda del Padre\u201d"}]},{"@type":"WebSite","@id":"https:\/\/tabernaculoprensadedios.com\/web\/#website","url":"https:\/\/tabernaculoprensadedios.com\/web\/","name":"Tabernaculo Prensa de Dios","description":"Un medio a la manera de Dios","publisher":{"@id":"https:\/\/tabernaculoprensadedios.com\/web\/#\/schema\/person\/bc0e069fef56b38e177db6f098ae0b6e"},"potentialAction":[{"@type":"SearchAction","target":{"@type":"EntryPoint","urlTemplate":"https:\/\/tabernaculoprensadedios.com\/web\/?s={search_term_string}"},"query-input":{"@type":"PropertyValueSpecification","valueRequired":true,"valueName":"search_term_string"}}],"inLanguage":"es"},{"@type":["Person","Organization"],"@id":"https:\/\/tabernaculoprensadedios.com\/web\/#\/schema\/person\/bc0e069fef56b38e177db6f098ae0b6e","name":"tabernaculo","image":{"@type":"ImageObject","inLanguage":"es","@id":"https:\/\/tabernaculoprensadedios.com\/web\/#\/schema\/person\/image\/","url":"https:\/\/tabernaculoprensadedios.com\/web\/wp-content\/uploads\/2015\/06\/login-logo1.png","contentUrl":"https:\/\/tabernaculoprensadedios.com\/web\/wp-content\/uploads\/2015\/06\/login-logo1.png","width":300,"height":118,"caption":"tabernaculo"},"logo":{"@id":"https:\/\/tabernaculoprensadedios.com\/web\/#\/schema\/person\/image\/"},"url":"https:\/\/tabernaculoprensadedios.com\/web\/author\/tabernaculo\/"}]}},"_links":{"self":[{"href":"https:\/\/tabernaculoprensadedios.com\/web\/wp-json\/wp\/v2\/posts\/35406","targetHints":{"allow":["GET"]}}],"collection":[{"href":"https:\/\/tabernaculoprensadedios.com\/web\/wp-json\/wp\/v2\/posts"}],"about":[{"href":"https:\/\/tabernaculoprensadedios.com\/web\/wp-json\/wp\/v2\/types\/post"}],"author":[{"embeddable":true,"href":"https:\/\/tabernaculoprensadedios.com\/web\/wp-json\/wp\/v2\/users\/1"}],"replies":[{"embeddable":true,"href":"https:\/\/tabernaculoprensadedios.com\/web\/wp-json\/wp\/v2\/comments?post=35406"}],"version-history":[{"count":1,"href":"https:\/\/tabernaculoprensadedios.com\/web\/wp-json\/wp\/v2\/posts\/35406\/revisions"}],"predecessor-version":[{"id":35407,"href":"https:\/\/tabernaculoprensadedios.com\/web\/wp-json\/wp\/v2\/posts\/35406\/revisions\/35407"}],"wp:featuredmedia":[{"embeddable":true,"href":"https:\/\/tabernaculoprensadedios.com\/web\/wp-json\/wp\/v2\/media\/28361"}],"wp:attachment":[{"href":"https:\/\/tabernaculoprensadedios.com\/web\/wp-json\/wp\/v2\/media?parent=35406"}],"wp:term":[{"taxonomy":"category","embeddable":true,"href":"https:\/\/tabernaculoprensadedios.com\/web\/wp-json\/wp\/v2\/categories?post=35406"},{"taxonomy":"post_tag","embeddable":true,"href":"https:\/\/tabernaculoprensadedios.com\/web\/wp-json\/wp\/v2\/tags?post=35406"}],"curies":[{"name":"wp","href":"https:\/\/api.w.org\/{rel}","templated":true}]}}