{"id":35399,"date":"2025-07-24T13:19:20","date_gmt":"2025-07-24T13:19:20","guid":{"rendered":"https:\/\/tabernaculoprensadedios.com\/web\/?p=35399"},"modified":"2025-07-29T01:56:38","modified_gmt":"2025-07-29T01:56:38","slug":"la-mesa-de-dialogo-y-representacion-cristiana-rechaza-intento-de-judicializar-a-las-iglesias","status":"publish","type":"post","link":"https:\/\/tabernaculoprensadedios.com\/web\/la-mesa-de-dialogo-y-representacion-cristiana-rechaza-intento-de-judicializar-a-las-iglesias\/","title":{"rendered":"La Mesa de Di\u00e1logo y Representaci\u00f3n Cristiana rechaza intento de judicializar a las iglesias"},"content":{"rendered":"<p>La <em>Mesa de Di\u00e1logo y Representaci\u00f3n Cristiana<\/em>, coordinada por el <strong>Obispo Reynaldo Franco Aquino<\/strong>, manifiesta su firme rechazo a toda intenci\u00f3n de penalizar a las iglesias por acciones individuales cometidas por alguno de sus miembros.<\/p>\n<blockquote><p><strong>\u201c<\/strong>No se puede responsabilizar a una comunidad de fe entera por decisiones personales que no representan sus principios ni su misi\u00f3n.<strong>\u201d<\/strong><\/p><\/blockquote>\n<p>La propuesta de incluir un p\u00e1rrafo en el art\u00edculo 14 del C\u00f3digo Penal que responsabilice a instituciones religiosas por actos aislados representa una seria amenaza a la <strong>libertad religiosa<\/strong>, al respeto institucional y al principio fundamental de <strong>responsabilidad penal individual<\/strong>.<\/p>\n<p>Las iglesias han sido, y contin\u00faan siendo, <strong>espacios de transformaci\u00f3n, consuelo y servicio<\/strong> para la sociedad dominicana. Pretender judicializarlas por faltas individuales es una generalizaci\u00f3n injusta y un ataque directo a su dignidad.<\/p>\n<p>La Mesa de Di\u00e1logo hace un <strong>llamado claro al Congreso Nacional<\/strong>:<br \/>\nEliminar de inmediato ese p\u00e1rrafo propuesto, y evitar que una legislaci\u00f3n mal planteada afecte a las congregaciones que, por d\u00e9cadas, han trabajado por el bien com\u00fan.<\/p>\n<blockquote><p><em>\u201cDefender la fe es tambi\u00e9n defender el derecho de las iglesias a servir con dignidad y libertad, sin ser amordazadas por la ley.\u201d<\/em><\/p><\/blockquote>\n","protected":false},"excerpt":{"rendered":"<p>La Mesa de Di\u00e1logo y Representaci\u00f3n Cristiana, coordinada por el Obispo Reynaldo Franco Aquino, manifiesta su firme rechazo a toda intenci\u00f3n de penalizar a las iglesias por acciones individuales cometidas por alguno de sus miembros. \u201cNo se puede responsabilizar a una comunidad de fe entera por decisiones personales que no representan sus principios ni su &hellip;<\/p>\n","protected":false},"author":1,"featured_media":35400,"comment_status":"open","ping_status":"open","sticky":false,"template":"","format":"standard","meta":{"footnotes":""},"categories":[1],"tags":[],"class_list":["post-35399","post","type-post","status-publish","format-standard","has-post-thumbnail","hentry","category-sin-categoria"],"yoast_head":"<!-- This site is optimized with the Yoast SEO Premium plugin v24.2 (Yoast SEO v27.1.1) - https:\/\/yoast.com\/product\/yoast-seo-premium-wordpress\/ -->\n<title>La Mesa de Di\u00e1logo y Representaci\u00f3n Cristiana rechaza intento de judicializar a las iglesias - Tabernaculo Prensa de Dios<\/title>\n<meta name=\"robots\" content=\"index, follow, max-snippet:-1, max-image-preview:large, max-video-preview:-1\" \/>\n<link rel=\"canonical\" href=\"https:\/\/tabernaculoprensadedios.com\/web\/la-mesa-de-dialogo-y-representacion-cristiana-rechaza-intento-de-judicializar-a-las-iglesias\/\" class=\"yoast-seo-meta-tag\" \/>\n<meta property=\"og:locale\" content=\"es_ES\" class=\"yoast-seo-meta-tag\" \/>\n<meta property=\"og:type\" content=\"article\" class=\"yoast-seo-meta-tag\" \/>\n<meta property=\"og:title\" content=\"La Mesa de Di\u00e1logo y Representaci\u00f3n Cristiana rechaza intento de judicializar a las iglesias\" class=\"yoast-seo-meta-tag\" \/>\n<meta property=\"og:description\" content=\"La Mesa de Di\u00e1logo y Representaci\u00f3n Cristiana, coordinada por el Obispo Reynaldo Franco Aquino, manifiesta su firme rechazo a toda intenci\u00f3n de penalizar a las iglesias por acciones individuales cometidas por alguno de sus miembros. \u201cNo se puede responsabilizar a una comunidad de fe entera por decisiones personales que no representan sus principios ni su &hellip;\" class=\"yoast-seo-meta-tag\" \/>\n<meta property=\"og:url\" content=\"https:\/\/tabernaculoprensadedios.com\/web\/la-mesa-de-dialogo-y-representacion-cristiana-rechaza-intento-de-judicializar-a-las-iglesias\/\" class=\"yoast-seo-meta-tag\" \/>\n<meta property=\"og:site_name\" content=\"Tabernaculo Prensa de Dios\" class=\"yoast-seo-meta-tag\" \/>\n<meta property=\"article:published_time\" content=\"2025-07-24T13:19:20+00:00\" class=\"yoast-seo-meta-tag\" \/>\n<meta property=\"article:modified_time\" content=\"2025-07-29T01:56:38+00:00\" class=\"yoast-seo-meta-tag\" \/>\n<meta property=\"og:image\" content=\"https:\/\/tabernaculoprensadedios.com\/web\/wp-content\/uploads\/2025\/07\/obispo-Reynaldo-Franco-Aquino-640x427-1.avif\" class=\"yoast-seo-meta-tag\" \/>\n\t<meta property=\"og:image:width\" content=\"640\" class=\"yoast-seo-meta-tag\" \/>\n\t<meta property=\"og:image:height\" content=\"427\" class=\"yoast-seo-meta-tag\" \/>\n\t<meta property=\"og:image:type\" content=\"image\/jpeg\" class=\"yoast-seo-meta-tag\" \/>\n<meta name=\"author\" content=\"tabernaculo\" class=\"yoast-seo-meta-tag\" \/>\n<meta name=\"twitter:card\" content=\"summary_large_image\" class=\"yoast-seo-meta-tag\" \/>\n<meta name=\"twitter:creator\" content=\"@PrensadeDios\" class=\"yoast-seo-meta-tag\" \/>\n<meta name=\"twitter:site\" content=\"@PrensadeDios\" class=\"yoast-seo-meta-tag\" \/>\n<meta name=\"twitter:label1\" content=\"Escrito por\" class=\"yoast-seo-meta-tag\" \/>\n\t<meta name=\"twitter:data1\" content=\"tabernaculo\" class=\"yoast-seo-meta-tag\" \/>\n\t<meta name=\"twitter:label2\" content=\"Tiempo de lectura\" class=\"yoast-seo-meta-tag\" \/>\n\t<meta name=\"twitter:data2\" content=\"1 minuto\" class=\"yoast-seo-meta-tag\" \/>\n<script type=\"application\/ld+json\" class=\"yoast-schema-graph\">{\"@context\":\"https:\/\/schema.org\",\"@graph\":[{\"@type\":\"Article\",\"@id\":\"https:\/\/tabernaculoprensadedios.com\/web\/la-mesa-de-dialogo-y-representacion-cristiana-rechaza-intento-de-judicializar-a-las-iglesias\/#article\",\"isPartOf\":{\"@id\":\"https:\/\/tabernaculoprensadedios.com\/web\/la-mesa-de-dialogo-y-representacion-cristiana-rechaza-intento-de-judicializar-a-las-iglesias\/\"},\"author\":{\"name\":\"tabernaculo\",\"@id\":\"https:\/\/tabernaculoprensadedios.com\/web\/#\/schema\/person\/bc0e069fef56b38e177db6f098ae0b6e\"},\"headline\":\"La Mesa de Di\u00e1logo y Representaci\u00f3n Cristiana rechaza intento de judicializar a las iglesias\",\"datePublished\":\"2025-07-24T13:19:20+00:00\",\"dateModified\":\"2025-07-29T01:56:38+00:00\",\"mainEntityOfPage\":{\"@id\":\"https:\/\/tabernaculoprensadedios.com\/web\/la-mesa-de-dialogo-y-representacion-cristiana-rechaza-intento-de-judicializar-a-las-iglesias\/\"},\"wordCount\":220,\"commentCount\":0,\"publisher\":{\"@id\":\"https:\/\/tabernaculoprensadedios.com\/web\/#\/schema\/person\/bc0e069fef56b38e177db6f098ae0b6e\"},\"image\":{\"@id\":\"https:\/\/tabernaculoprensadedios.com\/web\/la-mesa-de-dialogo-y-representacion-cristiana-rechaza-intento-de-judicializar-a-las-iglesias\/#primaryimage\"},\"thumbnailUrl\":\"https:\/\/tabernaculoprensadedios.com\/web\/wp-content\/uploads\/2025\/07\/obispo-Reynaldo-Franco-Aquino-640x427-1.avif\",\"inLanguage\":\"es\",\"potentialAction\":[{\"@type\":\"CommentAction\",\"name\":\"Comment\",\"target\":[\"https:\/\/tabernaculoprensadedios.com\/web\/la-mesa-de-dialogo-y-representacion-cristiana-rechaza-intento-de-judicializar-a-las-iglesias\/#respond\"]}]},{\"@type\":\"WebPage\",\"@id\":\"https:\/\/tabernaculoprensadedios.com\/web\/la-mesa-de-dialogo-y-representacion-cristiana-rechaza-intento-de-judicializar-a-las-iglesias\/\",\"url\":\"https:\/\/tabernaculoprensadedios.com\/web\/la-mesa-de-dialogo-y-representacion-cristiana-rechaza-intento-de-judicializar-a-las-iglesias\/\",\"name\":\"La Mesa de Di\u00e1logo y Representaci\u00f3n Cristiana rechaza intento de judicializar a las iglesias - Tabernaculo Prensa de Dios\",\"isPartOf\":{\"@id\":\"https:\/\/tabernaculoprensadedios.com\/web\/#website\"},\"primaryImageOfPage\":{\"@id\":\"https:\/\/tabernaculoprensadedios.com\/web\/la-mesa-de-dialogo-y-representacion-cristiana-rechaza-intento-de-judicializar-a-las-iglesias\/#primaryimage\"},\"image\":{\"@id\":\"https:\/\/tabernaculoprensadedios.com\/web\/la-mesa-de-dialogo-y-representacion-cristiana-rechaza-intento-de-judicializar-a-las-iglesias\/#primaryimage\"},\"thumbnailUrl\":\"https:\/\/tabernaculoprensadedios.com\/web\/wp-content\/uploads\/2025\/07\/obispo-Reynaldo-Franco-Aquino-640x427-1.avif\",\"datePublished\":\"2025-07-24T13:19:20+00:00\",\"dateModified\":\"2025-07-29T01:56:38+00:00\",\"breadcrumb\":{\"@id\":\"https:\/\/tabernaculoprensadedios.com\/web\/la-mesa-de-dialogo-y-representacion-cristiana-rechaza-intento-de-judicializar-a-las-iglesias\/#breadcrumb\"},\"inLanguage\":\"es\",\"potentialAction\":[{\"@type\":\"ReadAction\",\"target\":[\"https:\/\/tabernaculoprensadedios.com\/web\/la-mesa-de-dialogo-y-representacion-cristiana-rechaza-intento-de-judicializar-a-las-iglesias\/\"]}]},{\"@type\":\"ImageObject\",\"inLanguage\":\"es\",\"@id\":\"https:\/\/tabernaculoprensadedios.com\/web\/la-mesa-de-dialogo-y-representacion-cristiana-rechaza-intento-de-judicializar-a-las-iglesias\/#primaryimage\",\"url\":\"https:\/\/tabernaculoprensadedios.com\/web\/wp-content\/uploads\/2025\/07\/obispo-Reynaldo-Franco-Aquino-640x427-1.avif\",\"contentUrl\":\"https:\/\/tabernaculoprensadedios.com\/web\/wp-content\/uploads\/2025\/07\/obispo-Reynaldo-Franco-Aquino-640x427-1.avif\",\"width\":640,\"height\":427},{\"@type\":\"BreadcrumbList\",\"@id\":\"https:\/\/tabernaculoprensadedios.com\/web\/la-mesa-de-dialogo-y-representacion-cristiana-rechaza-intento-de-judicializar-a-las-iglesias\/#breadcrumb\",\"itemListElement\":[{\"@type\":\"ListItem\",\"position\":1,\"name\":\"Portada\",\"item\":\"https:\/\/tabernaculoprensadedios.com\/web\/\"},{\"@type\":\"ListItem\",\"position\":2,\"name\":\"La Mesa de Di\u00e1logo y Representaci\u00f3n Cristiana rechaza intento de judicializar a las iglesias\"}]},{\"@type\":\"WebSite\",\"@id\":\"https:\/\/tabernaculoprensadedios.com\/web\/#website\",\"url\":\"https:\/\/tabernaculoprensadedios.com\/web\/\",\"name\":\"Tabernaculo Prensa de Dios\",\"description\":\"Un medio a la manera de Dios\",\"publisher\":{\"@id\":\"https:\/\/tabernaculoprensadedios.com\/web\/#\/schema\/person\/bc0e069fef56b38e177db6f098ae0b6e\"},\"potentialAction\":[{\"@type\":\"SearchAction\",\"target\":{\"@type\":\"EntryPoint\",\"urlTemplate\":\"https:\/\/tabernaculoprensadedios.com\/web\/?s={search_term_string}\"},\"query-input\":{\"@type\":\"PropertyValueSpecification\",\"valueRequired\":true,\"valueName\":\"search_term_string\"}}],\"inLanguage\":\"es\"},{\"@type\":[\"Person\",\"Organization\"],\"@id\":\"https:\/\/tabernaculoprensadedios.com\/web\/#\/schema\/person\/bc0e069fef56b38e177db6f098ae0b6e\",\"name\":\"tabernaculo\",\"image\":{\"@type\":\"ImageObject\",\"inLanguage\":\"es\",\"@id\":\"https:\/\/tabernaculoprensadedios.com\/web\/#\/schema\/person\/image\/\",\"url\":\"https:\/\/tabernaculoprensadedios.com\/web\/wp-content\/uploads\/2015\/06\/login-logo1.png\",\"contentUrl\":\"https:\/\/tabernaculoprensadedios.com\/web\/wp-content\/uploads\/2015\/06\/login-logo1.png\",\"width\":300,\"height\":118,\"caption\":\"tabernaculo\"},\"logo\":{\"@id\":\"https:\/\/tabernaculoprensadedios.com\/web\/#\/schema\/person\/image\/\"},\"url\":\"https:\/\/tabernaculoprensadedios.com\/web\/author\/tabernaculo\/\"}]}<\/script>\n<!-- \/ Yoast SEO Premium plugin. -->","yoast_head_json":{"title":"La Mesa de Di\u00e1logo y Representaci\u00f3n Cristiana rechaza intento de judicializar a las iglesias - Tabernaculo Prensa de Dios","robots":{"index":"index","follow":"follow","max-snippet":"max-snippet:-1","max-image-preview":"max-image-preview:large","max-video-preview":"max-video-preview:-1"},"canonical":"https:\/\/tabernaculoprensadedios.com\/web\/la-mesa-de-dialogo-y-representacion-cristiana-rechaza-intento-de-judicializar-a-las-iglesias\/","og_locale":"es_ES","og_type":"article","og_title":"La Mesa de Di\u00e1logo y Representaci\u00f3n Cristiana rechaza intento de judicializar a las iglesias","og_description":"La Mesa de Di\u00e1logo y Representaci\u00f3n Cristiana, coordinada por el Obispo Reynaldo Franco Aquino, manifiesta su firme rechazo a toda intenci\u00f3n de penalizar a las iglesias por acciones individuales cometidas por alguno de sus miembros. \u201cNo se puede responsabilizar a una comunidad de fe entera por decisiones personales que no representan sus principios ni su &hellip;","og_url":"https:\/\/tabernaculoprensadedios.com\/web\/la-mesa-de-dialogo-y-representacion-cristiana-rechaza-intento-de-judicializar-a-las-iglesias\/","og_site_name":"Tabernaculo Prensa de Dios","article_published_time":"2025-07-24T13:19:20+00:00","article_modified_time":"2025-07-29T01:56:38+00:00","og_image":[{"width":640,"height":427,"url":"https:\/\/tabernaculoprensadedios.com\/web\/wp-content\/uploads\/2025\/07\/obispo-Reynaldo-Franco-Aquino-640x427-1.avif","type":"image\/jpeg"}],"author":"tabernaculo","twitter_card":"summary_large_image","twitter_creator":"@PrensadeDios","twitter_site":"@PrensadeDios","twitter_misc":{"Escrito por":"tabernaculo","Tiempo de lectura":"1 minuto"},"schema":{"@context":"https:\/\/schema.org","@graph":[{"@type":"Article","@id":"https:\/\/tabernaculoprensadedios.com\/web\/la-mesa-de-dialogo-y-representacion-cristiana-rechaza-intento-de-judicializar-a-las-iglesias\/#article","isPartOf":{"@id":"https:\/\/tabernaculoprensadedios.com\/web\/la-mesa-de-dialogo-y-representacion-cristiana-rechaza-intento-de-judicializar-a-las-iglesias\/"},"author":{"name":"tabernaculo","@id":"https:\/\/tabernaculoprensadedios.com\/web\/#\/schema\/person\/bc0e069fef56b38e177db6f098ae0b6e"},"headline":"La Mesa de Di\u00e1logo y Representaci\u00f3n Cristiana rechaza intento de judicializar a las iglesias","datePublished":"2025-07-24T13:19:20+00:00","dateModified":"2025-07-29T01:56:38+00:00","mainEntityOfPage":{"@id":"https:\/\/tabernaculoprensadedios.com\/web\/la-mesa-de-dialogo-y-representacion-cristiana-rechaza-intento-de-judicializar-a-las-iglesias\/"},"wordCount":220,"commentCount":0,"publisher":{"@id":"https:\/\/tabernaculoprensadedios.com\/web\/#\/schema\/person\/bc0e069fef56b38e177db6f098ae0b6e"},"image":{"@id":"https:\/\/tabernaculoprensadedios.com\/web\/la-mesa-de-dialogo-y-representacion-cristiana-rechaza-intento-de-judicializar-a-las-iglesias\/#primaryimage"},"thumbnailUrl":"https:\/\/tabernaculoprensadedios.com\/web\/wp-content\/uploads\/2025\/07\/obispo-Reynaldo-Franco-Aquino-640x427-1.avif","inLanguage":"es","potentialAction":[{"@type":"CommentAction","name":"Comment","target":["https:\/\/tabernaculoprensadedios.com\/web\/la-mesa-de-dialogo-y-representacion-cristiana-rechaza-intento-de-judicializar-a-las-iglesias\/#respond"]}]},{"@type":"WebPage","@id":"https:\/\/tabernaculoprensadedios.com\/web\/la-mesa-de-dialogo-y-representacion-cristiana-rechaza-intento-de-judicializar-a-las-iglesias\/","url":"https:\/\/tabernaculoprensadedios.com\/web\/la-mesa-de-dialogo-y-representacion-cristiana-rechaza-intento-de-judicializar-a-las-iglesias\/","name":"La Mesa de Di\u00e1logo y Representaci\u00f3n Cristiana rechaza intento de judicializar a las iglesias - Tabernaculo Prensa de Dios","isPartOf":{"@id":"https:\/\/tabernaculoprensadedios.com\/web\/#website"},"primaryImageOfPage":{"@id":"https:\/\/tabernaculoprensadedios.com\/web\/la-mesa-de-dialogo-y-representacion-cristiana-rechaza-intento-de-judicializar-a-las-iglesias\/#primaryimage"},"image":{"@id":"https:\/\/tabernaculoprensadedios.com\/web\/la-mesa-de-dialogo-y-representacion-cristiana-rechaza-intento-de-judicializar-a-las-iglesias\/#primaryimage"},"thumbnailUrl":"https:\/\/tabernaculoprensadedios.com\/web\/wp-content\/uploads\/2025\/07\/obispo-Reynaldo-Franco-Aquino-640x427-1.avif","datePublished":"2025-07-24T13:19:20+00:00","dateModified":"2025-07-29T01:56:38+00:00","breadcrumb":{"@id":"https:\/\/tabernaculoprensadedios.com\/web\/la-mesa-de-dialogo-y-representacion-cristiana-rechaza-intento-de-judicializar-a-las-iglesias\/#breadcrumb"},"inLanguage":"es","potentialAction":[{"@type":"ReadAction","target":["https:\/\/tabernaculoprensadedios.com\/web\/la-mesa-de-dialogo-y-representacion-cristiana-rechaza-intento-de-judicializar-a-las-iglesias\/"]}]},{"@type":"ImageObject","inLanguage":"es","@id":"https:\/\/tabernaculoprensadedios.com\/web\/la-mesa-de-dialogo-y-representacion-cristiana-rechaza-intento-de-judicializar-a-las-iglesias\/#primaryimage","url":"https:\/\/tabernaculoprensadedios.com\/web\/wp-content\/uploads\/2025\/07\/obispo-Reynaldo-Franco-Aquino-640x427-1.avif","contentUrl":"https:\/\/tabernaculoprensadedios.com\/web\/wp-content\/uploads\/2025\/07\/obispo-Reynaldo-Franco-Aquino-640x427-1.avif","width":640,"height":427},{"@type":"BreadcrumbList","@id":"https:\/\/tabernaculoprensadedios.com\/web\/la-mesa-de-dialogo-y-representacion-cristiana-rechaza-intento-de-judicializar-a-las-iglesias\/#breadcrumb","itemListElement":[{"@type":"ListItem","position":1,"name":"Portada","item":"https:\/\/tabernaculoprensadedios.com\/web\/"},{"@type":"ListItem","position":2,"name":"La Mesa de Di\u00e1logo y Representaci\u00f3n Cristiana rechaza intento de judicializar a las iglesias"}]},{"@type":"WebSite","@id":"https:\/\/tabernaculoprensadedios.com\/web\/#website","url":"https:\/\/tabernaculoprensadedios.com\/web\/","name":"Tabernaculo Prensa de Dios","description":"Un medio a la manera de Dios","publisher":{"@id":"https:\/\/tabernaculoprensadedios.com\/web\/#\/schema\/person\/bc0e069fef56b38e177db6f098ae0b6e"},"potentialAction":[{"@type":"SearchAction","target":{"@type":"EntryPoint","urlTemplate":"https:\/\/tabernaculoprensadedios.com\/web\/?s={search_term_string}"},"query-input":{"@type":"PropertyValueSpecification","valueRequired":true,"valueName":"search_term_string"}}],"inLanguage":"es"},{"@type":["Person","Organization"],"@id":"https:\/\/tabernaculoprensadedios.com\/web\/#\/schema\/person\/bc0e069fef56b38e177db6f098ae0b6e","name":"tabernaculo","image":{"@type":"ImageObject","inLanguage":"es","@id":"https:\/\/tabernaculoprensadedios.com\/web\/#\/schema\/person\/image\/","url":"https:\/\/tabernaculoprensadedios.com\/web\/wp-content\/uploads\/2015\/06\/login-logo1.png","contentUrl":"https:\/\/tabernaculoprensadedios.com\/web\/wp-content\/uploads\/2015\/06\/login-logo1.png","width":300,"height":118,"caption":"tabernaculo"},"logo":{"@id":"https:\/\/tabernaculoprensadedios.com\/web\/#\/schema\/person\/image\/"},"url":"https:\/\/tabernaculoprensadedios.com\/web\/author\/tabernaculo\/"}]}},"_links":{"self":[{"href":"https:\/\/tabernaculoprensadedios.com\/web\/wp-json\/wp\/v2\/posts\/35399","targetHints":{"allow":["GET"]}}],"collection":[{"href":"https:\/\/tabernaculoprensadedios.com\/web\/wp-json\/wp\/v2\/posts"}],"about":[{"href":"https:\/\/tabernaculoprensadedios.com\/web\/wp-json\/wp\/v2\/types\/post"}],"author":[{"embeddable":true,"href":"https:\/\/tabernaculoprensadedios.com\/web\/wp-json\/wp\/v2\/users\/1"}],"replies":[{"embeddable":true,"href":"https:\/\/tabernaculoprensadedios.com\/web\/wp-json\/wp\/v2\/comments?post=35399"}],"version-history":[{"count":2,"href":"https:\/\/tabernaculoprensadedios.com\/web\/wp-json\/wp\/v2\/posts\/35399\/revisions"}],"predecessor-version":[{"id":35402,"href":"https:\/\/tabernaculoprensadedios.com\/web\/wp-json\/wp\/v2\/posts\/35399\/revisions\/35402"}],"wp:featuredmedia":[{"embeddable":true,"href":"https:\/\/tabernaculoprensadedios.com\/web\/wp-json\/wp\/v2\/media\/35400"}],"wp:attachment":[{"href":"https:\/\/tabernaculoprensadedios.com\/web\/wp-json\/wp\/v2\/media?parent=35399"}],"wp:term":[{"taxonomy":"category","embeddable":true,"href":"https:\/\/tabernaculoprensadedios.com\/web\/wp-json\/wp\/v2\/categories?post=35399"},{"taxonomy":"post_tag","embeddable":true,"href":"https:\/\/tabernaculoprensadedios.com\/web\/wp-json\/wp\/v2\/tags?post=35399"}],"curies":[{"name":"wp","href":"https:\/\/api.w.org\/{rel}","templated":true}]}}