{"id":35391,"date":"2025-07-23T17:46:32","date_gmt":"2025-07-23T17:46:32","guid":{"rendered":"https:\/\/tabernaculoprensadedios.com\/web\/?p=35391"},"modified":"2025-07-24T17:47:32","modified_gmt":"2025-07-24T17:47:32","slug":"formacion-teologica-de-alto-nivel-llega-a-la-region-este-set-edom-y-casa-de-fe-inician-programa-certificado","status":"publish","type":"post","link":"https:\/\/tabernaculoprensadedios.com\/web\/formacion-teologica-de-alto-nivel-llega-a-la-region-este-set-edom-y-casa-de-fe-inician-programa-certificado\/","title":{"rendered":"Formaci\u00f3n Teol\u00f3gica de Alto Nivel Llega a la Regi\u00f3n Este: SET EDOM y Casa de Fe Inician Programa Certificado"},"content":{"rendered":"<div dir=\"ltr\">\n<p>El Seminario Teol\u00f3gico Dominicano \u00abVerbo de Dios\u00bb (SETEDOM), afiliado al <strong>Miami International Seminary (MINTS)<\/strong>, en colaboraci\u00f3n con la <strong>Iglesia Casa de Fe y Valores<\/strong>, ha dado inicio a un significativo proyecto educativo: el <strong>Programa de Certificado en Estudios Teol\u00f3gicos<\/strong>, avalado acad\u00e9micamente por MINTS.<\/p>\n<p>El programa comenz\u00f3 en el mes de mayo con el curso <strong>\u00abIntroducci\u00f3n a la Biblia\u00bb<\/strong>, brindando a los participantes una visi\u00f3n panor\u00e1mica de los 66 libros de las Sagradas Escrituras. Actualmente se imparte el segundo m\u00f3dulo, <strong>\u00abLiderazgo Cristiano\u00bb<\/strong>, cuya finalizaci\u00f3n est\u00e1 prevista para el mes de agosto.<\/p>\n<p>Gracias al respaldo del <strong>pastor Esa\u00fa Reyes<\/strong>, Decano Acad\u00e9mico de MINTS, los cursos se ofrecen en <strong>modalidad virtual<\/strong> a trav\u00e9s de la plataforma <strong>MINTS Online M\u00e9xico<\/strong>, lo que permite una participaci\u00f3n flexible desde cualquier lugar.<\/p>\n<p>Las clases est\u00e1n a cargo del <strong>maestro F\u00e9lix Caraballo<\/strong>, con m\u00e1s de 20 a\u00f1os de experiencia formando l\u00edderes en la Rep\u00fablica Dominicana y pionero en el establecimiento de grupos de estudio teol\u00f3gico en diversas regiones del pa\u00eds.<\/p>\n<p>Este programa intensivo est\u00e1 estructurado en <strong>10 asignaturas<\/strong> (una por mes), cada una con un valor de <strong>1 cr\u00e9dito acad\u00e9mico<\/strong>, y est\u00e1 dise\u00f1ado para ofrecer una formaci\u00f3n <strong>te\u00f3rica y pr\u00e1ctica<\/strong>, adaptada a los desaf\u00edos del liderazgo cristiano contempor\u00e1neo.<\/p>\n<h3><strong>Una Iniciativa con Enfoque Pastoral y Comunitario<\/strong><\/h3>\n<p>El <strong>pastor Franklin M\u00e9ndez<\/strong>, de la Iglesia Casa de Fe y Valores, expres\u00f3 su agradecimiento a Dios por la implementaci\u00f3n de este programa, destacando el compromiso compartido entre el Seminario y la iglesia anfitriona con la <strong>excelencia acad\u00e9mica<\/strong> y la <strong>edificaci\u00f3n del Cuerpo de Cristo<\/strong>, especialmente en la regi\u00f3n Este del pa\u00eds.<\/p>\n<blockquote><p>\u201cEs una bendici\u00f3n contar con una herramienta de formaci\u00f3n para l\u00edderes \u00edntegros, que integren conocimiento teol\u00f3gico, sensibilidad pastoral y compromiso con el desarrollo espiritual y social de la iglesia y de la comunidad donde servimos\u201d, afirm\u00f3 el pastor M\u00e9ndez.<\/p><\/blockquote>\n<p>El programa est\u00e1 dirigido a <strong>pastores, l\u00edderes, obreros y profesionales<\/strong>, tanto con formaci\u00f3n previa teol\u00f3gica como secular, que deseen <strong>profundizar en el conocimiento b\u00edblico<\/strong>, <strong>afirmar su llamado ministerial<\/strong> y <strong>servir con mayor eficacia en sus comunidades<\/strong>.<\/p>\n<\/div>\n","protected":false},"excerpt":{"rendered":"<p>El Seminario Teol\u00f3gico Dominicano \u00abVerbo de Dios\u00bb (SETEDOM), afiliado al Miami International Seminary (MINTS), en colaboraci\u00f3n con la Iglesia Casa de Fe y Valores, ha dado inicio a un significativo proyecto educativo: el Programa de Certificado en Estudios Teol\u00f3gicos, avalado acad\u00e9micamente por MINTS. El programa comenz\u00f3 en el mes de mayo con el curso \u00abIntroducci\u00f3n &hellip;<\/p>\n","protected":false},"author":1,"featured_media":35392,"comment_status":"open","ping_status":"open","sticky":false,"template":"","format":"standard","meta":{"footnotes":""},"categories":[39],"tags":[],"class_list":["post-35391","post","type-post","status-publish","format-standard","has-post-thumbnail","hentry","category-almomento"],"yoast_head":"<!-- This site is optimized with the Yoast SEO Premium plugin v24.2 (Yoast SEO v27.1.1) - https:\/\/yoast.com\/product\/yoast-seo-premium-wordpress\/ -->\n<title>Formaci\u00f3n Teol\u00f3gica de Alto Nivel Llega a la Regi\u00f3n Este: SET EDOM y Casa de Fe Inician Programa Certificado - Tabernaculo Prensa de Dios<\/title>\n<meta name=\"robots\" content=\"index, follow, max-snippet:-1, max-image-preview:large, max-video-preview:-1\" \/>\n<link rel=\"canonical\" href=\"https:\/\/tabernaculoprensadedios.com\/web\/formacion-teologica-de-alto-nivel-llega-a-la-region-este-set-edom-y-casa-de-fe-inician-programa-certificado\/\" class=\"yoast-seo-meta-tag\" \/>\n<meta property=\"og:locale\" content=\"es_ES\" class=\"yoast-seo-meta-tag\" \/>\n<meta property=\"og:type\" content=\"article\" class=\"yoast-seo-meta-tag\" \/>\n<meta property=\"og:title\" content=\"Formaci\u00f3n Teol\u00f3gica de Alto Nivel Llega a la Regi\u00f3n Este: SET EDOM y Casa de Fe Inician Programa Certificado\" class=\"yoast-seo-meta-tag\" \/>\n<meta property=\"og:description\" content=\"El Seminario Teol\u00f3gico Dominicano \u00abVerbo de Dios\u00bb (SETEDOM), afiliado al Miami International Seminary (MINTS), en colaboraci\u00f3n con la Iglesia Casa de Fe y Valores, ha dado inicio a un significativo proyecto educativo: el Programa de Certificado en Estudios Teol\u00f3gicos, avalado acad\u00e9micamente por MINTS. El programa comenz\u00f3 en el mes de mayo con el curso \u00abIntroducci\u00f3n &hellip;\" class=\"yoast-seo-meta-tag\" \/>\n<meta property=\"og:url\" content=\"https:\/\/tabernaculoprensadedios.com\/web\/formacion-teologica-de-alto-nivel-llega-a-la-region-este-set-edom-y-casa-de-fe-inician-programa-certificado\/\" class=\"yoast-seo-meta-tag\" \/>\n<meta property=\"og:site_name\" content=\"Tabernaculo Prensa de Dios\" class=\"yoast-seo-meta-tag\" \/>\n<meta property=\"article:published_time\" content=\"2025-07-23T17:46:32+00:00\" class=\"yoast-seo-meta-tag\" \/>\n<meta property=\"article:modified_time\" content=\"2025-07-24T17:47:32+00:00\" class=\"yoast-seo-meta-tag\" \/>\n<meta property=\"og:image\" content=\"https:\/\/tabernaculoprensadedios.com\/web\/wp-content\/uploads\/2025\/07\/grupo-punta-cana-2-e1753377040103.avif\" class=\"yoast-seo-meta-tag\" \/>\n\t<meta property=\"og:image:width\" content=\"720\" class=\"yoast-seo-meta-tag\" \/>\n\t<meta property=\"og:image:height\" content=\"538\" class=\"yoast-seo-meta-tag\" \/>\n\t<meta property=\"og:image:type\" content=\"image\/jpeg\" class=\"yoast-seo-meta-tag\" \/>\n<meta name=\"author\" content=\"tabernaculo\" class=\"yoast-seo-meta-tag\" \/>\n<meta name=\"twitter:card\" content=\"summary_large_image\" class=\"yoast-seo-meta-tag\" \/>\n<meta name=\"twitter:creator\" content=\"@PrensadeDios\" class=\"yoast-seo-meta-tag\" \/>\n<meta name=\"twitter:site\" content=\"@PrensadeDios\" class=\"yoast-seo-meta-tag\" \/>\n<meta name=\"twitter:label1\" content=\"Escrito por\" class=\"yoast-seo-meta-tag\" \/>\n\t<meta name=\"twitter:data1\" content=\"tabernaculo\" class=\"yoast-seo-meta-tag\" \/>\n\t<meta name=\"twitter:label2\" content=\"Tiempo de lectura\" class=\"yoast-seo-meta-tag\" \/>\n\t<meta name=\"twitter:data2\" content=\"2 minutos\" class=\"yoast-seo-meta-tag\" \/>\n<script type=\"application\/ld+json\" class=\"yoast-schema-graph\">{\"@context\":\"https:\/\/schema.org\",\"@graph\":[{\"@type\":\"Article\",\"@id\":\"https:\/\/tabernaculoprensadedios.com\/web\/formacion-teologica-de-alto-nivel-llega-a-la-region-este-set-edom-y-casa-de-fe-inician-programa-certificado\/#article\",\"isPartOf\":{\"@id\":\"https:\/\/tabernaculoprensadedios.com\/web\/formacion-teologica-de-alto-nivel-llega-a-la-region-este-set-edom-y-casa-de-fe-inician-programa-certificado\/\"},\"author\":{\"name\":\"tabernaculo\",\"@id\":\"https:\/\/tabernaculoprensadedios.com\/web\/#\/schema\/person\/bc0e069fef56b38e177db6f098ae0b6e\"},\"headline\":\"Formaci\u00f3n Teol\u00f3gica de Alto Nivel Llega a la Regi\u00f3n Este: SET EDOM y Casa de Fe Inician Programa Certificado\",\"datePublished\":\"2025-07-23T17:46:32+00:00\",\"dateModified\":\"2025-07-24T17:47:32+00:00\",\"mainEntityOfPage\":{\"@id\":\"https:\/\/tabernaculoprensadedios.com\/web\/formacion-teologica-de-alto-nivel-llega-a-la-region-este-set-edom-y-casa-de-fe-inician-programa-certificado\/\"},\"wordCount\":396,\"commentCount\":0,\"publisher\":{\"@id\":\"https:\/\/tabernaculoprensadedios.com\/web\/#\/schema\/person\/bc0e069fef56b38e177db6f098ae0b6e\"},\"image\":{\"@id\":\"https:\/\/tabernaculoprensadedios.com\/web\/formacion-teologica-de-alto-nivel-llega-a-la-region-este-set-edom-y-casa-de-fe-inician-programa-certificado\/#primaryimage\"},\"thumbnailUrl\":\"https:\/\/tabernaculoprensadedios.com\/web\/wp-content\/uploads\/2025\/07\/grupo-punta-cana-2-e1753377040103.avif\",\"articleSection\":[\"almomento\"],\"inLanguage\":\"es\",\"potentialAction\":[{\"@type\":\"CommentAction\",\"name\":\"Comment\",\"target\":[\"https:\/\/tabernaculoprensadedios.com\/web\/formacion-teologica-de-alto-nivel-llega-a-la-region-este-set-edom-y-casa-de-fe-inician-programa-certificado\/#respond\"]}]},{\"@type\":\"WebPage\",\"@id\":\"https:\/\/tabernaculoprensadedios.com\/web\/formacion-teologica-de-alto-nivel-llega-a-la-region-este-set-edom-y-casa-de-fe-inician-programa-certificado\/\",\"url\":\"https:\/\/tabernaculoprensadedios.com\/web\/formacion-teologica-de-alto-nivel-llega-a-la-region-este-set-edom-y-casa-de-fe-inician-programa-certificado\/\",\"name\":\"Formaci\u00f3n Teol\u00f3gica de Alto Nivel Llega a la Regi\u00f3n Este: SET EDOM y Casa de Fe Inician Programa Certificado - Tabernaculo Prensa de Dios\",\"isPartOf\":{\"@id\":\"https:\/\/tabernaculoprensadedios.com\/web\/#website\"},\"primaryImageOfPage\":{\"@id\":\"https:\/\/tabernaculoprensadedios.com\/web\/formacion-teologica-de-alto-nivel-llega-a-la-region-este-set-edom-y-casa-de-fe-inician-programa-certificado\/#primaryimage\"},\"image\":{\"@id\":\"https:\/\/tabernaculoprensadedios.com\/web\/formacion-teologica-de-alto-nivel-llega-a-la-region-este-set-edom-y-casa-de-fe-inician-programa-certificado\/#primaryimage\"},\"thumbnailUrl\":\"https:\/\/tabernaculoprensadedios.com\/web\/wp-content\/uploads\/2025\/07\/grupo-punta-cana-2-e1753377040103.avif\",\"datePublished\":\"2025-07-23T17:46:32+00:00\",\"dateModified\":\"2025-07-24T17:47:32+00:00\",\"breadcrumb\":{\"@id\":\"https:\/\/tabernaculoprensadedios.com\/web\/formacion-teologica-de-alto-nivel-llega-a-la-region-este-set-edom-y-casa-de-fe-inician-programa-certificado\/#breadcrumb\"},\"inLanguage\":\"es\",\"potentialAction\":[{\"@type\":\"ReadAction\",\"target\":[\"https:\/\/tabernaculoprensadedios.com\/web\/formacion-teologica-de-alto-nivel-llega-a-la-region-este-set-edom-y-casa-de-fe-inician-programa-certificado\/\"]}]},{\"@type\":\"ImageObject\",\"inLanguage\":\"es\",\"@id\":\"https:\/\/tabernaculoprensadedios.com\/web\/formacion-teologica-de-alto-nivel-llega-a-la-region-este-set-edom-y-casa-de-fe-inician-programa-certificado\/#primaryimage\",\"url\":\"https:\/\/tabernaculoprensadedios.com\/web\/wp-content\/uploads\/2025\/07\/grupo-punta-cana-2-e1753377040103.avif\",\"contentUrl\":\"https:\/\/tabernaculoprensadedios.com\/web\/wp-content\/uploads\/2025\/07\/grupo-punta-cana-2-e1753377040103.avif\",\"width\":720,\"height\":538},{\"@type\":\"BreadcrumbList\",\"@id\":\"https:\/\/tabernaculoprensadedios.com\/web\/formacion-teologica-de-alto-nivel-llega-a-la-region-este-set-edom-y-casa-de-fe-inician-programa-certificado\/#breadcrumb\",\"itemListElement\":[{\"@type\":\"ListItem\",\"position\":1,\"name\":\"Portada\",\"item\":\"https:\/\/tabernaculoprensadedios.com\/web\/\"},{\"@type\":\"ListItem\",\"position\":2,\"name\":\"Formaci\u00f3n Teol\u00f3gica de Alto Nivel Llega a la Regi\u00f3n Este: SET EDOM y Casa de Fe Inician Programa Certificado\"}]},{\"@type\":\"WebSite\",\"@id\":\"https:\/\/tabernaculoprensadedios.com\/web\/#website\",\"url\":\"https:\/\/tabernaculoprensadedios.com\/web\/\",\"name\":\"Tabernaculo Prensa de Dios\",\"description\":\"Un medio a la manera de Dios\",\"publisher\":{\"@id\":\"https:\/\/tabernaculoprensadedios.com\/web\/#\/schema\/person\/bc0e069fef56b38e177db6f098ae0b6e\"},\"potentialAction\":[{\"@type\":\"SearchAction\",\"target\":{\"@type\":\"EntryPoint\",\"urlTemplate\":\"https:\/\/tabernaculoprensadedios.com\/web\/?s={search_term_string}\"},\"query-input\":{\"@type\":\"PropertyValueSpecification\",\"valueRequired\":true,\"valueName\":\"search_term_string\"}}],\"inLanguage\":\"es\"},{\"@type\":[\"Person\",\"Organization\"],\"@id\":\"https:\/\/tabernaculoprensadedios.com\/web\/#\/schema\/person\/bc0e069fef56b38e177db6f098ae0b6e\",\"name\":\"tabernaculo\",\"image\":{\"@type\":\"ImageObject\",\"inLanguage\":\"es\",\"@id\":\"https:\/\/tabernaculoprensadedios.com\/web\/#\/schema\/person\/image\/\",\"url\":\"https:\/\/tabernaculoprensadedios.com\/web\/wp-content\/uploads\/2015\/06\/login-logo1.png\",\"contentUrl\":\"https:\/\/tabernaculoprensadedios.com\/web\/wp-content\/uploads\/2015\/06\/login-logo1.png\",\"width\":300,\"height\":118,\"caption\":\"tabernaculo\"},\"logo\":{\"@id\":\"https:\/\/tabernaculoprensadedios.com\/web\/#\/schema\/person\/image\/\"},\"url\":\"https:\/\/tabernaculoprensadedios.com\/web\/author\/tabernaculo\/\"}]}<\/script>\n<!-- \/ Yoast SEO Premium plugin. -->","yoast_head_json":{"title":"Formaci\u00f3n Teol\u00f3gica de Alto Nivel Llega a la Regi\u00f3n Este: SET EDOM y Casa de Fe Inician Programa Certificado - Tabernaculo Prensa de Dios","robots":{"index":"index","follow":"follow","max-snippet":"max-snippet:-1","max-image-preview":"max-image-preview:large","max-video-preview":"max-video-preview:-1"},"canonical":"https:\/\/tabernaculoprensadedios.com\/web\/formacion-teologica-de-alto-nivel-llega-a-la-region-este-set-edom-y-casa-de-fe-inician-programa-certificado\/","og_locale":"es_ES","og_type":"article","og_title":"Formaci\u00f3n Teol\u00f3gica de Alto Nivel Llega a la Regi\u00f3n Este: SET EDOM y Casa de Fe Inician Programa Certificado","og_description":"El Seminario Teol\u00f3gico Dominicano \u00abVerbo de Dios\u00bb (SETEDOM), afiliado al Miami International Seminary (MINTS), en colaboraci\u00f3n con la Iglesia Casa de Fe y Valores, ha dado inicio a un significativo proyecto educativo: el Programa de Certificado en Estudios Teol\u00f3gicos, avalado acad\u00e9micamente por MINTS. El programa comenz\u00f3 en el mes de mayo con el curso \u00abIntroducci\u00f3n &hellip;","og_url":"https:\/\/tabernaculoprensadedios.com\/web\/formacion-teologica-de-alto-nivel-llega-a-la-region-este-set-edom-y-casa-de-fe-inician-programa-certificado\/","og_site_name":"Tabernaculo Prensa de Dios","article_published_time":"2025-07-23T17:46:32+00:00","article_modified_time":"2025-07-24T17:47:32+00:00","og_image":[{"width":720,"height":538,"url":"https:\/\/tabernaculoprensadedios.com\/web\/wp-content\/uploads\/2025\/07\/grupo-punta-cana-2-e1753377040103.avif","type":"image\/jpeg"}],"author":"tabernaculo","twitter_card":"summary_large_image","twitter_creator":"@PrensadeDios","twitter_site":"@PrensadeDios","twitter_misc":{"Escrito por":"tabernaculo","Tiempo de lectura":"2 minutos"},"schema":{"@context":"https:\/\/schema.org","@graph":[{"@type":"Article","@id":"https:\/\/tabernaculoprensadedios.com\/web\/formacion-teologica-de-alto-nivel-llega-a-la-region-este-set-edom-y-casa-de-fe-inician-programa-certificado\/#article","isPartOf":{"@id":"https:\/\/tabernaculoprensadedios.com\/web\/formacion-teologica-de-alto-nivel-llega-a-la-region-este-set-edom-y-casa-de-fe-inician-programa-certificado\/"},"author":{"name":"tabernaculo","@id":"https:\/\/tabernaculoprensadedios.com\/web\/#\/schema\/person\/bc0e069fef56b38e177db6f098ae0b6e"},"headline":"Formaci\u00f3n Teol\u00f3gica de Alto Nivel Llega a la Regi\u00f3n Este: SET EDOM y Casa de Fe Inician Programa Certificado","datePublished":"2025-07-23T17:46:32+00:00","dateModified":"2025-07-24T17:47:32+00:00","mainEntityOfPage":{"@id":"https:\/\/tabernaculoprensadedios.com\/web\/formacion-teologica-de-alto-nivel-llega-a-la-region-este-set-edom-y-casa-de-fe-inician-programa-certificado\/"},"wordCount":396,"commentCount":0,"publisher":{"@id":"https:\/\/tabernaculoprensadedios.com\/web\/#\/schema\/person\/bc0e069fef56b38e177db6f098ae0b6e"},"image":{"@id":"https:\/\/tabernaculoprensadedios.com\/web\/formacion-teologica-de-alto-nivel-llega-a-la-region-este-set-edom-y-casa-de-fe-inician-programa-certificado\/#primaryimage"},"thumbnailUrl":"https:\/\/tabernaculoprensadedios.com\/web\/wp-content\/uploads\/2025\/07\/grupo-punta-cana-2-e1753377040103.avif","articleSection":["almomento"],"inLanguage":"es","potentialAction":[{"@type":"CommentAction","name":"Comment","target":["https:\/\/tabernaculoprensadedios.com\/web\/formacion-teologica-de-alto-nivel-llega-a-la-region-este-set-edom-y-casa-de-fe-inician-programa-certificado\/#respond"]}]},{"@type":"WebPage","@id":"https:\/\/tabernaculoprensadedios.com\/web\/formacion-teologica-de-alto-nivel-llega-a-la-region-este-set-edom-y-casa-de-fe-inician-programa-certificado\/","url":"https:\/\/tabernaculoprensadedios.com\/web\/formacion-teologica-de-alto-nivel-llega-a-la-region-este-set-edom-y-casa-de-fe-inician-programa-certificado\/","name":"Formaci\u00f3n Teol\u00f3gica de Alto Nivel Llega a la Regi\u00f3n Este: SET EDOM y Casa de Fe Inician Programa Certificado - Tabernaculo Prensa de Dios","isPartOf":{"@id":"https:\/\/tabernaculoprensadedios.com\/web\/#website"},"primaryImageOfPage":{"@id":"https:\/\/tabernaculoprensadedios.com\/web\/formacion-teologica-de-alto-nivel-llega-a-la-region-este-set-edom-y-casa-de-fe-inician-programa-certificado\/#primaryimage"},"image":{"@id":"https:\/\/tabernaculoprensadedios.com\/web\/formacion-teologica-de-alto-nivel-llega-a-la-region-este-set-edom-y-casa-de-fe-inician-programa-certificado\/#primaryimage"},"thumbnailUrl":"https:\/\/tabernaculoprensadedios.com\/web\/wp-content\/uploads\/2025\/07\/grupo-punta-cana-2-e1753377040103.avif","datePublished":"2025-07-23T17:46:32+00:00","dateModified":"2025-07-24T17:47:32+00:00","breadcrumb":{"@id":"https:\/\/tabernaculoprensadedios.com\/web\/formacion-teologica-de-alto-nivel-llega-a-la-region-este-set-edom-y-casa-de-fe-inician-programa-certificado\/#breadcrumb"},"inLanguage":"es","potentialAction":[{"@type":"ReadAction","target":["https:\/\/tabernaculoprensadedios.com\/web\/formacion-teologica-de-alto-nivel-llega-a-la-region-este-set-edom-y-casa-de-fe-inician-programa-certificado\/"]}]},{"@type":"ImageObject","inLanguage":"es","@id":"https:\/\/tabernaculoprensadedios.com\/web\/formacion-teologica-de-alto-nivel-llega-a-la-region-este-set-edom-y-casa-de-fe-inician-programa-certificado\/#primaryimage","url":"https:\/\/tabernaculoprensadedios.com\/web\/wp-content\/uploads\/2025\/07\/grupo-punta-cana-2-e1753377040103.avif","contentUrl":"https:\/\/tabernaculoprensadedios.com\/web\/wp-content\/uploads\/2025\/07\/grupo-punta-cana-2-e1753377040103.avif","width":720,"height":538},{"@type":"BreadcrumbList","@id":"https:\/\/tabernaculoprensadedios.com\/web\/formacion-teologica-de-alto-nivel-llega-a-la-region-este-set-edom-y-casa-de-fe-inician-programa-certificado\/#breadcrumb","itemListElement":[{"@type":"ListItem","position":1,"name":"Portada","item":"https:\/\/tabernaculoprensadedios.com\/web\/"},{"@type":"ListItem","position":2,"name":"Formaci\u00f3n Teol\u00f3gica de Alto Nivel Llega a la Regi\u00f3n Este: SET EDOM y Casa de Fe Inician Programa Certificado"}]},{"@type":"WebSite","@id":"https:\/\/tabernaculoprensadedios.com\/web\/#website","url":"https:\/\/tabernaculoprensadedios.com\/web\/","name":"Tabernaculo Prensa de Dios","description":"Un medio a la manera de Dios","publisher":{"@id":"https:\/\/tabernaculoprensadedios.com\/web\/#\/schema\/person\/bc0e069fef56b38e177db6f098ae0b6e"},"potentialAction":[{"@type":"SearchAction","target":{"@type":"EntryPoint","urlTemplate":"https:\/\/tabernaculoprensadedios.com\/web\/?s={search_term_string}"},"query-input":{"@type":"PropertyValueSpecification","valueRequired":true,"valueName":"search_term_string"}}],"inLanguage":"es"},{"@type":["Person","Organization"],"@id":"https:\/\/tabernaculoprensadedios.com\/web\/#\/schema\/person\/bc0e069fef56b38e177db6f098ae0b6e","name":"tabernaculo","image":{"@type":"ImageObject","inLanguage":"es","@id":"https:\/\/tabernaculoprensadedios.com\/web\/#\/schema\/person\/image\/","url":"https:\/\/tabernaculoprensadedios.com\/web\/wp-content\/uploads\/2015\/06\/login-logo1.png","contentUrl":"https:\/\/tabernaculoprensadedios.com\/web\/wp-content\/uploads\/2015\/06\/login-logo1.png","width":300,"height":118,"caption":"tabernaculo"},"logo":{"@id":"https:\/\/tabernaculoprensadedios.com\/web\/#\/schema\/person\/image\/"},"url":"https:\/\/tabernaculoprensadedios.com\/web\/author\/tabernaculo\/"}]}},"_links":{"self":[{"href":"https:\/\/tabernaculoprensadedios.com\/web\/wp-json\/wp\/v2\/posts\/35391","targetHints":{"allow":["GET"]}}],"collection":[{"href":"https:\/\/tabernaculoprensadedios.com\/web\/wp-json\/wp\/v2\/posts"}],"about":[{"href":"https:\/\/tabernaculoprensadedios.com\/web\/wp-json\/wp\/v2\/types\/post"}],"author":[{"embeddable":true,"href":"https:\/\/tabernaculoprensadedios.com\/web\/wp-json\/wp\/v2\/users\/1"}],"replies":[{"embeddable":true,"href":"https:\/\/tabernaculoprensadedios.com\/web\/wp-json\/wp\/v2\/comments?post=35391"}],"version-history":[{"count":1,"href":"https:\/\/tabernaculoprensadedios.com\/web\/wp-json\/wp\/v2\/posts\/35391\/revisions"}],"predecessor-version":[{"id":35393,"href":"https:\/\/tabernaculoprensadedios.com\/web\/wp-json\/wp\/v2\/posts\/35391\/revisions\/35393"}],"wp:featuredmedia":[{"embeddable":true,"href":"https:\/\/tabernaculoprensadedios.com\/web\/wp-json\/wp\/v2\/media\/35392"}],"wp:attachment":[{"href":"https:\/\/tabernaculoprensadedios.com\/web\/wp-json\/wp\/v2\/media?parent=35391"}],"wp:term":[{"taxonomy":"category","embeddable":true,"href":"https:\/\/tabernaculoprensadedios.com\/web\/wp-json\/wp\/v2\/categories?post=35391"},{"taxonomy":"post_tag","embeddable":true,"href":"https:\/\/tabernaculoprensadedios.com\/web\/wp-json\/wp\/v2\/tags?post=35391"}],"curies":[{"name":"wp","href":"https:\/\/api.w.org\/{rel}","templated":true}]}}