{"id":35375,"date":"2025-07-23T16:03:01","date_gmt":"2025-07-23T16:03:01","guid":{"rendered":"https:\/\/tabernaculoprensadedios.com\/web\/?p=35375"},"modified":"2025-07-23T16:03:01","modified_gmt":"2025-07-23T16:03:01","slug":"la-antorcha-no-es-para-guardarla","status":"publish","type":"post","link":"https:\/\/tabernaculoprensadedios.com\/web\/la-antorcha-no-es-para-guardarla\/","title":{"rendered":"La Antorcha No Es Para Guardarla"},"content":{"rendered":"<p>La mayor\u00eda de las congregaciones hoy no quieren ceder espacio a la nueva generaci\u00f3n que Dios est\u00e1 levantando. Se aferran a p\u00falpitos viejos, estructuras obsoletas y liderazgos que, aunque llevan 50 a\u00f1os en el ministerio, <strong>han perdido la pasi\u00f3n, la humildad y la visi\u00f3n<\/strong>.<\/p>\n<p>Dios no est\u00e1 impresionado con t\u00edtulos de \u201cap\u00f3stol\u201d, \u201cprofeta\u201d o \u201cpastor\u201d.<br \/>\nEst\u00e1 buscando al <strong>remanente<\/strong>.<br \/>\nEse grupo fiel, olvidado, arruinado, rechazado por la misma iglesia institucional.<br \/>\nLos \u201cinvisibles\u201d, los que fueron heridos por groser\u00edas, echados por no encajar, <strong>oprimidos por quienes dec\u00edan servir a Dios<\/strong>.<\/p>\n<p>Dios va a levantar la <strong>Generaci\u00f3n de Josu\u00e9<\/strong>.<br \/>\nNo ser\u00e1n los m\u00e1s estudiados, pero s\u00ed los m\u00e1s obedientes.<br \/>\nNo ser\u00e1n los m\u00e1s visibles, pero s\u00ed los m\u00e1s dispuestos.<br \/>\nEllos no heredar\u00e1n un p\u00falpito, heredar\u00e1n <strong>la presencia de Dios<\/strong>.<\/p>\n<p>Nosotros, como medio de comunicaci\u00f3n cristiano, <strong>no podemos quedarnos callados<\/strong>.<br \/>\nEs hora de recoger lo que el Esp\u00edritu est\u00e1 mostrando:<\/p>\n<ul>\n<li>El pueblo est\u00e1 herido.<\/li>\n<li>Los l\u00edderes est\u00e1n divididos.<\/li>\n<li>Y el Esp\u00edritu Santo est\u00e1 siendo ignorado.<\/li>\n<\/ul>\n<p><strong>\u00a1Basta!<\/strong><br \/>\nBasta de tapar con diplomacia lo que debe ser expuesto con luz.<br \/>\nBasta de callar por miedo a perder \u201cconexiones\u201d cuando lo que estamos perdiendo es <strong>la gloria de Dios<\/strong>.<\/p>\n<p>No se trata de atacar, sino de <strong>llamar al arrepentimiento<\/strong>.<br \/>\nSi no hay quebranto, <strong>\u00bfqu\u00e9 vendr\u00e1?<\/strong><br \/>\n\u00bfSeguiremos predicando mientras la generaci\u00f3n que Dios quiere usar sigue siendo silenciada?<\/p>\n<p>Dios no dejar\u00e1 que se pierda su prop\u00f3sito por el ego de algunos.<br \/>\n<strong>La antorcha no es para guardarla<\/strong>, es para <strong>traspasarla<\/strong>.<br \/>\nNo es para acumular gloria humana, es para encender nuevas generacion<\/p>\n<h3>ORACI\u00d3N PROF\u00c9TICA<\/h3>\n<p><strong>Padre Santo<\/strong>, hoy levantamos nuestra voz no para contender, sino para suplicar que <strong>venga tu luz sobre tu Iglesia<\/strong>.<br \/>\nPerd\u00f3nanos por callar cuando debemos hablar. Perd\u00f3nanos por permitir que el orgullo y el control humano apagara tu fuego.<\/p>\n<p>Hoy clamamos por el <strong>remanente escondido, olvidado y herido<\/strong>.<br \/>\nDales fuerza. Dales voz. Dales un lugar en tu mover.<\/p>\n<p>Levanta la Generaci\u00f3n de Josu\u00e9.<br \/>\nSopla sobre ellos tu Esp\u00edritu. \u00c1brelos camino donde fueron rechazados.<br \/>\nPon antorchas encendidas en sus manos.<br \/>\nY que no prediquen desde el resentimiento, sino desde <strong>la redenci\u00f3n<\/strong>.<\/p>\n<p>Se\u00f1or, despierta a los que a\u00fan duermen en el altar.<br \/>\nDespierta a los padres espirituales que deben soltar la antorcha.<br \/>\nTrae unidad. Trae humildad. Trae quebranto.<\/p>\n<p>Y sobre todo, Se\u00f1or\u2026<br \/>\n<strong>No permitas que la antorcha se quede guardada.<\/strong><br \/>\n\u00a1Que arda, que pase de mano en mano, que llegue a donde t\u00fa la env\u00edes!<\/p>\n<p><strong>Hazlo otra vez, Dios de avivamiento. Y empieza por nosotros.<\/strong><br \/>\nEn el nombre de Jes\u00fas. Am\u00e9n.<\/p>\n","protected":false},"excerpt":{"rendered":"<p>La mayor\u00eda de las congregaciones hoy no quieren ceder espacio a la nueva generaci\u00f3n que Dios est\u00e1 levantando. Se aferran a p\u00falpitos viejos, estructuras obsoletas y liderazgos que, aunque llevan 50 a\u00f1os en el ministerio, han perdido la pasi\u00f3n, la humildad y la visi\u00f3n. Dios no est\u00e1 impresionado con t\u00edtulos de \u201cap\u00f3stol\u201d, \u201cprofeta\u201d o \u201cpastor\u201d. &hellip;<\/p>\n","protected":false},"author":1,"featured_media":35376,"comment_status":"open","ping_status":"open","sticky":false,"template":"","format":"standard","meta":{"footnotes":""},"categories":[34],"tags":[],"class_list":["post-35375","post","type-post","status-publish","format-standard","has-post-thumbnail","hentry","category-articulos"],"yoast_head":"<!-- This site is optimized with the Yoast SEO Premium plugin v24.2 (Yoast SEO v27.1.1) - https:\/\/yoast.com\/product\/yoast-seo-premium-wordpress\/ -->\n<title>La Antorcha No Es Para Guardarla - Tabernaculo Prensa de Dios<\/title>\n<meta name=\"robots\" content=\"index, follow, max-snippet:-1, max-image-preview:large, max-video-preview:-1\" \/>\n<link rel=\"canonical\" href=\"https:\/\/tabernaculoprensadedios.com\/web\/la-antorcha-no-es-para-guardarla\/\" class=\"yoast-seo-meta-tag\" \/>\n<meta property=\"og:locale\" content=\"es_ES\" class=\"yoast-seo-meta-tag\" \/>\n<meta property=\"og:type\" content=\"article\" class=\"yoast-seo-meta-tag\" \/>\n<meta property=\"og:title\" content=\"La Antorcha No Es Para Guardarla\" class=\"yoast-seo-meta-tag\" \/>\n<meta property=\"og:description\" content=\"La mayor\u00eda de las congregaciones hoy no quieren ceder espacio a la nueva generaci\u00f3n que Dios est\u00e1 levantando. Se aferran a p\u00falpitos viejos, estructuras obsoletas y liderazgos que, aunque llevan 50 a\u00f1os en el ministerio, han perdido la pasi\u00f3n, la humildad y la visi\u00f3n. Dios no est\u00e1 impresionado con t\u00edtulos de \u201cap\u00f3stol\u201d, \u201cprofeta\u201d o \u201cpastor\u201d. &hellip;\" class=\"yoast-seo-meta-tag\" \/>\n<meta property=\"og:url\" content=\"https:\/\/tabernaculoprensadedios.com\/web\/la-antorcha-no-es-para-guardarla\/\" class=\"yoast-seo-meta-tag\" \/>\n<meta property=\"og:site_name\" content=\"Tabernaculo Prensa de Dios\" class=\"yoast-seo-meta-tag\" \/>\n<meta property=\"article:published_time\" content=\"2025-07-23T16:03:01+00:00\" class=\"yoast-seo-meta-tag\" \/>\n<meta property=\"og:image\" content=\"https:\/\/tabernaculoprensadedios.com\/web\/wp-content\/uploads\/2025\/07\/7725538.avif\" class=\"yoast-seo-meta-tag\" \/>\n\t<meta property=\"og:image:width\" content=\"1280\" class=\"yoast-seo-meta-tag\" \/>\n\t<meta property=\"og:image:height\" content=\"1280\" class=\"yoast-seo-meta-tag\" \/>\n\t<meta property=\"og:image:type\" content=\"image\/jpeg\" class=\"yoast-seo-meta-tag\" \/>\n<meta name=\"author\" content=\"tabernaculo\" class=\"yoast-seo-meta-tag\" \/>\n<meta name=\"twitter:card\" content=\"summary_large_image\" class=\"yoast-seo-meta-tag\" \/>\n<meta name=\"twitter:creator\" content=\"@PrensadeDios\" class=\"yoast-seo-meta-tag\" \/>\n<meta name=\"twitter:site\" content=\"@PrensadeDios\" class=\"yoast-seo-meta-tag\" \/>\n<meta name=\"twitter:label1\" content=\"Escrito por\" class=\"yoast-seo-meta-tag\" \/>\n\t<meta name=\"twitter:data1\" content=\"tabernaculo\" class=\"yoast-seo-meta-tag\" \/>\n\t<meta name=\"twitter:label2\" content=\"Tiempo de lectura\" class=\"yoast-seo-meta-tag\" \/>\n\t<meta name=\"twitter:data2\" content=\"3 minutos\" class=\"yoast-seo-meta-tag\" \/>\n<script type=\"application\/ld+json\" class=\"yoast-schema-graph\">{\"@context\":\"https:\/\/schema.org\",\"@graph\":[{\"@type\":\"Article\",\"@id\":\"https:\/\/tabernaculoprensadedios.com\/web\/la-antorcha-no-es-para-guardarla\/#article\",\"isPartOf\":{\"@id\":\"https:\/\/tabernaculoprensadedios.com\/web\/la-antorcha-no-es-para-guardarla\/\"},\"author\":{\"name\":\"tabernaculo\",\"@id\":\"https:\/\/tabernaculoprensadedios.com\/web\/#\/schema\/person\/bc0e069fef56b38e177db6f098ae0b6e\"},\"headline\":\"La Antorcha No Es Para Guardarla\",\"datePublished\":\"2025-07-23T16:03:01+00:00\",\"mainEntityOfPage\":{\"@id\":\"https:\/\/tabernaculoprensadedios.com\/web\/la-antorcha-no-es-para-guardarla\/\"},\"wordCount\":459,\"commentCount\":0,\"publisher\":{\"@id\":\"https:\/\/tabernaculoprensadedios.com\/web\/#\/schema\/person\/bc0e069fef56b38e177db6f098ae0b6e\"},\"image\":{\"@id\":\"https:\/\/tabernaculoprensadedios.com\/web\/la-antorcha-no-es-para-guardarla\/#primaryimage\"},\"thumbnailUrl\":\"https:\/\/tabernaculoprensadedios.com\/web\/wp-content\/uploads\/2025\/07\/7725538.avif\",\"articleSection\":[\"Articulos\"],\"inLanguage\":\"es\",\"potentialAction\":[{\"@type\":\"CommentAction\",\"name\":\"Comment\",\"target\":[\"https:\/\/tabernaculoprensadedios.com\/web\/la-antorcha-no-es-para-guardarla\/#respond\"]}]},{\"@type\":\"WebPage\",\"@id\":\"https:\/\/tabernaculoprensadedios.com\/web\/la-antorcha-no-es-para-guardarla\/\",\"url\":\"https:\/\/tabernaculoprensadedios.com\/web\/la-antorcha-no-es-para-guardarla\/\",\"name\":\"La Antorcha No Es Para Guardarla - Tabernaculo Prensa de Dios\",\"isPartOf\":{\"@id\":\"https:\/\/tabernaculoprensadedios.com\/web\/#website\"},\"primaryImageOfPage\":{\"@id\":\"https:\/\/tabernaculoprensadedios.com\/web\/la-antorcha-no-es-para-guardarla\/#primaryimage\"},\"image\":{\"@id\":\"https:\/\/tabernaculoprensadedios.com\/web\/la-antorcha-no-es-para-guardarla\/#primaryimage\"},\"thumbnailUrl\":\"https:\/\/tabernaculoprensadedios.com\/web\/wp-content\/uploads\/2025\/07\/7725538.avif\",\"datePublished\":\"2025-07-23T16:03:01+00:00\",\"breadcrumb\":{\"@id\":\"https:\/\/tabernaculoprensadedios.com\/web\/la-antorcha-no-es-para-guardarla\/#breadcrumb\"},\"inLanguage\":\"es\",\"potentialAction\":[{\"@type\":\"ReadAction\",\"target\":[\"https:\/\/tabernaculoprensadedios.com\/web\/la-antorcha-no-es-para-guardarla\/\"]}]},{\"@type\":\"ImageObject\",\"inLanguage\":\"es\",\"@id\":\"https:\/\/tabernaculoprensadedios.com\/web\/la-antorcha-no-es-para-guardarla\/#primaryimage\",\"url\":\"https:\/\/tabernaculoprensadedios.com\/web\/wp-content\/uploads\/2025\/07\/7725538.avif\",\"contentUrl\":\"https:\/\/tabernaculoprensadedios.com\/web\/wp-content\/uploads\/2025\/07\/7725538.avif\",\"width\":1280,\"height\":1280,\"caption\":\"fire, torch, flame, night, light, lighting, burn, torch, torch, torch, torch, torch\"},{\"@type\":\"BreadcrumbList\",\"@id\":\"https:\/\/tabernaculoprensadedios.com\/web\/la-antorcha-no-es-para-guardarla\/#breadcrumb\",\"itemListElement\":[{\"@type\":\"ListItem\",\"position\":1,\"name\":\"Portada\",\"item\":\"https:\/\/tabernaculoprensadedios.com\/web\/\"},{\"@type\":\"ListItem\",\"position\":2,\"name\":\"La Antorcha No Es Para Guardarla\"}]},{\"@type\":\"WebSite\",\"@id\":\"https:\/\/tabernaculoprensadedios.com\/web\/#website\",\"url\":\"https:\/\/tabernaculoprensadedios.com\/web\/\",\"name\":\"Tabernaculo Prensa de Dios\",\"description\":\"Un medio a la manera de Dios\",\"publisher\":{\"@id\":\"https:\/\/tabernaculoprensadedios.com\/web\/#\/schema\/person\/bc0e069fef56b38e177db6f098ae0b6e\"},\"potentialAction\":[{\"@type\":\"SearchAction\",\"target\":{\"@type\":\"EntryPoint\",\"urlTemplate\":\"https:\/\/tabernaculoprensadedios.com\/web\/?s={search_term_string}\"},\"query-input\":{\"@type\":\"PropertyValueSpecification\",\"valueRequired\":true,\"valueName\":\"search_term_string\"}}],\"inLanguage\":\"es\"},{\"@type\":[\"Person\",\"Organization\"],\"@id\":\"https:\/\/tabernaculoprensadedios.com\/web\/#\/schema\/person\/bc0e069fef56b38e177db6f098ae0b6e\",\"name\":\"tabernaculo\",\"image\":{\"@type\":\"ImageObject\",\"inLanguage\":\"es\",\"@id\":\"https:\/\/tabernaculoprensadedios.com\/web\/#\/schema\/person\/image\/\",\"url\":\"https:\/\/tabernaculoprensadedios.com\/web\/wp-content\/uploads\/2015\/06\/login-logo1.png\",\"contentUrl\":\"https:\/\/tabernaculoprensadedios.com\/web\/wp-content\/uploads\/2015\/06\/login-logo1.png\",\"width\":300,\"height\":118,\"caption\":\"tabernaculo\"},\"logo\":{\"@id\":\"https:\/\/tabernaculoprensadedios.com\/web\/#\/schema\/person\/image\/\"},\"url\":\"https:\/\/tabernaculoprensadedios.com\/web\/author\/tabernaculo\/\"}]}<\/script>\n<!-- \/ Yoast SEO Premium plugin. -->","yoast_head_json":{"title":"La Antorcha No Es Para Guardarla - Tabernaculo Prensa de Dios","robots":{"index":"index","follow":"follow","max-snippet":"max-snippet:-1","max-image-preview":"max-image-preview:large","max-video-preview":"max-video-preview:-1"},"canonical":"https:\/\/tabernaculoprensadedios.com\/web\/la-antorcha-no-es-para-guardarla\/","og_locale":"es_ES","og_type":"article","og_title":"La Antorcha No Es Para Guardarla","og_description":"La mayor\u00eda de las congregaciones hoy no quieren ceder espacio a la nueva generaci\u00f3n que Dios est\u00e1 levantando. Se aferran a p\u00falpitos viejos, estructuras obsoletas y liderazgos que, aunque llevan 50 a\u00f1os en el ministerio, han perdido la pasi\u00f3n, la humildad y la visi\u00f3n. Dios no est\u00e1 impresionado con t\u00edtulos de \u201cap\u00f3stol\u201d, \u201cprofeta\u201d o \u201cpastor\u201d. &hellip;","og_url":"https:\/\/tabernaculoprensadedios.com\/web\/la-antorcha-no-es-para-guardarla\/","og_site_name":"Tabernaculo Prensa de Dios","article_published_time":"2025-07-23T16:03:01+00:00","og_image":[{"width":1280,"height":1280,"url":"https:\/\/tabernaculoprensadedios.com\/web\/wp-content\/uploads\/2025\/07\/7725538.avif","type":"image\/jpeg"}],"author":"tabernaculo","twitter_card":"summary_large_image","twitter_creator":"@PrensadeDios","twitter_site":"@PrensadeDios","twitter_misc":{"Escrito por":"tabernaculo","Tiempo de lectura":"3 minutos"},"schema":{"@context":"https:\/\/schema.org","@graph":[{"@type":"Article","@id":"https:\/\/tabernaculoprensadedios.com\/web\/la-antorcha-no-es-para-guardarla\/#article","isPartOf":{"@id":"https:\/\/tabernaculoprensadedios.com\/web\/la-antorcha-no-es-para-guardarla\/"},"author":{"name":"tabernaculo","@id":"https:\/\/tabernaculoprensadedios.com\/web\/#\/schema\/person\/bc0e069fef56b38e177db6f098ae0b6e"},"headline":"La Antorcha No Es Para Guardarla","datePublished":"2025-07-23T16:03:01+00:00","mainEntityOfPage":{"@id":"https:\/\/tabernaculoprensadedios.com\/web\/la-antorcha-no-es-para-guardarla\/"},"wordCount":459,"commentCount":0,"publisher":{"@id":"https:\/\/tabernaculoprensadedios.com\/web\/#\/schema\/person\/bc0e069fef56b38e177db6f098ae0b6e"},"image":{"@id":"https:\/\/tabernaculoprensadedios.com\/web\/la-antorcha-no-es-para-guardarla\/#primaryimage"},"thumbnailUrl":"https:\/\/tabernaculoprensadedios.com\/web\/wp-content\/uploads\/2025\/07\/7725538.avif","articleSection":["Articulos"],"inLanguage":"es","potentialAction":[{"@type":"CommentAction","name":"Comment","target":["https:\/\/tabernaculoprensadedios.com\/web\/la-antorcha-no-es-para-guardarla\/#respond"]}]},{"@type":"WebPage","@id":"https:\/\/tabernaculoprensadedios.com\/web\/la-antorcha-no-es-para-guardarla\/","url":"https:\/\/tabernaculoprensadedios.com\/web\/la-antorcha-no-es-para-guardarla\/","name":"La Antorcha No Es Para Guardarla - Tabernaculo Prensa de Dios","isPartOf":{"@id":"https:\/\/tabernaculoprensadedios.com\/web\/#website"},"primaryImageOfPage":{"@id":"https:\/\/tabernaculoprensadedios.com\/web\/la-antorcha-no-es-para-guardarla\/#primaryimage"},"image":{"@id":"https:\/\/tabernaculoprensadedios.com\/web\/la-antorcha-no-es-para-guardarla\/#primaryimage"},"thumbnailUrl":"https:\/\/tabernaculoprensadedios.com\/web\/wp-content\/uploads\/2025\/07\/7725538.avif","datePublished":"2025-07-23T16:03:01+00:00","breadcrumb":{"@id":"https:\/\/tabernaculoprensadedios.com\/web\/la-antorcha-no-es-para-guardarla\/#breadcrumb"},"inLanguage":"es","potentialAction":[{"@type":"ReadAction","target":["https:\/\/tabernaculoprensadedios.com\/web\/la-antorcha-no-es-para-guardarla\/"]}]},{"@type":"ImageObject","inLanguage":"es","@id":"https:\/\/tabernaculoprensadedios.com\/web\/la-antorcha-no-es-para-guardarla\/#primaryimage","url":"https:\/\/tabernaculoprensadedios.com\/web\/wp-content\/uploads\/2025\/07\/7725538.avif","contentUrl":"https:\/\/tabernaculoprensadedios.com\/web\/wp-content\/uploads\/2025\/07\/7725538.avif","width":1280,"height":1280,"caption":"fire, torch, flame, night, light, lighting, burn, torch, torch, torch, torch, torch"},{"@type":"BreadcrumbList","@id":"https:\/\/tabernaculoprensadedios.com\/web\/la-antorcha-no-es-para-guardarla\/#breadcrumb","itemListElement":[{"@type":"ListItem","position":1,"name":"Portada","item":"https:\/\/tabernaculoprensadedios.com\/web\/"},{"@type":"ListItem","position":2,"name":"La Antorcha No Es Para Guardarla"}]},{"@type":"WebSite","@id":"https:\/\/tabernaculoprensadedios.com\/web\/#website","url":"https:\/\/tabernaculoprensadedios.com\/web\/","name":"Tabernaculo Prensa de Dios","description":"Un medio a la manera de Dios","publisher":{"@id":"https:\/\/tabernaculoprensadedios.com\/web\/#\/schema\/person\/bc0e069fef56b38e177db6f098ae0b6e"},"potentialAction":[{"@type":"SearchAction","target":{"@type":"EntryPoint","urlTemplate":"https:\/\/tabernaculoprensadedios.com\/web\/?s={search_term_string}"},"query-input":{"@type":"PropertyValueSpecification","valueRequired":true,"valueName":"search_term_string"}}],"inLanguage":"es"},{"@type":["Person","Organization"],"@id":"https:\/\/tabernaculoprensadedios.com\/web\/#\/schema\/person\/bc0e069fef56b38e177db6f098ae0b6e","name":"tabernaculo","image":{"@type":"ImageObject","inLanguage":"es","@id":"https:\/\/tabernaculoprensadedios.com\/web\/#\/schema\/person\/image\/","url":"https:\/\/tabernaculoprensadedios.com\/web\/wp-content\/uploads\/2015\/06\/login-logo1.png","contentUrl":"https:\/\/tabernaculoprensadedios.com\/web\/wp-content\/uploads\/2015\/06\/login-logo1.png","width":300,"height":118,"caption":"tabernaculo"},"logo":{"@id":"https:\/\/tabernaculoprensadedios.com\/web\/#\/schema\/person\/image\/"},"url":"https:\/\/tabernaculoprensadedios.com\/web\/author\/tabernaculo\/"}]}},"_links":{"self":[{"href":"https:\/\/tabernaculoprensadedios.com\/web\/wp-json\/wp\/v2\/posts\/35375","targetHints":{"allow":["GET"]}}],"collection":[{"href":"https:\/\/tabernaculoprensadedios.com\/web\/wp-json\/wp\/v2\/posts"}],"about":[{"href":"https:\/\/tabernaculoprensadedios.com\/web\/wp-json\/wp\/v2\/types\/post"}],"author":[{"embeddable":true,"href":"https:\/\/tabernaculoprensadedios.com\/web\/wp-json\/wp\/v2\/users\/1"}],"replies":[{"embeddable":true,"href":"https:\/\/tabernaculoprensadedios.com\/web\/wp-json\/wp\/v2\/comments?post=35375"}],"version-history":[{"count":1,"href":"https:\/\/tabernaculoprensadedios.com\/web\/wp-json\/wp\/v2\/posts\/35375\/revisions"}],"predecessor-version":[{"id":35377,"href":"https:\/\/tabernaculoprensadedios.com\/web\/wp-json\/wp\/v2\/posts\/35375\/revisions\/35377"}],"wp:featuredmedia":[{"embeddable":true,"href":"https:\/\/tabernaculoprensadedios.com\/web\/wp-json\/wp\/v2\/media\/35376"}],"wp:attachment":[{"href":"https:\/\/tabernaculoprensadedios.com\/web\/wp-json\/wp\/v2\/media?parent=35375"}],"wp:term":[{"taxonomy":"category","embeddable":true,"href":"https:\/\/tabernaculoprensadedios.com\/web\/wp-json\/wp\/v2\/categories?post=35375"},{"taxonomy":"post_tag","embeddable":true,"href":"https:\/\/tabernaculoprensadedios.com\/web\/wp-json\/wp\/v2\/tags?post=35375"}],"curies":[{"name":"wp","href":"https:\/\/api.w.org\/{rel}","templated":true}]}}