{"id":35372,"date":"2025-07-23T14:13:04","date_gmt":"2025-07-23T14:13:04","guid":{"rendered":"https:\/\/tabernaculoprensadedios.com\/web\/?p=35372"},"modified":"2025-07-23T15:53:16","modified_gmt":"2025-07-23T15:53:16","slug":"libertados-del-pecado-para-servir-a-la-justicia","status":"publish","type":"post","link":"https:\/\/tabernaculoprensadedios.com\/web\/libertados-del-pecado-para-servir-a-la-justicia\/","title":{"rendered":"Libertados del pecado para servir a la justicia"},"content":{"rendered":"<p>Quiero continuar de nuevo con este llamado solemne del ap\u00f3stol Pablo a la vida de santidad. En nuestro \u00faltimo mensaje vimos c\u00f3mo Pablo nos llama a que presentemos nuestros cuerpos y nos tomamos tiempo en desarrollar esta idea a fin de vivir una vida santa.<\/p>\n<p>Y no puedo dejar de tocar un vers\u00edculo m\u00e1s de esta idea para reforzarla en nuestra mente porque puede ser muy iluminador \u00bfno? y es tan importante este llamado a la vida de la santidad. En el vers\u00edculo 5 del cap\u00edtulo 12 de Romanos el ap\u00f3stol Pablo dice: \u00abMientras est\u00e1bamos en la carne las pasiones pecaminosas que eran por la ley obraban en nuestros miembros llevando fruto para muerte pero ahora estamos libres de la ley por haber muerto para aqu\u00e9lla en que est\u00e1bamos sujetos de modo que vivamos bajo el r\u00e9gimen nuevo del Esp\u00edritu y no bajo el viejo r\u00e9gimen de la letra.\u00bb<\/p>\n<p>Ven ustedes de nuevo esta idea. Una de las cosas que resulta misteriosa es entender que bajo la ley del Antiguo Testamento lo que Dios hizo fue que estableci\u00f3 un plan de que la salvaci\u00f3n ten\u00eda que ser por las obras, las acciones de los hombres; los hombres se salvaban por sus buenas acciones y se perd\u00edan por sus malas acciones y hab\u00eda un plan bien complicado de sacrificios y de una cantidad de rituales que hab\u00eda que hacer para obtener la justificaci\u00f3n de Dios y evidentemente era imposible alcanzar eso.<\/p>\n<p>Entonces lo que Dios hizo bajo el antiguo plan de la ley fue como atraparnos en un sentido y establecer la manera natural en que los hombres podr\u00edan alcanzar relaci\u00f3n con \u00c9l y agradarlo y ense\u00f1arle a la humanidad de que de esa manera en realidad era imposible agradar al Se\u00f1or y establecer como un precedente legal, jur\u00eddico antes de traer entonces la humanidad al plan verdadero que \u00c9l ten\u00eda siempre bien intencionado que era la salvaci\u00f3n por medio de la Gracia, por medio de la Obra de Cristo Jes\u00fas, por medio de la Obra del Esp\u00edritu Santo en nosotros que al trabajar en nuestro coraz\u00f3n, en nuestra mente, nuestro cuerpo, los miembros de nuestro ser biol\u00f3gico entonces Dios pod\u00eda llevarnos a esa vida de santidad, esa vida agradable al Se\u00f1or.<\/p>\n<p>Y a\u00fan as\u00ed nunca podr\u00edamos comportarnos perfectamente bien sino que tendr\u00edamos siempre que depender de la Gracia que es siempre por medio de Cristo Jes\u00fas, tarde o temprano tendr\u00edamos que ir ante Jes\u00fas para que \u00c9l nos purificara y saldara la cuenta por as\u00ed decirlo que nosotros no pod\u00edamos pagar por nosotros mismos.<\/p>\n<p>Entonces por eso es que \u00e9l habla aqu\u00ed de que antes las pasiones del pecado obraban por la ley porque la ley hac\u00eda clara la pecaminosidad del hombre, nadie pod\u00eda ser salvo por medio de la ley entonces el pecado como que resaltaba, porque mientras m\u00e1s los hombres trataban de agradar a Dios por medio de sus propias obras y de sus rituales y sus sacrificios m\u00e1s se enmara\u00f1aban en su propio pecado y se daban cuenta que jam\u00e1s pod\u00edan agradar a Dios.<\/p>\n<p>Y entonces Pablo dice: pero ahora \u00bfsaben qu\u00e9? ahora ustedes ya han muerto a eso es una declaraci\u00f3n como que contundente, delante de Dios est\u00e1n muertos y deben vivir de esa manera con respecto a ese modo de existir antes y ahora est\u00e1n bajo el r\u00e9gimen nuevo del Esp\u00edritu; ese Esp\u00edritu trata con ustedes, los perfecciona, los trabaja para que ustedes puedan llegar a ser lo que Dios quiere que ustedes sean.<\/p>\n<p>Entonces en el vers\u00edculo 18 del cap\u00edtulo 6 de Romanos Pablo dice: \u00abY libertados del pecado vinisteis a ser siervos de la justicia.\u00bb En otras palabras ahora como hijos de Dios ya nosotros no servimos el pecado, no servimos la injusticia, no servimos nuestros propios cuerpos y nuestra propia biolog\u00eda sino que somos ahora siervos, s\u00ed todav\u00eda pero siervos de la justicia.<\/p>\n<p>Y entonces dice algo muy bello tambi\u00e9n en el vers\u00edculo 19, dice que: \u00abAs\u00ed ahora para santificaci\u00f3n presentad vuestros miembros para servir a la justicia\u00bb \u00bfve usted ahora una vez m\u00e1s esta idea de presentar nuestros \u00f3rganos f\u00edsicos y mentales al Se\u00f1or para que \u00c9l los tome y los santifique y pueda usarlos entonces para gloria y honra de Su Nombre?<\/p>\n<p>Qu\u00e9 lindo en el vers\u00edculo 22 de Romanos 6 tambi\u00e9n dice: \u00abMas ahora que hab\u00e9is sido libertados del pecado y hechos siervo de Dios ten\u00e9is como fruto la santificaci\u00f3n y como fin la vida eterna.\u00bb En otras palabras Dios nos ha libertado del pecado, nos ha libertado de la esclavitud a la ley que no pod\u00eda lavar nuestra conciencia sino que todo lo contrario nos hac\u00eda sentirnos cada vez m\u00e1s pecaminosos porque m\u00e1s cuenta nos d\u00e1bamos de que no pod\u00edamos verdaderamente satisfacer la justicia de Dios, pero ya Dios nos ha libertado de eso a trav\u00e9s de Cristo Jes\u00fas, a trav\u00e9s del Esp\u00edritu, a trav\u00e9s de Su Gracia que ahora ha sido libertada por medio del sacrificio de Cristo en la cruz del calvario.<\/p>\n<p>Entonces antes serv\u00edamos el pecado, ahora servimos otra cosa, servimos a otra persona. Servimos otro Reino, otros principios; son los principios de la justicia y de la santidad. Hemos sido hechos siervos de Dios y el fruto de ese servicio es la santificaci\u00f3n \u00bfy sabes cu\u00e1l es el fin de todo eso, el resultado final dice? la vida eterna.<\/p>\n<p>Qu\u00e9 interesante Pablo dice aqu\u00ed que hay dos pagas que nosotros podemos recibir de nuestras acciones, sigo adelante dice porque cuando hablo de la vida eterna como el fin de la santificaci\u00f3n dice: porque hay dos cosas que usted puede recibir como pago, puede recibir o la paga del pecado que es muerte o la d\u00e1diva de Dios en otras palabras el resultado de servir a Dios que es vida eterna en Cristo Jes\u00fas Se\u00f1or nuestro.<\/p>\n<p>Siempre va a haber dos resultados y siempre va a haber dos se\u00f1ores a quien nosotros podemos servir. Usted puede o servir a la carne, servir al pecado, servir al diablo, servir al infierno y recibir como resultado de todo eso la muerte eterna y la condenaci\u00f3n eterna o puede escoger servir a Dios, sujetarse a \u00c9l, aceptar el se\u00f1or\u00edo de Cristo en su vida y entonces puede tener un resultado que es la vida eterna.<\/p>\n<p>\u00bfCu\u00e1l de los dos vamos a escoger? evidentemente no hay competencia. Tenemos que escoger la vida de santidad porque esa es la \u00fanica que produce el gozo, la paz, la reconciliaci\u00f3n con Dios, el saber que estamos bien delante de nuestro Dios y que tenemos como resultado final la vida eterna. Quiera Dios que nosotros escojamos siempre ese comportamiento, esa vida de gran intimidad con Dios por medio de la santificaci\u00f3n y la santidad. Que el Se\u00f1or nos bendiga y estaremos continuando nuestra meditaci\u00f3n en nuestros pr\u00f3ximos. Dios le bendiga.<\/p>\n","protected":false},"excerpt":{"rendered":"<p>Quiero continuar de nuevo con este llamado solemne del ap\u00f3stol Pablo a la vida de santidad. En nuestro \u00faltimo mensaje vimos c\u00f3mo Pablo nos llama a que presentemos nuestros cuerpos y nos tomamos tiempo en desarrollar esta idea a fin de vivir una vida santa. Y no puedo dejar de tocar un vers\u00edculo m\u00e1s de &hellip;<\/p>\n","protected":false},"author":1,"featured_media":35373,"comment_status":"open","ping_status":"open","sticky":false,"template":"","format":"standard","meta":{"footnotes":""},"categories":[34],"tags":[],"class_list":["post-35372","post","type-post","status-publish","format-standard","has-post-thumbnail","hentry","category-articulos"],"yoast_head":"<!-- This site is optimized with the Yoast SEO Premium plugin v24.2 (Yoast SEO v27.1.1) - https:\/\/yoast.com\/product\/yoast-seo-premium-wordpress\/ -->\n<title>Libertados del pecado para servir a la justicia - Tabernaculo Prensa de Dios<\/title>\n<meta name=\"robots\" content=\"index, follow, max-snippet:-1, max-image-preview:large, max-video-preview:-1\" \/>\n<link rel=\"canonical\" href=\"https:\/\/tabernaculoprensadedios.com\/web\/libertados-del-pecado-para-servir-a-la-justicia\/\" class=\"yoast-seo-meta-tag\" \/>\n<meta property=\"og:locale\" content=\"es_ES\" class=\"yoast-seo-meta-tag\" \/>\n<meta property=\"og:type\" content=\"article\" class=\"yoast-seo-meta-tag\" \/>\n<meta property=\"og:title\" content=\"Libertados del pecado para servir a la justicia\" class=\"yoast-seo-meta-tag\" \/>\n<meta property=\"og:description\" content=\"Quiero continuar de nuevo con este llamado solemne del ap\u00f3stol Pablo a la vida de santidad. En nuestro \u00faltimo mensaje vimos c\u00f3mo Pablo nos llama a que presentemos nuestros cuerpos y nos tomamos tiempo en desarrollar esta idea a fin de vivir una vida santa. Y no puedo dejar de tocar un vers\u00edculo m\u00e1s de &hellip;\" class=\"yoast-seo-meta-tag\" \/>\n<meta property=\"og:url\" content=\"https:\/\/tabernaculoprensadedios.com\/web\/libertados-del-pecado-para-servir-a-la-justicia\/\" class=\"yoast-seo-meta-tag\" \/>\n<meta property=\"og:site_name\" content=\"Tabernaculo Prensa de Dios\" class=\"yoast-seo-meta-tag\" \/>\n<meta property=\"article:published_time\" content=\"2025-07-23T14:13:04+00:00\" class=\"yoast-seo-meta-tag\" \/>\n<meta property=\"article:modified_time\" content=\"2025-07-23T15:53:16+00:00\" class=\"yoast-seo-meta-tag\" \/>\n<meta property=\"og:image\" content=\"https:\/\/tabernaculoprensadedios.com\/web\/wp-content\/uploads\/2025\/07\/anatoly-ramonov-OXkGI9KWmmg-unsplash.avif\" class=\"yoast-seo-meta-tag\" \/>\n\t<meta property=\"og:image:width\" content=\"4663\" class=\"yoast-seo-meta-tag\" \/>\n\t<meta property=\"og:image:height\" content=\"3109\" class=\"yoast-seo-meta-tag\" \/>\n\t<meta property=\"og:image:type\" content=\"image\/jpeg\" class=\"yoast-seo-meta-tag\" \/>\n<meta name=\"author\" content=\"tabernaculo\" class=\"yoast-seo-meta-tag\" \/>\n<meta name=\"twitter:card\" content=\"summary_large_image\" class=\"yoast-seo-meta-tag\" \/>\n<meta name=\"twitter:creator\" content=\"@PrensadeDios\" class=\"yoast-seo-meta-tag\" \/>\n<meta name=\"twitter:site\" content=\"@PrensadeDios\" class=\"yoast-seo-meta-tag\" \/>\n<meta name=\"twitter:label1\" content=\"Escrito por\" class=\"yoast-seo-meta-tag\" \/>\n\t<meta name=\"twitter:data1\" content=\"tabernaculo\" class=\"yoast-seo-meta-tag\" \/>\n\t<meta name=\"twitter:label2\" content=\"Tiempo de lectura\" class=\"yoast-seo-meta-tag\" \/>\n\t<meta name=\"twitter:data2\" content=\"6 minutos\" class=\"yoast-seo-meta-tag\" \/>\n<script type=\"application\/ld+json\" class=\"yoast-schema-graph\">{\"@context\":\"https:\/\/schema.org\",\"@graph\":[{\"@type\":\"Article\",\"@id\":\"https:\/\/tabernaculoprensadedios.com\/web\/libertados-del-pecado-para-servir-a-la-justicia\/#article\",\"isPartOf\":{\"@id\":\"https:\/\/tabernaculoprensadedios.com\/web\/libertados-del-pecado-para-servir-a-la-justicia\/\"},\"author\":{\"name\":\"tabernaculo\",\"@id\":\"https:\/\/tabernaculoprensadedios.com\/web\/#\/schema\/person\/bc0e069fef56b38e177db6f098ae0b6e\"},\"headline\":\"Libertados del pecado para servir a la justicia\",\"datePublished\":\"2025-07-23T14:13:04+00:00\",\"dateModified\":\"2025-07-23T15:53:16+00:00\",\"mainEntityOfPage\":{\"@id\":\"https:\/\/tabernaculoprensadedios.com\/web\/libertados-del-pecado-para-servir-a-la-justicia\/\"},\"wordCount\":1223,\"commentCount\":0,\"publisher\":{\"@id\":\"https:\/\/tabernaculoprensadedios.com\/web\/#\/schema\/person\/bc0e069fef56b38e177db6f098ae0b6e\"},\"image\":{\"@id\":\"https:\/\/tabernaculoprensadedios.com\/web\/libertados-del-pecado-para-servir-a-la-justicia\/#primaryimage\"},\"thumbnailUrl\":\"https:\/\/tabernaculoprensadedios.com\/web\/wp-content\/uploads\/2025\/07\/anatoly-ramonov-OXkGI9KWmmg-unsplash.avif\",\"articleSection\":[\"Articulos\"],\"inLanguage\":\"es\",\"potentialAction\":[{\"@type\":\"CommentAction\",\"name\":\"Comment\",\"target\":[\"https:\/\/tabernaculoprensadedios.com\/web\/libertados-del-pecado-para-servir-a-la-justicia\/#respond\"]}]},{\"@type\":\"WebPage\",\"@id\":\"https:\/\/tabernaculoprensadedios.com\/web\/libertados-del-pecado-para-servir-a-la-justicia\/\",\"url\":\"https:\/\/tabernaculoprensadedios.com\/web\/libertados-del-pecado-para-servir-a-la-justicia\/\",\"name\":\"Libertados del pecado para servir a la justicia - Tabernaculo Prensa de Dios\",\"isPartOf\":{\"@id\":\"https:\/\/tabernaculoprensadedios.com\/web\/#website\"},\"primaryImageOfPage\":{\"@id\":\"https:\/\/tabernaculoprensadedios.com\/web\/libertados-del-pecado-para-servir-a-la-justicia\/#primaryimage\"},\"image\":{\"@id\":\"https:\/\/tabernaculoprensadedios.com\/web\/libertados-del-pecado-para-servir-a-la-justicia\/#primaryimage\"},\"thumbnailUrl\":\"https:\/\/tabernaculoprensadedios.com\/web\/wp-content\/uploads\/2025\/07\/anatoly-ramonov-OXkGI9KWmmg-unsplash.avif\",\"datePublished\":\"2025-07-23T14:13:04+00:00\",\"dateModified\":\"2025-07-23T15:53:16+00:00\",\"breadcrumb\":{\"@id\":\"https:\/\/tabernaculoprensadedios.com\/web\/libertados-del-pecado-para-servir-a-la-justicia\/#breadcrumb\"},\"inLanguage\":\"es\",\"potentialAction\":[{\"@type\":\"ReadAction\",\"target\":[\"https:\/\/tabernaculoprensadedios.com\/web\/libertados-del-pecado-para-servir-a-la-justicia\/\"]}]},{\"@type\":\"ImageObject\",\"inLanguage\":\"es\",\"@id\":\"https:\/\/tabernaculoprensadedios.com\/web\/libertados-del-pecado-para-servir-a-la-justicia\/#primaryimage\",\"url\":\"https:\/\/tabernaculoprensadedios.com\/web\/wp-content\/uploads\/2025\/07\/anatoly-ramonov-OXkGI9KWmmg-unsplash.avif\",\"contentUrl\":\"https:\/\/tabernaculoprensadedios.com\/web\/wp-content\/uploads\/2025\/07\/anatoly-ramonov-OXkGI9KWmmg-unsplash.avif\",\"width\":4663,\"height\":3109},{\"@type\":\"BreadcrumbList\",\"@id\":\"https:\/\/tabernaculoprensadedios.com\/web\/libertados-del-pecado-para-servir-a-la-justicia\/#breadcrumb\",\"itemListElement\":[{\"@type\":\"ListItem\",\"position\":1,\"name\":\"Portada\",\"item\":\"https:\/\/tabernaculoprensadedios.com\/web\/\"},{\"@type\":\"ListItem\",\"position\":2,\"name\":\"Libertados del pecado para servir a la justicia\"}]},{\"@type\":\"WebSite\",\"@id\":\"https:\/\/tabernaculoprensadedios.com\/web\/#website\",\"url\":\"https:\/\/tabernaculoprensadedios.com\/web\/\",\"name\":\"Tabernaculo Prensa de Dios\",\"description\":\"Un medio a la manera de Dios\",\"publisher\":{\"@id\":\"https:\/\/tabernaculoprensadedios.com\/web\/#\/schema\/person\/bc0e069fef56b38e177db6f098ae0b6e\"},\"potentialAction\":[{\"@type\":\"SearchAction\",\"target\":{\"@type\":\"EntryPoint\",\"urlTemplate\":\"https:\/\/tabernaculoprensadedios.com\/web\/?s={search_term_string}\"},\"query-input\":{\"@type\":\"PropertyValueSpecification\",\"valueRequired\":true,\"valueName\":\"search_term_string\"}}],\"inLanguage\":\"es\"},{\"@type\":[\"Person\",\"Organization\"],\"@id\":\"https:\/\/tabernaculoprensadedios.com\/web\/#\/schema\/person\/bc0e069fef56b38e177db6f098ae0b6e\",\"name\":\"tabernaculo\",\"image\":{\"@type\":\"ImageObject\",\"inLanguage\":\"es\",\"@id\":\"https:\/\/tabernaculoprensadedios.com\/web\/#\/schema\/person\/image\/\",\"url\":\"https:\/\/tabernaculoprensadedios.com\/web\/wp-content\/uploads\/2015\/06\/login-logo1.png\",\"contentUrl\":\"https:\/\/tabernaculoprensadedios.com\/web\/wp-content\/uploads\/2015\/06\/login-logo1.png\",\"width\":300,\"height\":118,\"caption\":\"tabernaculo\"},\"logo\":{\"@id\":\"https:\/\/tabernaculoprensadedios.com\/web\/#\/schema\/person\/image\/\"},\"url\":\"https:\/\/tabernaculoprensadedios.com\/web\/author\/tabernaculo\/\"}]}<\/script>\n<!-- \/ Yoast SEO Premium plugin. -->","yoast_head_json":{"title":"Libertados del pecado para servir a la justicia - Tabernaculo Prensa de Dios","robots":{"index":"index","follow":"follow","max-snippet":"max-snippet:-1","max-image-preview":"max-image-preview:large","max-video-preview":"max-video-preview:-1"},"canonical":"https:\/\/tabernaculoprensadedios.com\/web\/libertados-del-pecado-para-servir-a-la-justicia\/","og_locale":"es_ES","og_type":"article","og_title":"Libertados del pecado para servir a la justicia","og_description":"Quiero continuar de nuevo con este llamado solemne del ap\u00f3stol Pablo a la vida de santidad. En nuestro \u00faltimo mensaje vimos c\u00f3mo Pablo nos llama a que presentemos nuestros cuerpos y nos tomamos tiempo en desarrollar esta idea a fin de vivir una vida santa. Y no puedo dejar de tocar un vers\u00edculo m\u00e1s de &hellip;","og_url":"https:\/\/tabernaculoprensadedios.com\/web\/libertados-del-pecado-para-servir-a-la-justicia\/","og_site_name":"Tabernaculo Prensa de Dios","article_published_time":"2025-07-23T14:13:04+00:00","article_modified_time":"2025-07-23T15:53:16+00:00","og_image":[{"width":4663,"height":3109,"url":"https:\/\/tabernaculoprensadedios.com\/web\/wp-content\/uploads\/2025\/07\/anatoly-ramonov-OXkGI9KWmmg-unsplash.avif","type":"image\/jpeg"}],"author":"tabernaculo","twitter_card":"summary_large_image","twitter_creator":"@PrensadeDios","twitter_site":"@PrensadeDios","twitter_misc":{"Escrito por":"tabernaculo","Tiempo de lectura":"6 minutos"},"schema":{"@context":"https:\/\/schema.org","@graph":[{"@type":"Article","@id":"https:\/\/tabernaculoprensadedios.com\/web\/libertados-del-pecado-para-servir-a-la-justicia\/#article","isPartOf":{"@id":"https:\/\/tabernaculoprensadedios.com\/web\/libertados-del-pecado-para-servir-a-la-justicia\/"},"author":{"name":"tabernaculo","@id":"https:\/\/tabernaculoprensadedios.com\/web\/#\/schema\/person\/bc0e069fef56b38e177db6f098ae0b6e"},"headline":"Libertados del pecado para servir a la justicia","datePublished":"2025-07-23T14:13:04+00:00","dateModified":"2025-07-23T15:53:16+00:00","mainEntityOfPage":{"@id":"https:\/\/tabernaculoprensadedios.com\/web\/libertados-del-pecado-para-servir-a-la-justicia\/"},"wordCount":1223,"commentCount":0,"publisher":{"@id":"https:\/\/tabernaculoprensadedios.com\/web\/#\/schema\/person\/bc0e069fef56b38e177db6f098ae0b6e"},"image":{"@id":"https:\/\/tabernaculoprensadedios.com\/web\/libertados-del-pecado-para-servir-a-la-justicia\/#primaryimage"},"thumbnailUrl":"https:\/\/tabernaculoprensadedios.com\/web\/wp-content\/uploads\/2025\/07\/anatoly-ramonov-OXkGI9KWmmg-unsplash.avif","articleSection":["Articulos"],"inLanguage":"es","potentialAction":[{"@type":"CommentAction","name":"Comment","target":["https:\/\/tabernaculoprensadedios.com\/web\/libertados-del-pecado-para-servir-a-la-justicia\/#respond"]}]},{"@type":"WebPage","@id":"https:\/\/tabernaculoprensadedios.com\/web\/libertados-del-pecado-para-servir-a-la-justicia\/","url":"https:\/\/tabernaculoprensadedios.com\/web\/libertados-del-pecado-para-servir-a-la-justicia\/","name":"Libertados del pecado para servir a la justicia - Tabernaculo Prensa de Dios","isPartOf":{"@id":"https:\/\/tabernaculoprensadedios.com\/web\/#website"},"primaryImageOfPage":{"@id":"https:\/\/tabernaculoprensadedios.com\/web\/libertados-del-pecado-para-servir-a-la-justicia\/#primaryimage"},"image":{"@id":"https:\/\/tabernaculoprensadedios.com\/web\/libertados-del-pecado-para-servir-a-la-justicia\/#primaryimage"},"thumbnailUrl":"https:\/\/tabernaculoprensadedios.com\/web\/wp-content\/uploads\/2025\/07\/anatoly-ramonov-OXkGI9KWmmg-unsplash.avif","datePublished":"2025-07-23T14:13:04+00:00","dateModified":"2025-07-23T15:53:16+00:00","breadcrumb":{"@id":"https:\/\/tabernaculoprensadedios.com\/web\/libertados-del-pecado-para-servir-a-la-justicia\/#breadcrumb"},"inLanguage":"es","potentialAction":[{"@type":"ReadAction","target":["https:\/\/tabernaculoprensadedios.com\/web\/libertados-del-pecado-para-servir-a-la-justicia\/"]}]},{"@type":"ImageObject","inLanguage":"es","@id":"https:\/\/tabernaculoprensadedios.com\/web\/libertados-del-pecado-para-servir-a-la-justicia\/#primaryimage","url":"https:\/\/tabernaculoprensadedios.com\/web\/wp-content\/uploads\/2025\/07\/anatoly-ramonov-OXkGI9KWmmg-unsplash.avif","contentUrl":"https:\/\/tabernaculoprensadedios.com\/web\/wp-content\/uploads\/2025\/07\/anatoly-ramonov-OXkGI9KWmmg-unsplash.avif","width":4663,"height":3109},{"@type":"BreadcrumbList","@id":"https:\/\/tabernaculoprensadedios.com\/web\/libertados-del-pecado-para-servir-a-la-justicia\/#breadcrumb","itemListElement":[{"@type":"ListItem","position":1,"name":"Portada","item":"https:\/\/tabernaculoprensadedios.com\/web\/"},{"@type":"ListItem","position":2,"name":"Libertados del pecado para servir a la justicia"}]},{"@type":"WebSite","@id":"https:\/\/tabernaculoprensadedios.com\/web\/#website","url":"https:\/\/tabernaculoprensadedios.com\/web\/","name":"Tabernaculo Prensa de Dios","description":"Un medio a la manera de Dios","publisher":{"@id":"https:\/\/tabernaculoprensadedios.com\/web\/#\/schema\/person\/bc0e069fef56b38e177db6f098ae0b6e"},"potentialAction":[{"@type":"SearchAction","target":{"@type":"EntryPoint","urlTemplate":"https:\/\/tabernaculoprensadedios.com\/web\/?s={search_term_string}"},"query-input":{"@type":"PropertyValueSpecification","valueRequired":true,"valueName":"search_term_string"}}],"inLanguage":"es"},{"@type":["Person","Organization"],"@id":"https:\/\/tabernaculoprensadedios.com\/web\/#\/schema\/person\/bc0e069fef56b38e177db6f098ae0b6e","name":"tabernaculo","image":{"@type":"ImageObject","inLanguage":"es","@id":"https:\/\/tabernaculoprensadedios.com\/web\/#\/schema\/person\/image\/","url":"https:\/\/tabernaculoprensadedios.com\/web\/wp-content\/uploads\/2015\/06\/login-logo1.png","contentUrl":"https:\/\/tabernaculoprensadedios.com\/web\/wp-content\/uploads\/2015\/06\/login-logo1.png","width":300,"height":118,"caption":"tabernaculo"},"logo":{"@id":"https:\/\/tabernaculoprensadedios.com\/web\/#\/schema\/person\/image\/"},"url":"https:\/\/tabernaculoprensadedios.com\/web\/author\/tabernaculo\/"}]}},"_links":{"self":[{"href":"https:\/\/tabernaculoprensadedios.com\/web\/wp-json\/wp\/v2\/posts\/35372","targetHints":{"allow":["GET"]}}],"collection":[{"href":"https:\/\/tabernaculoprensadedios.com\/web\/wp-json\/wp\/v2\/posts"}],"about":[{"href":"https:\/\/tabernaculoprensadedios.com\/web\/wp-json\/wp\/v2\/types\/post"}],"author":[{"embeddable":true,"href":"https:\/\/tabernaculoprensadedios.com\/web\/wp-json\/wp\/v2\/users\/1"}],"replies":[{"embeddable":true,"href":"https:\/\/tabernaculoprensadedios.com\/web\/wp-json\/wp\/v2\/comments?post=35372"}],"version-history":[{"count":1,"href":"https:\/\/tabernaculoprensadedios.com\/web\/wp-json\/wp\/v2\/posts\/35372\/revisions"}],"predecessor-version":[{"id":35374,"href":"https:\/\/tabernaculoprensadedios.com\/web\/wp-json\/wp\/v2\/posts\/35372\/revisions\/35374"}],"wp:featuredmedia":[{"embeddable":true,"href":"https:\/\/tabernaculoprensadedios.com\/web\/wp-json\/wp\/v2\/media\/35373"}],"wp:attachment":[{"href":"https:\/\/tabernaculoprensadedios.com\/web\/wp-json\/wp\/v2\/media?parent=35372"}],"wp:term":[{"taxonomy":"category","embeddable":true,"href":"https:\/\/tabernaculoprensadedios.com\/web\/wp-json\/wp\/v2\/categories?post=35372"},{"taxonomy":"post_tag","embeddable":true,"href":"https:\/\/tabernaculoprensadedios.com\/web\/wp-json\/wp\/v2\/tags?post=35372"}],"curies":[{"name":"wp","href":"https:\/\/api.w.org\/{rel}","templated":true}]}}