{"id":35040,"date":"2025-06-21T01:25:45","date_gmt":"2025-06-21T01:25:45","guid":{"rendered":"https:\/\/tabernaculoprensadedios.com\/web\/?p=35040"},"modified":"2025-06-21T01:25:45","modified_gmt":"2025-06-21T01:25:45","slug":"nueva-alianza-fortalece-la-formacion-teologica-en-la-unev","status":"publish","type":"post","link":"https:\/\/tabernaculoprensadedios.com\/web\/nueva-alianza-fortalece-la-formacion-teologica-en-la-unev\/","title":{"rendered":"Nueva alianza fortalece la formaci\u00f3n teol\u00f3gica en la UNEV"},"content":{"rendered":"<p>La Universidad Nacional Evang\u00e9lica (<strong>UNEV<\/strong>) y la<strong> Asociaci\u00f3n de Discipulado Siete Ovejas<\/strong> y un Pastor firmaron un acuerdo de colaboraci\u00f3n para implementar, en las instalaciones de la UNEV, el programa de discipulado que lleva el mismo nombre. El objetivo principal de esta iniciativa es la formaci\u00f3n de l\u00edderes cristianos s\u00f3lidos, a trav\u00e9s de un proceso sistem\u00e1tico de ense\u00f1anza b\u00edblica y mentor\u00eda espiritual, en beneficio tanto de la comunidad estudiantil como eclesial.<\/p>\n<p>Este proyecto de formaci\u00f3n teol\u00f3gica se desarrollar\u00e1 en el marco de un programa conjunto de becas, dirigido a personas interesadas en cursar la Licenciatura en Teolog\u00eda, as\u00ed como los programas de posgrado que ofrece la UNEV en esta misma disciplina.<\/p>\n<p>Los postulantes deber\u00e1n cumplir con una serie de requisitos acad\u00e9micos, pastorales o ministeriales, los cuales se les informar\u00e1n durante el proceso de selecci\u00f3n. La convocatoria oficial ser\u00e1 publicada en los pr\u00f3ximos d\u00edas.<\/p>\n<p>Como parte del acuerdo, se organizar\u00e1n talleres, diplomados, seminarios y conferencias, en coherencia con los principios cristianos que ambas instituciones comparten y promueven.<\/p>\n<p>Las actividades formativas ser\u00e1n impartidas y coordinadas por la referida Asociaci\u00f3n integrada mayormente por coreanos, mientras que, la UNEV, facilitar\u00e1 sus instalaciones y asumir\u00e1 la promoci\u00f3n, captaci\u00f3n, selecci\u00f3n y seguimiento acad\u00e9mico de los estudiantes admitidos en la carrera de Teolog\u00eda y en los programas de posgrado relacionados.<\/p>\n<p>La firma del acuerdo estuvo encabezada por las m\u00e1ximas autoridades de ambas instituciones.<\/p>\n<p>Por parte de la UNEV, particip\u00f3 su rector, el Dr. Rafael Reyes; mientras que, en representaci\u00f3n de la Asociaci\u00f3n cristiana, estuvieron presentes el presidente de The Korean Presbyterian Church of Bayside (KPCB), Chong Shik Lee, y el director de la Asociaci\u00f3n de Disc\u00edpulos Siete Ovejas y un Pastor, Apolinar de Le\u00f3n Peralta.<\/p>\n","protected":false},"excerpt":{"rendered":"<p>La Universidad Nacional Evang\u00e9lica (UNEV) y la Asociaci\u00f3n de Discipulado Siete Ovejas y un Pastor firmaron un acuerdo de colaboraci\u00f3n para implementar, en las instalaciones de la UNEV, el programa de discipulado que lleva el mismo nombre. El objetivo principal de esta iniciativa es la formaci\u00f3n de l\u00edderes cristianos s\u00f3lidos, a trav\u00e9s de un proceso &hellip;<\/p>\n","protected":false},"author":1,"featured_media":35041,"comment_status":"open","ping_status":"open","sticky":false,"template":"","format":"standard","meta":{"footnotes":""},"categories":[19],"tags":[],"class_list":["post-35040","post","type-post","status-publish","format-standard","has-post-thumbnail","hentry","category-educacion"],"yoast_head":"<!-- This site is optimized with the Yoast SEO Premium plugin v24.2 (Yoast SEO v27.1.1) - https:\/\/yoast.com\/product\/yoast-seo-premium-wordpress\/ -->\n<title>Nueva alianza fortalece la formaci\u00f3n teol\u00f3gica en la UNEV - Tabernaculo Prensa de Dios<\/title>\n<meta name=\"robots\" content=\"index, follow, max-snippet:-1, max-image-preview:large, max-video-preview:-1\" \/>\n<link rel=\"canonical\" href=\"https:\/\/tabernaculoprensadedios.com\/web\/nueva-alianza-fortalece-la-formacion-teologica-en-la-unev\/\" class=\"yoast-seo-meta-tag\" \/>\n<meta property=\"og:locale\" content=\"es_ES\" class=\"yoast-seo-meta-tag\" \/>\n<meta property=\"og:type\" content=\"article\" class=\"yoast-seo-meta-tag\" \/>\n<meta property=\"og:title\" content=\"Nueva alianza fortalece la formaci\u00f3n teol\u00f3gica en la UNEV\" class=\"yoast-seo-meta-tag\" \/>\n<meta property=\"og:description\" content=\"La Universidad Nacional Evang\u00e9lica (UNEV) y la Asociaci\u00f3n de Discipulado Siete Ovejas y un Pastor firmaron un acuerdo de colaboraci\u00f3n para implementar, en las instalaciones de la UNEV, el programa de discipulado que lleva el mismo nombre. El objetivo principal de esta iniciativa es la formaci\u00f3n de l\u00edderes cristianos s\u00f3lidos, a trav\u00e9s de un proceso &hellip;\" class=\"yoast-seo-meta-tag\" \/>\n<meta property=\"og:url\" content=\"https:\/\/tabernaculoprensadedios.com\/web\/nueva-alianza-fortalece-la-formacion-teologica-en-la-unev\/\" class=\"yoast-seo-meta-tag\" \/>\n<meta property=\"og:site_name\" content=\"Tabernaculo Prensa de Dios\" class=\"yoast-seo-meta-tag\" \/>\n<meta property=\"article:published_time\" content=\"2025-06-21T01:25:45+00:00\" class=\"yoast-seo-meta-tag\" \/>\n<meta property=\"og:image\" content=\"https:\/\/tabernaculoprensadedios.com\/web\/wp-content\/uploads\/2025\/06\/WhatsApp-Image-2025-06-12-at-9.42.22-AM-1024x768-1.avif\" class=\"yoast-seo-meta-tag\" \/>\n\t<meta property=\"og:image:width\" content=\"1024\" class=\"yoast-seo-meta-tag\" \/>\n\t<meta property=\"og:image:height\" content=\"768\" class=\"yoast-seo-meta-tag\" \/>\n\t<meta property=\"og:image:type\" content=\"image\/jpeg\" class=\"yoast-seo-meta-tag\" \/>\n<meta name=\"author\" content=\"tabernaculo\" class=\"yoast-seo-meta-tag\" \/>\n<meta name=\"twitter:card\" content=\"summary_large_image\" class=\"yoast-seo-meta-tag\" \/>\n<meta name=\"twitter:creator\" content=\"@PrensadeDios\" class=\"yoast-seo-meta-tag\" \/>\n<meta name=\"twitter:site\" content=\"@PrensadeDios\" class=\"yoast-seo-meta-tag\" \/>\n<meta name=\"twitter:label1\" content=\"Escrito por\" class=\"yoast-seo-meta-tag\" \/>\n\t<meta name=\"twitter:data1\" content=\"tabernaculo\" class=\"yoast-seo-meta-tag\" \/>\n\t<meta name=\"twitter:label2\" content=\"Tiempo de lectura\" class=\"yoast-seo-meta-tag\" \/>\n\t<meta name=\"twitter:data2\" content=\"2 minutos\" class=\"yoast-seo-meta-tag\" \/>\n<script type=\"application\/ld+json\" class=\"yoast-schema-graph\">{\"@context\":\"https:\/\/schema.org\",\"@graph\":[{\"@type\":\"Article\",\"@id\":\"https:\/\/tabernaculoprensadedios.com\/web\/nueva-alianza-fortalece-la-formacion-teologica-en-la-unev\/#article\",\"isPartOf\":{\"@id\":\"https:\/\/tabernaculoprensadedios.com\/web\/nueva-alianza-fortalece-la-formacion-teologica-en-la-unev\/\"},\"author\":{\"name\":\"tabernaculo\",\"@id\":\"https:\/\/tabernaculoprensadedios.com\/web\/#\/schema\/person\/bc0e069fef56b38e177db6f098ae0b6e\"},\"headline\":\"Nueva alianza fortalece la formaci\u00f3n teol\u00f3gica en la UNEV\",\"datePublished\":\"2025-06-21T01:25:45+00:00\",\"mainEntityOfPage\":{\"@id\":\"https:\/\/tabernaculoprensadedios.com\/web\/nueva-alianza-fortalece-la-formacion-teologica-en-la-unev\/\"},\"wordCount\":323,\"commentCount\":0,\"publisher\":{\"@id\":\"https:\/\/tabernaculoprensadedios.com\/web\/#\/schema\/person\/bc0e069fef56b38e177db6f098ae0b6e\"},\"image\":{\"@id\":\"https:\/\/tabernaculoprensadedios.com\/web\/nueva-alianza-fortalece-la-formacion-teologica-en-la-unev\/#primaryimage\"},\"thumbnailUrl\":\"https:\/\/tabernaculoprensadedios.com\/web\/wp-content\/uploads\/2025\/06\/WhatsApp-Image-2025-06-12-at-9.42.22-AM-1024x768-1.avif\",\"articleSection\":[\"Educaci\u00f3n\"],\"inLanguage\":\"es\",\"potentialAction\":[{\"@type\":\"CommentAction\",\"name\":\"Comment\",\"target\":[\"https:\/\/tabernaculoprensadedios.com\/web\/nueva-alianza-fortalece-la-formacion-teologica-en-la-unev\/#respond\"]}]},{\"@type\":\"WebPage\",\"@id\":\"https:\/\/tabernaculoprensadedios.com\/web\/nueva-alianza-fortalece-la-formacion-teologica-en-la-unev\/\",\"url\":\"https:\/\/tabernaculoprensadedios.com\/web\/nueva-alianza-fortalece-la-formacion-teologica-en-la-unev\/\",\"name\":\"Nueva alianza fortalece la formaci\u00f3n teol\u00f3gica en la UNEV - Tabernaculo Prensa de Dios\",\"isPartOf\":{\"@id\":\"https:\/\/tabernaculoprensadedios.com\/web\/#website\"},\"primaryImageOfPage\":{\"@id\":\"https:\/\/tabernaculoprensadedios.com\/web\/nueva-alianza-fortalece-la-formacion-teologica-en-la-unev\/#primaryimage\"},\"image\":{\"@id\":\"https:\/\/tabernaculoprensadedios.com\/web\/nueva-alianza-fortalece-la-formacion-teologica-en-la-unev\/#primaryimage\"},\"thumbnailUrl\":\"https:\/\/tabernaculoprensadedios.com\/web\/wp-content\/uploads\/2025\/06\/WhatsApp-Image-2025-06-12-at-9.42.22-AM-1024x768-1.avif\",\"datePublished\":\"2025-06-21T01:25:45+00:00\",\"breadcrumb\":{\"@id\":\"https:\/\/tabernaculoprensadedios.com\/web\/nueva-alianza-fortalece-la-formacion-teologica-en-la-unev\/#breadcrumb\"},\"inLanguage\":\"es\",\"potentialAction\":[{\"@type\":\"ReadAction\",\"target\":[\"https:\/\/tabernaculoprensadedios.com\/web\/nueva-alianza-fortalece-la-formacion-teologica-en-la-unev\/\"]}]},{\"@type\":\"ImageObject\",\"inLanguage\":\"es\",\"@id\":\"https:\/\/tabernaculoprensadedios.com\/web\/nueva-alianza-fortalece-la-formacion-teologica-en-la-unev\/#primaryimage\",\"url\":\"https:\/\/tabernaculoprensadedios.com\/web\/wp-content\/uploads\/2025\/06\/WhatsApp-Image-2025-06-12-at-9.42.22-AM-1024x768-1.avif\",\"contentUrl\":\"https:\/\/tabernaculoprensadedios.com\/web\/wp-content\/uploads\/2025\/06\/WhatsApp-Image-2025-06-12-at-9.42.22-AM-1024x768-1.avif\",\"width\":1024,\"height\":768},{\"@type\":\"BreadcrumbList\",\"@id\":\"https:\/\/tabernaculoprensadedios.com\/web\/nueva-alianza-fortalece-la-formacion-teologica-en-la-unev\/#breadcrumb\",\"itemListElement\":[{\"@type\":\"ListItem\",\"position\":1,\"name\":\"Portada\",\"item\":\"https:\/\/tabernaculoprensadedios.com\/web\/\"},{\"@type\":\"ListItem\",\"position\":2,\"name\":\"Nueva alianza fortalece la formaci\u00f3n teol\u00f3gica en la UNEV\"}]},{\"@type\":\"WebSite\",\"@id\":\"https:\/\/tabernaculoprensadedios.com\/web\/#website\",\"url\":\"https:\/\/tabernaculoprensadedios.com\/web\/\",\"name\":\"Tabernaculo Prensa de Dios\",\"description\":\"Un medio a la manera de Dios\",\"publisher\":{\"@id\":\"https:\/\/tabernaculoprensadedios.com\/web\/#\/schema\/person\/bc0e069fef56b38e177db6f098ae0b6e\"},\"potentialAction\":[{\"@type\":\"SearchAction\",\"target\":{\"@type\":\"EntryPoint\",\"urlTemplate\":\"https:\/\/tabernaculoprensadedios.com\/web\/?s={search_term_string}\"},\"query-input\":{\"@type\":\"PropertyValueSpecification\",\"valueRequired\":true,\"valueName\":\"search_term_string\"}}],\"inLanguage\":\"es\"},{\"@type\":[\"Person\",\"Organization\"],\"@id\":\"https:\/\/tabernaculoprensadedios.com\/web\/#\/schema\/person\/bc0e069fef56b38e177db6f098ae0b6e\",\"name\":\"tabernaculo\",\"image\":{\"@type\":\"ImageObject\",\"inLanguage\":\"es\",\"@id\":\"https:\/\/tabernaculoprensadedios.com\/web\/#\/schema\/person\/image\/\",\"url\":\"https:\/\/tabernaculoprensadedios.com\/web\/wp-content\/uploads\/2015\/06\/login-logo1.png\",\"contentUrl\":\"https:\/\/tabernaculoprensadedios.com\/web\/wp-content\/uploads\/2015\/06\/login-logo1.png\",\"width\":300,\"height\":118,\"caption\":\"tabernaculo\"},\"logo\":{\"@id\":\"https:\/\/tabernaculoprensadedios.com\/web\/#\/schema\/person\/image\/\"},\"url\":\"https:\/\/tabernaculoprensadedios.com\/web\/author\/tabernaculo\/\"}]}<\/script>\n<!-- \/ Yoast SEO Premium plugin. -->","yoast_head_json":{"title":"Nueva alianza fortalece la formaci\u00f3n teol\u00f3gica en la UNEV - Tabernaculo Prensa de Dios","robots":{"index":"index","follow":"follow","max-snippet":"max-snippet:-1","max-image-preview":"max-image-preview:large","max-video-preview":"max-video-preview:-1"},"canonical":"https:\/\/tabernaculoprensadedios.com\/web\/nueva-alianza-fortalece-la-formacion-teologica-en-la-unev\/","og_locale":"es_ES","og_type":"article","og_title":"Nueva alianza fortalece la formaci\u00f3n teol\u00f3gica en la UNEV","og_description":"La Universidad Nacional Evang\u00e9lica (UNEV) y la Asociaci\u00f3n de Discipulado Siete Ovejas y un Pastor firmaron un acuerdo de colaboraci\u00f3n para implementar, en las instalaciones de la UNEV, el programa de discipulado que lleva el mismo nombre. El objetivo principal de esta iniciativa es la formaci\u00f3n de l\u00edderes cristianos s\u00f3lidos, a trav\u00e9s de un proceso &hellip;","og_url":"https:\/\/tabernaculoprensadedios.com\/web\/nueva-alianza-fortalece-la-formacion-teologica-en-la-unev\/","og_site_name":"Tabernaculo Prensa de Dios","article_published_time":"2025-06-21T01:25:45+00:00","og_image":[{"width":1024,"height":768,"url":"https:\/\/tabernaculoprensadedios.com\/web\/wp-content\/uploads\/2025\/06\/WhatsApp-Image-2025-06-12-at-9.42.22-AM-1024x768-1.avif","type":"image\/jpeg"}],"author":"tabernaculo","twitter_card":"summary_large_image","twitter_creator":"@PrensadeDios","twitter_site":"@PrensadeDios","twitter_misc":{"Escrito por":"tabernaculo","Tiempo de lectura":"2 minutos"},"schema":{"@context":"https:\/\/schema.org","@graph":[{"@type":"Article","@id":"https:\/\/tabernaculoprensadedios.com\/web\/nueva-alianza-fortalece-la-formacion-teologica-en-la-unev\/#article","isPartOf":{"@id":"https:\/\/tabernaculoprensadedios.com\/web\/nueva-alianza-fortalece-la-formacion-teologica-en-la-unev\/"},"author":{"name":"tabernaculo","@id":"https:\/\/tabernaculoprensadedios.com\/web\/#\/schema\/person\/bc0e069fef56b38e177db6f098ae0b6e"},"headline":"Nueva alianza fortalece la formaci\u00f3n teol\u00f3gica en la UNEV","datePublished":"2025-06-21T01:25:45+00:00","mainEntityOfPage":{"@id":"https:\/\/tabernaculoprensadedios.com\/web\/nueva-alianza-fortalece-la-formacion-teologica-en-la-unev\/"},"wordCount":323,"commentCount":0,"publisher":{"@id":"https:\/\/tabernaculoprensadedios.com\/web\/#\/schema\/person\/bc0e069fef56b38e177db6f098ae0b6e"},"image":{"@id":"https:\/\/tabernaculoprensadedios.com\/web\/nueva-alianza-fortalece-la-formacion-teologica-en-la-unev\/#primaryimage"},"thumbnailUrl":"https:\/\/tabernaculoprensadedios.com\/web\/wp-content\/uploads\/2025\/06\/WhatsApp-Image-2025-06-12-at-9.42.22-AM-1024x768-1.avif","articleSection":["Educaci\u00f3n"],"inLanguage":"es","potentialAction":[{"@type":"CommentAction","name":"Comment","target":["https:\/\/tabernaculoprensadedios.com\/web\/nueva-alianza-fortalece-la-formacion-teologica-en-la-unev\/#respond"]}]},{"@type":"WebPage","@id":"https:\/\/tabernaculoprensadedios.com\/web\/nueva-alianza-fortalece-la-formacion-teologica-en-la-unev\/","url":"https:\/\/tabernaculoprensadedios.com\/web\/nueva-alianza-fortalece-la-formacion-teologica-en-la-unev\/","name":"Nueva alianza fortalece la formaci\u00f3n teol\u00f3gica en la UNEV - Tabernaculo Prensa de Dios","isPartOf":{"@id":"https:\/\/tabernaculoprensadedios.com\/web\/#website"},"primaryImageOfPage":{"@id":"https:\/\/tabernaculoprensadedios.com\/web\/nueva-alianza-fortalece-la-formacion-teologica-en-la-unev\/#primaryimage"},"image":{"@id":"https:\/\/tabernaculoprensadedios.com\/web\/nueva-alianza-fortalece-la-formacion-teologica-en-la-unev\/#primaryimage"},"thumbnailUrl":"https:\/\/tabernaculoprensadedios.com\/web\/wp-content\/uploads\/2025\/06\/WhatsApp-Image-2025-06-12-at-9.42.22-AM-1024x768-1.avif","datePublished":"2025-06-21T01:25:45+00:00","breadcrumb":{"@id":"https:\/\/tabernaculoprensadedios.com\/web\/nueva-alianza-fortalece-la-formacion-teologica-en-la-unev\/#breadcrumb"},"inLanguage":"es","potentialAction":[{"@type":"ReadAction","target":["https:\/\/tabernaculoprensadedios.com\/web\/nueva-alianza-fortalece-la-formacion-teologica-en-la-unev\/"]}]},{"@type":"ImageObject","inLanguage":"es","@id":"https:\/\/tabernaculoprensadedios.com\/web\/nueva-alianza-fortalece-la-formacion-teologica-en-la-unev\/#primaryimage","url":"https:\/\/tabernaculoprensadedios.com\/web\/wp-content\/uploads\/2025\/06\/WhatsApp-Image-2025-06-12-at-9.42.22-AM-1024x768-1.avif","contentUrl":"https:\/\/tabernaculoprensadedios.com\/web\/wp-content\/uploads\/2025\/06\/WhatsApp-Image-2025-06-12-at-9.42.22-AM-1024x768-1.avif","width":1024,"height":768},{"@type":"BreadcrumbList","@id":"https:\/\/tabernaculoprensadedios.com\/web\/nueva-alianza-fortalece-la-formacion-teologica-en-la-unev\/#breadcrumb","itemListElement":[{"@type":"ListItem","position":1,"name":"Portada","item":"https:\/\/tabernaculoprensadedios.com\/web\/"},{"@type":"ListItem","position":2,"name":"Nueva alianza fortalece la formaci\u00f3n teol\u00f3gica en la UNEV"}]},{"@type":"WebSite","@id":"https:\/\/tabernaculoprensadedios.com\/web\/#website","url":"https:\/\/tabernaculoprensadedios.com\/web\/","name":"Tabernaculo Prensa de Dios","description":"Un medio a la manera de Dios","publisher":{"@id":"https:\/\/tabernaculoprensadedios.com\/web\/#\/schema\/person\/bc0e069fef56b38e177db6f098ae0b6e"},"potentialAction":[{"@type":"SearchAction","target":{"@type":"EntryPoint","urlTemplate":"https:\/\/tabernaculoprensadedios.com\/web\/?s={search_term_string}"},"query-input":{"@type":"PropertyValueSpecification","valueRequired":true,"valueName":"search_term_string"}}],"inLanguage":"es"},{"@type":["Person","Organization"],"@id":"https:\/\/tabernaculoprensadedios.com\/web\/#\/schema\/person\/bc0e069fef56b38e177db6f098ae0b6e","name":"tabernaculo","image":{"@type":"ImageObject","inLanguage":"es","@id":"https:\/\/tabernaculoprensadedios.com\/web\/#\/schema\/person\/image\/","url":"https:\/\/tabernaculoprensadedios.com\/web\/wp-content\/uploads\/2015\/06\/login-logo1.png","contentUrl":"https:\/\/tabernaculoprensadedios.com\/web\/wp-content\/uploads\/2015\/06\/login-logo1.png","width":300,"height":118,"caption":"tabernaculo"},"logo":{"@id":"https:\/\/tabernaculoprensadedios.com\/web\/#\/schema\/person\/image\/"},"url":"https:\/\/tabernaculoprensadedios.com\/web\/author\/tabernaculo\/"}]}},"_links":{"self":[{"href":"https:\/\/tabernaculoprensadedios.com\/web\/wp-json\/wp\/v2\/posts\/35040","targetHints":{"allow":["GET"]}}],"collection":[{"href":"https:\/\/tabernaculoprensadedios.com\/web\/wp-json\/wp\/v2\/posts"}],"about":[{"href":"https:\/\/tabernaculoprensadedios.com\/web\/wp-json\/wp\/v2\/types\/post"}],"author":[{"embeddable":true,"href":"https:\/\/tabernaculoprensadedios.com\/web\/wp-json\/wp\/v2\/users\/1"}],"replies":[{"embeddable":true,"href":"https:\/\/tabernaculoprensadedios.com\/web\/wp-json\/wp\/v2\/comments?post=35040"}],"version-history":[{"count":1,"href":"https:\/\/tabernaculoprensadedios.com\/web\/wp-json\/wp\/v2\/posts\/35040\/revisions"}],"predecessor-version":[{"id":35042,"href":"https:\/\/tabernaculoprensadedios.com\/web\/wp-json\/wp\/v2\/posts\/35040\/revisions\/35042"}],"wp:featuredmedia":[{"embeddable":true,"href":"https:\/\/tabernaculoprensadedios.com\/web\/wp-json\/wp\/v2\/media\/35041"}],"wp:attachment":[{"href":"https:\/\/tabernaculoprensadedios.com\/web\/wp-json\/wp\/v2\/media?parent=35040"}],"wp:term":[{"taxonomy":"category","embeddable":true,"href":"https:\/\/tabernaculoprensadedios.com\/web\/wp-json\/wp\/v2\/categories?post=35040"},{"taxonomy":"post_tag","embeddable":true,"href":"https:\/\/tabernaculoprensadedios.com\/web\/wp-json\/wp\/v2\/tags?post=35040"}],"curies":[{"name":"wp","href":"https:\/\/api.w.org\/{rel}","templated":true}]}}