{"id":34846,"date":"2025-06-05T00:40:42","date_gmt":"2025-06-05T00:40:42","guid":{"rendered":"https:\/\/tabernaculoprensadedios.com\/web\/?p=34846"},"modified":"2025-06-05T00:40:42","modified_gmt":"2025-06-05T00:40:42","slug":"cuando-oramos-por-quienes-nos-han-herido-nos-unimos-a-cristo-en-su-obra-de-intercesion","status":"publish","type":"post","link":"https:\/\/tabernaculoprensadedios.com\/web\/cuando-oramos-por-quienes-nos-han-herido-nos-unimos-a-cristo-en-su-obra-de-intercesion\/","title":{"rendered":"Cuando oramos por quienes nos han herido, nos unimos a Cristo en Su obra de intercesi\u00f3n"},"content":{"rendered":"<p>El ap\u00f3stol Pablo dio esa instrucci\u00f3n con una autenticidad nacida de la experiencia personal. \u00c9l mismo hab\u00eda estado all\u00ed, siendo un perseguidor, asintiendo con aprobaci\u00f3n mientras Esteban era ejecutado; las piedras le quitaban la vida a golpes a un fiel seguidor de Jes\u00fas. Esteban clam\u00f3 en sus \u00faltimos momentos:<strong> \u00abSe\u00f1or, no les tomes en cuenta este pecado\u00bb (Hch 7:60),<\/strong> una oraci\u00f3n moribunda que reflejaba el coraz\u00f3n de Jes\u00fas, quien en la cruz dijo: <strong>\u00abPadre, perd\u00f3nalos\u00bb (Lc 23:34), adhiri\u00e9ndose a Su propio mandato de \u00aboren por los que los persiguen\u00bb (Mt 5:44).<\/strong><\/p>\n<p>Con cada piedra que le arrojaban, Esteban absorb\u00eda los golpes en su cuerpo, pero no respond\u00eda con maldiciones, sino con oraci\u00f3n. Intercedi\u00f3 por quienes lo her\u00edan. En un giro notable, Dios respondi\u00f3 la oraci\u00f3n de Esteban al rescatar a Pablo el perseguidor. Pablo mismo llevar\u00eda m\u00e1s tarde heridas \u2014algunas f\u00edsicas, otras emocionales\u2014 infligidas por creyentes e incr\u00e9dulos. Al igual que Esteban, Pablo absorber\u00eda este dolor y, mediante el poder del Esp\u00edritu, convertir\u00eda esas heridas en oraci\u00f3n intercesora por quienes le hab\u00edan hecho da\u00f1o.<\/p>\n<p>Lo que vemos en estos ejemplos es algo m\u00e1s profundo que el simple perd\u00f3n. Es intercesi\u00f3n herida: tomar las heridas que otros nos infligen y convertir el dolor en oraci\u00f3n.<\/p>\n<p><strong>Todos llevamos heridas<br \/>\n<\/strong>Nadie pasa por este mundo ileso. Cada uno de nosotros lleva heridas, quiz\u00e1s por palabras duras, o tal vez por la traici\u00f3n de un amigo, o el aguij\u00f3n del rechazo, o la indiferencia, o la invisibilidad de la negligencia. El coraz\u00f3n quebrantado nos moldea de maneras que quiz\u00e1s tardemos en reconocer. Internalizamos el dolor, alimentamos los desaires y revivimos las escenas. Es entonces cuando la amargura puede infiltrarse y envenenar nuestras almas.<\/p>\n<blockquote><p>La intercesi\u00f3n herida no es una t\u00e9cnica espiritual, es una expresi\u00f3n de vida nueva, un testimonio del poder transformador de la gracia<\/p><\/blockquote>\n<p>La soluci\u00f3n a la amargura es el perd\u00f3n, pero seamos realistas. El perd\u00f3n no es f\u00e1cil y nunca es barato. No surge de forma natural. Tim Keller explica por qu\u00e9 nos resulta tan dif\u00edcil:<\/p>\n<p>El resentimiento siempre nos hace sentir moralmente superiores a quien nos hiri\u00f3, lo cual a su vez hace m\u00e1s dif\u00edcil desprendernos del resentimiento. Si no ves que t\u00fa tambi\u00e9n eres un pecador que necesita gracia, tu resentimiento te retorci\u00f3 y te contaminar\u00e1\u2026 Si vas a perdonar, debes identificarte con los que hieren debes darte cuenta de que eres pecador junto a ellos y que son seres humanos como t\u00fa<\/p>\n<p>John Piper conecta nuestra necesidad de perd\u00f3n con el llamado de Cristo a perdonar:<\/p>\n<p>No puedo regocijarme de que tu vida dependa por completo de la misericordia inmerecida de ser bendecido por Cristo cuando eras Su enemigo, y luego darte la vuelta y maldecir a quienes te persiguen.<\/p>\n<p>Esto concuerda con la forma en que Jes\u00fas nos ense\u00f1\u00f3 a orar: \u00abPerd\u00f3nanos nuestras deudas, como tambi\u00e9n nosotros hemos perdonado a nuestros deudores\u00bb. El perd\u00f3n de Dios y el perd\u00f3n a otros van de la mano. Pero \u00bfc\u00f3mo?<\/p>\n<p><strong>Convierte el dolor en oraci\u00f3n<br \/>\n<\/strong>Perdonar a alguien no significa que finjamos que el dolor no es real. No excusamos la maldad ni barremos el pecado bajo la alfombra. Entonces, \u00bfc\u00f3mo empezamos siquiera este camino? \u00bfC\u00f3mo pueden las heridas que llevamos transformarse de una fuente de da\u00f1o en una fuente de sanidad?<\/p>\n<blockquote><p>Cuando oramos por quienes nos han herido, nos unimos a Cristo en Su obra de intercesi\u00f3n<\/p><\/blockquote>\n<p>El camino se aclara en el mandato del Nuevo Testamento de orar por quienes nos han hecho da\u00f1o. La oraci\u00f3n es donde llevamos a Dios nuestras heridas, los cortes, los moretones, las punzadas. Reconocemos los pecados cometidos contra nosotros y luego alzamos nuestras manos heridas al Esp\u00edritu, en quien confiamos que puede transformar el sufrimiento en compasi\u00f3n.<\/p>\n<p>Cuando oramos por quienes nos han herido, nos unimos a Cristo en Su obra de intercesi\u00f3n. Solo piensa: Jes\u00fas ora continuamente por nosotros: t\u00fa y yo, todos somos responsables de las heridas que \u00c9l recibi\u00f3 en la cruz. Nuestras heridas, unidas a Cristo, pueden llegar a ser como las Suyas, ya no una marca de derrota o desesperaci\u00f3n, sino un canal de gracia hacia los quienes no la merecen. Cuando bendecimos a quienes nos maldicen y oramos por quienes nos hieren, confiamos en que nuestras heridas, en las manos de Jes\u00fas, pueden transformarse en oraciones que el Esp\u00edritu puede usar para traer sanidad no solo a nosotros, sino tambi\u00e9n a nuestros enemigos.<\/p>\n<p>Esa fue la oraci\u00f3n de Oswald Chambers, que \u00abno solo experimentemos el amor de Dios morando en nuestro coraz\u00f3n, sino que nos entreguemos con entusiasmo a ese amor, para que Dios pueda derramarse a trav\u00e9s de nosotros con Sus prop\u00f3sitos redentores para el mundo. \u00c9l quebrant\u00f3 la vida de Su propio Hijo para redimirnos, y ahora quiere que usemos nuestra vida como un sacramento que alimente a otros\u00bb.<\/p>\n<blockquote><p>Amar a nuestros enemigos es prueba de que Cristo ha renovado nuestros corazones. Es la se\u00f1al de Su vida en nosotros<\/p><\/blockquote>\n<p>Uno de mis escritores favoritos de himnos, Nicolae Moldoveanu, sufri\u00f3 bajo el r\u00e9gimen comunista de Rumania, soportando prisi\u00f3n y persecuci\u00f3n. Sin embargo, sus himnos rebosaban de gracia. Me gusta c\u00f3mo su canci\u00f3n \u00abCu haina iubirii\u00bb (\u00abCon el manto del amor\u00bb) captura la naturaleza transformadora del amor de Dios:<\/p>\n<p>Que yo vierta sin cesar en las heridas causadas por el pecado<br \/>\nel b\u00e1lsamo del amor divino,<br \/>\nporque el amor es la se\u00f1al de que el Se\u00f1or de la gloria<br \/>\nme ha hecho nacer de nuevo para \u00c9l.<\/p>\n<p>Para Moldoveanu, amar a nuestros enemigos es prueba de que Cristo ha renovado nuestros corazones. Es la se\u00f1al de Su vida en nosotros. La intercesi\u00f3n herida no es una t\u00e9cnica espiritual, es una expresi\u00f3n de vida nueva, un testimonio del poder transformador de la gracia.<\/p>\n<p><strong>Abraza las heridas de Cristo<br \/>\n<\/strong>Thomas Watson escribi\u00f3: \u00abUn santo verdadero lleva a Cristo en su coraz\u00f3n y la cruz sobre sus hombros\u00bb. Esta es la vida cristiana.<\/p>\n<p>Nadie escapa de esta vida sin heridas. Las heridas a menudo son equivocadas, injustas, sin sentido. El perd\u00f3n comienza con la mirada hacia arriba de confianza a un Padre benevolente, y luego la mirada hacia afuera de amor hacia quienes nos hacen da\u00f1o. En Cristo, las heridas inmerecidas pueden ser correspondidas con bondad inmerecida. Abrazamos a nuestro Salvador marcado por los clavos y nos unimos a la comuni\u00f3n de sus padecimientos.<\/p>\n<p>As\u00ed pues, mientras caminamos tras los pasos de nuestro Se\u00f1or crucificado, pedimos al Esp\u00edritu que convierta nuestro dolor en oraci\u00f3n, nuestras heridas en intercesi\u00f3n, nuestro sufrimiento en sanidad.<\/p>\n","protected":false},"excerpt":{"rendered":"<p>El ap\u00f3stol Pablo dio esa instrucci\u00f3n con una autenticidad nacida de la experiencia personal. \u00c9l mismo hab\u00eda estado all\u00ed, siendo un perseguidor, asintiendo con aprobaci\u00f3n mientras Esteban era ejecutado; las piedras le quitaban la vida a golpes a un fiel seguidor de Jes\u00fas. Esteban clam\u00f3 en sus \u00faltimos momentos: \u00abSe\u00f1or, no les tomes en cuenta &hellip;<\/p>\n","protected":false},"author":1,"featured_media":34847,"comment_status":"open","ping_status":"open","sticky":false,"template":"","format":"standard","meta":{"footnotes":""},"categories":[34],"tags":[],"class_list":["post-34846","post","type-post","status-publish","format-standard","has-post-thumbnail","hentry","category-articulos"],"yoast_head":"<!-- This site is optimized with the Yoast SEO Premium plugin v24.2 (Yoast SEO v27.1.1) - https:\/\/yoast.com\/product\/yoast-seo-premium-wordpress\/ -->\n<title>Cuando oramos por quienes nos han herido, nos unimos a Cristo en Su obra de intercesi\u00f3n - Tabernaculo Prensa de Dios<\/title>\n<meta name=\"robots\" content=\"index, follow, max-snippet:-1, max-image-preview:large, max-video-preview:-1\" \/>\n<link rel=\"canonical\" href=\"https:\/\/tabernaculoprensadedios.com\/web\/cuando-oramos-por-quienes-nos-han-herido-nos-unimos-a-cristo-en-su-obra-de-intercesion\/\" class=\"yoast-seo-meta-tag\" \/>\n<meta property=\"og:locale\" content=\"es_ES\" class=\"yoast-seo-meta-tag\" \/>\n<meta property=\"og:type\" content=\"article\" class=\"yoast-seo-meta-tag\" \/>\n<meta property=\"og:title\" content=\"Cuando oramos por quienes nos han herido, nos unimos a Cristo en Su obra de intercesi\u00f3n\" class=\"yoast-seo-meta-tag\" \/>\n<meta property=\"og:description\" content=\"El ap\u00f3stol Pablo dio esa instrucci\u00f3n con una autenticidad nacida de la experiencia personal. \u00c9l mismo hab\u00eda estado all\u00ed, siendo un perseguidor, asintiendo con aprobaci\u00f3n mientras Esteban era ejecutado; las piedras le quitaban la vida a golpes a un fiel seguidor de Jes\u00fas. Esteban clam\u00f3 en sus \u00faltimos momentos: \u00abSe\u00f1or, no les tomes en cuenta &hellip;\" class=\"yoast-seo-meta-tag\" \/>\n<meta property=\"og:url\" content=\"https:\/\/tabernaculoprensadedios.com\/web\/cuando-oramos-por-quienes-nos-han-herido-nos-unimos-a-cristo-en-su-obra-de-intercesion\/\" class=\"yoast-seo-meta-tag\" \/>\n<meta property=\"og:site_name\" content=\"Tabernaculo Prensa de Dios\" class=\"yoast-seo-meta-tag\" \/>\n<meta property=\"article:published_time\" content=\"2025-06-05T00:40:42+00:00\" class=\"yoast-seo-meta-tag\" \/>\n<meta property=\"og:image\" content=\"https:\/\/tabernaculoprensadedios.com\/web\/wp-content\/uploads\/2025\/06\/obras-de-cristo.avif\" class=\"yoast-seo-meta-tag\" \/>\n\t<meta property=\"og:image:width\" content=\"1280\" class=\"yoast-seo-meta-tag\" \/>\n\t<meta property=\"og:image:height\" content=\"848\" class=\"yoast-seo-meta-tag\" \/>\n\t<meta property=\"og:image:type\" content=\"image\/jpeg\" class=\"yoast-seo-meta-tag\" \/>\n<meta name=\"author\" content=\"tabernaculo\" class=\"yoast-seo-meta-tag\" \/>\n<meta name=\"twitter:card\" content=\"summary_large_image\" class=\"yoast-seo-meta-tag\" \/>\n<meta name=\"twitter:creator\" content=\"@PrensadeDios\" class=\"yoast-seo-meta-tag\" \/>\n<meta name=\"twitter:site\" content=\"@PrensadeDios\" class=\"yoast-seo-meta-tag\" \/>\n<meta name=\"twitter:label1\" content=\"Escrito por\" class=\"yoast-seo-meta-tag\" \/>\n\t<meta name=\"twitter:data1\" content=\"tabernaculo\" class=\"yoast-seo-meta-tag\" \/>\n\t<meta name=\"twitter:label2\" content=\"Tiempo de lectura\" class=\"yoast-seo-meta-tag\" \/>\n\t<meta name=\"twitter:data2\" content=\"5 minutos\" class=\"yoast-seo-meta-tag\" \/>\n<script type=\"application\/ld+json\" class=\"yoast-schema-graph\">{\"@context\":\"https:\/\/schema.org\",\"@graph\":[{\"@type\":\"Article\",\"@id\":\"https:\/\/tabernaculoprensadedios.com\/web\/cuando-oramos-por-quienes-nos-han-herido-nos-unimos-a-cristo-en-su-obra-de-intercesion\/#article\",\"isPartOf\":{\"@id\":\"https:\/\/tabernaculoprensadedios.com\/web\/cuando-oramos-por-quienes-nos-han-herido-nos-unimos-a-cristo-en-su-obra-de-intercesion\/\"},\"author\":{\"name\":\"tabernaculo\",\"@id\":\"https:\/\/tabernaculoprensadedios.com\/web\/#\/schema\/person\/bc0e069fef56b38e177db6f098ae0b6e\"},\"headline\":\"Cuando oramos por quienes nos han herido, nos unimos a Cristo en Su obra de intercesi\u00f3n\",\"datePublished\":\"2025-06-05T00:40:42+00:00\",\"mainEntityOfPage\":{\"@id\":\"https:\/\/tabernaculoprensadedios.com\/web\/cuando-oramos-por-quienes-nos-han-herido-nos-unimos-a-cristo-en-su-obra-de-intercesion\/\"},\"wordCount\":1181,\"commentCount\":0,\"publisher\":{\"@id\":\"https:\/\/tabernaculoprensadedios.com\/web\/#\/schema\/person\/bc0e069fef56b38e177db6f098ae0b6e\"},\"image\":{\"@id\":\"https:\/\/tabernaculoprensadedios.com\/web\/cuando-oramos-por-quienes-nos-han-herido-nos-unimos-a-cristo-en-su-obra-de-intercesion\/#primaryimage\"},\"thumbnailUrl\":\"https:\/\/tabernaculoprensadedios.com\/web\/wp-content\/uploads\/2025\/06\/obras-de-cristo.avif\",\"articleSection\":[\"Articulos\"],\"inLanguage\":\"es\",\"potentialAction\":[{\"@type\":\"CommentAction\",\"name\":\"Comment\",\"target\":[\"https:\/\/tabernaculoprensadedios.com\/web\/cuando-oramos-por-quienes-nos-han-herido-nos-unimos-a-cristo-en-su-obra-de-intercesion\/#respond\"]}]},{\"@type\":\"WebPage\",\"@id\":\"https:\/\/tabernaculoprensadedios.com\/web\/cuando-oramos-por-quienes-nos-han-herido-nos-unimos-a-cristo-en-su-obra-de-intercesion\/\",\"url\":\"https:\/\/tabernaculoprensadedios.com\/web\/cuando-oramos-por-quienes-nos-han-herido-nos-unimos-a-cristo-en-su-obra-de-intercesion\/\",\"name\":\"Cuando oramos por quienes nos han herido, nos unimos a Cristo en Su obra de intercesi\u00f3n - Tabernaculo Prensa de Dios\",\"isPartOf\":{\"@id\":\"https:\/\/tabernaculoprensadedios.com\/web\/#website\"},\"primaryImageOfPage\":{\"@id\":\"https:\/\/tabernaculoprensadedios.com\/web\/cuando-oramos-por-quienes-nos-han-herido-nos-unimos-a-cristo-en-su-obra-de-intercesion\/#primaryimage\"},\"image\":{\"@id\":\"https:\/\/tabernaculoprensadedios.com\/web\/cuando-oramos-por-quienes-nos-han-herido-nos-unimos-a-cristo-en-su-obra-de-intercesion\/#primaryimage\"},\"thumbnailUrl\":\"https:\/\/tabernaculoprensadedios.com\/web\/wp-content\/uploads\/2025\/06\/obras-de-cristo.avif\",\"datePublished\":\"2025-06-05T00:40:42+00:00\",\"breadcrumb\":{\"@id\":\"https:\/\/tabernaculoprensadedios.com\/web\/cuando-oramos-por-quienes-nos-han-herido-nos-unimos-a-cristo-en-su-obra-de-intercesion\/#breadcrumb\"},\"inLanguage\":\"es\",\"potentialAction\":[{\"@type\":\"ReadAction\",\"target\":[\"https:\/\/tabernaculoprensadedios.com\/web\/cuando-oramos-por-quienes-nos-han-herido-nos-unimos-a-cristo-en-su-obra-de-intercesion\/\"]}]},{\"@type\":\"ImageObject\",\"inLanguage\":\"es\",\"@id\":\"https:\/\/tabernaculoprensadedios.com\/web\/cuando-oramos-por-quienes-nos-han-herido-nos-unimos-a-cristo-en-su-obra-de-intercesion\/#primaryimage\",\"url\":\"https:\/\/tabernaculoprensadedios.com\/web\/wp-content\/uploads\/2025\/06\/obras-de-cristo.avif\",\"contentUrl\":\"https:\/\/tabernaculoprensadedios.com\/web\/wp-content\/uploads\/2025\/06\/obras-de-cristo.avif\",\"width\":1280,\"height\":848},{\"@type\":\"BreadcrumbList\",\"@id\":\"https:\/\/tabernaculoprensadedios.com\/web\/cuando-oramos-por-quienes-nos-han-herido-nos-unimos-a-cristo-en-su-obra-de-intercesion\/#breadcrumb\",\"itemListElement\":[{\"@type\":\"ListItem\",\"position\":1,\"name\":\"Portada\",\"item\":\"https:\/\/tabernaculoprensadedios.com\/web\/\"},{\"@type\":\"ListItem\",\"position\":2,\"name\":\"Cuando oramos por quienes nos han herido, nos unimos a Cristo en Su obra de intercesi\u00f3n\"}]},{\"@type\":\"WebSite\",\"@id\":\"https:\/\/tabernaculoprensadedios.com\/web\/#website\",\"url\":\"https:\/\/tabernaculoprensadedios.com\/web\/\",\"name\":\"Tabernaculo Prensa de Dios\",\"description\":\"Un medio a la manera de Dios\",\"publisher\":{\"@id\":\"https:\/\/tabernaculoprensadedios.com\/web\/#\/schema\/person\/bc0e069fef56b38e177db6f098ae0b6e\"},\"potentialAction\":[{\"@type\":\"SearchAction\",\"target\":{\"@type\":\"EntryPoint\",\"urlTemplate\":\"https:\/\/tabernaculoprensadedios.com\/web\/?s={search_term_string}\"},\"query-input\":{\"@type\":\"PropertyValueSpecification\",\"valueRequired\":true,\"valueName\":\"search_term_string\"}}],\"inLanguage\":\"es\"},{\"@type\":[\"Person\",\"Organization\"],\"@id\":\"https:\/\/tabernaculoprensadedios.com\/web\/#\/schema\/person\/bc0e069fef56b38e177db6f098ae0b6e\",\"name\":\"tabernaculo\",\"image\":{\"@type\":\"ImageObject\",\"inLanguage\":\"es\",\"@id\":\"https:\/\/tabernaculoprensadedios.com\/web\/#\/schema\/person\/image\/\",\"url\":\"https:\/\/tabernaculoprensadedios.com\/web\/wp-content\/uploads\/2015\/06\/login-logo1.png\",\"contentUrl\":\"https:\/\/tabernaculoprensadedios.com\/web\/wp-content\/uploads\/2015\/06\/login-logo1.png\",\"width\":300,\"height\":118,\"caption\":\"tabernaculo\"},\"logo\":{\"@id\":\"https:\/\/tabernaculoprensadedios.com\/web\/#\/schema\/person\/image\/\"},\"url\":\"https:\/\/tabernaculoprensadedios.com\/web\/author\/tabernaculo\/\"}]}<\/script>\n<!-- \/ Yoast SEO Premium plugin. -->","yoast_head_json":{"title":"Cuando oramos por quienes nos han herido, nos unimos a Cristo en Su obra de intercesi\u00f3n - Tabernaculo Prensa de Dios","robots":{"index":"index","follow":"follow","max-snippet":"max-snippet:-1","max-image-preview":"max-image-preview:large","max-video-preview":"max-video-preview:-1"},"canonical":"https:\/\/tabernaculoprensadedios.com\/web\/cuando-oramos-por-quienes-nos-han-herido-nos-unimos-a-cristo-en-su-obra-de-intercesion\/","og_locale":"es_ES","og_type":"article","og_title":"Cuando oramos por quienes nos han herido, nos unimos a Cristo en Su obra de intercesi\u00f3n","og_description":"El ap\u00f3stol Pablo dio esa instrucci\u00f3n con una autenticidad nacida de la experiencia personal. \u00c9l mismo hab\u00eda estado all\u00ed, siendo un perseguidor, asintiendo con aprobaci\u00f3n mientras Esteban era ejecutado; las piedras le quitaban la vida a golpes a un fiel seguidor de Jes\u00fas. Esteban clam\u00f3 en sus \u00faltimos momentos: \u00abSe\u00f1or, no les tomes en cuenta &hellip;","og_url":"https:\/\/tabernaculoprensadedios.com\/web\/cuando-oramos-por-quienes-nos-han-herido-nos-unimos-a-cristo-en-su-obra-de-intercesion\/","og_site_name":"Tabernaculo Prensa de Dios","article_published_time":"2025-06-05T00:40:42+00:00","og_image":[{"width":1280,"height":848,"url":"https:\/\/tabernaculoprensadedios.com\/web\/wp-content\/uploads\/2025\/06\/obras-de-cristo.avif","type":"image\/jpeg"}],"author":"tabernaculo","twitter_card":"summary_large_image","twitter_creator":"@PrensadeDios","twitter_site":"@PrensadeDios","twitter_misc":{"Escrito por":"tabernaculo","Tiempo de lectura":"5 minutos"},"schema":{"@context":"https:\/\/schema.org","@graph":[{"@type":"Article","@id":"https:\/\/tabernaculoprensadedios.com\/web\/cuando-oramos-por-quienes-nos-han-herido-nos-unimos-a-cristo-en-su-obra-de-intercesion\/#article","isPartOf":{"@id":"https:\/\/tabernaculoprensadedios.com\/web\/cuando-oramos-por-quienes-nos-han-herido-nos-unimos-a-cristo-en-su-obra-de-intercesion\/"},"author":{"name":"tabernaculo","@id":"https:\/\/tabernaculoprensadedios.com\/web\/#\/schema\/person\/bc0e069fef56b38e177db6f098ae0b6e"},"headline":"Cuando oramos por quienes nos han herido, nos unimos a Cristo en Su obra de intercesi\u00f3n","datePublished":"2025-06-05T00:40:42+00:00","mainEntityOfPage":{"@id":"https:\/\/tabernaculoprensadedios.com\/web\/cuando-oramos-por-quienes-nos-han-herido-nos-unimos-a-cristo-en-su-obra-de-intercesion\/"},"wordCount":1181,"commentCount":0,"publisher":{"@id":"https:\/\/tabernaculoprensadedios.com\/web\/#\/schema\/person\/bc0e069fef56b38e177db6f098ae0b6e"},"image":{"@id":"https:\/\/tabernaculoprensadedios.com\/web\/cuando-oramos-por-quienes-nos-han-herido-nos-unimos-a-cristo-en-su-obra-de-intercesion\/#primaryimage"},"thumbnailUrl":"https:\/\/tabernaculoprensadedios.com\/web\/wp-content\/uploads\/2025\/06\/obras-de-cristo.avif","articleSection":["Articulos"],"inLanguage":"es","potentialAction":[{"@type":"CommentAction","name":"Comment","target":["https:\/\/tabernaculoprensadedios.com\/web\/cuando-oramos-por-quienes-nos-han-herido-nos-unimos-a-cristo-en-su-obra-de-intercesion\/#respond"]}]},{"@type":"WebPage","@id":"https:\/\/tabernaculoprensadedios.com\/web\/cuando-oramos-por-quienes-nos-han-herido-nos-unimos-a-cristo-en-su-obra-de-intercesion\/","url":"https:\/\/tabernaculoprensadedios.com\/web\/cuando-oramos-por-quienes-nos-han-herido-nos-unimos-a-cristo-en-su-obra-de-intercesion\/","name":"Cuando oramos por quienes nos han herido, nos unimos a Cristo en Su obra de intercesi\u00f3n - Tabernaculo Prensa de Dios","isPartOf":{"@id":"https:\/\/tabernaculoprensadedios.com\/web\/#website"},"primaryImageOfPage":{"@id":"https:\/\/tabernaculoprensadedios.com\/web\/cuando-oramos-por-quienes-nos-han-herido-nos-unimos-a-cristo-en-su-obra-de-intercesion\/#primaryimage"},"image":{"@id":"https:\/\/tabernaculoprensadedios.com\/web\/cuando-oramos-por-quienes-nos-han-herido-nos-unimos-a-cristo-en-su-obra-de-intercesion\/#primaryimage"},"thumbnailUrl":"https:\/\/tabernaculoprensadedios.com\/web\/wp-content\/uploads\/2025\/06\/obras-de-cristo.avif","datePublished":"2025-06-05T00:40:42+00:00","breadcrumb":{"@id":"https:\/\/tabernaculoprensadedios.com\/web\/cuando-oramos-por-quienes-nos-han-herido-nos-unimos-a-cristo-en-su-obra-de-intercesion\/#breadcrumb"},"inLanguage":"es","potentialAction":[{"@type":"ReadAction","target":["https:\/\/tabernaculoprensadedios.com\/web\/cuando-oramos-por-quienes-nos-han-herido-nos-unimos-a-cristo-en-su-obra-de-intercesion\/"]}]},{"@type":"ImageObject","inLanguage":"es","@id":"https:\/\/tabernaculoprensadedios.com\/web\/cuando-oramos-por-quienes-nos-han-herido-nos-unimos-a-cristo-en-su-obra-de-intercesion\/#primaryimage","url":"https:\/\/tabernaculoprensadedios.com\/web\/wp-content\/uploads\/2025\/06\/obras-de-cristo.avif","contentUrl":"https:\/\/tabernaculoprensadedios.com\/web\/wp-content\/uploads\/2025\/06\/obras-de-cristo.avif","width":1280,"height":848},{"@type":"BreadcrumbList","@id":"https:\/\/tabernaculoprensadedios.com\/web\/cuando-oramos-por-quienes-nos-han-herido-nos-unimos-a-cristo-en-su-obra-de-intercesion\/#breadcrumb","itemListElement":[{"@type":"ListItem","position":1,"name":"Portada","item":"https:\/\/tabernaculoprensadedios.com\/web\/"},{"@type":"ListItem","position":2,"name":"Cuando oramos por quienes nos han herido, nos unimos a Cristo en Su obra de intercesi\u00f3n"}]},{"@type":"WebSite","@id":"https:\/\/tabernaculoprensadedios.com\/web\/#website","url":"https:\/\/tabernaculoprensadedios.com\/web\/","name":"Tabernaculo Prensa de Dios","description":"Un medio a la manera de Dios","publisher":{"@id":"https:\/\/tabernaculoprensadedios.com\/web\/#\/schema\/person\/bc0e069fef56b38e177db6f098ae0b6e"},"potentialAction":[{"@type":"SearchAction","target":{"@type":"EntryPoint","urlTemplate":"https:\/\/tabernaculoprensadedios.com\/web\/?s={search_term_string}"},"query-input":{"@type":"PropertyValueSpecification","valueRequired":true,"valueName":"search_term_string"}}],"inLanguage":"es"},{"@type":["Person","Organization"],"@id":"https:\/\/tabernaculoprensadedios.com\/web\/#\/schema\/person\/bc0e069fef56b38e177db6f098ae0b6e","name":"tabernaculo","image":{"@type":"ImageObject","inLanguage":"es","@id":"https:\/\/tabernaculoprensadedios.com\/web\/#\/schema\/person\/image\/","url":"https:\/\/tabernaculoprensadedios.com\/web\/wp-content\/uploads\/2015\/06\/login-logo1.png","contentUrl":"https:\/\/tabernaculoprensadedios.com\/web\/wp-content\/uploads\/2015\/06\/login-logo1.png","width":300,"height":118,"caption":"tabernaculo"},"logo":{"@id":"https:\/\/tabernaculoprensadedios.com\/web\/#\/schema\/person\/image\/"},"url":"https:\/\/tabernaculoprensadedios.com\/web\/author\/tabernaculo\/"}]}},"_links":{"self":[{"href":"https:\/\/tabernaculoprensadedios.com\/web\/wp-json\/wp\/v2\/posts\/34846","targetHints":{"allow":["GET"]}}],"collection":[{"href":"https:\/\/tabernaculoprensadedios.com\/web\/wp-json\/wp\/v2\/posts"}],"about":[{"href":"https:\/\/tabernaculoprensadedios.com\/web\/wp-json\/wp\/v2\/types\/post"}],"author":[{"embeddable":true,"href":"https:\/\/tabernaculoprensadedios.com\/web\/wp-json\/wp\/v2\/users\/1"}],"replies":[{"embeddable":true,"href":"https:\/\/tabernaculoprensadedios.com\/web\/wp-json\/wp\/v2\/comments?post=34846"}],"version-history":[{"count":1,"href":"https:\/\/tabernaculoprensadedios.com\/web\/wp-json\/wp\/v2\/posts\/34846\/revisions"}],"predecessor-version":[{"id":34848,"href":"https:\/\/tabernaculoprensadedios.com\/web\/wp-json\/wp\/v2\/posts\/34846\/revisions\/34848"}],"wp:featuredmedia":[{"embeddable":true,"href":"https:\/\/tabernaculoprensadedios.com\/web\/wp-json\/wp\/v2\/media\/34847"}],"wp:attachment":[{"href":"https:\/\/tabernaculoprensadedios.com\/web\/wp-json\/wp\/v2\/media?parent=34846"}],"wp:term":[{"taxonomy":"category","embeddable":true,"href":"https:\/\/tabernaculoprensadedios.com\/web\/wp-json\/wp\/v2\/categories?post=34846"},{"taxonomy":"post_tag","embeddable":true,"href":"https:\/\/tabernaculoprensadedios.com\/web\/wp-json\/wp\/v2\/tags?post=34846"}],"curies":[{"name":"wp","href":"https:\/\/api.w.org\/{rel}","templated":true}]}}