{"id":34838,"date":"2025-06-05T00:24:25","date_gmt":"2025-06-05T00:24:25","guid":{"rendered":"https:\/\/tabernaculoprensadedios.com\/web\/?p=34838"},"modified":"2025-06-05T00:24:25","modified_gmt":"2025-06-05T00:24:25","slug":"estoy-llamando-a-aquellos-que-han-sido-justificados-por-la-sangre-del-cordero-a-un-periodo-acelerador-y-caminar-en-la-realidad-de-mi-perfeccion","status":"publish","type":"post","link":"https:\/\/tabernaculoprensadedios.com\/web\/estoy-llamando-a-aquellos-que-han-sido-justificados-por-la-sangre-del-cordero-a-un-periodo-acelerador-y-caminar-en-la-realidad-de-mi-perfeccion\/","title":{"rendered":"Estoy llamando a aquellos que han sido justificados por la Sangre del Cordero a un per\u00edodo acelerador y caminar en la realidad de Mi perfecci\u00f3n"},"content":{"rendered":"<p><strong>Mientras estaba orando en el esp\u00edritu recientemente,<\/strong> claramente escuch\u00e9 al Esp\u00edritu Santo decir: \u00abAhora mismo hay activaci\u00f3n para la regeneraci\u00f3n. Ver\u00e1s a muchos nacer en el Reino y giros de proporciones incontables. \u00a1Se est\u00e1 desatando todo l\u00edmite porque estoy equipando los hasta la perfecci\u00f3n! Est\u00e1n en una temporada de aceleraci\u00f3n; as\u00ed como en lo natural la luz del sol produce un crecimiento exponencial en su tiempo, estoy llamando a aquellos que han sido justificados por la Sangre del Cordero a un per\u00edodo acelerado para ser equipados en la revelaci\u00f3n de vivir y caminar en la realidad de Mi perfecci\u00f3n\u00bb.<\/p>\n<p>Hay solo dos vers\u00edculos que contienen la palabra \u00ab<strong>regeneraci\u00f3n<\/strong>\u00bb &#8211; Mateo 19:28, que habla de los nuevos cielos y la nueva tierra, y Tito 3:4-7, que el Esp\u00edritu Santo destac\u00f3:<\/p>\n<p>Tito 3:4-7 NVI Pero cuando manifestamos la bondad y el amor de Dios nuestro Salvador, \u00e9l nos salv\u00f3, no por nuestras propias obras de justicia, sino por su misericordia. Nos salv\u00f3 mediante el lavamiento de la regeneraci\u00f3n y de la renovaci\u00f3n por el Esp\u00edritu Santo, que \u00e9l derram\u00f3 sobre nosotros abundantemente por medio de Jesucristo nuestro Salvador. As\u00ed lo hizo para que, justificados por su gracia, lleg\u00e1ramos a ser herederos que abrigan la esperanza de recibir la vida eterna.<\/p>\n<p>La palabra \u00ab<strong>regeneraci\u00f3n<\/strong>\u00bb en el lenguaje original significa renacimiento y regeneraci\u00f3n espiritual. En el L\u00e9xico Griego de Thayer, la regeneraci\u00f3n tambi\u00e9n significa renovaci\u00f3n; se describe como: \u00abla producci\u00f3n de una nueva vida consagrada a Dios, un cambio radical de mente para mejor&#8230;; la restauraci\u00f3n de una cosa a su estado pr\u00edstino&#8230;\u00bb.<\/p>\n<p>El Se\u00f1or est\u00e1 llevando a cabo una obra acelerada para llevarnos a comprender completamente lo que Su regeneraci\u00f3n nos ha dado. Porque en este tiempo de aceleraci\u00f3n hacia la restauraci\u00f3n de todas las cosas, est\u00e1 trayendo muchos hijos e hijas a la gloria.<\/p>\n<p><strong>Hebreos 2:10 NVI<\/strong> En efecto, a fin de llevar a muchos hijos a la gloria, conven\u00eda que Dios, para qui\u00e9n y por medio de quien todo existe, perfeccionara mediante el sufrimiento al autor de la salvaci\u00f3n de ellos.<\/p>\n<p>Recuerdo un sue\u00f1o que tuve hace muchos a\u00f1os donde estaba en un veh\u00edculo de aspecto extra\u00f1o. No era un autom\u00f3vil, era m\u00e1s como un peque\u00f1o vag\u00f3n abierto sobre ruedas, ubicado en lo alto de una v\u00eda elevada. El veh\u00edculo era tal que no estaba sentado erguido, sino que estaba recostado en el asiento. No hab\u00eda volante ni ning\u00fan tipo de controles (ni frenos) para que yo operar\u00e1. Entonces escuch\u00e9 al Se\u00f1or decir: \u00abPermanece en el lugar de descanso, d\u00e1ndome todo el control, porque en este lugar elevado de Mi Esp\u00edritu no puedes llegar a donde necesitas estar por tu propia fuerza o entendimiento. No puedes detener lo que he comenzado. Conf\u00eda en m\u00ed y en mi tiempo. As\u00ed como soy el autor y consumador de tu fe, soy el autor y consumador de todo lo que he ordenado para tu vida\u00bb.<\/p>\n<p>El veh\u00edculo se lanz\u00f3 a una aceleraci\u00f3n que ni siquiera puedo explicar y de inmediato estaba en otro lugar. El Se\u00f1or me dijo que as\u00ed es cuando estamos completamente rendidos a \u00c9l en todas las \u00e1reas de nuestras vidas. Fue realmente un momento definitorio.<\/p>\n<p>Podemos ver las cosas aceler\u00e1ndose, incluso en lo natural, y hay una prisa espiritual en la que el enemigo quiere atraparnos. A medida que vemos una aceleraci\u00f3n de lo que no es de Dios, puedes estar seguro de esto: !Dios est\u00e1 en perfecto control\u00a1. El enemigo quiere que estemos apurados, dispersos, agotados, incluso temerosos, tratando de tomar las riendas y controlar nuestra propia vida por seguridad y comodidad. Puedo decirte por experiencia propia que no funciona. Sol\u00eda estar esclavizada al miedo y trataba de crear una estructura de certeza para mi futuro. Nunca podemos acumular lo suficiente en lo natural para librarnos del miedo; es un esp\u00edritu. Su erradicaci\u00f3n permanente solo se logra creyendo y confiando continuamente en la bondad y fidelidad de Dios. La verdadera protecci\u00f3n y provisi\u00f3n se encuentra mientras permanecemos en Su voluntad y Su amor. <strong>(Filipenses 4:19, Mateo 6:33)<\/strong><\/p>\n<p><strong>A LOS TEMEROSOS<br \/>\n<\/strong>Escuch\u00e9 al Se\u00f1or decir que muchos est\u00e1n en una encrucijada y temen renunciar al control y dar el paso hacia lo desconocido. A los temerosos les dice: \u00abEstoy rompiendo ahora mismo el esp\u00edritu de miedo y estoy iluminandonos con Mi luz en la oscuridad, haciendo que sus o\u00eddos se abran para escuchar de una manera nueva: \u00a1Estad quietos y conoced que yo soy Dios! (Salmos 46:10) Yo estoy con ustedes y nunca los dejar\u00e9 ni los desamparar\u00e9. Yo soy fiel a Mi pacto y cumplo todas Mis promesas. Yo no soy la fuente de su miedo, han tenido otras voces en sus o\u00eddos; ahora les digo que Mi voz es clara, caminen hacia adelante sabiendo que Yo estoy cerca.\u00bb<\/p>\n<p><strong>A LOS FIELES<br \/>\n<\/strong>Escuch\u00e9 que les dec\u00eda a aquellos que han sido fieles: \u00abHan sido fieles, confiando en M\u00ed y siendo guiados por Mi Esp\u00edritu, y ahora es el tiempo de la aceleraci\u00f3n; lo que ha sido plantado, regado y nutrido para Mi Reino est\u00e1 brotando en una temporada de crecimiento exponencial. Permanezcan en Mi descanso, rendidos y humildes, incluso mientras escuchan el estruendo de los sistemas mundanos que se desmoronan. Contin\u00faen escuchando, atiendan a Mi voz, en Mi tiempo perfecto proveer\u00e9 todo lo que necesitan.\u00bb (Una palabra de Alane Haynes)<\/p>\n<p>Hebreos 4:16 NVI As\u00ed que acerqu\u00e9monos confiadamente al trono de la gracia para recibir la misericordia y encontrar la gracia que nos ayuden oportunamente.<\/p>\n<p>Con amor y oraciones,<\/p>\n","protected":false},"excerpt":{"rendered":"<p>Mientras estaba orando en el esp\u00edritu recientemente, claramente escuch\u00e9 al Esp\u00edritu Santo decir: \u00abAhora mismo hay activaci\u00f3n para la regeneraci\u00f3n. Ver\u00e1s a muchos nacer en el Reino y giros de proporciones incontables. \u00a1Se est\u00e1 desatando todo l\u00edmite porque estoy equipando los hasta la perfecci\u00f3n! Est\u00e1n en una temporada de aceleraci\u00f3n; as\u00ed como en lo natural &hellip;<\/p>\n","protected":false},"author":1,"featured_media":34839,"comment_status":"open","ping_status":"open","sticky":false,"template":"","format":"standard","meta":{"footnotes":""},"categories":[38],"tags":[],"class_list":["post-34838","post","type-post","status-publish","format-standard","has-post-thumbnail","hentry","category-principal"],"yoast_head":"<!-- This site is optimized with the Yoast SEO Premium plugin v24.2 (Yoast SEO v27.1.1) - https:\/\/yoast.com\/product\/yoast-seo-premium-wordpress\/ -->\n<title>Estoy llamando a aquellos que han sido justificados por la Sangre del Cordero a un per\u00edodo acelerador y caminar en la realidad de Mi perfecci\u00f3n - Tabernaculo Prensa de Dios<\/title>\n<meta name=\"robots\" content=\"index, follow, max-snippet:-1, max-image-preview:large, max-video-preview:-1\" \/>\n<link rel=\"canonical\" href=\"https:\/\/tabernaculoprensadedios.com\/web\/estoy-llamando-a-aquellos-que-han-sido-justificados-por-la-sangre-del-cordero-a-un-periodo-acelerador-y-caminar-en-la-realidad-de-mi-perfeccion\/\" class=\"yoast-seo-meta-tag\" \/>\n<meta property=\"og:locale\" content=\"es_ES\" class=\"yoast-seo-meta-tag\" \/>\n<meta property=\"og:type\" content=\"article\" class=\"yoast-seo-meta-tag\" \/>\n<meta property=\"og:title\" content=\"Estoy llamando a aquellos que han sido justificados por la Sangre del Cordero a un per\u00edodo acelerador y caminar en la realidad de Mi perfecci\u00f3n\" class=\"yoast-seo-meta-tag\" \/>\n<meta property=\"og:description\" content=\"Mientras estaba orando en el esp\u00edritu recientemente, claramente escuch\u00e9 al Esp\u00edritu Santo decir: \u00abAhora mismo hay activaci\u00f3n para la regeneraci\u00f3n. Ver\u00e1s a muchos nacer en el Reino y giros de proporciones incontables. \u00a1Se est\u00e1 desatando todo l\u00edmite porque estoy equipando los hasta la perfecci\u00f3n! Est\u00e1n en una temporada de aceleraci\u00f3n; as\u00ed como en lo natural &hellip;\" class=\"yoast-seo-meta-tag\" \/>\n<meta property=\"og:url\" content=\"https:\/\/tabernaculoprensadedios.com\/web\/estoy-llamando-a-aquellos-que-han-sido-justificados-por-la-sangre-del-cordero-a-un-periodo-acelerador-y-caminar-en-la-realidad-de-mi-perfeccion\/\" class=\"yoast-seo-meta-tag\" \/>\n<meta property=\"og:site_name\" content=\"Tabernaculo Prensa de Dios\" class=\"yoast-seo-meta-tag\" \/>\n<meta property=\"article:published_time\" content=\"2025-06-05T00:24:25+00:00\" class=\"yoast-seo-meta-tag\" \/>\n<meta property=\"og:image\" content=\"https:\/\/tabernaculoprensadedios.com\/web\/wp-content\/uploads\/2025\/06\/llamando.avif\" class=\"yoast-seo-meta-tag\" \/>\n\t<meta property=\"og:image:width\" content=\"1280\" class=\"yoast-seo-meta-tag\" \/>\n\t<meta property=\"og:image:height\" content=\"854\" class=\"yoast-seo-meta-tag\" \/>\n\t<meta property=\"og:image:type\" content=\"image\/jpeg\" class=\"yoast-seo-meta-tag\" \/>\n<meta name=\"author\" content=\"tabernaculo\" class=\"yoast-seo-meta-tag\" \/>\n<meta name=\"twitter:card\" content=\"summary_large_image\" class=\"yoast-seo-meta-tag\" \/>\n<meta name=\"twitter:creator\" content=\"@PrensadeDios\" class=\"yoast-seo-meta-tag\" \/>\n<meta name=\"twitter:site\" content=\"@PrensadeDios\" class=\"yoast-seo-meta-tag\" \/>\n<meta name=\"twitter:label1\" content=\"Escrito por\" class=\"yoast-seo-meta-tag\" \/>\n\t<meta name=\"twitter:data1\" content=\"tabernaculo\" class=\"yoast-seo-meta-tag\" \/>\n\t<meta name=\"twitter:label2\" content=\"Tiempo de lectura\" class=\"yoast-seo-meta-tag\" \/>\n\t<meta name=\"twitter:data2\" content=\"5 minutos\" class=\"yoast-seo-meta-tag\" \/>\n<script type=\"application\/ld+json\" class=\"yoast-schema-graph\">{\"@context\":\"https:\/\/schema.org\",\"@graph\":[{\"@type\":\"Article\",\"@id\":\"https:\/\/tabernaculoprensadedios.com\/web\/estoy-llamando-a-aquellos-que-han-sido-justificados-por-la-sangre-del-cordero-a-un-periodo-acelerador-y-caminar-en-la-realidad-de-mi-perfeccion\/#article\",\"isPartOf\":{\"@id\":\"https:\/\/tabernaculoprensadedios.com\/web\/estoy-llamando-a-aquellos-que-han-sido-justificados-por-la-sangre-del-cordero-a-un-periodo-acelerador-y-caminar-en-la-realidad-de-mi-perfeccion\/\"},\"author\":{\"name\":\"tabernaculo\",\"@id\":\"https:\/\/tabernaculoprensadedios.com\/web\/#\/schema\/person\/bc0e069fef56b38e177db6f098ae0b6e\"},\"headline\":\"Estoy llamando a aquellos que han sido justificados por la Sangre del Cordero a un per\u00edodo acelerador y caminar en la realidad de Mi perfecci\u00f3n\",\"datePublished\":\"2025-06-05T00:24:25+00:00\",\"mainEntityOfPage\":{\"@id\":\"https:\/\/tabernaculoprensadedios.com\/web\/estoy-llamando-a-aquellos-que-han-sido-justificados-por-la-sangre-del-cordero-a-un-periodo-acelerador-y-caminar-en-la-realidad-de-mi-perfeccion\/\"},\"wordCount\":1001,\"commentCount\":0,\"publisher\":{\"@id\":\"https:\/\/tabernaculoprensadedios.com\/web\/#\/schema\/person\/bc0e069fef56b38e177db6f098ae0b6e\"},\"image\":{\"@id\":\"https:\/\/tabernaculoprensadedios.com\/web\/estoy-llamando-a-aquellos-que-han-sido-justificados-por-la-sangre-del-cordero-a-un-periodo-acelerador-y-caminar-en-la-realidad-de-mi-perfeccion\/#primaryimage\"},\"thumbnailUrl\":\"https:\/\/tabernaculoprensadedios.com\/web\/wp-content\/uploads\/2025\/06\/llamando.avif\",\"articleSection\":[\"Principal\"],\"inLanguage\":\"es\",\"potentialAction\":[{\"@type\":\"CommentAction\",\"name\":\"Comment\",\"target\":[\"https:\/\/tabernaculoprensadedios.com\/web\/estoy-llamando-a-aquellos-que-han-sido-justificados-por-la-sangre-del-cordero-a-un-periodo-acelerador-y-caminar-en-la-realidad-de-mi-perfeccion\/#respond\"]}]},{\"@type\":\"WebPage\",\"@id\":\"https:\/\/tabernaculoprensadedios.com\/web\/estoy-llamando-a-aquellos-que-han-sido-justificados-por-la-sangre-del-cordero-a-un-periodo-acelerador-y-caminar-en-la-realidad-de-mi-perfeccion\/\",\"url\":\"https:\/\/tabernaculoprensadedios.com\/web\/estoy-llamando-a-aquellos-que-han-sido-justificados-por-la-sangre-del-cordero-a-un-periodo-acelerador-y-caminar-en-la-realidad-de-mi-perfeccion\/\",\"name\":\"Estoy llamando a aquellos que han sido justificados por la Sangre del Cordero a un per\u00edodo acelerador y caminar en la realidad de Mi perfecci\u00f3n - Tabernaculo Prensa de Dios\",\"isPartOf\":{\"@id\":\"https:\/\/tabernaculoprensadedios.com\/web\/#website\"},\"primaryImageOfPage\":{\"@id\":\"https:\/\/tabernaculoprensadedios.com\/web\/estoy-llamando-a-aquellos-que-han-sido-justificados-por-la-sangre-del-cordero-a-un-periodo-acelerador-y-caminar-en-la-realidad-de-mi-perfeccion\/#primaryimage\"},\"image\":{\"@id\":\"https:\/\/tabernaculoprensadedios.com\/web\/estoy-llamando-a-aquellos-que-han-sido-justificados-por-la-sangre-del-cordero-a-un-periodo-acelerador-y-caminar-en-la-realidad-de-mi-perfeccion\/#primaryimage\"},\"thumbnailUrl\":\"https:\/\/tabernaculoprensadedios.com\/web\/wp-content\/uploads\/2025\/06\/llamando.avif\",\"datePublished\":\"2025-06-05T00:24:25+00:00\",\"breadcrumb\":{\"@id\":\"https:\/\/tabernaculoprensadedios.com\/web\/estoy-llamando-a-aquellos-que-han-sido-justificados-por-la-sangre-del-cordero-a-un-periodo-acelerador-y-caminar-en-la-realidad-de-mi-perfeccion\/#breadcrumb\"},\"inLanguage\":\"es\",\"potentialAction\":[{\"@type\":\"ReadAction\",\"target\":[\"https:\/\/tabernaculoprensadedios.com\/web\/estoy-llamando-a-aquellos-que-han-sido-justificados-por-la-sangre-del-cordero-a-un-periodo-acelerador-y-caminar-en-la-realidad-de-mi-perfeccion\/\"]}]},{\"@type\":\"ImageObject\",\"inLanguage\":\"es\",\"@id\":\"https:\/\/tabernaculoprensadedios.com\/web\/estoy-llamando-a-aquellos-que-han-sido-justificados-por-la-sangre-del-cordero-a-un-periodo-acelerador-y-caminar-en-la-realidad-de-mi-perfeccion\/#primaryimage\",\"url\":\"https:\/\/tabernaculoprensadedios.com\/web\/wp-content\/uploads\/2025\/06\/llamando.avif\",\"contentUrl\":\"https:\/\/tabernaculoprensadedios.com\/web\/wp-content\/uploads\/2025\/06\/llamando.avif\",\"width\":1280,\"height\":854},{\"@type\":\"BreadcrumbList\",\"@id\":\"https:\/\/tabernaculoprensadedios.com\/web\/estoy-llamando-a-aquellos-que-han-sido-justificados-por-la-sangre-del-cordero-a-un-periodo-acelerador-y-caminar-en-la-realidad-de-mi-perfeccion\/#breadcrumb\",\"itemListElement\":[{\"@type\":\"ListItem\",\"position\":1,\"name\":\"Portada\",\"item\":\"https:\/\/tabernaculoprensadedios.com\/web\/\"},{\"@type\":\"ListItem\",\"position\":2,\"name\":\"Estoy llamando a aquellos que han sido justificados por la Sangre del Cordero a un per\u00edodo acelerador y caminar en la realidad de Mi perfecci\u00f3n\"}]},{\"@type\":\"WebSite\",\"@id\":\"https:\/\/tabernaculoprensadedios.com\/web\/#website\",\"url\":\"https:\/\/tabernaculoprensadedios.com\/web\/\",\"name\":\"Tabernaculo Prensa de Dios\",\"description\":\"Un medio a la manera de Dios\",\"publisher\":{\"@id\":\"https:\/\/tabernaculoprensadedios.com\/web\/#\/schema\/person\/bc0e069fef56b38e177db6f098ae0b6e\"},\"potentialAction\":[{\"@type\":\"SearchAction\",\"target\":{\"@type\":\"EntryPoint\",\"urlTemplate\":\"https:\/\/tabernaculoprensadedios.com\/web\/?s={search_term_string}\"},\"query-input\":{\"@type\":\"PropertyValueSpecification\",\"valueRequired\":true,\"valueName\":\"search_term_string\"}}],\"inLanguage\":\"es\"},{\"@type\":[\"Person\",\"Organization\"],\"@id\":\"https:\/\/tabernaculoprensadedios.com\/web\/#\/schema\/person\/bc0e069fef56b38e177db6f098ae0b6e\",\"name\":\"tabernaculo\",\"image\":{\"@type\":\"ImageObject\",\"inLanguage\":\"es\",\"@id\":\"https:\/\/tabernaculoprensadedios.com\/web\/#\/schema\/person\/image\/\",\"url\":\"https:\/\/tabernaculoprensadedios.com\/web\/wp-content\/uploads\/2015\/06\/login-logo1.png\",\"contentUrl\":\"https:\/\/tabernaculoprensadedios.com\/web\/wp-content\/uploads\/2015\/06\/login-logo1.png\",\"width\":300,\"height\":118,\"caption\":\"tabernaculo\"},\"logo\":{\"@id\":\"https:\/\/tabernaculoprensadedios.com\/web\/#\/schema\/person\/image\/\"},\"url\":\"https:\/\/tabernaculoprensadedios.com\/web\/author\/tabernaculo\/\"}]}<\/script>\n<!-- \/ Yoast SEO Premium plugin. -->","yoast_head_json":{"title":"Estoy llamando a aquellos que han sido justificados por la Sangre del Cordero a un per\u00edodo acelerador y caminar en la realidad de Mi perfecci\u00f3n - Tabernaculo Prensa de Dios","robots":{"index":"index","follow":"follow","max-snippet":"max-snippet:-1","max-image-preview":"max-image-preview:large","max-video-preview":"max-video-preview:-1"},"canonical":"https:\/\/tabernaculoprensadedios.com\/web\/estoy-llamando-a-aquellos-que-han-sido-justificados-por-la-sangre-del-cordero-a-un-periodo-acelerador-y-caminar-en-la-realidad-de-mi-perfeccion\/","og_locale":"es_ES","og_type":"article","og_title":"Estoy llamando a aquellos que han sido justificados por la Sangre del Cordero a un per\u00edodo acelerador y caminar en la realidad de Mi perfecci\u00f3n","og_description":"Mientras estaba orando en el esp\u00edritu recientemente, claramente escuch\u00e9 al Esp\u00edritu Santo decir: \u00abAhora mismo hay activaci\u00f3n para la regeneraci\u00f3n. Ver\u00e1s a muchos nacer en el Reino y giros de proporciones incontables. \u00a1Se est\u00e1 desatando todo l\u00edmite porque estoy equipando los hasta la perfecci\u00f3n! Est\u00e1n en una temporada de aceleraci\u00f3n; as\u00ed como en lo natural &hellip;","og_url":"https:\/\/tabernaculoprensadedios.com\/web\/estoy-llamando-a-aquellos-que-han-sido-justificados-por-la-sangre-del-cordero-a-un-periodo-acelerador-y-caminar-en-la-realidad-de-mi-perfeccion\/","og_site_name":"Tabernaculo Prensa de Dios","article_published_time":"2025-06-05T00:24:25+00:00","og_image":[{"width":1280,"height":854,"url":"https:\/\/tabernaculoprensadedios.com\/web\/wp-content\/uploads\/2025\/06\/llamando.avif","type":"image\/jpeg"}],"author":"tabernaculo","twitter_card":"summary_large_image","twitter_creator":"@PrensadeDios","twitter_site":"@PrensadeDios","twitter_misc":{"Escrito por":"tabernaculo","Tiempo de lectura":"5 minutos"},"schema":{"@context":"https:\/\/schema.org","@graph":[{"@type":"Article","@id":"https:\/\/tabernaculoprensadedios.com\/web\/estoy-llamando-a-aquellos-que-han-sido-justificados-por-la-sangre-del-cordero-a-un-periodo-acelerador-y-caminar-en-la-realidad-de-mi-perfeccion\/#article","isPartOf":{"@id":"https:\/\/tabernaculoprensadedios.com\/web\/estoy-llamando-a-aquellos-que-han-sido-justificados-por-la-sangre-del-cordero-a-un-periodo-acelerador-y-caminar-en-la-realidad-de-mi-perfeccion\/"},"author":{"name":"tabernaculo","@id":"https:\/\/tabernaculoprensadedios.com\/web\/#\/schema\/person\/bc0e069fef56b38e177db6f098ae0b6e"},"headline":"Estoy llamando a aquellos que han sido justificados por la Sangre del Cordero a un per\u00edodo acelerador y caminar en la realidad de Mi perfecci\u00f3n","datePublished":"2025-06-05T00:24:25+00:00","mainEntityOfPage":{"@id":"https:\/\/tabernaculoprensadedios.com\/web\/estoy-llamando-a-aquellos-que-han-sido-justificados-por-la-sangre-del-cordero-a-un-periodo-acelerador-y-caminar-en-la-realidad-de-mi-perfeccion\/"},"wordCount":1001,"commentCount":0,"publisher":{"@id":"https:\/\/tabernaculoprensadedios.com\/web\/#\/schema\/person\/bc0e069fef56b38e177db6f098ae0b6e"},"image":{"@id":"https:\/\/tabernaculoprensadedios.com\/web\/estoy-llamando-a-aquellos-que-han-sido-justificados-por-la-sangre-del-cordero-a-un-periodo-acelerador-y-caminar-en-la-realidad-de-mi-perfeccion\/#primaryimage"},"thumbnailUrl":"https:\/\/tabernaculoprensadedios.com\/web\/wp-content\/uploads\/2025\/06\/llamando.avif","articleSection":["Principal"],"inLanguage":"es","potentialAction":[{"@type":"CommentAction","name":"Comment","target":["https:\/\/tabernaculoprensadedios.com\/web\/estoy-llamando-a-aquellos-que-han-sido-justificados-por-la-sangre-del-cordero-a-un-periodo-acelerador-y-caminar-en-la-realidad-de-mi-perfeccion\/#respond"]}]},{"@type":"WebPage","@id":"https:\/\/tabernaculoprensadedios.com\/web\/estoy-llamando-a-aquellos-que-han-sido-justificados-por-la-sangre-del-cordero-a-un-periodo-acelerador-y-caminar-en-la-realidad-de-mi-perfeccion\/","url":"https:\/\/tabernaculoprensadedios.com\/web\/estoy-llamando-a-aquellos-que-han-sido-justificados-por-la-sangre-del-cordero-a-un-periodo-acelerador-y-caminar-en-la-realidad-de-mi-perfeccion\/","name":"Estoy llamando a aquellos que han sido justificados por la Sangre del Cordero a un per\u00edodo acelerador y caminar en la realidad de Mi perfecci\u00f3n - Tabernaculo Prensa de Dios","isPartOf":{"@id":"https:\/\/tabernaculoprensadedios.com\/web\/#website"},"primaryImageOfPage":{"@id":"https:\/\/tabernaculoprensadedios.com\/web\/estoy-llamando-a-aquellos-que-han-sido-justificados-por-la-sangre-del-cordero-a-un-periodo-acelerador-y-caminar-en-la-realidad-de-mi-perfeccion\/#primaryimage"},"image":{"@id":"https:\/\/tabernaculoprensadedios.com\/web\/estoy-llamando-a-aquellos-que-han-sido-justificados-por-la-sangre-del-cordero-a-un-periodo-acelerador-y-caminar-en-la-realidad-de-mi-perfeccion\/#primaryimage"},"thumbnailUrl":"https:\/\/tabernaculoprensadedios.com\/web\/wp-content\/uploads\/2025\/06\/llamando.avif","datePublished":"2025-06-05T00:24:25+00:00","breadcrumb":{"@id":"https:\/\/tabernaculoprensadedios.com\/web\/estoy-llamando-a-aquellos-que-han-sido-justificados-por-la-sangre-del-cordero-a-un-periodo-acelerador-y-caminar-en-la-realidad-de-mi-perfeccion\/#breadcrumb"},"inLanguage":"es","potentialAction":[{"@type":"ReadAction","target":["https:\/\/tabernaculoprensadedios.com\/web\/estoy-llamando-a-aquellos-que-han-sido-justificados-por-la-sangre-del-cordero-a-un-periodo-acelerador-y-caminar-en-la-realidad-de-mi-perfeccion\/"]}]},{"@type":"ImageObject","inLanguage":"es","@id":"https:\/\/tabernaculoprensadedios.com\/web\/estoy-llamando-a-aquellos-que-han-sido-justificados-por-la-sangre-del-cordero-a-un-periodo-acelerador-y-caminar-en-la-realidad-de-mi-perfeccion\/#primaryimage","url":"https:\/\/tabernaculoprensadedios.com\/web\/wp-content\/uploads\/2025\/06\/llamando.avif","contentUrl":"https:\/\/tabernaculoprensadedios.com\/web\/wp-content\/uploads\/2025\/06\/llamando.avif","width":1280,"height":854},{"@type":"BreadcrumbList","@id":"https:\/\/tabernaculoprensadedios.com\/web\/estoy-llamando-a-aquellos-que-han-sido-justificados-por-la-sangre-del-cordero-a-un-periodo-acelerador-y-caminar-en-la-realidad-de-mi-perfeccion\/#breadcrumb","itemListElement":[{"@type":"ListItem","position":1,"name":"Portada","item":"https:\/\/tabernaculoprensadedios.com\/web\/"},{"@type":"ListItem","position":2,"name":"Estoy llamando a aquellos que han sido justificados por la Sangre del Cordero a un per\u00edodo acelerador y caminar en la realidad de Mi perfecci\u00f3n"}]},{"@type":"WebSite","@id":"https:\/\/tabernaculoprensadedios.com\/web\/#website","url":"https:\/\/tabernaculoprensadedios.com\/web\/","name":"Tabernaculo Prensa de Dios","description":"Un medio a la manera de Dios","publisher":{"@id":"https:\/\/tabernaculoprensadedios.com\/web\/#\/schema\/person\/bc0e069fef56b38e177db6f098ae0b6e"},"potentialAction":[{"@type":"SearchAction","target":{"@type":"EntryPoint","urlTemplate":"https:\/\/tabernaculoprensadedios.com\/web\/?s={search_term_string}"},"query-input":{"@type":"PropertyValueSpecification","valueRequired":true,"valueName":"search_term_string"}}],"inLanguage":"es"},{"@type":["Person","Organization"],"@id":"https:\/\/tabernaculoprensadedios.com\/web\/#\/schema\/person\/bc0e069fef56b38e177db6f098ae0b6e","name":"tabernaculo","image":{"@type":"ImageObject","inLanguage":"es","@id":"https:\/\/tabernaculoprensadedios.com\/web\/#\/schema\/person\/image\/","url":"https:\/\/tabernaculoprensadedios.com\/web\/wp-content\/uploads\/2015\/06\/login-logo1.png","contentUrl":"https:\/\/tabernaculoprensadedios.com\/web\/wp-content\/uploads\/2015\/06\/login-logo1.png","width":300,"height":118,"caption":"tabernaculo"},"logo":{"@id":"https:\/\/tabernaculoprensadedios.com\/web\/#\/schema\/person\/image\/"},"url":"https:\/\/tabernaculoprensadedios.com\/web\/author\/tabernaculo\/"}]}},"_links":{"self":[{"href":"https:\/\/tabernaculoprensadedios.com\/web\/wp-json\/wp\/v2\/posts\/34838","targetHints":{"allow":["GET"]}}],"collection":[{"href":"https:\/\/tabernaculoprensadedios.com\/web\/wp-json\/wp\/v2\/posts"}],"about":[{"href":"https:\/\/tabernaculoprensadedios.com\/web\/wp-json\/wp\/v2\/types\/post"}],"author":[{"embeddable":true,"href":"https:\/\/tabernaculoprensadedios.com\/web\/wp-json\/wp\/v2\/users\/1"}],"replies":[{"embeddable":true,"href":"https:\/\/tabernaculoprensadedios.com\/web\/wp-json\/wp\/v2\/comments?post=34838"}],"version-history":[{"count":1,"href":"https:\/\/tabernaculoprensadedios.com\/web\/wp-json\/wp\/v2\/posts\/34838\/revisions"}],"predecessor-version":[{"id":34840,"href":"https:\/\/tabernaculoprensadedios.com\/web\/wp-json\/wp\/v2\/posts\/34838\/revisions\/34840"}],"wp:featuredmedia":[{"embeddable":true,"href":"https:\/\/tabernaculoprensadedios.com\/web\/wp-json\/wp\/v2\/media\/34839"}],"wp:attachment":[{"href":"https:\/\/tabernaculoprensadedios.com\/web\/wp-json\/wp\/v2\/media?parent=34838"}],"wp:term":[{"taxonomy":"category","embeddable":true,"href":"https:\/\/tabernaculoprensadedios.com\/web\/wp-json\/wp\/v2\/categories?post=34838"},{"taxonomy":"post_tag","embeddable":true,"href":"https:\/\/tabernaculoprensadedios.com\/web\/wp-json\/wp\/v2\/tags?post=34838"}],"curies":[{"name":"wp","href":"https:\/\/api.w.org\/{rel}","templated":true}]}}