{"id":34835,"date":"2025-06-04T03:36:09","date_gmt":"2025-06-04T03:36:09","guid":{"rendered":"https:\/\/tabernaculoprensadedios.com\/web\/?p=34835"},"modified":"2025-06-04T03:36:09","modified_gmt":"2025-06-04T03:36:09","slug":"el-afan-por-la-admiracion-humana-una-enfermedad-que-solo-el-evangelio-sana","status":"publish","type":"post","link":"https:\/\/tabernaculoprensadedios.com\/web\/el-afan-por-la-admiracion-humana-una-enfermedad-que-solo-el-evangelio-sana\/","title":{"rendered":"El af\u00e1n por la admiraci\u00f3n humana. una enfermedad que s\u00f3lo el evangelio sana"},"content":{"rendered":"<p>Pablo anim\u00f3 a la iglesia en Corinto a ser de un mismo sentir en Cristo y a estar unidos. Ellos, seg\u00fan le informaron al ap\u00f3stol, estaban divididos porque algunos prefer\u00edan m\u00e1s a Pablo, otros a Apolos y otros a Pedro (1 Co 1:12-13). La fascinaci\u00f3n por el conocimiento y la sabidur\u00eda humana los hab\u00eda llevado a identificarse con el que, seg\u00fan su evaluaci\u00f3n, era el m\u00e1s importante entre los l\u00edderes de la iglesia.<\/p>\n<p>Esta identificaci\u00f3n estaba motivada por el deseo de estatus y sentido de valor que derivan de esos l\u00edderes. Los corintios cre\u00edan que su importancia individual estaba fundada en la relaci\u00f3n, cercan\u00eda o conexi\u00f3n que tuvieran con alguna figura sobresaliente. Identificarse con Pedro, Pablo o Apolos alimentaba sus aires de superioridad. Esta fue una sensaci\u00f3n tan fuerte que termin\u00f3 causando divisiones en la iglesia. En un sentido, la primera carta que tenemos de Pablo a los corintios est\u00e1 escrita para abordar y corregir esta actitud divisiva.<\/p>\n<p><strong>La enfermedad<br \/>\n<\/strong>Pablo, como un doctor, diagnostic\u00f3 la condici\u00f3n que padec\u00eda la iglesia de Corinto: ellos se gloriaban en algo incorrecto. Su valor, identidad y esperanza estaban sostenidos en el fundamento fr\u00e1gil de la reputaci\u00f3n personal y en el deseo de parecer m\u00e1s inteligentes que otros. La gloria de estos creyentes estaba en ser estimados como sabios ante los ojos de las dem\u00e1s personas.<\/p>\n<blockquote><p>Nuestra identidad y nuestro sentido de valor est\u00e1n fundados en la redenci\u00f3n que tenemos en Cristo<\/p><\/blockquote>\n<p>Desde el inicio de su carta, Pablo demuestra que dicha actitud no ten\u00eda sentido porque la verdadera sabidur\u00eda est\u00e1 en Jes\u00fas. Cristo es la sabidur\u00eda de Dios y todo aquel que est\u00e1 en \u00c9l es estimado como verdaderamente sabio (1 Co 1:24, 30). Aunque las personas de este mundo consideren el mensaje del Cristo crucificado como una estupidez (1:18), Jes\u00fas es la sabidur\u00eda, justificaci\u00f3n, santificaci\u00f3n y redenci\u00f3n de Dios para nosotros (v. 30).<\/p>\n<p>Nuestra aceptaci\u00f3n ante Dios depende totalmente de la obra de Cristo a nuestro favor. Tambi\u00e9n nuestro progreso en la fe proviene de \u00c9l. Toda nuestra justicia y santidad deriva de Cristo, quien las asegur\u00f3 en la cruz y son nuestra por la fe. As\u00ed que nuestra identidad y nuestro sentido de valor est\u00e1n fundados en la redenci\u00f3n que tenemos en Cristo. Si vamos a gloriarnos, que sea en el Se\u00f1or Jes\u00fas.<\/p>\n<p><strong>Los s\u00edntomas<br \/>\n<\/strong>Esta tentaci\u00f3n de gloriarnos en otras cosas aparte de Dios es tan antigua como el mundo mismo (Gn 3) y sigue latente en el coraz\u00f3n humano. Queremos ser estimados como sabios y entendidos para lograr la admiraci\u00f3n de las personas. Anhelamos ser tenidos como inteligentes ante los dem\u00e1s. Este deseo ejerce una profunda influencia en nosotros y por eso nos volvemos propensos a alabarnos, a hablar de nuestros logros y a buscar que nos reconozcan.<\/p>\n<p>Asimismo, no soportamos que personas semejantes a nosotros sean estimadas m\u00e1s sabias, sensatas y capaces que nosotros. Nos averg\u00fcenza reconocer que otras personas de nuestros c\u00edrculos sepan y conozcan m\u00e1s que nosotros. Por eso muchos buscan su sentido de valor en sus estudios, t\u00edtulos y logros acad\u00e9micos o por el conocimiento adquirido en alg\u00fan \u00e1rea. La profesi\u00f3n, la educaci\u00f3n, la elocuencia o la buena cultura es para muchos el fundamento de su gloria.<\/p>\n<blockquote><p>No tenemos que demostrar nada a nadie, solo confiar en lo que Dios dice y en lo que Cristo es para nosotros<\/p><\/blockquote>\n<p>Si somos cristianos sinceros, podremos reconocer que esa b\u00fasqueda por admiraci\u00f3n al final no nos conduce a nada bueno. \u00a1Cu\u00e1nto sufrimos por el orgullo de sentirnos inferiores a los dem\u00e1s! \u00a1Cu\u00e1nto dolor nos causa la arrogancia de querer ser estimados sabios por los dem\u00e1s! Cu\u00e1ntos pleitos, resentimientos y heridas nos evitar\u00edamos si entendemos que en Cristo ya somos estimados sabios por Dios. No tenemos que demostrar nada a nadie, solo confiar en lo que Dios dice y en lo que Cristo es para nosotros.<\/p>\n<p>El deseo de ser admirado es la triste raz\u00f3n por la que muchos cristianos buscan y adquieren buen conocimiento, pero no dejan que afecte su car\u00e1cter y conducta. Al contrario, se vuelven arrogantes y vanidosos. Es una pena que, para muchos creyentes, el conocimiento b\u00edblico no produzca la piedad correspondiente porque, una vez que aprenden algo valioso, se comparan con los dem\u00e1s en vez de mirarse con relaci\u00f3n a Dios. Es una pena que la gloria de muchos cristianos no est\u00e1 en saber, sino en sentir y demostrar que saben m\u00e1s que los dem\u00e1s.<\/p>\n<p>Si el conocimiento doctrinal y teol\u00f3gico no nos coloca delante de Dios para adorarle en humildad, entonces ser\u00e1 combustible para el orgullo y la vanidad. Si el conocimiento b\u00edblico no humilla al pecador, entonces exaltar\u00e1 su orgullo. El cristiano debe aprender para postrarse y adorar, no para estimarse superior a los dem\u00e1s. El que aprende y se humilla tendr\u00e1 una verdadera experiencia con Dios y entonces ser\u00e1 de bendici\u00f3n para aquellos que tiene a su alrededor.<\/p>\n<p>En esta misma l\u00ednea, el te\u00f3logo Jonathan Edwards escribi\u00f3: \u00abNo busques crecer en conocimiento principalmente por causa del aplauso, y para permitirte poder disputar con otros; b\u00fascalo para el beneficio de tu alma y para practicarlo. Pr\u00e1ctica de acuerdo con el conocimiento que tienes\u00bb (La pasi\u00f3n de Dios por su gloria, p. 70).<\/p>\n<p><strong>El remedio<br \/>\n<\/strong>Pablo prescribi\u00f3 el remedio que los corintios necesitaban: \u00abEl que se glor\u00eda, que se glor\u00ede en el Se\u00f1or\u00bb (1:31). Estas palabras son una cita del profeta Jerem\u00edas (Jr 9:23-24). La soluci\u00f3n al problema de los corintios estaba enteramente en el Redentor. Ellos deb\u00edan poner su gloria en el Se\u00f1or. El mismo evangelio que salva sigue ofreciendo a Cristo en la plenitud de Su persona salv\u00edfica, para ser visto, recibido y disfrutado como el ser m\u00e1s extraordinario.<\/p>\n<blockquote><p>Si el conocimiento doctrinal y teol\u00f3gico no nos coloca delante de Dios para adorarle en humildad, entonces ser\u00e1 combustible para el orgullo y la vanidad<\/p><\/blockquote>\n<p>El punto que Pablo nos quiere comunicar es: busquen su gloria en Dios y no en hombres mortales, falibles y limitados. Si\u00e9ntanse seguros y satisfechos en haber sido salvados por Cristo y en conocerlo. \u00c9l es la mayor y m\u00e1s completa posesi\u00f3n que tenemos. Jes\u00fas es superior a todo, incluso a toda la sabidur\u00eda y el conocimiento que el mundo pudiera acumular, porque \u00c9l es la verdadera sabidur\u00eda.<\/p>\n<p>Nada en esta tierra debe ser motivo de jactancia para los creyentes porque tenemos todo en Cristo. Qu\u00e9 infantil es que los hijos de Dios, teniendo todo en Jes\u00fas, persigamos la admiraci\u00f3n y el respeto de las personas. Qu\u00e9 insensatez que un redimido se jacte por las cosas que dice saber. En cambio, derivemos nuestro sentido de valor de lo que Cristo es para nosotros, porque en \u00c9l estamos completos (Col 2:10).<\/p>\n<p>Un coraz\u00f3n que ve y experimenta el valor de Cristo est\u00e1 tranquilo y confiado. Un hijo de Dios est\u00e1 satisfecho y seguro cuando tiene al Se\u00f1or como su mayor bien, cuando su identidad est\u00e1 en el Hijo de Dios.<\/p>\n<p>\u00a1Cu\u00e1nta paz y gozo experimenta el alma que hace de Cristo su gloria!<\/p>\n","protected":false},"excerpt":{"rendered":"<p>Pablo anim\u00f3 a la iglesia en Corinto a ser de un mismo sentir en Cristo y a estar unidos. Ellos, seg\u00fan le informaron al ap\u00f3stol, estaban divididos porque algunos prefer\u00edan m\u00e1s a Pablo, otros a Apolos y otros a Pedro (1 Co 1:12-13). La fascinaci\u00f3n por el conocimiento y la sabidur\u00eda humana los hab\u00eda llevado &hellip;<\/p>\n","protected":false},"author":1,"featured_media":34836,"comment_status":"open","ping_status":"open","sticky":false,"template":"","format":"standard","meta":{"footnotes":""},"categories":[34],"tags":[],"class_list":["post-34835","post","type-post","status-publish","format-standard","has-post-thumbnail","hentry","category-articulos"],"yoast_head":"<!-- This site is optimized with the Yoast SEO Premium plugin v24.2 (Yoast SEO v27.1.1) - https:\/\/yoast.com\/product\/yoast-seo-premium-wordpress\/ -->\n<title>El af\u00e1n por la admiraci\u00f3n humana. una enfermedad que s\u00f3lo el evangelio sana - Tabernaculo Prensa de Dios<\/title>\n<meta name=\"robots\" content=\"index, follow, max-snippet:-1, max-image-preview:large, max-video-preview:-1\" \/>\n<link rel=\"canonical\" href=\"https:\/\/tabernaculoprensadedios.com\/web\/el-afan-por-la-admiracion-humana-una-enfermedad-que-solo-el-evangelio-sana\/\" class=\"yoast-seo-meta-tag\" \/>\n<meta property=\"og:locale\" content=\"es_ES\" class=\"yoast-seo-meta-tag\" \/>\n<meta property=\"og:type\" content=\"article\" class=\"yoast-seo-meta-tag\" \/>\n<meta property=\"og:title\" content=\"El af\u00e1n por la admiraci\u00f3n humana. una enfermedad que s\u00f3lo el evangelio sana\" class=\"yoast-seo-meta-tag\" \/>\n<meta property=\"og:description\" content=\"Pablo anim\u00f3 a la iglesia en Corinto a ser de un mismo sentir en Cristo y a estar unidos. Ellos, seg\u00fan le informaron al ap\u00f3stol, estaban divididos porque algunos prefer\u00edan m\u00e1s a Pablo, otros a Apolos y otros a Pedro (1 Co 1:12-13). La fascinaci\u00f3n por el conocimiento y la sabidur\u00eda humana los hab\u00eda llevado &hellip;\" class=\"yoast-seo-meta-tag\" \/>\n<meta property=\"og:url\" content=\"https:\/\/tabernaculoprensadedios.com\/web\/el-afan-por-la-admiracion-humana-una-enfermedad-que-solo-el-evangelio-sana\/\" class=\"yoast-seo-meta-tag\" \/>\n<meta property=\"og:site_name\" content=\"Tabernaculo Prensa de Dios\" class=\"yoast-seo-meta-tag\" \/>\n<meta property=\"article:published_time\" content=\"2025-06-04T03:36:09+00:00\" class=\"yoast-seo-meta-tag\" \/>\n<meta property=\"og:image\" content=\"https:\/\/tabernaculoprensadedios.com\/web\/wp-content\/uploads\/2025\/06\/pxzweykdcui.avif\" class=\"yoast-seo-meta-tag\" \/>\n\t<meta property=\"og:image:width\" content=\"800\" class=\"yoast-seo-meta-tag\" \/>\n\t<meta property=\"og:image:height\" content=\"1200\" class=\"yoast-seo-meta-tag\" \/>\n\t<meta property=\"og:image:type\" content=\"image\/jpeg\" class=\"yoast-seo-meta-tag\" \/>\n<meta name=\"author\" content=\"tabernaculo\" class=\"yoast-seo-meta-tag\" \/>\n<meta name=\"twitter:card\" content=\"summary_large_image\" class=\"yoast-seo-meta-tag\" \/>\n<meta name=\"twitter:creator\" content=\"@PrensadeDios\" class=\"yoast-seo-meta-tag\" \/>\n<meta name=\"twitter:site\" content=\"@PrensadeDios\" class=\"yoast-seo-meta-tag\" \/>\n<meta name=\"twitter:label1\" content=\"Escrito por\" class=\"yoast-seo-meta-tag\" \/>\n\t<meta name=\"twitter:data1\" content=\"tabernaculo\" class=\"yoast-seo-meta-tag\" \/>\n\t<meta name=\"twitter:label2\" content=\"Tiempo de lectura\" class=\"yoast-seo-meta-tag\" \/>\n\t<meta name=\"twitter:data2\" content=\"6 minutos\" class=\"yoast-seo-meta-tag\" \/>\n<script type=\"application\/ld+json\" class=\"yoast-schema-graph\">{\"@context\":\"https:\/\/schema.org\",\"@graph\":[{\"@type\":\"Article\",\"@id\":\"https:\/\/tabernaculoprensadedios.com\/web\/el-afan-por-la-admiracion-humana-una-enfermedad-que-solo-el-evangelio-sana\/#article\",\"isPartOf\":{\"@id\":\"https:\/\/tabernaculoprensadedios.com\/web\/el-afan-por-la-admiracion-humana-una-enfermedad-que-solo-el-evangelio-sana\/\"},\"author\":{\"name\":\"tabernaculo\",\"@id\":\"https:\/\/tabernaculoprensadedios.com\/web\/#\/schema\/person\/bc0e069fef56b38e177db6f098ae0b6e\"},\"headline\":\"El af\u00e1n por la admiraci\u00f3n humana. una enfermedad que s\u00f3lo el evangelio sana\",\"datePublished\":\"2025-06-04T03:36:09+00:00\",\"mainEntityOfPage\":{\"@id\":\"https:\/\/tabernaculoprensadedios.com\/web\/el-afan-por-la-admiracion-humana-una-enfermedad-que-solo-el-evangelio-sana\/\"},\"wordCount\":1262,\"commentCount\":0,\"publisher\":{\"@id\":\"https:\/\/tabernaculoprensadedios.com\/web\/#\/schema\/person\/bc0e069fef56b38e177db6f098ae0b6e\"},\"image\":{\"@id\":\"https:\/\/tabernaculoprensadedios.com\/web\/el-afan-por-la-admiracion-humana-una-enfermedad-que-solo-el-evangelio-sana\/#primaryimage\"},\"thumbnailUrl\":\"https:\/\/tabernaculoprensadedios.com\/web\/wp-content\/uploads\/2025\/06\/pxzweykdcui.avif\",\"articleSection\":[\"Articulos\"],\"inLanguage\":\"es\",\"potentialAction\":[{\"@type\":\"CommentAction\",\"name\":\"Comment\",\"target\":[\"https:\/\/tabernaculoprensadedios.com\/web\/el-afan-por-la-admiracion-humana-una-enfermedad-que-solo-el-evangelio-sana\/#respond\"]}]},{\"@type\":\"WebPage\",\"@id\":\"https:\/\/tabernaculoprensadedios.com\/web\/el-afan-por-la-admiracion-humana-una-enfermedad-que-solo-el-evangelio-sana\/\",\"url\":\"https:\/\/tabernaculoprensadedios.com\/web\/el-afan-por-la-admiracion-humana-una-enfermedad-que-solo-el-evangelio-sana\/\",\"name\":\"El af\u00e1n por la admiraci\u00f3n humana. una enfermedad que s\u00f3lo el evangelio sana - Tabernaculo Prensa de Dios\",\"isPartOf\":{\"@id\":\"https:\/\/tabernaculoprensadedios.com\/web\/#website\"},\"primaryImageOfPage\":{\"@id\":\"https:\/\/tabernaculoprensadedios.com\/web\/el-afan-por-la-admiracion-humana-una-enfermedad-que-solo-el-evangelio-sana\/#primaryimage\"},\"image\":{\"@id\":\"https:\/\/tabernaculoprensadedios.com\/web\/el-afan-por-la-admiracion-humana-una-enfermedad-que-solo-el-evangelio-sana\/#primaryimage\"},\"thumbnailUrl\":\"https:\/\/tabernaculoprensadedios.com\/web\/wp-content\/uploads\/2025\/06\/pxzweykdcui.avif\",\"datePublished\":\"2025-06-04T03:36:09+00:00\",\"breadcrumb\":{\"@id\":\"https:\/\/tabernaculoprensadedios.com\/web\/el-afan-por-la-admiracion-humana-una-enfermedad-que-solo-el-evangelio-sana\/#breadcrumb\"},\"inLanguage\":\"es\",\"potentialAction\":[{\"@type\":\"ReadAction\",\"target\":[\"https:\/\/tabernaculoprensadedios.com\/web\/el-afan-por-la-admiracion-humana-una-enfermedad-que-solo-el-evangelio-sana\/\"]}]},{\"@type\":\"ImageObject\",\"inLanguage\":\"es\",\"@id\":\"https:\/\/tabernaculoprensadedios.com\/web\/el-afan-por-la-admiracion-humana-una-enfermedad-que-solo-el-evangelio-sana\/#primaryimage\",\"url\":\"https:\/\/tabernaculoprensadedios.com\/web\/wp-content\/uploads\/2025\/06\/pxzweykdcui.avif\",\"contentUrl\":\"https:\/\/tabernaculoprensadedios.com\/web\/wp-content\/uploads\/2025\/06\/pxzweykdcui.avif\",\"width\":800,\"height\":1200,\"caption\":\"pink and white umbrella hanging on the street\"},{\"@type\":\"BreadcrumbList\",\"@id\":\"https:\/\/tabernaculoprensadedios.com\/web\/el-afan-por-la-admiracion-humana-una-enfermedad-que-solo-el-evangelio-sana\/#breadcrumb\",\"itemListElement\":[{\"@type\":\"ListItem\",\"position\":1,\"name\":\"Portada\",\"item\":\"https:\/\/tabernaculoprensadedios.com\/web\/\"},{\"@type\":\"ListItem\",\"position\":2,\"name\":\"El af\u00e1n por la admiraci\u00f3n humana. una enfermedad que s\u00f3lo el evangelio sana\"}]},{\"@type\":\"WebSite\",\"@id\":\"https:\/\/tabernaculoprensadedios.com\/web\/#website\",\"url\":\"https:\/\/tabernaculoprensadedios.com\/web\/\",\"name\":\"Tabernaculo Prensa de Dios\",\"description\":\"Un medio a la manera de Dios\",\"publisher\":{\"@id\":\"https:\/\/tabernaculoprensadedios.com\/web\/#\/schema\/person\/bc0e069fef56b38e177db6f098ae0b6e\"},\"potentialAction\":[{\"@type\":\"SearchAction\",\"target\":{\"@type\":\"EntryPoint\",\"urlTemplate\":\"https:\/\/tabernaculoprensadedios.com\/web\/?s={search_term_string}\"},\"query-input\":{\"@type\":\"PropertyValueSpecification\",\"valueRequired\":true,\"valueName\":\"search_term_string\"}}],\"inLanguage\":\"es\"},{\"@type\":[\"Person\",\"Organization\"],\"@id\":\"https:\/\/tabernaculoprensadedios.com\/web\/#\/schema\/person\/bc0e069fef56b38e177db6f098ae0b6e\",\"name\":\"tabernaculo\",\"image\":{\"@type\":\"ImageObject\",\"inLanguage\":\"es\",\"@id\":\"https:\/\/tabernaculoprensadedios.com\/web\/#\/schema\/person\/image\/\",\"url\":\"https:\/\/tabernaculoprensadedios.com\/web\/wp-content\/uploads\/2015\/06\/login-logo1.png\",\"contentUrl\":\"https:\/\/tabernaculoprensadedios.com\/web\/wp-content\/uploads\/2015\/06\/login-logo1.png\",\"width\":300,\"height\":118,\"caption\":\"tabernaculo\"},\"logo\":{\"@id\":\"https:\/\/tabernaculoprensadedios.com\/web\/#\/schema\/person\/image\/\"},\"url\":\"https:\/\/tabernaculoprensadedios.com\/web\/author\/tabernaculo\/\"}]}<\/script>\n<!-- \/ Yoast SEO Premium plugin. -->","yoast_head_json":{"title":"El af\u00e1n por la admiraci\u00f3n humana. una enfermedad que s\u00f3lo el evangelio sana - Tabernaculo Prensa de Dios","robots":{"index":"index","follow":"follow","max-snippet":"max-snippet:-1","max-image-preview":"max-image-preview:large","max-video-preview":"max-video-preview:-1"},"canonical":"https:\/\/tabernaculoprensadedios.com\/web\/el-afan-por-la-admiracion-humana-una-enfermedad-que-solo-el-evangelio-sana\/","og_locale":"es_ES","og_type":"article","og_title":"El af\u00e1n por la admiraci\u00f3n humana. una enfermedad que s\u00f3lo el evangelio sana","og_description":"Pablo anim\u00f3 a la iglesia en Corinto a ser de un mismo sentir en Cristo y a estar unidos. Ellos, seg\u00fan le informaron al ap\u00f3stol, estaban divididos porque algunos prefer\u00edan m\u00e1s a Pablo, otros a Apolos y otros a Pedro (1 Co 1:12-13). La fascinaci\u00f3n por el conocimiento y la sabidur\u00eda humana los hab\u00eda llevado &hellip;","og_url":"https:\/\/tabernaculoprensadedios.com\/web\/el-afan-por-la-admiracion-humana-una-enfermedad-que-solo-el-evangelio-sana\/","og_site_name":"Tabernaculo Prensa de Dios","article_published_time":"2025-06-04T03:36:09+00:00","og_image":[{"width":800,"height":1200,"url":"https:\/\/tabernaculoprensadedios.com\/web\/wp-content\/uploads\/2025\/06\/pxzweykdcui.avif","type":"image\/jpeg"}],"author":"tabernaculo","twitter_card":"summary_large_image","twitter_creator":"@PrensadeDios","twitter_site":"@PrensadeDios","twitter_misc":{"Escrito por":"tabernaculo","Tiempo de lectura":"6 minutos"},"schema":{"@context":"https:\/\/schema.org","@graph":[{"@type":"Article","@id":"https:\/\/tabernaculoprensadedios.com\/web\/el-afan-por-la-admiracion-humana-una-enfermedad-que-solo-el-evangelio-sana\/#article","isPartOf":{"@id":"https:\/\/tabernaculoprensadedios.com\/web\/el-afan-por-la-admiracion-humana-una-enfermedad-que-solo-el-evangelio-sana\/"},"author":{"name":"tabernaculo","@id":"https:\/\/tabernaculoprensadedios.com\/web\/#\/schema\/person\/bc0e069fef56b38e177db6f098ae0b6e"},"headline":"El af\u00e1n por la admiraci\u00f3n humana. una enfermedad que s\u00f3lo el evangelio sana","datePublished":"2025-06-04T03:36:09+00:00","mainEntityOfPage":{"@id":"https:\/\/tabernaculoprensadedios.com\/web\/el-afan-por-la-admiracion-humana-una-enfermedad-que-solo-el-evangelio-sana\/"},"wordCount":1262,"commentCount":0,"publisher":{"@id":"https:\/\/tabernaculoprensadedios.com\/web\/#\/schema\/person\/bc0e069fef56b38e177db6f098ae0b6e"},"image":{"@id":"https:\/\/tabernaculoprensadedios.com\/web\/el-afan-por-la-admiracion-humana-una-enfermedad-que-solo-el-evangelio-sana\/#primaryimage"},"thumbnailUrl":"https:\/\/tabernaculoprensadedios.com\/web\/wp-content\/uploads\/2025\/06\/pxzweykdcui.avif","articleSection":["Articulos"],"inLanguage":"es","potentialAction":[{"@type":"CommentAction","name":"Comment","target":["https:\/\/tabernaculoprensadedios.com\/web\/el-afan-por-la-admiracion-humana-una-enfermedad-que-solo-el-evangelio-sana\/#respond"]}]},{"@type":"WebPage","@id":"https:\/\/tabernaculoprensadedios.com\/web\/el-afan-por-la-admiracion-humana-una-enfermedad-que-solo-el-evangelio-sana\/","url":"https:\/\/tabernaculoprensadedios.com\/web\/el-afan-por-la-admiracion-humana-una-enfermedad-que-solo-el-evangelio-sana\/","name":"El af\u00e1n por la admiraci\u00f3n humana. una enfermedad que s\u00f3lo el evangelio sana - Tabernaculo Prensa de Dios","isPartOf":{"@id":"https:\/\/tabernaculoprensadedios.com\/web\/#website"},"primaryImageOfPage":{"@id":"https:\/\/tabernaculoprensadedios.com\/web\/el-afan-por-la-admiracion-humana-una-enfermedad-que-solo-el-evangelio-sana\/#primaryimage"},"image":{"@id":"https:\/\/tabernaculoprensadedios.com\/web\/el-afan-por-la-admiracion-humana-una-enfermedad-que-solo-el-evangelio-sana\/#primaryimage"},"thumbnailUrl":"https:\/\/tabernaculoprensadedios.com\/web\/wp-content\/uploads\/2025\/06\/pxzweykdcui.avif","datePublished":"2025-06-04T03:36:09+00:00","breadcrumb":{"@id":"https:\/\/tabernaculoprensadedios.com\/web\/el-afan-por-la-admiracion-humana-una-enfermedad-que-solo-el-evangelio-sana\/#breadcrumb"},"inLanguage":"es","potentialAction":[{"@type":"ReadAction","target":["https:\/\/tabernaculoprensadedios.com\/web\/el-afan-por-la-admiracion-humana-una-enfermedad-que-solo-el-evangelio-sana\/"]}]},{"@type":"ImageObject","inLanguage":"es","@id":"https:\/\/tabernaculoprensadedios.com\/web\/el-afan-por-la-admiracion-humana-una-enfermedad-que-solo-el-evangelio-sana\/#primaryimage","url":"https:\/\/tabernaculoprensadedios.com\/web\/wp-content\/uploads\/2025\/06\/pxzweykdcui.avif","contentUrl":"https:\/\/tabernaculoprensadedios.com\/web\/wp-content\/uploads\/2025\/06\/pxzweykdcui.avif","width":800,"height":1200,"caption":"pink and white umbrella hanging on the street"},{"@type":"BreadcrumbList","@id":"https:\/\/tabernaculoprensadedios.com\/web\/el-afan-por-la-admiracion-humana-una-enfermedad-que-solo-el-evangelio-sana\/#breadcrumb","itemListElement":[{"@type":"ListItem","position":1,"name":"Portada","item":"https:\/\/tabernaculoprensadedios.com\/web\/"},{"@type":"ListItem","position":2,"name":"El af\u00e1n por la admiraci\u00f3n humana. una enfermedad que s\u00f3lo el evangelio sana"}]},{"@type":"WebSite","@id":"https:\/\/tabernaculoprensadedios.com\/web\/#website","url":"https:\/\/tabernaculoprensadedios.com\/web\/","name":"Tabernaculo Prensa de Dios","description":"Un medio a la manera de Dios","publisher":{"@id":"https:\/\/tabernaculoprensadedios.com\/web\/#\/schema\/person\/bc0e069fef56b38e177db6f098ae0b6e"},"potentialAction":[{"@type":"SearchAction","target":{"@type":"EntryPoint","urlTemplate":"https:\/\/tabernaculoprensadedios.com\/web\/?s={search_term_string}"},"query-input":{"@type":"PropertyValueSpecification","valueRequired":true,"valueName":"search_term_string"}}],"inLanguage":"es"},{"@type":["Person","Organization"],"@id":"https:\/\/tabernaculoprensadedios.com\/web\/#\/schema\/person\/bc0e069fef56b38e177db6f098ae0b6e","name":"tabernaculo","image":{"@type":"ImageObject","inLanguage":"es","@id":"https:\/\/tabernaculoprensadedios.com\/web\/#\/schema\/person\/image\/","url":"https:\/\/tabernaculoprensadedios.com\/web\/wp-content\/uploads\/2015\/06\/login-logo1.png","contentUrl":"https:\/\/tabernaculoprensadedios.com\/web\/wp-content\/uploads\/2015\/06\/login-logo1.png","width":300,"height":118,"caption":"tabernaculo"},"logo":{"@id":"https:\/\/tabernaculoprensadedios.com\/web\/#\/schema\/person\/image\/"},"url":"https:\/\/tabernaculoprensadedios.com\/web\/author\/tabernaculo\/"}]}},"_links":{"self":[{"href":"https:\/\/tabernaculoprensadedios.com\/web\/wp-json\/wp\/v2\/posts\/34835","targetHints":{"allow":["GET"]}}],"collection":[{"href":"https:\/\/tabernaculoprensadedios.com\/web\/wp-json\/wp\/v2\/posts"}],"about":[{"href":"https:\/\/tabernaculoprensadedios.com\/web\/wp-json\/wp\/v2\/types\/post"}],"author":[{"embeddable":true,"href":"https:\/\/tabernaculoprensadedios.com\/web\/wp-json\/wp\/v2\/users\/1"}],"replies":[{"embeddable":true,"href":"https:\/\/tabernaculoprensadedios.com\/web\/wp-json\/wp\/v2\/comments?post=34835"}],"version-history":[{"count":1,"href":"https:\/\/tabernaculoprensadedios.com\/web\/wp-json\/wp\/v2\/posts\/34835\/revisions"}],"predecessor-version":[{"id":34837,"href":"https:\/\/tabernaculoprensadedios.com\/web\/wp-json\/wp\/v2\/posts\/34835\/revisions\/34837"}],"wp:featuredmedia":[{"embeddable":true,"href":"https:\/\/tabernaculoprensadedios.com\/web\/wp-json\/wp\/v2\/media\/34836"}],"wp:attachment":[{"href":"https:\/\/tabernaculoprensadedios.com\/web\/wp-json\/wp\/v2\/media?parent=34835"}],"wp:term":[{"taxonomy":"category","embeddable":true,"href":"https:\/\/tabernaculoprensadedios.com\/web\/wp-json\/wp\/v2\/categories?post=34835"},{"taxonomy":"post_tag","embeddable":true,"href":"https:\/\/tabernaculoprensadedios.com\/web\/wp-json\/wp\/v2\/tags?post=34835"}],"curies":[{"name":"wp","href":"https:\/\/api.w.org\/{rel}","templated":true}]}}